{"id":1011,"date":"2017-08-01T11:14:59","date_gmt":"2017-08-01T14:14:59","guid":{"rendered":"http:\/\/todoalfalfa.com.ar\/?p=1011"},"modified":"2017-08-01T11:14:59","modified_gmt":"2017-08-01T14:14:59","slug":"festucosis-conocer-para-prevenir","status":"publish","type":"post","link":"https:\/\/www.todoalfalfa.com.ar\/noticias\/festucosis-conocer-para-prevenir\/","title":{"rendered":"Festucosis, conocer para prevenir"},"content":{"rendered":"<p>La Festuca alta (Festuca arundinacea) es una gram\u00ednea perenne de crecimiento oto\u00f1o-invierno-primavera, de gran valor forrajero por su gran plasticidad, producci\u00f3n y persistencia.<\/p>\n<p>Actualmente, se utiliza en las mezclas para la implantaci\u00f3n de pasturas en el sudeste bonaerense, y crece espont\u00e1neamente entre las comunidades de campo natural y banquinas de la Cuenca del Salado, entre otras zonas geogr\u00e1ficas.<\/p>\n<p>Pero este recurso forrajero presenta una caracter\u00edstica que, por un lado lo beneficia en su adaptaci\u00f3n al ambiente, pero por otro la vuelve problem\u00e1tica a la hora de su utilizaci\u00f3n como forraje.<\/p>\n<p>La Ing. Celina Borrajo, profesional del INTA Cuenca del Salado, coment\u00f3 \u201cla festuca puede estar infectada por el hongo end\u00f3fito Acremonium coenophialum, sin embargo, desde el punto de vista de la utilizaci\u00f3n como pastura, esta ventaja adaptativa es negativa. El hongo produce toxinas denominadas ergoalcaloides que provocan la intoxicaci\u00f3n del ganado, festucosis, con importantes p\u00e9rdidas productivas, seg\u00fan el grado de infecci\u00f3n de la pastura\u201d.<\/p>\n<p>La t\u00e9cnica explic\u00f3 que la planta de festuca infectada realiza una asociaci\u00f3n con beneficios para ambas especies. El hongo completa su ciclo biol\u00f3gico dentro de la planta infectando la semilla, mientras que la planta aumenta su resistencia a enfermedades, al ataque de insectos y de herb\u00edvoros.<\/p>\n<p>\u201cPor otro lado, logra mayor competencia por luz, agua y nutrientes incrementando su crecimiento y producci\u00f3n de semillas\u201d, dijo Borrajo, y concluy\u00f3, \u201cesta caracter\u00edstica puede ser uno de los motivos de su gran predominio y dispersi\u00f3n en banquinas, pastizales y pasturas\u201d.<\/p>\n<p><strong>Planificar para prevenir<\/strong><br \/>\n\u201cAnticip\u00e1ndonos a los meses cr\u00edticos del verano, ser\u00eda una buena idea monitorear el nivel de infecci\u00f3n de los potreros para evitar pastorear durante el verano festucas comprometidos por la infecci\u00f3n, en la medida que esto sea posible\u201d defini\u00f3 el Med. Vet. Joaqu\u00edn Armendano, becario de la Universidad Nacional de Mar del Plata, y continu\u00f3, \u201cun punto importante ser\u00eda conocer cu\u00e1l es el nivel de peligrosidad de las pasturas o niveles de infecci\u00f3n\u201d.<\/p>\n<p>Seg\u00fan el t\u00e9cnico, el nivel de infecci\u00f3n se determina cuantificando el porcentaje de plantas de festuca que est\u00e1n infectada con el hongo end\u00f3fito y conociendo adem\u00e1s que porcentaje representa esta forrajera en la consociaci\u00f3n de la pastura del potrero. \u201cEntre un 25 y 30% de plantas infectadas en el potrero es considerada una infecci\u00f3n moderada, mientras que mayor al 50% es una infecci\u00f3n severa\u201d enfatiz\u00f3 el profesional.<\/p>\n<p>En el caso de tener que utilizar durante el verano, por razones de manejo, pasturas infectadas, Armendano apunt\u00f3 que, cuando se deba hacer movimientos de hacienda, por ejemplo, para las vacunaciones obligatorias, se utilice informaci\u00f3n climatol\u00f3gica para evitar el desplazamiento en los d\u00edas y horas m\u00e1s c\u00e1lidas. Otro recaudo es pensar en proporcionar a los animales lugares de sobra y agua en cantidad y calidad. \u201cEstas simples acciones evitar\u00e1n problema severo de altas mortandades\u201d concluy\u00f3 Armendano.<\/p>\n<p><strong>Festucosis en verano<\/strong><br \/>\n\u201cCuando hablamos de problemas sanitarios en bovinos en verano, la festucosis es una vieja conocida\u201d coment\u00f3 Armendano, y explic\u00f3 que es notorio el incremento de la casu\u00edstica en los \u00faltimos veranos, que fueron m\u00e1s c\u00e1lidos, y con mayor ocurrencia de eventos clim\u00e1ticos extremos, como las olas de calor acontecidas en los \u00faltimos 4 o 5 a\u00f1os entre diciembre y enero principalmente.<\/p>\n<p>El profesional manifest\u00f3 que la festucosis es un trastorno que se caracteriza por afectar la capacidad del bovino de regular su temperatura corporal por lo cual se exacerba el efecto del ambiente c\u00e1lido.<\/p>\n<p>Armendano dijo \u201cyendo a los n\u00fameros, con alto niveles de infecci\u00f3n de hongos en las pasturas podremos llegar a tener entre el 25% y 100% de animales afectados cl\u00ednicamente. En caso de pasturas de festuca con alta infecci\u00f3n, la ocurrencia de olas de calor y\/o movimientos de la hacienda pueden conducir a cuadros muy severos que pueden llevar a una mortalidad de hasta un 15% a 20% del lote afectado\u201d, y enfatiz\u00f3, \u201ctenemos que tener presente que, sin llegar a los casos extremos, vamos a tener menores de ganancias de peso y baja eficiencia reproductiva, caracterizada por un bajo porcentaje de pre\u00f1ez\u201d.<\/p>\n<p>El becario manifest\u00f3 que cl\u00ednicamente se pueden observar animales agitados, que buscan fuentes de agua y sombra. Por otro lado, dependiendo del nivel de infecci\u00f3n de la pastura y las condiciones clim\u00e1ticas, tambi\u00e9n se pueden encontrar animales con agitaci\u00f3n severa, excesiva salivaci\u00f3n, respiraci\u00f3n con la boca abierta, y en casos extremos, muertos.<\/p>\n<p><strong>Jornada para informar<\/strong><br \/>\nConocer sobre esta especie, y su manejo, es esencial. Por esto el INTA Balcarce y el INTA Cuenca del Salado organizaron una jornada de capacitaci\u00f3n a llevarse a cabo el d\u00eda 3 de agosto, a partir de las 17 h, en el sal\u00f3n de la Uni\u00f3n \u00c1rabe de Balcarce, ubicada en la calle 16 N\u00ba 421.<\/p>\n<p>En la misma participar\u00e1n investigadores de ambas Estaciones Experimentales, Facultad de Ciencias Agrarias y actividad privada.<\/p>\n<p><em>Inscripciones: <a href=\"&#x6d;&#97;&#105;l&#x74;&#x6f;&#58;f&#x61;&#x61;&#98;a&#x6c;&#x63;&#97;r&#x63;&#x65;&#64;g&#x6d;&#x61;&#105;l&#x2e;&#x63;&#111;&#109;\">f&#97;&#97;&#x62;&#x61;lc&#97;&#114;&#x63;&#x65;&#64;g&#109;&#97;&#x69;&#x6c;&#46;c&#111;&#x6d;<\/a> \/ 02266-422560<\/em><\/p>\n<div class=\"todoalfalfa-final-de-la-nota\" id=\"todoalfalfa-1457876985\"><a href=\"https:\/\/www.whatsapp.com\/channel\/0029VbCBmFB9WtBxJsD3eC2i\" target=\"_blank\" aria-label=\"5\"><img src=\"https:\/\/i0.wp.com\/www.todoalfalfa.com.ar\/noticias\/wp-content\/uploads\/2026\/04\/5.gif?fit=728%2C90&#038;ssl=1\" alt=\"\"  width=\"728\" height=\"90\"   \/><\/a><\/div>","protected":false},"excerpt":{"rendered":"<p>La Festuca alta (Festuca arundinacea) es una gram&iacute;nea perenne de crecimiento oto&ntilde;o-invierno-primavera, de gran valor forrajero por su gran plasticidad,&#8230;<\/p>\n","protected":false},"author":3,"featured_media":1012,"comment_status":"closed","ping_status":"open","sticky":false,"template":"","format":"standard","meta":{"jetpack_post_was_ever_published":false,"_jetpack_newsletter_access":"","_jetpack_dont_email_post_to_subs":false,"_jetpack_newsletter_tier_id":0,"_jetpack_memberships_contains_paywalled_content":false,"_jetpack_memberships_contains_paid_content":false,"footnotes":""},"categories":[2],"tags":[155,154,40],"class_list":["post-1011","post","type-post","status-publish","format-standard","has-post-thumbnail","hentry","category-generales","tag-festuca","tag-festucosis","tag-prevencion"],"yoast_head":"<!-- This site is optimized with the Yoast SEO plugin v25.5 - https:\/\/yoast.com\/wordpress\/plugins\/seo\/ -->\n<title>Festucosis, conocer para prevenir<\/title>\n<meta name=\"robots\" content=\"index, follow, max-snippet:-1, max-image-preview:large, max-video-preview:-1\" \/>\n<link rel=\"canonical\" href=\"https:\/\/www.todoalfalfa.com.ar\/noticias\/festucosis-conocer-para-prevenir\/\" \/>\n<meta property=\"og:locale\" content=\"es_ES\" \/>\n<meta property=\"og:type\" content=\"article\" \/>\n<meta property=\"og:title\" content=\"Festucosis, conocer para prevenir\" \/>\n<meta property=\"og:description\" content=\"La Festuca alta (Festuca arundinacea) es una gram&iacute;nea perenne de crecimiento oto&ntilde;o-invierno-primavera, de gran valor forrajero por su gran plasticidad,...\" \/>\n<meta property=\"og:url\" content=\"https:\/\/www.todoalfalfa.com.ar\/noticias\/festucosis-conocer-para-prevenir\/\" \/>\n<meta property=\"og:site_name\" content=\"Todo Alfalfa\" \/>\n<meta property=\"article:publisher\" content=\"https:\/\/www.facebook.com\/todoalfalfa\" \/>\n<meta property=\"article:published_time\" content=\"2017-08-01T14:14:59+00:00\" \/>\n<meta property=\"og:image\" content=\"https:\/\/www.todoalfalfa.com.ar\/noticias\/wp-content\/uploads\/2017\/08\/festuca_campo.jpg\" \/>\n\t<meta property=\"og:image:width\" content=\"777\" \/>\n\t<meta property=\"og:image:height\" content=\"437\" \/>\n\t<meta property=\"og:image:type\" content=\"image\/jpeg\" \/>\n<meta name=\"author\" content=\"Todo Alfalfa\" \/>\n<meta name=\"twitter:card\" content=\"summary_large_image\" \/>\n<meta name=\"twitter:label1\" content=\"Escrito por\" \/>\n\t<meta name=\"twitter:data1\" content=\"Todo Alfalfa\" \/>\n\t<meta name=\"twitter:label2\" content=\"Tiempo de lectura\" \/>\n\t<meta name=\"twitter:data2\" content=\"4 minutos\" \/>\n<script type=\"application\/ld+json\" class=\"yoast-schema-graph\">{\"@context\":\"https:\/\/schema.org\",\"@graph\":[{\"@type\":\"NewsArticle\",\"@id\":\"https:\/\/www.todoalfalfa.com.ar\/noticias\/festucosis-conocer-para-prevenir\/#article\",\"isPartOf\":{\"@id\":\"https:\/\/www.todoalfalfa.com.ar\/noticias\/festucosis-conocer-para-prevenir\/\"},\"author\":{\"name\":\"Todo Alfalfa\",\"@id\":\"https:\/\/www.todoalfalfa.com.ar\/noticias\/#\/schema\/person\/4ee4bca9b9fa50c4f0fbaf7017fbf2ad\"},\"headline\":\"Festucosis, conocer para prevenir\",\"datePublished\":\"2017-08-01T14:14:59+00:00\",\"mainEntityOfPage\":{\"@id\":\"https:\/\/www.todoalfalfa.com.ar\/noticias\/festucosis-conocer-para-prevenir\/\"},\"wordCount\":852,\"publisher\":{\"@id\":\"https:\/\/www.todoalfalfa.com.ar\/noticias\/#organization\"},\"image\":{\"@id\":\"https:\/\/www.todoalfalfa.com.ar\/noticias\/festucosis-conocer-para-prevenir\/#primaryimage\"},\"thumbnailUrl\":\"https:\/\/i0.wp.com\/www.todoalfalfa.com.ar\/noticias\/wp-content\/uploads\/2017\/08\/festuca_campo.jpg?fit=777%2C437&ssl=1\",\"keywords\":[\"festuca\",\"festucosis\",\"prevenci\u00f3n\"],\"articleSection\":[\"Generales\"],\"inLanguage\":\"es\"},{\"@type\":[\"WebPage\",\"ItemPage\"],\"@id\":\"https:\/\/www.todoalfalfa.com.ar\/noticias\/festucosis-conocer-para-prevenir\/\",\"url\":\"https:\/\/www.todoalfalfa.com.ar\/noticias\/festucosis-conocer-para-prevenir\/\",\"name\":\"Festucosis, conocer para prevenir\",\"isPartOf\":{\"@id\":\"https:\/\/www.todoalfalfa.com.ar\/noticias\/#website\"},\"primaryImageOfPage\":{\"@id\":\"https:\/\/www.todoalfalfa.com.ar\/noticias\/festucosis-conocer-para-prevenir\/#primaryimage\"},\"image\":{\"@id\":\"https:\/\/www.todoalfalfa.com.ar\/noticias\/festucosis-conocer-para-prevenir\/#primaryimage\"},\"thumbnailUrl\":\"https:\/\/i0.wp.com\/www.todoalfalfa.com.ar\/noticias\/wp-content\/uploads\/2017\/08\/festuca_campo.jpg?fit=777%2C437&ssl=1\",\"datePublished\":\"2017-08-01T14:14:59+00:00\",\"breadcrumb\":{\"@id\":\"https:\/\/www.todoalfalfa.com.ar\/noticias\/festucosis-conocer-para-prevenir\/#breadcrumb\"},\"inLanguage\":\"es\",\"potentialAction\":[{\"@type\":\"ReadAction\",\"target\":[\"https:\/\/www.todoalfalfa.com.ar\/noticias\/festucosis-conocer-para-prevenir\/\"]}]},{\"@type\":\"ImageObject\",\"inLanguage\":\"es\",\"@id\":\"https:\/\/www.todoalfalfa.com.ar\/noticias\/festucosis-conocer-para-prevenir\/#primaryimage\",\"url\":\"https:\/\/i0.wp.com\/www.todoalfalfa.com.ar\/noticias\/wp-content\/uploads\/2017\/08\/festuca_campo.jpg?fit=777%2C437&ssl=1\",\"contentUrl\":\"https:\/\/i0.wp.com\/www.todoalfalfa.com.ar\/noticias\/wp-content\/uploads\/2017\/08\/festuca_campo.jpg?fit=777%2C437&ssl=1\",\"width\":777,\"height\":437},{\"@type\":\"BreadcrumbList\",\"@id\":\"https:\/\/www.todoalfalfa.com.ar\/noticias\/festucosis-conocer-para-prevenir\/#breadcrumb\",\"itemListElement\":[{\"@type\":\"ListItem\",\"position\":1,\"name\":\"Principal\",\"item\":\"https:\/\/www.todoalfalfa.com.ar\/noticias\/\"},{\"@type\":\"ListItem\",\"position\":2,\"name\":\"Festucosis, conocer para prevenir\"}]},{\"@type\":\"WebSite\",\"@id\":\"https:\/\/www.todoalfalfa.com.ar\/noticias\/#website\",\"url\":\"https:\/\/www.todoalfalfa.com.ar\/noticias\/\",\"name\":\"Todo Alfalfa\",\"description\":\"Web informativa de la cadena de la alfalfa argentina\",\"publisher\":{\"@id\":\"https:\/\/www.todoalfalfa.com.ar\/noticias\/#organization\"},\"potentialAction\":[{\"@type\":\"SearchAction\",\"target\":{\"@type\":\"EntryPoint\",\"urlTemplate\":\"https:\/\/www.todoalfalfa.com.ar\/noticias\/?s={search_term_string}\"},\"query-input\":{\"@type\":\"PropertyValueSpecification\",\"valueRequired\":true,\"valueName\":\"search_term_string\"}}],\"inLanguage\":\"es\"},{\"@type\":\"Organization\",\"@id\":\"https:\/\/www.todoalfalfa.com.ar\/noticias\/#organization\",\"name\":\"Todo Alfalfa\",\"url\":\"https:\/\/www.todoalfalfa.com.ar\/noticias\/\",\"logo\":{\"@type\":\"ImageObject\",\"inLanguage\":\"es\",\"@id\":\"https:\/\/www.todoalfalfa.com.ar\/noticias\/#\/schema\/logo\/image\/\",\"url\":\"https:\/\/www.todoalfalfa.com.ar\/noticias\/wp-content\/uploads\/2020\/09\/logo-todo-alfalfa-modificado.png\",\"contentUrl\":\"https:\/\/www.todoalfalfa.com.ar\/noticias\/wp-content\/uploads\/2020\/09\/logo-todo-alfalfa-modificado.png\",\"width\":350,\"height\":100,\"caption\":\"Todo Alfalfa\"},\"image\":{\"@id\":\"https:\/\/www.todoalfalfa.com.ar\/noticias\/#\/schema\/logo\/image\/\"},\"sameAs\":[\"https:\/\/www.facebook.com\/todoalfalfa\",\"https:\/\/www.instagram.com\/todoalfalfa\",\"https:\/\/www.youtube.com\/@TodoAlfalfa\",\"https:\/\/www.linkedin.com\/company\/todoalfalfa\/\"]},{\"@type\":\"Person\",\"@id\":\"https:\/\/www.todoalfalfa.com.ar\/noticias\/#\/schema\/person\/4ee4bca9b9fa50c4f0fbaf7017fbf2ad\",\"name\":\"Todo Alfalfa\",\"image\":{\"@type\":\"ImageObject\",\"inLanguage\":\"es\",\"@id\":\"https:\/\/www.todoalfalfa.com.ar\/noticias\/#\/schema\/person\/image\/\",\"url\":\"https:\/\/secure.gravatar.com\/avatar\/4d26a600a1380823a26c3f9cb74ada1a8ee4b482c0c3a616ab022b865c46be8f?s=96&d=mm&r=g\",\"contentUrl\":\"https:\/\/secure.gravatar.com\/avatar\/4d26a600a1380823a26c3f9cb74ada1a8ee4b482c0c3a616ab022b865c46be8f?s=96&d=mm&r=g\",\"caption\":\"Todo Alfalfa\"},\"sameAs\":[\"http:\/\/www.todoalfalfa.com.ar\"],\"url\":\"https:\/\/www.todoalfalfa.com.ar\/noticias\/author\/todoalfalfa\/\"}]}<\/script>\n<!-- \/ Yoast SEO plugin. -->","yoast_head_json":{"title":"Festucosis, conocer para prevenir","robots":{"index":"index","follow":"follow","max-snippet":"max-snippet:-1","max-image-preview":"max-image-preview:large","max-video-preview":"max-video-preview:-1"},"canonical":"https:\/\/www.todoalfalfa.com.ar\/noticias\/festucosis-conocer-para-prevenir\/","og_locale":"es_ES","og_type":"article","og_title":"Festucosis, conocer para prevenir","og_description":"La Festuca alta (Festuca arundinacea) es una gram&iacute;nea perenne de crecimiento oto&ntilde;o-invierno-primavera, de gran valor forrajero por su gran plasticidad,...","og_url":"https:\/\/www.todoalfalfa.com.ar\/noticias\/festucosis-conocer-para-prevenir\/","og_site_name":"Todo Alfalfa","article_publisher":"https:\/\/www.facebook.com\/todoalfalfa","article_published_time":"2017-08-01T14:14:59+00:00","og_image":[{"width":777,"height":437,"url":"https:\/\/www.todoalfalfa.com.ar\/noticias\/wp-content\/uploads\/2017\/08\/festuca_campo.jpg","type":"image\/jpeg"}],"author":"Todo Alfalfa","twitter_card":"summary_large_image","twitter_misc":{"Escrito por":"Todo Alfalfa","Tiempo de lectura":"4 minutos"},"schema":{"@context":"https:\/\/schema.org","@graph":[{"@type":"NewsArticle","@id":"https:\/\/www.todoalfalfa.com.ar\/noticias\/festucosis-conocer-para-prevenir\/#article","isPartOf":{"@id":"https:\/\/www.todoalfalfa.com.ar\/noticias\/festucosis-conocer-para-prevenir\/"},"author":{"name":"Todo Alfalfa","@id":"https:\/\/www.todoalfalfa.com.ar\/noticias\/#\/schema\/person\/4ee4bca9b9fa50c4f0fbaf7017fbf2ad"},"headline":"Festucosis, conocer para prevenir","datePublished":"2017-08-01T14:14:59+00:00","mainEntityOfPage":{"@id":"https:\/\/www.todoalfalfa.com.ar\/noticias\/festucosis-conocer-para-prevenir\/"},"wordCount":852,"publisher":{"@id":"https:\/\/www.todoalfalfa.com.ar\/noticias\/#organization"},"image":{"@id":"https:\/\/www.todoalfalfa.com.ar\/noticias\/festucosis-conocer-para-prevenir\/#primaryimage"},"thumbnailUrl":"https:\/\/i0.wp.com\/www.todoalfalfa.com.ar\/noticias\/wp-content\/uploads\/2017\/08\/festuca_campo.jpg?fit=777%2C437&ssl=1","keywords":["festuca","festucosis","prevenci\u00f3n"],"articleSection":["Generales"],"inLanguage":"es"},{"@type":["WebPage","ItemPage"],"@id":"https:\/\/www.todoalfalfa.com.ar\/noticias\/festucosis-conocer-para-prevenir\/","url":"https:\/\/www.todoalfalfa.com.ar\/noticias\/festucosis-conocer-para-prevenir\/","name":"Festucosis, conocer para prevenir","isPartOf":{"@id":"https:\/\/www.todoalfalfa.com.ar\/noticias\/#website"},"primaryImageOfPage":{"@id":"https:\/\/www.todoalfalfa.com.ar\/noticias\/festucosis-conocer-para-prevenir\/#primaryimage"},"image":{"@id":"https:\/\/www.todoalfalfa.com.ar\/noticias\/festucosis-conocer-para-prevenir\/#primaryimage"},"thumbnailUrl":"https:\/\/i0.wp.com\/www.todoalfalfa.com.ar\/noticias\/wp-content\/uploads\/2017\/08\/festuca_campo.jpg?fit=777%2C437&ssl=1","datePublished":"2017-08-01T14:14:59+00:00","breadcrumb":{"@id":"https:\/\/www.todoalfalfa.com.ar\/noticias\/festucosis-conocer-para-prevenir\/#breadcrumb"},"inLanguage":"es","potentialAction":[{"@type":"ReadAction","target":["https:\/\/www.todoalfalfa.com.ar\/noticias\/festucosis-conocer-para-prevenir\/"]}]},{"@type":"ImageObject","inLanguage":"es","@id":"https:\/\/www.todoalfalfa.com.ar\/noticias\/festucosis-conocer-para-prevenir\/#primaryimage","url":"https:\/\/i0.wp.com\/www.todoalfalfa.com.ar\/noticias\/wp-content\/uploads\/2017\/08\/festuca_campo.jpg?fit=777%2C437&ssl=1","contentUrl":"https:\/\/i0.wp.com\/www.todoalfalfa.com.ar\/noticias\/wp-content\/uploads\/2017\/08\/festuca_campo.jpg?fit=777%2C437&ssl=1","width":777,"height":437},{"@type":"BreadcrumbList","@id":"https:\/\/www.todoalfalfa.com.ar\/noticias\/festucosis-conocer-para-prevenir\/#breadcrumb","itemListElement":[{"@type":"ListItem","position":1,"name":"Principal","item":"https:\/\/www.todoalfalfa.com.ar\/noticias\/"},{"@type":"ListItem","position":2,"name":"Festucosis, conocer para prevenir"}]},{"@type":"WebSite","@id":"https:\/\/www.todoalfalfa.com.ar\/noticias\/#website","url":"https:\/\/www.todoalfalfa.com.ar\/noticias\/","name":"Todo Alfalfa","description":"Web informativa de la cadena de la alfalfa argentina","publisher":{"@id":"https:\/\/www.todoalfalfa.com.ar\/noticias\/#organization"},"potentialAction":[{"@type":"SearchAction","target":{"@type":"EntryPoint","urlTemplate":"https:\/\/www.todoalfalfa.com.ar\/noticias\/?s={search_term_string}"},"query-input":{"@type":"PropertyValueSpecification","valueRequired":true,"valueName":"search_term_string"}}],"inLanguage":"es"},{"@type":"Organization","@id":"https:\/\/www.todoalfalfa.com.ar\/noticias\/#organization","name":"Todo Alfalfa","url":"https:\/\/www.todoalfalfa.com.ar\/noticias\/","logo":{"@type":"ImageObject","inLanguage":"es","@id":"https:\/\/www.todoalfalfa.com.ar\/noticias\/#\/schema\/logo\/image\/","url":"https:\/\/www.todoalfalfa.com.ar\/noticias\/wp-content\/uploads\/2020\/09\/logo-todo-alfalfa-modificado.png","contentUrl":"https:\/\/www.todoalfalfa.com.ar\/noticias\/wp-content\/uploads\/2020\/09\/logo-todo-alfalfa-modificado.png","width":350,"height":100,"caption":"Todo Alfalfa"},"image":{"@id":"https:\/\/www.todoalfalfa.com.ar\/noticias\/#\/schema\/logo\/image\/"},"sameAs":["https:\/\/www.facebook.com\/todoalfalfa","https:\/\/www.instagram.com\/todoalfalfa","https:\/\/www.youtube.com\/@TodoAlfalfa","https:\/\/www.linkedin.com\/company\/todoalfalfa\/"]},{"@type":"Person","@id":"https:\/\/www.todoalfalfa.com.ar\/noticias\/#\/schema\/person\/4ee4bca9b9fa50c4f0fbaf7017fbf2ad","name":"Todo Alfalfa","image":{"@type":"ImageObject","inLanguage":"es","@id":"https:\/\/www.todoalfalfa.com.ar\/noticias\/#\/schema\/person\/image\/","url":"https:\/\/secure.gravatar.com\/avatar\/4d26a600a1380823a26c3f9cb74ada1a8ee4b482c0c3a616ab022b865c46be8f?s=96&d=mm&r=g","contentUrl":"https:\/\/secure.gravatar.com\/avatar\/4d26a600a1380823a26c3f9cb74ada1a8ee4b482c0c3a616ab022b865c46be8f?s=96&d=mm&r=g","caption":"Todo Alfalfa"},"sameAs":["http:\/\/www.todoalfalfa.com.ar"],"url":"https:\/\/www.todoalfalfa.com.ar\/noticias\/author\/todoalfalfa\/"}]}},"jetpack_featured_media_url":"https:\/\/i0.wp.com\/www.todoalfalfa.com.ar\/noticias\/wp-content\/uploads\/2017\/08\/festuca_campo.jpg?fit=777%2C437&ssl=1","wps_subtitle":"La Festuca es una especie muy utilizada en las pasturas consociadas, y se puede encontrar naturalizada en banquinas y pastizales naturales del sudeste bonaerense y Cuenca del Salado. Como forrajera, puede traer sus consecuencias en una mala utilizaci\u00f3n. Como anticiparse.","jetpack_sharing_enabled":true,"_links":{"self":[{"href":"https:\/\/www.todoalfalfa.com.ar\/noticias\/wp-json\/wp\/v2\/posts\/1011","targetHints":{"allow":["GET"]}}],"collection":[{"href":"https:\/\/www.todoalfalfa.com.ar\/noticias\/wp-json\/wp\/v2\/posts"}],"about":[{"href":"https:\/\/www.todoalfalfa.com.ar\/noticias\/wp-json\/wp\/v2\/types\/post"}],"author":[{"embeddable":true,"href":"https:\/\/www.todoalfalfa.com.ar\/noticias\/wp-json\/wp\/v2\/users\/3"}],"replies":[{"embeddable":true,"href":"https:\/\/www.todoalfalfa.com.ar\/noticias\/wp-json\/wp\/v2\/comments?post=1011"}],"version-history":[{"count":0,"href":"https:\/\/www.todoalfalfa.com.ar\/noticias\/wp-json\/wp\/v2\/posts\/1011\/revisions"}],"wp:featuredmedia":[{"embeddable":true,"href":"https:\/\/www.todoalfalfa.com.ar\/noticias\/wp-json\/wp\/v2\/media\/1012"}],"wp:attachment":[{"href":"https:\/\/www.todoalfalfa.com.ar\/noticias\/wp-json\/wp\/v2\/media?parent=1011"}],"wp:term":[{"taxonomy":"category","embeddable":true,"href":"https:\/\/www.todoalfalfa.com.ar\/noticias\/wp-json\/wp\/v2\/categories?post=1011"},{"taxonomy":"post_tag","embeddable":true,"href":"https:\/\/www.todoalfalfa.com.ar\/noticias\/wp-json\/wp\/v2\/tags?post=1011"}],"curies":[{"name":"wp","href":"https:\/\/api.w.org\/{rel}","templated":true}]}}