{"id":1047,"date":"2017-08-18T17:54:16","date_gmt":"2017-08-18T20:54:16","guid":{"rendered":"http:\/\/todoalfalfa.com.ar\/?p=1047"},"modified":"2017-08-18T17:54:16","modified_gmt":"2017-08-18T20:54:16","slug":"produccion-de-semillas-forrajeras-templadas-en-balcarce","status":"publish","type":"post","link":"https:\/\/www.todoalfalfa.com.ar\/noticias\/produccion-de-semillas-forrajeras-templadas-en-balcarce\/","title":{"rendered":"Producci\u00f3n de semillas forrajeras templadas en Balcarce"},"content":{"rendered":"<p>Se llevar\u00e1 adelante en la ciudad de Balcarce, provincia de Buenos Aires, el curso de producci\u00f3n de semillas forrajeras templadas. Contar\u00e1 con las disertaciones de la Ing. P. A. Mar\u00eda A\u00f1\u00f3n (CSBC), Ing. Agr. Juan Renzi (INTA Ascasubi), Ing. Agr. Diego de la Torre (INTA Balcarce) y Mar\u00eda Victoria De Giovanni (INASE) y abarcar\u00e1 tem\u00e1ticas acerca de los componentes del rendimiento de semilla; aspectos fisiol\u00f3gicos relevantes para la producci\u00f3n de semilla: macollaje, vernalizaci\u00f3n, maduraci\u00f3n, desgrane; principales t\u00e9cnicas de manejo de cultivo: defoliaci\u00f3n, fertilizaci\u00f3n, control de malezas, cosecha; y producci\u00f3n de semilla de las principales forrajeras (festuca \u2013 raigr\u00e1s \u2013 cebadilla \u2013 alfalfa -pasto ovillo &#8211; lotus).<\/p>\n<p>El encuentro se realizar\u00e1 en la EEA Balcarce y tendr\u00e1 una duraci\u00f3n de 16 hs, distribuidas entre ambos d\u00edas. Est\u00e1 dirigida a profesionales, asesores agropecuarios, productores y estudiantes.<\/p>\n<p>El cupo de asistencia es limitado a 35 asistentes y se requiere inscripci\u00f3n previa a <a href=\"&#109;&#x61;i&#108;&#x74;o&#58;&#x72;u&#x62;&#x65;&#114;&#x74;o&#46;&#x6d;o&#110;&#x69;c&#x61;&#x40;&#105;&#x6e;&#x74;&#97;&#x2e;g&#111;&#x62;&#46;&#97;&#x72;\">&#x72;&#x75;&#x62;&#x65;&#x72;&#x74;&#x6f;&#x2e;&#x6d;&#x6f;&#x6e;&#x69;&#x63;&#x61;&#x40;&#x69;&#x6e;&#x74;&#x61;&#x2e;&#x67;&#x6f;&#x62;&#x2e;&#x61;&#x72;<\/a> \/ (2266) 439104<\/p>\n<p><strong>Arancel<\/strong><br \/>\nProfesionales y Productores: $ 1.500<br \/>\nEstudiantes: $ 750 (el arancel incluye la entrega de\u00a0material impreso de apoyo).<\/p>\n<div class=\"todoalfalfa-final-de-la-nota\" id=\"todoalfalfa-4025251711\"><a href=\"https:\/\/www.whatsapp.com\/channel\/0029VbCBmFB9WtBxJsD3eC2i\" target=\"_blank\" aria-label=\"5\"><img src=\"https:\/\/i0.wp.com\/www.todoalfalfa.com.ar\/noticias\/wp-content\/uploads\/2026\/04\/5.gif?fit=728%2C90&#038;ssl=1\" alt=\"\"  width=\"728\" height=\"90\"   \/><\/a><\/div>","protected":false},"excerpt":{"rendered":"<p>Se llevar&aacute; adelante en la ciudad de Balcarce, provincia de Buenos Aires, el curso de producci&oacute;n de semillas forrajeras templadas&#8230;.<\/p>\n","protected":false},"author":3,"featured_media":1048,"comment_status":"closed","ping_status":"open","sticky":false,"template":"","format":"standard","meta":{"jetpack_post_was_ever_published":false,"_jetpack_newsletter_access":"","_jetpack_dont_email_post_to_subs":false,"_jetpack_newsletter_tier_id":0,"_jetpack_memberships_contains_paywalled_content":false,"_jetpack_memberships_contains_paid_content":false,"footnotes":""},"categories":[2],"tags":[165,166,114,164],"class_list":["post-1047","post","type-post","status-publish","format-standard","has-post-thumbnail","hentry","category-generales","tag-balcarce","tag-curso","tag-forrajeras","tag-templadas"],"yoast_head":"<!-- This site is optimized with the Yoast SEO plugin v25.5 - https:\/\/yoast.com\/wordpress\/plugins\/seo\/ -->\n<title>Producci\u00f3n de semillas forrajeras templadas en Balcarce<\/title>\n<meta name=\"robots\" content=\"index, follow, max-snippet:-1, max-image-preview:large, max-video-preview:-1\" \/>\n<link rel=\"canonical\" href=\"https:\/\/www.todoalfalfa.com.ar\/noticias\/produccion-de-semillas-forrajeras-templadas-en-balcarce\/\" \/>\n<meta property=\"og:locale\" content=\"es_ES\" \/>\n<meta property=\"og:type\" content=\"article\" \/>\n<meta property=\"og:title\" content=\"Producci\u00f3n de semillas forrajeras templadas en Balcarce\" \/>\n<meta property=\"og:description\" content=\"Se llevar&aacute; adelante en la ciudad de Balcarce, provincia de Buenos Aires, el curso de producci&oacute;n de semillas forrajeras templadas....\" \/>\n<meta property=\"og:url\" content=\"https:\/\/www.todoalfalfa.com.ar\/noticias\/produccion-de-semillas-forrajeras-templadas-en-balcarce\/\" \/>\n<meta property=\"og:site_name\" content=\"Todo Alfalfa\" \/>\n<meta property=\"article:publisher\" content=\"https:\/\/www.facebook.com\/todoalfalfa\" \/>\n<meta property=\"article:published_time\" content=\"2017-08-18T20:54:16+00:00\" \/>\n<meta property=\"og:image\" content=\"https:\/\/www.todoalfalfa.com.ar\/noticias\/wp-content\/uploads\/2017\/08\/semillasforrajeras2.jpg\" \/>\n\t<meta property=\"og:image:width\" content=\"777\" \/>\n\t<meta property=\"og:image:height\" content=\"437\" \/>\n\t<meta property=\"og:image:type\" content=\"image\/jpeg\" \/>\n<meta name=\"author\" content=\"Todo Alfalfa\" \/>\n<meta name=\"twitter:card\" content=\"summary_large_image\" \/>\n<meta name=\"twitter:label1\" content=\"Escrito por\" \/>\n\t<meta name=\"twitter:data1\" content=\"Todo Alfalfa\" \/>\n\t<meta name=\"twitter:label2\" content=\"Tiempo de lectura\" \/>\n\t<meta name=\"twitter:data2\" content=\"1 minuto\" \/>\n<script type=\"application\/ld+json\" class=\"yoast-schema-graph\">{\"@context\":\"https:\/\/schema.org\",\"@graph\":[{\"@type\":\"NewsArticle\",\"@id\":\"https:\/\/www.todoalfalfa.com.ar\/noticias\/produccion-de-semillas-forrajeras-templadas-en-balcarce\/#article\",\"isPartOf\":{\"@id\":\"https:\/\/www.todoalfalfa.com.ar\/noticias\/produccion-de-semillas-forrajeras-templadas-en-balcarce\/\"},\"author\":{\"name\":\"Todo Alfalfa\",\"@id\":\"https:\/\/www.todoalfalfa.com.ar\/noticias\/#\/schema\/person\/4ee4bca9b9fa50c4f0fbaf7017fbf2ad\"},\"headline\":\"Producci\u00f3n de semillas forrajeras templadas en Balcarce\",\"datePublished\":\"2017-08-18T20:54:16+00:00\",\"mainEntityOfPage\":{\"@id\":\"https:\/\/www.todoalfalfa.com.ar\/noticias\/produccion-de-semillas-forrajeras-templadas-en-balcarce\/\"},\"wordCount\":189,\"publisher\":{\"@id\":\"https:\/\/www.todoalfalfa.com.ar\/noticias\/#organization\"},\"image\":{\"@id\":\"https:\/\/www.todoalfalfa.com.ar\/noticias\/produccion-de-semillas-forrajeras-templadas-en-balcarce\/#primaryimage\"},\"thumbnailUrl\":\"https:\/\/i0.wp.com\/www.todoalfalfa.com.ar\/noticias\/wp-content\/uploads\/2017\/08\/semillasforrajeras2.jpg?fit=777%2C437&ssl=1\",\"keywords\":[\"balcarce\",\"curso\",\"forrajeras\",\"templadas\"],\"articleSection\":[\"Generales\"],\"inLanguage\":\"es\"},{\"@type\":[\"WebPage\",\"ItemPage\"],\"@id\":\"https:\/\/www.todoalfalfa.com.ar\/noticias\/produccion-de-semillas-forrajeras-templadas-en-balcarce\/\",\"url\":\"https:\/\/www.todoalfalfa.com.ar\/noticias\/produccion-de-semillas-forrajeras-templadas-en-balcarce\/\",\"name\":\"Producci\u00f3n de semillas forrajeras templadas en Balcarce\",\"isPartOf\":{\"@id\":\"https:\/\/www.todoalfalfa.com.ar\/noticias\/#website\"},\"primaryImageOfPage\":{\"@id\":\"https:\/\/www.todoalfalfa.com.ar\/noticias\/produccion-de-semillas-forrajeras-templadas-en-balcarce\/#primaryimage\"},\"image\":{\"@id\":\"https:\/\/www.todoalfalfa.com.ar\/noticias\/produccion-de-semillas-forrajeras-templadas-en-balcarce\/#primaryimage\"},\"thumbnailUrl\":\"https:\/\/i0.wp.com\/www.todoalfalfa.com.ar\/noticias\/wp-content\/uploads\/2017\/08\/semillasforrajeras2.jpg?fit=777%2C437&ssl=1\",\"datePublished\":\"2017-08-18T20:54:16+00:00\",\"breadcrumb\":{\"@id\":\"https:\/\/www.todoalfalfa.com.ar\/noticias\/produccion-de-semillas-forrajeras-templadas-en-balcarce\/#breadcrumb\"},\"inLanguage\":\"es\",\"potentialAction\":[{\"@type\":\"ReadAction\",\"target\":[\"https:\/\/www.todoalfalfa.com.ar\/noticias\/produccion-de-semillas-forrajeras-templadas-en-balcarce\/\"]}]},{\"@type\":\"ImageObject\",\"inLanguage\":\"es\",\"@id\":\"https:\/\/www.todoalfalfa.com.ar\/noticias\/produccion-de-semillas-forrajeras-templadas-en-balcarce\/#primaryimage\",\"url\":\"https:\/\/i0.wp.com\/www.todoalfalfa.com.ar\/noticias\/wp-content\/uploads\/2017\/08\/semillasforrajeras2.jpg?fit=777%2C437&ssl=1\",\"contentUrl\":\"https:\/\/i0.wp.com\/www.todoalfalfa.com.ar\/noticias\/wp-content\/uploads\/2017\/08\/semillasforrajeras2.jpg?fit=777%2C437&ssl=1\",\"width\":777,\"height\":437},{\"@type\":\"BreadcrumbList\",\"@id\":\"https:\/\/www.todoalfalfa.com.ar\/noticias\/produccion-de-semillas-forrajeras-templadas-en-balcarce\/#breadcrumb\",\"itemListElement\":[{\"@type\":\"ListItem\",\"position\":1,\"name\":\"Principal\",\"item\":\"https:\/\/www.todoalfalfa.com.ar\/noticias\/\"},{\"@type\":\"ListItem\",\"position\":2,\"name\":\"Producci\u00f3n de semillas forrajeras templadas en Balcarce\"}]},{\"@type\":\"WebSite\",\"@id\":\"https:\/\/www.todoalfalfa.com.ar\/noticias\/#website\",\"url\":\"https:\/\/www.todoalfalfa.com.ar\/noticias\/\",\"name\":\"Todo Alfalfa\",\"description\":\"Web informativa de la cadena de la alfalfa argentina\",\"publisher\":{\"@id\":\"https:\/\/www.todoalfalfa.com.ar\/noticias\/#organization\"},\"potentialAction\":[{\"@type\":\"SearchAction\",\"target\":{\"@type\":\"EntryPoint\",\"urlTemplate\":\"https:\/\/www.todoalfalfa.com.ar\/noticias\/?s={search_term_string}\"},\"query-input\":{\"@type\":\"PropertyValueSpecification\",\"valueRequired\":true,\"valueName\":\"search_term_string\"}}],\"inLanguage\":\"es\"},{\"@type\":\"Organization\",\"@id\":\"https:\/\/www.todoalfalfa.com.ar\/noticias\/#organization\",\"name\":\"Todo Alfalfa\",\"url\":\"https:\/\/www.todoalfalfa.com.ar\/noticias\/\",\"logo\":{\"@type\":\"ImageObject\",\"inLanguage\":\"es\",\"@id\":\"https:\/\/www.todoalfalfa.com.ar\/noticias\/#\/schema\/logo\/image\/\",\"url\":\"https:\/\/www.todoalfalfa.com.ar\/noticias\/wp-content\/uploads\/2020\/09\/logo-todo-alfalfa-modificado.png\",\"contentUrl\":\"https:\/\/www.todoalfalfa.com.ar\/noticias\/wp-content\/uploads\/2020\/09\/logo-todo-alfalfa-modificado.png\",\"width\":350,\"height\":100,\"caption\":\"Todo Alfalfa\"},\"image\":{\"@id\":\"https:\/\/www.todoalfalfa.com.ar\/noticias\/#\/schema\/logo\/image\/\"},\"sameAs\":[\"https:\/\/www.facebook.com\/todoalfalfa\",\"https:\/\/www.instagram.com\/todoalfalfa\",\"https:\/\/www.youtube.com\/@TodoAlfalfa\",\"https:\/\/www.linkedin.com\/company\/todoalfalfa\/\"]},{\"@type\":\"Person\",\"@id\":\"https:\/\/www.todoalfalfa.com.ar\/noticias\/#\/schema\/person\/4ee4bca9b9fa50c4f0fbaf7017fbf2ad\",\"name\":\"Todo Alfalfa\",\"image\":{\"@type\":\"ImageObject\",\"inLanguage\":\"es\",\"@id\":\"https:\/\/www.todoalfalfa.com.ar\/noticias\/#\/schema\/person\/image\/\",\"url\":\"https:\/\/secure.gravatar.com\/avatar\/4d26a600a1380823a26c3f9cb74ada1a8ee4b482c0c3a616ab022b865c46be8f?s=96&d=mm&r=g\",\"contentUrl\":\"https:\/\/secure.gravatar.com\/avatar\/4d26a600a1380823a26c3f9cb74ada1a8ee4b482c0c3a616ab022b865c46be8f?s=96&d=mm&r=g\",\"caption\":\"Todo Alfalfa\"},\"sameAs\":[\"http:\/\/www.todoalfalfa.com.ar\"],\"url\":\"https:\/\/www.todoalfalfa.com.ar\/noticias\/author\/todoalfalfa\/\"}]}<\/script>\n<!-- \/ Yoast SEO plugin. -->","yoast_head_json":{"title":"Producci\u00f3n de semillas forrajeras templadas en Balcarce","robots":{"index":"index","follow":"follow","max-snippet":"max-snippet:-1","max-image-preview":"max-image-preview:large","max-video-preview":"max-video-preview:-1"},"canonical":"https:\/\/www.todoalfalfa.com.ar\/noticias\/produccion-de-semillas-forrajeras-templadas-en-balcarce\/","og_locale":"es_ES","og_type":"article","og_title":"Producci\u00f3n de semillas forrajeras templadas en Balcarce","og_description":"Se llevar&aacute; adelante en la ciudad de Balcarce, provincia de Buenos Aires, el curso de producci&oacute;n de semillas forrajeras templadas....","og_url":"https:\/\/www.todoalfalfa.com.ar\/noticias\/produccion-de-semillas-forrajeras-templadas-en-balcarce\/","og_site_name":"Todo Alfalfa","article_publisher":"https:\/\/www.facebook.com\/todoalfalfa","article_published_time":"2017-08-18T20:54:16+00:00","og_image":[{"width":777,"height":437,"url":"https:\/\/www.todoalfalfa.com.ar\/noticias\/wp-content\/uploads\/2017\/08\/semillasforrajeras2.jpg","type":"image\/jpeg"}],"author":"Todo Alfalfa","twitter_card":"summary_large_image","twitter_misc":{"Escrito por":"Todo Alfalfa","Tiempo de lectura":"1 minuto"},"schema":{"@context":"https:\/\/schema.org","@graph":[{"@type":"NewsArticle","@id":"https:\/\/www.todoalfalfa.com.ar\/noticias\/produccion-de-semillas-forrajeras-templadas-en-balcarce\/#article","isPartOf":{"@id":"https:\/\/www.todoalfalfa.com.ar\/noticias\/produccion-de-semillas-forrajeras-templadas-en-balcarce\/"},"author":{"name":"Todo Alfalfa","@id":"https:\/\/www.todoalfalfa.com.ar\/noticias\/#\/schema\/person\/4ee4bca9b9fa50c4f0fbaf7017fbf2ad"},"headline":"Producci\u00f3n de semillas forrajeras templadas en Balcarce","datePublished":"2017-08-18T20:54:16+00:00","mainEntityOfPage":{"@id":"https:\/\/www.todoalfalfa.com.ar\/noticias\/produccion-de-semillas-forrajeras-templadas-en-balcarce\/"},"wordCount":189,"publisher":{"@id":"https:\/\/www.todoalfalfa.com.ar\/noticias\/#organization"},"image":{"@id":"https:\/\/www.todoalfalfa.com.ar\/noticias\/produccion-de-semillas-forrajeras-templadas-en-balcarce\/#primaryimage"},"thumbnailUrl":"https:\/\/i0.wp.com\/www.todoalfalfa.com.ar\/noticias\/wp-content\/uploads\/2017\/08\/semillasforrajeras2.jpg?fit=777%2C437&ssl=1","keywords":["balcarce","curso","forrajeras","templadas"],"articleSection":["Generales"],"inLanguage":"es"},{"@type":["WebPage","ItemPage"],"@id":"https:\/\/www.todoalfalfa.com.ar\/noticias\/produccion-de-semillas-forrajeras-templadas-en-balcarce\/","url":"https:\/\/www.todoalfalfa.com.ar\/noticias\/produccion-de-semillas-forrajeras-templadas-en-balcarce\/","name":"Producci\u00f3n de semillas forrajeras templadas en Balcarce","isPartOf":{"@id":"https:\/\/www.todoalfalfa.com.ar\/noticias\/#website"},"primaryImageOfPage":{"@id":"https:\/\/www.todoalfalfa.com.ar\/noticias\/produccion-de-semillas-forrajeras-templadas-en-balcarce\/#primaryimage"},"image":{"@id":"https:\/\/www.todoalfalfa.com.ar\/noticias\/produccion-de-semillas-forrajeras-templadas-en-balcarce\/#primaryimage"},"thumbnailUrl":"https:\/\/i0.wp.com\/www.todoalfalfa.com.ar\/noticias\/wp-content\/uploads\/2017\/08\/semillasforrajeras2.jpg?fit=777%2C437&ssl=1","datePublished":"2017-08-18T20:54:16+00:00","breadcrumb":{"@id":"https:\/\/www.todoalfalfa.com.ar\/noticias\/produccion-de-semillas-forrajeras-templadas-en-balcarce\/#breadcrumb"},"inLanguage":"es","potentialAction":[{"@type":"ReadAction","target":["https:\/\/www.todoalfalfa.com.ar\/noticias\/produccion-de-semillas-forrajeras-templadas-en-balcarce\/"]}]},{"@type":"ImageObject","inLanguage":"es","@id":"https:\/\/www.todoalfalfa.com.ar\/noticias\/produccion-de-semillas-forrajeras-templadas-en-balcarce\/#primaryimage","url":"https:\/\/i0.wp.com\/www.todoalfalfa.com.ar\/noticias\/wp-content\/uploads\/2017\/08\/semillasforrajeras2.jpg?fit=777%2C437&ssl=1","contentUrl":"https:\/\/i0.wp.com\/www.todoalfalfa.com.ar\/noticias\/wp-content\/uploads\/2017\/08\/semillasforrajeras2.jpg?fit=777%2C437&ssl=1","width":777,"height":437},{"@type":"BreadcrumbList","@id":"https:\/\/www.todoalfalfa.com.ar\/noticias\/produccion-de-semillas-forrajeras-templadas-en-balcarce\/#breadcrumb","itemListElement":[{"@type":"ListItem","position":1,"name":"Principal","item":"https:\/\/www.todoalfalfa.com.ar\/noticias\/"},{"@type":"ListItem","position":2,"name":"Producci\u00f3n de semillas forrajeras templadas en Balcarce"}]},{"@type":"WebSite","@id":"https:\/\/www.todoalfalfa.com.ar\/noticias\/#website","url":"https:\/\/www.todoalfalfa.com.ar\/noticias\/","name":"Todo Alfalfa","description":"Web informativa de la cadena de la alfalfa argentina","publisher":{"@id":"https:\/\/www.todoalfalfa.com.ar\/noticias\/#organization"},"potentialAction":[{"@type":"SearchAction","target":{"@type":"EntryPoint","urlTemplate":"https:\/\/www.todoalfalfa.com.ar\/noticias\/?s={search_term_string}"},"query-input":{"@type":"PropertyValueSpecification","valueRequired":true,"valueName":"search_term_string"}}],"inLanguage":"es"},{"@type":"Organization","@id":"https:\/\/www.todoalfalfa.com.ar\/noticias\/#organization","name":"Todo Alfalfa","url":"https:\/\/www.todoalfalfa.com.ar\/noticias\/","logo":{"@type":"ImageObject","inLanguage":"es","@id":"https:\/\/www.todoalfalfa.com.ar\/noticias\/#\/schema\/logo\/image\/","url":"https:\/\/www.todoalfalfa.com.ar\/noticias\/wp-content\/uploads\/2020\/09\/logo-todo-alfalfa-modificado.png","contentUrl":"https:\/\/www.todoalfalfa.com.ar\/noticias\/wp-content\/uploads\/2020\/09\/logo-todo-alfalfa-modificado.png","width":350,"height":100,"caption":"Todo Alfalfa"},"image":{"@id":"https:\/\/www.todoalfalfa.com.ar\/noticias\/#\/schema\/logo\/image\/"},"sameAs":["https:\/\/www.facebook.com\/todoalfalfa","https:\/\/www.instagram.com\/todoalfalfa","https:\/\/www.youtube.com\/@TodoAlfalfa","https:\/\/www.linkedin.com\/company\/todoalfalfa\/"]},{"@type":"Person","@id":"https:\/\/www.todoalfalfa.com.ar\/noticias\/#\/schema\/person\/4ee4bca9b9fa50c4f0fbaf7017fbf2ad","name":"Todo Alfalfa","image":{"@type":"ImageObject","inLanguage":"es","@id":"https:\/\/www.todoalfalfa.com.ar\/noticias\/#\/schema\/person\/image\/","url":"https:\/\/secure.gravatar.com\/avatar\/4d26a600a1380823a26c3f9cb74ada1a8ee4b482c0c3a616ab022b865c46be8f?s=96&d=mm&r=g","contentUrl":"https:\/\/secure.gravatar.com\/avatar\/4d26a600a1380823a26c3f9cb74ada1a8ee4b482c0c3a616ab022b865c46be8f?s=96&d=mm&r=g","caption":"Todo Alfalfa"},"sameAs":["http:\/\/www.todoalfalfa.com.ar"],"url":"https:\/\/www.todoalfalfa.com.ar\/noticias\/author\/todoalfalfa\/"}]}},"jetpack_featured_media_url":"https:\/\/i0.wp.com\/www.todoalfalfa.com.ar\/noticias\/wp-content\/uploads\/2017\/08\/semillasforrajeras2.jpg?fit=777%2C437&ssl=1","wps_subtitle":"El INTA organiza para el 28 y 29 de agosto este curso, que tiene por objetivo dar a conocer y aplicar correctamente las tecnolog\u00edas para producir semilla de las principales forrajeras templadas.","jetpack_sharing_enabled":true,"_links":{"self":[{"href":"https:\/\/www.todoalfalfa.com.ar\/noticias\/wp-json\/wp\/v2\/posts\/1047","targetHints":{"allow":["GET"]}}],"collection":[{"href":"https:\/\/www.todoalfalfa.com.ar\/noticias\/wp-json\/wp\/v2\/posts"}],"about":[{"href":"https:\/\/www.todoalfalfa.com.ar\/noticias\/wp-json\/wp\/v2\/types\/post"}],"author":[{"embeddable":true,"href":"https:\/\/www.todoalfalfa.com.ar\/noticias\/wp-json\/wp\/v2\/users\/3"}],"replies":[{"embeddable":true,"href":"https:\/\/www.todoalfalfa.com.ar\/noticias\/wp-json\/wp\/v2\/comments?post=1047"}],"version-history":[{"count":0,"href":"https:\/\/www.todoalfalfa.com.ar\/noticias\/wp-json\/wp\/v2\/posts\/1047\/revisions"}],"wp:featuredmedia":[{"embeddable":true,"href":"https:\/\/www.todoalfalfa.com.ar\/noticias\/wp-json\/wp\/v2\/media\/1048"}],"wp:attachment":[{"href":"https:\/\/www.todoalfalfa.com.ar\/noticias\/wp-json\/wp\/v2\/media?parent=1047"}],"wp:term":[{"taxonomy":"category","embeddable":true,"href":"https:\/\/www.todoalfalfa.com.ar\/noticias\/wp-json\/wp\/v2\/categories?post=1047"},{"taxonomy":"post_tag","embeddable":true,"href":"https:\/\/www.todoalfalfa.com.ar\/noticias\/wp-json\/wp\/v2\/tags?post=1047"}],"curies":[{"name":"wp","href":"https:\/\/api.w.org\/{rel}","templated":true}]}}