{"id":1079,"date":"2017-09-05T09:06:07","date_gmt":"2017-09-05T12:06:07","guid":{"rendered":"http:\/\/todoalfalfa.com.ar\/?p=1079"},"modified":"2017-09-05T09:06:07","modified_gmt":"2017-09-05T12:06:07","slug":"efecto-de-la-fertilizacion-de-festuca-y-alfalfa-y-su-mezcla-con-raigras-anual","status":"publish","type":"post","link":"https:\/\/www.todoalfalfa.com.ar\/noticias\/efecto-de-la-fertilizacion-de-festuca-y-alfalfa-y-su-mezcla-con-raigras-anual\/","title":{"rendered":"Efecto de la fertilizaci\u00f3n de festuca y alfalfa y su mezcla con raigr\u00e1s anual"},"content":{"rendered":"<p>La festuca es una gram\u00ednea perenne de crecimiento oto\u00f1o-invierno-primavera, de gran valor forrajero por su gran plasticidad, producci\u00f3n y persistencia, de frecuente crecimiento espont\u00e1neo entre las comunidades de campo natural y banquinas.<\/p>\n<p>Asociadas a las pasturas de alfalfa, son utilizadas en rotaciones agr\u00edcola -ganaderas en campos mixtos de la regi\u00f3n de la Cuenca del Salado, dado que esta mezcla brinda forraje todo el a\u00f1o con producci\u00f3n de festuca en oto\u00f1o-primaveral y de alfalfa primavero-estival.<\/p>\n<p>En los sistemas productivos \u201ces frecuente que para disminuir el tiempo al primer pastoreo y aumentar la producci\u00f3n del primer invierno se agregue raigr\u00e1s anual en la mezcla\u201d, explican los t\u00e9cnicos de la Estaci\u00f3n Experimental Cuenca del Salado del INTA. Sin embargo, advierten que \u201cel raigr\u00e1s puede afectar la implantaci\u00f3n de las especies perennes\u201d.<\/p>\n<p>Dada la baja disponibilidad y escasa movilidad de f\u00f3sforo en el suelo los referentes del INTA sugieren la fertilizaci\u00f3n fosforada (P) a la siembra, recomendando que la fertilizaci\u00f3n nitrogenada (N)\u00a0 &#8211; nutriente de gran movilidad y f\u00e1cil de perder &#8211;\u00a0 se realice una vez que la pastura est\u00e1 implantada y se desea potenciar el crecimiento\u201d.<\/p>\n<p>Con el objetivo de \u201ccomparar la implantaci\u00f3n y producci\u00f3n del primer a\u00f1o de una pastura base festuca y alfalfa, con y sin raigr\u00e1s anual, y con diferente fertilizaci\u00f3n de f\u00f3sforo y nitr\u00f3geno, cultivada en sistemas reales de producci\u00f3n ganadera bovina, t\u00e9cnicos de la Estaci\u00f3n Experimental Cuenca del Salado del INTA realizaron un trabajo.<\/p>\n<p>Como parte del estudio, \u201cen el a\u00f1o 2016 se plante\u00f3 un ensayo para evaluar el efecto del raigr\u00e1s sobre una pastura base alfalfa y festuca en un establecimiento rural del partido de Azul, sobre un lote con un suelo Argiudol t\u00edpico, que estaba en rotaci\u00f3n agr\u00edcola desde hace 8 a\u00f1os, con trigo como cultivo antecesor. En el mes de febrero \u201cse realiz\u00f3 un barbecho qu\u00edmico y a principios de marzo se sembr\u00f3 la pastura conformada por especies de alfalfa Medicago sativa cv. La Victoria (A), festuca arundin\u00e1cea cv. Royal Q100 (F) y \u00a0se agreg\u00f3 en un tratamiento raigr\u00e1s Lolium multiflorum La Estanzuela (Ra).<\/p>\n<p>La siembra se realiz\u00f3 \u201ccon una sembradora de directa en l\u00edneas a 17,5 cm., fertilizando con fosfato monoam\u00f3nico (MAP). Seg\u00fan detallan los t\u00e9cnicos del INTA \u201cse utiliz\u00f3 una densidad total de 26 kg.ha-1 de las mezclas (Cuadro 1).<\/p>\n<p><img data-recalc-dims=\"1\" fetchpriority=\"high\" decoding=\"async\" class=\"alignnone wp-image-1080 size-full\" src=\"https:\/\/i0.wp.com\/todoalfalfa.com.ar\/wp-content\/uploads\/2017\/09\/cuadrointacuenca1.jpg?resize=652%2C311&#038;ssl=1\" alt=\"\" width=\"652\" height=\"311\" srcset=\"https:\/\/i0.wp.com\/www.todoalfalfa.com.ar\/noticias\/wp-content\/uploads\/2017\/09\/cuadrointacuenca1.jpg?w=652&amp;ssl=1 652w, https:\/\/i0.wp.com\/www.todoalfalfa.com.ar\/noticias\/wp-content\/uploads\/2017\/09\/cuadrointacuenca1.jpg?resize=300%2C143&amp;ssl=1 300w\" sizes=\"(max-width: 652px) 100vw, 652px\" \/><\/p>\n<p>Seg\u00fan comentan los t\u00e9cnicos del INTA a cargo del trabajo \u201cen todos los tratamientos se logr\u00f3 un adecuado n\u00famero de plantas emergidas\u201d y \u201cla mayor cantidad de plantas de alfalfa se registraron en la mezcla sin raigr\u00e1s, sin diferenciarse entre fertilizaciones de f\u00f3sforo\u201d, mientras que \u201cel n\u00famero de pl\u00e1ntulas de gram\u00edneas fue similar para todos los tratamientos\u201d.<\/p>\n<p>Con el ensayo se observ\u00f3 que \u201cen la pastura sin raigr\u00e1s el n\u00famero de plantas de alfalfa fue mayor que en las parcelas con raigr\u00e1s siendo de: 85pl\/m2 vs 55 pl\/m2, respectivamente\u201d. En relaci\u00f3n al paso del tiempo, \u201cla alfalfa mantuvo el n\u00famero de plantas desde el primer conteo a los 55 d\u00edas hasta los 6 meses 95 vs 80 pl\/m2, mientras que al a\u00f1o de implantaci\u00f3n se observ\u00f3 una ca\u00edda a 35 pl\/m2.\u201d\u201d.<\/p>\n<p>Sobre la etapa de emergencia los t\u00e9cnicos advirtieron que \u201ces posible que la disponibilidad de f\u00f3sforo no haya sido una limitante para las pl\u00e1ntulas de alfalfa, s\u00ed la competencia ejercida por el raigr\u00e1s, especie de r\u00e1pido crecimiento y desarrollo\u201d. La menor densidad de plantas de alfalfa \u201cse acentu\u00f3 con el avance del tiempo, siendo siempre menor en los tratamientos con raigr\u00e1s\u201d.<\/p>\n<p>La producci\u00f3n de materia seca invernal y la acumulada anual \u201cpresentaron diferencias significativas entre tratamientos\u201d (Cuadro 2) mientras que en la mezcla con raigr\u00e1s, seg\u00fan explican los t\u00e9cnicos, \u201cson debidas en un 78% a la materia seca invernal\u201d.<\/p>\n<p>\u201cComo era de esperar, en el periodo invernal se destaca la alta producci\u00f3n forrajera de la pastura con raigr\u00e1s superando en un 54% aproximadamente a la pastura sin raigr\u00e1s, con el mismo nivel de fertilizaci\u00f3n\u201d. Esta diferencia en producci\u00f3n \u201cse fue diluyendo en la primavera y en verano se revirti\u00f3 totalmente, siendo mayor la producci\u00f3n forrajera en la pastura sin raigr\u00e1s\u201d (Figura 1). \u201cA pesar de la ca\u00edda en producci\u00f3n forrajera, el gran impacto que tuvo la incorporaci\u00f3n de raigr\u00e1s en el invierno gener\u00f3 que la producci\u00f3n acumulada total de pastura con raigr\u00e1s sea mayor\u201d.<\/p>\n<h6><em>Figura 1: Efecto de la fertilizaci\u00f3n con P y N de una pastura base alfalfa + festuca y agregado de Raigr\u00e1s a la mezcla.<\/em><br \/>\n<img data-recalc-dims=\"1\" decoding=\"async\" class=\"alignnone wp-image-1081 size-full\" src=\"https:\/\/i0.wp.com\/todoalfalfa.com.ar\/wp-content\/uploads\/2017\/09\/cuadrointacuenca2.png?resize=524%2C253&#038;ssl=1\" alt=\"\" width=\"524\" height=\"253\" srcset=\"https:\/\/i0.wp.com\/www.todoalfalfa.com.ar\/noticias\/wp-content\/uploads\/2017\/09\/cuadrointacuenca2.png?w=524&amp;ssl=1 524w, https:\/\/i0.wp.com\/www.todoalfalfa.com.ar\/noticias\/wp-content\/uploads\/2017\/09\/cuadrointacuenca2.png?resize=300%2C145&amp;ssl=1 300w\" sizes=\"(max-width: 524px) 100vw, 524px\" \/><\/h6>\n<p>La fertilizaci\u00f3n con nitr\u00f3geno en la mezcla alfalfa con festuca \u201cmejor\u00f3 notablemente la producci\u00f3n forrajera anual, obteniendo valores similares a la mezclas con raigr\u00e1s, sin afectar la densidad de alfalfa\u201d. La falta de efecto de dosis de f\u00f3sforo, seg\u00fan estiman los profesionales a cargo del trabajo, \u201cpodr\u00eda deberse a que no fue limitante debido a la fertilizaci\u00f3n en la siembra\u201d.<\/p>\n<p>A modo de conclusiones los t\u00e9cnicos del INTA comentan que bajo las condiciones del trabajo, \u201cla incorporaci\u00f3n de raigr\u00e1s a una pastura base alfalfa y festuca increment\u00f3 la producci\u00f3n de materia seca, principalmente en el periodo oto\u00f1o invernal\u201d. Sin embargo advierten que \u201cla presencia de raigr\u00e1s afect\u00f3 la densidad de plantas de alfalfa\u201d. Por lo observado los profesionales aseguran que \u201cla fertilizaci\u00f3n con nitr\u00f3geno en el invierno es una alternativa v\u00e1lida ya que mejora la producci\u00f3n de la pastura, de manera similar al raigr\u00e1s, pero sin efectos adversos en la densidad de plantas\u201d.<\/p>\n<div class=\"todoalfalfa-final-de-la-nota\" id=\"todoalfalfa-4167178992\"><a href=\"https:\/\/www.whatsapp.com\/channel\/0029VbCBmFB9WtBxJsD3eC2i\" target=\"_blank\" aria-label=\"5\"><img src=\"https:\/\/i0.wp.com\/www.todoalfalfa.com.ar\/noticias\/wp-content\/uploads\/2026\/04\/5.gif?fit=728%2C90&#038;ssl=1\" alt=\"\"  width=\"728\" height=\"90\"   \/><\/a><\/div>","protected":false},"excerpt":{"rendered":"<p>La festuca es una gram&iacute;nea perenne de crecimiento oto&ntilde;o-invierno-primavera, de gran valor forrajero por su gran plasticidad, producci&oacute;n y persistencia,&#8230;<\/p>\n","protected":false},"author":3,"featured_media":1082,"comment_status":"closed","ping_status":"open","sticky":false,"template":"","format":"standard","meta":{"jetpack_post_was_ever_published":false,"_jetpack_newsletter_access":"","_jetpack_dont_email_post_to_subs":false,"_jetpack_newsletter_tier_id":0,"_jetpack_memberships_contains_paywalled_content":false,"_jetpack_memberships_contains_paid_content":false,"footnotes":""},"categories":[2],"tags":[31,172,155,173],"class_list":["post-1079","post","type-post","status-publish","format-standard","has-post-thumbnail","hentry","category-generales","tag-alfalfa","tag-fertilizacion","tag-festuca","tag-reigras"],"yoast_head":"<!-- This site is optimized with the Yoast SEO plugin v25.5 - https:\/\/yoast.com\/wordpress\/plugins\/seo\/ -->\n<title>Efecto de la fertilizaci\u00f3n de festuca y alfalfa y su mezcla con raigr\u00e1s anual<\/title>\n<meta name=\"robots\" content=\"index, follow, max-snippet:-1, max-image-preview:large, max-video-preview:-1\" \/>\n<link rel=\"canonical\" href=\"https:\/\/www.todoalfalfa.com.ar\/noticias\/efecto-de-la-fertilizacion-de-festuca-y-alfalfa-y-su-mezcla-con-raigras-anual\/\" \/>\n<meta property=\"og:locale\" content=\"es_ES\" \/>\n<meta property=\"og:type\" content=\"article\" \/>\n<meta property=\"og:title\" content=\"Efecto de la fertilizaci\u00f3n de festuca y alfalfa y su mezcla con raigr\u00e1s anual\" \/>\n<meta property=\"og:description\" content=\"La festuca es una gram&iacute;nea perenne de crecimiento oto&ntilde;o-invierno-primavera, de gran valor forrajero por su gran plasticidad, producci&oacute;n y persistencia,...\" \/>\n<meta property=\"og:url\" content=\"https:\/\/www.todoalfalfa.com.ar\/noticias\/efecto-de-la-fertilizacion-de-festuca-y-alfalfa-y-su-mezcla-con-raigras-anual\/\" \/>\n<meta property=\"og:site_name\" content=\"Todo Alfalfa\" \/>\n<meta property=\"article:publisher\" content=\"https:\/\/www.facebook.com\/todoalfalfa\" \/>\n<meta property=\"article:published_time\" content=\"2017-09-05T12:06:07+00:00\" \/>\n<meta property=\"og:image\" content=\"https:\/\/www.todoalfalfa.com.ar\/noticias\/wp-content\/uploads\/2017\/09\/festuca_ganaderia1.jpg\" \/>\n\t<meta property=\"og:image:width\" content=\"777\" \/>\n\t<meta property=\"og:image:height\" content=\"438\" \/>\n\t<meta property=\"og:image:type\" content=\"image\/jpeg\" \/>\n<meta name=\"author\" content=\"Todo Alfalfa\" \/>\n<meta name=\"twitter:card\" content=\"summary_large_image\" \/>\n<meta name=\"twitter:label1\" content=\"Escrito por\" \/>\n\t<meta name=\"twitter:data1\" content=\"Todo Alfalfa\" \/>\n\t<meta name=\"twitter:label2\" content=\"Tiempo de lectura\" \/>\n\t<meta name=\"twitter:data2\" content=\"5 minutos\" \/>\n<script type=\"application\/ld+json\" class=\"yoast-schema-graph\">{\"@context\":\"https:\/\/schema.org\",\"@graph\":[{\"@type\":\"NewsArticle\",\"@id\":\"https:\/\/www.todoalfalfa.com.ar\/noticias\/efecto-de-la-fertilizacion-de-festuca-y-alfalfa-y-su-mezcla-con-raigras-anual\/#article\",\"isPartOf\":{\"@id\":\"https:\/\/www.todoalfalfa.com.ar\/noticias\/efecto-de-la-fertilizacion-de-festuca-y-alfalfa-y-su-mezcla-con-raigras-anual\/\"},\"author\":{\"name\":\"Todo Alfalfa\",\"@id\":\"https:\/\/www.todoalfalfa.com.ar\/noticias\/#\/schema\/person\/4ee4bca9b9fa50c4f0fbaf7017fbf2ad\"},\"headline\":\"Efecto de la fertilizaci\u00f3n de festuca y alfalfa y su mezcla con raigr\u00e1s anual\",\"datePublished\":\"2017-09-05T12:06:07+00:00\",\"mainEntityOfPage\":{\"@id\":\"https:\/\/www.todoalfalfa.com.ar\/noticias\/efecto-de-la-fertilizacion-de-festuca-y-alfalfa-y-su-mezcla-con-raigras-anual\/\"},\"wordCount\":986,\"publisher\":{\"@id\":\"https:\/\/www.todoalfalfa.com.ar\/noticias\/#organization\"},\"image\":{\"@id\":\"https:\/\/www.todoalfalfa.com.ar\/noticias\/efecto-de-la-fertilizacion-de-festuca-y-alfalfa-y-su-mezcla-con-raigras-anual\/#primaryimage\"},\"thumbnailUrl\":\"https:\/\/i0.wp.com\/www.todoalfalfa.com.ar\/noticias\/wp-content\/uploads\/2017\/09\/festuca_ganaderia1.jpg?fit=777%2C438&ssl=1\",\"keywords\":[\"alfalfa\",\"fertilizaci\u00f3n\",\"festuca\",\"reigras\"],\"articleSection\":[\"Generales\"],\"inLanguage\":\"es\"},{\"@type\":[\"WebPage\",\"ItemPage\"],\"@id\":\"https:\/\/www.todoalfalfa.com.ar\/noticias\/efecto-de-la-fertilizacion-de-festuca-y-alfalfa-y-su-mezcla-con-raigras-anual\/\",\"url\":\"https:\/\/www.todoalfalfa.com.ar\/noticias\/efecto-de-la-fertilizacion-de-festuca-y-alfalfa-y-su-mezcla-con-raigras-anual\/\",\"name\":\"Efecto de la fertilizaci\u00f3n de festuca y alfalfa y su mezcla con raigr\u00e1s anual\",\"isPartOf\":{\"@id\":\"https:\/\/www.todoalfalfa.com.ar\/noticias\/#website\"},\"primaryImageOfPage\":{\"@id\":\"https:\/\/www.todoalfalfa.com.ar\/noticias\/efecto-de-la-fertilizacion-de-festuca-y-alfalfa-y-su-mezcla-con-raigras-anual\/#primaryimage\"},\"image\":{\"@id\":\"https:\/\/www.todoalfalfa.com.ar\/noticias\/efecto-de-la-fertilizacion-de-festuca-y-alfalfa-y-su-mezcla-con-raigras-anual\/#primaryimage\"},\"thumbnailUrl\":\"https:\/\/i0.wp.com\/www.todoalfalfa.com.ar\/noticias\/wp-content\/uploads\/2017\/09\/festuca_ganaderia1.jpg?fit=777%2C438&ssl=1\",\"datePublished\":\"2017-09-05T12:06:07+00:00\",\"breadcrumb\":{\"@id\":\"https:\/\/www.todoalfalfa.com.ar\/noticias\/efecto-de-la-fertilizacion-de-festuca-y-alfalfa-y-su-mezcla-con-raigras-anual\/#breadcrumb\"},\"inLanguage\":\"es\",\"potentialAction\":[{\"@type\":\"ReadAction\",\"target\":[\"https:\/\/www.todoalfalfa.com.ar\/noticias\/efecto-de-la-fertilizacion-de-festuca-y-alfalfa-y-su-mezcla-con-raigras-anual\/\"]}]},{\"@type\":\"ImageObject\",\"inLanguage\":\"es\",\"@id\":\"https:\/\/www.todoalfalfa.com.ar\/noticias\/efecto-de-la-fertilizacion-de-festuca-y-alfalfa-y-su-mezcla-con-raigras-anual\/#primaryimage\",\"url\":\"https:\/\/i0.wp.com\/www.todoalfalfa.com.ar\/noticias\/wp-content\/uploads\/2017\/09\/festuca_ganaderia1.jpg?fit=777%2C438&ssl=1\",\"contentUrl\":\"https:\/\/i0.wp.com\/www.todoalfalfa.com.ar\/noticias\/wp-content\/uploads\/2017\/09\/festuca_ganaderia1.jpg?fit=777%2C438&ssl=1\",\"width\":777,\"height\":438},{\"@type\":\"BreadcrumbList\",\"@id\":\"https:\/\/www.todoalfalfa.com.ar\/noticias\/efecto-de-la-fertilizacion-de-festuca-y-alfalfa-y-su-mezcla-con-raigras-anual\/#breadcrumb\",\"itemListElement\":[{\"@type\":\"ListItem\",\"position\":1,\"name\":\"Principal\",\"item\":\"https:\/\/www.todoalfalfa.com.ar\/noticias\/\"},{\"@type\":\"ListItem\",\"position\":2,\"name\":\"Efecto de la fertilizaci\u00f3n de festuca y alfalfa y su mezcla con raigr\u00e1s anual\"}]},{\"@type\":\"WebSite\",\"@id\":\"https:\/\/www.todoalfalfa.com.ar\/noticias\/#website\",\"url\":\"https:\/\/www.todoalfalfa.com.ar\/noticias\/\",\"name\":\"Todo Alfalfa\",\"description\":\"Web informativa de la cadena de la alfalfa argentina\",\"publisher\":{\"@id\":\"https:\/\/www.todoalfalfa.com.ar\/noticias\/#organization\"},\"potentialAction\":[{\"@type\":\"SearchAction\",\"target\":{\"@type\":\"EntryPoint\",\"urlTemplate\":\"https:\/\/www.todoalfalfa.com.ar\/noticias\/?s={search_term_string}\"},\"query-input\":{\"@type\":\"PropertyValueSpecification\",\"valueRequired\":true,\"valueName\":\"search_term_string\"}}],\"inLanguage\":\"es\"},{\"@type\":\"Organization\",\"@id\":\"https:\/\/www.todoalfalfa.com.ar\/noticias\/#organization\",\"name\":\"Todo Alfalfa\",\"url\":\"https:\/\/www.todoalfalfa.com.ar\/noticias\/\",\"logo\":{\"@type\":\"ImageObject\",\"inLanguage\":\"es\",\"@id\":\"https:\/\/www.todoalfalfa.com.ar\/noticias\/#\/schema\/logo\/image\/\",\"url\":\"https:\/\/www.todoalfalfa.com.ar\/noticias\/wp-content\/uploads\/2020\/09\/logo-todo-alfalfa-modificado.png\",\"contentUrl\":\"https:\/\/www.todoalfalfa.com.ar\/noticias\/wp-content\/uploads\/2020\/09\/logo-todo-alfalfa-modificado.png\",\"width\":350,\"height\":100,\"caption\":\"Todo Alfalfa\"},\"image\":{\"@id\":\"https:\/\/www.todoalfalfa.com.ar\/noticias\/#\/schema\/logo\/image\/\"},\"sameAs\":[\"https:\/\/www.facebook.com\/todoalfalfa\",\"https:\/\/www.instagram.com\/todoalfalfa\",\"https:\/\/www.youtube.com\/@TodoAlfalfa\",\"https:\/\/www.linkedin.com\/company\/todoalfalfa\/\"]},{\"@type\":\"Person\",\"@id\":\"https:\/\/www.todoalfalfa.com.ar\/noticias\/#\/schema\/person\/4ee4bca9b9fa50c4f0fbaf7017fbf2ad\",\"name\":\"Todo Alfalfa\",\"image\":{\"@type\":\"ImageObject\",\"inLanguage\":\"es\",\"@id\":\"https:\/\/www.todoalfalfa.com.ar\/noticias\/#\/schema\/person\/image\/\",\"url\":\"https:\/\/secure.gravatar.com\/avatar\/4d26a600a1380823a26c3f9cb74ada1a8ee4b482c0c3a616ab022b865c46be8f?s=96&d=mm&r=g\",\"contentUrl\":\"https:\/\/secure.gravatar.com\/avatar\/4d26a600a1380823a26c3f9cb74ada1a8ee4b482c0c3a616ab022b865c46be8f?s=96&d=mm&r=g\",\"caption\":\"Todo Alfalfa\"},\"sameAs\":[\"http:\/\/www.todoalfalfa.com.ar\"],\"url\":\"https:\/\/www.todoalfalfa.com.ar\/noticias\/author\/todoalfalfa\/\"}]}<\/script>\n<!-- \/ Yoast SEO plugin. -->","yoast_head_json":{"title":"Efecto de la fertilizaci\u00f3n de festuca y alfalfa y su mezcla con raigr\u00e1s anual","robots":{"index":"index","follow":"follow","max-snippet":"max-snippet:-1","max-image-preview":"max-image-preview:large","max-video-preview":"max-video-preview:-1"},"canonical":"https:\/\/www.todoalfalfa.com.ar\/noticias\/efecto-de-la-fertilizacion-de-festuca-y-alfalfa-y-su-mezcla-con-raigras-anual\/","og_locale":"es_ES","og_type":"article","og_title":"Efecto de la fertilizaci\u00f3n de festuca y alfalfa y su mezcla con raigr\u00e1s anual","og_description":"La festuca es una gram&iacute;nea perenne de crecimiento oto&ntilde;o-invierno-primavera, de gran valor forrajero por su gran plasticidad, producci&oacute;n y persistencia,...","og_url":"https:\/\/www.todoalfalfa.com.ar\/noticias\/efecto-de-la-fertilizacion-de-festuca-y-alfalfa-y-su-mezcla-con-raigras-anual\/","og_site_name":"Todo Alfalfa","article_publisher":"https:\/\/www.facebook.com\/todoalfalfa","article_published_time":"2017-09-05T12:06:07+00:00","og_image":[{"width":777,"height":438,"url":"https:\/\/www.todoalfalfa.com.ar\/noticias\/wp-content\/uploads\/2017\/09\/festuca_ganaderia1.jpg","type":"image\/jpeg"}],"author":"Todo Alfalfa","twitter_card":"summary_large_image","twitter_misc":{"Escrito por":"Todo Alfalfa","Tiempo de lectura":"5 minutos"},"schema":{"@context":"https:\/\/schema.org","@graph":[{"@type":"NewsArticle","@id":"https:\/\/www.todoalfalfa.com.ar\/noticias\/efecto-de-la-fertilizacion-de-festuca-y-alfalfa-y-su-mezcla-con-raigras-anual\/#article","isPartOf":{"@id":"https:\/\/www.todoalfalfa.com.ar\/noticias\/efecto-de-la-fertilizacion-de-festuca-y-alfalfa-y-su-mezcla-con-raigras-anual\/"},"author":{"name":"Todo Alfalfa","@id":"https:\/\/www.todoalfalfa.com.ar\/noticias\/#\/schema\/person\/4ee4bca9b9fa50c4f0fbaf7017fbf2ad"},"headline":"Efecto de la fertilizaci\u00f3n de festuca y alfalfa y su mezcla con raigr\u00e1s anual","datePublished":"2017-09-05T12:06:07+00:00","mainEntityOfPage":{"@id":"https:\/\/www.todoalfalfa.com.ar\/noticias\/efecto-de-la-fertilizacion-de-festuca-y-alfalfa-y-su-mezcla-con-raigras-anual\/"},"wordCount":986,"publisher":{"@id":"https:\/\/www.todoalfalfa.com.ar\/noticias\/#organization"},"image":{"@id":"https:\/\/www.todoalfalfa.com.ar\/noticias\/efecto-de-la-fertilizacion-de-festuca-y-alfalfa-y-su-mezcla-con-raigras-anual\/#primaryimage"},"thumbnailUrl":"https:\/\/i0.wp.com\/www.todoalfalfa.com.ar\/noticias\/wp-content\/uploads\/2017\/09\/festuca_ganaderia1.jpg?fit=777%2C438&ssl=1","keywords":["alfalfa","fertilizaci\u00f3n","festuca","reigras"],"articleSection":["Generales"],"inLanguage":"es"},{"@type":["WebPage","ItemPage"],"@id":"https:\/\/www.todoalfalfa.com.ar\/noticias\/efecto-de-la-fertilizacion-de-festuca-y-alfalfa-y-su-mezcla-con-raigras-anual\/","url":"https:\/\/www.todoalfalfa.com.ar\/noticias\/efecto-de-la-fertilizacion-de-festuca-y-alfalfa-y-su-mezcla-con-raigras-anual\/","name":"Efecto de la fertilizaci\u00f3n de festuca y alfalfa y su mezcla con raigr\u00e1s anual","isPartOf":{"@id":"https:\/\/www.todoalfalfa.com.ar\/noticias\/#website"},"primaryImageOfPage":{"@id":"https:\/\/www.todoalfalfa.com.ar\/noticias\/efecto-de-la-fertilizacion-de-festuca-y-alfalfa-y-su-mezcla-con-raigras-anual\/#primaryimage"},"image":{"@id":"https:\/\/www.todoalfalfa.com.ar\/noticias\/efecto-de-la-fertilizacion-de-festuca-y-alfalfa-y-su-mezcla-con-raigras-anual\/#primaryimage"},"thumbnailUrl":"https:\/\/i0.wp.com\/www.todoalfalfa.com.ar\/noticias\/wp-content\/uploads\/2017\/09\/festuca_ganaderia1.jpg?fit=777%2C438&ssl=1","datePublished":"2017-09-05T12:06:07+00:00","breadcrumb":{"@id":"https:\/\/www.todoalfalfa.com.ar\/noticias\/efecto-de-la-fertilizacion-de-festuca-y-alfalfa-y-su-mezcla-con-raigras-anual\/#breadcrumb"},"inLanguage":"es","potentialAction":[{"@type":"ReadAction","target":["https:\/\/www.todoalfalfa.com.ar\/noticias\/efecto-de-la-fertilizacion-de-festuca-y-alfalfa-y-su-mezcla-con-raigras-anual\/"]}]},{"@type":"ImageObject","inLanguage":"es","@id":"https:\/\/www.todoalfalfa.com.ar\/noticias\/efecto-de-la-fertilizacion-de-festuca-y-alfalfa-y-su-mezcla-con-raigras-anual\/#primaryimage","url":"https:\/\/i0.wp.com\/www.todoalfalfa.com.ar\/noticias\/wp-content\/uploads\/2017\/09\/festuca_ganaderia1.jpg?fit=777%2C438&ssl=1","contentUrl":"https:\/\/i0.wp.com\/www.todoalfalfa.com.ar\/noticias\/wp-content\/uploads\/2017\/09\/festuca_ganaderia1.jpg?fit=777%2C438&ssl=1","width":777,"height":438},{"@type":"BreadcrumbList","@id":"https:\/\/www.todoalfalfa.com.ar\/noticias\/efecto-de-la-fertilizacion-de-festuca-y-alfalfa-y-su-mezcla-con-raigras-anual\/#breadcrumb","itemListElement":[{"@type":"ListItem","position":1,"name":"Principal","item":"https:\/\/www.todoalfalfa.com.ar\/noticias\/"},{"@type":"ListItem","position":2,"name":"Efecto de la fertilizaci\u00f3n de festuca y alfalfa y su mezcla con raigr\u00e1s anual"}]},{"@type":"WebSite","@id":"https:\/\/www.todoalfalfa.com.ar\/noticias\/#website","url":"https:\/\/www.todoalfalfa.com.ar\/noticias\/","name":"Todo Alfalfa","description":"Web informativa de la cadena de la alfalfa argentina","publisher":{"@id":"https:\/\/www.todoalfalfa.com.ar\/noticias\/#organization"},"potentialAction":[{"@type":"SearchAction","target":{"@type":"EntryPoint","urlTemplate":"https:\/\/www.todoalfalfa.com.ar\/noticias\/?s={search_term_string}"},"query-input":{"@type":"PropertyValueSpecification","valueRequired":true,"valueName":"search_term_string"}}],"inLanguage":"es"},{"@type":"Organization","@id":"https:\/\/www.todoalfalfa.com.ar\/noticias\/#organization","name":"Todo Alfalfa","url":"https:\/\/www.todoalfalfa.com.ar\/noticias\/","logo":{"@type":"ImageObject","inLanguage":"es","@id":"https:\/\/www.todoalfalfa.com.ar\/noticias\/#\/schema\/logo\/image\/","url":"https:\/\/www.todoalfalfa.com.ar\/noticias\/wp-content\/uploads\/2020\/09\/logo-todo-alfalfa-modificado.png","contentUrl":"https:\/\/www.todoalfalfa.com.ar\/noticias\/wp-content\/uploads\/2020\/09\/logo-todo-alfalfa-modificado.png","width":350,"height":100,"caption":"Todo Alfalfa"},"image":{"@id":"https:\/\/www.todoalfalfa.com.ar\/noticias\/#\/schema\/logo\/image\/"},"sameAs":["https:\/\/www.facebook.com\/todoalfalfa","https:\/\/www.instagram.com\/todoalfalfa","https:\/\/www.youtube.com\/@TodoAlfalfa","https:\/\/www.linkedin.com\/company\/todoalfalfa\/"]},{"@type":"Person","@id":"https:\/\/www.todoalfalfa.com.ar\/noticias\/#\/schema\/person\/4ee4bca9b9fa50c4f0fbaf7017fbf2ad","name":"Todo Alfalfa","image":{"@type":"ImageObject","inLanguage":"es","@id":"https:\/\/www.todoalfalfa.com.ar\/noticias\/#\/schema\/person\/image\/","url":"https:\/\/secure.gravatar.com\/avatar\/4d26a600a1380823a26c3f9cb74ada1a8ee4b482c0c3a616ab022b865c46be8f?s=96&d=mm&r=g","contentUrl":"https:\/\/secure.gravatar.com\/avatar\/4d26a600a1380823a26c3f9cb74ada1a8ee4b482c0c3a616ab022b865c46be8f?s=96&d=mm&r=g","caption":"Todo Alfalfa"},"sameAs":["http:\/\/www.todoalfalfa.com.ar"],"url":"https:\/\/www.todoalfalfa.com.ar\/noticias\/author\/todoalfalfa\/"}]}},"jetpack_featured_media_url":"https:\/\/i0.wp.com\/www.todoalfalfa.com.ar\/noticias\/wp-content\/uploads\/2017\/09\/festuca_ganaderia1.jpg?fit=777%2C438&ssl=1","wps_subtitle":"Destacan que es frecuente, para disminuir el tiempo al primer pastoreo y aumentar la producci\u00f3n del primer invierno, se agregue raigr\u00e1s anual en la mezcla de festuca y alfalfa. Sin embargo, se advierte que \u201cel raigr\u00e1s puede afectar la implantaci\u00f3n de las especies perennes\u201d.","jetpack_sharing_enabled":true,"_links":{"self":[{"href":"https:\/\/www.todoalfalfa.com.ar\/noticias\/wp-json\/wp\/v2\/posts\/1079","targetHints":{"allow":["GET"]}}],"collection":[{"href":"https:\/\/www.todoalfalfa.com.ar\/noticias\/wp-json\/wp\/v2\/posts"}],"about":[{"href":"https:\/\/www.todoalfalfa.com.ar\/noticias\/wp-json\/wp\/v2\/types\/post"}],"author":[{"embeddable":true,"href":"https:\/\/www.todoalfalfa.com.ar\/noticias\/wp-json\/wp\/v2\/users\/3"}],"replies":[{"embeddable":true,"href":"https:\/\/www.todoalfalfa.com.ar\/noticias\/wp-json\/wp\/v2\/comments?post=1079"}],"version-history":[{"count":0,"href":"https:\/\/www.todoalfalfa.com.ar\/noticias\/wp-json\/wp\/v2\/posts\/1079\/revisions"}],"wp:featuredmedia":[{"embeddable":true,"href":"https:\/\/www.todoalfalfa.com.ar\/noticias\/wp-json\/wp\/v2\/media\/1082"}],"wp:attachment":[{"href":"https:\/\/www.todoalfalfa.com.ar\/noticias\/wp-json\/wp\/v2\/media?parent=1079"}],"wp:term":[{"taxonomy":"category","embeddable":true,"href":"https:\/\/www.todoalfalfa.com.ar\/noticias\/wp-json\/wp\/v2\/categories?post=1079"},{"taxonomy":"post_tag","embeddable":true,"href":"https:\/\/www.todoalfalfa.com.ar\/noticias\/wp-json\/wp\/v2\/tags?post=1079"}],"curies":[{"name":"wp","href":"https:\/\/api.w.org\/{rel}","templated":true}]}}