{"id":1200,"date":"2017-10-09T10:48:53","date_gmt":"2017-10-09T13:48:53","guid":{"rendered":"https:\/\/todoalfalfa.com.ar\/?p=1200"},"modified":"2017-10-09T10:48:53","modified_gmt":"2017-10-09T13:48:53","slug":"una-colza-una-alfalfa-y-una-papa-pasan-a-ser-semillas-de-uso-publico","status":"publish","type":"post","link":"https:\/\/www.todoalfalfa.com.ar\/noticias\/una-colza-una-alfalfa-y-una-papa-pasan-a-ser-semillas-de-uso-publico\/","title":{"rendered":"Una colza, una alfalfa y una papa pasan a ser semillas \u201cde uso p\u00fablico\u201d"},"content":{"rendered":"<p>Son tres las resoluciones del Instituto Nacional de Semillas (Inase) publicadas recientemente en el Bolet\u00edn Oficial que declaran la caducidad de los t\u00edtulos de propiedad de otros tantos cultivares: una alfalfa, una colza y una papa.<\/p>\n<p>En el primer caso se trata de la creaci\u00f3n fitogen\u00e9tica de alfalfa (Medicago sativa L.) de denominaci\u00f3n \u201cWeststar\u201d, originaria de los Estados Unidos.<\/p>\n<p>Luego pasan a ser \u201cde uso p\u00fablico\u201d las licencias dos semillas de colza-canola (Brassica napus L.) de denominaciones \u201cFilial UOFA\u201d y \u201cFilial Precoz UOFA\u201d. En este caso, el Inase hab\u00eda concedido los permisos respectivos en 2005 a pedido de la Universidad de Alberta, representada por la empresa local Bioproductos SA.<\/p>\n<p>El \u00faltimo caso es el de la creaci\u00f3n fitogen\u00e9tica de papa (Solanum tuberosum L.) de denominaci\u00f3n \u201cMarkies papa\u201d. En Wikipedia se explica que se trata de una variedad obtenida en Holanda y proveniente del cruzamiento entre las variedades Fianna y Agria.<\/p>\n<p>Es inusual que el Inase declara la caducidad de cultivares incluidos en su registro. El valor del arancel para la renovaci\u00f3n de ese registro ronda los 12.700 pesos anuales, seg\u00fan surge de la p\u00e1gina web del organismo.<\/p>\n<p><em>Fuente: Bichos de Campo<\/em><\/p>\n<div class=\"todoalfalfa-final-de-la-nota\" id=\"todoalfalfa-4190957893\"><a href=\"https:\/\/www.whatsapp.com\/channel\/0029VbCBmFB9WtBxJsD3eC2i\" target=\"_blank\" aria-label=\"5\"><img src=\"https:\/\/i0.wp.com\/www.todoalfalfa.com.ar\/noticias\/wp-content\/uploads\/2026\/04\/5.gif?fit=728%2C90&#038;ssl=1\" alt=\"\"  width=\"728\" height=\"90\"   \/><\/a><\/div>","protected":false},"excerpt":{"rendered":"<p>Son tres las resoluciones del Instituto Nacional de Semillas (Inase) publicadas recientemente en el Bolet&iacute;n Oficial que declaran la caducidad&#8230;<\/p>\n","protected":false},"author":3,"featured_media":1201,"comment_status":"closed","ping_status":"open","sticky":false,"template":"","format":"standard","meta":{"jetpack_post_was_ever_published":false,"_jetpack_newsletter_access":"","_jetpack_dont_email_post_to_subs":false,"_jetpack_newsletter_tier_id":0,"_jetpack_memberships_contains_paywalled_content":false,"_jetpack_memberships_contains_paid_content":false,"footnotes":""},"categories":[2],"tags":[199,195,198,196,197],"class_list":["post-1200","post","type-post","status-publish","format-standard","has-post-thumbnail","hentry","category-generales","tag-inase","tag-medicago","tag-publico","tag-sativa","tag-uso"],"yoast_head":"<!-- This site is optimized with the Yoast SEO plugin v25.5 - https:\/\/yoast.com\/wordpress\/plugins\/seo\/ -->\n<title>Una colza, una alfalfa y una papa pasan a ser semillas \u201cde uso p\u00fablico\u201d<\/title>\n<meta name=\"robots\" content=\"index, follow, max-snippet:-1, max-image-preview:large, max-video-preview:-1\" \/>\n<link rel=\"canonical\" href=\"https:\/\/www.todoalfalfa.com.ar\/noticias\/una-colza-una-alfalfa-y-una-papa-pasan-a-ser-semillas-de-uso-publico\/\" \/>\n<meta property=\"og:locale\" content=\"es_ES\" \/>\n<meta property=\"og:type\" content=\"article\" \/>\n<meta property=\"og:title\" content=\"Una colza, una alfalfa y una papa pasan a ser semillas \u201cde uso p\u00fablico\u201d\" \/>\n<meta property=\"og:description\" content=\"Son tres las resoluciones del Instituto Nacional de Semillas (Inase) publicadas recientemente en el Bolet&iacute;n Oficial que declaran la caducidad...\" \/>\n<meta property=\"og:url\" content=\"https:\/\/www.todoalfalfa.com.ar\/noticias\/una-colza-una-alfalfa-y-una-papa-pasan-a-ser-semillas-de-uso-publico\/\" \/>\n<meta property=\"og:site_name\" content=\"Todo Alfalfa\" \/>\n<meta property=\"article:publisher\" content=\"https:\/\/www.facebook.com\/todoalfalfa\" \/>\n<meta property=\"article:published_time\" content=\"2017-10-09T13:48:53+00:00\" \/>\n<meta property=\"og:image\" content=\"https:\/\/www.todoalfalfa.com.ar\/noticias\/wp-content\/uploads\/2017\/10\/alfalfaendptosanjusto.jpg\" \/>\n\t<meta property=\"og:image:width\" content=\"777\" \/>\n\t<meta property=\"og:image:height\" content=\"437\" \/>\n\t<meta property=\"og:image:type\" content=\"image\/jpeg\" \/>\n<meta name=\"author\" content=\"Todo Alfalfa\" \/>\n<meta name=\"twitter:card\" content=\"summary_large_image\" \/>\n<meta name=\"twitter:label1\" content=\"Escrito por\" \/>\n\t<meta name=\"twitter:data1\" content=\"Todo Alfalfa\" \/>\n\t<meta name=\"twitter:label2\" content=\"Tiempo de lectura\" \/>\n\t<meta name=\"twitter:data2\" content=\"1 minuto\" \/>\n<script type=\"application\/ld+json\" class=\"yoast-schema-graph\">{\"@context\":\"https:\/\/schema.org\",\"@graph\":[{\"@type\":\"NewsArticle\",\"@id\":\"https:\/\/www.todoalfalfa.com.ar\/noticias\/una-colza-una-alfalfa-y-una-papa-pasan-a-ser-semillas-de-uso-publico\/#article\",\"isPartOf\":{\"@id\":\"https:\/\/www.todoalfalfa.com.ar\/noticias\/una-colza-una-alfalfa-y-una-papa-pasan-a-ser-semillas-de-uso-publico\/\"},\"author\":{\"name\":\"Todo Alfalfa\",\"@id\":\"https:\/\/www.todoalfalfa.com.ar\/noticias\/#\/schema\/person\/4ee4bca9b9fa50c4f0fbaf7017fbf2ad\"},\"headline\":\"Una colza, una alfalfa y una papa pasan a ser semillas \u201cde uso p\u00fablico\u201d\",\"datePublished\":\"2017-10-09T13:48:53+00:00\",\"mainEntityOfPage\":{\"@id\":\"https:\/\/www.todoalfalfa.com.ar\/noticias\/una-colza-una-alfalfa-y-una-papa-pasan-a-ser-semillas-de-uso-publico\/\"},\"wordCount\":217,\"publisher\":{\"@id\":\"https:\/\/www.todoalfalfa.com.ar\/noticias\/#organization\"},\"image\":{\"@id\":\"https:\/\/www.todoalfalfa.com.ar\/noticias\/una-colza-una-alfalfa-y-una-papa-pasan-a-ser-semillas-de-uso-publico\/#primaryimage\"},\"thumbnailUrl\":\"https:\/\/i0.wp.com\/www.todoalfalfa.com.ar\/noticias\/wp-content\/uploads\/2017\/10\/alfalfaendptosanjusto.jpg?fit=777%2C437&ssl=1\",\"keywords\":[\"Inase\",\"Medicago\",\"p\u00fablico\",\"sativa\",\"uso\"],\"articleSection\":[\"Generales\"],\"inLanguage\":\"es\"},{\"@type\":[\"WebPage\",\"ItemPage\"],\"@id\":\"https:\/\/www.todoalfalfa.com.ar\/noticias\/una-colza-una-alfalfa-y-una-papa-pasan-a-ser-semillas-de-uso-publico\/\",\"url\":\"https:\/\/www.todoalfalfa.com.ar\/noticias\/una-colza-una-alfalfa-y-una-papa-pasan-a-ser-semillas-de-uso-publico\/\",\"name\":\"Una colza, una alfalfa y una papa pasan a ser semillas \u201cde uso p\u00fablico\u201d\",\"isPartOf\":{\"@id\":\"https:\/\/www.todoalfalfa.com.ar\/noticias\/#website\"},\"primaryImageOfPage\":{\"@id\":\"https:\/\/www.todoalfalfa.com.ar\/noticias\/una-colza-una-alfalfa-y-una-papa-pasan-a-ser-semillas-de-uso-publico\/#primaryimage\"},\"image\":{\"@id\":\"https:\/\/www.todoalfalfa.com.ar\/noticias\/una-colza-una-alfalfa-y-una-papa-pasan-a-ser-semillas-de-uso-publico\/#primaryimage\"},\"thumbnailUrl\":\"https:\/\/i0.wp.com\/www.todoalfalfa.com.ar\/noticias\/wp-content\/uploads\/2017\/10\/alfalfaendptosanjusto.jpg?fit=777%2C437&ssl=1\",\"datePublished\":\"2017-10-09T13:48:53+00:00\",\"breadcrumb\":{\"@id\":\"https:\/\/www.todoalfalfa.com.ar\/noticias\/una-colza-una-alfalfa-y-una-papa-pasan-a-ser-semillas-de-uso-publico\/#breadcrumb\"},\"inLanguage\":\"es\",\"potentialAction\":[{\"@type\":\"ReadAction\",\"target\":[\"https:\/\/www.todoalfalfa.com.ar\/noticias\/una-colza-una-alfalfa-y-una-papa-pasan-a-ser-semillas-de-uso-publico\/\"]}]},{\"@type\":\"ImageObject\",\"inLanguage\":\"es\",\"@id\":\"https:\/\/www.todoalfalfa.com.ar\/noticias\/una-colza-una-alfalfa-y-una-papa-pasan-a-ser-semillas-de-uso-publico\/#primaryimage\",\"url\":\"https:\/\/i0.wp.com\/www.todoalfalfa.com.ar\/noticias\/wp-content\/uploads\/2017\/10\/alfalfaendptosanjusto.jpg?fit=777%2C437&ssl=1\",\"contentUrl\":\"https:\/\/i0.wp.com\/www.todoalfalfa.com.ar\/noticias\/wp-content\/uploads\/2017\/10\/alfalfaendptosanjusto.jpg?fit=777%2C437&ssl=1\",\"width\":777,\"height\":437},{\"@type\":\"BreadcrumbList\",\"@id\":\"https:\/\/www.todoalfalfa.com.ar\/noticias\/una-colza-una-alfalfa-y-una-papa-pasan-a-ser-semillas-de-uso-publico\/#breadcrumb\",\"itemListElement\":[{\"@type\":\"ListItem\",\"position\":1,\"name\":\"Principal\",\"item\":\"https:\/\/www.todoalfalfa.com.ar\/noticias\/\"},{\"@type\":\"ListItem\",\"position\":2,\"name\":\"Una colza, una alfalfa y una papa pasan a ser semillas \u201cde uso p\u00fablico\u201d\"}]},{\"@type\":\"WebSite\",\"@id\":\"https:\/\/www.todoalfalfa.com.ar\/noticias\/#website\",\"url\":\"https:\/\/www.todoalfalfa.com.ar\/noticias\/\",\"name\":\"Todo Alfalfa\",\"description\":\"Web informativa de la cadena de la alfalfa argentina\",\"publisher\":{\"@id\":\"https:\/\/www.todoalfalfa.com.ar\/noticias\/#organization\"},\"potentialAction\":[{\"@type\":\"SearchAction\",\"target\":{\"@type\":\"EntryPoint\",\"urlTemplate\":\"https:\/\/www.todoalfalfa.com.ar\/noticias\/?s={search_term_string}\"},\"query-input\":{\"@type\":\"PropertyValueSpecification\",\"valueRequired\":true,\"valueName\":\"search_term_string\"}}],\"inLanguage\":\"es\"},{\"@type\":\"Organization\",\"@id\":\"https:\/\/www.todoalfalfa.com.ar\/noticias\/#organization\",\"name\":\"Todo Alfalfa\",\"url\":\"https:\/\/www.todoalfalfa.com.ar\/noticias\/\",\"logo\":{\"@type\":\"ImageObject\",\"inLanguage\":\"es\",\"@id\":\"https:\/\/www.todoalfalfa.com.ar\/noticias\/#\/schema\/logo\/image\/\",\"url\":\"https:\/\/www.todoalfalfa.com.ar\/noticias\/wp-content\/uploads\/2020\/09\/logo-todo-alfalfa-modificado.png\",\"contentUrl\":\"https:\/\/www.todoalfalfa.com.ar\/noticias\/wp-content\/uploads\/2020\/09\/logo-todo-alfalfa-modificado.png\",\"width\":350,\"height\":100,\"caption\":\"Todo Alfalfa\"},\"image\":{\"@id\":\"https:\/\/www.todoalfalfa.com.ar\/noticias\/#\/schema\/logo\/image\/\"},\"sameAs\":[\"https:\/\/www.facebook.com\/todoalfalfa\",\"https:\/\/www.instagram.com\/todoalfalfa\",\"https:\/\/www.youtube.com\/@TodoAlfalfa\",\"https:\/\/www.linkedin.com\/company\/todoalfalfa\/\"]},{\"@type\":\"Person\",\"@id\":\"https:\/\/www.todoalfalfa.com.ar\/noticias\/#\/schema\/person\/4ee4bca9b9fa50c4f0fbaf7017fbf2ad\",\"name\":\"Todo Alfalfa\",\"image\":{\"@type\":\"ImageObject\",\"inLanguage\":\"es\",\"@id\":\"https:\/\/www.todoalfalfa.com.ar\/noticias\/#\/schema\/person\/image\/\",\"url\":\"https:\/\/secure.gravatar.com\/avatar\/4d26a600a1380823a26c3f9cb74ada1a8ee4b482c0c3a616ab022b865c46be8f?s=96&d=mm&r=g\",\"contentUrl\":\"https:\/\/secure.gravatar.com\/avatar\/4d26a600a1380823a26c3f9cb74ada1a8ee4b482c0c3a616ab022b865c46be8f?s=96&d=mm&r=g\",\"caption\":\"Todo Alfalfa\"},\"sameAs\":[\"http:\/\/www.todoalfalfa.com.ar\"],\"url\":\"https:\/\/www.todoalfalfa.com.ar\/noticias\/author\/todoalfalfa\/\"}]}<\/script>\n<!-- \/ Yoast SEO plugin. -->","yoast_head_json":{"title":"Una colza, una alfalfa y una papa pasan a ser semillas \u201cde uso p\u00fablico\u201d","robots":{"index":"index","follow":"follow","max-snippet":"max-snippet:-1","max-image-preview":"max-image-preview:large","max-video-preview":"max-video-preview:-1"},"canonical":"https:\/\/www.todoalfalfa.com.ar\/noticias\/una-colza-una-alfalfa-y-una-papa-pasan-a-ser-semillas-de-uso-publico\/","og_locale":"es_ES","og_type":"article","og_title":"Una colza, una alfalfa y una papa pasan a ser semillas \u201cde uso p\u00fablico\u201d","og_description":"Son tres las resoluciones del Instituto Nacional de Semillas (Inase) publicadas recientemente en el Bolet&iacute;n Oficial que declaran la caducidad...","og_url":"https:\/\/www.todoalfalfa.com.ar\/noticias\/una-colza-una-alfalfa-y-una-papa-pasan-a-ser-semillas-de-uso-publico\/","og_site_name":"Todo Alfalfa","article_publisher":"https:\/\/www.facebook.com\/todoalfalfa","article_published_time":"2017-10-09T13:48:53+00:00","og_image":[{"width":777,"height":437,"url":"https:\/\/www.todoalfalfa.com.ar\/noticias\/wp-content\/uploads\/2017\/10\/alfalfaendptosanjusto.jpg","type":"image\/jpeg"}],"author":"Todo Alfalfa","twitter_card":"summary_large_image","twitter_misc":{"Escrito por":"Todo Alfalfa","Tiempo de lectura":"1 minuto"},"schema":{"@context":"https:\/\/schema.org","@graph":[{"@type":"NewsArticle","@id":"https:\/\/www.todoalfalfa.com.ar\/noticias\/una-colza-una-alfalfa-y-una-papa-pasan-a-ser-semillas-de-uso-publico\/#article","isPartOf":{"@id":"https:\/\/www.todoalfalfa.com.ar\/noticias\/una-colza-una-alfalfa-y-una-papa-pasan-a-ser-semillas-de-uso-publico\/"},"author":{"name":"Todo Alfalfa","@id":"https:\/\/www.todoalfalfa.com.ar\/noticias\/#\/schema\/person\/4ee4bca9b9fa50c4f0fbaf7017fbf2ad"},"headline":"Una colza, una alfalfa y una papa pasan a ser semillas \u201cde uso p\u00fablico\u201d","datePublished":"2017-10-09T13:48:53+00:00","mainEntityOfPage":{"@id":"https:\/\/www.todoalfalfa.com.ar\/noticias\/una-colza-una-alfalfa-y-una-papa-pasan-a-ser-semillas-de-uso-publico\/"},"wordCount":217,"publisher":{"@id":"https:\/\/www.todoalfalfa.com.ar\/noticias\/#organization"},"image":{"@id":"https:\/\/www.todoalfalfa.com.ar\/noticias\/una-colza-una-alfalfa-y-una-papa-pasan-a-ser-semillas-de-uso-publico\/#primaryimage"},"thumbnailUrl":"https:\/\/i0.wp.com\/www.todoalfalfa.com.ar\/noticias\/wp-content\/uploads\/2017\/10\/alfalfaendptosanjusto.jpg?fit=777%2C437&ssl=1","keywords":["Inase","Medicago","p\u00fablico","sativa","uso"],"articleSection":["Generales"],"inLanguage":"es"},{"@type":["WebPage","ItemPage"],"@id":"https:\/\/www.todoalfalfa.com.ar\/noticias\/una-colza-una-alfalfa-y-una-papa-pasan-a-ser-semillas-de-uso-publico\/","url":"https:\/\/www.todoalfalfa.com.ar\/noticias\/una-colza-una-alfalfa-y-una-papa-pasan-a-ser-semillas-de-uso-publico\/","name":"Una colza, una alfalfa y una papa pasan a ser semillas \u201cde uso p\u00fablico\u201d","isPartOf":{"@id":"https:\/\/www.todoalfalfa.com.ar\/noticias\/#website"},"primaryImageOfPage":{"@id":"https:\/\/www.todoalfalfa.com.ar\/noticias\/una-colza-una-alfalfa-y-una-papa-pasan-a-ser-semillas-de-uso-publico\/#primaryimage"},"image":{"@id":"https:\/\/www.todoalfalfa.com.ar\/noticias\/una-colza-una-alfalfa-y-una-papa-pasan-a-ser-semillas-de-uso-publico\/#primaryimage"},"thumbnailUrl":"https:\/\/i0.wp.com\/www.todoalfalfa.com.ar\/noticias\/wp-content\/uploads\/2017\/10\/alfalfaendptosanjusto.jpg?fit=777%2C437&ssl=1","datePublished":"2017-10-09T13:48:53+00:00","breadcrumb":{"@id":"https:\/\/www.todoalfalfa.com.ar\/noticias\/una-colza-una-alfalfa-y-una-papa-pasan-a-ser-semillas-de-uso-publico\/#breadcrumb"},"inLanguage":"es","potentialAction":[{"@type":"ReadAction","target":["https:\/\/www.todoalfalfa.com.ar\/noticias\/una-colza-una-alfalfa-y-una-papa-pasan-a-ser-semillas-de-uso-publico\/"]}]},{"@type":"ImageObject","inLanguage":"es","@id":"https:\/\/www.todoalfalfa.com.ar\/noticias\/una-colza-una-alfalfa-y-una-papa-pasan-a-ser-semillas-de-uso-publico\/#primaryimage","url":"https:\/\/i0.wp.com\/www.todoalfalfa.com.ar\/noticias\/wp-content\/uploads\/2017\/10\/alfalfaendptosanjusto.jpg?fit=777%2C437&ssl=1","contentUrl":"https:\/\/i0.wp.com\/www.todoalfalfa.com.ar\/noticias\/wp-content\/uploads\/2017\/10\/alfalfaendptosanjusto.jpg?fit=777%2C437&ssl=1","width":777,"height":437},{"@type":"BreadcrumbList","@id":"https:\/\/www.todoalfalfa.com.ar\/noticias\/una-colza-una-alfalfa-y-una-papa-pasan-a-ser-semillas-de-uso-publico\/#breadcrumb","itemListElement":[{"@type":"ListItem","position":1,"name":"Principal","item":"https:\/\/www.todoalfalfa.com.ar\/noticias\/"},{"@type":"ListItem","position":2,"name":"Una colza, una alfalfa y una papa pasan a ser semillas \u201cde uso p\u00fablico\u201d"}]},{"@type":"WebSite","@id":"https:\/\/www.todoalfalfa.com.ar\/noticias\/#website","url":"https:\/\/www.todoalfalfa.com.ar\/noticias\/","name":"Todo Alfalfa","description":"Web informativa de la cadena de la alfalfa argentina","publisher":{"@id":"https:\/\/www.todoalfalfa.com.ar\/noticias\/#organization"},"potentialAction":[{"@type":"SearchAction","target":{"@type":"EntryPoint","urlTemplate":"https:\/\/www.todoalfalfa.com.ar\/noticias\/?s={search_term_string}"},"query-input":{"@type":"PropertyValueSpecification","valueRequired":true,"valueName":"search_term_string"}}],"inLanguage":"es"},{"@type":"Organization","@id":"https:\/\/www.todoalfalfa.com.ar\/noticias\/#organization","name":"Todo Alfalfa","url":"https:\/\/www.todoalfalfa.com.ar\/noticias\/","logo":{"@type":"ImageObject","inLanguage":"es","@id":"https:\/\/www.todoalfalfa.com.ar\/noticias\/#\/schema\/logo\/image\/","url":"https:\/\/www.todoalfalfa.com.ar\/noticias\/wp-content\/uploads\/2020\/09\/logo-todo-alfalfa-modificado.png","contentUrl":"https:\/\/www.todoalfalfa.com.ar\/noticias\/wp-content\/uploads\/2020\/09\/logo-todo-alfalfa-modificado.png","width":350,"height":100,"caption":"Todo Alfalfa"},"image":{"@id":"https:\/\/www.todoalfalfa.com.ar\/noticias\/#\/schema\/logo\/image\/"},"sameAs":["https:\/\/www.facebook.com\/todoalfalfa","https:\/\/www.instagram.com\/todoalfalfa","https:\/\/www.youtube.com\/@TodoAlfalfa","https:\/\/www.linkedin.com\/company\/todoalfalfa\/"]},{"@type":"Person","@id":"https:\/\/www.todoalfalfa.com.ar\/noticias\/#\/schema\/person\/4ee4bca9b9fa50c4f0fbaf7017fbf2ad","name":"Todo Alfalfa","image":{"@type":"ImageObject","inLanguage":"es","@id":"https:\/\/www.todoalfalfa.com.ar\/noticias\/#\/schema\/person\/image\/","url":"https:\/\/secure.gravatar.com\/avatar\/4d26a600a1380823a26c3f9cb74ada1a8ee4b482c0c3a616ab022b865c46be8f?s=96&d=mm&r=g","contentUrl":"https:\/\/secure.gravatar.com\/avatar\/4d26a600a1380823a26c3f9cb74ada1a8ee4b482c0c3a616ab022b865c46be8f?s=96&d=mm&r=g","caption":"Todo Alfalfa"},"sameAs":["http:\/\/www.todoalfalfa.com.ar"],"url":"https:\/\/www.todoalfalfa.com.ar\/noticias\/author\/todoalfalfa\/"}]}},"jetpack_featured_media_url":"https:\/\/i0.wp.com\/www.todoalfalfa.com.ar\/noticias\/wp-content\/uploads\/2017\/10\/alfalfaendptosanjusto.jpg?fit=777%2C437&ssl=1","wps_subtitle":"La falta de pago de los aranceles vigentes para que un cultivar se mantenga en el Registro Nacional de la Propiedad de Cultivares se convirti\u00f3 en el disparador de una situaci\u00f3n inusual: en tres variedades registradas all\u00ed se anularon los derechos de sus creadores y se declararon sujetas \u201cde dominio p\u00fablico\u201d.","jetpack_sharing_enabled":true,"_links":{"self":[{"href":"https:\/\/www.todoalfalfa.com.ar\/noticias\/wp-json\/wp\/v2\/posts\/1200","targetHints":{"allow":["GET"]}}],"collection":[{"href":"https:\/\/www.todoalfalfa.com.ar\/noticias\/wp-json\/wp\/v2\/posts"}],"about":[{"href":"https:\/\/www.todoalfalfa.com.ar\/noticias\/wp-json\/wp\/v2\/types\/post"}],"author":[{"embeddable":true,"href":"https:\/\/www.todoalfalfa.com.ar\/noticias\/wp-json\/wp\/v2\/users\/3"}],"replies":[{"embeddable":true,"href":"https:\/\/www.todoalfalfa.com.ar\/noticias\/wp-json\/wp\/v2\/comments?post=1200"}],"version-history":[{"count":0,"href":"https:\/\/www.todoalfalfa.com.ar\/noticias\/wp-json\/wp\/v2\/posts\/1200\/revisions"}],"wp:featuredmedia":[{"embeddable":true,"href":"https:\/\/www.todoalfalfa.com.ar\/noticias\/wp-json\/wp\/v2\/media\/1201"}],"wp:attachment":[{"href":"https:\/\/www.todoalfalfa.com.ar\/noticias\/wp-json\/wp\/v2\/media?parent=1200"}],"wp:term":[{"taxonomy":"category","embeddable":true,"href":"https:\/\/www.todoalfalfa.com.ar\/noticias\/wp-json\/wp\/v2\/categories?post=1200"},{"taxonomy":"post_tag","embeddable":true,"href":"https:\/\/www.todoalfalfa.com.ar\/noticias\/wp-json\/wp\/v2\/tags?post=1200"}],"curies":[{"name":"wp","href":"https:\/\/api.w.org\/{rel}","templated":true}]}}