{"id":1206,"date":"2017-10-09T17:40:55","date_gmt":"2017-10-09T20:40:55","guid":{"rendered":"https:\/\/todoalfalfa.com.ar\/?p=1206"},"modified":"2017-10-10T11:54:24","modified_gmt":"2017-10-10T14:54:24","slug":"hondo-pesar-por-la-desaparicion-de-steve-orloff","status":"publish","type":"post","link":"https:\/\/www.todoalfalfa.com.ar\/noticias\/hondo-pesar-por-la-desaparicion-de-steve-orloff\/","title":{"rendered":"Hondo pesar por el fallecimiento de Steve Orloff"},"content":{"rendered":"<p>Steve Orloff, asesor en el condado de Siskiyou, falleci\u00f3 de c\u00e1ncer d\u00edas pasados y su muerte gener\u00f3 una fuerte conmoci\u00f3n, seg\u00fan un mensaje publicado en internet por Rob Wilson, director del Centro Intermountain de Investigaci\u00f3n y Extensi\u00f3n ubicado en Tulelake.<\/p>\n<p>Orloff trabaj\u00f3 para la Divisi\u00f3n de Agricultura y Recursos Naturales de la Universidad de California (UC -ANR ) durante 33 a\u00f1os, y por m\u00e1s de 20 a\u00f1os como asesor de productores en el condado de Siskiyou, en el norte de California, se\u00f1ala un reporte de publicado en el sitio westernfarmpress.com<\/p>\n<p>\u00abSu enorme conocimiento y su abrumador apoyo a la agricultura ser\u00e1 profundamente recordado\u00bb, dijo Wilson. \u00ab\u00a1Hemos perdido a un querido amigo y estimado colega! En nombre de todo el personal de IREC nuestros pensamientos y oraciones para su familia\u201d.<\/p>\n<p>Glenda Humiston, vicepresidenta de la UC &#8211; ANR, dijo: \u00abEstoy seguro de que muchos de ustedes han trabajado con este hombre amable y afable, ya sea en reuniones de directores de condados, en investigaci\u00f3n de alfalfa o en el Consejo de Programas u otros proyectos. Todos extra\u00f1aremos la buena naturaleza de Steve, la voluntad de ayudar a otros y aportar su experiencia\u00bb.<\/p>\n<p>Humiston comparti\u00f3 un mensaje de la familia Orloff, que dijo en parte: \u00abSer\u00e1 profundamente extra\u00f1ado por su coraz\u00f3n generoso y ya que comparti\u00f3 tan libremente su conocimiento y experiencia con cualquiera que pidiera su ayuda. Pero cualquiera que conozca a Steve lo echar\u00e1 de menos por su gran sentido del humor\u00bb.<\/p>\n<p>Desde Argentina, el ingeniero Daniel Basigalup referente de alfalfa y amigo de Orloff, dijo que \u201cla muerte de Steve nos ha sorprendido ingratamente. Era un excelente profesional y una persona muy divertida\u201d, agreg\u00f3.<\/p>\n<p>Steve Orloff era un experto muy conocido para los t\u00e9cnicos y productores de alfalfa en Argentina, pa\u00eds que hab\u00eda visitado en varias oportunidades, entre ellas en las Jornadas Nacionales de Alfalfa en 2009 y 2015, y su aporte fue muy valorado. Manejaba el espa\u00f1ol a la perfecci\u00f3n, idioma que practicaba cotidianamente junto a su esposa, de origen centroamericano.<\/p>\n<p>Orloff llev\u00f3 a cabo programas de investigaci\u00f3n y educaci\u00f3n en alfalfa, pasturas bajo riego, y control de malezas problema, fertilizaci\u00f3n y nutrici\u00f3n de cultivos, centr\u00e1ndose en el manejo de plagas, riego, adaptaci\u00f3n de variedades y pr\u00e1cticas de producci\u00f3n en general.<\/p>\n<p>Orloff se hab\u00eda graduado de licenciado en Geograf\u00eda en la Universidad Estatal de San Diego en 1978, y posteriormente logr\u00f3 el t\u00edtulo de Master of Science en Ciencias Agr\u00edcolas en la Universidad de Cal Poly en 1983.<\/p>\n<p>La \u00faltima entrevista que le realizamos a Steve Orloff fue en el marco de las Jornadas Nacionales de Alfalfa 2015, realizadas en el Inta Manfredi puede verse en el Canal Todoagro TV en Youtube, en el siguiente enlace: <a href=\"https:\/\/www.youtube.com\/watch?v=kFDc-2HuN54\">https:\/\/www.youtube.com\/watch?v=kFDc-2HuN54<\/a><\/p>\n<div class=\"todoalfalfa-final-de-la-nota\" id=\"todoalfalfa-2170989462\"><a href=\"https:\/\/www.whatsapp.com\/channel\/0029VbCBmFB9WtBxJsD3eC2i\" target=\"_blank\" aria-label=\"5\"><img src=\"https:\/\/i0.wp.com\/www.todoalfalfa.com.ar\/noticias\/wp-content\/uploads\/2026\/04\/5.gif?fit=728%2C90&#038;ssl=1\" alt=\"\"  width=\"728\" height=\"90\"   \/><\/a><\/div>","protected":false},"excerpt":{"rendered":"<p>Steve Orloff, asesor en el condado de Siskiyou, falleci&oacute; de c&aacute;ncer d&iacute;as pasados y su muerte gener&oacute; una fuerte conmoci&oacute;n,&#8230;<\/p>\n","protected":false},"author":3,"featured_media":1207,"comment_status":"closed","ping_status":"open","sticky":false,"template":"","format":"standard","meta":{"jetpack_post_was_ever_published":false,"_jetpack_newsletter_access":"","_jetpack_dont_email_post_to_subs":false,"_jetpack_newsletter_tier_id":0,"_jetpack_memberships_contains_paywalled_content":false,"_jetpack_memberships_contains_paid_content":false,"footnotes":""},"categories":[2],"tags":[201,200,202],"class_list":["post-1206","post","type-post","status-publish","format-standard","has-post-thumbnail","hentry","category-generales","tag-orloff","tag-steve","tag-todoalfalfa"],"yoast_head":"<!-- This site is optimized with the Yoast SEO plugin v25.5 - https:\/\/yoast.com\/wordpress\/plugins\/seo\/ -->\n<title>Hondo pesar por el fallecimiento de Steve Orloff<\/title>\n<meta name=\"robots\" content=\"index, follow, max-snippet:-1, max-image-preview:large, max-video-preview:-1\" \/>\n<link rel=\"canonical\" href=\"https:\/\/www.todoalfalfa.com.ar\/noticias\/hondo-pesar-por-la-desaparicion-de-steve-orloff\/\" \/>\n<meta property=\"og:locale\" content=\"es_ES\" \/>\n<meta property=\"og:type\" content=\"article\" \/>\n<meta property=\"og:title\" content=\"Hondo pesar por el fallecimiento de Steve Orloff\" \/>\n<meta property=\"og:description\" content=\"Steve Orloff, asesor en el condado de Siskiyou, falleci&oacute; de c&aacute;ncer d&iacute;as pasados y su muerte gener&oacute; una fuerte conmoci&oacute;n,...\" \/>\n<meta property=\"og:url\" content=\"https:\/\/www.todoalfalfa.com.ar\/noticias\/hondo-pesar-por-la-desaparicion-de-steve-orloff\/\" \/>\n<meta property=\"og:site_name\" content=\"Todo Alfalfa\" \/>\n<meta property=\"article:publisher\" content=\"https:\/\/www.facebook.com\/todoalfalfa\" \/>\n<meta property=\"article:published_time\" content=\"2017-10-09T20:40:55+00:00\" \/>\n<meta property=\"article:modified_time\" content=\"2017-10-10T14:54:24+00:00\" \/>\n<meta property=\"og:image\" content=\"https:\/\/www.todoalfalfa.com.ar\/noticias\/wp-content\/uploads\/2017\/10\/Steve_Orloff.jpg\" \/>\n\t<meta property=\"og:image:width\" content=\"777\" \/>\n\t<meta property=\"og:image:height\" content=\"437\" \/>\n\t<meta property=\"og:image:type\" content=\"image\/jpeg\" \/>\n<meta name=\"author\" content=\"Todo Alfalfa\" \/>\n<meta name=\"twitter:card\" content=\"summary_large_image\" \/>\n<meta name=\"twitter:label1\" content=\"Escrito por\" \/>\n\t<meta name=\"twitter:data1\" content=\"Todo Alfalfa\" \/>\n\t<meta name=\"twitter:label2\" content=\"Tiempo de lectura\" \/>\n\t<meta name=\"twitter:data2\" content=\"2 minutos\" \/>\n<script type=\"application\/ld+json\" class=\"yoast-schema-graph\">{\"@context\":\"https:\/\/schema.org\",\"@graph\":[{\"@type\":\"NewsArticle\",\"@id\":\"https:\/\/www.todoalfalfa.com.ar\/noticias\/hondo-pesar-por-la-desaparicion-de-steve-orloff\/#article\",\"isPartOf\":{\"@id\":\"https:\/\/www.todoalfalfa.com.ar\/noticias\/hondo-pesar-por-la-desaparicion-de-steve-orloff\/\"},\"author\":{\"name\":\"Todo Alfalfa\",\"@id\":\"https:\/\/www.todoalfalfa.com.ar\/noticias\/#\/schema\/person\/4ee4bca9b9fa50c4f0fbaf7017fbf2ad\"},\"headline\":\"Hondo pesar por el fallecimiento de Steve Orloff\",\"datePublished\":\"2017-10-09T20:40:55+00:00\",\"dateModified\":\"2017-10-10T14:54:24+00:00\",\"mainEntityOfPage\":{\"@id\":\"https:\/\/www.todoalfalfa.com.ar\/noticias\/hondo-pesar-por-la-desaparicion-de-steve-orloff\/\"},\"wordCount\":489,\"publisher\":{\"@id\":\"https:\/\/www.todoalfalfa.com.ar\/noticias\/#organization\"},\"image\":{\"@id\":\"https:\/\/www.todoalfalfa.com.ar\/noticias\/hondo-pesar-por-la-desaparicion-de-steve-orloff\/#primaryimage\"},\"thumbnailUrl\":\"https:\/\/i0.wp.com\/www.todoalfalfa.com.ar\/noticias\/wp-content\/uploads\/2017\/10\/Steve_Orloff.jpg?fit=777%2C437&ssl=1\",\"keywords\":[\"Orloff\",\"Steve\",\"todoalfalfa\"],\"articleSection\":[\"Generales\"],\"inLanguage\":\"es\"},{\"@type\":[\"WebPage\",\"ItemPage\"],\"@id\":\"https:\/\/www.todoalfalfa.com.ar\/noticias\/hondo-pesar-por-la-desaparicion-de-steve-orloff\/\",\"url\":\"https:\/\/www.todoalfalfa.com.ar\/noticias\/hondo-pesar-por-la-desaparicion-de-steve-orloff\/\",\"name\":\"Hondo pesar por el fallecimiento de Steve Orloff\",\"isPartOf\":{\"@id\":\"https:\/\/www.todoalfalfa.com.ar\/noticias\/#website\"},\"primaryImageOfPage\":{\"@id\":\"https:\/\/www.todoalfalfa.com.ar\/noticias\/hondo-pesar-por-la-desaparicion-de-steve-orloff\/#primaryimage\"},\"image\":{\"@id\":\"https:\/\/www.todoalfalfa.com.ar\/noticias\/hondo-pesar-por-la-desaparicion-de-steve-orloff\/#primaryimage\"},\"thumbnailUrl\":\"https:\/\/i0.wp.com\/www.todoalfalfa.com.ar\/noticias\/wp-content\/uploads\/2017\/10\/Steve_Orloff.jpg?fit=777%2C437&ssl=1\",\"datePublished\":\"2017-10-09T20:40:55+00:00\",\"dateModified\":\"2017-10-10T14:54:24+00:00\",\"breadcrumb\":{\"@id\":\"https:\/\/www.todoalfalfa.com.ar\/noticias\/hondo-pesar-por-la-desaparicion-de-steve-orloff\/#breadcrumb\"},\"inLanguage\":\"es\",\"potentialAction\":[{\"@type\":\"ReadAction\",\"target\":[\"https:\/\/www.todoalfalfa.com.ar\/noticias\/hondo-pesar-por-la-desaparicion-de-steve-orloff\/\"]}]},{\"@type\":\"ImageObject\",\"inLanguage\":\"es\",\"@id\":\"https:\/\/www.todoalfalfa.com.ar\/noticias\/hondo-pesar-por-la-desaparicion-de-steve-orloff\/#primaryimage\",\"url\":\"https:\/\/i0.wp.com\/www.todoalfalfa.com.ar\/noticias\/wp-content\/uploads\/2017\/10\/Steve_Orloff.jpg?fit=777%2C437&ssl=1\",\"contentUrl\":\"https:\/\/i0.wp.com\/www.todoalfalfa.com.ar\/noticias\/wp-content\/uploads\/2017\/10\/Steve_Orloff.jpg?fit=777%2C437&ssl=1\",\"width\":777,\"height\":437},{\"@type\":\"BreadcrumbList\",\"@id\":\"https:\/\/www.todoalfalfa.com.ar\/noticias\/hondo-pesar-por-la-desaparicion-de-steve-orloff\/#breadcrumb\",\"itemListElement\":[{\"@type\":\"ListItem\",\"position\":1,\"name\":\"Principal\",\"item\":\"https:\/\/www.todoalfalfa.com.ar\/noticias\/\"},{\"@type\":\"ListItem\",\"position\":2,\"name\":\"Hondo pesar por el fallecimiento de Steve Orloff\"}]},{\"@type\":\"WebSite\",\"@id\":\"https:\/\/www.todoalfalfa.com.ar\/noticias\/#website\",\"url\":\"https:\/\/www.todoalfalfa.com.ar\/noticias\/\",\"name\":\"Todo Alfalfa\",\"description\":\"Web informativa de la cadena de la alfalfa argentina\",\"publisher\":{\"@id\":\"https:\/\/www.todoalfalfa.com.ar\/noticias\/#organization\"},\"potentialAction\":[{\"@type\":\"SearchAction\",\"target\":{\"@type\":\"EntryPoint\",\"urlTemplate\":\"https:\/\/www.todoalfalfa.com.ar\/noticias\/?s={search_term_string}\"},\"query-input\":{\"@type\":\"PropertyValueSpecification\",\"valueRequired\":true,\"valueName\":\"search_term_string\"}}],\"inLanguage\":\"es\"},{\"@type\":\"Organization\",\"@id\":\"https:\/\/www.todoalfalfa.com.ar\/noticias\/#organization\",\"name\":\"Todo Alfalfa\",\"url\":\"https:\/\/www.todoalfalfa.com.ar\/noticias\/\",\"logo\":{\"@type\":\"ImageObject\",\"inLanguage\":\"es\",\"@id\":\"https:\/\/www.todoalfalfa.com.ar\/noticias\/#\/schema\/logo\/image\/\",\"url\":\"https:\/\/www.todoalfalfa.com.ar\/noticias\/wp-content\/uploads\/2020\/09\/logo-todo-alfalfa-modificado.png\",\"contentUrl\":\"https:\/\/www.todoalfalfa.com.ar\/noticias\/wp-content\/uploads\/2020\/09\/logo-todo-alfalfa-modificado.png\",\"width\":350,\"height\":100,\"caption\":\"Todo Alfalfa\"},\"image\":{\"@id\":\"https:\/\/www.todoalfalfa.com.ar\/noticias\/#\/schema\/logo\/image\/\"},\"sameAs\":[\"https:\/\/www.facebook.com\/todoalfalfa\",\"https:\/\/www.instagram.com\/todoalfalfa\",\"https:\/\/www.youtube.com\/@TodoAlfalfa\",\"https:\/\/www.linkedin.com\/company\/todoalfalfa\/\"]},{\"@type\":\"Person\",\"@id\":\"https:\/\/www.todoalfalfa.com.ar\/noticias\/#\/schema\/person\/4ee4bca9b9fa50c4f0fbaf7017fbf2ad\",\"name\":\"Todo Alfalfa\",\"image\":{\"@type\":\"ImageObject\",\"inLanguage\":\"es\",\"@id\":\"https:\/\/www.todoalfalfa.com.ar\/noticias\/#\/schema\/person\/image\/\",\"url\":\"https:\/\/secure.gravatar.com\/avatar\/4d26a600a1380823a26c3f9cb74ada1a8ee4b482c0c3a616ab022b865c46be8f?s=96&d=mm&r=g\",\"contentUrl\":\"https:\/\/secure.gravatar.com\/avatar\/4d26a600a1380823a26c3f9cb74ada1a8ee4b482c0c3a616ab022b865c46be8f?s=96&d=mm&r=g\",\"caption\":\"Todo Alfalfa\"},\"sameAs\":[\"http:\/\/www.todoalfalfa.com.ar\"],\"url\":\"https:\/\/www.todoalfalfa.com.ar\/noticias\/author\/todoalfalfa\/\"}]}<\/script>\n<!-- \/ Yoast SEO plugin. -->","yoast_head_json":{"title":"Hondo pesar por el fallecimiento de Steve Orloff","robots":{"index":"index","follow":"follow","max-snippet":"max-snippet:-1","max-image-preview":"max-image-preview:large","max-video-preview":"max-video-preview:-1"},"canonical":"https:\/\/www.todoalfalfa.com.ar\/noticias\/hondo-pesar-por-la-desaparicion-de-steve-orloff\/","og_locale":"es_ES","og_type":"article","og_title":"Hondo pesar por el fallecimiento de Steve Orloff","og_description":"Steve Orloff, asesor en el condado de Siskiyou, falleci&oacute; de c&aacute;ncer d&iacute;as pasados y su muerte gener&oacute; una fuerte conmoci&oacute;n,...","og_url":"https:\/\/www.todoalfalfa.com.ar\/noticias\/hondo-pesar-por-la-desaparicion-de-steve-orloff\/","og_site_name":"Todo Alfalfa","article_publisher":"https:\/\/www.facebook.com\/todoalfalfa","article_published_time":"2017-10-09T20:40:55+00:00","article_modified_time":"2017-10-10T14:54:24+00:00","og_image":[{"width":777,"height":437,"url":"https:\/\/www.todoalfalfa.com.ar\/noticias\/wp-content\/uploads\/2017\/10\/Steve_Orloff.jpg","type":"image\/jpeg"}],"author":"Todo Alfalfa","twitter_card":"summary_large_image","twitter_misc":{"Escrito por":"Todo Alfalfa","Tiempo de lectura":"2 minutos"},"schema":{"@context":"https:\/\/schema.org","@graph":[{"@type":"NewsArticle","@id":"https:\/\/www.todoalfalfa.com.ar\/noticias\/hondo-pesar-por-la-desaparicion-de-steve-orloff\/#article","isPartOf":{"@id":"https:\/\/www.todoalfalfa.com.ar\/noticias\/hondo-pesar-por-la-desaparicion-de-steve-orloff\/"},"author":{"name":"Todo Alfalfa","@id":"https:\/\/www.todoalfalfa.com.ar\/noticias\/#\/schema\/person\/4ee4bca9b9fa50c4f0fbaf7017fbf2ad"},"headline":"Hondo pesar por el fallecimiento de Steve Orloff","datePublished":"2017-10-09T20:40:55+00:00","dateModified":"2017-10-10T14:54:24+00:00","mainEntityOfPage":{"@id":"https:\/\/www.todoalfalfa.com.ar\/noticias\/hondo-pesar-por-la-desaparicion-de-steve-orloff\/"},"wordCount":489,"publisher":{"@id":"https:\/\/www.todoalfalfa.com.ar\/noticias\/#organization"},"image":{"@id":"https:\/\/www.todoalfalfa.com.ar\/noticias\/hondo-pesar-por-la-desaparicion-de-steve-orloff\/#primaryimage"},"thumbnailUrl":"https:\/\/i0.wp.com\/www.todoalfalfa.com.ar\/noticias\/wp-content\/uploads\/2017\/10\/Steve_Orloff.jpg?fit=777%2C437&ssl=1","keywords":["Orloff","Steve","todoalfalfa"],"articleSection":["Generales"],"inLanguage":"es"},{"@type":["WebPage","ItemPage"],"@id":"https:\/\/www.todoalfalfa.com.ar\/noticias\/hondo-pesar-por-la-desaparicion-de-steve-orloff\/","url":"https:\/\/www.todoalfalfa.com.ar\/noticias\/hondo-pesar-por-la-desaparicion-de-steve-orloff\/","name":"Hondo pesar por el fallecimiento de Steve Orloff","isPartOf":{"@id":"https:\/\/www.todoalfalfa.com.ar\/noticias\/#website"},"primaryImageOfPage":{"@id":"https:\/\/www.todoalfalfa.com.ar\/noticias\/hondo-pesar-por-la-desaparicion-de-steve-orloff\/#primaryimage"},"image":{"@id":"https:\/\/www.todoalfalfa.com.ar\/noticias\/hondo-pesar-por-la-desaparicion-de-steve-orloff\/#primaryimage"},"thumbnailUrl":"https:\/\/i0.wp.com\/www.todoalfalfa.com.ar\/noticias\/wp-content\/uploads\/2017\/10\/Steve_Orloff.jpg?fit=777%2C437&ssl=1","datePublished":"2017-10-09T20:40:55+00:00","dateModified":"2017-10-10T14:54:24+00:00","breadcrumb":{"@id":"https:\/\/www.todoalfalfa.com.ar\/noticias\/hondo-pesar-por-la-desaparicion-de-steve-orloff\/#breadcrumb"},"inLanguage":"es","potentialAction":[{"@type":"ReadAction","target":["https:\/\/www.todoalfalfa.com.ar\/noticias\/hondo-pesar-por-la-desaparicion-de-steve-orloff\/"]}]},{"@type":"ImageObject","inLanguage":"es","@id":"https:\/\/www.todoalfalfa.com.ar\/noticias\/hondo-pesar-por-la-desaparicion-de-steve-orloff\/#primaryimage","url":"https:\/\/i0.wp.com\/www.todoalfalfa.com.ar\/noticias\/wp-content\/uploads\/2017\/10\/Steve_Orloff.jpg?fit=777%2C437&ssl=1","contentUrl":"https:\/\/i0.wp.com\/www.todoalfalfa.com.ar\/noticias\/wp-content\/uploads\/2017\/10\/Steve_Orloff.jpg?fit=777%2C437&ssl=1","width":777,"height":437},{"@type":"BreadcrumbList","@id":"https:\/\/www.todoalfalfa.com.ar\/noticias\/hondo-pesar-por-la-desaparicion-de-steve-orloff\/#breadcrumb","itemListElement":[{"@type":"ListItem","position":1,"name":"Principal","item":"https:\/\/www.todoalfalfa.com.ar\/noticias\/"},{"@type":"ListItem","position":2,"name":"Hondo pesar por el fallecimiento de Steve Orloff"}]},{"@type":"WebSite","@id":"https:\/\/www.todoalfalfa.com.ar\/noticias\/#website","url":"https:\/\/www.todoalfalfa.com.ar\/noticias\/","name":"Todo Alfalfa","description":"Web informativa de la cadena de la alfalfa argentina","publisher":{"@id":"https:\/\/www.todoalfalfa.com.ar\/noticias\/#organization"},"potentialAction":[{"@type":"SearchAction","target":{"@type":"EntryPoint","urlTemplate":"https:\/\/www.todoalfalfa.com.ar\/noticias\/?s={search_term_string}"},"query-input":{"@type":"PropertyValueSpecification","valueRequired":true,"valueName":"search_term_string"}}],"inLanguage":"es"},{"@type":"Organization","@id":"https:\/\/www.todoalfalfa.com.ar\/noticias\/#organization","name":"Todo Alfalfa","url":"https:\/\/www.todoalfalfa.com.ar\/noticias\/","logo":{"@type":"ImageObject","inLanguage":"es","@id":"https:\/\/www.todoalfalfa.com.ar\/noticias\/#\/schema\/logo\/image\/","url":"https:\/\/www.todoalfalfa.com.ar\/noticias\/wp-content\/uploads\/2020\/09\/logo-todo-alfalfa-modificado.png","contentUrl":"https:\/\/www.todoalfalfa.com.ar\/noticias\/wp-content\/uploads\/2020\/09\/logo-todo-alfalfa-modificado.png","width":350,"height":100,"caption":"Todo Alfalfa"},"image":{"@id":"https:\/\/www.todoalfalfa.com.ar\/noticias\/#\/schema\/logo\/image\/"},"sameAs":["https:\/\/www.facebook.com\/todoalfalfa","https:\/\/www.instagram.com\/todoalfalfa","https:\/\/www.youtube.com\/@TodoAlfalfa","https:\/\/www.linkedin.com\/company\/todoalfalfa\/"]},{"@type":"Person","@id":"https:\/\/www.todoalfalfa.com.ar\/noticias\/#\/schema\/person\/4ee4bca9b9fa50c4f0fbaf7017fbf2ad","name":"Todo Alfalfa","image":{"@type":"ImageObject","inLanguage":"es","@id":"https:\/\/www.todoalfalfa.com.ar\/noticias\/#\/schema\/person\/image\/","url":"https:\/\/secure.gravatar.com\/avatar\/4d26a600a1380823a26c3f9cb74ada1a8ee4b482c0c3a616ab022b865c46be8f?s=96&d=mm&r=g","contentUrl":"https:\/\/secure.gravatar.com\/avatar\/4d26a600a1380823a26c3f9cb74ada1a8ee4b482c0c3a616ab022b865c46be8f?s=96&d=mm&r=g","caption":"Todo Alfalfa"},"sameAs":["http:\/\/www.todoalfalfa.com.ar"],"url":"https:\/\/www.todoalfalfa.com.ar\/noticias\/author\/todoalfalfa\/"}]}},"jetpack_featured_media_url":"https:\/\/i0.wp.com\/www.todoalfalfa.com.ar\/noticias\/wp-content\/uploads\/2017\/10\/Steve_Orloff.jpg?fit=777%2C437&ssl=1","wps_subtitle":"Steve Orloff, un brillante t\u00e9cnico y profesional californiano relacionado al cultivo de la alfalfa, falleci\u00f3 la semana pasada v\u00edctima de c\u00e1ncer. La comunidad universitaria de California, y t\u00e9cnicos de todo el mundo se mostraron conmovidos por la desaparici\u00f3n f\u00edsica y remarcaron la profesionalidad de Orloff.","jetpack_sharing_enabled":true,"_links":{"self":[{"href":"https:\/\/www.todoalfalfa.com.ar\/noticias\/wp-json\/wp\/v2\/posts\/1206","targetHints":{"allow":["GET"]}}],"collection":[{"href":"https:\/\/www.todoalfalfa.com.ar\/noticias\/wp-json\/wp\/v2\/posts"}],"about":[{"href":"https:\/\/www.todoalfalfa.com.ar\/noticias\/wp-json\/wp\/v2\/types\/post"}],"author":[{"embeddable":true,"href":"https:\/\/www.todoalfalfa.com.ar\/noticias\/wp-json\/wp\/v2\/users\/3"}],"replies":[{"embeddable":true,"href":"https:\/\/www.todoalfalfa.com.ar\/noticias\/wp-json\/wp\/v2\/comments?post=1206"}],"version-history":[{"count":0,"href":"https:\/\/www.todoalfalfa.com.ar\/noticias\/wp-json\/wp\/v2\/posts\/1206\/revisions"}],"wp:featuredmedia":[{"embeddable":true,"href":"https:\/\/www.todoalfalfa.com.ar\/noticias\/wp-json\/wp\/v2\/media\/1207"}],"wp:attachment":[{"href":"https:\/\/www.todoalfalfa.com.ar\/noticias\/wp-json\/wp\/v2\/media?parent=1206"}],"wp:term":[{"taxonomy":"category","embeddable":true,"href":"https:\/\/www.todoalfalfa.com.ar\/noticias\/wp-json\/wp\/v2\/categories?post=1206"},{"taxonomy":"post_tag","embeddable":true,"href":"https:\/\/www.todoalfalfa.com.ar\/noticias\/wp-json\/wp\/v2\/tags?post=1206"}],"curies":[{"name":"wp","href":"https:\/\/api.w.org\/{rel}","templated":true}]}}