{"id":1294,"date":"2017-10-25T10:39:51","date_gmt":"2017-10-25T13:39:51","guid":{"rendered":"https:\/\/todoalfalfa.com.ar\/?p=1294"},"modified":"2017-10-25T10:39:51","modified_gmt":"2017-10-25T13:39:51","slug":"se-realizo-la-quinta-reunion-de-la-red-argentina-de-salinidad-en-san-luis","status":"publish","type":"post","link":"https:\/\/www.todoalfalfa.com.ar\/noticias\/se-realizo-la-quinta-reunion-de-la-red-argentina-de-salinidad-en-san-luis\/","title":{"rendered":"Se realiz\u00f3 la quinta reuni\u00f3n de la Red Argentina de Salinidad en San Luis"},"content":{"rendered":"<p>A lo largo de la reuni\u00f3n, se presentaron las siguientes conferencias:<\/p>\n<p>-Mejoramiento gen\u00e9tico para tolerancia a la salinidad en forrajeras silvestres, a cargo del Dr. Juan M. Zabala.<\/p>\n<p>-Tolerancia a la salinidad y alcalinidad en gram\u00edneas forrajeras subtropicales perennes, a cargo de la Dra. Edith Taleisnik.<\/p>\n<p>-El cambio clim\u00e1tico: historia natural, trasfondo pol\u00edtico y posibles consecuencias, a cargo del Dr. Eduardo Sierra.<\/p>\n<p>-R\u00edo Nuevo: historia, causas y significado para el resto de la llanura chaco-pampeana, a cargo del Dr. Esteban Jobbagy.<\/p>\n<p>Y se realizaron las mesas redondas:<\/p>\n<p>-Forrajeras para ambientes salinos. Nuevas especies y herramientas, a cargo de los Dres Karina Ribichich, Juan M. Zabala y Carlos Passera.<\/p>\n<p>-Transferencia del conocimiento en mecanismos de tolerancia a la mejora de germoplasma para condiciones de salinidad, a cargo de los Dres. Edith Taleisnik, Oscar Ruiz y Virginia Luna.<\/p>\n<p>-Cambio clim\u00e1tico, excesos h\u00eddricos y degradaci\u00f3n, a cargo de los Dres. Sebasti\u00e1n Chiacchiera, Jos\u00e9 Cisneros y Eduardo Sierra.<\/p>\n<p>-\u00bfQu\u00e9 hacer con el R\u00edo Nuevo? Por el Dr. Esteban Jobbagy, el Ing. Agr. Emiliano Colazo, y el Ing. Agr. \u00c1ngel Cignetti.<\/p>\n<p>Paralelamente, durante los d\u00edas 4 y 5 se llevaron a cabo sesiones de p\u00f3sters, y se entregaron los premios Le\u00f3n Nijensohn, que en el primer d\u00eda fueron para estos trabajos:<\/p>\n<p>Primer premio: Cambios en el stock de C y N, y en la estabilidad estructural a partir de la introducci\u00f3n de Paspalum coloratum en una pradera de hal\u00f3fitas, en la Pampa Deprimida, de Di Bella y col.<\/p>\n<p>Segundo premio: Selecci\u00f3n de genotipos de trichloris crinita y T. pluriflora basada en la respuesta morfofisiol\u00f3gica al estr\u00e9s salino en crecimiento inicial, de Marinoni y col.<\/p>\n<p>Tercer premio: Estudio de la variaci\u00f3n espacial de la composici\u00f3n qu\u00edmica del acu\u00edfero pampeano en la cuenca del arroyo del Azul y su relaci\u00f3n con la geomorfolog\u00eda y los suelos, de Zabala y col.<\/p>\n<p>En tanto que el segundo d\u00eda los premiados fueron los siguientes:<\/p>\n<p>Primer premio: Indicios de salinizaci\u00f3n secundaria en el sudeste santiague\u00f1o, la punta de un iceberg para la sustentabilidad de la agricultura en el chaco semi\u00e1rido, de Gim\u00e9nez y col.<\/p>\n<p>Segundo premio: La tasa fotosint\u00e9tica y su relaci\u00f3n con la conductancia del mes\u00f3filo y variables de fluorescencia en plant\u00ednes de Jatropha curcas, sujetos a altos niveles de salinidad, de Dorta-Santos y col.<\/p>\n<p>Tercer premio: Flujos de \u00f3xido nitroso en Natracuoles con distintos manejos del pastizal en la cuenca del Salado, de P\u00e9rez y col.<\/p>\n<p>Los premios consistieron en libros donados por Orientaci\u00f3n Gr\u00e1fica Editora. El primer premio de los p\u00f3sters fue presentado por docentes de la Facultad. En otros p\u00f3sters participaron docentes de las C\u00e1tedras de Cultivos industriales, Edafolog\u00eda, Fertilidad y Fertilizantes, Gen\u00e9tica, Forrajicultura y Microbiolog\u00eda.<\/p>\n<p>Adem\u00e1s, el jueves 5 se present\u00f3 el libro \u00abAmbientes salinos y alcalinos de la Argentina: recursos y aprovechamiento productivo\u00bb de Taleisnik y Lavado. Y posteriormente se llev\u00f3 a cabo la asamblea de la RAS. En la misma se resolvi\u00f3 que la pr\u00f3xima RAS se llevar\u00e1 a cabo en la Ciudad de Buenos Aires en 2019 y que se realizar\u00e1 una jornada en C\u00f3rdoba en 2018, en conmemoraci\u00f3n del cent\u00e9simo aniversario de la Reforma Universitaria. Por otro lado, se organizar\u00e1 un banco de informaci\u00f3n sobre forrajeras para suelos afectados por sales.<\/p>\n<p>Cabe resaltar que, previo a la realizaci\u00f3n de la V Reuni\u00f3n de la Red Argentina de Salinidad y en instalaciones de la Universidad de San Luis, se dict\u00f3 el curso de posgrado Combatir la salinizaci\u00f3n y conservar los ecosistemas salinos: un reto para la gesti\u00f3n de los recursos en ambientes semi\u00e1ridos, en el contexto del cambio clim\u00e1tico. El curso estuvo a cargo de los Profesores Dr. Jos\u00e9 \u00c1lvarez-Rogel (Universidad Polit\u00e9cnica de Cartagena, Espa\u00f1a) y el Ing. Agr. Ra\u00fal S. Lavado (Profesor Consulto de la FAUBA y Presidente de la Red Argentina de Salinidad). Participaron numerosos estudiantes que se acercaron desde distintos puntos del pa\u00eds.<\/p>\n<div class=\"todoalfalfa-final-de-la-nota\" id=\"todoalfalfa-3456891009\"><a href=\"https:\/\/www.whatsapp.com\/channel\/0029VbCBmFB9WtBxJsD3eC2i\" target=\"_blank\" aria-label=\"5\"><img src=\"https:\/\/i0.wp.com\/www.todoalfalfa.com.ar\/noticias\/wp-content\/uploads\/2026\/04\/5.gif?fit=728%2C90&#038;ssl=1\" alt=\"\"  width=\"728\" height=\"90\"   \/><\/a><\/div>","protected":false},"excerpt":{"rendered":"<p>A lo largo de la reuni&oacute;n, se presentaron las siguientes conferencias: -Mejoramiento gen&eacute;tico para tolerancia a la salinidad en forrajeras&#8230;<\/p>\n","protected":false},"author":3,"featured_media":1295,"comment_status":"closed","ping_status":"open","sticky":false,"template":"","format":"standard","meta":{"jetpack_post_was_ever_published":false,"_jetpack_newsletter_access":"","_jetpack_dont_email_post_to_subs":false,"_jetpack_newsletter_tier_id":0,"_jetpack_memberships_contains_paywalled_content":false,"_jetpack_memberships_contains_paid_content":false,"footnotes":""},"categories":[2],"tags":[105,44,219,217,216,116,220,218],"class_list":["post-1294","post","type-post","status-publish","format-standard","has-post-thumbnail","hentry","category-generales","tag-argentina","tag-luis","tag-mercedes","tag-red","tag-reunion","tag-salinidad","tag-san","tag-villa"],"yoast_head":"<!-- This site is optimized with the Yoast SEO plugin v25.5 - https:\/\/yoast.com\/wordpress\/plugins\/seo\/ -->\n<title>Se realiz\u00f3 la quinta reuni\u00f3n de la Red Argentina de Salinidad en San Luis<\/title>\n<meta name=\"robots\" content=\"index, follow, max-snippet:-1, max-image-preview:large, max-video-preview:-1\" \/>\n<link rel=\"canonical\" href=\"https:\/\/www.todoalfalfa.com.ar\/noticias\/se-realizo-la-quinta-reunion-de-la-red-argentina-de-salinidad-en-san-luis\/\" \/>\n<meta property=\"og:locale\" content=\"es_ES\" \/>\n<meta property=\"og:type\" content=\"article\" \/>\n<meta property=\"og:title\" content=\"Se realiz\u00f3 la quinta reuni\u00f3n de la Red Argentina de Salinidad en San Luis\" \/>\n<meta property=\"og:description\" content=\"A lo largo de la reuni&oacute;n, se presentaron las siguientes conferencias: -Mejoramiento gen&eacute;tico para tolerancia a la salinidad en forrajeras...\" \/>\n<meta property=\"og:url\" content=\"https:\/\/www.todoalfalfa.com.ar\/noticias\/se-realizo-la-quinta-reunion-de-la-red-argentina-de-salinidad-en-san-luis\/\" \/>\n<meta property=\"og:site_name\" content=\"Todo Alfalfa\" \/>\n<meta property=\"article:publisher\" content=\"https:\/\/www.facebook.com\/todoalfalfa\" \/>\n<meta property=\"article:published_time\" content=\"2017-10-25T13:39:51+00:00\" \/>\n<meta property=\"og:image\" content=\"https:\/\/www.todoalfalfa.com.ar\/noticias\/wp-content\/uploads\/2017\/10\/reunion_salinidad_sanluis.jpg\" \/>\n\t<meta property=\"og:image:width\" content=\"777\" \/>\n\t<meta property=\"og:image:height\" content=\"437\" \/>\n\t<meta property=\"og:image:type\" content=\"image\/jpeg\" \/>\n<meta name=\"author\" content=\"Todo Alfalfa\" \/>\n<meta name=\"twitter:card\" content=\"summary_large_image\" \/>\n<meta name=\"twitter:label1\" content=\"Escrito por\" \/>\n\t<meta name=\"twitter:data1\" content=\"Todo Alfalfa\" \/>\n\t<meta name=\"twitter:label2\" content=\"Tiempo de lectura\" \/>\n\t<meta name=\"twitter:data2\" content=\"3 minutos\" \/>\n<script type=\"application\/ld+json\" class=\"yoast-schema-graph\">{\"@context\":\"https:\/\/schema.org\",\"@graph\":[{\"@type\":\"NewsArticle\",\"@id\":\"https:\/\/www.todoalfalfa.com.ar\/noticias\/se-realizo-la-quinta-reunion-de-la-red-argentina-de-salinidad-en-san-luis\/#article\",\"isPartOf\":{\"@id\":\"https:\/\/www.todoalfalfa.com.ar\/noticias\/se-realizo-la-quinta-reunion-de-la-red-argentina-de-salinidad-en-san-luis\/\"},\"author\":{\"name\":\"Todo Alfalfa\",\"@id\":\"https:\/\/www.todoalfalfa.com.ar\/noticias\/#\/schema\/person\/4ee4bca9b9fa50c4f0fbaf7017fbf2ad\"},\"headline\":\"Se realiz\u00f3 la quinta reuni\u00f3n de la Red Argentina de Salinidad en San Luis\",\"datePublished\":\"2017-10-25T13:39:51+00:00\",\"mainEntityOfPage\":{\"@id\":\"https:\/\/www.todoalfalfa.com.ar\/noticias\/se-realizo-la-quinta-reunion-de-la-red-argentina-de-salinidad-en-san-luis\/\"},\"wordCount\":704,\"publisher\":{\"@id\":\"https:\/\/www.todoalfalfa.com.ar\/noticias\/#organization\"},\"image\":{\"@id\":\"https:\/\/www.todoalfalfa.com.ar\/noticias\/se-realizo-la-quinta-reunion-de-la-red-argentina-de-salinidad-en-san-luis\/#primaryimage\"},\"thumbnailUrl\":\"https:\/\/i0.wp.com\/www.todoalfalfa.com.ar\/noticias\/wp-content\/uploads\/2017\/10\/reunion_salinidad_sanluis.jpg?fit=777%2C437&ssl=1\",\"keywords\":[\"Argentina\",\"Luis\",\"Mercedes\",\"red\",\"reuni\u00f3n\",\"salinidad\",\"San\",\"Villa\"],\"articleSection\":[\"Generales\"],\"inLanguage\":\"es\"},{\"@type\":[\"WebPage\",\"ItemPage\"],\"@id\":\"https:\/\/www.todoalfalfa.com.ar\/noticias\/se-realizo-la-quinta-reunion-de-la-red-argentina-de-salinidad-en-san-luis\/\",\"url\":\"https:\/\/www.todoalfalfa.com.ar\/noticias\/se-realizo-la-quinta-reunion-de-la-red-argentina-de-salinidad-en-san-luis\/\",\"name\":\"Se realiz\u00f3 la quinta reuni\u00f3n de la Red Argentina de Salinidad en San Luis\",\"isPartOf\":{\"@id\":\"https:\/\/www.todoalfalfa.com.ar\/noticias\/#website\"},\"primaryImageOfPage\":{\"@id\":\"https:\/\/www.todoalfalfa.com.ar\/noticias\/se-realizo-la-quinta-reunion-de-la-red-argentina-de-salinidad-en-san-luis\/#primaryimage\"},\"image\":{\"@id\":\"https:\/\/www.todoalfalfa.com.ar\/noticias\/se-realizo-la-quinta-reunion-de-la-red-argentina-de-salinidad-en-san-luis\/#primaryimage\"},\"thumbnailUrl\":\"https:\/\/i0.wp.com\/www.todoalfalfa.com.ar\/noticias\/wp-content\/uploads\/2017\/10\/reunion_salinidad_sanluis.jpg?fit=777%2C437&ssl=1\",\"datePublished\":\"2017-10-25T13:39:51+00:00\",\"breadcrumb\":{\"@id\":\"https:\/\/www.todoalfalfa.com.ar\/noticias\/se-realizo-la-quinta-reunion-de-la-red-argentina-de-salinidad-en-san-luis\/#breadcrumb\"},\"inLanguage\":\"es\",\"potentialAction\":[{\"@type\":\"ReadAction\",\"target\":[\"https:\/\/www.todoalfalfa.com.ar\/noticias\/se-realizo-la-quinta-reunion-de-la-red-argentina-de-salinidad-en-san-luis\/\"]}]},{\"@type\":\"ImageObject\",\"inLanguage\":\"es\",\"@id\":\"https:\/\/www.todoalfalfa.com.ar\/noticias\/se-realizo-la-quinta-reunion-de-la-red-argentina-de-salinidad-en-san-luis\/#primaryimage\",\"url\":\"https:\/\/i0.wp.com\/www.todoalfalfa.com.ar\/noticias\/wp-content\/uploads\/2017\/10\/reunion_salinidad_sanluis.jpg?fit=777%2C437&ssl=1\",\"contentUrl\":\"https:\/\/i0.wp.com\/www.todoalfalfa.com.ar\/noticias\/wp-content\/uploads\/2017\/10\/reunion_salinidad_sanluis.jpg?fit=777%2C437&ssl=1\",\"width\":777,\"height\":437},{\"@type\":\"BreadcrumbList\",\"@id\":\"https:\/\/www.todoalfalfa.com.ar\/noticias\/se-realizo-la-quinta-reunion-de-la-red-argentina-de-salinidad-en-san-luis\/#breadcrumb\",\"itemListElement\":[{\"@type\":\"ListItem\",\"position\":1,\"name\":\"Principal\",\"item\":\"https:\/\/www.todoalfalfa.com.ar\/noticias\/\"},{\"@type\":\"ListItem\",\"position\":2,\"name\":\"Se realiz\u00f3 la quinta reuni\u00f3n de la Red Argentina de Salinidad en San Luis\"}]},{\"@type\":\"WebSite\",\"@id\":\"https:\/\/www.todoalfalfa.com.ar\/noticias\/#website\",\"url\":\"https:\/\/www.todoalfalfa.com.ar\/noticias\/\",\"name\":\"Todo Alfalfa\",\"description\":\"Web informativa de la cadena de la alfalfa argentina\",\"publisher\":{\"@id\":\"https:\/\/www.todoalfalfa.com.ar\/noticias\/#organization\"},\"potentialAction\":[{\"@type\":\"SearchAction\",\"target\":{\"@type\":\"EntryPoint\",\"urlTemplate\":\"https:\/\/www.todoalfalfa.com.ar\/noticias\/?s={search_term_string}\"},\"query-input\":{\"@type\":\"PropertyValueSpecification\",\"valueRequired\":true,\"valueName\":\"search_term_string\"}}],\"inLanguage\":\"es\"},{\"@type\":\"Organization\",\"@id\":\"https:\/\/www.todoalfalfa.com.ar\/noticias\/#organization\",\"name\":\"Todo Alfalfa\",\"url\":\"https:\/\/www.todoalfalfa.com.ar\/noticias\/\",\"logo\":{\"@type\":\"ImageObject\",\"inLanguage\":\"es\",\"@id\":\"https:\/\/www.todoalfalfa.com.ar\/noticias\/#\/schema\/logo\/image\/\",\"url\":\"https:\/\/www.todoalfalfa.com.ar\/noticias\/wp-content\/uploads\/2020\/09\/logo-todo-alfalfa-modificado.png\",\"contentUrl\":\"https:\/\/www.todoalfalfa.com.ar\/noticias\/wp-content\/uploads\/2020\/09\/logo-todo-alfalfa-modificado.png\",\"width\":350,\"height\":100,\"caption\":\"Todo Alfalfa\"},\"image\":{\"@id\":\"https:\/\/www.todoalfalfa.com.ar\/noticias\/#\/schema\/logo\/image\/\"},\"sameAs\":[\"https:\/\/www.facebook.com\/todoalfalfa\",\"https:\/\/www.instagram.com\/todoalfalfa\",\"https:\/\/www.youtube.com\/@TodoAlfalfa\",\"https:\/\/www.linkedin.com\/company\/todoalfalfa\/\"]},{\"@type\":\"Person\",\"@id\":\"https:\/\/www.todoalfalfa.com.ar\/noticias\/#\/schema\/person\/4ee4bca9b9fa50c4f0fbaf7017fbf2ad\",\"name\":\"Todo Alfalfa\",\"image\":{\"@type\":\"ImageObject\",\"inLanguage\":\"es\",\"@id\":\"https:\/\/www.todoalfalfa.com.ar\/noticias\/#\/schema\/person\/image\/\",\"url\":\"https:\/\/secure.gravatar.com\/avatar\/4d26a600a1380823a26c3f9cb74ada1a8ee4b482c0c3a616ab022b865c46be8f?s=96&d=mm&r=g\",\"contentUrl\":\"https:\/\/secure.gravatar.com\/avatar\/4d26a600a1380823a26c3f9cb74ada1a8ee4b482c0c3a616ab022b865c46be8f?s=96&d=mm&r=g\",\"caption\":\"Todo Alfalfa\"},\"sameAs\":[\"http:\/\/www.todoalfalfa.com.ar\"],\"url\":\"https:\/\/www.todoalfalfa.com.ar\/noticias\/author\/todoalfalfa\/\"}]}<\/script>\n<!-- \/ Yoast SEO plugin. -->","yoast_head_json":{"title":"Se realiz\u00f3 la quinta reuni\u00f3n de la Red Argentina de Salinidad en San Luis","robots":{"index":"index","follow":"follow","max-snippet":"max-snippet:-1","max-image-preview":"max-image-preview:large","max-video-preview":"max-video-preview:-1"},"canonical":"https:\/\/www.todoalfalfa.com.ar\/noticias\/se-realizo-la-quinta-reunion-de-la-red-argentina-de-salinidad-en-san-luis\/","og_locale":"es_ES","og_type":"article","og_title":"Se realiz\u00f3 la quinta reuni\u00f3n de la Red Argentina de Salinidad en San Luis","og_description":"A lo largo de la reuni&oacute;n, se presentaron las siguientes conferencias: -Mejoramiento gen&eacute;tico para tolerancia a la salinidad en forrajeras...","og_url":"https:\/\/www.todoalfalfa.com.ar\/noticias\/se-realizo-la-quinta-reunion-de-la-red-argentina-de-salinidad-en-san-luis\/","og_site_name":"Todo Alfalfa","article_publisher":"https:\/\/www.facebook.com\/todoalfalfa","article_published_time":"2017-10-25T13:39:51+00:00","og_image":[{"width":777,"height":437,"url":"https:\/\/www.todoalfalfa.com.ar\/noticias\/wp-content\/uploads\/2017\/10\/reunion_salinidad_sanluis.jpg","type":"image\/jpeg"}],"author":"Todo Alfalfa","twitter_card":"summary_large_image","twitter_misc":{"Escrito por":"Todo Alfalfa","Tiempo de lectura":"3 minutos"},"schema":{"@context":"https:\/\/schema.org","@graph":[{"@type":"NewsArticle","@id":"https:\/\/www.todoalfalfa.com.ar\/noticias\/se-realizo-la-quinta-reunion-de-la-red-argentina-de-salinidad-en-san-luis\/#article","isPartOf":{"@id":"https:\/\/www.todoalfalfa.com.ar\/noticias\/se-realizo-la-quinta-reunion-de-la-red-argentina-de-salinidad-en-san-luis\/"},"author":{"name":"Todo Alfalfa","@id":"https:\/\/www.todoalfalfa.com.ar\/noticias\/#\/schema\/person\/4ee4bca9b9fa50c4f0fbaf7017fbf2ad"},"headline":"Se realiz\u00f3 la quinta reuni\u00f3n de la Red Argentina de Salinidad en San Luis","datePublished":"2017-10-25T13:39:51+00:00","mainEntityOfPage":{"@id":"https:\/\/www.todoalfalfa.com.ar\/noticias\/se-realizo-la-quinta-reunion-de-la-red-argentina-de-salinidad-en-san-luis\/"},"wordCount":704,"publisher":{"@id":"https:\/\/www.todoalfalfa.com.ar\/noticias\/#organization"},"image":{"@id":"https:\/\/www.todoalfalfa.com.ar\/noticias\/se-realizo-la-quinta-reunion-de-la-red-argentina-de-salinidad-en-san-luis\/#primaryimage"},"thumbnailUrl":"https:\/\/i0.wp.com\/www.todoalfalfa.com.ar\/noticias\/wp-content\/uploads\/2017\/10\/reunion_salinidad_sanluis.jpg?fit=777%2C437&ssl=1","keywords":["Argentina","Luis","Mercedes","red","reuni\u00f3n","salinidad","San","Villa"],"articleSection":["Generales"],"inLanguage":"es"},{"@type":["WebPage","ItemPage"],"@id":"https:\/\/www.todoalfalfa.com.ar\/noticias\/se-realizo-la-quinta-reunion-de-la-red-argentina-de-salinidad-en-san-luis\/","url":"https:\/\/www.todoalfalfa.com.ar\/noticias\/se-realizo-la-quinta-reunion-de-la-red-argentina-de-salinidad-en-san-luis\/","name":"Se realiz\u00f3 la quinta reuni\u00f3n de la Red Argentina de Salinidad en San Luis","isPartOf":{"@id":"https:\/\/www.todoalfalfa.com.ar\/noticias\/#website"},"primaryImageOfPage":{"@id":"https:\/\/www.todoalfalfa.com.ar\/noticias\/se-realizo-la-quinta-reunion-de-la-red-argentina-de-salinidad-en-san-luis\/#primaryimage"},"image":{"@id":"https:\/\/www.todoalfalfa.com.ar\/noticias\/se-realizo-la-quinta-reunion-de-la-red-argentina-de-salinidad-en-san-luis\/#primaryimage"},"thumbnailUrl":"https:\/\/i0.wp.com\/www.todoalfalfa.com.ar\/noticias\/wp-content\/uploads\/2017\/10\/reunion_salinidad_sanluis.jpg?fit=777%2C437&ssl=1","datePublished":"2017-10-25T13:39:51+00:00","breadcrumb":{"@id":"https:\/\/www.todoalfalfa.com.ar\/noticias\/se-realizo-la-quinta-reunion-de-la-red-argentina-de-salinidad-en-san-luis\/#breadcrumb"},"inLanguage":"es","potentialAction":[{"@type":"ReadAction","target":["https:\/\/www.todoalfalfa.com.ar\/noticias\/se-realizo-la-quinta-reunion-de-la-red-argentina-de-salinidad-en-san-luis\/"]}]},{"@type":"ImageObject","inLanguage":"es","@id":"https:\/\/www.todoalfalfa.com.ar\/noticias\/se-realizo-la-quinta-reunion-de-la-red-argentina-de-salinidad-en-san-luis\/#primaryimage","url":"https:\/\/i0.wp.com\/www.todoalfalfa.com.ar\/noticias\/wp-content\/uploads\/2017\/10\/reunion_salinidad_sanluis.jpg?fit=777%2C437&ssl=1","contentUrl":"https:\/\/i0.wp.com\/www.todoalfalfa.com.ar\/noticias\/wp-content\/uploads\/2017\/10\/reunion_salinidad_sanluis.jpg?fit=777%2C437&ssl=1","width":777,"height":437},{"@type":"BreadcrumbList","@id":"https:\/\/www.todoalfalfa.com.ar\/noticias\/se-realizo-la-quinta-reunion-de-la-red-argentina-de-salinidad-en-san-luis\/#breadcrumb","itemListElement":[{"@type":"ListItem","position":1,"name":"Principal","item":"https:\/\/www.todoalfalfa.com.ar\/noticias\/"},{"@type":"ListItem","position":2,"name":"Se realiz\u00f3 la quinta reuni\u00f3n de la Red Argentina de Salinidad en San Luis"}]},{"@type":"WebSite","@id":"https:\/\/www.todoalfalfa.com.ar\/noticias\/#website","url":"https:\/\/www.todoalfalfa.com.ar\/noticias\/","name":"Todo Alfalfa","description":"Web informativa de la cadena de la alfalfa argentina","publisher":{"@id":"https:\/\/www.todoalfalfa.com.ar\/noticias\/#organization"},"potentialAction":[{"@type":"SearchAction","target":{"@type":"EntryPoint","urlTemplate":"https:\/\/www.todoalfalfa.com.ar\/noticias\/?s={search_term_string}"},"query-input":{"@type":"PropertyValueSpecification","valueRequired":true,"valueName":"search_term_string"}}],"inLanguage":"es"},{"@type":"Organization","@id":"https:\/\/www.todoalfalfa.com.ar\/noticias\/#organization","name":"Todo Alfalfa","url":"https:\/\/www.todoalfalfa.com.ar\/noticias\/","logo":{"@type":"ImageObject","inLanguage":"es","@id":"https:\/\/www.todoalfalfa.com.ar\/noticias\/#\/schema\/logo\/image\/","url":"https:\/\/www.todoalfalfa.com.ar\/noticias\/wp-content\/uploads\/2020\/09\/logo-todo-alfalfa-modificado.png","contentUrl":"https:\/\/www.todoalfalfa.com.ar\/noticias\/wp-content\/uploads\/2020\/09\/logo-todo-alfalfa-modificado.png","width":350,"height":100,"caption":"Todo Alfalfa"},"image":{"@id":"https:\/\/www.todoalfalfa.com.ar\/noticias\/#\/schema\/logo\/image\/"},"sameAs":["https:\/\/www.facebook.com\/todoalfalfa","https:\/\/www.instagram.com\/todoalfalfa","https:\/\/www.youtube.com\/@TodoAlfalfa","https:\/\/www.linkedin.com\/company\/todoalfalfa\/"]},{"@type":"Person","@id":"https:\/\/www.todoalfalfa.com.ar\/noticias\/#\/schema\/person\/4ee4bca9b9fa50c4f0fbaf7017fbf2ad","name":"Todo Alfalfa","image":{"@type":"ImageObject","inLanguage":"es","@id":"https:\/\/www.todoalfalfa.com.ar\/noticias\/#\/schema\/person\/image\/","url":"https:\/\/secure.gravatar.com\/avatar\/4d26a600a1380823a26c3f9cb74ada1a8ee4b482c0c3a616ab022b865c46be8f?s=96&d=mm&r=g","contentUrl":"https:\/\/secure.gravatar.com\/avatar\/4d26a600a1380823a26c3f9cb74ada1a8ee4b482c0c3a616ab022b865c46be8f?s=96&d=mm&r=g","caption":"Todo Alfalfa"},"sameAs":["http:\/\/www.todoalfalfa.com.ar"],"url":"https:\/\/www.todoalfalfa.com.ar\/noticias\/author\/todoalfalfa\/"}]}},"jetpack_featured_media_url":"https:\/\/i0.wp.com\/www.todoalfalfa.com.ar\/noticias\/wp-content\/uploads\/2017\/10\/reunion_salinidad_sanluis.jpg?fit=777%2C437&ssl=1","wps_subtitle":"Del 4 al 6 de octubre se llev\u00f3 a cabo en Villa Mercedes, San Luis, la V Reuni\u00f3n de la Red Argentina de Salinidad: \u201cSalinidad, un desaf\u00edo para el semi\u00e1rido. An\u00e1lisis de un problema que asume nuevas formas de expansi\u00f3n\u201d, desarrollada por una Comisi\u00f3n Organizadora, dirigida por el Profesor Osvaldo Barbosa.","jetpack_sharing_enabled":true,"_links":{"self":[{"href":"https:\/\/www.todoalfalfa.com.ar\/noticias\/wp-json\/wp\/v2\/posts\/1294","targetHints":{"allow":["GET"]}}],"collection":[{"href":"https:\/\/www.todoalfalfa.com.ar\/noticias\/wp-json\/wp\/v2\/posts"}],"about":[{"href":"https:\/\/www.todoalfalfa.com.ar\/noticias\/wp-json\/wp\/v2\/types\/post"}],"author":[{"embeddable":true,"href":"https:\/\/www.todoalfalfa.com.ar\/noticias\/wp-json\/wp\/v2\/users\/3"}],"replies":[{"embeddable":true,"href":"https:\/\/www.todoalfalfa.com.ar\/noticias\/wp-json\/wp\/v2\/comments?post=1294"}],"version-history":[{"count":0,"href":"https:\/\/www.todoalfalfa.com.ar\/noticias\/wp-json\/wp\/v2\/posts\/1294\/revisions"}],"wp:featuredmedia":[{"embeddable":true,"href":"https:\/\/www.todoalfalfa.com.ar\/noticias\/wp-json\/wp\/v2\/media\/1295"}],"wp:attachment":[{"href":"https:\/\/www.todoalfalfa.com.ar\/noticias\/wp-json\/wp\/v2\/media?parent=1294"}],"wp:term":[{"taxonomy":"category","embeddable":true,"href":"https:\/\/www.todoalfalfa.com.ar\/noticias\/wp-json\/wp\/v2\/categories?post=1294"},{"taxonomy":"post_tag","embeddable":true,"href":"https:\/\/www.todoalfalfa.com.ar\/noticias\/wp-json\/wp\/v2\/tags?post=1294"}],"curies":[{"name":"wp","href":"https:\/\/api.w.org\/{rel}","templated":true}]}}