{"id":1312,"date":"2017-10-31T11:49:38","date_gmt":"2017-10-31T14:49:38","guid":{"rendered":"https:\/\/todoalfalfa.com.ar\/?p=1312"},"modified":"2017-10-31T11:49:38","modified_gmt":"2017-10-31T14:49:38","slug":"siembra-y-manejo-de-pasturas-en-primavera","status":"publish","type":"post","link":"https:\/\/www.todoalfalfa.com.ar\/noticias\/siembra-y-manejo-de-pasturas-en-primavera\/","title":{"rendered":"Siembra y manejo de pasturas en primavera"},"content":{"rendered":"<p>Si bien el oto\u00f1o es la temporada m\u00e1s favorable para la siembra de pasturas, en algunas ocasiones suele ser necesario hacerlo en primavera. Este a\u00f1o, debido a las dificultades clim\u00e1ticas y a una mayor demanda ganadera, se ha expandido su utilizaci\u00f3n. Por ser una pr\u00e1ctica mucho m\u00e1s compleja, el Ing. Agr. Juan Lus, especialista en la tem\u00e1tica, plantea cu\u00e1les son los cuidados adicionales a tener en cuenta para llevarla a cabo exitosamente. El experto disert\u00f3 sobre este tema en la Jornada forrajera a campo en la Escuela Inchausti, que con el objeto de aportar al concepto \u201cEl pasto de calidad, un recurso econ\u00f3mico\u201d tuvo lugar el mi\u00e9rcoles 4 de octubre, en la provincia de Buenos Aires.<\/p>\n<p>Al inicio de la primavera, la temperatura del aire asciende con rapidez pero los suelos demoran en calentarse, por lo que las germinaciones son m\u00e1s lentas y heterog\u00e9neas que las de oto\u00f1o. Las ra\u00edces mostrar\u00e1n un menor desarrollo relativo que el aparato foliar que tender\u00e1 a crecer r\u00e1pidamente. Este desbalance puede dejar expuestas a las plantas a las altas temperaturas y d\u00e9ficit h\u00eddricos durante la primavera-verano.<\/p>\n<p>Asimismo, el desarrollo explosivo de las partes a\u00e9reos, puede propiciar el pastoreo inapropiado, ya que la mayor disponibilidad de forraje induce a adelantar su aprovechamiento, cuando quiz\u00e1s a\u00fan el anclaje de las plantas es deficiente. Si esto no es monitoreado, pueden sobrevenir p\u00e9rdidas de individuos u otros perjuicios si el piso no est\u00e1 consolidado como para tolerar el tr\u00e1nsito animal.<br \/>\nTambi\u00e9n es factible que se provoquen situaciones de dif\u00edcil manejo con los componentes de la mezcla sembrada. Especies de lenta implantaci\u00f3n pueden quedar cubiertas por las m\u00e1s r\u00e1pidas. En este caso, si el forraje desarrollado no es removido, se genera una competencia inter-espec\u00edfica fuerte, con p\u00e9rdidas de poblaci\u00f3n en algunas de las especies.<\/p>\n<p>Otra cuesti\u00f3n importante es cuidar los remanentes post-pastoreo o corte. Las especies tendr\u00e1n un volumen de desarrollo de macollos o coronas a\u00fan incipiente, con lo cual, es posible que la cobertura de suelo no sea completa o queden espacios sin ocupar. Esto, combinado con remanentes post pastoreo muy bajos, pueden llevar a altas temperaturas de suelo en las \u00e1reas descubiertas, que ponen en riesgo la supervivencia de macollos.<\/p>\n<p>Un claro ejemplo es lo que ocurre con las festucas. Est\u00e1 comprobado que con remanentes menores a 3 cm durante enero y febrero, las temperaturas del suelo en superficie pueden llegar a los 50\u00b0C, mientras que si quedan alrededor de 10 cm, dif\u00edcilmente superen los 30\u00b0C. Esto afecta directamente a la supervivencia de los macollos. Para el primer caso, pueden darse mortandades del 40 al 50% de los macollos; mientras que con un mayor remanente, las supervivencias pueden ser del 85-90%.<\/p>\n<p>Un aspecto clave, es la presi\u00f3n de malezas. Si bien siempre es una amenaza importante, para las siembras primaverales lo es a\u00fan m\u00e1s. Las malezas estivales presentan una mayor agresividad que las de oto\u00f1o-invierno, por lo que es prioritario disminuir su presencia con una rotaci\u00f3n, dejando el control qu\u00edmico para corregir las desviaciones del plan integral que tenga el establecimiento.<\/p>\n<p>La situaci\u00f3n m\u00e1s cr\u00edtica se da cuando las malezas predominantes son gram\u00edneas de ciclo estival y, sobre todo, cuando la pastura es consociada. En estos casos, es indispensable la rotaci\u00f3n y manejos previos que bajen la presi\u00f3n poblacional previamente. Hay que estar atento a las malezas C4, que necesitan menos cantidad de agua que las C3 de las pasturas templadas para producir biomasa.<\/p>\n<p><strong>En la pr\u00e1ctica<\/strong><br \/>\nConsiderando las especies forrajeras posibles de ser utilizadas en las siembras de primavera, las anuales templadas no son aconsejables (raigr\u00e1s anual, avena, cebada, tr\u00e9boles anuales), siendo las perennes la opci\u00f3n viable.<\/p>\n<p>Las siembras en cobertura no son recomendables porque son m\u00e1s dependientes de las lluvias, y adem\u00e1s, s\u00f3lo son efectivas cuando se utilizan especies anuales. Como regla pr\u00e1ctica, cuanto m\u00e1s perenne sea la especie en cuesti\u00f3n, menos facilidad de implantaci\u00f3n por siembra a\u00e9rea muestra y m\u00e1s lenta es su instalaci\u00f3n en situaciones normales.<\/p>\n<p>Con respecto al sistema de siembra, comparando la directa y la labranza convencional en la misma fecha durante la primavera, en el primer caso, la temperatura del suelo ser\u00e1 inferior durante el d\u00eda y se enfriar\u00e1 m\u00e1s r\u00e1pido por la tarde, que en el segundo. Por lo tanto, la labranza convencional resulta m\u00e1s conveniente.<\/p>\n<p>Por \u00faltimo, considerando la fecha de siembra, se recomienda hacerla lo m\u00e1s temprano posible una vez que el peligro de heladas intensas se haya disipado. De este modo, se lograr\u00e1 el m\u00e1ximo per\u00edodo para que las pl\u00e1ntulas desarrollen el mejor equilibrio ra\u00edces\/a\u00e9reo y as\u00ed tengan m\u00e1s capacidad de afrontar altas temperaturas y posibles d\u00e9ficits h\u00eddricos durante el verano.<\/p>\n<div class=\"todoalfalfa-final-de-la-nota\" id=\"todoalfalfa-2097965654\"><a href=\"https:\/\/www.whatsapp.com\/channel\/0029VbCBmFB9WtBxJsD3eC2i\" target=\"_blank\" aria-label=\"5\"><img src=\"https:\/\/i0.wp.com\/www.todoalfalfa.com.ar\/noticias\/wp-content\/uploads\/2026\/04\/5.gif?fit=728%2C90&#038;ssl=1\" alt=\"\"  width=\"728\" height=\"90\"   \/><\/a><\/div>","protected":false},"excerpt":{"rendered":"<p>Si bien el oto&ntilde;o es la temporada m&aacute;s favorable para la siembra de pasturas, en algunas ocasiones suele ser necesario&#8230;<\/p>\n","protected":false},"author":3,"featured_media":1313,"comment_status":"closed","ping_status":"open","sticky":false,"template":"","format":"standard","meta":{"jetpack_post_was_ever_published":false,"_jetpack_newsletter_access":"","_jetpack_dont_email_post_to_subs":false,"_jetpack_newsletter_tier_id":0,"_jetpack_memberships_contains_paywalled_content":false,"_jetpack_memberships_contains_paid_content":false,"footnotes":""},"categories":[2],"tags":[211,221,16,17,169,91],"class_list":["post-1312","post","type-post","status-publish","format-standard","has-post-thumbnail","hentry","category-generales","tag-juan","tag-lus","tag-manejo","tag-pasturas","tag-primavera","tag-siembra"],"yoast_head":"<!-- This site is optimized with the Yoast SEO plugin v25.5 - https:\/\/yoast.com\/wordpress\/plugins\/seo\/ -->\n<title>Siembra y manejo de pasturas en primavera<\/title>\n<meta name=\"robots\" content=\"index, follow, max-snippet:-1, max-image-preview:large, max-video-preview:-1\" \/>\n<link rel=\"canonical\" href=\"https:\/\/www.todoalfalfa.com.ar\/noticias\/siembra-y-manejo-de-pasturas-en-primavera\/\" \/>\n<meta property=\"og:locale\" content=\"es_ES\" \/>\n<meta property=\"og:type\" content=\"article\" \/>\n<meta property=\"og:title\" content=\"Siembra y manejo de pasturas en primavera\" \/>\n<meta property=\"og:description\" content=\"Si bien el oto&ntilde;o es la temporada m&aacute;s favorable para la siembra de pasturas, en algunas ocasiones suele ser necesario...\" \/>\n<meta property=\"og:url\" content=\"https:\/\/www.todoalfalfa.com.ar\/noticias\/siembra-y-manejo-de-pasturas-en-primavera\/\" \/>\n<meta property=\"og:site_name\" content=\"Todo Alfalfa\" \/>\n<meta property=\"article:publisher\" content=\"https:\/\/www.facebook.com\/todoalfalfa\" \/>\n<meta property=\"article:published_time\" content=\"2017-10-31T14:49:38+00:00\" \/>\n<meta property=\"og:image\" content=\"https:\/\/www.todoalfalfa.com.ar\/noticias\/wp-content\/uploads\/2017\/10\/siembra-de-alfalfa.jpg\" \/>\n\t<meta property=\"og:image:width\" content=\"777\" \/>\n\t<meta property=\"og:image:height\" content=\"437\" \/>\n\t<meta property=\"og:image:type\" content=\"image\/jpeg\" \/>\n<meta name=\"author\" content=\"Todo Alfalfa\" \/>\n<meta name=\"twitter:card\" content=\"summary_large_image\" \/>\n<meta name=\"twitter:label1\" content=\"Escrito por\" \/>\n\t<meta name=\"twitter:data1\" content=\"Todo Alfalfa\" \/>\n\t<meta name=\"twitter:label2\" content=\"Tiempo de lectura\" \/>\n\t<meta name=\"twitter:data2\" content=\"4 minutos\" \/>\n<script type=\"application\/ld+json\" class=\"yoast-schema-graph\">{\"@context\":\"https:\/\/schema.org\",\"@graph\":[{\"@type\":\"NewsArticle\",\"@id\":\"https:\/\/www.todoalfalfa.com.ar\/noticias\/siembra-y-manejo-de-pasturas-en-primavera\/#article\",\"isPartOf\":{\"@id\":\"https:\/\/www.todoalfalfa.com.ar\/noticias\/siembra-y-manejo-de-pasturas-en-primavera\/\"},\"author\":{\"name\":\"Todo Alfalfa\",\"@id\":\"https:\/\/www.todoalfalfa.com.ar\/noticias\/#\/schema\/person\/4ee4bca9b9fa50c4f0fbaf7017fbf2ad\"},\"headline\":\"Siembra y manejo de pasturas en primavera\",\"datePublished\":\"2017-10-31T14:49:38+00:00\",\"mainEntityOfPage\":{\"@id\":\"https:\/\/www.todoalfalfa.com.ar\/noticias\/siembra-y-manejo-de-pasturas-en-primavera\/\"},\"wordCount\":843,\"publisher\":{\"@id\":\"https:\/\/www.todoalfalfa.com.ar\/noticias\/#organization\"},\"image\":{\"@id\":\"https:\/\/www.todoalfalfa.com.ar\/noticias\/siembra-y-manejo-de-pasturas-en-primavera\/#primaryimage\"},\"thumbnailUrl\":\"https:\/\/i0.wp.com\/www.todoalfalfa.com.ar\/noticias\/wp-content\/uploads\/2017\/10\/siembra-de-alfalfa.jpg?fit=777%2C437&ssl=1\",\"keywords\":[\"Juan\",\"Lus\",\"manejo\",\"pasturas\",\"primavera\",\"siembra\"],\"articleSection\":[\"Generales\"],\"inLanguage\":\"es\"},{\"@type\":[\"WebPage\",\"ItemPage\"],\"@id\":\"https:\/\/www.todoalfalfa.com.ar\/noticias\/siembra-y-manejo-de-pasturas-en-primavera\/\",\"url\":\"https:\/\/www.todoalfalfa.com.ar\/noticias\/siembra-y-manejo-de-pasturas-en-primavera\/\",\"name\":\"Siembra y manejo de pasturas en primavera\",\"isPartOf\":{\"@id\":\"https:\/\/www.todoalfalfa.com.ar\/noticias\/#website\"},\"primaryImageOfPage\":{\"@id\":\"https:\/\/www.todoalfalfa.com.ar\/noticias\/siembra-y-manejo-de-pasturas-en-primavera\/#primaryimage\"},\"image\":{\"@id\":\"https:\/\/www.todoalfalfa.com.ar\/noticias\/siembra-y-manejo-de-pasturas-en-primavera\/#primaryimage\"},\"thumbnailUrl\":\"https:\/\/i0.wp.com\/www.todoalfalfa.com.ar\/noticias\/wp-content\/uploads\/2017\/10\/siembra-de-alfalfa.jpg?fit=777%2C437&ssl=1\",\"datePublished\":\"2017-10-31T14:49:38+00:00\",\"breadcrumb\":{\"@id\":\"https:\/\/www.todoalfalfa.com.ar\/noticias\/siembra-y-manejo-de-pasturas-en-primavera\/#breadcrumb\"},\"inLanguage\":\"es\",\"potentialAction\":[{\"@type\":\"ReadAction\",\"target\":[\"https:\/\/www.todoalfalfa.com.ar\/noticias\/siembra-y-manejo-de-pasturas-en-primavera\/\"]}]},{\"@type\":\"ImageObject\",\"inLanguage\":\"es\",\"@id\":\"https:\/\/www.todoalfalfa.com.ar\/noticias\/siembra-y-manejo-de-pasturas-en-primavera\/#primaryimage\",\"url\":\"https:\/\/i0.wp.com\/www.todoalfalfa.com.ar\/noticias\/wp-content\/uploads\/2017\/10\/siembra-de-alfalfa.jpg?fit=777%2C437&ssl=1\",\"contentUrl\":\"https:\/\/i0.wp.com\/www.todoalfalfa.com.ar\/noticias\/wp-content\/uploads\/2017\/10\/siembra-de-alfalfa.jpg?fit=777%2C437&ssl=1\",\"width\":777,\"height\":437},{\"@type\":\"BreadcrumbList\",\"@id\":\"https:\/\/www.todoalfalfa.com.ar\/noticias\/siembra-y-manejo-de-pasturas-en-primavera\/#breadcrumb\",\"itemListElement\":[{\"@type\":\"ListItem\",\"position\":1,\"name\":\"Principal\",\"item\":\"https:\/\/www.todoalfalfa.com.ar\/noticias\/\"},{\"@type\":\"ListItem\",\"position\":2,\"name\":\"Siembra y manejo de pasturas en primavera\"}]},{\"@type\":\"WebSite\",\"@id\":\"https:\/\/www.todoalfalfa.com.ar\/noticias\/#website\",\"url\":\"https:\/\/www.todoalfalfa.com.ar\/noticias\/\",\"name\":\"Todo Alfalfa\",\"description\":\"Web informativa de la cadena de la alfalfa argentina\",\"publisher\":{\"@id\":\"https:\/\/www.todoalfalfa.com.ar\/noticias\/#organization\"},\"potentialAction\":[{\"@type\":\"SearchAction\",\"target\":{\"@type\":\"EntryPoint\",\"urlTemplate\":\"https:\/\/www.todoalfalfa.com.ar\/noticias\/?s={search_term_string}\"},\"query-input\":{\"@type\":\"PropertyValueSpecification\",\"valueRequired\":true,\"valueName\":\"search_term_string\"}}],\"inLanguage\":\"es\"},{\"@type\":\"Organization\",\"@id\":\"https:\/\/www.todoalfalfa.com.ar\/noticias\/#organization\",\"name\":\"Todo Alfalfa\",\"url\":\"https:\/\/www.todoalfalfa.com.ar\/noticias\/\",\"logo\":{\"@type\":\"ImageObject\",\"inLanguage\":\"es\",\"@id\":\"https:\/\/www.todoalfalfa.com.ar\/noticias\/#\/schema\/logo\/image\/\",\"url\":\"https:\/\/www.todoalfalfa.com.ar\/noticias\/wp-content\/uploads\/2020\/09\/logo-todo-alfalfa-modificado.png\",\"contentUrl\":\"https:\/\/www.todoalfalfa.com.ar\/noticias\/wp-content\/uploads\/2020\/09\/logo-todo-alfalfa-modificado.png\",\"width\":350,\"height\":100,\"caption\":\"Todo Alfalfa\"},\"image\":{\"@id\":\"https:\/\/www.todoalfalfa.com.ar\/noticias\/#\/schema\/logo\/image\/\"},\"sameAs\":[\"https:\/\/www.facebook.com\/todoalfalfa\",\"https:\/\/www.instagram.com\/todoalfalfa\",\"https:\/\/www.youtube.com\/@TodoAlfalfa\",\"https:\/\/www.linkedin.com\/company\/todoalfalfa\/\"]},{\"@type\":\"Person\",\"@id\":\"https:\/\/www.todoalfalfa.com.ar\/noticias\/#\/schema\/person\/4ee4bca9b9fa50c4f0fbaf7017fbf2ad\",\"name\":\"Todo Alfalfa\",\"image\":{\"@type\":\"ImageObject\",\"inLanguage\":\"es\",\"@id\":\"https:\/\/www.todoalfalfa.com.ar\/noticias\/#\/schema\/person\/image\/\",\"url\":\"https:\/\/secure.gravatar.com\/avatar\/4d26a600a1380823a26c3f9cb74ada1a8ee4b482c0c3a616ab022b865c46be8f?s=96&d=mm&r=g\",\"contentUrl\":\"https:\/\/secure.gravatar.com\/avatar\/4d26a600a1380823a26c3f9cb74ada1a8ee4b482c0c3a616ab022b865c46be8f?s=96&d=mm&r=g\",\"caption\":\"Todo Alfalfa\"},\"sameAs\":[\"http:\/\/www.todoalfalfa.com.ar\"],\"url\":\"https:\/\/www.todoalfalfa.com.ar\/noticias\/author\/todoalfalfa\/\"}]}<\/script>\n<!-- \/ Yoast SEO plugin. -->","yoast_head_json":{"title":"Siembra y manejo de pasturas en primavera","robots":{"index":"index","follow":"follow","max-snippet":"max-snippet:-1","max-image-preview":"max-image-preview:large","max-video-preview":"max-video-preview:-1"},"canonical":"https:\/\/www.todoalfalfa.com.ar\/noticias\/siembra-y-manejo-de-pasturas-en-primavera\/","og_locale":"es_ES","og_type":"article","og_title":"Siembra y manejo de pasturas en primavera","og_description":"Si bien el oto&ntilde;o es la temporada m&aacute;s favorable para la siembra de pasturas, en algunas ocasiones suele ser necesario...","og_url":"https:\/\/www.todoalfalfa.com.ar\/noticias\/siembra-y-manejo-de-pasturas-en-primavera\/","og_site_name":"Todo Alfalfa","article_publisher":"https:\/\/www.facebook.com\/todoalfalfa","article_published_time":"2017-10-31T14:49:38+00:00","og_image":[{"width":777,"height":437,"url":"https:\/\/www.todoalfalfa.com.ar\/noticias\/wp-content\/uploads\/2017\/10\/siembra-de-alfalfa.jpg","type":"image\/jpeg"}],"author":"Todo Alfalfa","twitter_card":"summary_large_image","twitter_misc":{"Escrito por":"Todo Alfalfa","Tiempo de lectura":"4 minutos"},"schema":{"@context":"https:\/\/schema.org","@graph":[{"@type":"NewsArticle","@id":"https:\/\/www.todoalfalfa.com.ar\/noticias\/siembra-y-manejo-de-pasturas-en-primavera\/#article","isPartOf":{"@id":"https:\/\/www.todoalfalfa.com.ar\/noticias\/siembra-y-manejo-de-pasturas-en-primavera\/"},"author":{"name":"Todo Alfalfa","@id":"https:\/\/www.todoalfalfa.com.ar\/noticias\/#\/schema\/person\/4ee4bca9b9fa50c4f0fbaf7017fbf2ad"},"headline":"Siembra y manejo de pasturas en primavera","datePublished":"2017-10-31T14:49:38+00:00","mainEntityOfPage":{"@id":"https:\/\/www.todoalfalfa.com.ar\/noticias\/siembra-y-manejo-de-pasturas-en-primavera\/"},"wordCount":843,"publisher":{"@id":"https:\/\/www.todoalfalfa.com.ar\/noticias\/#organization"},"image":{"@id":"https:\/\/www.todoalfalfa.com.ar\/noticias\/siembra-y-manejo-de-pasturas-en-primavera\/#primaryimage"},"thumbnailUrl":"https:\/\/i0.wp.com\/www.todoalfalfa.com.ar\/noticias\/wp-content\/uploads\/2017\/10\/siembra-de-alfalfa.jpg?fit=777%2C437&ssl=1","keywords":["Juan","Lus","manejo","pasturas","primavera","siembra"],"articleSection":["Generales"],"inLanguage":"es"},{"@type":["WebPage","ItemPage"],"@id":"https:\/\/www.todoalfalfa.com.ar\/noticias\/siembra-y-manejo-de-pasturas-en-primavera\/","url":"https:\/\/www.todoalfalfa.com.ar\/noticias\/siembra-y-manejo-de-pasturas-en-primavera\/","name":"Siembra y manejo de pasturas en primavera","isPartOf":{"@id":"https:\/\/www.todoalfalfa.com.ar\/noticias\/#website"},"primaryImageOfPage":{"@id":"https:\/\/www.todoalfalfa.com.ar\/noticias\/siembra-y-manejo-de-pasturas-en-primavera\/#primaryimage"},"image":{"@id":"https:\/\/www.todoalfalfa.com.ar\/noticias\/siembra-y-manejo-de-pasturas-en-primavera\/#primaryimage"},"thumbnailUrl":"https:\/\/i0.wp.com\/www.todoalfalfa.com.ar\/noticias\/wp-content\/uploads\/2017\/10\/siembra-de-alfalfa.jpg?fit=777%2C437&ssl=1","datePublished":"2017-10-31T14:49:38+00:00","breadcrumb":{"@id":"https:\/\/www.todoalfalfa.com.ar\/noticias\/siembra-y-manejo-de-pasturas-en-primavera\/#breadcrumb"},"inLanguage":"es","potentialAction":[{"@type":"ReadAction","target":["https:\/\/www.todoalfalfa.com.ar\/noticias\/siembra-y-manejo-de-pasturas-en-primavera\/"]}]},{"@type":"ImageObject","inLanguage":"es","@id":"https:\/\/www.todoalfalfa.com.ar\/noticias\/siembra-y-manejo-de-pasturas-en-primavera\/#primaryimage","url":"https:\/\/i0.wp.com\/www.todoalfalfa.com.ar\/noticias\/wp-content\/uploads\/2017\/10\/siembra-de-alfalfa.jpg?fit=777%2C437&ssl=1","contentUrl":"https:\/\/i0.wp.com\/www.todoalfalfa.com.ar\/noticias\/wp-content\/uploads\/2017\/10\/siembra-de-alfalfa.jpg?fit=777%2C437&ssl=1","width":777,"height":437},{"@type":"BreadcrumbList","@id":"https:\/\/www.todoalfalfa.com.ar\/noticias\/siembra-y-manejo-de-pasturas-en-primavera\/#breadcrumb","itemListElement":[{"@type":"ListItem","position":1,"name":"Principal","item":"https:\/\/www.todoalfalfa.com.ar\/noticias\/"},{"@type":"ListItem","position":2,"name":"Siembra y manejo de pasturas en primavera"}]},{"@type":"WebSite","@id":"https:\/\/www.todoalfalfa.com.ar\/noticias\/#website","url":"https:\/\/www.todoalfalfa.com.ar\/noticias\/","name":"Todo Alfalfa","description":"Web informativa de la cadena de la alfalfa argentina","publisher":{"@id":"https:\/\/www.todoalfalfa.com.ar\/noticias\/#organization"},"potentialAction":[{"@type":"SearchAction","target":{"@type":"EntryPoint","urlTemplate":"https:\/\/www.todoalfalfa.com.ar\/noticias\/?s={search_term_string}"},"query-input":{"@type":"PropertyValueSpecification","valueRequired":true,"valueName":"search_term_string"}}],"inLanguage":"es"},{"@type":"Organization","@id":"https:\/\/www.todoalfalfa.com.ar\/noticias\/#organization","name":"Todo Alfalfa","url":"https:\/\/www.todoalfalfa.com.ar\/noticias\/","logo":{"@type":"ImageObject","inLanguage":"es","@id":"https:\/\/www.todoalfalfa.com.ar\/noticias\/#\/schema\/logo\/image\/","url":"https:\/\/www.todoalfalfa.com.ar\/noticias\/wp-content\/uploads\/2020\/09\/logo-todo-alfalfa-modificado.png","contentUrl":"https:\/\/www.todoalfalfa.com.ar\/noticias\/wp-content\/uploads\/2020\/09\/logo-todo-alfalfa-modificado.png","width":350,"height":100,"caption":"Todo Alfalfa"},"image":{"@id":"https:\/\/www.todoalfalfa.com.ar\/noticias\/#\/schema\/logo\/image\/"},"sameAs":["https:\/\/www.facebook.com\/todoalfalfa","https:\/\/www.instagram.com\/todoalfalfa","https:\/\/www.youtube.com\/@TodoAlfalfa","https:\/\/www.linkedin.com\/company\/todoalfalfa\/"]},{"@type":"Person","@id":"https:\/\/www.todoalfalfa.com.ar\/noticias\/#\/schema\/person\/4ee4bca9b9fa50c4f0fbaf7017fbf2ad","name":"Todo Alfalfa","image":{"@type":"ImageObject","inLanguage":"es","@id":"https:\/\/www.todoalfalfa.com.ar\/noticias\/#\/schema\/person\/image\/","url":"https:\/\/secure.gravatar.com\/avatar\/4d26a600a1380823a26c3f9cb74ada1a8ee4b482c0c3a616ab022b865c46be8f?s=96&d=mm&r=g","contentUrl":"https:\/\/secure.gravatar.com\/avatar\/4d26a600a1380823a26c3f9cb74ada1a8ee4b482c0c3a616ab022b865c46be8f?s=96&d=mm&r=g","caption":"Todo Alfalfa"},"sameAs":["http:\/\/www.todoalfalfa.com.ar"],"url":"https:\/\/www.todoalfalfa.com.ar\/noticias\/author\/todoalfalfa\/"}]}},"jetpack_featured_media_url":"https:\/\/i0.wp.com\/www.todoalfalfa.com.ar\/noticias\/wp-content\/uploads\/2017\/10\/siembra-de-alfalfa.jpg?fit=777%2C437&ssl=1","wps_subtitle":"Con los excesos de lluvias durante el oto\u00f1o, se increment\u00f3 esta pr\u00e1ctica durante la actual temporada. Juan Lus, especialista en forrajeras quien revista en PGG Wrightson Argentina, hace una puesta a punto de los riesgos a enfrentar.","jetpack_sharing_enabled":true,"_links":{"self":[{"href":"https:\/\/www.todoalfalfa.com.ar\/noticias\/wp-json\/wp\/v2\/posts\/1312","targetHints":{"allow":["GET"]}}],"collection":[{"href":"https:\/\/www.todoalfalfa.com.ar\/noticias\/wp-json\/wp\/v2\/posts"}],"about":[{"href":"https:\/\/www.todoalfalfa.com.ar\/noticias\/wp-json\/wp\/v2\/types\/post"}],"author":[{"embeddable":true,"href":"https:\/\/www.todoalfalfa.com.ar\/noticias\/wp-json\/wp\/v2\/users\/3"}],"replies":[{"embeddable":true,"href":"https:\/\/www.todoalfalfa.com.ar\/noticias\/wp-json\/wp\/v2\/comments?post=1312"}],"version-history":[{"count":0,"href":"https:\/\/www.todoalfalfa.com.ar\/noticias\/wp-json\/wp\/v2\/posts\/1312\/revisions"}],"wp:featuredmedia":[{"embeddable":true,"href":"https:\/\/www.todoalfalfa.com.ar\/noticias\/wp-json\/wp\/v2\/media\/1313"}],"wp:attachment":[{"href":"https:\/\/www.todoalfalfa.com.ar\/noticias\/wp-json\/wp\/v2\/media?parent=1312"}],"wp:term":[{"taxonomy":"category","embeddable":true,"href":"https:\/\/www.todoalfalfa.com.ar\/noticias\/wp-json\/wp\/v2\/categories?post=1312"},{"taxonomy":"post_tag","embeddable":true,"href":"https:\/\/www.todoalfalfa.com.ar\/noticias\/wp-json\/wp\/v2\/tags?post=1312"}],"curies":[{"name":"wp","href":"https:\/\/api.w.org\/{rel}","templated":true}]}}