{"id":1489,"date":"2017-12-05T10:07:04","date_gmt":"2017-12-05T13:07:04","guid":{"rendered":"https:\/\/todoalfalfa.com.ar\/?p=1489"},"modified":"2017-12-05T10:07:04","modified_gmt":"2017-12-05T13:07:04","slug":"todo-comienza-en-la-semilla","status":"publish","type":"post","link":"https:\/\/www.todoalfalfa.com.ar\/noticias\/todo-comienza-en-la-semilla\/","title":{"rendered":"Todo comienza en la semilla"},"content":{"rendered":"<p>Por primera vez se realiz\u00f3 en Argentina el Congreso Internacional de semillas forrajeras y c\u00e9spedes, que cada dos a\u00f1os organiza el Grupo internacional de semillas de forraje IHSG (sus siglas en ingl\u00e9s). Esta novena edici\u00f3n cont\u00f3 con el apoyo del INTA, la C\u00e1mara de Semilleros de la Bolsa de Cereales (CSBC), la Universidad Nacional del Noroeste de la Provincia de Buenos Aires (Unnoba), el INASE, la Agencia Nacional de Promoci\u00f3n Cient\u00edfica y Tecnol\u00f3gica, y sum\u00f3 el auspicio de Syngenta entre otras empresas y organizaciones.<\/p>\n<p>Participaron m\u00e1s de 140 especialistas provenientes de 20 pa\u00edses, quienes visitaron el Seedcare Institute de Syngenta durante la \u00faltima jornada del evento, y donde se pudo apreciar el nivel de investigaci\u00f3n aplicada a la semilla forrajera.<\/p>\n<p>Durante la recorrida por el Seedcare Institute, Rene Gislum Profesor de la Universidad de Dinamarca y vicepresidente de IHSG, expres\u00f3: \u201ces sorprendente el trabajo de investigaci\u00f3n de base que se est\u00e1 realizando en la Argentina con las semillas forrajeras, son estudios muy importantes que llevan a soluciones a largo plazo y el nivel de las investigaciones en el pa\u00eds es realmente alto. Si queremos tener una buena pastura hace falta una buena semilla, la poblaci\u00f3n crece y con ella tambi\u00e9n crece la demanda de prote\u00edna animal. Si queremos comer carne necesitamos vacas, que a su vez necesitan comer una buena pastura\u00a0 y todo comienza con la semilla\u201d.<\/p>\n<p>Algo similar plante\u00f3\u00a0 el productor y asesor Phil Rolstom procedente de Nueva Zelanda: \u201cestamos muy contentos de poder ver del trabajo que se hace en este instituto en la Argentina con el desarrollo de pasturas, y aunque en Nueva Zelanda tengamos una gran similitud en tipo de suelos, problemas agron\u00f3micos y condici\u00f3n clim\u00e1tica, la forma en la que se investiga en este pa\u00eds es lo que marca la diferencia ya que eso se manifiesta luego en la elaboraci\u00f3n de nuevos protocolos sobre el manejo de las pasturas\u201d.<\/p>\n<p>Por su parte Tom Chastain Profesor de la Univeridad\u00a0 de Oregon EEU y\u00a0 Presidente de la IHSG,\u00a0 destac\u00f3 que es clave compartir la investigaci\u00f3n. Todos los conocimientos que aqu\u00ed se presentaron llegar\u00e1n a trav\u00e9s de nuestra organizaci\u00f3n a todos los productores del mundo y eso es un valor inmenso.<\/p>\n<p><strong>Investigaci\u00f3n local<\/strong><br \/>\nDurante la recorrida el Ing. Pablo Ruggeroni, Responsable del Seedcare Institute explic\u00f3 que este centro forma parte de una Red a nivel global de Syngenta donde se promueve la importancia de una buena aplicaci\u00f3n de los productos y las tecnolog\u00edas que cuiden al medio ambiente y a los productores que los utilicen.<\/p>\n<p>La recorrida se bas\u00f3 en varias subestaciones donde se present\u00f3 la nueva m\u00e1quina de tratamiento de semillas Piccolo desarrollada por Syngenta Argentina y LS Electromec\u00e1nica, manejo de enfermedades en semillas, investigaci\u00f3n sobre la sanidad de las ra\u00edces y se present\u00f3 Plenus forrajes que consiste en la confecci\u00f3n de recetas acordes a las necesidades de cada planteo \u2013 aprovechando la calidad de la marca Plenus.<\/p>\n<p>\u201cPlenus forrajes es la tecnolog\u00eda y\u00a0 la receta se elabora en funci\u00f3n a los productos que est\u00e9n registrados para cada especie vegetal, y que no solo incluye productos de Syngenta sino que tambi\u00e9n puede contener bioestimuladores, o micronutrientes biol\u00f3gicos que ayuden a la especie\u201d, sostuvo Ruggeroni.<\/p>\n<p>A su turno el entom\u00f3logo Javier Vazquez explic\u00f3 que en la implantaci\u00f3n de forrajeras las plagas son similares a las que atacan a los cereales u oleaginosas, entre las que se destacan los gusanos blancos, pulgones, u orugas cortadoras.<\/p>\n<p>\u201cLa clave siempre es\u00a0 realizar un buen monitoreo antes de la siembra. Durante la primavera es un excelente momento para muestrear y saber qu\u00e9 plagas de suelo est\u00e1n establecidas en el lote. En funci\u00f3n de la cantidad de plagas existentes y las especies se determina si lo ideal es usar un producto de tratamiento de semillas, cebo o productos de cobertura\u201d, explic\u00f3 el entom\u00f3logo.<\/p>\n<p>Por su parte el Ing. Juan Matera del INTA Pergamino, especialista en semillas forrajeras, cont\u00f3 que entre las novedades presentadas en el Congreso sobresale el caso de los end\u00f3fitos y microorganismos que pueden ayudar a una mejor producci\u00f3n de forrajes y que ya vienen con la semilla.<\/p>\n<p>\u201cSe trata de end\u00f3fitos que tienen una funci\u00f3n amigable y que no producen ninguna toxicidad. Tambi\u00e9n fueron interesantes los techos productivos que permiten umbrales de producci\u00f3n que hoy pueden ser mejorados sobre todo en especies que no se conocen tanto como la Festuca alta, Tr\u00e9boles, Ray grass anual, Pasto ovillo y diversas especies que se usan en Argentina y donde hay mucho por mejorar\u201d concluy\u00f3.<\/p>\n<div class=\"todoalfalfa-final-de-la-nota\" id=\"todoalfalfa-2192930840\"><a href=\"https:\/\/www.whatsapp.com\/channel\/0029VbCBmFB9WtBxJsD3eC2i\" target=\"_blank\" aria-label=\"5\"><img src=\"https:\/\/i0.wp.com\/www.todoalfalfa.com.ar\/noticias\/wp-content\/uploads\/2026\/04\/5.gif?fit=728%2C90&#038;ssl=1\" alt=\"\"  width=\"728\" height=\"90\"   \/><\/a><\/div>","protected":false},"excerpt":{"rendered":"<p>Por primera vez se realiz&oacute; en Argentina el Congreso Internacional de semillas forrajeras y c&eacute;spedes, que cada dos a&ntilde;os organiza&#8230;<\/p>\n","protected":false},"author":3,"featured_media":1490,"comment_status":"closed","ping_status":"open","sticky":false,"template":"","format":"standard","meta":{"jetpack_post_was_ever_published":false,"_jetpack_newsletter_access":"","_jetpack_dont_email_post_to_subs":false,"_jetpack_newsletter_tier_id":0,"_jetpack_memberships_contains_paywalled_content":false,"_jetpack_memberships_contains_paid_content":false,"footnotes":""},"categories":[2],"tags":[248,54,249,96],"class_list":["post-1489","post","type-post","status-publish","format-standard","has-post-thumbnail","hentry","category-generales","tag-congreso","tag-forrajes","tag-pergamino","tag-semillas"],"yoast_head":"<!-- This site is optimized with the Yoast SEO plugin v25.5 - https:\/\/yoast.com\/wordpress\/plugins\/seo\/ -->\n<title>Todo comienza en la semilla<\/title>\n<meta name=\"robots\" content=\"index, follow, max-snippet:-1, max-image-preview:large, max-video-preview:-1\" \/>\n<link rel=\"canonical\" href=\"https:\/\/www.todoalfalfa.com.ar\/noticias\/todo-comienza-en-la-semilla\/\" \/>\n<meta property=\"og:locale\" content=\"es_ES\" \/>\n<meta property=\"og:type\" content=\"article\" \/>\n<meta property=\"og:title\" content=\"Todo comienza en la semilla\" \/>\n<meta property=\"og:description\" content=\"Por primera vez se realiz&oacute; en Argentina el Congreso Internacional de semillas forrajeras y c&eacute;spedes, que cada dos a&ntilde;os organiza...\" \/>\n<meta property=\"og:url\" content=\"https:\/\/www.todoalfalfa.com.ar\/noticias\/todo-comienza-en-la-semilla\/\" \/>\n<meta property=\"og:site_name\" content=\"Todo Alfalfa\" \/>\n<meta property=\"article:publisher\" content=\"https:\/\/www.facebook.com\/todoalfalfa\" \/>\n<meta property=\"article:published_time\" content=\"2017-12-05T13:07:04+00:00\" \/>\n<meta property=\"og:image\" content=\"https:\/\/www.todoalfalfa.com.ar\/noticias\/wp-content\/uploads\/2017\/12\/semillas_forrajeras.jpg\" \/>\n\t<meta property=\"og:image:width\" content=\"777\" \/>\n\t<meta property=\"og:image:height\" content=\"437\" \/>\n\t<meta property=\"og:image:type\" content=\"image\/jpeg\" \/>\n<meta name=\"author\" content=\"Todo Alfalfa\" \/>\n<meta name=\"twitter:card\" content=\"summary_large_image\" \/>\n<meta name=\"twitter:label1\" content=\"Escrito por\" \/>\n\t<meta name=\"twitter:data1\" content=\"Todo Alfalfa\" \/>\n\t<meta name=\"twitter:label2\" content=\"Tiempo de lectura\" \/>\n\t<meta name=\"twitter:data2\" content=\"4 minutos\" \/>\n<script type=\"application\/ld+json\" class=\"yoast-schema-graph\">{\"@context\":\"https:\/\/schema.org\",\"@graph\":[{\"@type\":\"NewsArticle\",\"@id\":\"https:\/\/www.todoalfalfa.com.ar\/noticias\/todo-comienza-en-la-semilla\/#article\",\"isPartOf\":{\"@id\":\"https:\/\/www.todoalfalfa.com.ar\/noticias\/todo-comienza-en-la-semilla\/\"},\"author\":{\"name\":\"Todo Alfalfa\",\"@id\":\"https:\/\/www.todoalfalfa.com.ar\/noticias\/#\/schema\/person\/4ee4bca9b9fa50c4f0fbaf7017fbf2ad\"},\"headline\":\"Todo comienza en la semilla\",\"datePublished\":\"2017-12-05T13:07:04+00:00\",\"mainEntityOfPage\":{\"@id\":\"https:\/\/www.todoalfalfa.com.ar\/noticias\/todo-comienza-en-la-semilla\/\"},\"wordCount\":794,\"publisher\":{\"@id\":\"https:\/\/www.todoalfalfa.com.ar\/noticias\/#organization\"},\"image\":{\"@id\":\"https:\/\/www.todoalfalfa.com.ar\/noticias\/todo-comienza-en-la-semilla\/#primaryimage\"},\"thumbnailUrl\":\"https:\/\/i0.wp.com\/www.todoalfalfa.com.ar\/noticias\/wp-content\/uploads\/2017\/12\/semillas_forrajeras.jpg?fit=777%2C437&ssl=1\",\"keywords\":[\"Congreso\",\"forrajes\",\"Pergamino\",\"semillas\"],\"articleSection\":[\"Generales\"],\"inLanguage\":\"es\"},{\"@type\":[\"WebPage\",\"ItemPage\"],\"@id\":\"https:\/\/www.todoalfalfa.com.ar\/noticias\/todo-comienza-en-la-semilla\/\",\"url\":\"https:\/\/www.todoalfalfa.com.ar\/noticias\/todo-comienza-en-la-semilla\/\",\"name\":\"Todo comienza en la semilla\",\"isPartOf\":{\"@id\":\"https:\/\/www.todoalfalfa.com.ar\/noticias\/#website\"},\"primaryImageOfPage\":{\"@id\":\"https:\/\/www.todoalfalfa.com.ar\/noticias\/todo-comienza-en-la-semilla\/#primaryimage\"},\"image\":{\"@id\":\"https:\/\/www.todoalfalfa.com.ar\/noticias\/todo-comienza-en-la-semilla\/#primaryimage\"},\"thumbnailUrl\":\"https:\/\/i0.wp.com\/www.todoalfalfa.com.ar\/noticias\/wp-content\/uploads\/2017\/12\/semillas_forrajeras.jpg?fit=777%2C437&ssl=1\",\"datePublished\":\"2017-12-05T13:07:04+00:00\",\"breadcrumb\":{\"@id\":\"https:\/\/www.todoalfalfa.com.ar\/noticias\/todo-comienza-en-la-semilla\/#breadcrumb\"},\"inLanguage\":\"es\",\"potentialAction\":[{\"@type\":\"ReadAction\",\"target\":[\"https:\/\/www.todoalfalfa.com.ar\/noticias\/todo-comienza-en-la-semilla\/\"]}]},{\"@type\":\"ImageObject\",\"inLanguage\":\"es\",\"@id\":\"https:\/\/www.todoalfalfa.com.ar\/noticias\/todo-comienza-en-la-semilla\/#primaryimage\",\"url\":\"https:\/\/i0.wp.com\/www.todoalfalfa.com.ar\/noticias\/wp-content\/uploads\/2017\/12\/semillas_forrajeras.jpg?fit=777%2C437&ssl=1\",\"contentUrl\":\"https:\/\/i0.wp.com\/www.todoalfalfa.com.ar\/noticias\/wp-content\/uploads\/2017\/12\/semillas_forrajeras.jpg?fit=777%2C437&ssl=1\",\"width\":777,\"height\":437},{\"@type\":\"BreadcrumbList\",\"@id\":\"https:\/\/www.todoalfalfa.com.ar\/noticias\/todo-comienza-en-la-semilla\/#breadcrumb\",\"itemListElement\":[{\"@type\":\"ListItem\",\"position\":1,\"name\":\"Principal\",\"item\":\"https:\/\/www.todoalfalfa.com.ar\/noticias\/\"},{\"@type\":\"ListItem\",\"position\":2,\"name\":\"Todo comienza en la semilla\"}]},{\"@type\":\"WebSite\",\"@id\":\"https:\/\/www.todoalfalfa.com.ar\/noticias\/#website\",\"url\":\"https:\/\/www.todoalfalfa.com.ar\/noticias\/\",\"name\":\"Todo Alfalfa\",\"description\":\"Web informativa de la cadena de la alfalfa argentina\",\"publisher\":{\"@id\":\"https:\/\/www.todoalfalfa.com.ar\/noticias\/#organization\"},\"potentialAction\":[{\"@type\":\"SearchAction\",\"target\":{\"@type\":\"EntryPoint\",\"urlTemplate\":\"https:\/\/www.todoalfalfa.com.ar\/noticias\/?s={search_term_string}\"},\"query-input\":{\"@type\":\"PropertyValueSpecification\",\"valueRequired\":true,\"valueName\":\"search_term_string\"}}],\"inLanguage\":\"es\"},{\"@type\":\"Organization\",\"@id\":\"https:\/\/www.todoalfalfa.com.ar\/noticias\/#organization\",\"name\":\"Todo Alfalfa\",\"url\":\"https:\/\/www.todoalfalfa.com.ar\/noticias\/\",\"logo\":{\"@type\":\"ImageObject\",\"inLanguage\":\"es\",\"@id\":\"https:\/\/www.todoalfalfa.com.ar\/noticias\/#\/schema\/logo\/image\/\",\"url\":\"https:\/\/www.todoalfalfa.com.ar\/noticias\/wp-content\/uploads\/2020\/09\/logo-todo-alfalfa-modificado.png\",\"contentUrl\":\"https:\/\/www.todoalfalfa.com.ar\/noticias\/wp-content\/uploads\/2020\/09\/logo-todo-alfalfa-modificado.png\",\"width\":350,\"height\":100,\"caption\":\"Todo Alfalfa\"},\"image\":{\"@id\":\"https:\/\/www.todoalfalfa.com.ar\/noticias\/#\/schema\/logo\/image\/\"},\"sameAs\":[\"https:\/\/www.facebook.com\/todoalfalfa\",\"https:\/\/www.instagram.com\/todoalfalfa\",\"https:\/\/www.youtube.com\/@TodoAlfalfa\",\"https:\/\/www.linkedin.com\/company\/todoalfalfa\/\"]},{\"@type\":\"Person\",\"@id\":\"https:\/\/www.todoalfalfa.com.ar\/noticias\/#\/schema\/person\/4ee4bca9b9fa50c4f0fbaf7017fbf2ad\",\"name\":\"Todo Alfalfa\",\"image\":{\"@type\":\"ImageObject\",\"inLanguage\":\"es\",\"@id\":\"https:\/\/www.todoalfalfa.com.ar\/noticias\/#\/schema\/person\/image\/\",\"url\":\"https:\/\/secure.gravatar.com\/avatar\/4d26a600a1380823a26c3f9cb74ada1a8ee4b482c0c3a616ab022b865c46be8f?s=96&d=mm&r=g\",\"contentUrl\":\"https:\/\/secure.gravatar.com\/avatar\/4d26a600a1380823a26c3f9cb74ada1a8ee4b482c0c3a616ab022b865c46be8f?s=96&d=mm&r=g\",\"caption\":\"Todo Alfalfa\"},\"sameAs\":[\"http:\/\/www.todoalfalfa.com.ar\"],\"url\":\"https:\/\/www.todoalfalfa.com.ar\/noticias\/author\/todoalfalfa\/\"}]}<\/script>\n<!-- \/ Yoast SEO plugin. -->","yoast_head_json":{"title":"Todo comienza en la semilla","robots":{"index":"index","follow":"follow","max-snippet":"max-snippet:-1","max-image-preview":"max-image-preview:large","max-video-preview":"max-video-preview:-1"},"canonical":"https:\/\/www.todoalfalfa.com.ar\/noticias\/todo-comienza-en-la-semilla\/","og_locale":"es_ES","og_type":"article","og_title":"Todo comienza en la semilla","og_description":"Por primera vez se realiz&oacute; en Argentina el Congreso Internacional de semillas forrajeras y c&eacute;spedes, que cada dos a&ntilde;os organiza...","og_url":"https:\/\/www.todoalfalfa.com.ar\/noticias\/todo-comienza-en-la-semilla\/","og_site_name":"Todo Alfalfa","article_publisher":"https:\/\/www.facebook.com\/todoalfalfa","article_published_time":"2017-12-05T13:07:04+00:00","og_image":[{"width":777,"height":437,"url":"https:\/\/www.todoalfalfa.com.ar\/noticias\/wp-content\/uploads\/2017\/12\/semillas_forrajeras.jpg","type":"image\/jpeg"}],"author":"Todo Alfalfa","twitter_card":"summary_large_image","twitter_misc":{"Escrito por":"Todo Alfalfa","Tiempo de lectura":"4 minutos"},"schema":{"@context":"https:\/\/schema.org","@graph":[{"@type":"NewsArticle","@id":"https:\/\/www.todoalfalfa.com.ar\/noticias\/todo-comienza-en-la-semilla\/#article","isPartOf":{"@id":"https:\/\/www.todoalfalfa.com.ar\/noticias\/todo-comienza-en-la-semilla\/"},"author":{"name":"Todo Alfalfa","@id":"https:\/\/www.todoalfalfa.com.ar\/noticias\/#\/schema\/person\/4ee4bca9b9fa50c4f0fbaf7017fbf2ad"},"headline":"Todo comienza en la semilla","datePublished":"2017-12-05T13:07:04+00:00","mainEntityOfPage":{"@id":"https:\/\/www.todoalfalfa.com.ar\/noticias\/todo-comienza-en-la-semilla\/"},"wordCount":794,"publisher":{"@id":"https:\/\/www.todoalfalfa.com.ar\/noticias\/#organization"},"image":{"@id":"https:\/\/www.todoalfalfa.com.ar\/noticias\/todo-comienza-en-la-semilla\/#primaryimage"},"thumbnailUrl":"https:\/\/i0.wp.com\/www.todoalfalfa.com.ar\/noticias\/wp-content\/uploads\/2017\/12\/semillas_forrajeras.jpg?fit=777%2C437&ssl=1","keywords":["Congreso","forrajes","Pergamino","semillas"],"articleSection":["Generales"],"inLanguage":"es"},{"@type":["WebPage","ItemPage"],"@id":"https:\/\/www.todoalfalfa.com.ar\/noticias\/todo-comienza-en-la-semilla\/","url":"https:\/\/www.todoalfalfa.com.ar\/noticias\/todo-comienza-en-la-semilla\/","name":"Todo comienza en la semilla","isPartOf":{"@id":"https:\/\/www.todoalfalfa.com.ar\/noticias\/#website"},"primaryImageOfPage":{"@id":"https:\/\/www.todoalfalfa.com.ar\/noticias\/todo-comienza-en-la-semilla\/#primaryimage"},"image":{"@id":"https:\/\/www.todoalfalfa.com.ar\/noticias\/todo-comienza-en-la-semilla\/#primaryimage"},"thumbnailUrl":"https:\/\/i0.wp.com\/www.todoalfalfa.com.ar\/noticias\/wp-content\/uploads\/2017\/12\/semillas_forrajeras.jpg?fit=777%2C437&ssl=1","datePublished":"2017-12-05T13:07:04+00:00","breadcrumb":{"@id":"https:\/\/www.todoalfalfa.com.ar\/noticias\/todo-comienza-en-la-semilla\/#breadcrumb"},"inLanguage":"es","potentialAction":[{"@type":"ReadAction","target":["https:\/\/www.todoalfalfa.com.ar\/noticias\/todo-comienza-en-la-semilla\/"]}]},{"@type":"ImageObject","inLanguage":"es","@id":"https:\/\/www.todoalfalfa.com.ar\/noticias\/todo-comienza-en-la-semilla\/#primaryimage","url":"https:\/\/i0.wp.com\/www.todoalfalfa.com.ar\/noticias\/wp-content\/uploads\/2017\/12\/semillas_forrajeras.jpg?fit=777%2C437&ssl=1","contentUrl":"https:\/\/i0.wp.com\/www.todoalfalfa.com.ar\/noticias\/wp-content\/uploads\/2017\/12\/semillas_forrajeras.jpg?fit=777%2C437&ssl=1","width":777,"height":437},{"@type":"BreadcrumbList","@id":"https:\/\/www.todoalfalfa.com.ar\/noticias\/todo-comienza-en-la-semilla\/#breadcrumb","itemListElement":[{"@type":"ListItem","position":1,"name":"Principal","item":"https:\/\/www.todoalfalfa.com.ar\/noticias\/"},{"@type":"ListItem","position":2,"name":"Todo comienza en la semilla"}]},{"@type":"WebSite","@id":"https:\/\/www.todoalfalfa.com.ar\/noticias\/#website","url":"https:\/\/www.todoalfalfa.com.ar\/noticias\/","name":"Todo Alfalfa","description":"Web informativa de la cadena de la alfalfa argentina","publisher":{"@id":"https:\/\/www.todoalfalfa.com.ar\/noticias\/#organization"},"potentialAction":[{"@type":"SearchAction","target":{"@type":"EntryPoint","urlTemplate":"https:\/\/www.todoalfalfa.com.ar\/noticias\/?s={search_term_string}"},"query-input":{"@type":"PropertyValueSpecification","valueRequired":true,"valueName":"search_term_string"}}],"inLanguage":"es"},{"@type":"Organization","@id":"https:\/\/www.todoalfalfa.com.ar\/noticias\/#organization","name":"Todo Alfalfa","url":"https:\/\/www.todoalfalfa.com.ar\/noticias\/","logo":{"@type":"ImageObject","inLanguage":"es","@id":"https:\/\/www.todoalfalfa.com.ar\/noticias\/#\/schema\/logo\/image\/","url":"https:\/\/www.todoalfalfa.com.ar\/noticias\/wp-content\/uploads\/2020\/09\/logo-todo-alfalfa-modificado.png","contentUrl":"https:\/\/www.todoalfalfa.com.ar\/noticias\/wp-content\/uploads\/2020\/09\/logo-todo-alfalfa-modificado.png","width":350,"height":100,"caption":"Todo Alfalfa"},"image":{"@id":"https:\/\/www.todoalfalfa.com.ar\/noticias\/#\/schema\/logo\/image\/"},"sameAs":["https:\/\/www.facebook.com\/todoalfalfa","https:\/\/www.instagram.com\/todoalfalfa","https:\/\/www.youtube.com\/@TodoAlfalfa","https:\/\/www.linkedin.com\/company\/todoalfalfa\/"]},{"@type":"Person","@id":"https:\/\/www.todoalfalfa.com.ar\/noticias\/#\/schema\/person\/4ee4bca9b9fa50c4f0fbaf7017fbf2ad","name":"Todo Alfalfa","image":{"@type":"ImageObject","inLanguage":"es","@id":"https:\/\/www.todoalfalfa.com.ar\/noticias\/#\/schema\/person\/image\/","url":"https:\/\/secure.gravatar.com\/avatar\/4d26a600a1380823a26c3f9cb74ada1a8ee4b482c0c3a616ab022b865c46be8f?s=96&d=mm&r=g","contentUrl":"https:\/\/secure.gravatar.com\/avatar\/4d26a600a1380823a26c3f9cb74ada1a8ee4b482c0c3a616ab022b865c46be8f?s=96&d=mm&r=g","caption":"Todo Alfalfa"},"sameAs":["http:\/\/www.todoalfalfa.com.ar"],"url":"https:\/\/www.todoalfalfa.com.ar\/noticias\/author\/todoalfalfa\/"}]}},"jetpack_featured_media_url":"https:\/\/i0.wp.com\/www.todoalfalfa.com.ar\/noticias\/wp-content\/uploads\/2017\/12\/semillas_forrajeras.jpg?fit=777%2C437&ssl=1","wps_subtitle":"Se realiz\u00f3 en Pergamino  el 9\u00b0 Congreso Internacional de semillas forrajeras. All\u00ed, especialistas de diferentes pa\u00edses y profesionales locales coincidieron en la necesidad de trabajar y profundizar investigaciones en semillas, ya que son el origen de las buenas pasturas.","jetpack_sharing_enabled":true,"_links":{"self":[{"href":"https:\/\/www.todoalfalfa.com.ar\/noticias\/wp-json\/wp\/v2\/posts\/1489","targetHints":{"allow":["GET"]}}],"collection":[{"href":"https:\/\/www.todoalfalfa.com.ar\/noticias\/wp-json\/wp\/v2\/posts"}],"about":[{"href":"https:\/\/www.todoalfalfa.com.ar\/noticias\/wp-json\/wp\/v2\/types\/post"}],"author":[{"embeddable":true,"href":"https:\/\/www.todoalfalfa.com.ar\/noticias\/wp-json\/wp\/v2\/users\/3"}],"replies":[{"embeddable":true,"href":"https:\/\/www.todoalfalfa.com.ar\/noticias\/wp-json\/wp\/v2\/comments?post=1489"}],"version-history":[{"count":0,"href":"https:\/\/www.todoalfalfa.com.ar\/noticias\/wp-json\/wp\/v2\/posts\/1489\/revisions"}],"wp:featuredmedia":[{"embeddable":true,"href":"https:\/\/www.todoalfalfa.com.ar\/noticias\/wp-json\/wp\/v2\/media\/1490"}],"wp:attachment":[{"href":"https:\/\/www.todoalfalfa.com.ar\/noticias\/wp-json\/wp\/v2\/media?parent=1489"}],"wp:term":[{"taxonomy":"category","embeddable":true,"href":"https:\/\/www.todoalfalfa.com.ar\/noticias\/wp-json\/wp\/v2\/categories?post=1489"},{"taxonomy":"post_tag","embeddable":true,"href":"https:\/\/www.todoalfalfa.com.ar\/noticias\/wp-json\/wp\/v2\/tags?post=1489"}],"curies":[{"name":"wp","href":"https:\/\/api.w.org\/{rel}","templated":true}]}}