{"id":1519,"date":"2017-12-19T18:52:27","date_gmt":"2017-12-19T21:52:27","guid":{"rendered":"https:\/\/todoalfalfa.com.ar\/?p=1519"},"modified":"2017-12-19T18:52:27","modified_gmt":"2017-12-19T21:52:27","slug":"palpitando-la-precampana-de-pasturas","status":"publish","type":"post","link":"https:\/\/www.todoalfalfa.com.ar\/noticias\/palpitando-la-precampana-de-pasturas\/","title":{"rendered":"Palpitando la precampa\u00f1a de pasturas"},"content":{"rendered":"<p>El Ing. Agr. Gustavo Picasso, director de la compa\u00f1\u00eda, destac\u00f3 que \u201cel pa\u00eds est\u00e1 entrando en una visi\u00f3n de largo plazo que favorece la implantaci\u00f3n de las pasturas\u201d, al producirse un crecimiento del stock ganadero, con una producci\u00f3n de carne vacuna que \u201cvuelve a ser rentable\u201d, al igual que la lecher\u00eda para los productores que \u201cson eficientes\u201d.<\/p>\n<p>Tambi\u00e9n vaticin\u00f3 que \u201clos cultivos de cobertura crecer\u00e1n en la Argentina, ocupando un lugar importante en los pr\u00f3ximos a\u00f1os, como sucede en muchos pa\u00edses del mundo\u201d, como una herramienta para recuperar el suelo, ya que \u201cest\u00e1 demostrado que solo con la siembra directa no alcanza para mantener su fertilidad y su estructura\u201d.<\/p>\n<p>As\u00ed lo manifest\u00f3 en el marco de una jornada t\u00e9cnica realizada por la empresa, donde parte del equipo t\u00e9cnico analiz\u00f3 la situaci\u00f3n del mercado con vistas a la implantaci\u00f3n de pasturas del pr\u00f3ximo oto\u00f1o.<\/p>\n<p>Por su parte, el Ing. Agr. Pablo Grehan, nuevo gerente del \u00e1rea forrajeras de la firma, se\u00f1al\u00f3 que desde hace varios a\u00f1os, la demanda de semillas forrajeras se activa muy cerca de la fecha de siembra: \u201cHay muy poca precampa\u00f1a y ser\u00e1 muy importante el servicio de entrega inmediata de la semilla\u201d, destac\u00f3 el especialista.<\/p>\n<p>Especie por especie<br \/>\nAl mismo tiempo Picasso y Grehan detallaron el panorama actual de producci\u00f3n y stocks de semillas forrajeras de distintas especies, en el pa\u00eds y en el mundo, y su impacto en la pr\u00f3xima campa\u00f1a.<\/p>\n<p>Agropiro: No qued\u00f3 remanente de la mala cosecha 2017. La pr\u00f3xima ser\u00e1 muy buena, en el Oeste bonaerense, pero al realizarse en febrero, la semilla solo estar\u00e1 disponible antes del 20 de marzo.<\/p>\n<p>Cebadilla: Con stocks limitados pero con buena calidad de los cultivos que se est\u00e1n cosechando, la evoluci\u00f3n de la oferta depender\u00e1 de la demanda interna y de la exportaci\u00f3n a Uruguay.<\/p>\n<p>Festuca: En plena \u00e9poca de cosecha, en diciembre, para Grehan, esta especie ser\u00e1 la nueva reina de las forrajeras, ya que \u201ces la \u00fanica que creci\u00f3 en ventas de semillas en el mercado local en los \u00faltimos a\u00f1os, a una tasa del 15% anual\u201d, a ra\u00edz de que las pasturas se han desplazado cada vez a suelos m\u00e1s marginales, donde se la siembra con buenos resultados. La producci\u00f3n argentina tiene menos \u00e1rea, al cultivarse en campos bajos que fueron afectados por las inundaciones, pero lo que est\u00e1 cosech\u00e1ndose tiene buenos rendimientos. Estar\u00e1 abastecida en las variedades que producen los semilleros, pero faltar\u00e1n las p\u00fablicas, que estar\u00e1n m\u00e1s caras, al acortarse la brecha de precios entre ellas y las premium.<\/p>\n<p>Pasto ovillo: especie con demanda en crecimiento. Es la que mejor soporta los veranos secos. Produce bien todo el a\u00f1o y bien manejado es excelente. El abastecimiento interno es pobre. No hay remanente porque la zona de producci\u00f3n es el SE bonaerense, desde marzo a noviembre de 2017, estuvo bajo el agua. La oferta nacional e internacional estar\u00e1 complicada, con precios firmes similares a los de la campa\u00f1a pasada.<\/p>\n<p>Raigr\u00e1s anual: Est\u00e1 cambiando mucho el mercado. Luego de dos a\u00f1os -2014 y 2015- con grandes\u00a0 excedentes, en 2016 hubo mala producci\u00f3n y aument\u00f3 la demanda exportadora, que dej\u00f3 al mercado interno sin stock, especialmente el diploide, por la aparici\u00f3n de China como comprador. Por eso la campa\u00f1a 2018 comienza con poco stock, especialmente de diploides. La cosecha entrerriana, una de las abastecedoras de diploides, viene floja. La del SE bonaerense hay menos \u00e1rea, aunque en buen estado y se espera que sea normal. En tanto, la semilla importada tiene valores muy altos para el mercado argentino.<\/p>\n<p>Raigr\u00e1s perenne: tras varios a\u00f1os de stock acumulados por la poca demanda, se dej\u00f3 de producir hasta agotarse el remanente. Actualmente se est\u00e1 en ese piso que preanuncia una vuelta a la demanda habitual, pero con muy poca producci\u00f3n local, dependiendo de la semilla importada, cuyos valores ser\u00e1n algo superiores a los del a\u00f1o pasado, en que hab\u00eda bajado mucho el precio, por la gran oferta de Nueva Zelanda. Las variedades premium mantendr\u00e1n el mismo valor y las est\u00e1ndar ser\u00e1n algo m\u00e1s caras.<\/p>\n<p>Alfalfa: La disponibilidad es normal. La producci\u00f3n nacional se define m\u00e1s entrado el verano y la importaci\u00f3n est\u00e1 en los vol\u00famenes habituales. El precio ser\u00e1 similar para las variedades privadas y levemente inferior para las p\u00fablicas.<\/p>\n<p>Lotus: mercado con poco remanente. Hay lotus corniculatus con calidades dispares y cosecha suficiente. El lotus tenius tendr\u00e1 problemas porque las zonas de producci\u00f3n estuvieron bajo el agua en el invierno y se perdieron muchos lotes, mientras que en otros se cosechar\u00e1 tarde, entre fines de enero y principios de febrero.<\/p>\n<p>Tr\u00e9bol blanco: abastecido por producci\u00f3n nacional del SE bonaerense, padeci\u00f3 problemas clim\u00e1ticos, aunque los cultivos de lotes altos est\u00e1n en muy buen estado. Si los precios internos se mantienen firmes, Argentina destinar\u00e1 menos a la exportaci\u00f3n y m\u00e1s al consumo interno.<\/p>\n<p>Tr\u00e9bol rojo: mercado bien abastecido al igual que Uruguay, que tiene stock remanente. Chile sali\u00f3 del mercado como abastecedor. La demanda est\u00e1 creciendo y puede hacerlo a\u00fan m\u00e1s con las pasturas consociadas de rotaci\u00f3n corta, sin alfalfa.<\/p>\n<p>Avena, centeno y otros verdeos: La avena le est\u00e1 quitando mercado al raigr\u00e1s. El centeno tiene stock; en el Oeste bonaerense, est\u00e1 en muy buen estado. Entre los productores maniseros tiene buena demanda, sobre todo como cultivo de cobertura, destino para el que se puso de moda, por su muy buen desempe\u00f1o frente a las malezas resistentes, sobre las que tiene gran poder de control.<\/p>\n<div class=\"todoalfalfa-final-de-la-nota\" id=\"todoalfalfa-708962\"><a href=\"https:\/\/www.whatsapp.com\/channel\/0029VbCBmFB9WtBxJsD3eC2i\" target=\"_blank\" aria-label=\"5\"><img src=\"https:\/\/i0.wp.com\/www.todoalfalfa.com.ar\/noticias\/wp-content\/uploads\/2026\/04\/5.gif?fit=728%2C90&#038;ssl=1\" alt=\"\"  width=\"728\" height=\"90\"   \/><\/a><\/div>","protected":false},"excerpt":{"rendered":"<p>El Ing. Agr. Gustavo Picasso, director de la compa&ntilde;&iacute;a, destac&oacute; que &ldquo;el pa&iacute;s est&aacute; entrando en una visi&oacute;n de largo&#8230;<\/p>\n","protected":false},"author":3,"featured_media":1520,"comment_status":"closed","ping_status":"open","sticky":false,"template":"","format":"standard","meta":{"jetpack_post_was_ever_published":false,"_jetpack_newsletter_access":"","_jetpack_dont_email_post_to_subs":false,"_jetpack_newsletter_tier_id":0,"_jetpack_memberships_contains_paywalled_content":false,"_jetpack_memberships_contains_paid_content":false,"footnotes":""},"categories":[2],"tags":[259,24,260,17],"class_list":["post-1519","post","type-post","status-publish","format-standard","has-post-thumbnail","hentry","category-generales","tag-campana2018","tag-ganaderia","tag-lecheria","tag-pasturas"],"yoast_head":"<!-- This site is optimized with the Yoast SEO plugin v25.5 - https:\/\/yoast.com\/wordpress\/plugins\/seo\/ -->\n<title>Palpitando la precampa\u00f1a de pasturas<\/title>\n<meta name=\"robots\" content=\"index, follow, max-snippet:-1, max-image-preview:large, max-video-preview:-1\" \/>\n<link rel=\"canonical\" href=\"https:\/\/www.todoalfalfa.com.ar\/noticias\/palpitando-la-precampana-de-pasturas\/\" \/>\n<meta property=\"og:locale\" content=\"es_ES\" \/>\n<meta property=\"og:type\" content=\"article\" \/>\n<meta property=\"og:title\" content=\"Palpitando la precampa\u00f1a de pasturas\" \/>\n<meta property=\"og:description\" content=\"El Ing. Agr. Gustavo Picasso, director de la compa&ntilde;&iacute;a, destac&oacute; que &ldquo;el pa&iacute;s est&aacute; entrando en una visi&oacute;n de largo...\" \/>\n<meta property=\"og:url\" content=\"https:\/\/www.todoalfalfa.com.ar\/noticias\/palpitando-la-precampana-de-pasturas\/\" \/>\n<meta property=\"og:site_name\" content=\"Todo Alfalfa\" \/>\n<meta property=\"article:publisher\" content=\"https:\/\/www.facebook.com\/todoalfalfa\" \/>\n<meta property=\"article:published_time\" content=\"2017-12-19T21:52:27+00:00\" \/>\n<meta property=\"og:image\" content=\"https:\/\/www.todoalfalfa.com.ar\/noticias\/wp-content\/uploads\/2017\/12\/pasturas_17.jpg\" \/>\n\t<meta property=\"og:image:width\" content=\"777\" \/>\n\t<meta property=\"og:image:height\" content=\"437\" \/>\n\t<meta property=\"og:image:type\" content=\"image\/jpeg\" \/>\n<meta name=\"author\" content=\"Todo Alfalfa\" \/>\n<meta name=\"twitter:card\" content=\"summary_large_image\" \/>\n<meta name=\"twitter:label1\" content=\"Escrito por\" \/>\n\t<meta name=\"twitter:data1\" content=\"Todo Alfalfa\" \/>\n\t<meta name=\"twitter:label2\" content=\"Tiempo de lectura\" \/>\n\t<meta name=\"twitter:data2\" content=\"5 minutos\" \/>\n<script type=\"application\/ld+json\" class=\"yoast-schema-graph\">{\"@context\":\"https:\/\/schema.org\",\"@graph\":[{\"@type\":\"NewsArticle\",\"@id\":\"https:\/\/www.todoalfalfa.com.ar\/noticias\/palpitando-la-precampana-de-pasturas\/#article\",\"isPartOf\":{\"@id\":\"https:\/\/www.todoalfalfa.com.ar\/noticias\/palpitando-la-precampana-de-pasturas\/\"},\"author\":{\"name\":\"Todo Alfalfa\",\"@id\":\"https:\/\/www.todoalfalfa.com.ar\/noticias\/#\/schema\/person\/4ee4bca9b9fa50c4f0fbaf7017fbf2ad\"},\"headline\":\"Palpitando la precampa\u00f1a de pasturas\",\"datePublished\":\"2017-12-19T21:52:27+00:00\",\"mainEntityOfPage\":{\"@id\":\"https:\/\/www.todoalfalfa.com.ar\/noticias\/palpitando-la-precampana-de-pasturas\/\"},\"wordCount\":970,\"publisher\":{\"@id\":\"https:\/\/www.todoalfalfa.com.ar\/noticias\/#organization\"},\"image\":{\"@id\":\"https:\/\/www.todoalfalfa.com.ar\/noticias\/palpitando-la-precampana-de-pasturas\/#primaryimage\"},\"thumbnailUrl\":\"https:\/\/i0.wp.com\/www.todoalfalfa.com.ar\/noticias\/wp-content\/uploads\/2017\/12\/pasturas_17.jpg?fit=777%2C437&ssl=1\",\"keywords\":[\"campa\u00f1a2018\",\"Ganader\u00eda\",\"lecher\u00eda\",\"pasturas\"],\"articleSection\":[\"Generales\"],\"inLanguage\":\"es\"},{\"@type\":[\"WebPage\",\"ItemPage\"],\"@id\":\"https:\/\/www.todoalfalfa.com.ar\/noticias\/palpitando-la-precampana-de-pasturas\/\",\"url\":\"https:\/\/www.todoalfalfa.com.ar\/noticias\/palpitando-la-precampana-de-pasturas\/\",\"name\":\"Palpitando la precampa\u00f1a de pasturas\",\"isPartOf\":{\"@id\":\"https:\/\/www.todoalfalfa.com.ar\/noticias\/#website\"},\"primaryImageOfPage\":{\"@id\":\"https:\/\/www.todoalfalfa.com.ar\/noticias\/palpitando-la-precampana-de-pasturas\/#primaryimage\"},\"image\":{\"@id\":\"https:\/\/www.todoalfalfa.com.ar\/noticias\/palpitando-la-precampana-de-pasturas\/#primaryimage\"},\"thumbnailUrl\":\"https:\/\/i0.wp.com\/www.todoalfalfa.com.ar\/noticias\/wp-content\/uploads\/2017\/12\/pasturas_17.jpg?fit=777%2C437&ssl=1\",\"datePublished\":\"2017-12-19T21:52:27+00:00\",\"breadcrumb\":{\"@id\":\"https:\/\/www.todoalfalfa.com.ar\/noticias\/palpitando-la-precampana-de-pasturas\/#breadcrumb\"},\"inLanguage\":\"es\",\"potentialAction\":[{\"@type\":\"ReadAction\",\"target\":[\"https:\/\/www.todoalfalfa.com.ar\/noticias\/palpitando-la-precampana-de-pasturas\/\"]}]},{\"@type\":\"ImageObject\",\"inLanguage\":\"es\",\"@id\":\"https:\/\/www.todoalfalfa.com.ar\/noticias\/palpitando-la-precampana-de-pasturas\/#primaryimage\",\"url\":\"https:\/\/i0.wp.com\/www.todoalfalfa.com.ar\/noticias\/wp-content\/uploads\/2017\/12\/pasturas_17.jpg?fit=777%2C437&ssl=1\",\"contentUrl\":\"https:\/\/i0.wp.com\/www.todoalfalfa.com.ar\/noticias\/wp-content\/uploads\/2017\/12\/pasturas_17.jpg?fit=777%2C437&ssl=1\",\"width\":777,\"height\":437},{\"@type\":\"BreadcrumbList\",\"@id\":\"https:\/\/www.todoalfalfa.com.ar\/noticias\/palpitando-la-precampana-de-pasturas\/#breadcrumb\",\"itemListElement\":[{\"@type\":\"ListItem\",\"position\":1,\"name\":\"Principal\",\"item\":\"https:\/\/www.todoalfalfa.com.ar\/noticias\/\"},{\"@type\":\"ListItem\",\"position\":2,\"name\":\"Palpitando la precampa\u00f1a de pasturas\"}]},{\"@type\":\"WebSite\",\"@id\":\"https:\/\/www.todoalfalfa.com.ar\/noticias\/#website\",\"url\":\"https:\/\/www.todoalfalfa.com.ar\/noticias\/\",\"name\":\"Todo Alfalfa\",\"description\":\"Web informativa de la cadena de la alfalfa argentina\",\"publisher\":{\"@id\":\"https:\/\/www.todoalfalfa.com.ar\/noticias\/#organization\"},\"potentialAction\":[{\"@type\":\"SearchAction\",\"target\":{\"@type\":\"EntryPoint\",\"urlTemplate\":\"https:\/\/www.todoalfalfa.com.ar\/noticias\/?s={search_term_string}\"},\"query-input\":{\"@type\":\"PropertyValueSpecification\",\"valueRequired\":true,\"valueName\":\"search_term_string\"}}],\"inLanguage\":\"es\"},{\"@type\":\"Organization\",\"@id\":\"https:\/\/www.todoalfalfa.com.ar\/noticias\/#organization\",\"name\":\"Todo Alfalfa\",\"url\":\"https:\/\/www.todoalfalfa.com.ar\/noticias\/\",\"logo\":{\"@type\":\"ImageObject\",\"inLanguage\":\"es\",\"@id\":\"https:\/\/www.todoalfalfa.com.ar\/noticias\/#\/schema\/logo\/image\/\",\"url\":\"https:\/\/www.todoalfalfa.com.ar\/noticias\/wp-content\/uploads\/2020\/09\/logo-todo-alfalfa-modificado.png\",\"contentUrl\":\"https:\/\/www.todoalfalfa.com.ar\/noticias\/wp-content\/uploads\/2020\/09\/logo-todo-alfalfa-modificado.png\",\"width\":350,\"height\":100,\"caption\":\"Todo Alfalfa\"},\"image\":{\"@id\":\"https:\/\/www.todoalfalfa.com.ar\/noticias\/#\/schema\/logo\/image\/\"},\"sameAs\":[\"https:\/\/www.facebook.com\/todoalfalfa\",\"https:\/\/www.instagram.com\/todoalfalfa\",\"https:\/\/www.youtube.com\/@TodoAlfalfa\",\"https:\/\/www.linkedin.com\/company\/todoalfalfa\/\"]},{\"@type\":\"Person\",\"@id\":\"https:\/\/www.todoalfalfa.com.ar\/noticias\/#\/schema\/person\/4ee4bca9b9fa50c4f0fbaf7017fbf2ad\",\"name\":\"Todo Alfalfa\",\"image\":{\"@type\":\"ImageObject\",\"inLanguage\":\"es\",\"@id\":\"https:\/\/www.todoalfalfa.com.ar\/noticias\/#\/schema\/person\/image\/\",\"url\":\"https:\/\/secure.gravatar.com\/avatar\/4d26a600a1380823a26c3f9cb74ada1a8ee4b482c0c3a616ab022b865c46be8f?s=96&d=mm&r=g\",\"contentUrl\":\"https:\/\/secure.gravatar.com\/avatar\/4d26a600a1380823a26c3f9cb74ada1a8ee4b482c0c3a616ab022b865c46be8f?s=96&d=mm&r=g\",\"caption\":\"Todo Alfalfa\"},\"sameAs\":[\"http:\/\/www.todoalfalfa.com.ar\"],\"url\":\"https:\/\/www.todoalfalfa.com.ar\/noticias\/author\/todoalfalfa\/\"}]}<\/script>\n<!-- \/ Yoast SEO plugin. -->","yoast_head_json":{"title":"Palpitando la precampa\u00f1a de pasturas","robots":{"index":"index","follow":"follow","max-snippet":"max-snippet:-1","max-image-preview":"max-image-preview:large","max-video-preview":"max-video-preview:-1"},"canonical":"https:\/\/www.todoalfalfa.com.ar\/noticias\/palpitando-la-precampana-de-pasturas\/","og_locale":"es_ES","og_type":"article","og_title":"Palpitando la precampa\u00f1a de pasturas","og_description":"El Ing. Agr. Gustavo Picasso, director de la compa&ntilde;&iacute;a, destac&oacute; que &ldquo;el pa&iacute;s est&aacute; entrando en una visi&oacute;n de largo...","og_url":"https:\/\/www.todoalfalfa.com.ar\/noticias\/palpitando-la-precampana-de-pasturas\/","og_site_name":"Todo Alfalfa","article_publisher":"https:\/\/www.facebook.com\/todoalfalfa","article_published_time":"2017-12-19T21:52:27+00:00","og_image":[{"width":777,"height":437,"url":"https:\/\/www.todoalfalfa.com.ar\/noticias\/wp-content\/uploads\/2017\/12\/pasturas_17.jpg","type":"image\/jpeg"}],"author":"Todo Alfalfa","twitter_card":"summary_large_image","twitter_misc":{"Escrito por":"Todo Alfalfa","Tiempo de lectura":"5 minutos"},"schema":{"@context":"https:\/\/schema.org","@graph":[{"@type":"NewsArticle","@id":"https:\/\/www.todoalfalfa.com.ar\/noticias\/palpitando-la-precampana-de-pasturas\/#article","isPartOf":{"@id":"https:\/\/www.todoalfalfa.com.ar\/noticias\/palpitando-la-precampana-de-pasturas\/"},"author":{"name":"Todo Alfalfa","@id":"https:\/\/www.todoalfalfa.com.ar\/noticias\/#\/schema\/person\/4ee4bca9b9fa50c4f0fbaf7017fbf2ad"},"headline":"Palpitando la precampa\u00f1a de pasturas","datePublished":"2017-12-19T21:52:27+00:00","mainEntityOfPage":{"@id":"https:\/\/www.todoalfalfa.com.ar\/noticias\/palpitando-la-precampana-de-pasturas\/"},"wordCount":970,"publisher":{"@id":"https:\/\/www.todoalfalfa.com.ar\/noticias\/#organization"},"image":{"@id":"https:\/\/www.todoalfalfa.com.ar\/noticias\/palpitando-la-precampana-de-pasturas\/#primaryimage"},"thumbnailUrl":"https:\/\/i0.wp.com\/www.todoalfalfa.com.ar\/noticias\/wp-content\/uploads\/2017\/12\/pasturas_17.jpg?fit=777%2C437&ssl=1","keywords":["campa\u00f1a2018","Ganader\u00eda","lecher\u00eda","pasturas"],"articleSection":["Generales"],"inLanguage":"es"},{"@type":["WebPage","ItemPage"],"@id":"https:\/\/www.todoalfalfa.com.ar\/noticias\/palpitando-la-precampana-de-pasturas\/","url":"https:\/\/www.todoalfalfa.com.ar\/noticias\/palpitando-la-precampana-de-pasturas\/","name":"Palpitando la precampa\u00f1a de pasturas","isPartOf":{"@id":"https:\/\/www.todoalfalfa.com.ar\/noticias\/#website"},"primaryImageOfPage":{"@id":"https:\/\/www.todoalfalfa.com.ar\/noticias\/palpitando-la-precampana-de-pasturas\/#primaryimage"},"image":{"@id":"https:\/\/www.todoalfalfa.com.ar\/noticias\/palpitando-la-precampana-de-pasturas\/#primaryimage"},"thumbnailUrl":"https:\/\/i0.wp.com\/www.todoalfalfa.com.ar\/noticias\/wp-content\/uploads\/2017\/12\/pasturas_17.jpg?fit=777%2C437&ssl=1","datePublished":"2017-12-19T21:52:27+00:00","breadcrumb":{"@id":"https:\/\/www.todoalfalfa.com.ar\/noticias\/palpitando-la-precampana-de-pasturas\/#breadcrumb"},"inLanguage":"es","potentialAction":[{"@type":"ReadAction","target":["https:\/\/www.todoalfalfa.com.ar\/noticias\/palpitando-la-precampana-de-pasturas\/"]}]},{"@type":"ImageObject","inLanguage":"es","@id":"https:\/\/www.todoalfalfa.com.ar\/noticias\/palpitando-la-precampana-de-pasturas\/#primaryimage","url":"https:\/\/i0.wp.com\/www.todoalfalfa.com.ar\/noticias\/wp-content\/uploads\/2017\/12\/pasturas_17.jpg?fit=777%2C437&ssl=1","contentUrl":"https:\/\/i0.wp.com\/www.todoalfalfa.com.ar\/noticias\/wp-content\/uploads\/2017\/12\/pasturas_17.jpg?fit=777%2C437&ssl=1","width":777,"height":437},{"@type":"BreadcrumbList","@id":"https:\/\/www.todoalfalfa.com.ar\/noticias\/palpitando-la-precampana-de-pasturas\/#breadcrumb","itemListElement":[{"@type":"ListItem","position":1,"name":"Principal","item":"https:\/\/www.todoalfalfa.com.ar\/noticias\/"},{"@type":"ListItem","position":2,"name":"Palpitando la precampa\u00f1a de pasturas"}]},{"@type":"WebSite","@id":"https:\/\/www.todoalfalfa.com.ar\/noticias\/#website","url":"https:\/\/www.todoalfalfa.com.ar\/noticias\/","name":"Todo Alfalfa","description":"Web informativa de la cadena de la alfalfa argentina","publisher":{"@id":"https:\/\/www.todoalfalfa.com.ar\/noticias\/#organization"},"potentialAction":[{"@type":"SearchAction","target":{"@type":"EntryPoint","urlTemplate":"https:\/\/www.todoalfalfa.com.ar\/noticias\/?s={search_term_string}"},"query-input":{"@type":"PropertyValueSpecification","valueRequired":true,"valueName":"search_term_string"}}],"inLanguage":"es"},{"@type":"Organization","@id":"https:\/\/www.todoalfalfa.com.ar\/noticias\/#organization","name":"Todo Alfalfa","url":"https:\/\/www.todoalfalfa.com.ar\/noticias\/","logo":{"@type":"ImageObject","inLanguage":"es","@id":"https:\/\/www.todoalfalfa.com.ar\/noticias\/#\/schema\/logo\/image\/","url":"https:\/\/www.todoalfalfa.com.ar\/noticias\/wp-content\/uploads\/2020\/09\/logo-todo-alfalfa-modificado.png","contentUrl":"https:\/\/www.todoalfalfa.com.ar\/noticias\/wp-content\/uploads\/2020\/09\/logo-todo-alfalfa-modificado.png","width":350,"height":100,"caption":"Todo Alfalfa"},"image":{"@id":"https:\/\/www.todoalfalfa.com.ar\/noticias\/#\/schema\/logo\/image\/"},"sameAs":["https:\/\/www.facebook.com\/todoalfalfa","https:\/\/www.instagram.com\/todoalfalfa","https:\/\/www.youtube.com\/@TodoAlfalfa","https:\/\/www.linkedin.com\/company\/todoalfalfa\/"]},{"@type":"Person","@id":"https:\/\/www.todoalfalfa.com.ar\/noticias\/#\/schema\/person\/4ee4bca9b9fa50c4f0fbaf7017fbf2ad","name":"Todo Alfalfa","image":{"@type":"ImageObject","inLanguage":"es","@id":"https:\/\/www.todoalfalfa.com.ar\/noticias\/#\/schema\/person\/image\/","url":"https:\/\/secure.gravatar.com\/avatar\/4d26a600a1380823a26c3f9cb74ada1a8ee4b482c0c3a616ab022b865c46be8f?s=96&d=mm&r=g","contentUrl":"https:\/\/secure.gravatar.com\/avatar\/4d26a600a1380823a26c3f9cb74ada1a8ee4b482c0c3a616ab022b865c46be8f?s=96&d=mm&r=g","caption":"Todo Alfalfa"},"sameAs":["http:\/\/www.todoalfalfa.com.ar"],"url":"https:\/\/www.todoalfalfa.com.ar\/noticias\/author\/todoalfalfa\/"}]}},"jetpack_featured_media_url":"https:\/\/i0.wp.com\/www.todoalfalfa.com.ar\/noticias\/wp-content\/uploads\/2017\/12\/pasturas_17.jpg?fit=777%2C437&ssl=1","wps_subtitle":"Desde la firma Picasso destacan que existe una visi\u00f3n de largo plazo en el pa\u00eds que favorece la implantaci\u00f3n de pasturas en la campa\u00f1a que se avecina. Afirman que como cultivos de cobertura tambi\u00e9n cobrar\u00e1n protagonismo en los pr\u00f3ximos a\u00f1os.","jetpack_sharing_enabled":true,"_links":{"self":[{"href":"https:\/\/www.todoalfalfa.com.ar\/noticias\/wp-json\/wp\/v2\/posts\/1519","targetHints":{"allow":["GET"]}}],"collection":[{"href":"https:\/\/www.todoalfalfa.com.ar\/noticias\/wp-json\/wp\/v2\/posts"}],"about":[{"href":"https:\/\/www.todoalfalfa.com.ar\/noticias\/wp-json\/wp\/v2\/types\/post"}],"author":[{"embeddable":true,"href":"https:\/\/www.todoalfalfa.com.ar\/noticias\/wp-json\/wp\/v2\/users\/3"}],"replies":[{"embeddable":true,"href":"https:\/\/www.todoalfalfa.com.ar\/noticias\/wp-json\/wp\/v2\/comments?post=1519"}],"version-history":[{"count":0,"href":"https:\/\/www.todoalfalfa.com.ar\/noticias\/wp-json\/wp\/v2\/posts\/1519\/revisions"}],"wp:featuredmedia":[{"embeddable":true,"href":"https:\/\/www.todoalfalfa.com.ar\/noticias\/wp-json\/wp\/v2\/media\/1520"}],"wp:attachment":[{"href":"https:\/\/www.todoalfalfa.com.ar\/noticias\/wp-json\/wp\/v2\/media?parent=1519"}],"wp:term":[{"taxonomy":"category","embeddable":true,"href":"https:\/\/www.todoalfalfa.com.ar\/noticias\/wp-json\/wp\/v2\/categories?post=1519"},{"taxonomy":"post_tag","embeddable":true,"href":"https:\/\/www.todoalfalfa.com.ar\/noticias\/wp-json\/wp\/v2\/tags?post=1519"}],"curies":[{"name":"wp","href":"https:\/\/api.w.org\/{rel}","templated":true}]}}