{"id":1529,"date":"2017-12-21T11:00:43","date_gmt":"2017-12-21T14:00:43","guid":{"rendered":"https:\/\/todoalfalfa.com.ar\/?p=1529"},"modified":"2017-12-21T11:00:43","modified_gmt":"2017-12-21T14:00:43","slug":"el-heno-de-alfalfa-se-posiciona-en-el-mercado-mundial","status":"publish","type":"post","link":"https:\/\/www.todoalfalfa.com.ar\/noticias\/el-heno-de-alfalfa-se-posiciona-en-el-mercado-mundial\/","title":{"rendered":"El heno de alfalfa se posiciona en el mercado mundial"},"content":{"rendered":"<p>En 2016, el comercio mundial de heno de alfalfa alcanz\u00f3 las ocho millones de toneladas por un valor de 2.400 millones de d\u00f3lares, con un incremento del 66,8 % en volumen y 98 % en monto, en los \u00faltimos 10 a\u00f1os. De acuerdo con los especialistas, existe una oportunidad de negocio concreta.<\/p>\n<p>En este contexto, la Argentina \u2013en especial, Santiago del Estero\u2013 se destaca por su gran potencial productivo y evidentes ventajas comparativas.<\/p>\n<p>De acuerdo con un reciente estudio realizado por el INTA, con el apoyo de la Unidad para el Cambio Rural del Ministerio de Agroindustria (UCAR), \u201cel comercio mundial de heno de alfalfa \u2013principalmente de megafardos\u2013 alcanz\u00f3, en 2016, los ocho millones de toneladas por un valor de 2.400 millones de d\u00f3lares, con un incremento del 66,8 % en volumen y 98 % en monto en los \u00faltimos 10 a\u00f1os\u201d.<\/p>\n<p>Seg\u00fan los analistas, todo indica que la demanda internacional ser\u00e1 sostenida y continuar\u00e1 en aumento, especialmente de la mano de China. As\u00ed las cosas, el mercado potencialmente m\u00e1s apto en t\u00e9rminos generales para la Argentina, en el corto y mediano plazo, seguir\u00eda siendo Medio Oriente, destino en el que el pa\u00eds ya tiene una trayectoria exportadora.<\/p>\n<p>En tanto, la Argentina tuvo un incremento sostenido de sus exportaciones con un pico, en 2013, de 53 mil toneladas para caer a 31.000 toneladas en 2016. A\u00fan en el a\u00f1o de mayores exportaciones, nuestro pa\u00eds s\u00f3lo provey\u00f3 el 0,7 % del total mundial. Arabia Saudita, Emiratos \u00c1rabes y Jordania representaron el 85 % de los destinos de las exportaciones nacionales que, en 2013, alcanz\u00f3 el 98 %.<\/p>\n<p>Para Juan Carlos Antu\u00f1a \u2013investigador del INTA Santiago del Estero\u2013, \u201cel mercado externo es una oportunidad de negocio concreta para nuestro pa\u00eds y en especial para Santiago del Estero, debido a su enorme potencial como \u00e1rea productiva con evidentes ventajas comparativas, sobre todo por los rendimientos \u2013asociados con una planta deshidratadora\u2013 y la cantidad de cortes anuales que pueden obtenerse\u201d.<\/p>\n<p>\u201cLa clave est\u00e1 \u2013especific\u00f3\u2013 en mejorar la eficiencia y productividad, no en incrementar superficies\u201d. Es que, de acuerdo con el t\u00e9cnico, \u201csobre las mismas superficies tendr\u00edamos mayor volumen de forraje con gran incremento en la calidad final\u201d.<\/p>\n<p>Asimismo, Antu\u00f1a se refiri\u00f3 al mercado externo como una oportunidad para convertirlo en un negocio anual en vez de estacional, por los mayores precios en invierno y menores en verano sobre la base de la oferta forrajera. Y fue m\u00e1s all\u00e1 al considerarlo una \u201cv\u00e1lvula de descompresi\u00f3n\u201d de la alta oferta local en los meses de verano, lo cual, a su vez, permitir\u00eda que los precios internos se mantengan en valores que garanticen la rentabilidad a los productores.<\/p>\n<p>Junto con el algod\u00f3n, la alfalfa es uno de los cultivos m\u00e1s emblem\u00e1ticos y culturalmente arraigados en Santiago del Estero, desarrollado por productores de menos de una hect\u00e1rea hasta otros de cientos e incluso miles. Existe una especial concentraci\u00f3n dentro del \u00e1rea de riego del r\u00edo Dulce, donde el principal destino del cultivo en esta zona es alfalfa de corte para comercializar en fardos.<\/p>\n<p><strong>Adoptar tecnolog\u00eda, clave para aumentar las exportaciones<\/strong><br \/>\nPara lograr escala y que el negocio sea sostenible y rentable \u2013advirti\u00f3 Antu\u00f1a\u2013 resulta \u201ctrascendental contar con una estrategia de financiamiento e incentivo a las inversiones para el procesamiento, sumado al respaldo y soporte t\u00e9cnico a los productores para adaptarse al cambio\u201d.<\/p>\n<p>Y agreg\u00f3: \u201cEste apoyo se agrega a otras l\u00edneas de mejora tecnol\u00f3gica como tipificaci\u00f3n, an\u00e1lisis y certificaciones de calidad y trazabilidad, aspectos que pueden contribuir a la mejora del sector alfalfero en la provincia y son temas sobre los cuales el INTA, INTI y el Ministerio de la Producci\u00f3n trabajan activamente para fortalecer las ventajas competitivas\u201d.<\/p>\n<p>De acuerdo con el t\u00e9cnico, entre los diversos factores por los que la Argentina no incrementa a\u00fan m\u00e1s sus exportaciones se destacan la falta de aplicaci\u00f3n de tecnolog\u00edas adecuadas para la producci\u00f3n eficiente de forraje de calidad y el tipo de cambio retrasado que quita competitividad.<\/p>\n<p>En este sentido, Antu\u00f1a se refiri\u00f3 a la necesidad de contar con plantas deshidratadoras industriales que permitan recolectar r\u00e1pidamente la alfalfa\u00a0del campo y realizar un secado controlado que independice el proceso de las condiciones clim\u00e1ticas.<\/p>\n<p>\u201cEste procesamiento permite aprovechar m\u00e1s cortes, asegurar la calidad del producto, reducir las p\u00e9rdidas de materia seca y prote\u00edna. Adem\u00e1s, facilita una mayor compactaci\u00f3n, que habilita el m\u00e1ximo aprovechamiento del flete y reduce los costos de log\u00edstica, de gran impacto en la provincia por las distancias\u201d, detall\u00f3 el t\u00e9cnico del INTA Santiago del Estero.<\/p>\n<p><strong>Alfalfa, la fibra que demanda el mundo<\/strong><br \/>\nUna mayor demanda de leche y productos l\u00e1cteos impulsaron el creciente consumo de alfalfa, debido a la necesidad de fibra para mejorar la eficiencia en el rendimiento de litros de leche por d\u00eda que puede aportar una vaca en orde\u00f1e.<\/p>\n<p>En este contexto, Jap\u00f3n se ubica como el principal importador mundial de alfalfa con el 24,8 %, seguido por China con el 21,1 % y Corea con el 12,8 %. Estos tres pa\u00edses asi\u00e1ticos concentran el 58,8 % de las importaciones mundiales.<\/p>\n<p>Con respecto a Medio Oriente, los Emiratos \u00c1rabes registran el 16,7 % del total mundial, es decir que, sin considerar a otros pa\u00edses como Arabia Saudita \u2013que crece notablemente\u2013, s\u00f3lo cuatro pa\u00edses concentran el 75,6 % de las importaciones mundiales.<\/p>\n<p>Los principales exportadores mundiales de alfalfa son los Estados Unidos con 4,7 millones de toneladas cubre el 58 %, seguido por Australia con el 12 %, Espa\u00f1a con el 10 % y Canad\u00e1 el 5 %. Entre estos cuatro actores, suman el 85 % del total exportado a escala mundial.<\/p>\n<p>Asimismo, los Estados Unidos, Australia y Canad\u00e1 concentran el 92 % de las exportaciones a los pa\u00edses asi\u00e1ticos. De acuerdo con Antu\u00f1a, \u201cesta concentraci\u00f3n de la oferta merece ser considerada atentamente, ya que cualquier desequilibrio de precios internos o por cuestiones clim\u00e1ticas puede incidir seriamente en los precios internacionales\u201d.<\/p>\n<div class=\"todoalfalfa-final-de-la-nota\" id=\"todoalfalfa-3346189623\"><a href=\"https:\/\/www.whatsapp.com\/channel\/0029VbCBmFB9WtBxJsD3eC2i\" target=\"_blank\" aria-label=\"5\"><img src=\"https:\/\/i0.wp.com\/www.todoalfalfa.com.ar\/noticias\/wp-content\/uploads\/2026\/04\/5.gif?fit=728%2C90&#038;ssl=1\" alt=\"\"  width=\"728\" height=\"90\"   \/><\/a><\/div>","protected":false},"excerpt":{"rendered":"<p>En 2016, el comercio mundial de heno de alfalfa alcanz&oacute; las ocho millones de toneladas por un valor de 2.400&#8230;<\/p>\n","protected":false},"author":3,"featured_media":1530,"comment_status":"closed","ping_status":"open","sticky":false,"template":"","format":"standard","meta":{"jetpack_post_was_ever_published":false,"_jetpack_newsletter_access":"","_jetpack_dont_email_post_to_subs":false,"_jetpack_newsletter_tier_id":0,"_jetpack_memberships_contains_paywalled_content":false,"_jetpack_memberships_contains_paid_content":false,"footnotes":""},"categories":[3],"tags":[31,213,68,36,261,262,263],"class_list":["post-1529","post","type-post","status-publish","format-standard","has-post-thumbnail","hentry","category-heno-y-forrajes","tag-alfalfa","tag-antuna","tag-heno","tag-inta","tag-mercado","tag-mundial","tag-santiagodelestero"],"yoast_head":"<!-- This site is optimized with the Yoast SEO plugin v25.5 - https:\/\/yoast.com\/wordpress\/plugins\/seo\/ -->\n<title>El heno de alfalfa se posiciona en el mercado mundial<\/title>\n<meta name=\"robots\" content=\"index, follow, max-snippet:-1, max-image-preview:large, max-video-preview:-1\" \/>\n<link rel=\"canonical\" href=\"https:\/\/www.todoalfalfa.com.ar\/noticias\/el-heno-de-alfalfa-se-posiciona-en-el-mercado-mundial\/\" \/>\n<meta property=\"og:locale\" content=\"es_ES\" \/>\n<meta property=\"og:type\" content=\"article\" \/>\n<meta property=\"og:title\" content=\"El heno de alfalfa se posiciona en el mercado mundial\" \/>\n<meta property=\"og:description\" content=\"En 2016, el comercio mundial de heno de alfalfa alcanz&oacute; las ocho millones de toneladas por un valor de 2.400...\" \/>\n<meta property=\"og:url\" content=\"https:\/\/www.todoalfalfa.com.ar\/noticias\/el-heno-de-alfalfa-se-posiciona-en-el-mercado-mundial\/\" \/>\n<meta property=\"og:site_name\" content=\"Todo Alfalfa\" \/>\n<meta property=\"article:publisher\" content=\"https:\/\/www.facebook.com\/todoalfalfa\" \/>\n<meta property=\"article:published_time\" content=\"2017-12-21T14:00:43+00:00\" \/>\n<meta property=\"og:image\" content=\"https:\/\/www.todoalfalfa.com.ar\/noticias\/wp-content\/uploads\/2017\/12\/megafardosdealfalfa.jpg\" \/>\n\t<meta property=\"og:image:width\" content=\"777\" \/>\n\t<meta property=\"og:image:height\" content=\"437\" \/>\n\t<meta property=\"og:image:type\" content=\"image\/jpeg\" \/>\n<meta name=\"author\" content=\"Todo Alfalfa\" \/>\n<meta name=\"twitter:card\" content=\"summary_large_image\" \/>\n<meta name=\"twitter:label1\" content=\"Escrito por\" \/>\n\t<meta name=\"twitter:data1\" content=\"Todo Alfalfa\" \/>\n\t<meta name=\"twitter:label2\" content=\"Tiempo de lectura\" \/>\n\t<meta name=\"twitter:data2\" content=\"5 minutos\" \/>\n<script type=\"application\/ld+json\" class=\"yoast-schema-graph\">{\"@context\":\"https:\/\/schema.org\",\"@graph\":[{\"@type\":\"NewsArticle\",\"@id\":\"https:\/\/www.todoalfalfa.com.ar\/noticias\/el-heno-de-alfalfa-se-posiciona-en-el-mercado-mundial\/#article\",\"isPartOf\":{\"@id\":\"https:\/\/www.todoalfalfa.com.ar\/noticias\/el-heno-de-alfalfa-se-posiciona-en-el-mercado-mundial\/\"},\"author\":{\"name\":\"Todo Alfalfa\",\"@id\":\"https:\/\/www.todoalfalfa.com.ar\/noticias\/#\/schema\/person\/4ee4bca9b9fa50c4f0fbaf7017fbf2ad\"},\"headline\":\"El heno de alfalfa se posiciona en el mercado mundial\",\"datePublished\":\"2017-12-21T14:00:43+00:00\",\"mainEntityOfPage\":{\"@id\":\"https:\/\/www.todoalfalfa.com.ar\/noticias\/el-heno-de-alfalfa-se-posiciona-en-el-mercado-mundial\/\"},\"wordCount\":1002,\"publisher\":{\"@id\":\"https:\/\/www.todoalfalfa.com.ar\/noticias\/#organization\"},\"image\":{\"@id\":\"https:\/\/www.todoalfalfa.com.ar\/noticias\/el-heno-de-alfalfa-se-posiciona-en-el-mercado-mundial\/#primaryimage\"},\"thumbnailUrl\":\"https:\/\/i0.wp.com\/www.todoalfalfa.com.ar\/noticias\/wp-content\/uploads\/2017\/12\/megafardosdealfalfa.jpg?fit=777%2C437&ssl=1\",\"keywords\":[\"alfalfa\",\"Antu\u00f1a\",\"heno\",\"inta\",\"mercado\",\"mundial\",\"SantiagodelEstero\"],\"articleSection\":[\"Heno y Forrajes\"],\"inLanguage\":\"es\"},{\"@type\":[\"WebPage\",\"ItemPage\"],\"@id\":\"https:\/\/www.todoalfalfa.com.ar\/noticias\/el-heno-de-alfalfa-se-posiciona-en-el-mercado-mundial\/\",\"url\":\"https:\/\/www.todoalfalfa.com.ar\/noticias\/el-heno-de-alfalfa-se-posiciona-en-el-mercado-mundial\/\",\"name\":\"El heno de alfalfa se posiciona en el mercado mundial\",\"isPartOf\":{\"@id\":\"https:\/\/www.todoalfalfa.com.ar\/noticias\/#website\"},\"primaryImageOfPage\":{\"@id\":\"https:\/\/www.todoalfalfa.com.ar\/noticias\/el-heno-de-alfalfa-se-posiciona-en-el-mercado-mundial\/#primaryimage\"},\"image\":{\"@id\":\"https:\/\/www.todoalfalfa.com.ar\/noticias\/el-heno-de-alfalfa-se-posiciona-en-el-mercado-mundial\/#primaryimage\"},\"thumbnailUrl\":\"https:\/\/i0.wp.com\/www.todoalfalfa.com.ar\/noticias\/wp-content\/uploads\/2017\/12\/megafardosdealfalfa.jpg?fit=777%2C437&ssl=1\",\"datePublished\":\"2017-12-21T14:00:43+00:00\",\"breadcrumb\":{\"@id\":\"https:\/\/www.todoalfalfa.com.ar\/noticias\/el-heno-de-alfalfa-se-posiciona-en-el-mercado-mundial\/#breadcrumb\"},\"inLanguage\":\"es\",\"potentialAction\":[{\"@type\":\"ReadAction\",\"target\":[\"https:\/\/www.todoalfalfa.com.ar\/noticias\/el-heno-de-alfalfa-se-posiciona-en-el-mercado-mundial\/\"]}]},{\"@type\":\"ImageObject\",\"inLanguage\":\"es\",\"@id\":\"https:\/\/www.todoalfalfa.com.ar\/noticias\/el-heno-de-alfalfa-se-posiciona-en-el-mercado-mundial\/#primaryimage\",\"url\":\"https:\/\/i0.wp.com\/www.todoalfalfa.com.ar\/noticias\/wp-content\/uploads\/2017\/12\/megafardosdealfalfa.jpg?fit=777%2C437&ssl=1\",\"contentUrl\":\"https:\/\/i0.wp.com\/www.todoalfalfa.com.ar\/noticias\/wp-content\/uploads\/2017\/12\/megafardosdealfalfa.jpg?fit=777%2C437&ssl=1\",\"width\":777,\"height\":437,\"caption\":\"Los megafardos de alfalfa, una v\u00eda de exportaci\u00f3n de heno de calidad al mundo\"},{\"@type\":\"BreadcrumbList\",\"@id\":\"https:\/\/www.todoalfalfa.com.ar\/noticias\/el-heno-de-alfalfa-se-posiciona-en-el-mercado-mundial\/#breadcrumb\",\"itemListElement\":[{\"@type\":\"ListItem\",\"position\":1,\"name\":\"Principal\",\"item\":\"https:\/\/www.todoalfalfa.com.ar\/noticias\/\"},{\"@type\":\"ListItem\",\"position\":2,\"name\":\"El heno de alfalfa se posiciona en el mercado mundial\"}]},{\"@type\":\"WebSite\",\"@id\":\"https:\/\/www.todoalfalfa.com.ar\/noticias\/#website\",\"url\":\"https:\/\/www.todoalfalfa.com.ar\/noticias\/\",\"name\":\"Todo Alfalfa\",\"description\":\"Web informativa de la cadena de la alfalfa argentina\",\"publisher\":{\"@id\":\"https:\/\/www.todoalfalfa.com.ar\/noticias\/#organization\"},\"potentialAction\":[{\"@type\":\"SearchAction\",\"target\":{\"@type\":\"EntryPoint\",\"urlTemplate\":\"https:\/\/www.todoalfalfa.com.ar\/noticias\/?s={search_term_string}\"},\"query-input\":{\"@type\":\"PropertyValueSpecification\",\"valueRequired\":true,\"valueName\":\"search_term_string\"}}],\"inLanguage\":\"es\"},{\"@type\":\"Organization\",\"@id\":\"https:\/\/www.todoalfalfa.com.ar\/noticias\/#organization\",\"name\":\"Todo Alfalfa\",\"url\":\"https:\/\/www.todoalfalfa.com.ar\/noticias\/\",\"logo\":{\"@type\":\"ImageObject\",\"inLanguage\":\"es\",\"@id\":\"https:\/\/www.todoalfalfa.com.ar\/noticias\/#\/schema\/logo\/image\/\",\"url\":\"https:\/\/www.todoalfalfa.com.ar\/noticias\/wp-content\/uploads\/2020\/09\/logo-todo-alfalfa-modificado.png\",\"contentUrl\":\"https:\/\/www.todoalfalfa.com.ar\/noticias\/wp-content\/uploads\/2020\/09\/logo-todo-alfalfa-modificado.png\",\"width\":350,\"height\":100,\"caption\":\"Todo Alfalfa\"},\"image\":{\"@id\":\"https:\/\/www.todoalfalfa.com.ar\/noticias\/#\/schema\/logo\/image\/\"},\"sameAs\":[\"https:\/\/www.facebook.com\/todoalfalfa\",\"https:\/\/www.instagram.com\/todoalfalfa\",\"https:\/\/www.youtube.com\/@TodoAlfalfa\",\"https:\/\/www.linkedin.com\/company\/todoalfalfa\/\"]},{\"@type\":\"Person\",\"@id\":\"https:\/\/www.todoalfalfa.com.ar\/noticias\/#\/schema\/person\/4ee4bca9b9fa50c4f0fbaf7017fbf2ad\",\"name\":\"Todo Alfalfa\",\"image\":{\"@type\":\"ImageObject\",\"inLanguage\":\"es\",\"@id\":\"https:\/\/www.todoalfalfa.com.ar\/noticias\/#\/schema\/person\/image\/\",\"url\":\"https:\/\/secure.gravatar.com\/avatar\/4d26a600a1380823a26c3f9cb74ada1a8ee4b482c0c3a616ab022b865c46be8f?s=96&d=mm&r=g\",\"contentUrl\":\"https:\/\/secure.gravatar.com\/avatar\/4d26a600a1380823a26c3f9cb74ada1a8ee4b482c0c3a616ab022b865c46be8f?s=96&d=mm&r=g\",\"caption\":\"Todo Alfalfa\"},\"sameAs\":[\"http:\/\/www.todoalfalfa.com.ar\"],\"url\":\"https:\/\/www.todoalfalfa.com.ar\/noticias\/author\/todoalfalfa\/\"}]}<\/script>\n<!-- \/ Yoast SEO plugin. -->","yoast_head_json":{"title":"El heno de alfalfa se posiciona en el mercado mundial","robots":{"index":"index","follow":"follow","max-snippet":"max-snippet:-1","max-image-preview":"max-image-preview:large","max-video-preview":"max-video-preview:-1"},"canonical":"https:\/\/www.todoalfalfa.com.ar\/noticias\/el-heno-de-alfalfa-se-posiciona-en-el-mercado-mundial\/","og_locale":"es_ES","og_type":"article","og_title":"El heno de alfalfa se posiciona en el mercado mundial","og_description":"En 2016, el comercio mundial de heno de alfalfa alcanz&oacute; las ocho millones de toneladas por un valor de 2.400...","og_url":"https:\/\/www.todoalfalfa.com.ar\/noticias\/el-heno-de-alfalfa-se-posiciona-en-el-mercado-mundial\/","og_site_name":"Todo Alfalfa","article_publisher":"https:\/\/www.facebook.com\/todoalfalfa","article_published_time":"2017-12-21T14:00:43+00:00","og_image":[{"width":777,"height":437,"url":"https:\/\/www.todoalfalfa.com.ar\/noticias\/wp-content\/uploads\/2017\/12\/megafardosdealfalfa.jpg","type":"image\/jpeg"}],"author":"Todo Alfalfa","twitter_card":"summary_large_image","twitter_misc":{"Escrito por":"Todo Alfalfa","Tiempo de lectura":"5 minutos"},"schema":{"@context":"https:\/\/schema.org","@graph":[{"@type":"NewsArticle","@id":"https:\/\/www.todoalfalfa.com.ar\/noticias\/el-heno-de-alfalfa-se-posiciona-en-el-mercado-mundial\/#article","isPartOf":{"@id":"https:\/\/www.todoalfalfa.com.ar\/noticias\/el-heno-de-alfalfa-se-posiciona-en-el-mercado-mundial\/"},"author":{"name":"Todo Alfalfa","@id":"https:\/\/www.todoalfalfa.com.ar\/noticias\/#\/schema\/person\/4ee4bca9b9fa50c4f0fbaf7017fbf2ad"},"headline":"El heno de alfalfa se posiciona en el mercado mundial","datePublished":"2017-12-21T14:00:43+00:00","mainEntityOfPage":{"@id":"https:\/\/www.todoalfalfa.com.ar\/noticias\/el-heno-de-alfalfa-se-posiciona-en-el-mercado-mundial\/"},"wordCount":1002,"publisher":{"@id":"https:\/\/www.todoalfalfa.com.ar\/noticias\/#organization"},"image":{"@id":"https:\/\/www.todoalfalfa.com.ar\/noticias\/el-heno-de-alfalfa-se-posiciona-en-el-mercado-mundial\/#primaryimage"},"thumbnailUrl":"https:\/\/i0.wp.com\/www.todoalfalfa.com.ar\/noticias\/wp-content\/uploads\/2017\/12\/megafardosdealfalfa.jpg?fit=777%2C437&ssl=1","keywords":["alfalfa","Antu\u00f1a","heno","inta","mercado","mundial","SantiagodelEstero"],"articleSection":["Heno y Forrajes"],"inLanguage":"es"},{"@type":["WebPage","ItemPage"],"@id":"https:\/\/www.todoalfalfa.com.ar\/noticias\/el-heno-de-alfalfa-se-posiciona-en-el-mercado-mundial\/","url":"https:\/\/www.todoalfalfa.com.ar\/noticias\/el-heno-de-alfalfa-se-posiciona-en-el-mercado-mundial\/","name":"El heno de alfalfa se posiciona en el mercado mundial","isPartOf":{"@id":"https:\/\/www.todoalfalfa.com.ar\/noticias\/#website"},"primaryImageOfPage":{"@id":"https:\/\/www.todoalfalfa.com.ar\/noticias\/el-heno-de-alfalfa-se-posiciona-en-el-mercado-mundial\/#primaryimage"},"image":{"@id":"https:\/\/www.todoalfalfa.com.ar\/noticias\/el-heno-de-alfalfa-se-posiciona-en-el-mercado-mundial\/#primaryimage"},"thumbnailUrl":"https:\/\/i0.wp.com\/www.todoalfalfa.com.ar\/noticias\/wp-content\/uploads\/2017\/12\/megafardosdealfalfa.jpg?fit=777%2C437&ssl=1","datePublished":"2017-12-21T14:00:43+00:00","breadcrumb":{"@id":"https:\/\/www.todoalfalfa.com.ar\/noticias\/el-heno-de-alfalfa-se-posiciona-en-el-mercado-mundial\/#breadcrumb"},"inLanguage":"es","potentialAction":[{"@type":"ReadAction","target":["https:\/\/www.todoalfalfa.com.ar\/noticias\/el-heno-de-alfalfa-se-posiciona-en-el-mercado-mundial\/"]}]},{"@type":"ImageObject","inLanguage":"es","@id":"https:\/\/www.todoalfalfa.com.ar\/noticias\/el-heno-de-alfalfa-se-posiciona-en-el-mercado-mundial\/#primaryimage","url":"https:\/\/i0.wp.com\/www.todoalfalfa.com.ar\/noticias\/wp-content\/uploads\/2017\/12\/megafardosdealfalfa.jpg?fit=777%2C437&ssl=1","contentUrl":"https:\/\/i0.wp.com\/www.todoalfalfa.com.ar\/noticias\/wp-content\/uploads\/2017\/12\/megafardosdealfalfa.jpg?fit=777%2C437&ssl=1","width":777,"height":437,"caption":"Los megafardos de alfalfa, una v\u00eda de exportaci\u00f3n de heno de calidad al mundo"},{"@type":"BreadcrumbList","@id":"https:\/\/www.todoalfalfa.com.ar\/noticias\/el-heno-de-alfalfa-se-posiciona-en-el-mercado-mundial\/#breadcrumb","itemListElement":[{"@type":"ListItem","position":1,"name":"Principal","item":"https:\/\/www.todoalfalfa.com.ar\/noticias\/"},{"@type":"ListItem","position":2,"name":"El heno de alfalfa se posiciona en el mercado mundial"}]},{"@type":"WebSite","@id":"https:\/\/www.todoalfalfa.com.ar\/noticias\/#website","url":"https:\/\/www.todoalfalfa.com.ar\/noticias\/","name":"Todo Alfalfa","description":"Web informativa de la cadena de la alfalfa argentina","publisher":{"@id":"https:\/\/www.todoalfalfa.com.ar\/noticias\/#organization"},"potentialAction":[{"@type":"SearchAction","target":{"@type":"EntryPoint","urlTemplate":"https:\/\/www.todoalfalfa.com.ar\/noticias\/?s={search_term_string}"},"query-input":{"@type":"PropertyValueSpecification","valueRequired":true,"valueName":"search_term_string"}}],"inLanguage":"es"},{"@type":"Organization","@id":"https:\/\/www.todoalfalfa.com.ar\/noticias\/#organization","name":"Todo Alfalfa","url":"https:\/\/www.todoalfalfa.com.ar\/noticias\/","logo":{"@type":"ImageObject","inLanguage":"es","@id":"https:\/\/www.todoalfalfa.com.ar\/noticias\/#\/schema\/logo\/image\/","url":"https:\/\/www.todoalfalfa.com.ar\/noticias\/wp-content\/uploads\/2020\/09\/logo-todo-alfalfa-modificado.png","contentUrl":"https:\/\/www.todoalfalfa.com.ar\/noticias\/wp-content\/uploads\/2020\/09\/logo-todo-alfalfa-modificado.png","width":350,"height":100,"caption":"Todo Alfalfa"},"image":{"@id":"https:\/\/www.todoalfalfa.com.ar\/noticias\/#\/schema\/logo\/image\/"},"sameAs":["https:\/\/www.facebook.com\/todoalfalfa","https:\/\/www.instagram.com\/todoalfalfa","https:\/\/www.youtube.com\/@TodoAlfalfa","https:\/\/www.linkedin.com\/company\/todoalfalfa\/"]},{"@type":"Person","@id":"https:\/\/www.todoalfalfa.com.ar\/noticias\/#\/schema\/person\/4ee4bca9b9fa50c4f0fbaf7017fbf2ad","name":"Todo Alfalfa","image":{"@type":"ImageObject","inLanguage":"es","@id":"https:\/\/www.todoalfalfa.com.ar\/noticias\/#\/schema\/person\/image\/","url":"https:\/\/secure.gravatar.com\/avatar\/4d26a600a1380823a26c3f9cb74ada1a8ee4b482c0c3a616ab022b865c46be8f?s=96&d=mm&r=g","contentUrl":"https:\/\/secure.gravatar.com\/avatar\/4d26a600a1380823a26c3f9cb74ada1a8ee4b482c0c3a616ab022b865c46be8f?s=96&d=mm&r=g","caption":"Todo Alfalfa"},"sameAs":["http:\/\/www.todoalfalfa.com.ar"],"url":"https:\/\/www.todoalfalfa.com.ar\/noticias\/author\/todoalfalfa\/"}]}},"jetpack_featured_media_url":"https:\/\/i0.wp.com\/www.todoalfalfa.com.ar\/noticias\/wp-content\/uploads\/2017\/12\/megafardosdealfalfa.jpg?fit=777%2C437&ssl=1","wps_subtitle":"El comercio mundial de heno de alfalfa alcanz\u00f3 las ocho millones de toneladas y su creciente demanda internacional representa una oportunidad de negocio para el pa\u00eds. T\u00e9cnicos del INTA analizan el aporte del instituto para aumentar la productividad de la fibra.","jetpack_sharing_enabled":true,"_links":{"self":[{"href":"https:\/\/www.todoalfalfa.com.ar\/noticias\/wp-json\/wp\/v2\/posts\/1529","targetHints":{"allow":["GET"]}}],"collection":[{"href":"https:\/\/www.todoalfalfa.com.ar\/noticias\/wp-json\/wp\/v2\/posts"}],"about":[{"href":"https:\/\/www.todoalfalfa.com.ar\/noticias\/wp-json\/wp\/v2\/types\/post"}],"author":[{"embeddable":true,"href":"https:\/\/www.todoalfalfa.com.ar\/noticias\/wp-json\/wp\/v2\/users\/3"}],"replies":[{"embeddable":true,"href":"https:\/\/www.todoalfalfa.com.ar\/noticias\/wp-json\/wp\/v2\/comments?post=1529"}],"version-history":[{"count":0,"href":"https:\/\/www.todoalfalfa.com.ar\/noticias\/wp-json\/wp\/v2\/posts\/1529\/revisions"}],"wp:featuredmedia":[{"embeddable":true,"href":"https:\/\/www.todoalfalfa.com.ar\/noticias\/wp-json\/wp\/v2\/media\/1530"}],"wp:attachment":[{"href":"https:\/\/www.todoalfalfa.com.ar\/noticias\/wp-json\/wp\/v2\/media?parent=1529"}],"wp:term":[{"taxonomy":"category","embeddable":true,"href":"https:\/\/www.todoalfalfa.com.ar\/noticias\/wp-json\/wp\/v2\/categories?post=1529"},{"taxonomy":"post_tag","embeddable":true,"href":"https:\/\/www.todoalfalfa.com.ar\/noticias\/wp-json\/wp\/v2\/tags?post=1529"}],"curies":[{"name":"wp","href":"https:\/\/api.w.org\/{rel}","templated":true}]}}