{"id":1589,"date":"2018-01-29T18:43:10","date_gmt":"2018-01-29T21:43:10","guid":{"rendered":"https:\/\/todoalfalfa.com.ar\/?p=1589"},"modified":"2018-01-29T18:45:38","modified_gmt":"2018-01-29T21:45:38","slug":"la-alfalfa-es-una-gran-oportunidad-para-la-zona-nucleo","status":"publish","type":"post","link":"https:\/\/www.todoalfalfa.com.ar\/noticias\/la-alfalfa-es-una-gran-oportunidad-para-la-zona-nucleo\/","title":{"rendered":"La alfalfa es una gran oportunidad para la zona n\u00facleo"},"content":{"rendered":"<p>La alfalfa en Argentina logr\u00f3 abarcar en Argentina m\u00e1s de 7 millones de hect\u00e1reas d\u00e9cadas atr\u00e1s. Ocupaba excelentes tierras en todas las zonas, y muchas de ellas en la zona n\u00facleo agr\u00edcola de Argentina.<br \/>\nLa facilidad y el bajo costo de los sistemas agr\u00edcolas base soja, y el corrimiento de la ganader\u00eda a suelos de menor calidad hizo que la forrajera perdiera fuerza. Pero en la actualidad los ajustados m\u00e1rgenes de la soja y lo caro y riesgoso que implica apostar al ma\u00edz, hace que los productores vuelvan a evaluar la alternativa de la alfalfa, esta vez relacionada al desarrollo de sistemas ganaderos que incluyen encierres o posibilidades de exportaci\u00f3n de heno.<\/p>\n<p>Este contexto impuls\u00f3 a Fernando Michelotti, socio propietario de Michelotti Henificaciones a concretar una jornada en el Sal\u00f3n Girasoles en la localidad de Morrison, en el departamento Uni\u00f3n donde hizo un repaso del cultivo en un sistema de producci\u00f3n, en sus posibilidades de exportaci\u00f3n y en la necesidad de mejorar el trabajo y el aporte de la maquinaria que interviene en la henificaci\u00f3n.<\/p>\n<p>Los Michelotti son una familia con mucha historia y tradici\u00f3n en el cultivo de alfalfa. \u201cTodo esto lo empez\u00f3 mi padre con mi abuelo, y ahora estamos con mi padre a full, es un trabajo complicado pero lindo\u201d, apunta Fernando quien le aporta sangre joven al proyecto.<\/p>\n<p>\u201cNosotros tenemos servicio de henificaci\u00f3n, lo que es solamente rollos, rotoenfardadora de alta tecnolog\u00eda con gran capacidad de trabajo, entonces cuando salimos a los campos estamos haciendo con una sola m\u00e1quina entre 40 y 50 rollos por hora. Eso nos permite tener a cantidad de clientes que tenemos, andamos en toda la zona, desde Morrison 50 km al sur y 50 km al norte y para el lado de Bell Ville tambi\u00e9n\u201d, agreg\u00f3.<\/p>\n<p>El a\u00f1o pasado los Michelotti trabajaron unas 2500 hect\u00e1reas, e hicieron m\u00e1s de 15.000 rollos. \u201cEste a\u00f1o hemos adquirido una New Holland motriz, una segadora que nos est\u00e1 ayudando mucho porque nos sirve el secado adelantado de la alfalfa que antes con eso reneg\u00e1bamos en los a\u00f1os de lluvia, perd\u00edamos mucha producci\u00f3n. Ahora estamos sacando mejor calidad, m\u00e1s r\u00e1pido, y por atr\u00e1s van las enrolladoras que les sobra capacidad de trabajo. A dem\u00e1s de eso brindamos el servicio de sacado de rollos, hileramos, hacemos traslado, tenemos cami\u00f3n propio, abastecemos a gran porcentaje de la zona con rollo\u201d.<\/p>\n<p>Atendiendo al contexto, los Michelotti apostaron no solo a invertir en maquinarias, sino que adem\u00e1s se metieron en el negocio de producir alfalfa y de usar parte de lo producido para engordar ganado. \u201cEste a\u00f1o llegamos a tener 80 hect\u00e1reas de alfalfa y en marzo queremos duplicarla. Esta charla la organizamos en base de que los productores siembren alfalfa porque hay buen mercado, buena salida a nivel internacional y nosotros estamos en una zona muy buena para la producci\u00f3n, y la idea es juntar a varios productores para hacer gran volumen y gran cantidad de alfalfa para poder exportar que ese es el proyecto que tenemos pensado y desarrollado. Contamos tambi\u00e9n con un feedlot que le sacamos valor agregado a lo que es el rollo, tenemos el campo rodeado de alfalfa y parcelamos. Los animales comen alfalfa en planta, y comen encerrados en el corral con rollo\u201d.<\/p>\n<p><strong>Vecinos muy interesados<\/strong><br \/>\nAntonio Bernardi un reconocido productor de la zona de Morrison fue uno de los asistentes al encuentro. \u201cEstamos recordando nuevamente los resultados de la alfalfa y la soja l\u00f3gicamente que elimin\u00f3 la alfalfa en la zona. Yo creo que hay que volver a la alfalfa por razones de producci\u00f3n interna para consumo interno y para exportar y por otro lado tener un poco otra alternativa de producci\u00f3n en el campo y poder industrializar como es la alfalfa, as\u00ed que yo creo que esta reuni\u00f3n fue importante con el planteo que ha hecho la gente de la C\u00e1mara sobre los mercados que podemos tener potencialmente hacia el exterior\u201d.<\/p>\n<p>Los Bernardi tienen tambo y hacen ganader\u00eda de carne: \u201cNosotros tenemos alfalfa porque es la reina en la alimentaci\u00f3n y yo creo que la alfalfa no puede faltar en una producci\u00f3n de carne o leche y ahora que se agrega la potencialidad de poder exportar asique yo creo que es una gran oportunidad para que el productor sojero no descarte la posibilidad de incorporar un poco de alfalfa como alternativa en el plano agr\u00edcola\u201d.<\/p>\n<p>\u201cHace varios a\u00f1os que estamos trabajando en silos de alfalfa o heno en rollos y l\u00f3gicamente que una alternativa interesante es que en el futuro hagamos tambi\u00e9n rollos o megafardos con cutter porque de esa manera podemos utilizar ese material en los mixer convencionales horizontales que considero que son los mejores para mezclar la dieta\u201d, desliz\u00f3 Antonio Bernardi, al tiempo que destac\u00f3 el momento que vive el cultivo. \u201cReci\u00e9n estamos empezando a hablar de un cambio entonces se analizara como se puede seguir. De cualquier manera yo creo que es una buena oportunidad para muchos campos que eran ganaderos y pasaron a la agricultura vuelvan a la ganader\u00eda y hagan alfalfa\u201d.<\/p>\n<p><!-- [if gte mso 9]&gt;--><\/p>\n<p>Usuario<br \/>\n12.00<\/p>\n<div class=\"todoalfalfa-final-de-la-nota\" id=\"todoalfalfa-2690363711\"><a href=\"https:\/\/www.whatsapp.com\/channel\/0029VbCBmFB9WtBxJsD3eC2i\" target=\"_blank\" aria-label=\"5\"><img src=\"https:\/\/i0.wp.com\/www.todoalfalfa.com.ar\/noticias\/wp-content\/uploads\/2026\/04\/5.gif?fit=728%2C90&#038;ssl=1\" alt=\"\"  width=\"728\" height=\"90\"   \/><\/a><\/div>","protected":false},"excerpt":{"rendered":"<p>La alfalfa en Argentina logr&oacute; abarcar en Argentina m&aacute;s de 7 millones de hect&aacute;reas d&eacute;cadas atr&aacute;s. Ocupaba excelentes tierras en&#8230;<\/p>\n","protected":false},"author":3,"featured_media":1590,"comment_status":"closed","ping_status":"open","sticky":false,"template":"","format":"standard","meta":{"jetpack_post_was_ever_published":false,"_jetpack_newsletter_access":"","_jetpack_dont_email_post_to_subs":false,"_jetpack_newsletter_tier_id":0,"_jetpack_memberships_contains_paywalled_content":false,"_jetpack_memberships_contains_paid_content":false,"footnotes":""},"categories":[3],"tags":[31,274,273,276,275],"class_list":["post-1589","post","type-post","status-publish","format-standard","has-post-thumbnail","hentry","category-heno-y-forrajes","tag-alfalfa","tag-henificaciones","tag-michelotti","tag-nucleo","tag-zona"],"yoast_head":"<!-- This site is optimized with the Yoast SEO plugin v25.5 - https:\/\/yoast.com\/wordpress\/plugins\/seo\/ -->\n<title>La alfalfa es una gran oportunidad para la zona n\u00facleo<\/title>\n<meta name=\"robots\" content=\"index, follow, max-snippet:-1, max-image-preview:large, max-video-preview:-1\" \/>\n<link rel=\"canonical\" href=\"https:\/\/www.todoalfalfa.com.ar\/noticias\/la-alfalfa-es-una-gran-oportunidad-para-la-zona-nucleo\/\" \/>\n<meta property=\"og:locale\" content=\"es_ES\" \/>\n<meta property=\"og:type\" content=\"article\" \/>\n<meta property=\"og:title\" content=\"La alfalfa es una gran oportunidad para la zona n\u00facleo\" \/>\n<meta property=\"og:description\" content=\"La alfalfa en Argentina logr&oacute; abarcar en Argentina m&aacute;s de 7 millones de hect&aacute;reas d&eacute;cadas atr&aacute;s. Ocupaba excelentes tierras en...\" \/>\n<meta property=\"og:url\" content=\"https:\/\/www.todoalfalfa.com.ar\/noticias\/la-alfalfa-es-una-gran-oportunidad-para-la-zona-nucleo\/\" \/>\n<meta property=\"og:site_name\" content=\"Todo Alfalfa\" \/>\n<meta property=\"article:publisher\" content=\"https:\/\/www.facebook.com\/todoalfalfa\" \/>\n<meta property=\"article:published_time\" content=\"2018-01-29T21:43:10+00:00\" \/>\n<meta property=\"article:modified_time\" content=\"2018-01-29T21:45:38+00:00\" \/>\n<meta property=\"og:image\" content=\"https:\/\/www.todoalfalfa.com.ar\/noticias\/wp-content\/uploads\/2018\/01\/Familia-Michelotti.jpg\" \/>\n\t<meta property=\"og:image:width\" content=\"777\" \/>\n\t<meta property=\"og:image:height\" content=\"437\" \/>\n\t<meta property=\"og:image:type\" content=\"image\/jpeg\" \/>\n<meta name=\"author\" content=\"Todo Alfalfa\" \/>\n<meta name=\"twitter:card\" content=\"summary_large_image\" \/>\n<meta name=\"twitter:label1\" content=\"Escrito por\" \/>\n\t<meta name=\"twitter:data1\" content=\"Todo Alfalfa\" \/>\n\t<meta name=\"twitter:label2\" content=\"Tiempo de lectura\" \/>\n\t<meta name=\"twitter:data2\" content=\"4 minutos\" \/>\n<script type=\"application\/ld+json\" class=\"yoast-schema-graph\">{\"@context\":\"https:\/\/schema.org\",\"@graph\":[{\"@type\":\"NewsArticle\",\"@id\":\"https:\/\/www.todoalfalfa.com.ar\/noticias\/la-alfalfa-es-una-gran-oportunidad-para-la-zona-nucleo\/#article\",\"isPartOf\":{\"@id\":\"https:\/\/www.todoalfalfa.com.ar\/noticias\/la-alfalfa-es-una-gran-oportunidad-para-la-zona-nucleo\/\"},\"author\":{\"name\":\"Todo Alfalfa\",\"@id\":\"https:\/\/www.todoalfalfa.com.ar\/noticias\/#\/schema\/person\/4ee4bca9b9fa50c4f0fbaf7017fbf2ad\"},\"headline\":\"La alfalfa es una gran oportunidad para la zona n\u00facleo\",\"datePublished\":\"2018-01-29T21:43:10+00:00\",\"dateModified\":\"2018-01-29T21:45:38+00:00\",\"mainEntityOfPage\":{\"@id\":\"https:\/\/www.todoalfalfa.com.ar\/noticias\/la-alfalfa-es-una-gran-oportunidad-para-la-zona-nucleo\/\"},\"wordCount\":891,\"publisher\":{\"@id\":\"https:\/\/www.todoalfalfa.com.ar\/noticias\/#organization\"},\"image\":{\"@id\":\"https:\/\/www.todoalfalfa.com.ar\/noticias\/la-alfalfa-es-una-gran-oportunidad-para-la-zona-nucleo\/#primaryimage\"},\"thumbnailUrl\":\"https:\/\/i0.wp.com\/www.todoalfalfa.com.ar\/noticias\/wp-content\/uploads\/2018\/01\/Familia-Michelotti.jpg?fit=777%2C437&ssl=1\",\"keywords\":[\"alfalfa\",\"Henificaciones\",\"Michelotti\",\"n\u00facleo\",\"zona\"],\"articleSection\":[\"Heno y Forrajes\"],\"inLanguage\":\"es\"},{\"@type\":[\"WebPage\",\"ItemPage\"],\"@id\":\"https:\/\/www.todoalfalfa.com.ar\/noticias\/la-alfalfa-es-una-gran-oportunidad-para-la-zona-nucleo\/\",\"url\":\"https:\/\/www.todoalfalfa.com.ar\/noticias\/la-alfalfa-es-una-gran-oportunidad-para-la-zona-nucleo\/\",\"name\":\"La alfalfa es una gran oportunidad para la zona n\u00facleo\",\"isPartOf\":{\"@id\":\"https:\/\/www.todoalfalfa.com.ar\/noticias\/#website\"},\"primaryImageOfPage\":{\"@id\":\"https:\/\/www.todoalfalfa.com.ar\/noticias\/la-alfalfa-es-una-gran-oportunidad-para-la-zona-nucleo\/#primaryimage\"},\"image\":{\"@id\":\"https:\/\/www.todoalfalfa.com.ar\/noticias\/la-alfalfa-es-una-gran-oportunidad-para-la-zona-nucleo\/#primaryimage\"},\"thumbnailUrl\":\"https:\/\/i0.wp.com\/www.todoalfalfa.com.ar\/noticias\/wp-content\/uploads\/2018\/01\/Familia-Michelotti.jpg?fit=777%2C437&ssl=1\",\"datePublished\":\"2018-01-29T21:43:10+00:00\",\"dateModified\":\"2018-01-29T21:45:38+00:00\",\"breadcrumb\":{\"@id\":\"https:\/\/www.todoalfalfa.com.ar\/noticias\/la-alfalfa-es-una-gran-oportunidad-para-la-zona-nucleo\/#breadcrumb\"},\"inLanguage\":\"es\",\"potentialAction\":[{\"@type\":\"ReadAction\",\"target\":[\"https:\/\/www.todoalfalfa.com.ar\/noticias\/la-alfalfa-es-una-gran-oportunidad-para-la-zona-nucleo\/\"]}]},{\"@type\":\"ImageObject\",\"inLanguage\":\"es\",\"@id\":\"https:\/\/www.todoalfalfa.com.ar\/noticias\/la-alfalfa-es-una-gran-oportunidad-para-la-zona-nucleo\/#primaryimage\",\"url\":\"https:\/\/i0.wp.com\/www.todoalfalfa.com.ar\/noticias\/wp-content\/uploads\/2018\/01\/Familia-Michelotti.jpg?fit=777%2C437&ssl=1\",\"contentUrl\":\"https:\/\/i0.wp.com\/www.todoalfalfa.com.ar\/noticias\/wp-content\/uploads\/2018\/01\/Familia-Michelotti.jpg?fit=777%2C437&ssl=1\",\"width\":777,\"height\":437,\"caption\":\"Fernando Michelotti (izq.) y flia.\"},{\"@type\":\"BreadcrumbList\",\"@id\":\"https:\/\/www.todoalfalfa.com.ar\/noticias\/la-alfalfa-es-una-gran-oportunidad-para-la-zona-nucleo\/#breadcrumb\",\"itemListElement\":[{\"@type\":\"ListItem\",\"position\":1,\"name\":\"Principal\",\"item\":\"https:\/\/www.todoalfalfa.com.ar\/noticias\/\"},{\"@type\":\"ListItem\",\"position\":2,\"name\":\"La alfalfa es una gran oportunidad para la zona n\u00facleo\"}]},{\"@type\":\"WebSite\",\"@id\":\"https:\/\/www.todoalfalfa.com.ar\/noticias\/#website\",\"url\":\"https:\/\/www.todoalfalfa.com.ar\/noticias\/\",\"name\":\"Todo Alfalfa\",\"description\":\"Web informativa de la cadena de la alfalfa argentina\",\"publisher\":{\"@id\":\"https:\/\/www.todoalfalfa.com.ar\/noticias\/#organization\"},\"potentialAction\":[{\"@type\":\"SearchAction\",\"target\":{\"@type\":\"EntryPoint\",\"urlTemplate\":\"https:\/\/www.todoalfalfa.com.ar\/noticias\/?s={search_term_string}\"},\"query-input\":{\"@type\":\"PropertyValueSpecification\",\"valueRequired\":true,\"valueName\":\"search_term_string\"}}],\"inLanguage\":\"es\"},{\"@type\":\"Organization\",\"@id\":\"https:\/\/www.todoalfalfa.com.ar\/noticias\/#organization\",\"name\":\"Todo Alfalfa\",\"url\":\"https:\/\/www.todoalfalfa.com.ar\/noticias\/\",\"logo\":{\"@type\":\"ImageObject\",\"inLanguage\":\"es\",\"@id\":\"https:\/\/www.todoalfalfa.com.ar\/noticias\/#\/schema\/logo\/image\/\",\"url\":\"https:\/\/www.todoalfalfa.com.ar\/noticias\/wp-content\/uploads\/2020\/09\/logo-todo-alfalfa-modificado.png\",\"contentUrl\":\"https:\/\/www.todoalfalfa.com.ar\/noticias\/wp-content\/uploads\/2020\/09\/logo-todo-alfalfa-modificado.png\",\"width\":350,\"height\":100,\"caption\":\"Todo Alfalfa\"},\"image\":{\"@id\":\"https:\/\/www.todoalfalfa.com.ar\/noticias\/#\/schema\/logo\/image\/\"},\"sameAs\":[\"https:\/\/www.facebook.com\/todoalfalfa\",\"https:\/\/www.instagram.com\/todoalfalfa\",\"https:\/\/www.youtube.com\/@TodoAlfalfa\",\"https:\/\/www.linkedin.com\/company\/todoalfalfa\/\"]},{\"@type\":\"Person\",\"@id\":\"https:\/\/www.todoalfalfa.com.ar\/noticias\/#\/schema\/person\/4ee4bca9b9fa50c4f0fbaf7017fbf2ad\",\"name\":\"Todo Alfalfa\",\"image\":{\"@type\":\"ImageObject\",\"inLanguage\":\"es\",\"@id\":\"https:\/\/www.todoalfalfa.com.ar\/noticias\/#\/schema\/person\/image\/\",\"url\":\"https:\/\/secure.gravatar.com\/avatar\/4d26a600a1380823a26c3f9cb74ada1a8ee4b482c0c3a616ab022b865c46be8f?s=96&d=mm&r=g\",\"contentUrl\":\"https:\/\/secure.gravatar.com\/avatar\/4d26a600a1380823a26c3f9cb74ada1a8ee4b482c0c3a616ab022b865c46be8f?s=96&d=mm&r=g\",\"caption\":\"Todo Alfalfa\"},\"sameAs\":[\"http:\/\/www.todoalfalfa.com.ar\"],\"url\":\"https:\/\/www.todoalfalfa.com.ar\/noticias\/author\/todoalfalfa\/\"}]}<\/script>\n<!-- \/ Yoast SEO plugin. -->","yoast_head_json":{"title":"La alfalfa es una gran oportunidad para la zona n\u00facleo","robots":{"index":"index","follow":"follow","max-snippet":"max-snippet:-1","max-image-preview":"max-image-preview:large","max-video-preview":"max-video-preview:-1"},"canonical":"https:\/\/www.todoalfalfa.com.ar\/noticias\/la-alfalfa-es-una-gran-oportunidad-para-la-zona-nucleo\/","og_locale":"es_ES","og_type":"article","og_title":"La alfalfa es una gran oportunidad para la zona n\u00facleo","og_description":"La alfalfa en Argentina logr&oacute; abarcar en Argentina m&aacute;s de 7 millones de hect&aacute;reas d&eacute;cadas atr&aacute;s. Ocupaba excelentes tierras en...","og_url":"https:\/\/www.todoalfalfa.com.ar\/noticias\/la-alfalfa-es-una-gran-oportunidad-para-la-zona-nucleo\/","og_site_name":"Todo Alfalfa","article_publisher":"https:\/\/www.facebook.com\/todoalfalfa","article_published_time":"2018-01-29T21:43:10+00:00","article_modified_time":"2018-01-29T21:45:38+00:00","og_image":[{"width":777,"height":437,"url":"https:\/\/www.todoalfalfa.com.ar\/noticias\/wp-content\/uploads\/2018\/01\/Familia-Michelotti.jpg","type":"image\/jpeg"}],"author":"Todo Alfalfa","twitter_card":"summary_large_image","twitter_misc":{"Escrito por":"Todo Alfalfa","Tiempo de lectura":"4 minutos"},"schema":{"@context":"https:\/\/schema.org","@graph":[{"@type":"NewsArticle","@id":"https:\/\/www.todoalfalfa.com.ar\/noticias\/la-alfalfa-es-una-gran-oportunidad-para-la-zona-nucleo\/#article","isPartOf":{"@id":"https:\/\/www.todoalfalfa.com.ar\/noticias\/la-alfalfa-es-una-gran-oportunidad-para-la-zona-nucleo\/"},"author":{"name":"Todo Alfalfa","@id":"https:\/\/www.todoalfalfa.com.ar\/noticias\/#\/schema\/person\/4ee4bca9b9fa50c4f0fbaf7017fbf2ad"},"headline":"La alfalfa es una gran oportunidad para la zona n\u00facleo","datePublished":"2018-01-29T21:43:10+00:00","dateModified":"2018-01-29T21:45:38+00:00","mainEntityOfPage":{"@id":"https:\/\/www.todoalfalfa.com.ar\/noticias\/la-alfalfa-es-una-gran-oportunidad-para-la-zona-nucleo\/"},"wordCount":891,"publisher":{"@id":"https:\/\/www.todoalfalfa.com.ar\/noticias\/#organization"},"image":{"@id":"https:\/\/www.todoalfalfa.com.ar\/noticias\/la-alfalfa-es-una-gran-oportunidad-para-la-zona-nucleo\/#primaryimage"},"thumbnailUrl":"https:\/\/i0.wp.com\/www.todoalfalfa.com.ar\/noticias\/wp-content\/uploads\/2018\/01\/Familia-Michelotti.jpg?fit=777%2C437&ssl=1","keywords":["alfalfa","Henificaciones","Michelotti","n\u00facleo","zona"],"articleSection":["Heno y Forrajes"],"inLanguage":"es"},{"@type":["WebPage","ItemPage"],"@id":"https:\/\/www.todoalfalfa.com.ar\/noticias\/la-alfalfa-es-una-gran-oportunidad-para-la-zona-nucleo\/","url":"https:\/\/www.todoalfalfa.com.ar\/noticias\/la-alfalfa-es-una-gran-oportunidad-para-la-zona-nucleo\/","name":"La alfalfa es una gran oportunidad para la zona n\u00facleo","isPartOf":{"@id":"https:\/\/www.todoalfalfa.com.ar\/noticias\/#website"},"primaryImageOfPage":{"@id":"https:\/\/www.todoalfalfa.com.ar\/noticias\/la-alfalfa-es-una-gran-oportunidad-para-la-zona-nucleo\/#primaryimage"},"image":{"@id":"https:\/\/www.todoalfalfa.com.ar\/noticias\/la-alfalfa-es-una-gran-oportunidad-para-la-zona-nucleo\/#primaryimage"},"thumbnailUrl":"https:\/\/i0.wp.com\/www.todoalfalfa.com.ar\/noticias\/wp-content\/uploads\/2018\/01\/Familia-Michelotti.jpg?fit=777%2C437&ssl=1","datePublished":"2018-01-29T21:43:10+00:00","dateModified":"2018-01-29T21:45:38+00:00","breadcrumb":{"@id":"https:\/\/www.todoalfalfa.com.ar\/noticias\/la-alfalfa-es-una-gran-oportunidad-para-la-zona-nucleo\/#breadcrumb"},"inLanguage":"es","potentialAction":[{"@type":"ReadAction","target":["https:\/\/www.todoalfalfa.com.ar\/noticias\/la-alfalfa-es-una-gran-oportunidad-para-la-zona-nucleo\/"]}]},{"@type":"ImageObject","inLanguage":"es","@id":"https:\/\/www.todoalfalfa.com.ar\/noticias\/la-alfalfa-es-una-gran-oportunidad-para-la-zona-nucleo\/#primaryimage","url":"https:\/\/i0.wp.com\/www.todoalfalfa.com.ar\/noticias\/wp-content\/uploads\/2018\/01\/Familia-Michelotti.jpg?fit=777%2C437&ssl=1","contentUrl":"https:\/\/i0.wp.com\/www.todoalfalfa.com.ar\/noticias\/wp-content\/uploads\/2018\/01\/Familia-Michelotti.jpg?fit=777%2C437&ssl=1","width":777,"height":437,"caption":"Fernando Michelotti (izq.) y flia."},{"@type":"BreadcrumbList","@id":"https:\/\/www.todoalfalfa.com.ar\/noticias\/la-alfalfa-es-una-gran-oportunidad-para-la-zona-nucleo\/#breadcrumb","itemListElement":[{"@type":"ListItem","position":1,"name":"Principal","item":"https:\/\/www.todoalfalfa.com.ar\/noticias\/"},{"@type":"ListItem","position":2,"name":"La alfalfa es una gran oportunidad para la zona n\u00facleo"}]},{"@type":"WebSite","@id":"https:\/\/www.todoalfalfa.com.ar\/noticias\/#website","url":"https:\/\/www.todoalfalfa.com.ar\/noticias\/","name":"Todo Alfalfa","description":"Web informativa de la cadena de la alfalfa argentina","publisher":{"@id":"https:\/\/www.todoalfalfa.com.ar\/noticias\/#organization"},"potentialAction":[{"@type":"SearchAction","target":{"@type":"EntryPoint","urlTemplate":"https:\/\/www.todoalfalfa.com.ar\/noticias\/?s={search_term_string}"},"query-input":{"@type":"PropertyValueSpecification","valueRequired":true,"valueName":"search_term_string"}}],"inLanguage":"es"},{"@type":"Organization","@id":"https:\/\/www.todoalfalfa.com.ar\/noticias\/#organization","name":"Todo Alfalfa","url":"https:\/\/www.todoalfalfa.com.ar\/noticias\/","logo":{"@type":"ImageObject","inLanguage":"es","@id":"https:\/\/www.todoalfalfa.com.ar\/noticias\/#\/schema\/logo\/image\/","url":"https:\/\/www.todoalfalfa.com.ar\/noticias\/wp-content\/uploads\/2020\/09\/logo-todo-alfalfa-modificado.png","contentUrl":"https:\/\/www.todoalfalfa.com.ar\/noticias\/wp-content\/uploads\/2020\/09\/logo-todo-alfalfa-modificado.png","width":350,"height":100,"caption":"Todo Alfalfa"},"image":{"@id":"https:\/\/www.todoalfalfa.com.ar\/noticias\/#\/schema\/logo\/image\/"},"sameAs":["https:\/\/www.facebook.com\/todoalfalfa","https:\/\/www.instagram.com\/todoalfalfa","https:\/\/www.youtube.com\/@TodoAlfalfa","https:\/\/www.linkedin.com\/company\/todoalfalfa\/"]},{"@type":"Person","@id":"https:\/\/www.todoalfalfa.com.ar\/noticias\/#\/schema\/person\/4ee4bca9b9fa50c4f0fbaf7017fbf2ad","name":"Todo Alfalfa","image":{"@type":"ImageObject","inLanguage":"es","@id":"https:\/\/www.todoalfalfa.com.ar\/noticias\/#\/schema\/person\/image\/","url":"https:\/\/secure.gravatar.com\/avatar\/4d26a600a1380823a26c3f9cb74ada1a8ee4b482c0c3a616ab022b865c46be8f?s=96&d=mm&r=g","contentUrl":"https:\/\/secure.gravatar.com\/avatar\/4d26a600a1380823a26c3f9cb74ada1a8ee4b482c0c3a616ab022b865c46be8f?s=96&d=mm&r=g","caption":"Todo Alfalfa"},"sameAs":["http:\/\/www.todoalfalfa.com.ar"],"url":"https:\/\/www.todoalfalfa.com.ar\/noticias\/author\/todoalfalfa\/"}]}},"jetpack_featured_media_url":"https:\/\/i0.wp.com\/www.todoalfalfa.com.ar\/noticias\/wp-content\/uploads\/2018\/01\/Familia-Michelotti.jpg?fit=777%2C437&ssl=1","wps_subtitle":"Una jornada referida la negocio de la Alfalfa tuvo lugar en la localidad de Morrison en el cierre de 2017. Fue organizada por la firma Michelotti Henificaciones y convoc\u00f3 a medio centenar de interesados en volver al cultivo. Se abren grandes posibilidades.","jetpack_sharing_enabled":true,"_links":{"self":[{"href":"https:\/\/www.todoalfalfa.com.ar\/noticias\/wp-json\/wp\/v2\/posts\/1589","targetHints":{"allow":["GET"]}}],"collection":[{"href":"https:\/\/www.todoalfalfa.com.ar\/noticias\/wp-json\/wp\/v2\/posts"}],"about":[{"href":"https:\/\/www.todoalfalfa.com.ar\/noticias\/wp-json\/wp\/v2\/types\/post"}],"author":[{"embeddable":true,"href":"https:\/\/www.todoalfalfa.com.ar\/noticias\/wp-json\/wp\/v2\/users\/3"}],"replies":[{"embeddable":true,"href":"https:\/\/www.todoalfalfa.com.ar\/noticias\/wp-json\/wp\/v2\/comments?post=1589"}],"version-history":[{"count":0,"href":"https:\/\/www.todoalfalfa.com.ar\/noticias\/wp-json\/wp\/v2\/posts\/1589\/revisions"}],"wp:featuredmedia":[{"embeddable":true,"href":"https:\/\/www.todoalfalfa.com.ar\/noticias\/wp-json\/wp\/v2\/media\/1590"}],"wp:attachment":[{"href":"https:\/\/www.todoalfalfa.com.ar\/noticias\/wp-json\/wp\/v2\/media?parent=1589"}],"wp:term":[{"taxonomy":"category","embeddable":true,"href":"https:\/\/www.todoalfalfa.com.ar\/noticias\/wp-json\/wp\/v2\/categories?post=1589"},{"taxonomy":"post_tag","embeddable":true,"href":"https:\/\/www.todoalfalfa.com.ar\/noticias\/wp-json\/wp\/v2\/tags?post=1589"}],"curies":[{"name":"wp","href":"https:\/\/api.w.org\/{rel}","templated":true}]}}