{"id":1724,"date":"2018-03-05T16:39:00","date_gmt":"2018-03-05T19:39:00","guid":{"rendered":"https:\/\/todoalfalfa.com.ar\/?p=1724"},"modified":"2018-03-06T09:57:12","modified_gmt":"2018-03-06T12:57:12","slug":"peligra-la-confeccion-de-buenas-reservas-forrajeras-en-la-region-centro-este-de-cordoba","status":"publish","type":"post","link":"https:\/\/www.todoalfalfa.com.ar\/noticias\/peligra-la-confeccion-de-buenas-reservas-forrajeras-en-la-region-centro-este-de-cordoba\/","title":{"rendered":"Peligra la confecci\u00f3n de buenas reservas forrajeras en la regi\u00f3n centro-este de C\u00f3rdoba"},"content":{"rendered":"<p>Un informe de situaci\u00f3n elaborado por el Ing. Sergio Dequino, coordinador del PRET III del INTA para la zona centro-este de la provincia de C\u00f3rdoba, destaca que a nivel general, en los Departamentos General San Martin y San Justo, que son los que mayormente comprenden a las zonas abordadas, la ausencia de precipitaciones genera una situaci\u00f3n complicada que afectar\u00e1 los rendimientos de los cultivos agr\u00edcolas, peligrando seriamente la confecci\u00f3n de reservas forrajeras en cantidad y calidad, con incertidumbre al momento de las siembras de cultivos de oto\u00f1o-invierno (alfalfa, verdeos y trigo para cosecha).<\/p>\n<p>\u201cImpactara negativamente en los rodeos ganaderos, especialmente en el lechero, mayoritario en la regi\u00f3n, a causa del retraso reproductivo y su efecto en la producci\u00f3n, debido a los meses cr\u00edticos transcurridos, y que genera tambi\u00e9n gran incertidumbre en los pr\u00f3ximos meses2, destac\u00f3 Dequino en el reporte.<\/p>\n<p>En lo que concierne a reservas forrajeras, pasturas y la actividad ganadera en general para la regi\u00f3n, se describieron las siguientes situaciones:<\/p>\n<p><strong>Villa Mar\u00eda y zona<br \/>\n<\/strong>Respecto a las pasturas (alfalfa) est\u00e1n muy manchoneadas, y en el caso de lotes con napas cercanas a superficie est\u00e1n mejor, pero en general con muy poco rebrote Se pudo realizar el 50% de los cortes previstos y acostumbrados para la regi\u00f3n.<br \/>\nPor su parte, est\u00e1n muy retrasados los barbechos para lotes destinados a las siembras de verdeos invernales y pasturas, motivo por el cual no se dispondr\u00e1 de forraje verde al comienzo del invierno<\/p>\n<p><strong>Ucacha y zona<br \/>\n<\/strong>La AER INTA Ucacha atiende las localidades de Ucacha, Bengolea, Chaz\u00f3n, Pascanas, Etruria, Pasco y Ticino. En lo que respecta a la situaci\u00f3n de los tambos, atraviesan un panorama realmente grave, por el impacto en la baja confecci\u00f3n de reservas forrajeras en cantidad y calidad.<\/p>\n<p>Los ma\u00edces de primera rindieron de acuerdo a lo que se puede esperar en la zona y esto ayudar\u00eda a aquellos productores que apostaron a estos materiales, pero que en general son pocos, ya que la costumbre productiva en este sentido es apostar a las siembras de segunda.<\/p>\n<p>Respecto a las reservas de alfalfa (silaje y rollos), se hicieron muy pocos ya que las producciones no fueron las esperadas, con pobre aporte de forraje en este momento y una gran certeza \u00a0de no poder implantar alfalfas, ni verdeos invernales.<\/p>\n<p>La ganader\u00eda de carne presenta una situaci\u00f3n id\u00e9ntica al tambo, con el agravante del alto costo de reservas (silaje, grano de ma\u00edz y subproductos de trigo y soja), que afectaran las tasas de pre\u00f1ez, destetes y peso a la venta de los terneros, y salida de animales para faena que corre especial peligro los vientres productivos, que ser\u00e1n seguramente comercializados con destino a frigor\u00edfico, afect\u00e1ndose el futuro de los rodeos.<\/p>\n<p>En lo que refiere a <strong>San Francisco<\/strong>, el 2018 (enero y febrero) continu\u00f3 deficitario en cuanto a las precipitaciones, con registros muy desparejos en toda la zona, ya que llovieron entre 33mm en la zona oeste hasta 70mm en la zona este del \u00e1rea de influencia de la AER. Esto muestra que el milimetraje no super\u00f3 el 60% de los valores hist\u00f3ricos (117mm para el mes de enero y 111mm para el mes de febrero).<\/p>\n<p>Las reservas forrajeras en la zona, en los cultivos de primera para silo y para rollos, presentaron muy buenos rendimientos. Lo que m\u00e1s se ven afectados son los cultivos de segunda para silo. De todas maneras aun no se tienen las reservas \u00f3ptimas para enfrentar invierno.<\/p>\n<p>En <strong>Brinkmann<\/strong> por su parte las lluvias de 2018 solo suman 20 mm (17 mm enero y 3 mm febrero). En cuanto a pasturas de alfalfa, el tiempo permiti\u00f3 confeccionar reservas especialmente las que est\u00e1n en segundo a\u00f1o, las de primer a\u00f1o no entregan volumen adecuado, pero est\u00e1n muy afectadas en su producci\u00f3n, y los productores ganaderos han realizado escasas reservas para enfrentar el invierno y ven con preocupaci\u00f3n el futuro en el sector.<\/p>\n<p>La gran mayor\u00eda de los cultivos de soja y ma\u00edz ni siquiera valdr\u00e1 la pena cosecharlos por los costos. Algunos productores mixtos los est\u00e1n picando para silo. Se est\u00e1 liquidando mucha hacienda y se est\u00e1 comprando reservas (megafardos).<\/p>\n<div class=\"todoalfalfa-final-de-la-nota\" id=\"todoalfalfa-3456871772\"><a href=\"https:\/\/www.whatsapp.com\/channel\/0029VbCBmFB9WtBxJsD3eC2i\" target=\"_blank\" aria-label=\"5\"><img src=\"https:\/\/i0.wp.com\/www.todoalfalfa.com.ar\/noticias\/wp-content\/uploads\/2026\/04\/5.gif?fit=728%2C90&#038;ssl=1\" alt=\"\"  width=\"728\" height=\"90\"   \/><\/a><\/div>","protected":false},"excerpt":{"rendered":"<p>Un informe de situaci&oacute;n elaborado por el Ing. Sergio Dequino, coordinador del PRET III del INTA para la zona centro-este&#8230;<\/p>\n","protected":false},"author":3,"featured_media":1725,"comment_status":"closed","ping_status":"open","sticky":false,"template":"","format":"standard","meta":{"jetpack_post_was_ever_published":false,"_jetpack_newsletter_access":"","_jetpack_dont_email_post_to_subs":false,"_jetpack_newsletter_tier_id":0,"_jetpack_memberships_contains_paywalled_content":false,"_jetpack_memberships_contains_paid_content":false,"footnotes":""},"categories":[3],"tags":[309,135,114,308,310,307],"class_list":["post-1724","post","type-post","status-publish","format-standard","has-post-thumbnail","hentry","category-heno-y-forrajes","tag-centro-este","tag-cordoba","tag-forrajeras","tag-peligro","tag-pretiii","tag-reservas"],"yoast_head":"<!-- This site is optimized with the Yoast SEO plugin v25.5 - https:\/\/yoast.com\/wordpress\/plugins\/seo\/ -->\n<title>Peligra la confecci\u00f3n de buenas reservas forrajeras en la regi\u00f3n centro-este de C\u00f3rdoba<\/title>\n<meta name=\"robots\" content=\"index, follow, max-snippet:-1, max-image-preview:large, max-video-preview:-1\" \/>\n<link rel=\"canonical\" href=\"https:\/\/www.todoalfalfa.com.ar\/noticias\/peligra-la-confeccion-de-buenas-reservas-forrajeras-en-la-region-centro-este-de-cordoba\/\" \/>\n<meta property=\"og:locale\" content=\"es_ES\" \/>\n<meta property=\"og:type\" content=\"article\" \/>\n<meta property=\"og:title\" content=\"Peligra la confecci\u00f3n de buenas reservas forrajeras en la regi\u00f3n centro-este de C\u00f3rdoba\" \/>\n<meta property=\"og:description\" content=\"Un informe de situaci&oacute;n elaborado por el Ing. Sergio Dequino, coordinador del PRET III del INTA para la zona centro-este...\" \/>\n<meta property=\"og:url\" content=\"https:\/\/www.todoalfalfa.com.ar\/noticias\/peligra-la-confeccion-de-buenas-reservas-forrajeras-en-la-region-centro-este-de-cordoba\/\" \/>\n<meta property=\"og:site_name\" content=\"Todo Alfalfa\" \/>\n<meta property=\"article:publisher\" content=\"https:\/\/www.facebook.com\/todoalfalfa\" \/>\n<meta property=\"article:published_time\" content=\"2018-03-05T19:39:00+00:00\" \/>\n<meta property=\"article:modified_time\" content=\"2018-03-06T12:57:12+00:00\" \/>\n<meta property=\"og:image\" content=\"https:\/\/www.todoalfalfa.com.ar\/noticias\/wp-content\/uploads\/2018\/03\/alfalfa_malestado_vm.jpg\" \/>\n\t<meta property=\"og:image:width\" content=\"777\" \/>\n\t<meta property=\"og:image:height\" content=\"437\" \/>\n\t<meta property=\"og:image:type\" content=\"image\/jpeg\" \/>\n<meta name=\"author\" content=\"Todo Alfalfa\" \/>\n<meta name=\"twitter:card\" content=\"summary_large_image\" \/>\n<meta name=\"twitter:label1\" content=\"Escrito por\" \/>\n\t<meta name=\"twitter:data1\" content=\"Todo Alfalfa\" \/>\n\t<meta name=\"twitter:label2\" content=\"Tiempo de lectura\" \/>\n\t<meta name=\"twitter:data2\" content=\"4 minutos\" \/>\n<script type=\"application\/ld+json\" class=\"yoast-schema-graph\">{\"@context\":\"https:\/\/schema.org\",\"@graph\":[{\"@type\":\"NewsArticle\",\"@id\":\"https:\/\/www.todoalfalfa.com.ar\/noticias\/peligra-la-confeccion-de-buenas-reservas-forrajeras-en-la-region-centro-este-de-cordoba\/#article\",\"isPartOf\":{\"@id\":\"https:\/\/www.todoalfalfa.com.ar\/noticias\/peligra-la-confeccion-de-buenas-reservas-forrajeras-en-la-region-centro-este-de-cordoba\/\"},\"author\":{\"name\":\"Todo Alfalfa\",\"@id\":\"https:\/\/www.todoalfalfa.com.ar\/noticias\/#\/schema\/person\/4ee4bca9b9fa50c4f0fbaf7017fbf2ad\"},\"headline\":\"Peligra la confecci\u00f3n de buenas reservas forrajeras en la regi\u00f3n centro-este de C\u00f3rdoba\",\"datePublished\":\"2018-03-05T19:39:00+00:00\",\"dateModified\":\"2018-03-06T12:57:12+00:00\",\"mainEntityOfPage\":{\"@id\":\"https:\/\/www.todoalfalfa.com.ar\/noticias\/peligra-la-confeccion-de-buenas-reservas-forrajeras-en-la-region-centro-este-de-cordoba\/\"},\"wordCount\":730,\"publisher\":{\"@id\":\"https:\/\/www.todoalfalfa.com.ar\/noticias\/#organization\"},\"image\":{\"@id\":\"https:\/\/www.todoalfalfa.com.ar\/noticias\/peligra-la-confeccion-de-buenas-reservas-forrajeras-en-la-region-centro-este-de-cordoba\/#primaryimage\"},\"thumbnailUrl\":\"https:\/\/i0.wp.com\/www.todoalfalfa.com.ar\/noticias\/wp-content\/uploads\/2018\/03\/alfalfa_malestado_vm.jpg?fit=777%2C437&ssl=1\",\"keywords\":[\"centro-este\",\"C\u00f3rdoba\",\"forrajeras\",\"peligro\",\"PRETIII\",\"reservas\"],\"articleSection\":[\"Heno y Forrajes\"],\"inLanguage\":\"es\"},{\"@type\":[\"WebPage\",\"ItemPage\"],\"@id\":\"https:\/\/www.todoalfalfa.com.ar\/noticias\/peligra-la-confeccion-de-buenas-reservas-forrajeras-en-la-region-centro-este-de-cordoba\/\",\"url\":\"https:\/\/www.todoalfalfa.com.ar\/noticias\/peligra-la-confeccion-de-buenas-reservas-forrajeras-en-la-region-centro-este-de-cordoba\/\",\"name\":\"Peligra la confecci\u00f3n de buenas reservas forrajeras en la regi\u00f3n centro-este de C\u00f3rdoba\",\"isPartOf\":{\"@id\":\"https:\/\/www.todoalfalfa.com.ar\/noticias\/#website\"},\"primaryImageOfPage\":{\"@id\":\"https:\/\/www.todoalfalfa.com.ar\/noticias\/peligra-la-confeccion-de-buenas-reservas-forrajeras-en-la-region-centro-este-de-cordoba\/#primaryimage\"},\"image\":{\"@id\":\"https:\/\/www.todoalfalfa.com.ar\/noticias\/peligra-la-confeccion-de-buenas-reservas-forrajeras-en-la-region-centro-este-de-cordoba\/#primaryimage\"},\"thumbnailUrl\":\"https:\/\/i0.wp.com\/www.todoalfalfa.com.ar\/noticias\/wp-content\/uploads\/2018\/03\/alfalfa_malestado_vm.jpg?fit=777%2C437&ssl=1\",\"datePublished\":\"2018-03-05T19:39:00+00:00\",\"dateModified\":\"2018-03-06T12:57:12+00:00\",\"breadcrumb\":{\"@id\":\"https:\/\/www.todoalfalfa.com.ar\/noticias\/peligra-la-confeccion-de-buenas-reservas-forrajeras-en-la-region-centro-este-de-cordoba\/#breadcrumb\"},\"inLanguage\":\"es\",\"potentialAction\":[{\"@type\":\"ReadAction\",\"target\":[\"https:\/\/www.todoalfalfa.com.ar\/noticias\/peligra-la-confeccion-de-buenas-reservas-forrajeras-en-la-region-centro-este-de-cordoba\/\"]}]},{\"@type\":\"ImageObject\",\"inLanguage\":\"es\",\"@id\":\"https:\/\/www.todoalfalfa.com.ar\/noticias\/peligra-la-confeccion-de-buenas-reservas-forrajeras-en-la-region-centro-este-de-cordoba\/#primaryimage\",\"url\":\"https:\/\/i0.wp.com\/www.todoalfalfa.com.ar\/noticias\/wp-content\/uploads\/2018\/03\/alfalfa_malestado_vm.jpg?fit=777%2C437&ssl=1\",\"contentUrl\":\"https:\/\/i0.wp.com\/www.todoalfalfa.com.ar\/noticias\/wp-content\/uploads\/2018\/03\/alfalfa_malestado_vm.jpg?fit=777%2C437&ssl=1\",\"width\":777,\"height\":437,\"caption\":\"Alfalfa en mal estado, afectada por la sequ\u00eda, en la zona de Villa Mar\u00eda, C\u00f3rdoba\"},{\"@type\":\"BreadcrumbList\",\"@id\":\"https:\/\/www.todoalfalfa.com.ar\/noticias\/peligra-la-confeccion-de-buenas-reservas-forrajeras-en-la-region-centro-este-de-cordoba\/#breadcrumb\",\"itemListElement\":[{\"@type\":\"ListItem\",\"position\":1,\"name\":\"Principal\",\"item\":\"https:\/\/www.todoalfalfa.com.ar\/noticias\/\"},{\"@type\":\"ListItem\",\"position\":2,\"name\":\"Peligra la confecci\u00f3n de buenas reservas forrajeras en la regi\u00f3n centro-este de C\u00f3rdoba\"}]},{\"@type\":\"WebSite\",\"@id\":\"https:\/\/www.todoalfalfa.com.ar\/noticias\/#website\",\"url\":\"https:\/\/www.todoalfalfa.com.ar\/noticias\/\",\"name\":\"Todo Alfalfa\",\"description\":\"Web informativa de la cadena de la alfalfa argentina\",\"publisher\":{\"@id\":\"https:\/\/www.todoalfalfa.com.ar\/noticias\/#organization\"},\"potentialAction\":[{\"@type\":\"SearchAction\",\"target\":{\"@type\":\"EntryPoint\",\"urlTemplate\":\"https:\/\/www.todoalfalfa.com.ar\/noticias\/?s={search_term_string}\"},\"query-input\":{\"@type\":\"PropertyValueSpecification\",\"valueRequired\":true,\"valueName\":\"search_term_string\"}}],\"inLanguage\":\"es\"},{\"@type\":\"Organization\",\"@id\":\"https:\/\/www.todoalfalfa.com.ar\/noticias\/#organization\",\"name\":\"Todo Alfalfa\",\"url\":\"https:\/\/www.todoalfalfa.com.ar\/noticias\/\",\"logo\":{\"@type\":\"ImageObject\",\"inLanguage\":\"es\",\"@id\":\"https:\/\/www.todoalfalfa.com.ar\/noticias\/#\/schema\/logo\/image\/\",\"url\":\"https:\/\/www.todoalfalfa.com.ar\/noticias\/wp-content\/uploads\/2020\/09\/logo-todo-alfalfa-modificado.png\",\"contentUrl\":\"https:\/\/www.todoalfalfa.com.ar\/noticias\/wp-content\/uploads\/2020\/09\/logo-todo-alfalfa-modificado.png\",\"width\":350,\"height\":100,\"caption\":\"Todo Alfalfa\"},\"image\":{\"@id\":\"https:\/\/www.todoalfalfa.com.ar\/noticias\/#\/schema\/logo\/image\/\"},\"sameAs\":[\"https:\/\/www.facebook.com\/todoalfalfa\",\"https:\/\/www.instagram.com\/todoalfalfa\",\"https:\/\/www.youtube.com\/@TodoAlfalfa\",\"https:\/\/www.linkedin.com\/company\/todoalfalfa\/\"]},{\"@type\":\"Person\",\"@id\":\"https:\/\/www.todoalfalfa.com.ar\/noticias\/#\/schema\/person\/4ee4bca9b9fa50c4f0fbaf7017fbf2ad\",\"name\":\"Todo Alfalfa\",\"image\":{\"@type\":\"ImageObject\",\"inLanguage\":\"es\",\"@id\":\"https:\/\/www.todoalfalfa.com.ar\/noticias\/#\/schema\/person\/image\/\",\"url\":\"https:\/\/secure.gravatar.com\/avatar\/4d26a600a1380823a26c3f9cb74ada1a8ee4b482c0c3a616ab022b865c46be8f?s=96&d=mm&r=g\",\"contentUrl\":\"https:\/\/secure.gravatar.com\/avatar\/4d26a600a1380823a26c3f9cb74ada1a8ee4b482c0c3a616ab022b865c46be8f?s=96&d=mm&r=g\",\"caption\":\"Todo Alfalfa\"},\"sameAs\":[\"http:\/\/www.todoalfalfa.com.ar\"],\"url\":\"https:\/\/www.todoalfalfa.com.ar\/noticias\/author\/todoalfalfa\/\"}]}<\/script>\n<!-- \/ Yoast SEO plugin. -->","yoast_head_json":{"title":"Peligra la confecci\u00f3n de buenas reservas forrajeras en la regi\u00f3n centro-este de C\u00f3rdoba","robots":{"index":"index","follow":"follow","max-snippet":"max-snippet:-1","max-image-preview":"max-image-preview:large","max-video-preview":"max-video-preview:-1"},"canonical":"https:\/\/www.todoalfalfa.com.ar\/noticias\/peligra-la-confeccion-de-buenas-reservas-forrajeras-en-la-region-centro-este-de-cordoba\/","og_locale":"es_ES","og_type":"article","og_title":"Peligra la confecci\u00f3n de buenas reservas forrajeras en la regi\u00f3n centro-este de C\u00f3rdoba","og_description":"Un informe de situaci&oacute;n elaborado por el Ing. Sergio Dequino, coordinador del PRET III del INTA para la zona centro-este...","og_url":"https:\/\/www.todoalfalfa.com.ar\/noticias\/peligra-la-confeccion-de-buenas-reservas-forrajeras-en-la-region-centro-este-de-cordoba\/","og_site_name":"Todo Alfalfa","article_publisher":"https:\/\/www.facebook.com\/todoalfalfa","article_published_time":"2018-03-05T19:39:00+00:00","article_modified_time":"2018-03-06T12:57:12+00:00","og_image":[{"width":777,"height":437,"url":"https:\/\/www.todoalfalfa.com.ar\/noticias\/wp-content\/uploads\/2018\/03\/alfalfa_malestado_vm.jpg","type":"image\/jpeg"}],"author":"Todo Alfalfa","twitter_card":"summary_large_image","twitter_misc":{"Escrito por":"Todo Alfalfa","Tiempo de lectura":"4 minutos"},"schema":{"@context":"https:\/\/schema.org","@graph":[{"@type":"NewsArticle","@id":"https:\/\/www.todoalfalfa.com.ar\/noticias\/peligra-la-confeccion-de-buenas-reservas-forrajeras-en-la-region-centro-este-de-cordoba\/#article","isPartOf":{"@id":"https:\/\/www.todoalfalfa.com.ar\/noticias\/peligra-la-confeccion-de-buenas-reservas-forrajeras-en-la-region-centro-este-de-cordoba\/"},"author":{"name":"Todo Alfalfa","@id":"https:\/\/www.todoalfalfa.com.ar\/noticias\/#\/schema\/person\/4ee4bca9b9fa50c4f0fbaf7017fbf2ad"},"headline":"Peligra la confecci\u00f3n de buenas reservas forrajeras en la regi\u00f3n centro-este de C\u00f3rdoba","datePublished":"2018-03-05T19:39:00+00:00","dateModified":"2018-03-06T12:57:12+00:00","mainEntityOfPage":{"@id":"https:\/\/www.todoalfalfa.com.ar\/noticias\/peligra-la-confeccion-de-buenas-reservas-forrajeras-en-la-region-centro-este-de-cordoba\/"},"wordCount":730,"publisher":{"@id":"https:\/\/www.todoalfalfa.com.ar\/noticias\/#organization"},"image":{"@id":"https:\/\/www.todoalfalfa.com.ar\/noticias\/peligra-la-confeccion-de-buenas-reservas-forrajeras-en-la-region-centro-este-de-cordoba\/#primaryimage"},"thumbnailUrl":"https:\/\/i0.wp.com\/www.todoalfalfa.com.ar\/noticias\/wp-content\/uploads\/2018\/03\/alfalfa_malestado_vm.jpg?fit=777%2C437&ssl=1","keywords":["centro-este","C\u00f3rdoba","forrajeras","peligro","PRETIII","reservas"],"articleSection":["Heno y Forrajes"],"inLanguage":"es"},{"@type":["WebPage","ItemPage"],"@id":"https:\/\/www.todoalfalfa.com.ar\/noticias\/peligra-la-confeccion-de-buenas-reservas-forrajeras-en-la-region-centro-este-de-cordoba\/","url":"https:\/\/www.todoalfalfa.com.ar\/noticias\/peligra-la-confeccion-de-buenas-reservas-forrajeras-en-la-region-centro-este-de-cordoba\/","name":"Peligra la confecci\u00f3n de buenas reservas forrajeras en la regi\u00f3n centro-este de C\u00f3rdoba","isPartOf":{"@id":"https:\/\/www.todoalfalfa.com.ar\/noticias\/#website"},"primaryImageOfPage":{"@id":"https:\/\/www.todoalfalfa.com.ar\/noticias\/peligra-la-confeccion-de-buenas-reservas-forrajeras-en-la-region-centro-este-de-cordoba\/#primaryimage"},"image":{"@id":"https:\/\/www.todoalfalfa.com.ar\/noticias\/peligra-la-confeccion-de-buenas-reservas-forrajeras-en-la-region-centro-este-de-cordoba\/#primaryimage"},"thumbnailUrl":"https:\/\/i0.wp.com\/www.todoalfalfa.com.ar\/noticias\/wp-content\/uploads\/2018\/03\/alfalfa_malestado_vm.jpg?fit=777%2C437&ssl=1","datePublished":"2018-03-05T19:39:00+00:00","dateModified":"2018-03-06T12:57:12+00:00","breadcrumb":{"@id":"https:\/\/www.todoalfalfa.com.ar\/noticias\/peligra-la-confeccion-de-buenas-reservas-forrajeras-en-la-region-centro-este-de-cordoba\/#breadcrumb"},"inLanguage":"es","potentialAction":[{"@type":"ReadAction","target":["https:\/\/www.todoalfalfa.com.ar\/noticias\/peligra-la-confeccion-de-buenas-reservas-forrajeras-en-la-region-centro-este-de-cordoba\/"]}]},{"@type":"ImageObject","inLanguage":"es","@id":"https:\/\/www.todoalfalfa.com.ar\/noticias\/peligra-la-confeccion-de-buenas-reservas-forrajeras-en-la-region-centro-este-de-cordoba\/#primaryimage","url":"https:\/\/i0.wp.com\/www.todoalfalfa.com.ar\/noticias\/wp-content\/uploads\/2018\/03\/alfalfa_malestado_vm.jpg?fit=777%2C437&ssl=1","contentUrl":"https:\/\/i0.wp.com\/www.todoalfalfa.com.ar\/noticias\/wp-content\/uploads\/2018\/03\/alfalfa_malestado_vm.jpg?fit=777%2C437&ssl=1","width":777,"height":437,"caption":"Alfalfa en mal estado, afectada por la sequ\u00eda, en la zona de Villa Mar\u00eda, C\u00f3rdoba"},{"@type":"BreadcrumbList","@id":"https:\/\/www.todoalfalfa.com.ar\/noticias\/peligra-la-confeccion-de-buenas-reservas-forrajeras-en-la-region-centro-este-de-cordoba\/#breadcrumb","itemListElement":[{"@type":"ListItem","position":1,"name":"Principal","item":"https:\/\/www.todoalfalfa.com.ar\/noticias\/"},{"@type":"ListItem","position":2,"name":"Peligra la confecci\u00f3n de buenas reservas forrajeras en la regi\u00f3n centro-este de C\u00f3rdoba"}]},{"@type":"WebSite","@id":"https:\/\/www.todoalfalfa.com.ar\/noticias\/#website","url":"https:\/\/www.todoalfalfa.com.ar\/noticias\/","name":"Todo Alfalfa","description":"Web informativa de la cadena de la alfalfa argentina","publisher":{"@id":"https:\/\/www.todoalfalfa.com.ar\/noticias\/#organization"},"potentialAction":[{"@type":"SearchAction","target":{"@type":"EntryPoint","urlTemplate":"https:\/\/www.todoalfalfa.com.ar\/noticias\/?s={search_term_string}"},"query-input":{"@type":"PropertyValueSpecification","valueRequired":true,"valueName":"search_term_string"}}],"inLanguage":"es"},{"@type":"Organization","@id":"https:\/\/www.todoalfalfa.com.ar\/noticias\/#organization","name":"Todo Alfalfa","url":"https:\/\/www.todoalfalfa.com.ar\/noticias\/","logo":{"@type":"ImageObject","inLanguage":"es","@id":"https:\/\/www.todoalfalfa.com.ar\/noticias\/#\/schema\/logo\/image\/","url":"https:\/\/www.todoalfalfa.com.ar\/noticias\/wp-content\/uploads\/2020\/09\/logo-todo-alfalfa-modificado.png","contentUrl":"https:\/\/www.todoalfalfa.com.ar\/noticias\/wp-content\/uploads\/2020\/09\/logo-todo-alfalfa-modificado.png","width":350,"height":100,"caption":"Todo Alfalfa"},"image":{"@id":"https:\/\/www.todoalfalfa.com.ar\/noticias\/#\/schema\/logo\/image\/"},"sameAs":["https:\/\/www.facebook.com\/todoalfalfa","https:\/\/www.instagram.com\/todoalfalfa","https:\/\/www.youtube.com\/@TodoAlfalfa","https:\/\/www.linkedin.com\/company\/todoalfalfa\/"]},{"@type":"Person","@id":"https:\/\/www.todoalfalfa.com.ar\/noticias\/#\/schema\/person\/4ee4bca9b9fa50c4f0fbaf7017fbf2ad","name":"Todo Alfalfa","image":{"@type":"ImageObject","inLanguage":"es","@id":"https:\/\/www.todoalfalfa.com.ar\/noticias\/#\/schema\/person\/image\/","url":"https:\/\/secure.gravatar.com\/avatar\/4d26a600a1380823a26c3f9cb74ada1a8ee4b482c0c3a616ab022b865c46be8f?s=96&d=mm&r=g","contentUrl":"https:\/\/secure.gravatar.com\/avatar\/4d26a600a1380823a26c3f9cb74ada1a8ee4b482c0c3a616ab022b865c46be8f?s=96&d=mm&r=g","caption":"Todo Alfalfa"},"sameAs":["http:\/\/www.todoalfalfa.com.ar"],"url":"https:\/\/www.todoalfalfa.com.ar\/noticias\/author\/todoalfalfa\/"}]}},"jetpack_featured_media_url":"https:\/\/i0.wp.com\/www.todoalfalfa.com.ar\/noticias\/wp-content\/uploads\/2018\/03\/alfalfa_malestado_vm.jpg?fit=777%2C437&ssl=1","wps_subtitle":"Un reporte de situaci\u00f3n que comprende las zonas de Villa Mar\u00eda, San Francisco, Brinkmann y Ucacha, destaca que peligra seriamente la confecci\u00f3n de reservas forrajeras en cantidad y calidad por los efectos de la sequ\u00eda. Hay tambi\u00e9n una incertidumbre generalizada sobre las siembras de oto\u00f1o-invierno. Preocupaci\u00f3n para lo que viene en una de las principales zonas lecheras del pa\u00eds.","jetpack_sharing_enabled":true,"_links":{"self":[{"href":"https:\/\/www.todoalfalfa.com.ar\/noticias\/wp-json\/wp\/v2\/posts\/1724","targetHints":{"allow":["GET"]}}],"collection":[{"href":"https:\/\/www.todoalfalfa.com.ar\/noticias\/wp-json\/wp\/v2\/posts"}],"about":[{"href":"https:\/\/www.todoalfalfa.com.ar\/noticias\/wp-json\/wp\/v2\/types\/post"}],"author":[{"embeddable":true,"href":"https:\/\/www.todoalfalfa.com.ar\/noticias\/wp-json\/wp\/v2\/users\/3"}],"replies":[{"embeddable":true,"href":"https:\/\/www.todoalfalfa.com.ar\/noticias\/wp-json\/wp\/v2\/comments?post=1724"}],"version-history":[{"count":0,"href":"https:\/\/www.todoalfalfa.com.ar\/noticias\/wp-json\/wp\/v2\/posts\/1724\/revisions"}],"wp:featuredmedia":[{"embeddable":true,"href":"https:\/\/www.todoalfalfa.com.ar\/noticias\/wp-json\/wp\/v2\/media\/1725"}],"wp:attachment":[{"href":"https:\/\/www.todoalfalfa.com.ar\/noticias\/wp-json\/wp\/v2\/media?parent=1724"}],"wp:term":[{"taxonomy":"category","embeddable":true,"href":"https:\/\/www.todoalfalfa.com.ar\/noticias\/wp-json\/wp\/v2\/categories?post=1724"},{"taxonomy":"post_tag","embeddable":true,"href":"https:\/\/www.todoalfalfa.com.ar\/noticias\/wp-json\/wp\/v2\/tags?post=1724"}],"curies":[{"name":"wp","href":"https:\/\/api.w.org\/{rel}","templated":true}]}}