{"id":1773,"date":"2018-03-16T08:47:41","date_gmt":"2018-03-16T11:47:41","guid":{"rendered":"https:\/\/todoalfalfa.com.ar\/?p=1773"},"modified":"2018-03-16T08:47:41","modified_gmt":"2018-03-16T11:47:41","slug":"destruyen-147-hectareas-de-alfalfa-transgenica-en-santiago-del-estero","status":"publish","type":"post","link":"https:\/\/www.todoalfalfa.com.ar\/noticias\/destruyen-147-hectareas-de-alfalfa-transgenica-en-santiago-del-estero\/","title":{"rendered":"Destruyen 147 hect\u00e1reas de alfalfa transg\u00e9nica en Santiago del Estero"},"content":{"rendered":"<p>Personal del Servicio Nacional de Sanidad y Calidad Agroalimentaria (Senasa) constat\u00f3 la destrucci\u00f3n total de 147 hect\u00e1reas de alfalfa gen\u00e9ticamente modificada ilegal que eran cultivadas en un establecimiento agropecuario ubicado en la localidad de Nueva Francia, provincia de Santiago del Estero.<\/p>\n<p>La medida fue constatada el pasado 12 de marzo por agentes del Centro Regional NOA Sur del Senasa y del Instituto Nacional de Semillas (INASE) en presencia del propietario del establecimiento ubicado en la Ruta 9, km 1092, del santiague\u00f1o departamento Sil\u00edpica.<\/p>\n<p>En los pr\u00f3ximos dos a\u00f1os, personal del Senasa visitar\u00e1 regularmente el predio para verificar la evoluci\u00f3n del \u00e1rea en el que estuvo el cultivo destruido.<\/p>\n<p>Durante un allanamiento autorizado por el juez federal de Santiago del Estero, Guillermo Molinari, el Senasa y el INASE tomaron muestras del material vegetal en los lotes sembrados con alfalfa transg\u00e9nica cuyos an\u00e1lisis de laboratorio arrojaron como resultado que se trataba de un organismo gen\u00e9ticamente modificado (OGM) no autorizado, por lo que se dispuso su destrucci\u00f3n.<\/p>\n<p>La acci\u00f3n se enmarc\u00f3 en el cumplimiento de la Resoluci\u00f3n MAGYP 763\/2011, que regula los avances y desarrollos tecnol\u00f3gicos en biotecnolog\u00eda agropecuaria para garantizar que los OGM que se utilicen en un contexto agropecuario \u2013para ensayos experimentales o que hayan obtenido el permiso de comercializaci\u00f3n\u2013 sean seguros para el agroecosistema y posean aptitud para el consumo humano y animal.<\/p>\n<div class=\"todoalfalfa-final-de-la-nota\" id=\"todoalfalfa-409693754\"><a href=\"https:\/\/www.whatsapp.com\/channel\/0029VbCBmFB9WtBxJsD3eC2i\" target=\"_blank\" aria-label=\"5\"><img src=\"https:\/\/i0.wp.com\/www.todoalfalfa.com.ar\/noticias\/wp-content\/uploads\/2026\/04\/5.gif?fit=728%2C90&#038;ssl=1\" alt=\"\"  width=\"728\" height=\"90\"   \/><\/a><\/div>","protected":false},"excerpt":{"rendered":"<p>Personal del Servicio Nacional de Sanidad y Calidad Agroalimentaria (Senasa) constat&oacute; la destrucci&oacute;n total de 147 hect&aacute;reas de alfalfa gen&eacute;ticamente&#8230;<\/p>\n","protected":false},"author":3,"featured_media":1774,"comment_status":"closed","ping_status":"open","sticky":false,"template":"","format":"standard","meta":{"jetpack_post_was_ever_published":false,"_jetpack_newsletter_access":"","_jetpack_dont_email_post_to_subs":false,"_jetpack_newsletter_tier_id":0,"_jetpack_memberships_contains_paywalled_content":false,"_jetpack_memberships_contains_paid_content":false,"footnotes":""},"categories":[2],"tags":[31,319,318,320,233],"class_list":["post-1773","post","type-post","status-publish","format-standard","has-post-thumbnail","hentry","category-generales","tag-alfalfa","tag-destruccion","tag-ilegal","tag-santiago-del-estero","tag-transgenica"],"yoast_head":"<!-- This site is optimized with the Yoast SEO plugin v25.5 - https:\/\/yoast.com\/wordpress\/plugins\/seo\/ -->\n<title>Destruyen 147 hect\u00e1reas de alfalfa transg\u00e9nica en Santiago del Estero<\/title>\n<meta name=\"robots\" content=\"index, follow, max-snippet:-1, max-image-preview:large, max-video-preview:-1\" \/>\n<link rel=\"canonical\" href=\"https:\/\/www.todoalfalfa.com.ar\/noticias\/destruyen-147-hectareas-de-alfalfa-transgenica-en-santiago-del-estero\/\" \/>\n<meta property=\"og:locale\" content=\"es_ES\" \/>\n<meta property=\"og:type\" content=\"article\" \/>\n<meta property=\"og:title\" content=\"Destruyen 147 hect\u00e1reas de alfalfa transg\u00e9nica en Santiago del Estero\" \/>\n<meta property=\"og:description\" content=\"Personal del Servicio Nacional de Sanidad y Calidad Agroalimentaria (Senasa) constat&oacute; la destrucci&oacute;n total de 147 hect&aacute;reas de alfalfa gen&eacute;ticamente...\" \/>\n<meta property=\"og:url\" content=\"https:\/\/www.todoalfalfa.com.ar\/noticias\/destruyen-147-hectareas-de-alfalfa-transgenica-en-santiago-del-estero\/\" \/>\n<meta property=\"og:site_name\" content=\"Todo Alfalfa\" \/>\n<meta property=\"article:publisher\" content=\"https:\/\/www.facebook.com\/todoalfalfa\" \/>\n<meta property=\"article:published_time\" content=\"2018-03-16T11:47:41+00:00\" \/>\n<meta property=\"og:image\" content=\"https:\/\/www.todoalfalfa.com.ar\/noticias\/wp-content\/uploads\/2018\/03\/alfalfa_9.jpg\" \/>\n\t<meta property=\"og:image:width\" content=\"777\" \/>\n\t<meta property=\"og:image:height\" content=\"437\" \/>\n\t<meta property=\"og:image:type\" content=\"image\/jpeg\" \/>\n<meta name=\"author\" content=\"Todo Alfalfa\" \/>\n<meta name=\"twitter:card\" content=\"summary_large_image\" \/>\n<meta name=\"twitter:label1\" content=\"Escrito por\" \/>\n\t<meta name=\"twitter:data1\" content=\"Todo Alfalfa\" \/>\n\t<meta name=\"twitter:label2\" content=\"Tiempo de lectura\" \/>\n\t<meta name=\"twitter:data2\" content=\"1 minuto\" \/>\n<script type=\"application\/ld+json\" class=\"yoast-schema-graph\">{\"@context\":\"https:\/\/schema.org\",\"@graph\":[{\"@type\":\"NewsArticle\",\"@id\":\"https:\/\/www.todoalfalfa.com.ar\/noticias\/destruyen-147-hectareas-de-alfalfa-transgenica-en-santiago-del-estero\/#article\",\"isPartOf\":{\"@id\":\"https:\/\/www.todoalfalfa.com.ar\/noticias\/destruyen-147-hectareas-de-alfalfa-transgenica-en-santiago-del-estero\/\"},\"author\":{\"name\":\"Todo Alfalfa\",\"@id\":\"https:\/\/www.todoalfalfa.com.ar\/noticias\/#\/schema\/person\/4ee4bca9b9fa50c4f0fbaf7017fbf2ad\"},\"headline\":\"Destruyen 147 hect\u00e1reas de alfalfa transg\u00e9nica en Santiago del Estero\",\"datePublished\":\"2018-03-16T11:47:41+00:00\",\"mainEntityOfPage\":{\"@id\":\"https:\/\/www.todoalfalfa.com.ar\/noticias\/destruyen-147-hectareas-de-alfalfa-transgenica-en-santiago-del-estero\/\"},\"wordCount\":246,\"publisher\":{\"@id\":\"https:\/\/www.todoalfalfa.com.ar\/noticias\/#organization\"},\"image\":{\"@id\":\"https:\/\/www.todoalfalfa.com.ar\/noticias\/destruyen-147-hectareas-de-alfalfa-transgenica-en-santiago-del-estero\/#primaryimage\"},\"thumbnailUrl\":\"https:\/\/i0.wp.com\/www.todoalfalfa.com.ar\/noticias\/wp-content\/uploads\/2018\/03\/alfalfa_9.jpg?fit=777%2C437&ssl=1\",\"keywords\":[\"alfalfa\",\"destrucci\u00f3n\",\"ilegal\",\"Santiago del Estero\",\"transg\u00e9nica\"],\"articleSection\":[\"Generales\"],\"inLanguage\":\"es\"},{\"@type\":[\"WebPage\",\"ItemPage\"],\"@id\":\"https:\/\/www.todoalfalfa.com.ar\/noticias\/destruyen-147-hectareas-de-alfalfa-transgenica-en-santiago-del-estero\/\",\"url\":\"https:\/\/www.todoalfalfa.com.ar\/noticias\/destruyen-147-hectareas-de-alfalfa-transgenica-en-santiago-del-estero\/\",\"name\":\"Destruyen 147 hect\u00e1reas de alfalfa transg\u00e9nica en Santiago del Estero\",\"isPartOf\":{\"@id\":\"https:\/\/www.todoalfalfa.com.ar\/noticias\/#website\"},\"primaryImageOfPage\":{\"@id\":\"https:\/\/www.todoalfalfa.com.ar\/noticias\/destruyen-147-hectareas-de-alfalfa-transgenica-en-santiago-del-estero\/#primaryimage\"},\"image\":{\"@id\":\"https:\/\/www.todoalfalfa.com.ar\/noticias\/destruyen-147-hectareas-de-alfalfa-transgenica-en-santiago-del-estero\/#primaryimage\"},\"thumbnailUrl\":\"https:\/\/i0.wp.com\/www.todoalfalfa.com.ar\/noticias\/wp-content\/uploads\/2018\/03\/alfalfa_9.jpg?fit=777%2C437&ssl=1\",\"datePublished\":\"2018-03-16T11:47:41+00:00\",\"breadcrumb\":{\"@id\":\"https:\/\/www.todoalfalfa.com.ar\/noticias\/destruyen-147-hectareas-de-alfalfa-transgenica-en-santiago-del-estero\/#breadcrumb\"},\"inLanguage\":\"es\",\"potentialAction\":[{\"@type\":\"ReadAction\",\"target\":[\"https:\/\/www.todoalfalfa.com.ar\/noticias\/destruyen-147-hectareas-de-alfalfa-transgenica-en-santiago-del-estero\/\"]}]},{\"@type\":\"ImageObject\",\"inLanguage\":\"es\",\"@id\":\"https:\/\/www.todoalfalfa.com.ar\/noticias\/destruyen-147-hectareas-de-alfalfa-transgenica-en-santiago-del-estero\/#primaryimage\",\"url\":\"https:\/\/i0.wp.com\/www.todoalfalfa.com.ar\/noticias\/wp-content\/uploads\/2018\/03\/alfalfa_9.jpg?fit=777%2C437&ssl=1\",\"contentUrl\":\"https:\/\/i0.wp.com\/www.todoalfalfa.com.ar\/noticias\/wp-content\/uploads\/2018\/03\/alfalfa_9.jpg?fit=777%2C437&ssl=1\",\"width\":777,\"height\":437},{\"@type\":\"BreadcrumbList\",\"@id\":\"https:\/\/www.todoalfalfa.com.ar\/noticias\/destruyen-147-hectareas-de-alfalfa-transgenica-en-santiago-del-estero\/#breadcrumb\",\"itemListElement\":[{\"@type\":\"ListItem\",\"position\":1,\"name\":\"Principal\",\"item\":\"https:\/\/www.todoalfalfa.com.ar\/noticias\/\"},{\"@type\":\"ListItem\",\"position\":2,\"name\":\"Destruyen 147 hect\u00e1reas de alfalfa transg\u00e9nica en Santiago del Estero\"}]},{\"@type\":\"WebSite\",\"@id\":\"https:\/\/www.todoalfalfa.com.ar\/noticias\/#website\",\"url\":\"https:\/\/www.todoalfalfa.com.ar\/noticias\/\",\"name\":\"Todo Alfalfa\",\"description\":\"Web informativa de la cadena de la alfalfa argentina\",\"publisher\":{\"@id\":\"https:\/\/www.todoalfalfa.com.ar\/noticias\/#organization\"},\"potentialAction\":[{\"@type\":\"SearchAction\",\"target\":{\"@type\":\"EntryPoint\",\"urlTemplate\":\"https:\/\/www.todoalfalfa.com.ar\/noticias\/?s={search_term_string}\"},\"query-input\":{\"@type\":\"PropertyValueSpecification\",\"valueRequired\":true,\"valueName\":\"search_term_string\"}}],\"inLanguage\":\"es\"},{\"@type\":\"Organization\",\"@id\":\"https:\/\/www.todoalfalfa.com.ar\/noticias\/#organization\",\"name\":\"Todo Alfalfa\",\"url\":\"https:\/\/www.todoalfalfa.com.ar\/noticias\/\",\"logo\":{\"@type\":\"ImageObject\",\"inLanguage\":\"es\",\"@id\":\"https:\/\/www.todoalfalfa.com.ar\/noticias\/#\/schema\/logo\/image\/\",\"url\":\"https:\/\/www.todoalfalfa.com.ar\/noticias\/wp-content\/uploads\/2020\/09\/logo-todo-alfalfa-modificado.png\",\"contentUrl\":\"https:\/\/www.todoalfalfa.com.ar\/noticias\/wp-content\/uploads\/2020\/09\/logo-todo-alfalfa-modificado.png\",\"width\":350,\"height\":100,\"caption\":\"Todo Alfalfa\"},\"image\":{\"@id\":\"https:\/\/www.todoalfalfa.com.ar\/noticias\/#\/schema\/logo\/image\/\"},\"sameAs\":[\"https:\/\/www.facebook.com\/todoalfalfa\",\"https:\/\/www.instagram.com\/todoalfalfa\",\"https:\/\/www.youtube.com\/@TodoAlfalfa\",\"https:\/\/www.linkedin.com\/company\/todoalfalfa\/\"]},{\"@type\":\"Person\",\"@id\":\"https:\/\/www.todoalfalfa.com.ar\/noticias\/#\/schema\/person\/4ee4bca9b9fa50c4f0fbaf7017fbf2ad\",\"name\":\"Todo Alfalfa\",\"image\":{\"@type\":\"ImageObject\",\"inLanguage\":\"es\",\"@id\":\"https:\/\/www.todoalfalfa.com.ar\/noticias\/#\/schema\/person\/image\/\",\"url\":\"https:\/\/secure.gravatar.com\/avatar\/4d26a600a1380823a26c3f9cb74ada1a8ee4b482c0c3a616ab022b865c46be8f?s=96&d=mm&r=g\",\"contentUrl\":\"https:\/\/secure.gravatar.com\/avatar\/4d26a600a1380823a26c3f9cb74ada1a8ee4b482c0c3a616ab022b865c46be8f?s=96&d=mm&r=g\",\"caption\":\"Todo Alfalfa\"},\"sameAs\":[\"http:\/\/www.todoalfalfa.com.ar\"],\"url\":\"https:\/\/www.todoalfalfa.com.ar\/noticias\/author\/todoalfalfa\/\"}]}<\/script>\n<!-- \/ Yoast SEO plugin. -->","yoast_head_json":{"title":"Destruyen 147 hect\u00e1reas de alfalfa transg\u00e9nica en Santiago del Estero","robots":{"index":"index","follow":"follow","max-snippet":"max-snippet:-1","max-image-preview":"max-image-preview:large","max-video-preview":"max-video-preview:-1"},"canonical":"https:\/\/www.todoalfalfa.com.ar\/noticias\/destruyen-147-hectareas-de-alfalfa-transgenica-en-santiago-del-estero\/","og_locale":"es_ES","og_type":"article","og_title":"Destruyen 147 hect\u00e1reas de alfalfa transg\u00e9nica en Santiago del Estero","og_description":"Personal del Servicio Nacional de Sanidad y Calidad Agroalimentaria (Senasa) constat&oacute; la destrucci&oacute;n total de 147 hect&aacute;reas de alfalfa gen&eacute;ticamente...","og_url":"https:\/\/www.todoalfalfa.com.ar\/noticias\/destruyen-147-hectareas-de-alfalfa-transgenica-en-santiago-del-estero\/","og_site_name":"Todo Alfalfa","article_publisher":"https:\/\/www.facebook.com\/todoalfalfa","article_published_time":"2018-03-16T11:47:41+00:00","og_image":[{"width":777,"height":437,"url":"https:\/\/www.todoalfalfa.com.ar\/noticias\/wp-content\/uploads\/2018\/03\/alfalfa_9.jpg","type":"image\/jpeg"}],"author":"Todo Alfalfa","twitter_card":"summary_large_image","twitter_misc":{"Escrito por":"Todo Alfalfa","Tiempo de lectura":"1 minuto"},"schema":{"@context":"https:\/\/schema.org","@graph":[{"@type":"NewsArticle","@id":"https:\/\/www.todoalfalfa.com.ar\/noticias\/destruyen-147-hectareas-de-alfalfa-transgenica-en-santiago-del-estero\/#article","isPartOf":{"@id":"https:\/\/www.todoalfalfa.com.ar\/noticias\/destruyen-147-hectareas-de-alfalfa-transgenica-en-santiago-del-estero\/"},"author":{"name":"Todo Alfalfa","@id":"https:\/\/www.todoalfalfa.com.ar\/noticias\/#\/schema\/person\/4ee4bca9b9fa50c4f0fbaf7017fbf2ad"},"headline":"Destruyen 147 hect\u00e1reas de alfalfa transg\u00e9nica en Santiago del Estero","datePublished":"2018-03-16T11:47:41+00:00","mainEntityOfPage":{"@id":"https:\/\/www.todoalfalfa.com.ar\/noticias\/destruyen-147-hectareas-de-alfalfa-transgenica-en-santiago-del-estero\/"},"wordCount":246,"publisher":{"@id":"https:\/\/www.todoalfalfa.com.ar\/noticias\/#organization"},"image":{"@id":"https:\/\/www.todoalfalfa.com.ar\/noticias\/destruyen-147-hectareas-de-alfalfa-transgenica-en-santiago-del-estero\/#primaryimage"},"thumbnailUrl":"https:\/\/i0.wp.com\/www.todoalfalfa.com.ar\/noticias\/wp-content\/uploads\/2018\/03\/alfalfa_9.jpg?fit=777%2C437&ssl=1","keywords":["alfalfa","destrucci\u00f3n","ilegal","Santiago del Estero","transg\u00e9nica"],"articleSection":["Generales"],"inLanguage":"es"},{"@type":["WebPage","ItemPage"],"@id":"https:\/\/www.todoalfalfa.com.ar\/noticias\/destruyen-147-hectareas-de-alfalfa-transgenica-en-santiago-del-estero\/","url":"https:\/\/www.todoalfalfa.com.ar\/noticias\/destruyen-147-hectareas-de-alfalfa-transgenica-en-santiago-del-estero\/","name":"Destruyen 147 hect\u00e1reas de alfalfa transg\u00e9nica en Santiago del Estero","isPartOf":{"@id":"https:\/\/www.todoalfalfa.com.ar\/noticias\/#website"},"primaryImageOfPage":{"@id":"https:\/\/www.todoalfalfa.com.ar\/noticias\/destruyen-147-hectareas-de-alfalfa-transgenica-en-santiago-del-estero\/#primaryimage"},"image":{"@id":"https:\/\/www.todoalfalfa.com.ar\/noticias\/destruyen-147-hectareas-de-alfalfa-transgenica-en-santiago-del-estero\/#primaryimage"},"thumbnailUrl":"https:\/\/i0.wp.com\/www.todoalfalfa.com.ar\/noticias\/wp-content\/uploads\/2018\/03\/alfalfa_9.jpg?fit=777%2C437&ssl=1","datePublished":"2018-03-16T11:47:41+00:00","breadcrumb":{"@id":"https:\/\/www.todoalfalfa.com.ar\/noticias\/destruyen-147-hectareas-de-alfalfa-transgenica-en-santiago-del-estero\/#breadcrumb"},"inLanguage":"es","potentialAction":[{"@type":"ReadAction","target":["https:\/\/www.todoalfalfa.com.ar\/noticias\/destruyen-147-hectareas-de-alfalfa-transgenica-en-santiago-del-estero\/"]}]},{"@type":"ImageObject","inLanguage":"es","@id":"https:\/\/www.todoalfalfa.com.ar\/noticias\/destruyen-147-hectareas-de-alfalfa-transgenica-en-santiago-del-estero\/#primaryimage","url":"https:\/\/i0.wp.com\/www.todoalfalfa.com.ar\/noticias\/wp-content\/uploads\/2018\/03\/alfalfa_9.jpg?fit=777%2C437&ssl=1","contentUrl":"https:\/\/i0.wp.com\/www.todoalfalfa.com.ar\/noticias\/wp-content\/uploads\/2018\/03\/alfalfa_9.jpg?fit=777%2C437&ssl=1","width":777,"height":437},{"@type":"BreadcrumbList","@id":"https:\/\/www.todoalfalfa.com.ar\/noticias\/destruyen-147-hectareas-de-alfalfa-transgenica-en-santiago-del-estero\/#breadcrumb","itemListElement":[{"@type":"ListItem","position":1,"name":"Principal","item":"https:\/\/www.todoalfalfa.com.ar\/noticias\/"},{"@type":"ListItem","position":2,"name":"Destruyen 147 hect\u00e1reas de alfalfa transg\u00e9nica en Santiago del Estero"}]},{"@type":"WebSite","@id":"https:\/\/www.todoalfalfa.com.ar\/noticias\/#website","url":"https:\/\/www.todoalfalfa.com.ar\/noticias\/","name":"Todo Alfalfa","description":"Web informativa de la cadena de la alfalfa argentina","publisher":{"@id":"https:\/\/www.todoalfalfa.com.ar\/noticias\/#organization"},"potentialAction":[{"@type":"SearchAction","target":{"@type":"EntryPoint","urlTemplate":"https:\/\/www.todoalfalfa.com.ar\/noticias\/?s={search_term_string}"},"query-input":{"@type":"PropertyValueSpecification","valueRequired":true,"valueName":"search_term_string"}}],"inLanguage":"es"},{"@type":"Organization","@id":"https:\/\/www.todoalfalfa.com.ar\/noticias\/#organization","name":"Todo Alfalfa","url":"https:\/\/www.todoalfalfa.com.ar\/noticias\/","logo":{"@type":"ImageObject","inLanguage":"es","@id":"https:\/\/www.todoalfalfa.com.ar\/noticias\/#\/schema\/logo\/image\/","url":"https:\/\/www.todoalfalfa.com.ar\/noticias\/wp-content\/uploads\/2020\/09\/logo-todo-alfalfa-modificado.png","contentUrl":"https:\/\/www.todoalfalfa.com.ar\/noticias\/wp-content\/uploads\/2020\/09\/logo-todo-alfalfa-modificado.png","width":350,"height":100,"caption":"Todo Alfalfa"},"image":{"@id":"https:\/\/www.todoalfalfa.com.ar\/noticias\/#\/schema\/logo\/image\/"},"sameAs":["https:\/\/www.facebook.com\/todoalfalfa","https:\/\/www.instagram.com\/todoalfalfa","https:\/\/www.youtube.com\/@TodoAlfalfa","https:\/\/www.linkedin.com\/company\/todoalfalfa\/"]},{"@type":"Person","@id":"https:\/\/www.todoalfalfa.com.ar\/noticias\/#\/schema\/person\/4ee4bca9b9fa50c4f0fbaf7017fbf2ad","name":"Todo Alfalfa","image":{"@type":"ImageObject","inLanguage":"es","@id":"https:\/\/www.todoalfalfa.com.ar\/noticias\/#\/schema\/person\/image\/","url":"https:\/\/secure.gravatar.com\/avatar\/4d26a600a1380823a26c3f9cb74ada1a8ee4b482c0c3a616ab022b865c46be8f?s=96&d=mm&r=g","contentUrl":"https:\/\/secure.gravatar.com\/avatar\/4d26a600a1380823a26c3f9cb74ada1a8ee4b482c0c3a616ab022b865c46be8f?s=96&d=mm&r=g","caption":"Todo Alfalfa"},"sameAs":["http:\/\/www.todoalfalfa.com.ar"],"url":"https:\/\/www.todoalfalfa.com.ar\/noticias\/author\/todoalfalfa\/"}]}},"jetpack_featured_media_url":"https:\/\/i0.wp.com\/www.todoalfalfa.com.ar\/noticias\/wp-content\/uploads\/2018\/03\/alfalfa_9.jpg?fit=777%2C437&ssl=1","wps_subtitle":"Hab\u00eda sido sembrada de manera ilegal en un establecimiento ubicado en Nueva Francia, en el departamento Sil\u00edpica de la provincia de Santiago del Estero.","jetpack_sharing_enabled":true,"_links":{"self":[{"href":"https:\/\/www.todoalfalfa.com.ar\/noticias\/wp-json\/wp\/v2\/posts\/1773","targetHints":{"allow":["GET"]}}],"collection":[{"href":"https:\/\/www.todoalfalfa.com.ar\/noticias\/wp-json\/wp\/v2\/posts"}],"about":[{"href":"https:\/\/www.todoalfalfa.com.ar\/noticias\/wp-json\/wp\/v2\/types\/post"}],"author":[{"embeddable":true,"href":"https:\/\/www.todoalfalfa.com.ar\/noticias\/wp-json\/wp\/v2\/users\/3"}],"replies":[{"embeddable":true,"href":"https:\/\/www.todoalfalfa.com.ar\/noticias\/wp-json\/wp\/v2\/comments?post=1773"}],"version-history":[{"count":0,"href":"https:\/\/www.todoalfalfa.com.ar\/noticias\/wp-json\/wp\/v2\/posts\/1773\/revisions"}],"wp:featuredmedia":[{"embeddable":true,"href":"https:\/\/www.todoalfalfa.com.ar\/noticias\/wp-json\/wp\/v2\/media\/1774"}],"wp:attachment":[{"href":"https:\/\/www.todoalfalfa.com.ar\/noticias\/wp-json\/wp\/v2\/media?parent=1773"}],"wp:term":[{"taxonomy":"category","embeddable":true,"href":"https:\/\/www.todoalfalfa.com.ar\/noticias\/wp-json\/wp\/v2\/categories?post=1773"},{"taxonomy":"post_tag","embeddable":true,"href":"https:\/\/www.todoalfalfa.com.ar\/noticias\/wp-json\/wp\/v2\/tags?post=1773"}],"curies":[{"name":"wp","href":"https:\/\/api.w.org\/{rel}","templated":true}]}}