{"id":1989,"date":"2018-05-14T17:56:24","date_gmt":"2018-05-14T20:56:24","guid":{"rendered":"https:\/\/todoalfalfa.com.ar\/?p=1989"},"modified":"2018-05-14T17:56:24","modified_gmt":"2018-05-14T20:56:24","slug":"evaluan-la-incidencia-trips-en-alfalfas-tratadas-con-fitoterapicos","status":"publish","type":"post","link":"https:\/\/www.todoalfalfa.com.ar\/noticias\/evaluan-la-incidencia-trips-en-alfalfas-tratadas-con-fitoterapicos\/","title":{"rendered":"Eval\u00faan la incidencia trips en alfalfas tratadas con fitoter\u00e1picos"},"content":{"rendered":"<p>El ensayo se realiz\u00f3 en \u00d1anducita Provincia de Santa Fe, se sembr\u00f3 la variedad Magna 801en directa el 09\/04\/2015, con una densidad de 14 kg\/ha de semilla peleteada a 17,5 cm de espaciamiento. La superficie de parcela fue de 120 m2. El dise\u00f1o fue en bloques completamente aleatorizados con dos tratamientos y cuatro repeticiones: T1) Semilla sin insecticida y T2) Semilla con insecticida: tiametoxam (120 g i.a.\/ha.). En ambos tratamientos el pelet incluy\u00f3 inoculante para la fijaci\u00f3n de N: Sinorhizobium mellilotii + Azospirillum brasilense y fungicida: Metalaxil-M (35% p\/v): Metil N &#8211; (2,6-dimetilfenil) \u2013 N &#8211; (metoxiacetil) &#8211; D alaninato.<\/p>\n<p>La unidad de muestreo fue 1m. lineal de la hilera de siembra y se tomaron dos submuestras por parcela.<br \/>\nSe registr\u00f3 el N\u00ba plantas\/m lineal, N\u00ba trips\/m lineal, lo que permiti\u00f3 estimar el N\u00b0 trips\/pl\u00e1ntula, adicionalmente se midi\u00f3 la incidencia (INC) como porcentaje de plantas con cicatrices blanquecinas provocadas por el raspado del insecto.<\/p>\n<p>Las observaciones se realizaron con lupa binocular (1,5 X) en tres estad\u00edos fenol\u00f3gicos iniciales de la vida de la pastura: 1)-cotiled\u00f3n -20% hoja unifoliada, 2)-2da. hoja trifoliada y 3) -3era. hoja trifoliada.<br \/>\nLas variables se analizaron para cada etapa fenol\u00f3gica mediante la prueba de Wilcoxon (Mann-Whitney) del INFOSTAT\u00ae 2014 (Di Rienzo et al., 2014).<\/p>\n<p>El 10\/07\/2015, a los 93 d\u00edas de la siembra se realiz\u00f3 el primer aprovechamiento de la pastura de alfalfa. Para cuantificar si existieron efectos de los tratamientos sobre la producci\u00f3n de forraje acumulado durante el per\u00edodo de la implantaci\u00f3n, se estim\u00f3 la producci\u00f3n de materia verde (MV) sobre 1m2, el porcentaje de materia seca sobre una muestra de 200 gramos de materia verde luego del secado de 48 horas en estufa, como resultante se obtuvo la producci\u00f3n de materia seca (MS), ambas producciones fueron expresadas por hect\u00e1rea.<br \/>\nSe realiz\u00f3 el an\u00e1lisis de la varianza y las diferencias de medias se compararon con el test LSD Fisher con un 5% de significancia.<\/p>\n<p><strong>Resultados<\/strong><br \/>\nEn el N\u00ba de plantas\/m lineal no hubo diferencia estad\u00edstica significativa entre ambos tratamientos (p&gt;0,05). El n\u00famero m\u00e1ximo de plantas\/m lineal se observ\u00f3 en el estado de cotiled\u00f3n -20% hoja unifoliada, con 48,4 plantas\/m lineal (T2) vs. 38,4 plantas\/m lineal (T1) (Cuadro 1 y Figura 1).<\/p>\n<p>A partir de esta etapa, las l\u00edneas de tendencia en ambos tratamientos evidenciaron una disminuci\u00f3n gradual del n\u00famero de plantas, lo que se considera normal debido a la competencia entre pl\u00e1ntulas (Figura 1).<\/p>\n<p>En el n\u00famero de trips\/pl\u00e1ntula se hallaron diferencias significativas en la etapa de cotiled\u00f3n -20% hoja unifoliada (p=0,0286).<br \/>\nSe registraron 0,3 trips\/pl\u00e1ntula en el T1 mientras que en el T2 no se hallaron trips.<br \/>\nAmbos tratamientos fueron levemente diferentes en el estado de 2da. hoja trifoliada (p=0,0571) con valores de 0,66 y 0,33 trips\/pl\u00e1ntula para T1 y T2, respectivamente; y no se diferenciaron estad\u00edsticamente en la etapa de 3era. hoja trifoliada (Cuadro 1 y Figura 2).<br \/>\nLa incidencia del da\u00f1o de trips fue distinta entre los tratamientos durante las dos primeras etapas fenol\u00f3gicas evaluadas (p=0,0277; p=0,075), mientras que en la etapa de 3era. hoja trifoliada no se halaron diferencias (p=0,1555) es decir, en ambos tratamientos el da\u00f1o de trips fue similar (Figura 3).<\/p>\n<p>Lo mencionado evidenciar\u00eda que durante el tercer per\u00edodo de muestreo, a los 14 d\u00edas de la etapa de cotiled\u00f3n, el efecto del fitoter\u00e1pico dej\u00f3 de expresarse.<\/p>\n<p style=\"text-align: center\">Cuadro 1: Plantas por metro lineal, n\u00famero de trips por pl\u00e1ntula y porcentaje de incidencia del da\u00f1o de trips, en los tratamientos sin vs. con insecticida en la semilla.<\/p>\n<p><img data-recalc-dims=\"1\" fetchpriority=\"high\" decoding=\"async\" class=\"wp-image-1990 size-full aligncenter\" src=\"https:\/\/i0.wp.com\/todoalfalfa.com.ar\/wp-content\/uploads\/2018\/05\/cuadro_trips1.jpg?resize=615%2C373&#038;ssl=1\" alt=\"\" width=\"615\" height=\"373\" srcset=\"https:\/\/i0.wp.com\/www.todoalfalfa.com.ar\/noticias\/wp-content\/uploads\/2018\/05\/cuadro_trips1.jpg?w=615&amp;ssl=1 615w, https:\/\/i0.wp.com\/www.todoalfalfa.com.ar\/noticias\/wp-content\/uploads\/2018\/05\/cuadro_trips1.jpg?resize=300%2C182&amp;ssl=1 300w\" sizes=\"(max-width: 615px) 100vw, 615px\" \/><em>Fig.1: N\u00famero de plantas por metro lineal en tratamientos sin vs. con fitoter\u00e1pico.<\/em><\/p>\n<p><img data-recalc-dims=\"1\" decoding=\"async\" class=\"aligncenter wp-image-1991 size-full\" src=\"https:\/\/i0.wp.com\/todoalfalfa.com.ar\/wp-content\/uploads\/2018\/05\/cuadro_trips2.jpg?resize=617%2C380&#038;ssl=1\" alt=\"\" width=\"617\" height=\"380\" srcset=\"https:\/\/i0.wp.com\/www.todoalfalfa.com.ar\/noticias\/wp-content\/uploads\/2018\/05\/cuadro_trips2.jpg?w=617&amp;ssl=1 617w, https:\/\/i0.wp.com\/www.todoalfalfa.com.ar\/noticias\/wp-content\/uploads\/2018\/05\/cuadro_trips2.jpg?resize=300%2C185&amp;ssl=1 300w\" sizes=\"(max-width: 617px) 100vw, 617px\" \/><em>Fig. 2: N\u00famero de trips por pl\u00e1ntula en tratamientos sin vs. con fitoter\u00e1pico.<\/em><\/p>\n<p style=\"text-align: center\"><img data-recalc-dims=\"1\" decoding=\"async\" class=\"aligncenter wp-image-1992 size-full\" src=\"https:\/\/i0.wp.com\/todoalfalfa.com.ar\/wp-content\/uploads\/2018\/05\/cuadro_trips3.jpg?resize=618%2C378&#038;ssl=1\" alt=\"\" width=\"618\" height=\"378\" srcset=\"https:\/\/i0.wp.com\/www.todoalfalfa.com.ar\/noticias\/wp-content\/uploads\/2018\/05\/cuadro_trips3.jpg?w=618&amp;ssl=1 618w, https:\/\/i0.wp.com\/www.todoalfalfa.com.ar\/noticias\/wp-content\/uploads\/2018\/05\/cuadro_trips3.jpg?resize=300%2C183&amp;ssl=1 300w\" sizes=\"(max-width: 618px) 100vw, 618px\" \/><em>Fig.3: Incidencia del da\u00f1o de trips en pl\u00e1ntulas de alfalfa sembradas sin vs. con fitoter\u00e1pico.<\/em><\/p>\n<p>En la producci\u00f3n de forraje acumulado durante el per\u00edodo de implantaci\u00f3n de la pastura para la producci\u00f3n de materia verde, no existieron diferencias significativas (p=0,0548) con 6.295 kg MV \/ha vs. 5.707,5 kg\/ha en los tratamientos sin y con fitoter\u00e1picos, respectivamente; as\u00ed como tampoco existieron diferencias en producci\u00f3n de materia seca (p=0,4252) con 1.050 (T1) vs. 1.010 kg MS \/ha (T2).<br \/>\nSi bien se encontr\u00f3 diferencia estad\u00edstica en el porcentaje de materia seca obtenido entre ambos tratamientos (p=0,0281), la misma fue baja: 16,71% (T1) vs. 17,79 % (T2).<\/p>\n<p><strong>Conclusi\u00f3n<\/strong><br \/>\nPara las condiciones ambientales en que se desarroll\u00f3 el ensayo, con escasas precipitaciones, los trips se presentaron en bajas densidades (por debajo del umbral de tolerancia preestablecido).<\/p>\n<p>Si bien inicialmente en las pl\u00e1ntulas se hallaron diferencias en la densidad de trips por pl\u00e1ntula y en la incidencia, al considerar la ausencia de diferencias significativas en la producci\u00f3n de forraje acumulada en el per\u00edodo de implantaci\u00f3n<br \/>\nMV\/ha y MS\/ha) para ambos planteos t\u00e9cnicos, se concluye que el tratamiento con<br \/>\ntiametox\u00e1m en semilla no fue econ\u00f3mica y ni ambientalmente justificable.<\/p>\n<p>Sin embargo, es de inter\u00e9s, estudiar los mismos tratamientos cuando la densidad de la poblaci\u00f3n de trips sea mayor al umbral de da\u00f1o.<\/p>\n<div class=\"todoalfalfa-final-de-la-nota\" id=\"todoalfalfa-1030164897\"><a href=\"https:\/\/www.whatsapp.com\/channel\/0029VbCBmFB9WtBxJsD3eC2i\" target=\"_blank\" aria-label=\"5\"><img src=\"https:\/\/i0.wp.com\/www.todoalfalfa.com.ar\/noticias\/wp-content\/uploads\/2026\/04\/5.gif?fit=728%2C90&#038;ssl=1\" alt=\"\"  width=\"728\" height=\"90\"   \/><\/a><\/div>","protected":false},"excerpt":{"rendered":"<p>El ensayo se realiz&oacute; en &Ntilde;anducita Provincia de Santa Fe, se sembr&oacute; la variedad Magna 801en directa el 09\/04\/2015, con&#8230;<\/p>\n","protected":false},"author":3,"featured_media":1993,"comment_status":"closed","ping_status":"open","sticky":false,"template":"","format":"standard","meta":{"jetpack_post_was_ever_published":false,"_jetpack_newsletter_access":"","_jetpack_dont_email_post_to_subs":false,"_jetpack_newsletter_tier_id":0,"_jetpack_memberships_contains_paywalled_content":false,"_jetpack_memberships_contains_paid_content":false,"footnotes":""},"categories":[2],"tags":[374,375,96,312],"class_list":["post-1989","post","type-post","status-publish","format-standard","has-post-thumbnail","hentry","category-generales","tag-estudio","tag-fitoterapicos","tag-semillas","tag-trips"],"yoast_head":"<!-- This site is optimized with the Yoast SEO plugin v25.5 - https:\/\/yoast.com\/wordpress\/plugins\/seo\/ -->\n<title>Eval\u00faan la incidencia trips en alfalfas tratadas con fitoter\u00e1picos<\/title>\n<meta name=\"robots\" content=\"index, follow, max-snippet:-1, max-image-preview:large, max-video-preview:-1\" \/>\n<link rel=\"canonical\" href=\"https:\/\/www.todoalfalfa.com.ar\/noticias\/evaluan-la-incidencia-trips-en-alfalfas-tratadas-con-fitoterapicos\/\" \/>\n<meta property=\"og:locale\" content=\"es_ES\" \/>\n<meta property=\"og:type\" content=\"article\" \/>\n<meta property=\"og:title\" content=\"Eval\u00faan la incidencia trips en alfalfas tratadas con fitoter\u00e1picos\" \/>\n<meta property=\"og:description\" content=\"El ensayo se realiz&oacute; en &Ntilde;anducita Provincia de Santa Fe, se sembr&oacute; la variedad Magna 801en directa el 09\/04\/2015, con...\" \/>\n<meta property=\"og:url\" content=\"https:\/\/www.todoalfalfa.com.ar\/noticias\/evaluan-la-incidencia-trips-en-alfalfas-tratadas-con-fitoterapicos\/\" \/>\n<meta property=\"og:site_name\" content=\"Todo Alfalfa\" \/>\n<meta property=\"article:publisher\" content=\"https:\/\/www.facebook.com\/todoalfalfa\" \/>\n<meta property=\"article:published_time\" content=\"2018-05-14T20:56:24+00:00\" \/>\n<meta property=\"og:image\" content=\"https:\/\/www.todoalfalfa.com.ar\/noticias\/wp-content\/uploads\/2018\/05\/tripsenalfalfa2.jpg\" \/>\n\t<meta property=\"og:image:width\" content=\"777\" \/>\n\t<meta property=\"og:image:height\" content=\"437\" \/>\n\t<meta property=\"og:image:type\" content=\"image\/jpeg\" \/>\n<meta name=\"author\" content=\"Todo Alfalfa\" \/>\n<meta name=\"twitter:card\" content=\"summary_large_image\" \/>\n<meta name=\"twitter:label1\" content=\"Escrito por\" \/>\n\t<meta name=\"twitter:data1\" content=\"Todo Alfalfa\" \/>\n\t<meta name=\"twitter:label2\" content=\"Tiempo de lectura\" \/>\n\t<meta name=\"twitter:data2\" content=\"4 minutos\" \/>\n<script type=\"application\/ld+json\" class=\"yoast-schema-graph\">{\"@context\":\"https:\/\/schema.org\",\"@graph\":[{\"@type\":\"NewsArticle\",\"@id\":\"https:\/\/www.todoalfalfa.com.ar\/noticias\/evaluan-la-incidencia-trips-en-alfalfas-tratadas-con-fitoterapicos\/#article\",\"isPartOf\":{\"@id\":\"https:\/\/www.todoalfalfa.com.ar\/noticias\/evaluan-la-incidencia-trips-en-alfalfas-tratadas-con-fitoterapicos\/\"},\"author\":{\"name\":\"Todo Alfalfa\",\"@id\":\"https:\/\/www.todoalfalfa.com.ar\/noticias\/#\/schema\/person\/4ee4bca9b9fa50c4f0fbaf7017fbf2ad\"},\"headline\":\"Eval\u00faan la incidencia trips en alfalfas tratadas con fitoter\u00e1picos\",\"datePublished\":\"2018-05-14T20:56:24+00:00\",\"mainEntityOfPage\":{\"@id\":\"https:\/\/www.todoalfalfa.com.ar\/noticias\/evaluan-la-incidencia-trips-en-alfalfas-tratadas-con-fitoterapicos\/\"},\"wordCount\":878,\"publisher\":{\"@id\":\"https:\/\/www.todoalfalfa.com.ar\/noticias\/#organization\"},\"image\":{\"@id\":\"https:\/\/www.todoalfalfa.com.ar\/noticias\/evaluan-la-incidencia-trips-en-alfalfas-tratadas-con-fitoterapicos\/#primaryimage\"},\"thumbnailUrl\":\"https:\/\/i0.wp.com\/www.todoalfalfa.com.ar\/noticias\/wp-content\/uploads\/2018\/05\/tripsenalfalfa2.jpg?fit=777%2C437&ssl=1\",\"keywords\":[\"estudio\",\"fitoter\u00e1picos\",\"semillas\",\"trips\"],\"articleSection\":[\"Generales\"],\"inLanguage\":\"es\"},{\"@type\":[\"WebPage\",\"ItemPage\"],\"@id\":\"https:\/\/www.todoalfalfa.com.ar\/noticias\/evaluan-la-incidencia-trips-en-alfalfas-tratadas-con-fitoterapicos\/\",\"url\":\"https:\/\/www.todoalfalfa.com.ar\/noticias\/evaluan-la-incidencia-trips-en-alfalfas-tratadas-con-fitoterapicos\/\",\"name\":\"Eval\u00faan la incidencia trips en alfalfas tratadas con fitoter\u00e1picos\",\"isPartOf\":{\"@id\":\"https:\/\/www.todoalfalfa.com.ar\/noticias\/#website\"},\"primaryImageOfPage\":{\"@id\":\"https:\/\/www.todoalfalfa.com.ar\/noticias\/evaluan-la-incidencia-trips-en-alfalfas-tratadas-con-fitoterapicos\/#primaryimage\"},\"image\":{\"@id\":\"https:\/\/www.todoalfalfa.com.ar\/noticias\/evaluan-la-incidencia-trips-en-alfalfas-tratadas-con-fitoterapicos\/#primaryimage\"},\"thumbnailUrl\":\"https:\/\/i0.wp.com\/www.todoalfalfa.com.ar\/noticias\/wp-content\/uploads\/2018\/05\/tripsenalfalfa2.jpg?fit=777%2C437&ssl=1\",\"datePublished\":\"2018-05-14T20:56:24+00:00\",\"breadcrumb\":{\"@id\":\"https:\/\/www.todoalfalfa.com.ar\/noticias\/evaluan-la-incidencia-trips-en-alfalfas-tratadas-con-fitoterapicos\/#breadcrumb\"},\"inLanguage\":\"es\",\"potentialAction\":[{\"@type\":\"ReadAction\",\"target\":[\"https:\/\/www.todoalfalfa.com.ar\/noticias\/evaluan-la-incidencia-trips-en-alfalfas-tratadas-con-fitoterapicos\/\"]}]},{\"@type\":\"ImageObject\",\"inLanguage\":\"es\",\"@id\":\"https:\/\/www.todoalfalfa.com.ar\/noticias\/evaluan-la-incidencia-trips-en-alfalfas-tratadas-con-fitoterapicos\/#primaryimage\",\"url\":\"https:\/\/i0.wp.com\/www.todoalfalfa.com.ar\/noticias\/wp-content\/uploads\/2018\/05\/tripsenalfalfa2.jpg?fit=777%2C437&ssl=1\",\"contentUrl\":\"https:\/\/i0.wp.com\/www.todoalfalfa.com.ar\/noticias\/wp-content\/uploads\/2018\/05\/tripsenalfalfa2.jpg?fit=777%2C437&ssl=1\",\"width\":777,\"height\":437},{\"@type\":\"BreadcrumbList\",\"@id\":\"https:\/\/www.todoalfalfa.com.ar\/noticias\/evaluan-la-incidencia-trips-en-alfalfas-tratadas-con-fitoterapicos\/#breadcrumb\",\"itemListElement\":[{\"@type\":\"ListItem\",\"position\":1,\"name\":\"Principal\",\"item\":\"https:\/\/www.todoalfalfa.com.ar\/noticias\/\"},{\"@type\":\"ListItem\",\"position\":2,\"name\":\"Eval\u00faan la incidencia trips en alfalfas tratadas con fitoter\u00e1picos\"}]},{\"@type\":\"WebSite\",\"@id\":\"https:\/\/www.todoalfalfa.com.ar\/noticias\/#website\",\"url\":\"https:\/\/www.todoalfalfa.com.ar\/noticias\/\",\"name\":\"Todo Alfalfa\",\"description\":\"Web informativa de la cadena de la alfalfa argentina\",\"publisher\":{\"@id\":\"https:\/\/www.todoalfalfa.com.ar\/noticias\/#organization\"},\"potentialAction\":[{\"@type\":\"SearchAction\",\"target\":{\"@type\":\"EntryPoint\",\"urlTemplate\":\"https:\/\/www.todoalfalfa.com.ar\/noticias\/?s={search_term_string}\"},\"query-input\":{\"@type\":\"PropertyValueSpecification\",\"valueRequired\":true,\"valueName\":\"search_term_string\"}}],\"inLanguage\":\"es\"},{\"@type\":\"Organization\",\"@id\":\"https:\/\/www.todoalfalfa.com.ar\/noticias\/#organization\",\"name\":\"Todo Alfalfa\",\"url\":\"https:\/\/www.todoalfalfa.com.ar\/noticias\/\",\"logo\":{\"@type\":\"ImageObject\",\"inLanguage\":\"es\",\"@id\":\"https:\/\/www.todoalfalfa.com.ar\/noticias\/#\/schema\/logo\/image\/\",\"url\":\"https:\/\/www.todoalfalfa.com.ar\/noticias\/wp-content\/uploads\/2020\/09\/logo-todo-alfalfa-modificado.png\",\"contentUrl\":\"https:\/\/www.todoalfalfa.com.ar\/noticias\/wp-content\/uploads\/2020\/09\/logo-todo-alfalfa-modificado.png\",\"width\":350,\"height\":100,\"caption\":\"Todo Alfalfa\"},\"image\":{\"@id\":\"https:\/\/www.todoalfalfa.com.ar\/noticias\/#\/schema\/logo\/image\/\"},\"sameAs\":[\"https:\/\/www.facebook.com\/todoalfalfa\",\"https:\/\/www.instagram.com\/todoalfalfa\",\"https:\/\/www.youtube.com\/@TodoAlfalfa\",\"https:\/\/www.linkedin.com\/company\/todoalfalfa\/\"]},{\"@type\":\"Person\",\"@id\":\"https:\/\/www.todoalfalfa.com.ar\/noticias\/#\/schema\/person\/4ee4bca9b9fa50c4f0fbaf7017fbf2ad\",\"name\":\"Todo Alfalfa\",\"image\":{\"@type\":\"ImageObject\",\"inLanguage\":\"es\",\"@id\":\"https:\/\/www.todoalfalfa.com.ar\/noticias\/#\/schema\/person\/image\/\",\"url\":\"https:\/\/secure.gravatar.com\/avatar\/4d26a600a1380823a26c3f9cb74ada1a8ee4b482c0c3a616ab022b865c46be8f?s=96&d=mm&r=g\",\"contentUrl\":\"https:\/\/secure.gravatar.com\/avatar\/4d26a600a1380823a26c3f9cb74ada1a8ee4b482c0c3a616ab022b865c46be8f?s=96&d=mm&r=g\",\"caption\":\"Todo Alfalfa\"},\"sameAs\":[\"http:\/\/www.todoalfalfa.com.ar\"],\"url\":\"https:\/\/www.todoalfalfa.com.ar\/noticias\/author\/todoalfalfa\/\"}]}<\/script>\n<!-- \/ Yoast SEO plugin. -->","yoast_head_json":{"title":"Eval\u00faan la incidencia trips en alfalfas tratadas con fitoter\u00e1picos","robots":{"index":"index","follow":"follow","max-snippet":"max-snippet:-1","max-image-preview":"max-image-preview:large","max-video-preview":"max-video-preview:-1"},"canonical":"https:\/\/www.todoalfalfa.com.ar\/noticias\/evaluan-la-incidencia-trips-en-alfalfas-tratadas-con-fitoterapicos\/","og_locale":"es_ES","og_type":"article","og_title":"Eval\u00faan la incidencia trips en alfalfas tratadas con fitoter\u00e1picos","og_description":"El ensayo se realiz&oacute; en &Ntilde;anducita Provincia de Santa Fe, se sembr&oacute; la variedad Magna 801en directa el 09\/04\/2015, con...","og_url":"https:\/\/www.todoalfalfa.com.ar\/noticias\/evaluan-la-incidencia-trips-en-alfalfas-tratadas-con-fitoterapicos\/","og_site_name":"Todo Alfalfa","article_publisher":"https:\/\/www.facebook.com\/todoalfalfa","article_published_time":"2018-05-14T20:56:24+00:00","og_image":[{"width":777,"height":437,"url":"https:\/\/www.todoalfalfa.com.ar\/noticias\/wp-content\/uploads\/2018\/05\/tripsenalfalfa2.jpg","type":"image\/jpeg"}],"author":"Todo Alfalfa","twitter_card":"summary_large_image","twitter_misc":{"Escrito por":"Todo Alfalfa","Tiempo de lectura":"4 minutos"},"schema":{"@context":"https:\/\/schema.org","@graph":[{"@type":"NewsArticle","@id":"https:\/\/www.todoalfalfa.com.ar\/noticias\/evaluan-la-incidencia-trips-en-alfalfas-tratadas-con-fitoterapicos\/#article","isPartOf":{"@id":"https:\/\/www.todoalfalfa.com.ar\/noticias\/evaluan-la-incidencia-trips-en-alfalfas-tratadas-con-fitoterapicos\/"},"author":{"name":"Todo Alfalfa","@id":"https:\/\/www.todoalfalfa.com.ar\/noticias\/#\/schema\/person\/4ee4bca9b9fa50c4f0fbaf7017fbf2ad"},"headline":"Eval\u00faan la incidencia trips en alfalfas tratadas con fitoter\u00e1picos","datePublished":"2018-05-14T20:56:24+00:00","mainEntityOfPage":{"@id":"https:\/\/www.todoalfalfa.com.ar\/noticias\/evaluan-la-incidencia-trips-en-alfalfas-tratadas-con-fitoterapicos\/"},"wordCount":878,"publisher":{"@id":"https:\/\/www.todoalfalfa.com.ar\/noticias\/#organization"},"image":{"@id":"https:\/\/www.todoalfalfa.com.ar\/noticias\/evaluan-la-incidencia-trips-en-alfalfas-tratadas-con-fitoterapicos\/#primaryimage"},"thumbnailUrl":"https:\/\/i0.wp.com\/www.todoalfalfa.com.ar\/noticias\/wp-content\/uploads\/2018\/05\/tripsenalfalfa2.jpg?fit=777%2C437&ssl=1","keywords":["estudio","fitoter\u00e1picos","semillas","trips"],"articleSection":["Generales"],"inLanguage":"es"},{"@type":["WebPage","ItemPage"],"@id":"https:\/\/www.todoalfalfa.com.ar\/noticias\/evaluan-la-incidencia-trips-en-alfalfas-tratadas-con-fitoterapicos\/","url":"https:\/\/www.todoalfalfa.com.ar\/noticias\/evaluan-la-incidencia-trips-en-alfalfas-tratadas-con-fitoterapicos\/","name":"Eval\u00faan la incidencia trips en alfalfas tratadas con fitoter\u00e1picos","isPartOf":{"@id":"https:\/\/www.todoalfalfa.com.ar\/noticias\/#website"},"primaryImageOfPage":{"@id":"https:\/\/www.todoalfalfa.com.ar\/noticias\/evaluan-la-incidencia-trips-en-alfalfas-tratadas-con-fitoterapicos\/#primaryimage"},"image":{"@id":"https:\/\/www.todoalfalfa.com.ar\/noticias\/evaluan-la-incidencia-trips-en-alfalfas-tratadas-con-fitoterapicos\/#primaryimage"},"thumbnailUrl":"https:\/\/i0.wp.com\/www.todoalfalfa.com.ar\/noticias\/wp-content\/uploads\/2018\/05\/tripsenalfalfa2.jpg?fit=777%2C437&ssl=1","datePublished":"2018-05-14T20:56:24+00:00","breadcrumb":{"@id":"https:\/\/www.todoalfalfa.com.ar\/noticias\/evaluan-la-incidencia-trips-en-alfalfas-tratadas-con-fitoterapicos\/#breadcrumb"},"inLanguage":"es","potentialAction":[{"@type":"ReadAction","target":["https:\/\/www.todoalfalfa.com.ar\/noticias\/evaluan-la-incidencia-trips-en-alfalfas-tratadas-con-fitoterapicos\/"]}]},{"@type":"ImageObject","inLanguage":"es","@id":"https:\/\/www.todoalfalfa.com.ar\/noticias\/evaluan-la-incidencia-trips-en-alfalfas-tratadas-con-fitoterapicos\/#primaryimage","url":"https:\/\/i0.wp.com\/www.todoalfalfa.com.ar\/noticias\/wp-content\/uploads\/2018\/05\/tripsenalfalfa2.jpg?fit=777%2C437&ssl=1","contentUrl":"https:\/\/i0.wp.com\/www.todoalfalfa.com.ar\/noticias\/wp-content\/uploads\/2018\/05\/tripsenalfalfa2.jpg?fit=777%2C437&ssl=1","width":777,"height":437},{"@type":"BreadcrumbList","@id":"https:\/\/www.todoalfalfa.com.ar\/noticias\/evaluan-la-incidencia-trips-en-alfalfas-tratadas-con-fitoterapicos\/#breadcrumb","itemListElement":[{"@type":"ListItem","position":1,"name":"Principal","item":"https:\/\/www.todoalfalfa.com.ar\/noticias\/"},{"@type":"ListItem","position":2,"name":"Eval\u00faan la incidencia trips en alfalfas tratadas con fitoter\u00e1picos"}]},{"@type":"WebSite","@id":"https:\/\/www.todoalfalfa.com.ar\/noticias\/#website","url":"https:\/\/www.todoalfalfa.com.ar\/noticias\/","name":"Todo Alfalfa","description":"Web informativa de la cadena de la alfalfa argentina","publisher":{"@id":"https:\/\/www.todoalfalfa.com.ar\/noticias\/#organization"},"potentialAction":[{"@type":"SearchAction","target":{"@type":"EntryPoint","urlTemplate":"https:\/\/www.todoalfalfa.com.ar\/noticias\/?s={search_term_string}"},"query-input":{"@type":"PropertyValueSpecification","valueRequired":true,"valueName":"search_term_string"}}],"inLanguage":"es"},{"@type":"Organization","@id":"https:\/\/www.todoalfalfa.com.ar\/noticias\/#organization","name":"Todo Alfalfa","url":"https:\/\/www.todoalfalfa.com.ar\/noticias\/","logo":{"@type":"ImageObject","inLanguage":"es","@id":"https:\/\/www.todoalfalfa.com.ar\/noticias\/#\/schema\/logo\/image\/","url":"https:\/\/www.todoalfalfa.com.ar\/noticias\/wp-content\/uploads\/2020\/09\/logo-todo-alfalfa-modificado.png","contentUrl":"https:\/\/www.todoalfalfa.com.ar\/noticias\/wp-content\/uploads\/2020\/09\/logo-todo-alfalfa-modificado.png","width":350,"height":100,"caption":"Todo Alfalfa"},"image":{"@id":"https:\/\/www.todoalfalfa.com.ar\/noticias\/#\/schema\/logo\/image\/"},"sameAs":["https:\/\/www.facebook.com\/todoalfalfa","https:\/\/www.instagram.com\/todoalfalfa","https:\/\/www.youtube.com\/@TodoAlfalfa","https:\/\/www.linkedin.com\/company\/todoalfalfa\/"]},{"@type":"Person","@id":"https:\/\/www.todoalfalfa.com.ar\/noticias\/#\/schema\/person\/4ee4bca9b9fa50c4f0fbaf7017fbf2ad","name":"Todo Alfalfa","image":{"@type":"ImageObject","inLanguage":"es","@id":"https:\/\/www.todoalfalfa.com.ar\/noticias\/#\/schema\/person\/image\/","url":"https:\/\/secure.gravatar.com\/avatar\/4d26a600a1380823a26c3f9cb74ada1a8ee4b482c0c3a616ab022b865c46be8f?s=96&d=mm&r=g","contentUrl":"https:\/\/secure.gravatar.com\/avatar\/4d26a600a1380823a26c3f9cb74ada1a8ee4b482c0c3a616ab022b865c46be8f?s=96&d=mm&r=g","caption":"Todo Alfalfa"},"sameAs":["http:\/\/www.todoalfalfa.com.ar"],"url":"https:\/\/www.todoalfalfa.com.ar\/noticias\/author\/todoalfalfa\/"}]}},"jetpack_featured_media_url":"https:\/\/i0.wp.com\/www.todoalfalfa.com.ar\/noticias\/wp-content\/uploads\/2018\/05\/tripsenalfalfa2.jpg?fit=777%2C437&ssl=1","wps_subtitle":"Elevadas densidades de trips pueden provocar retrasos en el crecimiento, con p\u00e9rdida de vigor y disminuci\u00f3n en la densidad de pl\u00e1ntulas. Desde el INTA Rafaela llevaron a cabo un estudio para evaluar la enfermedad y su incidencia en la producci\u00f3n, a partir de semillas tratadas previamente con insecticidas.","jetpack_sharing_enabled":true,"_links":{"self":[{"href":"https:\/\/www.todoalfalfa.com.ar\/noticias\/wp-json\/wp\/v2\/posts\/1989","targetHints":{"allow":["GET"]}}],"collection":[{"href":"https:\/\/www.todoalfalfa.com.ar\/noticias\/wp-json\/wp\/v2\/posts"}],"about":[{"href":"https:\/\/www.todoalfalfa.com.ar\/noticias\/wp-json\/wp\/v2\/types\/post"}],"author":[{"embeddable":true,"href":"https:\/\/www.todoalfalfa.com.ar\/noticias\/wp-json\/wp\/v2\/users\/3"}],"replies":[{"embeddable":true,"href":"https:\/\/www.todoalfalfa.com.ar\/noticias\/wp-json\/wp\/v2\/comments?post=1989"}],"version-history":[{"count":0,"href":"https:\/\/www.todoalfalfa.com.ar\/noticias\/wp-json\/wp\/v2\/posts\/1989\/revisions"}],"wp:featuredmedia":[{"embeddable":true,"href":"https:\/\/www.todoalfalfa.com.ar\/noticias\/wp-json\/wp\/v2\/media\/1993"}],"wp:attachment":[{"href":"https:\/\/www.todoalfalfa.com.ar\/noticias\/wp-json\/wp\/v2\/media?parent=1989"}],"wp:term":[{"taxonomy":"category","embeddable":true,"href":"https:\/\/www.todoalfalfa.com.ar\/noticias\/wp-json\/wp\/v2\/categories?post=1989"},{"taxonomy":"post_tag","embeddable":true,"href":"https:\/\/www.todoalfalfa.com.ar\/noticias\/wp-json\/wp\/v2\/tags?post=1989"}],"curies":[{"name":"wp","href":"https:\/\/api.w.org\/{rel}","templated":true}]}}