{"id":2091,"date":"2018-06-14T09:51:43","date_gmt":"2018-06-14T12:51:43","guid":{"rendered":"https:\/\/todoalfalfa.com.ar\/?p=2091"},"modified":"2018-06-14T09:51:43","modified_gmt":"2018-06-14T12:51:43","slug":"confirman-la-llegada-de-la-alfalfa-harvxtra-a-la-argentina-para-el-2019","status":"publish","type":"post","link":"https:\/\/www.todoalfalfa.com.ar\/noticias\/confirman-la-llegada-de-la-alfalfa-harvxtra-a-la-argentina-para-el-2019\/","title":{"rendered":"Confirman la llegada de la alfalfa HarvXtra a la Argentina para el 2019"},"content":{"rendered":"<p>Desde el Grupo Bioceres celebraron la autorizaci\u00f3n comercial en Argentina de esta nueva tecnolog\u00eda presentada por Indear (empresa perteneciente al Grupo) que combina la conocida herramienta de resistencia al herbicida glifosato (Roundup Ready ) con el primer evento desarrollado para maximizar la calidad del forraje mediante la reducci\u00f3n de su contenido de lignina.<\/p>\n<p>La alfalfa HarvXtra ha sido desregulada por el Ministerio de Agroindustria en Argentina, haciendo de \u00e9ste el tercer pa\u00eds en aprobar este producto, luego de Estados Unidos y Canad\u00e1.<\/p>\n<p>Desde Bioceres destacaron que se trata del evento de alfalfa m\u00e1s avanzado en esta industria, y que brindar\u00e1 a los productores mayor flexibilidad para el manejo de las cosechas. \u201cEsto se logr\u00f3 modificando la cantidad de lignina de la planta de alfalfa en mayor medida de lo que era posible utilizando m\u00e9todos convencionales\u201d, remarcaron.<\/p>\n<p>\u201cLos productores de alfalfa en Argentina tendr\u00e1n ahora la posibilidad de entrar a una nueva era biotecnol\u00f3gica\u201d coment\u00f3 Federico Trucco, CEO del grupo Bioceres. \u201cEstamos agradecidos a FGI por confiar en nuestros recursos y capacidades para ayudarlos a llevar esta tecnolog\u00eda al mercado\u00bb, expres\u00f3.<\/p>\n<p>Este avance en la tecnolog\u00eda tiene por objeto facilitar el manejo del equilibrio de \u201crendimiento vs calidad\u201d que enfrentan actualmente los productores de alfalfa, al mantener la calidad del cultivo por un per\u00edodo m\u00e1s prolongado. Ello brinda a los productores una gran flexibilidad y una ventana m\u00e1s amplia para el corte del forraje.<\/p>\n<p>\u201cEl evento de alfalfa HarvXtra aporta algo \u00fanico en la industria\u201d dijo Shawn Barnett, presidente de Forage Genetics International (FGI), compa\u00f1\u00eda propietaria de la tecnolog\u00eda y que delegar\u00e1 en Argentina su comercializaci\u00f3n exclusivamente a trav\u00e9s de WL Alfalfas. \u00abEstamos ansiosos de llevar esta alfalfa al pa\u00eds\u201d, manifest\u00f3.<\/p>\n<div class=\"todoalfalfa-final-de-la-nota\" id=\"todoalfalfa-3121521572\"><a href=\"https:\/\/www.whatsapp.com\/channel\/0029VbCBmFB9WtBxJsD3eC2i\" target=\"_blank\" aria-label=\"5\"><img src=\"https:\/\/i0.wp.com\/www.todoalfalfa.com.ar\/noticias\/wp-content\/uploads\/2026\/04\/5.gif?fit=728%2C90&#038;ssl=1\" alt=\"\"  width=\"728\" height=\"90\"   \/><\/a><\/div>","protected":false},"excerpt":{"rendered":"<p>Desde el Grupo Bioceres celebraron la autorizaci&oacute;n comercial en Argentina de esta nueva tecnolog&iacute;a presentada por Indear (empresa perteneciente al&#8230;<\/p>\n","protected":false},"author":3,"featured_media":2092,"comment_status":"closed","ping_status":"open","sticky":false,"template":"","format":"standard","meta":{"jetpack_post_was_ever_published":false,"_jetpack_newsletter_access":"","_jetpack_dont_email_post_to_subs":false,"_jetpack_newsletter_tier_id":0,"_jetpack_memberships_contains_paywalled_content":false,"_jetpack_memberships_contains_paid_content":false,"footnotes":""},"categories":[4],"tags":[31,391,105,392,192],"class_list":["post-2091","post","type-post","status-publish","format-standard","has-post-thumbnail","hentry","category-tecnologia","tag-alfalfa","tag-aprueban","tag-argentina","tag-desregulacion","tag-harvxtra"],"yoast_head":"<!-- This site is optimized with the Yoast SEO plugin v25.5 - https:\/\/yoast.com\/wordpress\/plugins\/seo\/ -->\n<title>Confirman la llegada de la alfalfa HarvXtra a la Argentina para el 2019<\/title>\n<meta name=\"robots\" content=\"index, follow, max-snippet:-1, max-image-preview:large, max-video-preview:-1\" \/>\n<link rel=\"canonical\" href=\"https:\/\/www.todoalfalfa.com.ar\/noticias\/confirman-la-llegada-de-la-alfalfa-harvxtra-a-la-argentina-para-el-2019\/\" \/>\n<meta property=\"og:locale\" content=\"es_ES\" \/>\n<meta property=\"og:type\" content=\"article\" \/>\n<meta property=\"og:title\" content=\"Confirman la llegada de la alfalfa HarvXtra a la Argentina para el 2019\" \/>\n<meta property=\"og:description\" content=\"Desde el Grupo Bioceres celebraron la autorizaci&oacute;n comercial en Argentina de esta nueva tecnolog&iacute;a presentada por Indear (empresa perteneciente al...\" \/>\n<meta property=\"og:url\" content=\"https:\/\/www.todoalfalfa.com.ar\/noticias\/confirman-la-llegada-de-la-alfalfa-harvxtra-a-la-argentina-para-el-2019\/\" \/>\n<meta property=\"og:site_name\" content=\"Todo Alfalfa\" \/>\n<meta property=\"article:publisher\" content=\"https:\/\/www.facebook.com\/todoalfalfa\" \/>\n<meta property=\"article:published_time\" content=\"2018-06-14T12:51:43+00:00\" \/>\n<meta property=\"og:image\" content=\"https:\/\/www.todoalfalfa.com.ar\/noticias\/wp-content\/uploads\/2018\/06\/alfalfa_primer_plano.jpg\" \/>\n\t<meta property=\"og:image:width\" content=\"777\" \/>\n\t<meta property=\"og:image:height\" content=\"487\" \/>\n\t<meta property=\"og:image:type\" content=\"image\/jpeg\" \/>\n<meta name=\"author\" content=\"Todo Alfalfa\" \/>\n<meta name=\"twitter:card\" content=\"summary_large_image\" \/>\n<meta name=\"twitter:label1\" content=\"Escrito por\" \/>\n\t<meta name=\"twitter:data1\" content=\"Todo Alfalfa\" \/>\n\t<meta name=\"twitter:label2\" content=\"Tiempo de lectura\" \/>\n\t<meta name=\"twitter:data2\" content=\"1 minuto\" \/>\n<script type=\"application\/ld+json\" class=\"yoast-schema-graph\">{\"@context\":\"https:\/\/schema.org\",\"@graph\":[{\"@type\":\"NewsArticle\",\"@id\":\"https:\/\/www.todoalfalfa.com.ar\/noticias\/confirman-la-llegada-de-la-alfalfa-harvxtra-a-la-argentina-para-el-2019\/#article\",\"isPartOf\":{\"@id\":\"https:\/\/www.todoalfalfa.com.ar\/noticias\/confirman-la-llegada-de-la-alfalfa-harvxtra-a-la-argentina-para-el-2019\/\"},\"author\":{\"name\":\"Todo Alfalfa\",\"@id\":\"https:\/\/www.todoalfalfa.com.ar\/noticias\/#\/schema\/person\/4ee4bca9b9fa50c4f0fbaf7017fbf2ad\"},\"headline\":\"Confirman la llegada de la alfalfa HarvXtra a la Argentina para el 2019\",\"datePublished\":\"2018-06-14T12:51:43+00:00\",\"mainEntityOfPage\":{\"@id\":\"https:\/\/www.todoalfalfa.com.ar\/noticias\/confirman-la-llegada-de-la-alfalfa-harvxtra-a-la-argentina-para-el-2019\/\"},\"wordCount\":309,\"publisher\":{\"@id\":\"https:\/\/www.todoalfalfa.com.ar\/noticias\/#organization\"},\"image\":{\"@id\":\"https:\/\/www.todoalfalfa.com.ar\/noticias\/confirman-la-llegada-de-la-alfalfa-harvxtra-a-la-argentina-para-el-2019\/#primaryimage\"},\"thumbnailUrl\":\"https:\/\/i0.wp.com\/www.todoalfalfa.com.ar\/noticias\/wp-content\/uploads\/2018\/06\/alfalfa_primer_plano.jpg?fit=777%2C487&ssl=1\",\"keywords\":[\"alfalfa\",\"Aprueban\",\"Argentina\",\"desregulaci\u00f3n\",\"HarvXtra\"],\"articleSection\":[\"Tecnolog\u00eda\"],\"inLanguage\":\"es\"},{\"@type\":[\"WebPage\",\"ItemPage\"],\"@id\":\"https:\/\/www.todoalfalfa.com.ar\/noticias\/confirman-la-llegada-de-la-alfalfa-harvxtra-a-la-argentina-para-el-2019\/\",\"url\":\"https:\/\/www.todoalfalfa.com.ar\/noticias\/confirman-la-llegada-de-la-alfalfa-harvxtra-a-la-argentina-para-el-2019\/\",\"name\":\"Confirman la llegada de la alfalfa HarvXtra a la Argentina para el 2019\",\"isPartOf\":{\"@id\":\"https:\/\/www.todoalfalfa.com.ar\/noticias\/#website\"},\"primaryImageOfPage\":{\"@id\":\"https:\/\/www.todoalfalfa.com.ar\/noticias\/confirman-la-llegada-de-la-alfalfa-harvxtra-a-la-argentina-para-el-2019\/#primaryimage\"},\"image\":{\"@id\":\"https:\/\/www.todoalfalfa.com.ar\/noticias\/confirman-la-llegada-de-la-alfalfa-harvxtra-a-la-argentina-para-el-2019\/#primaryimage\"},\"thumbnailUrl\":\"https:\/\/i0.wp.com\/www.todoalfalfa.com.ar\/noticias\/wp-content\/uploads\/2018\/06\/alfalfa_primer_plano.jpg?fit=777%2C487&ssl=1\",\"datePublished\":\"2018-06-14T12:51:43+00:00\",\"breadcrumb\":{\"@id\":\"https:\/\/www.todoalfalfa.com.ar\/noticias\/confirman-la-llegada-de-la-alfalfa-harvxtra-a-la-argentina-para-el-2019\/#breadcrumb\"},\"inLanguage\":\"es\",\"potentialAction\":[{\"@type\":\"ReadAction\",\"target\":[\"https:\/\/www.todoalfalfa.com.ar\/noticias\/confirman-la-llegada-de-la-alfalfa-harvxtra-a-la-argentina-para-el-2019\/\"]}]},{\"@type\":\"ImageObject\",\"inLanguage\":\"es\",\"@id\":\"https:\/\/www.todoalfalfa.com.ar\/noticias\/confirman-la-llegada-de-la-alfalfa-harvxtra-a-la-argentina-para-el-2019\/#primaryimage\",\"url\":\"https:\/\/i0.wp.com\/www.todoalfalfa.com.ar\/noticias\/wp-content\/uploads\/2018\/06\/alfalfa_primer_plano.jpg?fit=777%2C487&ssl=1\",\"contentUrl\":\"https:\/\/i0.wp.com\/www.todoalfalfa.com.ar\/noticias\/wp-content\/uploads\/2018\/06\/alfalfa_primer_plano.jpg?fit=777%2C487&ssl=1\",\"width\":777,\"height\":487},{\"@type\":\"BreadcrumbList\",\"@id\":\"https:\/\/www.todoalfalfa.com.ar\/noticias\/confirman-la-llegada-de-la-alfalfa-harvxtra-a-la-argentina-para-el-2019\/#breadcrumb\",\"itemListElement\":[{\"@type\":\"ListItem\",\"position\":1,\"name\":\"Principal\",\"item\":\"https:\/\/www.todoalfalfa.com.ar\/noticias\/\"},{\"@type\":\"ListItem\",\"position\":2,\"name\":\"Confirman la llegada de la alfalfa HarvXtra a la Argentina para el 2019\"}]},{\"@type\":\"WebSite\",\"@id\":\"https:\/\/www.todoalfalfa.com.ar\/noticias\/#website\",\"url\":\"https:\/\/www.todoalfalfa.com.ar\/noticias\/\",\"name\":\"Todo Alfalfa\",\"description\":\"Web informativa de la cadena de la alfalfa argentina\",\"publisher\":{\"@id\":\"https:\/\/www.todoalfalfa.com.ar\/noticias\/#organization\"},\"potentialAction\":[{\"@type\":\"SearchAction\",\"target\":{\"@type\":\"EntryPoint\",\"urlTemplate\":\"https:\/\/www.todoalfalfa.com.ar\/noticias\/?s={search_term_string}\"},\"query-input\":{\"@type\":\"PropertyValueSpecification\",\"valueRequired\":true,\"valueName\":\"search_term_string\"}}],\"inLanguage\":\"es\"},{\"@type\":\"Organization\",\"@id\":\"https:\/\/www.todoalfalfa.com.ar\/noticias\/#organization\",\"name\":\"Todo Alfalfa\",\"url\":\"https:\/\/www.todoalfalfa.com.ar\/noticias\/\",\"logo\":{\"@type\":\"ImageObject\",\"inLanguage\":\"es\",\"@id\":\"https:\/\/www.todoalfalfa.com.ar\/noticias\/#\/schema\/logo\/image\/\",\"url\":\"https:\/\/www.todoalfalfa.com.ar\/noticias\/wp-content\/uploads\/2020\/09\/logo-todo-alfalfa-modificado.png\",\"contentUrl\":\"https:\/\/www.todoalfalfa.com.ar\/noticias\/wp-content\/uploads\/2020\/09\/logo-todo-alfalfa-modificado.png\",\"width\":350,\"height\":100,\"caption\":\"Todo Alfalfa\"},\"image\":{\"@id\":\"https:\/\/www.todoalfalfa.com.ar\/noticias\/#\/schema\/logo\/image\/\"},\"sameAs\":[\"https:\/\/www.facebook.com\/todoalfalfa\",\"https:\/\/www.instagram.com\/todoalfalfa\",\"https:\/\/www.youtube.com\/@TodoAlfalfa\",\"https:\/\/www.linkedin.com\/company\/todoalfalfa\/\"]},{\"@type\":\"Person\",\"@id\":\"https:\/\/www.todoalfalfa.com.ar\/noticias\/#\/schema\/person\/4ee4bca9b9fa50c4f0fbaf7017fbf2ad\",\"name\":\"Todo Alfalfa\",\"image\":{\"@type\":\"ImageObject\",\"inLanguage\":\"es\",\"@id\":\"https:\/\/www.todoalfalfa.com.ar\/noticias\/#\/schema\/person\/image\/\",\"url\":\"https:\/\/secure.gravatar.com\/avatar\/4d26a600a1380823a26c3f9cb74ada1a8ee4b482c0c3a616ab022b865c46be8f?s=96&d=mm&r=g\",\"contentUrl\":\"https:\/\/secure.gravatar.com\/avatar\/4d26a600a1380823a26c3f9cb74ada1a8ee4b482c0c3a616ab022b865c46be8f?s=96&d=mm&r=g\",\"caption\":\"Todo Alfalfa\"},\"sameAs\":[\"http:\/\/www.todoalfalfa.com.ar\"],\"url\":\"https:\/\/www.todoalfalfa.com.ar\/noticias\/author\/todoalfalfa\/\"}]}<\/script>\n<!-- \/ Yoast SEO plugin. -->","yoast_head_json":{"title":"Confirman la llegada de la alfalfa HarvXtra a la Argentina para el 2019","robots":{"index":"index","follow":"follow","max-snippet":"max-snippet:-1","max-image-preview":"max-image-preview:large","max-video-preview":"max-video-preview:-1"},"canonical":"https:\/\/www.todoalfalfa.com.ar\/noticias\/confirman-la-llegada-de-la-alfalfa-harvxtra-a-la-argentina-para-el-2019\/","og_locale":"es_ES","og_type":"article","og_title":"Confirman la llegada de la alfalfa HarvXtra a la Argentina para el 2019","og_description":"Desde el Grupo Bioceres celebraron la autorizaci&oacute;n comercial en Argentina de esta nueva tecnolog&iacute;a presentada por Indear (empresa perteneciente al...","og_url":"https:\/\/www.todoalfalfa.com.ar\/noticias\/confirman-la-llegada-de-la-alfalfa-harvxtra-a-la-argentina-para-el-2019\/","og_site_name":"Todo Alfalfa","article_publisher":"https:\/\/www.facebook.com\/todoalfalfa","article_published_time":"2018-06-14T12:51:43+00:00","og_image":[{"width":777,"height":487,"url":"https:\/\/www.todoalfalfa.com.ar\/noticias\/wp-content\/uploads\/2018\/06\/alfalfa_primer_plano.jpg","type":"image\/jpeg"}],"author":"Todo Alfalfa","twitter_card":"summary_large_image","twitter_misc":{"Escrito por":"Todo Alfalfa","Tiempo de lectura":"1 minuto"},"schema":{"@context":"https:\/\/schema.org","@graph":[{"@type":"NewsArticle","@id":"https:\/\/www.todoalfalfa.com.ar\/noticias\/confirman-la-llegada-de-la-alfalfa-harvxtra-a-la-argentina-para-el-2019\/#article","isPartOf":{"@id":"https:\/\/www.todoalfalfa.com.ar\/noticias\/confirman-la-llegada-de-la-alfalfa-harvxtra-a-la-argentina-para-el-2019\/"},"author":{"name":"Todo Alfalfa","@id":"https:\/\/www.todoalfalfa.com.ar\/noticias\/#\/schema\/person\/4ee4bca9b9fa50c4f0fbaf7017fbf2ad"},"headline":"Confirman la llegada de la alfalfa HarvXtra a la Argentina para el 2019","datePublished":"2018-06-14T12:51:43+00:00","mainEntityOfPage":{"@id":"https:\/\/www.todoalfalfa.com.ar\/noticias\/confirman-la-llegada-de-la-alfalfa-harvxtra-a-la-argentina-para-el-2019\/"},"wordCount":309,"publisher":{"@id":"https:\/\/www.todoalfalfa.com.ar\/noticias\/#organization"},"image":{"@id":"https:\/\/www.todoalfalfa.com.ar\/noticias\/confirman-la-llegada-de-la-alfalfa-harvxtra-a-la-argentina-para-el-2019\/#primaryimage"},"thumbnailUrl":"https:\/\/i0.wp.com\/www.todoalfalfa.com.ar\/noticias\/wp-content\/uploads\/2018\/06\/alfalfa_primer_plano.jpg?fit=777%2C487&ssl=1","keywords":["alfalfa","Aprueban","Argentina","desregulaci\u00f3n","HarvXtra"],"articleSection":["Tecnolog\u00eda"],"inLanguage":"es"},{"@type":["WebPage","ItemPage"],"@id":"https:\/\/www.todoalfalfa.com.ar\/noticias\/confirman-la-llegada-de-la-alfalfa-harvxtra-a-la-argentina-para-el-2019\/","url":"https:\/\/www.todoalfalfa.com.ar\/noticias\/confirman-la-llegada-de-la-alfalfa-harvxtra-a-la-argentina-para-el-2019\/","name":"Confirman la llegada de la alfalfa HarvXtra a la Argentina para el 2019","isPartOf":{"@id":"https:\/\/www.todoalfalfa.com.ar\/noticias\/#website"},"primaryImageOfPage":{"@id":"https:\/\/www.todoalfalfa.com.ar\/noticias\/confirman-la-llegada-de-la-alfalfa-harvxtra-a-la-argentina-para-el-2019\/#primaryimage"},"image":{"@id":"https:\/\/www.todoalfalfa.com.ar\/noticias\/confirman-la-llegada-de-la-alfalfa-harvxtra-a-la-argentina-para-el-2019\/#primaryimage"},"thumbnailUrl":"https:\/\/i0.wp.com\/www.todoalfalfa.com.ar\/noticias\/wp-content\/uploads\/2018\/06\/alfalfa_primer_plano.jpg?fit=777%2C487&ssl=1","datePublished":"2018-06-14T12:51:43+00:00","breadcrumb":{"@id":"https:\/\/www.todoalfalfa.com.ar\/noticias\/confirman-la-llegada-de-la-alfalfa-harvxtra-a-la-argentina-para-el-2019\/#breadcrumb"},"inLanguage":"es","potentialAction":[{"@type":"ReadAction","target":["https:\/\/www.todoalfalfa.com.ar\/noticias\/confirman-la-llegada-de-la-alfalfa-harvxtra-a-la-argentina-para-el-2019\/"]}]},{"@type":"ImageObject","inLanguage":"es","@id":"https:\/\/www.todoalfalfa.com.ar\/noticias\/confirman-la-llegada-de-la-alfalfa-harvxtra-a-la-argentina-para-el-2019\/#primaryimage","url":"https:\/\/i0.wp.com\/www.todoalfalfa.com.ar\/noticias\/wp-content\/uploads\/2018\/06\/alfalfa_primer_plano.jpg?fit=777%2C487&ssl=1","contentUrl":"https:\/\/i0.wp.com\/www.todoalfalfa.com.ar\/noticias\/wp-content\/uploads\/2018\/06\/alfalfa_primer_plano.jpg?fit=777%2C487&ssl=1","width":777,"height":487},{"@type":"BreadcrumbList","@id":"https:\/\/www.todoalfalfa.com.ar\/noticias\/confirman-la-llegada-de-la-alfalfa-harvxtra-a-la-argentina-para-el-2019\/#breadcrumb","itemListElement":[{"@type":"ListItem","position":1,"name":"Principal","item":"https:\/\/www.todoalfalfa.com.ar\/noticias\/"},{"@type":"ListItem","position":2,"name":"Confirman la llegada de la alfalfa HarvXtra a la Argentina para el 2019"}]},{"@type":"WebSite","@id":"https:\/\/www.todoalfalfa.com.ar\/noticias\/#website","url":"https:\/\/www.todoalfalfa.com.ar\/noticias\/","name":"Todo Alfalfa","description":"Web informativa de la cadena de la alfalfa argentina","publisher":{"@id":"https:\/\/www.todoalfalfa.com.ar\/noticias\/#organization"},"potentialAction":[{"@type":"SearchAction","target":{"@type":"EntryPoint","urlTemplate":"https:\/\/www.todoalfalfa.com.ar\/noticias\/?s={search_term_string}"},"query-input":{"@type":"PropertyValueSpecification","valueRequired":true,"valueName":"search_term_string"}}],"inLanguage":"es"},{"@type":"Organization","@id":"https:\/\/www.todoalfalfa.com.ar\/noticias\/#organization","name":"Todo Alfalfa","url":"https:\/\/www.todoalfalfa.com.ar\/noticias\/","logo":{"@type":"ImageObject","inLanguage":"es","@id":"https:\/\/www.todoalfalfa.com.ar\/noticias\/#\/schema\/logo\/image\/","url":"https:\/\/www.todoalfalfa.com.ar\/noticias\/wp-content\/uploads\/2020\/09\/logo-todo-alfalfa-modificado.png","contentUrl":"https:\/\/www.todoalfalfa.com.ar\/noticias\/wp-content\/uploads\/2020\/09\/logo-todo-alfalfa-modificado.png","width":350,"height":100,"caption":"Todo Alfalfa"},"image":{"@id":"https:\/\/www.todoalfalfa.com.ar\/noticias\/#\/schema\/logo\/image\/"},"sameAs":["https:\/\/www.facebook.com\/todoalfalfa","https:\/\/www.instagram.com\/todoalfalfa","https:\/\/www.youtube.com\/@TodoAlfalfa","https:\/\/www.linkedin.com\/company\/todoalfalfa\/"]},{"@type":"Person","@id":"https:\/\/www.todoalfalfa.com.ar\/noticias\/#\/schema\/person\/4ee4bca9b9fa50c4f0fbaf7017fbf2ad","name":"Todo Alfalfa","image":{"@type":"ImageObject","inLanguage":"es","@id":"https:\/\/www.todoalfalfa.com.ar\/noticias\/#\/schema\/person\/image\/","url":"https:\/\/secure.gravatar.com\/avatar\/4d26a600a1380823a26c3f9cb74ada1a8ee4b482c0c3a616ab022b865c46be8f?s=96&d=mm&r=g","contentUrl":"https:\/\/secure.gravatar.com\/avatar\/4d26a600a1380823a26c3f9cb74ada1a8ee4b482c0c3a616ab022b865c46be8f?s=96&d=mm&r=g","caption":"Todo Alfalfa"},"sameAs":["http:\/\/www.todoalfalfa.com.ar"],"url":"https:\/\/www.todoalfalfa.com.ar\/noticias\/author\/todoalfalfa\/"}]}},"jetpack_featured_media_url":"https:\/\/i0.wp.com\/www.todoalfalfa.com.ar\/noticias\/wp-content\/uploads\/2018\/06\/alfalfa_primer_plano.jpg?fit=777%2C487&ssl=1","wps_subtitle":"As\u00ed lo manifest\u00f3 el Grupo Bioceres de Argentina y la compa\u00f1\u00eda propietaria de la tecnolog\u00eda, Forage Genetics International. La desregulaci\u00f3n de esta nueva alfalfa fue aprobada d\u00edas atr\u00e1s por el Ministerio de Agroindustria.","jetpack_sharing_enabled":true,"_links":{"self":[{"href":"https:\/\/www.todoalfalfa.com.ar\/noticias\/wp-json\/wp\/v2\/posts\/2091","targetHints":{"allow":["GET"]}}],"collection":[{"href":"https:\/\/www.todoalfalfa.com.ar\/noticias\/wp-json\/wp\/v2\/posts"}],"about":[{"href":"https:\/\/www.todoalfalfa.com.ar\/noticias\/wp-json\/wp\/v2\/types\/post"}],"author":[{"embeddable":true,"href":"https:\/\/www.todoalfalfa.com.ar\/noticias\/wp-json\/wp\/v2\/users\/3"}],"replies":[{"embeddable":true,"href":"https:\/\/www.todoalfalfa.com.ar\/noticias\/wp-json\/wp\/v2\/comments?post=2091"}],"version-history":[{"count":0,"href":"https:\/\/www.todoalfalfa.com.ar\/noticias\/wp-json\/wp\/v2\/posts\/2091\/revisions"}],"wp:featuredmedia":[{"embeddable":true,"href":"https:\/\/www.todoalfalfa.com.ar\/noticias\/wp-json\/wp\/v2\/media\/2092"}],"wp:attachment":[{"href":"https:\/\/www.todoalfalfa.com.ar\/noticias\/wp-json\/wp\/v2\/media?parent=2091"}],"wp:term":[{"taxonomy":"category","embeddable":true,"href":"https:\/\/www.todoalfalfa.com.ar\/noticias\/wp-json\/wp\/v2\/categories?post=2091"},{"taxonomy":"post_tag","embeddable":true,"href":"https:\/\/www.todoalfalfa.com.ar\/noticias\/wp-json\/wp\/v2\/tags?post=2091"}],"curies":[{"name":"wp","href":"https:\/\/api.w.org\/{rel}","templated":true}]}}