{"id":2104,"date":"2018-06-25T15:40:04","date_gmt":"2018-06-25T18:40:04","guid":{"rendered":"https:\/\/todoalfalfa.com.ar\/?p=2104"},"modified":"2018-06-25T15:40:41","modified_gmt":"2018-06-25T18:40:41","slug":"situacion-de-la-produccion-de-la-alfalfa-en-las-zonas-de-riego-de-santiago-del-estero","status":"publish","type":"post","link":"https:\/\/www.todoalfalfa.com.ar\/noticias\/situacion-de-la-produccion-de-la-alfalfa-en-las-zonas-de-riego-de-santiago-del-estero\/","title":{"rendered":"Situaci\u00f3n de la producci\u00f3n de la alfalfa en las zonas de riego de Santiago del Estero"},"content":{"rendered":"<p>La incubaci\u00f3n y hoy concreci\u00f3n del Cl\u00faster Semillero de Alfalfa de Santiago del Estero, en el marco del Convenio de Asistencia T\u00e9cnica entre la Unidad para el Cambio Rural (UCAR), ha puesto de manifiesto la necesidad de contar con una serie de estudios instrumentales que fundamenten la toma de decisiones en pol\u00edticas p\u00fablicas y tecnol\u00f3gicas habidas cuentas de las numerosas reuniones intersectoriales en las cuales se consensuaron tanto el diagn\u00f3stico como la prospectiva del sector. En este sentido, el presente trabajo forma parte de las actividades programadas dentro del Plan de Mejora Competitiva (PMC) del Cl\u00faster semillero de Santiago del Estero.<\/p>\n<p><strong><em>Acceda al informe completo <\/em><\/strong><a href=\"https:\/\/todoalfalfa.com.ar\/wp-content\/uploads\/2018\/06\/alfalfa_riego_santiago.pdf\"><strong><em>ingresando aqui<\/em><\/strong><\/a><\/p>\n<div class=\"todoalfalfa-final-de-la-nota\" id=\"todoalfalfa-786144710\"><a href=\"https:\/\/www.whatsapp.com\/channel\/0029VbCBmFB9WtBxJsD3eC2i\" target=\"_blank\" aria-label=\"5\"><img src=\"https:\/\/i0.wp.com\/www.todoalfalfa.com.ar\/noticias\/wp-content\/uploads\/2026\/04\/5.gif?fit=728%2C90&#038;ssl=1\" alt=\"\"  width=\"728\" height=\"90\"   \/><\/a><\/div>","protected":false},"excerpt":{"rendered":"<p>La incubaci&oacute;n y hoy concreci&oacute;n del Cl&uacute;ster Semillero de Alfalfa de Santiago del Estero, en el marco del Convenio de&#8230;<\/p>\n","protected":false},"author":3,"featured_media":1384,"comment_status":"closed","ping_status":"open","sticky":false,"template":"","format":"standard","meta":{"jetpack_post_was_ever_published":false,"_jetpack_newsletter_access":"","_jetpack_dont_email_post_to_subs":false,"_jetpack_newsletter_tier_id":0,"_jetpack_memberships_contains_paywalled_content":false,"_jetpack_memberships_contains_paid_content":false,"footnotes":""},"categories":[2],"tags":[31,214,215,36,21,121,122,140],"class_list":["post-2104","post","type-post","status-publish","format-standard","has-post-thumbnail","hentry","category-generales","tag-alfalfa","tag-del","tag-estero","tag-inta","tag-produccion","tag-riego","tag-santiago","tag-situacion"],"yoast_head":"<!-- This site is optimized with the Yoast SEO plugin v25.5 - https:\/\/yoast.com\/wordpress\/plugins\/seo\/ -->\n<title>Situaci\u00f3n de la producci\u00f3n de la alfalfa en las zonas de riego de Santiago del Estero<\/title>\n<meta name=\"robots\" content=\"index, follow, max-snippet:-1, max-image-preview:large, max-video-preview:-1\" \/>\n<link rel=\"canonical\" href=\"https:\/\/www.todoalfalfa.com.ar\/noticias\/situacion-de-la-produccion-de-la-alfalfa-en-las-zonas-de-riego-de-santiago-del-estero\/\" \/>\n<meta property=\"og:locale\" content=\"es_ES\" \/>\n<meta property=\"og:type\" content=\"article\" \/>\n<meta property=\"og:title\" content=\"Situaci\u00f3n de la producci\u00f3n de la alfalfa en las zonas de riego de Santiago del Estero\" \/>\n<meta property=\"og:description\" content=\"La incubaci&oacute;n y hoy concreci&oacute;n del Cl&uacute;ster Semillero de Alfalfa de Santiago del Estero, en el marco del Convenio de...\" \/>\n<meta property=\"og:url\" content=\"https:\/\/www.todoalfalfa.com.ar\/noticias\/situacion-de-la-produccion-de-la-alfalfa-en-las-zonas-de-riego-de-santiago-del-estero\/\" \/>\n<meta property=\"og:site_name\" content=\"Todo Alfalfa\" \/>\n<meta property=\"article:publisher\" content=\"https:\/\/www.facebook.com\/todoalfalfa\" \/>\n<meta property=\"article:published_time\" content=\"2018-06-25T18:40:04+00:00\" \/>\n<meta property=\"article:modified_time\" content=\"2018-06-25T18:40:41+00:00\" \/>\n<meta property=\"og:image\" content=\"https:\/\/www.todoalfalfa.com.ar\/noticias\/wp-content\/uploads\/2017\/11\/alfalfa11.jpg\" \/>\n\t<meta property=\"og:image:width\" content=\"777\" \/>\n\t<meta property=\"og:image:height\" content=\"437\" \/>\n\t<meta property=\"og:image:type\" content=\"image\/jpeg\" \/>\n<meta name=\"author\" content=\"Todo Alfalfa\" \/>\n<meta name=\"twitter:card\" content=\"summary_large_image\" \/>\n<meta name=\"twitter:label1\" content=\"Escrito por\" \/>\n\t<meta name=\"twitter:data1\" content=\"Todo Alfalfa\" \/>\n\t<meta name=\"twitter:label2\" content=\"Tiempo de lectura\" \/>\n\t<meta name=\"twitter:data2\" content=\"1 minuto\" \/>\n<script type=\"application\/ld+json\" class=\"yoast-schema-graph\">{\"@context\":\"https:\/\/schema.org\",\"@graph\":[{\"@type\":\"NewsArticle\",\"@id\":\"https:\/\/www.todoalfalfa.com.ar\/noticias\/situacion-de-la-produccion-de-la-alfalfa-en-las-zonas-de-riego-de-santiago-del-estero\/#article\",\"isPartOf\":{\"@id\":\"https:\/\/www.todoalfalfa.com.ar\/noticias\/situacion-de-la-produccion-de-la-alfalfa-en-las-zonas-de-riego-de-santiago-del-estero\/\"},\"author\":{\"name\":\"Todo Alfalfa\",\"@id\":\"https:\/\/www.todoalfalfa.com.ar\/noticias\/#\/schema\/person\/4ee4bca9b9fa50c4f0fbaf7017fbf2ad\"},\"headline\":\"Situaci\u00f3n de la producci\u00f3n de la alfalfa en las zonas de riego de Santiago del Estero\",\"datePublished\":\"2018-06-25T18:40:04+00:00\",\"dateModified\":\"2018-06-25T18:40:41+00:00\",\"mainEntityOfPage\":{\"@id\":\"https:\/\/www.todoalfalfa.com.ar\/noticias\/situacion-de-la-produccion-de-la-alfalfa-en-las-zonas-de-riego-de-santiago-del-estero\/\"},\"wordCount\":134,\"publisher\":{\"@id\":\"https:\/\/www.todoalfalfa.com.ar\/noticias\/#organization\"},\"image\":{\"@id\":\"https:\/\/www.todoalfalfa.com.ar\/noticias\/situacion-de-la-produccion-de-la-alfalfa-en-las-zonas-de-riego-de-santiago-del-estero\/#primaryimage\"},\"thumbnailUrl\":\"https:\/\/i0.wp.com\/www.todoalfalfa.com.ar\/noticias\/wp-content\/uploads\/2017\/11\/alfalfa11.jpg?fit=777%2C437&ssl=1\",\"keywords\":[\"alfalfa\",\"del\",\"Estero\",\"inta\",\"producci\u00f3n\",\"riego\",\"Santiago\",\"situaci\u00f3n\"],\"articleSection\":[\"Generales\"],\"inLanguage\":\"es\"},{\"@type\":[\"WebPage\",\"ItemPage\"],\"@id\":\"https:\/\/www.todoalfalfa.com.ar\/noticias\/situacion-de-la-produccion-de-la-alfalfa-en-las-zonas-de-riego-de-santiago-del-estero\/\",\"url\":\"https:\/\/www.todoalfalfa.com.ar\/noticias\/situacion-de-la-produccion-de-la-alfalfa-en-las-zonas-de-riego-de-santiago-del-estero\/\",\"name\":\"Situaci\u00f3n de la producci\u00f3n de la alfalfa en las zonas de riego de Santiago del Estero\",\"isPartOf\":{\"@id\":\"https:\/\/www.todoalfalfa.com.ar\/noticias\/#website\"},\"primaryImageOfPage\":{\"@id\":\"https:\/\/www.todoalfalfa.com.ar\/noticias\/situacion-de-la-produccion-de-la-alfalfa-en-las-zonas-de-riego-de-santiago-del-estero\/#primaryimage\"},\"image\":{\"@id\":\"https:\/\/www.todoalfalfa.com.ar\/noticias\/situacion-de-la-produccion-de-la-alfalfa-en-las-zonas-de-riego-de-santiago-del-estero\/#primaryimage\"},\"thumbnailUrl\":\"https:\/\/i0.wp.com\/www.todoalfalfa.com.ar\/noticias\/wp-content\/uploads\/2017\/11\/alfalfa11.jpg?fit=777%2C437&ssl=1\",\"datePublished\":\"2018-06-25T18:40:04+00:00\",\"dateModified\":\"2018-06-25T18:40:41+00:00\",\"breadcrumb\":{\"@id\":\"https:\/\/www.todoalfalfa.com.ar\/noticias\/situacion-de-la-produccion-de-la-alfalfa-en-las-zonas-de-riego-de-santiago-del-estero\/#breadcrumb\"},\"inLanguage\":\"es\",\"potentialAction\":[{\"@type\":\"ReadAction\",\"target\":[\"https:\/\/www.todoalfalfa.com.ar\/noticias\/situacion-de-la-produccion-de-la-alfalfa-en-las-zonas-de-riego-de-santiago-del-estero\/\"]}]},{\"@type\":\"ImageObject\",\"inLanguage\":\"es\",\"@id\":\"https:\/\/www.todoalfalfa.com.ar\/noticias\/situacion-de-la-produccion-de-la-alfalfa-en-las-zonas-de-riego-de-santiago-del-estero\/#primaryimage\",\"url\":\"https:\/\/i0.wp.com\/www.todoalfalfa.com.ar\/noticias\/wp-content\/uploads\/2017\/11\/alfalfa11.jpg?fit=777%2C437&ssl=1\",\"contentUrl\":\"https:\/\/i0.wp.com\/www.todoalfalfa.com.ar\/noticias\/wp-content\/uploads\/2017\/11\/alfalfa11.jpg?fit=777%2C437&ssl=1\",\"width\":777,\"height\":437},{\"@type\":\"BreadcrumbList\",\"@id\":\"https:\/\/www.todoalfalfa.com.ar\/noticias\/situacion-de-la-produccion-de-la-alfalfa-en-las-zonas-de-riego-de-santiago-del-estero\/#breadcrumb\",\"itemListElement\":[{\"@type\":\"ListItem\",\"position\":1,\"name\":\"Principal\",\"item\":\"https:\/\/www.todoalfalfa.com.ar\/noticias\/\"},{\"@type\":\"ListItem\",\"position\":2,\"name\":\"Situaci\u00f3n de la producci\u00f3n de la alfalfa en las zonas de riego de Santiago del Estero\"}]},{\"@type\":\"WebSite\",\"@id\":\"https:\/\/www.todoalfalfa.com.ar\/noticias\/#website\",\"url\":\"https:\/\/www.todoalfalfa.com.ar\/noticias\/\",\"name\":\"Todo Alfalfa\",\"description\":\"Web informativa de la cadena de la alfalfa argentina\",\"publisher\":{\"@id\":\"https:\/\/www.todoalfalfa.com.ar\/noticias\/#organization\"},\"potentialAction\":[{\"@type\":\"SearchAction\",\"target\":{\"@type\":\"EntryPoint\",\"urlTemplate\":\"https:\/\/www.todoalfalfa.com.ar\/noticias\/?s={search_term_string}\"},\"query-input\":{\"@type\":\"PropertyValueSpecification\",\"valueRequired\":true,\"valueName\":\"search_term_string\"}}],\"inLanguage\":\"es\"},{\"@type\":\"Organization\",\"@id\":\"https:\/\/www.todoalfalfa.com.ar\/noticias\/#organization\",\"name\":\"Todo Alfalfa\",\"url\":\"https:\/\/www.todoalfalfa.com.ar\/noticias\/\",\"logo\":{\"@type\":\"ImageObject\",\"inLanguage\":\"es\",\"@id\":\"https:\/\/www.todoalfalfa.com.ar\/noticias\/#\/schema\/logo\/image\/\",\"url\":\"https:\/\/www.todoalfalfa.com.ar\/noticias\/wp-content\/uploads\/2020\/09\/logo-todo-alfalfa-modificado.png\",\"contentUrl\":\"https:\/\/www.todoalfalfa.com.ar\/noticias\/wp-content\/uploads\/2020\/09\/logo-todo-alfalfa-modificado.png\",\"width\":350,\"height\":100,\"caption\":\"Todo Alfalfa\"},\"image\":{\"@id\":\"https:\/\/www.todoalfalfa.com.ar\/noticias\/#\/schema\/logo\/image\/\"},\"sameAs\":[\"https:\/\/www.facebook.com\/todoalfalfa\",\"https:\/\/www.instagram.com\/todoalfalfa\",\"https:\/\/www.youtube.com\/@TodoAlfalfa\",\"https:\/\/www.linkedin.com\/company\/todoalfalfa\/\"]},{\"@type\":\"Person\",\"@id\":\"https:\/\/www.todoalfalfa.com.ar\/noticias\/#\/schema\/person\/4ee4bca9b9fa50c4f0fbaf7017fbf2ad\",\"name\":\"Todo Alfalfa\",\"image\":{\"@type\":\"ImageObject\",\"inLanguage\":\"es\",\"@id\":\"https:\/\/www.todoalfalfa.com.ar\/noticias\/#\/schema\/person\/image\/\",\"url\":\"https:\/\/secure.gravatar.com\/avatar\/4d26a600a1380823a26c3f9cb74ada1a8ee4b482c0c3a616ab022b865c46be8f?s=96&d=mm&r=g\",\"contentUrl\":\"https:\/\/secure.gravatar.com\/avatar\/4d26a600a1380823a26c3f9cb74ada1a8ee4b482c0c3a616ab022b865c46be8f?s=96&d=mm&r=g\",\"caption\":\"Todo Alfalfa\"},\"sameAs\":[\"http:\/\/www.todoalfalfa.com.ar\"],\"url\":\"https:\/\/www.todoalfalfa.com.ar\/noticias\/author\/todoalfalfa\/\"}]}<\/script>\n<!-- \/ Yoast SEO plugin. -->","yoast_head_json":{"title":"Situaci\u00f3n de la producci\u00f3n de la alfalfa en las zonas de riego de Santiago del Estero","robots":{"index":"index","follow":"follow","max-snippet":"max-snippet:-1","max-image-preview":"max-image-preview:large","max-video-preview":"max-video-preview:-1"},"canonical":"https:\/\/www.todoalfalfa.com.ar\/noticias\/situacion-de-la-produccion-de-la-alfalfa-en-las-zonas-de-riego-de-santiago-del-estero\/","og_locale":"es_ES","og_type":"article","og_title":"Situaci\u00f3n de la producci\u00f3n de la alfalfa en las zonas de riego de Santiago del Estero","og_description":"La incubaci&oacute;n y hoy concreci&oacute;n del Cl&uacute;ster Semillero de Alfalfa de Santiago del Estero, en el marco del Convenio de...","og_url":"https:\/\/www.todoalfalfa.com.ar\/noticias\/situacion-de-la-produccion-de-la-alfalfa-en-las-zonas-de-riego-de-santiago-del-estero\/","og_site_name":"Todo Alfalfa","article_publisher":"https:\/\/www.facebook.com\/todoalfalfa","article_published_time":"2018-06-25T18:40:04+00:00","article_modified_time":"2018-06-25T18:40:41+00:00","og_image":[{"width":777,"height":437,"url":"https:\/\/www.todoalfalfa.com.ar\/noticias\/wp-content\/uploads\/2017\/11\/alfalfa11.jpg","type":"image\/jpeg"}],"author":"Todo Alfalfa","twitter_card":"summary_large_image","twitter_misc":{"Escrito por":"Todo Alfalfa","Tiempo de lectura":"1 minuto"},"schema":{"@context":"https:\/\/schema.org","@graph":[{"@type":"NewsArticle","@id":"https:\/\/www.todoalfalfa.com.ar\/noticias\/situacion-de-la-produccion-de-la-alfalfa-en-las-zonas-de-riego-de-santiago-del-estero\/#article","isPartOf":{"@id":"https:\/\/www.todoalfalfa.com.ar\/noticias\/situacion-de-la-produccion-de-la-alfalfa-en-las-zonas-de-riego-de-santiago-del-estero\/"},"author":{"name":"Todo Alfalfa","@id":"https:\/\/www.todoalfalfa.com.ar\/noticias\/#\/schema\/person\/4ee4bca9b9fa50c4f0fbaf7017fbf2ad"},"headline":"Situaci\u00f3n de la producci\u00f3n de la alfalfa en las zonas de riego de Santiago del Estero","datePublished":"2018-06-25T18:40:04+00:00","dateModified":"2018-06-25T18:40:41+00:00","mainEntityOfPage":{"@id":"https:\/\/www.todoalfalfa.com.ar\/noticias\/situacion-de-la-produccion-de-la-alfalfa-en-las-zonas-de-riego-de-santiago-del-estero\/"},"wordCount":134,"publisher":{"@id":"https:\/\/www.todoalfalfa.com.ar\/noticias\/#organization"},"image":{"@id":"https:\/\/www.todoalfalfa.com.ar\/noticias\/situacion-de-la-produccion-de-la-alfalfa-en-las-zonas-de-riego-de-santiago-del-estero\/#primaryimage"},"thumbnailUrl":"https:\/\/i0.wp.com\/www.todoalfalfa.com.ar\/noticias\/wp-content\/uploads\/2017\/11\/alfalfa11.jpg?fit=777%2C437&ssl=1","keywords":["alfalfa","del","Estero","inta","producci\u00f3n","riego","Santiago","situaci\u00f3n"],"articleSection":["Generales"],"inLanguage":"es"},{"@type":["WebPage","ItemPage"],"@id":"https:\/\/www.todoalfalfa.com.ar\/noticias\/situacion-de-la-produccion-de-la-alfalfa-en-las-zonas-de-riego-de-santiago-del-estero\/","url":"https:\/\/www.todoalfalfa.com.ar\/noticias\/situacion-de-la-produccion-de-la-alfalfa-en-las-zonas-de-riego-de-santiago-del-estero\/","name":"Situaci\u00f3n de la producci\u00f3n de la alfalfa en las zonas de riego de Santiago del Estero","isPartOf":{"@id":"https:\/\/www.todoalfalfa.com.ar\/noticias\/#website"},"primaryImageOfPage":{"@id":"https:\/\/www.todoalfalfa.com.ar\/noticias\/situacion-de-la-produccion-de-la-alfalfa-en-las-zonas-de-riego-de-santiago-del-estero\/#primaryimage"},"image":{"@id":"https:\/\/www.todoalfalfa.com.ar\/noticias\/situacion-de-la-produccion-de-la-alfalfa-en-las-zonas-de-riego-de-santiago-del-estero\/#primaryimage"},"thumbnailUrl":"https:\/\/i0.wp.com\/www.todoalfalfa.com.ar\/noticias\/wp-content\/uploads\/2017\/11\/alfalfa11.jpg?fit=777%2C437&ssl=1","datePublished":"2018-06-25T18:40:04+00:00","dateModified":"2018-06-25T18:40:41+00:00","breadcrumb":{"@id":"https:\/\/www.todoalfalfa.com.ar\/noticias\/situacion-de-la-produccion-de-la-alfalfa-en-las-zonas-de-riego-de-santiago-del-estero\/#breadcrumb"},"inLanguage":"es","potentialAction":[{"@type":"ReadAction","target":["https:\/\/www.todoalfalfa.com.ar\/noticias\/situacion-de-la-produccion-de-la-alfalfa-en-las-zonas-de-riego-de-santiago-del-estero\/"]}]},{"@type":"ImageObject","inLanguage":"es","@id":"https:\/\/www.todoalfalfa.com.ar\/noticias\/situacion-de-la-produccion-de-la-alfalfa-en-las-zonas-de-riego-de-santiago-del-estero\/#primaryimage","url":"https:\/\/i0.wp.com\/www.todoalfalfa.com.ar\/noticias\/wp-content\/uploads\/2017\/11\/alfalfa11.jpg?fit=777%2C437&ssl=1","contentUrl":"https:\/\/i0.wp.com\/www.todoalfalfa.com.ar\/noticias\/wp-content\/uploads\/2017\/11\/alfalfa11.jpg?fit=777%2C437&ssl=1","width":777,"height":437},{"@type":"BreadcrumbList","@id":"https:\/\/www.todoalfalfa.com.ar\/noticias\/situacion-de-la-produccion-de-la-alfalfa-en-las-zonas-de-riego-de-santiago-del-estero\/#breadcrumb","itemListElement":[{"@type":"ListItem","position":1,"name":"Principal","item":"https:\/\/www.todoalfalfa.com.ar\/noticias\/"},{"@type":"ListItem","position":2,"name":"Situaci\u00f3n de la producci\u00f3n de la alfalfa en las zonas de riego de Santiago del Estero"}]},{"@type":"WebSite","@id":"https:\/\/www.todoalfalfa.com.ar\/noticias\/#website","url":"https:\/\/www.todoalfalfa.com.ar\/noticias\/","name":"Todo Alfalfa","description":"Web informativa de la cadena de la alfalfa argentina","publisher":{"@id":"https:\/\/www.todoalfalfa.com.ar\/noticias\/#organization"},"potentialAction":[{"@type":"SearchAction","target":{"@type":"EntryPoint","urlTemplate":"https:\/\/www.todoalfalfa.com.ar\/noticias\/?s={search_term_string}"},"query-input":{"@type":"PropertyValueSpecification","valueRequired":true,"valueName":"search_term_string"}}],"inLanguage":"es"},{"@type":"Organization","@id":"https:\/\/www.todoalfalfa.com.ar\/noticias\/#organization","name":"Todo Alfalfa","url":"https:\/\/www.todoalfalfa.com.ar\/noticias\/","logo":{"@type":"ImageObject","inLanguage":"es","@id":"https:\/\/www.todoalfalfa.com.ar\/noticias\/#\/schema\/logo\/image\/","url":"https:\/\/www.todoalfalfa.com.ar\/noticias\/wp-content\/uploads\/2020\/09\/logo-todo-alfalfa-modificado.png","contentUrl":"https:\/\/www.todoalfalfa.com.ar\/noticias\/wp-content\/uploads\/2020\/09\/logo-todo-alfalfa-modificado.png","width":350,"height":100,"caption":"Todo Alfalfa"},"image":{"@id":"https:\/\/www.todoalfalfa.com.ar\/noticias\/#\/schema\/logo\/image\/"},"sameAs":["https:\/\/www.facebook.com\/todoalfalfa","https:\/\/www.instagram.com\/todoalfalfa","https:\/\/www.youtube.com\/@TodoAlfalfa","https:\/\/www.linkedin.com\/company\/todoalfalfa\/"]},{"@type":"Person","@id":"https:\/\/www.todoalfalfa.com.ar\/noticias\/#\/schema\/person\/4ee4bca9b9fa50c4f0fbaf7017fbf2ad","name":"Todo Alfalfa","image":{"@type":"ImageObject","inLanguage":"es","@id":"https:\/\/www.todoalfalfa.com.ar\/noticias\/#\/schema\/person\/image\/","url":"https:\/\/secure.gravatar.com\/avatar\/4d26a600a1380823a26c3f9cb74ada1a8ee4b482c0c3a616ab022b865c46be8f?s=96&d=mm&r=g","contentUrl":"https:\/\/secure.gravatar.com\/avatar\/4d26a600a1380823a26c3f9cb74ada1a8ee4b482c0c3a616ab022b865c46be8f?s=96&d=mm&r=g","caption":"Todo Alfalfa"},"sameAs":["http:\/\/www.todoalfalfa.com.ar"],"url":"https:\/\/www.todoalfalfa.com.ar\/noticias\/author\/todoalfalfa\/"}]}},"jetpack_featured_media_url":"https:\/\/i0.wp.com\/www.todoalfalfa.com.ar\/noticias\/wp-content\/uploads\/2017\/11\/alfalfa11.jpg?fit=777%2C437&ssl=1","wps_subtitle":"Un trabajo del INTA Santiago del Estero analiza la situaci\u00f3n de la producci\u00f3n de alfalfa en el \u00e1mbito de la provincia, en base a sus dos productos m\u00e1s relevantes desde el punto de vista econ\u00f3mico: Semilla apta para la siembra y forraje conservado en sus diversas variantes (fardo com\u00fan, megafardo y rollo).","jetpack_sharing_enabled":true,"_links":{"self":[{"href":"https:\/\/www.todoalfalfa.com.ar\/noticias\/wp-json\/wp\/v2\/posts\/2104","targetHints":{"allow":["GET"]}}],"collection":[{"href":"https:\/\/www.todoalfalfa.com.ar\/noticias\/wp-json\/wp\/v2\/posts"}],"about":[{"href":"https:\/\/www.todoalfalfa.com.ar\/noticias\/wp-json\/wp\/v2\/types\/post"}],"author":[{"embeddable":true,"href":"https:\/\/www.todoalfalfa.com.ar\/noticias\/wp-json\/wp\/v2\/users\/3"}],"replies":[{"embeddable":true,"href":"https:\/\/www.todoalfalfa.com.ar\/noticias\/wp-json\/wp\/v2\/comments?post=2104"}],"version-history":[{"count":0,"href":"https:\/\/www.todoalfalfa.com.ar\/noticias\/wp-json\/wp\/v2\/posts\/2104\/revisions"}],"wp:featuredmedia":[{"embeddable":true,"href":"https:\/\/www.todoalfalfa.com.ar\/noticias\/wp-json\/wp\/v2\/media\/1384"}],"wp:attachment":[{"href":"https:\/\/www.todoalfalfa.com.ar\/noticias\/wp-json\/wp\/v2\/media?parent=2104"}],"wp:term":[{"taxonomy":"category","embeddable":true,"href":"https:\/\/www.todoalfalfa.com.ar\/noticias\/wp-json\/wp\/v2\/categories?post=2104"},{"taxonomy":"post_tag","embeddable":true,"href":"https:\/\/www.todoalfalfa.com.ar\/noticias\/wp-json\/wp\/v2\/tags?post=2104"}],"curies":[{"name":"wp","href":"https:\/\/api.w.org\/{rel}","templated":true}]}}