{"id":2142,"date":"2018-07-11T17:30:15","date_gmt":"2018-07-11T20:30:15","guid":{"rendered":"https:\/\/todoalfalfa.com.ar\/?p=2142"},"modified":"2018-07-11T17:30:15","modified_gmt":"2018-07-11T20:30:15","slug":"intensificacion-y-bienestar-ejes-en-el-recorrido-del-tour-lechero-2018","status":"publish","type":"post","link":"https:\/\/www.todoalfalfa.com.ar\/noticias\/intensificacion-y-bienestar-ejes-en-el-recorrido-del-tour-lechero-2018\/","title":{"rendered":"Intensificaci\u00f3n y bienestar, ejes en el recorrido del Tour Lechero 2018"},"content":{"rendered":"<p>El Tour Lechero Argentina 2018 se desarrollar\u00e1 por la cuenca lechera de Villa Mar\u00eda (C\u00f3rdoba) y en tres fechas disponibles: 1, 15 y 29 de agosto. Se trata de la\u00a0 zona lechera de mayor crecimiento en el pa\u00eds, caracterizada por la eficiencia de sus tambos, de alta adopci\u00f3n de tecnolog\u00edas y con enfoque en el bienestar animal.<\/p>\n<p>Aunque no sucede en todos los ambientes, en esta regi\u00f3n los tambos deben competir con opciones agr\u00edcolas puras, de alta rentabilidad, en tierras de importante aptitud productiva.<\/p>\n<p>El Tour Lechero propone participar de una experiencia \u00fanica, de car\u00e1cter te\u00f3rico-pr\u00e1ctico, recorriendo durante un d\u00eda 4 establecimientos productivos lecheros.<\/p>\n<p>Tres de los tambos a visitar en esta edici\u00f3n tienen en com\u00fan haber puesto en marcha sistemas de confinamiento con camas de compost, para brindar bienestar y confort a las vacas.<\/p>\n<p>En las visitas se profundizar\u00e1, de la mano de los propietarios y t\u00e9cnicos de cada tambo, c\u00f3mo funcionan los sistemas de producci\u00f3n y sus ventajas.<\/p>\n<p>Los establecimientos a visitar ser\u00e1n 4 durante toda la jornada, que comienza en el Campus de la Universidad Nacional de Villa Mar\u00eda, donde habr\u00e1 una charla referida al perfil que van adquiriendo los tambos m\u00e1s competitivos de la Cuenca.<\/p>\n<p>La primera parada del recorrido ser\u00e1 el <strong>Establecimiento El Moncho<\/strong>, un tambo intensivo de 450 vacas en orde\u00f1e ubicado al oeste de Villa Nueva (Cba.). Se ver\u00e1 all\u00ed como se produce forraje de alta calidad y cantidad, merced al uso del riego suplementario y un galp\u00f3n de compost.<\/p>\n<p>El Moncho tiene 300 vacas confinadas en un galp\u00f3n con el sistema de cama caliente (compost), y 150 animal en un dry-lot o corral seco. Adem\u00e1s la empresa cuenta con otro tambo, base pastoril lo que le permite tener certezas y comparaciones adecuadas respecto al perfil de lecher\u00eda sustentable para la regi\u00f3n.<\/p>\n<p>Tras recorrer parte de la Ruta 2, donde se asientan importantes empresas l\u00e1cteas, el contigente se dirigir\u00e1 al <strong>Establecimiento Angela Teresa<\/strong>, ubicado en cercan\u00edas de la localidad de Ana Zumar\u00e1n, en el departamento Uni\u00f3n. Tiene 550 vacas en orde\u00f1e, una guachera comunitaria y han construido un galp\u00f3n de compost en el que tiene alojadas 300 vacas, y mantienen m\u00e1s de 200 en un corral seco.\u00a0 En este tambo las vacas promedian los 35 litros diarios, con tres orde\u00f1es desde el a\u00f1o 2009, y la producci\u00f3n de leche se integra en un esquema mixto que incluye agricultura.<\/p>\n<p>En el galp\u00f3n de compost, sus propietarios han decidido asignarle un mayor espacio por vaca, aunque no incluyeron la pista de cemento de 4 metros, donde la vaca se ubica para comer.<\/p>\n<p>A unos 1.500 metros de ese lugar el contigente visitar\u00e1 el <strong>Establecimiento Don Mario<\/strong> de la familia Garc\u00eda, un tambo de 5.000 litros diarios ubicado en cercan\u00edas de Ana Zumar\u00e1n, que integra per\u00edodos como base pastoril y con encierres en corrales, donde se recorrer\u00e1 una eficiente guachera y un adecuado sistema de recr\u00eda que genera la reposici\u00f3n para todo el establecimiento, que contin\u00faa creciendo de la mano de la tercera generaci\u00f3n en su conducci\u00f3n.<\/p>\n<p>Tras el almuerzo en el Club Juventud Unida de Ana Zumar\u00e1n, una peque\u00f1a comuna de 170 habitantes, conducida por Hern\u00e1n Font, un productor agropecuario y contratista de la zona, el contingente tomar\u00e1 la autopista 9 para dirigirse al <strong>Establecimiento Do\u00f1a Luisa<\/strong>, que est\u00e1 ubicado a unos 10 kil\u00f3metros al este de Oliva, en el centro de la provincia de C\u00f3rdoba.<\/p>\n<p>Este tambo posee una importante infraestructura generada con crecimiento genuino de su alma pater, Mart\u00edn Bono. Se trata de un sistema intensivo de producci\u00f3n de leche que utiliza un establo de cama de tierra, en la que se le asigna unos 15 metros cuadrados por vaca, y posee un galp\u00f3n de partos para eficientizar el sistema reproductivo. Al sistema de confinamiento se le ha a\u00f1adido un patio para que las vacas puedan recrearse. Se orde\u00f1an alrededor de 300 vacas\/d\u00eda, logr\u00e1ndose altas producciones individuales. Por estos d\u00edas en Do\u00f1a Luisa se est\u00e1 construyendo otra ala del establo principal.<\/p>\n<p>Cabe destacar que la producci\u00f3n se desarrolla en tierras de alta aptitud agr\u00edcola, lo que posibilita excelentes producciones de forraje.<\/p>\n<p>Para mayor informaci\u00f3n e inscripciones los interesados deber\u00e1n contactarse con el Grupo TodoAgro al tel\u00e9fono 0353 &#8211; 4613068, o al email <a href=\"&#109;&#x61;i&#108;&#x74;o&#58;&#x74;o&#117;&#x72;l&#101;&#x63;h&#101;&#x72;o&#64;&#x74;o&#100;&#x6f;a&#103;&#x72;o&#46;&#x63;o&#109;&#x2e;a&#x72;\">t&#111;&#117;&#x72;&#x6c;ec&#104;&#101;&#x72;&#x6f;&#64;t&#111;&#100;&#x6f;&#x61;gr&#111;&#x2e;&#x63;&#x6f;m&#46;&#97;&#x72;<\/a>.<\/p>\n<p>Las acreditaciones tambi\u00e9n se podr\u00e1n efectuar online en <a href=\"https:\/\/goo.gl\/8EpSbQ\">https:\/\/goo.gl\/8EpSbQ<\/a><\/p>\n<div class=\"todoalfalfa-final-de-la-nota\" id=\"todoalfalfa-280225765\"><a href=\"https:\/\/www.whatsapp.com\/channel\/0029VbCBmFB9WtBxJsD3eC2i\" target=\"_blank\" aria-label=\"5\"><img src=\"https:\/\/i0.wp.com\/www.todoalfalfa.com.ar\/noticias\/wp-content\/uploads\/2026\/04\/5.gif?fit=728%2C90&#038;ssl=1\" alt=\"\"  width=\"728\" height=\"90\"   \/><\/a><\/div>","protected":false},"excerpt":{"rendered":"<p>El Tour Lechero Argentina 2018 se desarrollar&aacute; por la cuenca lechera de Villa Mar&iacute;a (C&oacute;rdoba) y en tres fechas disponibles:&#8230;<\/p>\n","protected":false},"author":3,"featured_media":2143,"comment_status":"closed","ping_status":"open","sticky":false,"template":"","format":"standard","meta":{"jetpack_post_was_ever_published":false,"_jetpack_newsletter_access":"","_jetpack_dont_email_post_to_subs":false,"_jetpack_newsletter_tier_id":0,"_jetpack_memberships_contains_paywalled_content":false,"_jetpack_memberships_contains_paid_content":false,"footnotes":""},"categories":[2],"tags":[295,401,402,400,227,399,326],"class_list":["post-2142","post","type-post","status-publish","format-standard","has-post-thumbnail","hentry","category-generales","tag-295","tag-cama","tag-compost","tag-cuenca","tag-de","tag-tourlechero","tag-villa-maria"],"yoast_head":"<!-- This site is optimized with the Yoast SEO plugin v25.5 - https:\/\/yoast.com\/wordpress\/plugins\/seo\/ -->\n<title>Intensificaci\u00f3n y bienestar, ejes en el recorrido del Tour Lechero 2018<\/title>\n<meta name=\"robots\" content=\"index, follow, max-snippet:-1, max-image-preview:large, max-video-preview:-1\" \/>\n<link rel=\"canonical\" href=\"https:\/\/www.todoalfalfa.com.ar\/noticias\/intensificacion-y-bienestar-ejes-en-el-recorrido-del-tour-lechero-2018\/\" \/>\n<meta property=\"og:locale\" content=\"es_ES\" \/>\n<meta property=\"og:type\" content=\"article\" \/>\n<meta property=\"og:title\" content=\"Intensificaci\u00f3n y bienestar, ejes en el recorrido del Tour Lechero 2018\" \/>\n<meta property=\"og:description\" content=\"El Tour Lechero Argentina 2018 se desarrollar&aacute; por la cuenca lechera de Villa Mar&iacute;a (C&oacute;rdoba) y en tres fechas disponibles:...\" \/>\n<meta property=\"og:url\" content=\"https:\/\/www.todoalfalfa.com.ar\/noticias\/intensificacion-y-bienestar-ejes-en-el-recorrido-del-tour-lechero-2018\/\" \/>\n<meta property=\"og:site_name\" content=\"Todo Alfalfa\" \/>\n<meta property=\"article:publisher\" content=\"https:\/\/www.facebook.com\/todoalfalfa\" \/>\n<meta property=\"article:published_time\" content=\"2018-07-11T20:30:15+00:00\" \/>\n<meta property=\"og:image\" content=\"https:\/\/www.todoalfalfa.com.ar\/noticias\/wp-content\/uploads\/2018\/07\/tourlechero2.jpg\" \/>\n\t<meta property=\"og:image:width\" content=\"777\" \/>\n\t<meta property=\"og:image:height\" content=\"437\" \/>\n\t<meta property=\"og:image:type\" content=\"image\/jpeg\" \/>\n<meta name=\"author\" content=\"Todo Alfalfa\" \/>\n<meta name=\"twitter:card\" content=\"summary_large_image\" \/>\n<meta name=\"twitter:label1\" content=\"Escrito por\" \/>\n\t<meta name=\"twitter:data1\" content=\"Todo Alfalfa\" \/>\n\t<meta name=\"twitter:label2\" content=\"Tiempo de lectura\" \/>\n\t<meta name=\"twitter:data2\" content=\"4 minutos\" \/>\n<script type=\"application\/ld+json\" class=\"yoast-schema-graph\">{\"@context\":\"https:\/\/schema.org\",\"@graph\":[{\"@type\":\"NewsArticle\",\"@id\":\"https:\/\/www.todoalfalfa.com.ar\/noticias\/intensificacion-y-bienestar-ejes-en-el-recorrido-del-tour-lechero-2018\/#article\",\"isPartOf\":{\"@id\":\"https:\/\/www.todoalfalfa.com.ar\/noticias\/intensificacion-y-bienestar-ejes-en-el-recorrido-del-tour-lechero-2018\/\"},\"author\":{\"name\":\"Todo Alfalfa\",\"@id\":\"https:\/\/www.todoalfalfa.com.ar\/noticias\/#\/schema\/person\/4ee4bca9b9fa50c4f0fbaf7017fbf2ad\"},\"headline\":\"Intensificaci\u00f3n y bienestar, ejes en el recorrido del Tour Lechero 2018\",\"datePublished\":\"2018-07-11T20:30:15+00:00\",\"mainEntityOfPage\":{\"@id\":\"https:\/\/www.todoalfalfa.com.ar\/noticias\/intensificacion-y-bienestar-ejes-en-el-recorrido-del-tour-lechero-2018\/\"},\"wordCount\":769,\"publisher\":{\"@id\":\"https:\/\/www.todoalfalfa.com.ar\/noticias\/#organization\"},\"image\":{\"@id\":\"https:\/\/www.todoalfalfa.com.ar\/noticias\/intensificacion-y-bienestar-ejes-en-el-recorrido-del-tour-lechero-2018\/#primaryimage\"},\"thumbnailUrl\":\"https:\/\/i0.wp.com\/www.todoalfalfa.com.ar\/noticias\/wp-content\/uploads\/2018\/07\/tourlechero2.jpg?fit=777%2C437&ssl=1\",\"keywords\":[\"2018\",\"cama\",\"compost\",\"cuenca\",\"de\",\"tourlechero\",\"Villa Mar\u00eda\"],\"articleSection\":[\"Generales\"],\"inLanguage\":\"es\"},{\"@type\":[\"WebPage\",\"ItemPage\"],\"@id\":\"https:\/\/www.todoalfalfa.com.ar\/noticias\/intensificacion-y-bienestar-ejes-en-el-recorrido-del-tour-lechero-2018\/\",\"url\":\"https:\/\/www.todoalfalfa.com.ar\/noticias\/intensificacion-y-bienestar-ejes-en-el-recorrido-del-tour-lechero-2018\/\",\"name\":\"Intensificaci\u00f3n y bienestar, ejes en el recorrido del Tour Lechero 2018\",\"isPartOf\":{\"@id\":\"https:\/\/www.todoalfalfa.com.ar\/noticias\/#website\"},\"primaryImageOfPage\":{\"@id\":\"https:\/\/www.todoalfalfa.com.ar\/noticias\/intensificacion-y-bienestar-ejes-en-el-recorrido-del-tour-lechero-2018\/#primaryimage\"},\"image\":{\"@id\":\"https:\/\/www.todoalfalfa.com.ar\/noticias\/intensificacion-y-bienestar-ejes-en-el-recorrido-del-tour-lechero-2018\/#primaryimage\"},\"thumbnailUrl\":\"https:\/\/i0.wp.com\/www.todoalfalfa.com.ar\/noticias\/wp-content\/uploads\/2018\/07\/tourlechero2.jpg?fit=777%2C437&ssl=1\",\"datePublished\":\"2018-07-11T20:30:15+00:00\",\"breadcrumb\":{\"@id\":\"https:\/\/www.todoalfalfa.com.ar\/noticias\/intensificacion-y-bienestar-ejes-en-el-recorrido-del-tour-lechero-2018\/#breadcrumb\"},\"inLanguage\":\"es\",\"potentialAction\":[{\"@type\":\"ReadAction\",\"target\":[\"https:\/\/www.todoalfalfa.com.ar\/noticias\/intensificacion-y-bienestar-ejes-en-el-recorrido-del-tour-lechero-2018\/\"]}]},{\"@type\":\"ImageObject\",\"inLanguage\":\"es\",\"@id\":\"https:\/\/www.todoalfalfa.com.ar\/noticias\/intensificacion-y-bienestar-ejes-en-el-recorrido-del-tour-lechero-2018\/#primaryimage\",\"url\":\"https:\/\/i0.wp.com\/www.todoalfalfa.com.ar\/noticias\/wp-content\/uploads\/2018\/07\/tourlechero2.jpg?fit=777%2C437&ssl=1\",\"contentUrl\":\"https:\/\/i0.wp.com\/www.todoalfalfa.com.ar\/noticias\/wp-content\/uploads\/2018\/07\/tourlechero2.jpg?fit=777%2C437&ssl=1\",\"width\":777,\"height\":437},{\"@type\":\"BreadcrumbList\",\"@id\":\"https:\/\/www.todoalfalfa.com.ar\/noticias\/intensificacion-y-bienestar-ejes-en-el-recorrido-del-tour-lechero-2018\/#breadcrumb\",\"itemListElement\":[{\"@type\":\"ListItem\",\"position\":1,\"name\":\"Principal\",\"item\":\"https:\/\/www.todoalfalfa.com.ar\/noticias\/\"},{\"@type\":\"ListItem\",\"position\":2,\"name\":\"Intensificaci\u00f3n y bienestar, ejes en el recorrido del Tour Lechero 2018\"}]},{\"@type\":\"WebSite\",\"@id\":\"https:\/\/www.todoalfalfa.com.ar\/noticias\/#website\",\"url\":\"https:\/\/www.todoalfalfa.com.ar\/noticias\/\",\"name\":\"Todo Alfalfa\",\"description\":\"Web informativa de la cadena de la alfalfa argentina\",\"publisher\":{\"@id\":\"https:\/\/www.todoalfalfa.com.ar\/noticias\/#organization\"},\"potentialAction\":[{\"@type\":\"SearchAction\",\"target\":{\"@type\":\"EntryPoint\",\"urlTemplate\":\"https:\/\/www.todoalfalfa.com.ar\/noticias\/?s={search_term_string}\"},\"query-input\":{\"@type\":\"PropertyValueSpecification\",\"valueRequired\":true,\"valueName\":\"search_term_string\"}}],\"inLanguage\":\"es\"},{\"@type\":\"Organization\",\"@id\":\"https:\/\/www.todoalfalfa.com.ar\/noticias\/#organization\",\"name\":\"Todo Alfalfa\",\"url\":\"https:\/\/www.todoalfalfa.com.ar\/noticias\/\",\"logo\":{\"@type\":\"ImageObject\",\"inLanguage\":\"es\",\"@id\":\"https:\/\/www.todoalfalfa.com.ar\/noticias\/#\/schema\/logo\/image\/\",\"url\":\"https:\/\/www.todoalfalfa.com.ar\/noticias\/wp-content\/uploads\/2020\/09\/logo-todo-alfalfa-modificado.png\",\"contentUrl\":\"https:\/\/www.todoalfalfa.com.ar\/noticias\/wp-content\/uploads\/2020\/09\/logo-todo-alfalfa-modificado.png\",\"width\":350,\"height\":100,\"caption\":\"Todo Alfalfa\"},\"image\":{\"@id\":\"https:\/\/www.todoalfalfa.com.ar\/noticias\/#\/schema\/logo\/image\/\"},\"sameAs\":[\"https:\/\/www.facebook.com\/todoalfalfa\",\"https:\/\/www.instagram.com\/todoalfalfa\",\"https:\/\/www.youtube.com\/@TodoAlfalfa\",\"https:\/\/www.linkedin.com\/company\/todoalfalfa\/\"]},{\"@type\":\"Person\",\"@id\":\"https:\/\/www.todoalfalfa.com.ar\/noticias\/#\/schema\/person\/4ee4bca9b9fa50c4f0fbaf7017fbf2ad\",\"name\":\"Todo Alfalfa\",\"image\":{\"@type\":\"ImageObject\",\"inLanguage\":\"es\",\"@id\":\"https:\/\/www.todoalfalfa.com.ar\/noticias\/#\/schema\/person\/image\/\",\"url\":\"https:\/\/secure.gravatar.com\/avatar\/4d26a600a1380823a26c3f9cb74ada1a8ee4b482c0c3a616ab022b865c46be8f?s=96&d=mm&r=g\",\"contentUrl\":\"https:\/\/secure.gravatar.com\/avatar\/4d26a600a1380823a26c3f9cb74ada1a8ee4b482c0c3a616ab022b865c46be8f?s=96&d=mm&r=g\",\"caption\":\"Todo Alfalfa\"},\"sameAs\":[\"http:\/\/www.todoalfalfa.com.ar\"],\"url\":\"https:\/\/www.todoalfalfa.com.ar\/noticias\/author\/todoalfalfa\/\"}]}<\/script>\n<!-- \/ Yoast SEO plugin. -->","yoast_head_json":{"title":"Intensificaci\u00f3n y bienestar, ejes en el recorrido del Tour Lechero 2018","robots":{"index":"index","follow":"follow","max-snippet":"max-snippet:-1","max-image-preview":"max-image-preview:large","max-video-preview":"max-video-preview:-1"},"canonical":"https:\/\/www.todoalfalfa.com.ar\/noticias\/intensificacion-y-bienestar-ejes-en-el-recorrido-del-tour-lechero-2018\/","og_locale":"es_ES","og_type":"article","og_title":"Intensificaci\u00f3n y bienestar, ejes en el recorrido del Tour Lechero 2018","og_description":"El Tour Lechero Argentina 2018 se desarrollar&aacute; por la cuenca lechera de Villa Mar&iacute;a (C&oacute;rdoba) y en tres fechas disponibles:...","og_url":"https:\/\/www.todoalfalfa.com.ar\/noticias\/intensificacion-y-bienestar-ejes-en-el-recorrido-del-tour-lechero-2018\/","og_site_name":"Todo Alfalfa","article_publisher":"https:\/\/www.facebook.com\/todoalfalfa","article_published_time":"2018-07-11T20:30:15+00:00","og_image":[{"width":777,"height":437,"url":"https:\/\/www.todoalfalfa.com.ar\/noticias\/wp-content\/uploads\/2018\/07\/tourlechero2.jpg","type":"image\/jpeg"}],"author":"Todo Alfalfa","twitter_card":"summary_large_image","twitter_misc":{"Escrito por":"Todo Alfalfa","Tiempo de lectura":"4 minutos"},"schema":{"@context":"https:\/\/schema.org","@graph":[{"@type":"NewsArticle","@id":"https:\/\/www.todoalfalfa.com.ar\/noticias\/intensificacion-y-bienestar-ejes-en-el-recorrido-del-tour-lechero-2018\/#article","isPartOf":{"@id":"https:\/\/www.todoalfalfa.com.ar\/noticias\/intensificacion-y-bienestar-ejes-en-el-recorrido-del-tour-lechero-2018\/"},"author":{"name":"Todo Alfalfa","@id":"https:\/\/www.todoalfalfa.com.ar\/noticias\/#\/schema\/person\/4ee4bca9b9fa50c4f0fbaf7017fbf2ad"},"headline":"Intensificaci\u00f3n y bienestar, ejes en el recorrido del Tour Lechero 2018","datePublished":"2018-07-11T20:30:15+00:00","mainEntityOfPage":{"@id":"https:\/\/www.todoalfalfa.com.ar\/noticias\/intensificacion-y-bienestar-ejes-en-el-recorrido-del-tour-lechero-2018\/"},"wordCount":769,"publisher":{"@id":"https:\/\/www.todoalfalfa.com.ar\/noticias\/#organization"},"image":{"@id":"https:\/\/www.todoalfalfa.com.ar\/noticias\/intensificacion-y-bienestar-ejes-en-el-recorrido-del-tour-lechero-2018\/#primaryimage"},"thumbnailUrl":"https:\/\/i0.wp.com\/www.todoalfalfa.com.ar\/noticias\/wp-content\/uploads\/2018\/07\/tourlechero2.jpg?fit=777%2C437&ssl=1","keywords":["2018","cama","compost","cuenca","de","tourlechero","Villa Mar\u00eda"],"articleSection":["Generales"],"inLanguage":"es"},{"@type":["WebPage","ItemPage"],"@id":"https:\/\/www.todoalfalfa.com.ar\/noticias\/intensificacion-y-bienestar-ejes-en-el-recorrido-del-tour-lechero-2018\/","url":"https:\/\/www.todoalfalfa.com.ar\/noticias\/intensificacion-y-bienestar-ejes-en-el-recorrido-del-tour-lechero-2018\/","name":"Intensificaci\u00f3n y bienestar, ejes en el recorrido del Tour Lechero 2018","isPartOf":{"@id":"https:\/\/www.todoalfalfa.com.ar\/noticias\/#website"},"primaryImageOfPage":{"@id":"https:\/\/www.todoalfalfa.com.ar\/noticias\/intensificacion-y-bienestar-ejes-en-el-recorrido-del-tour-lechero-2018\/#primaryimage"},"image":{"@id":"https:\/\/www.todoalfalfa.com.ar\/noticias\/intensificacion-y-bienestar-ejes-en-el-recorrido-del-tour-lechero-2018\/#primaryimage"},"thumbnailUrl":"https:\/\/i0.wp.com\/www.todoalfalfa.com.ar\/noticias\/wp-content\/uploads\/2018\/07\/tourlechero2.jpg?fit=777%2C437&ssl=1","datePublished":"2018-07-11T20:30:15+00:00","breadcrumb":{"@id":"https:\/\/www.todoalfalfa.com.ar\/noticias\/intensificacion-y-bienestar-ejes-en-el-recorrido-del-tour-lechero-2018\/#breadcrumb"},"inLanguage":"es","potentialAction":[{"@type":"ReadAction","target":["https:\/\/www.todoalfalfa.com.ar\/noticias\/intensificacion-y-bienestar-ejes-en-el-recorrido-del-tour-lechero-2018\/"]}]},{"@type":"ImageObject","inLanguage":"es","@id":"https:\/\/www.todoalfalfa.com.ar\/noticias\/intensificacion-y-bienestar-ejes-en-el-recorrido-del-tour-lechero-2018\/#primaryimage","url":"https:\/\/i0.wp.com\/www.todoalfalfa.com.ar\/noticias\/wp-content\/uploads\/2018\/07\/tourlechero2.jpg?fit=777%2C437&ssl=1","contentUrl":"https:\/\/i0.wp.com\/www.todoalfalfa.com.ar\/noticias\/wp-content\/uploads\/2018\/07\/tourlechero2.jpg?fit=777%2C437&ssl=1","width":777,"height":437},{"@type":"BreadcrumbList","@id":"https:\/\/www.todoalfalfa.com.ar\/noticias\/intensificacion-y-bienestar-ejes-en-el-recorrido-del-tour-lechero-2018\/#breadcrumb","itemListElement":[{"@type":"ListItem","position":1,"name":"Principal","item":"https:\/\/www.todoalfalfa.com.ar\/noticias\/"},{"@type":"ListItem","position":2,"name":"Intensificaci\u00f3n y bienestar, ejes en el recorrido del Tour Lechero 2018"}]},{"@type":"WebSite","@id":"https:\/\/www.todoalfalfa.com.ar\/noticias\/#website","url":"https:\/\/www.todoalfalfa.com.ar\/noticias\/","name":"Todo Alfalfa","description":"Web informativa de la cadena de la alfalfa argentina","publisher":{"@id":"https:\/\/www.todoalfalfa.com.ar\/noticias\/#organization"},"potentialAction":[{"@type":"SearchAction","target":{"@type":"EntryPoint","urlTemplate":"https:\/\/www.todoalfalfa.com.ar\/noticias\/?s={search_term_string}"},"query-input":{"@type":"PropertyValueSpecification","valueRequired":true,"valueName":"search_term_string"}}],"inLanguage":"es"},{"@type":"Organization","@id":"https:\/\/www.todoalfalfa.com.ar\/noticias\/#organization","name":"Todo Alfalfa","url":"https:\/\/www.todoalfalfa.com.ar\/noticias\/","logo":{"@type":"ImageObject","inLanguage":"es","@id":"https:\/\/www.todoalfalfa.com.ar\/noticias\/#\/schema\/logo\/image\/","url":"https:\/\/www.todoalfalfa.com.ar\/noticias\/wp-content\/uploads\/2020\/09\/logo-todo-alfalfa-modificado.png","contentUrl":"https:\/\/www.todoalfalfa.com.ar\/noticias\/wp-content\/uploads\/2020\/09\/logo-todo-alfalfa-modificado.png","width":350,"height":100,"caption":"Todo Alfalfa"},"image":{"@id":"https:\/\/www.todoalfalfa.com.ar\/noticias\/#\/schema\/logo\/image\/"},"sameAs":["https:\/\/www.facebook.com\/todoalfalfa","https:\/\/www.instagram.com\/todoalfalfa","https:\/\/www.youtube.com\/@TodoAlfalfa","https:\/\/www.linkedin.com\/company\/todoalfalfa\/"]},{"@type":"Person","@id":"https:\/\/www.todoalfalfa.com.ar\/noticias\/#\/schema\/person\/4ee4bca9b9fa50c4f0fbaf7017fbf2ad","name":"Todo Alfalfa","image":{"@type":"ImageObject","inLanguage":"es","@id":"https:\/\/www.todoalfalfa.com.ar\/noticias\/#\/schema\/person\/image\/","url":"https:\/\/secure.gravatar.com\/avatar\/4d26a600a1380823a26c3f9cb74ada1a8ee4b482c0c3a616ab022b865c46be8f?s=96&d=mm&r=g","contentUrl":"https:\/\/secure.gravatar.com\/avatar\/4d26a600a1380823a26c3f9cb74ada1a8ee4b482c0c3a616ab022b865c46be8f?s=96&d=mm&r=g","caption":"Todo Alfalfa"},"sameAs":["http:\/\/www.todoalfalfa.com.ar"],"url":"https:\/\/www.todoalfalfa.com.ar\/noticias\/author\/todoalfalfa\/"}]}},"jetpack_featured_media_url":"https:\/\/i0.wp.com\/www.todoalfalfa.com.ar\/noticias\/wp-content\/uploads\/2018\/07\/tourlechero2.jpg?fit=777%2C437&ssl=1","wps_subtitle":"En la provincia de C\u00f3rdoba, los tambos m\u00e1s competitivos van buscando ajustar factores que atiendan a la \"obligatoria\" intensificaci\u00f3n, pero a la vez, al bienestar de las vacas y los equipos de trabajo. Es el caso de los 4 tambos que integran el recorrido propuesto en el Tour Lechero para este 2018, y que se desarrollar\u00e1 con tres recorridos en el mes de agosto.","jetpack_sharing_enabled":true,"_links":{"self":[{"href":"https:\/\/www.todoalfalfa.com.ar\/noticias\/wp-json\/wp\/v2\/posts\/2142","targetHints":{"allow":["GET"]}}],"collection":[{"href":"https:\/\/www.todoalfalfa.com.ar\/noticias\/wp-json\/wp\/v2\/posts"}],"about":[{"href":"https:\/\/www.todoalfalfa.com.ar\/noticias\/wp-json\/wp\/v2\/types\/post"}],"author":[{"embeddable":true,"href":"https:\/\/www.todoalfalfa.com.ar\/noticias\/wp-json\/wp\/v2\/users\/3"}],"replies":[{"embeddable":true,"href":"https:\/\/www.todoalfalfa.com.ar\/noticias\/wp-json\/wp\/v2\/comments?post=2142"}],"version-history":[{"count":0,"href":"https:\/\/www.todoalfalfa.com.ar\/noticias\/wp-json\/wp\/v2\/posts\/2142\/revisions"}],"wp:featuredmedia":[{"embeddable":true,"href":"https:\/\/www.todoalfalfa.com.ar\/noticias\/wp-json\/wp\/v2\/media\/2143"}],"wp:attachment":[{"href":"https:\/\/www.todoalfalfa.com.ar\/noticias\/wp-json\/wp\/v2\/media?parent=2142"}],"wp:term":[{"taxonomy":"category","embeddable":true,"href":"https:\/\/www.todoalfalfa.com.ar\/noticias\/wp-json\/wp\/v2\/categories?post=2142"},{"taxonomy":"post_tag","embeddable":true,"href":"https:\/\/www.todoalfalfa.com.ar\/noticias\/wp-json\/wp\/v2\/tags?post=2142"}],"curies":[{"name":"wp","href":"https:\/\/api.w.org\/{rel}","templated":true}]}}