{"id":2239,"date":"2018-08-21T17:07:51","date_gmt":"2018-08-21T20:07:51","guid":{"rendered":"https:\/\/todoalfalfa.com.ar\/?p=2239"},"modified":"2018-08-21T17:07:51","modified_gmt":"2018-08-21T20:07:51","slug":"siembras-de-pasturas-en-primavera","status":"publish","type":"post","link":"https:\/\/www.todoalfalfa.com.ar\/noticias\/siembras-de-pasturas-en-primavera\/","title":{"rendered":"Siembras de pasturas en primavera"},"content":{"rendered":"<p>A continuaci\u00f3n, describimos brevemente los factores claves a tener en cuenta al encarar esta pr\u00e1ctica.<\/p>\n<p><img data-recalc-dims=\"1\" fetchpriority=\"high\" decoding=\"async\" class=\"alignnone wp-image-2240 size-full\" src=\"https:\/\/i0.wp.com\/todoalfalfa.com.ar\/wp-content\/uploads\/2018\/08\/cuadro_pasturas_tardias.jpg?resize=573%2C304&#038;ssl=1\" alt=\"\" width=\"573\" height=\"304\" srcset=\"https:\/\/i0.wp.com\/www.todoalfalfa.com.ar\/noticias\/wp-content\/uploads\/2018\/08\/cuadro_pasturas_tardias.jpg?w=573&amp;ssl=1 573w, https:\/\/i0.wp.com\/www.todoalfalfa.com.ar\/noticias\/wp-content\/uploads\/2018\/08\/cuadro_pasturas_tardias.jpg?resize=300%2C159&amp;ssl=1 300w\" sizes=\"(max-width: 573px) 100vw, 573px\" \/><\/p>\n<p><strong>Fecha de Siembra<br \/>\n<\/strong>Las temperaturas m\u00ednimas diarias comienzan a aumentar a fines de junio y a partir de julio con los d\u00edas alarg\u00e1ndose disminuye el riesgo de heladas fuertes, la fecha optima comienza cuando ya las heladas no son fuertes y no conviene atrasarse m\u00e1s all\u00e1 de mediados de septiembre para la zona norte y principios de octubre para el sur.<\/p>\n<p><strong>Especies a Sembrar<\/strong><br \/>\nLas que mejor se adaptan son las de semilla m\u00e1s grande con mejor vigor inicial y buen crecimiento durante primavera y verano. En las gram\u00edneas se adaptan muy bien el agropiro, la cebadilla, el pasto ovillo, las Festucas continentales y el Festulolium. En cuanto a las leguminosas podemos sembrar Alfalfa, tr\u00e9bol rojo, lotus tenuis, lotus corniculatus y melilotus..<\/p>\n<p><strong>M\u00e9todo de Siembra<\/strong><br \/>\nEs indistinto si la siembra es convencional o directa pero en ambos casos hay que tener muy en cuenta que la cama de siembra este firme y con poco rastrojo en superficie para evitar que la semilla quede arriba del rastrojo sin entrar en contacto con la tierra. Si no esta firme corremos el riesgo de pasarnos en la profundidad de siembra y que la pl\u00e1ntula no llegue a emerger. Es muy importante lograr una cama de siembra libre de malezas, se recomienda hacer una pulverizaci\u00f3n presiembra con Glifosato + Fluemetsulan asi arranca libre de competidores.<\/p>\n<p><strong>Densidad de Siembra<\/strong><br \/>\nEs conveniente aumentar en un 20 a 25% la densidad de semilla con respecto a lo que se usa en oto\u00f1o ya que las plantas no van a tener condiciones para macollar y cuanto antes cubran el suelo mejor va a ser el resultado de la pastura.<\/p>\n<p><strong>Control de Malezas<\/strong><br \/>\nEn primavera la tasa de crecimiento de las malezas es superior a la de las especies de la pastura. Por eso es importante lograr una pastura limpia desde el nacimiento. Evitar lotes con presencia de especies estivales y gram\u00f3n en el cultivo antecesor es clave. Los herbicidas de preemergencia o presiembra muestran ventajas sobre los productos de post emergencia. Cuando la pastura esta compuesta por leguminosas puras, la aplicaci\u00f3n de un graminicida espec\u00edfico post emergente es una buena alternativa. Es importante elegir lotes con pocas malezas en su banco de semillas y descartar aquellos con problemas de malezas invasivas como rama negra, gram\u00f3n, sorgo de Alepo, etc.<\/p>\n<p><strong>Primer aprovechamiento<\/strong><br \/>\nUna vez que se logra un buen anclaje se puede empezar a aprovechar cuidando mucho el remanente, lo ideal es comer con alta carga instant\u00e1nea y en parcelas que no duren mas de 3 d\u00edas para que no coman el rebrote. Si se decide usar el primer corte para henificar no habr\u00eda que cortar muy abajo, es conveniente dejar 7 a 8 cm de remanente para asegurar un buen rebrote.<\/p>\n<p><strong>Manejo en el primer Verano<\/strong><br \/>\nEste punto es clave para la persistencia de la pastura, especialmente con especies como Festuca y Pasto ovillo que van a llegar al verano con una muy peque\u00f1a ra\u00edz por lo que debemos cuidar de no sobrepastorear, las altas temperaturas del verano con suelo descubierto pueden matar muchas plantas por lo que es clave que se dejen remanentes de 10 a 12 cm, y comer solo si tenemos asegurado la humedad del suelo para el rebrote.<\/p>\n<p><em>Ing. Agr. Pablo Grehan, gerente del \u00e1rea forrajeras de Picasso Semillas<\/em><\/p>\n<div class=\"todoalfalfa-final-de-la-nota\" id=\"todoalfalfa-2775871252\"><a href=\"https:\/\/www.whatsapp.com\/channel\/0029VbCBmFB9WtBxJsD3eC2i\" target=\"_blank\" aria-label=\"5\"><img src=\"https:\/\/i0.wp.com\/www.todoalfalfa.com.ar\/noticias\/wp-content\/uploads\/2026\/04\/5.gif?fit=728%2C90&#038;ssl=1\" alt=\"\"  width=\"728\" height=\"90\"   \/><\/a><\/div>","protected":false},"excerpt":{"rendered":"<p>A continuaci&oacute;n, describimos brevemente los factores claves a tener en cuenta al encarar esta pr&aacute;ctica. Fecha de Siembra Las temperaturas&#8230;<\/p>\n","protected":false},"author":3,"featured_media":2241,"comment_status":"closed","ping_status":"open","sticky":false,"template":"","format":"standard","meta":{"jetpack_post_was_ever_published":false,"_jetpack_newsletter_access":"","_jetpack_dont_email_post_to_subs":false,"_jetpack_newsletter_tier_id":0,"_jetpack_memberships_contains_paywalled_content":false,"_jetpack_memberships_contains_paid_content":false,"footnotes":""},"categories":[2],"tags":[304,303,17,169,91],"class_list":["post-2239","post","type-post","status-publish","format-standard","has-post-thumbnail","hentry","category-generales","tag-grehan","tag-pablo","tag-pasturas","tag-primavera","tag-siembra"],"yoast_head":"<!-- This site is optimized with the Yoast SEO plugin v25.5 - https:\/\/yoast.com\/wordpress\/plugins\/seo\/ -->\n<title>Siembras de pasturas en primavera<\/title>\n<meta name=\"robots\" content=\"index, follow, max-snippet:-1, max-image-preview:large, max-video-preview:-1\" \/>\n<link rel=\"canonical\" href=\"https:\/\/www.todoalfalfa.com.ar\/noticias\/siembras-de-pasturas-en-primavera\/\" \/>\n<meta property=\"og:locale\" content=\"es_ES\" \/>\n<meta property=\"og:type\" content=\"article\" \/>\n<meta property=\"og:title\" content=\"Siembras de pasturas en primavera\" \/>\n<meta property=\"og:description\" content=\"A continuaci&oacute;n, describimos brevemente los factores claves a tener en cuenta al encarar esta pr&aacute;ctica. Fecha de Siembra Las temperaturas...\" \/>\n<meta property=\"og:url\" content=\"https:\/\/www.todoalfalfa.com.ar\/noticias\/siembras-de-pasturas-en-primavera\/\" \/>\n<meta property=\"og:site_name\" content=\"Todo Alfalfa\" \/>\n<meta property=\"article:publisher\" content=\"https:\/\/www.facebook.com\/todoalfalfa\" \/>\n<meta property=\"article:published_time\" content=\"2018-08-21T20:07:51+00:00\" \/>\n<meta property=\"og:image\" content=\"https:\/\/www.todoalfalfa.com.ar\/noticias\/wp-content\/uploads\/2018\/08\/pasturas18.jpg\" \/>\n\t<meta property=\"og:image:width\" content=\"777\" \/>\n\t<meta property=\"og:image:height\" content=\"437\" \/>\n\t<meta property=\"og:image:type\" content=\"image\/jpeg\" \/>\n<meta name=\"author\" content=\"Todo Alfalfa\" \/>\n<meta name=\"twitter:card\" content=\"summary_large_image\" \/>\n<meta name=\"twitter:label1\" content=\"Escrito por\" \/>\n\t<meta name=\"twitter:data1\" content=\"Todo Alfalfa\" \/>\n\t<meta name=\"twitter:label2\" content=\"Tiempo de lectura\" \/>\n\t<meta name=\"twitter:data2\" content=\"3 minutos\" \/>\n<script type=\"application\/ld+json\" class=\"yoast-schema-graph\">{\"@context\":\"https:\/\/schema.org\",\"@graph\":[{\"@type\":\"NewsArticle\",\"@id\":\"https:\/\/www.todoalfalfa.com.ar\/noticias\/siembras-de-pasturas-en-primavera\/#article\",\"isPartOf\":{\"@id\":\"https:\/\/www.todoalfalfa.com.ar\/noticias\/siembras-de-pasturas-en-primavera\/\"},\"author\":{\"name\":\"Todo Alfalfa\",\"@id\":\"https:\/\/www.todoalfalfa.com.ar\/noticias\/#\/schema\/person\/4ee4bca9b9fa50c4f0fbaf7017fbf2ad\"},\"headline\":\"Siembras de pasturas en primavera\",\"datePublished\":\"2018-08-21T20:07:51+00:00\",\"mainEntityOfPage\":{\"@id\":\"https:\/\/www.todoalfalfa.com.ar\/noticias\/siembras-de-pasturas-en-primavera\/\"},\"wordCount\":579,\"publisher\":{\"@id\":\"https:\/\/www.todoalfalfa.com.ar\/noticias\/#organization\"},\"image\":{\"@id\":\"https:\/\/www.todoalfalfa.com.ar\/noticias\/siembras-de-pasturas-en-primavera\/#primaryimage\"},\"thumbnailUrl\":\"https:\/\/i0.wp.com\/www.todoalfalfa.com.ar\/noticias\/wp-content\/uploads\/2018\/08\/pasturas18.jpg?fit=777%2C437&ssl=1\",\"keywords\":[\"Grehan\",\"Pablo\",\"pasturas\",\"primavera\",\"siembra\"],\"articleSection\":[\"Generales\"],\"inLanguage\":\"es\"},{\"@type\":[\"WebPage\",\"ItemPage\"],\"@id\":\"https:\/\/www.todoalfalfa.com.ar\/noticias\/siembras-de-pasturas-en-primavera\/\",\"url\":\"https:\/\/www.todoalfalfa.com.ar\/noticias\/siembras-de-pasturas-en-primavera\/\",\"name\":\"Siembras de pasturas en primavera\",\"isPartOf\":{\"@id\":\"https:\/\/www.todoalfalfa.com.ar\/noticias\/#website\"},\"primaryImageOfPage\":{\"@id\":\"https:\/\/www.todoalfalfa.com.ar\/noticias\/siembras-de-pasturas-en-primavera\/#primaryimage\"},\"image\":{\"@id\":\"https:\/\/www.todoalfalfa.com.ar\/noticias\/siembras-de-pasturas-en-primavera\/#primaryimage\"},\"thumbnailUrl\":\"https:\/\/i0.wp.com\/www.todoalfalfa.com.ar\/noticias\/wp-content\/uploads\/2018\/08\/pasturas18.jpg?fit=777%2C437&ssl=1\",\"datePublished\":\"2018-08-21T20:07:51+00:00\",\"breadcrumb\":{\"@id\":\"https:\/\/www.todoalfalfa.com.ar\/noticias\/siembras-de-pasturas-en-primavera\/#breadcrumb\"},\"inLanguage\":\"es\",\"potentialAction\":[{\"@type\":\"ReadAction\",\"target\":[\"https:\/\/www.todoalfalfa.com.ar\/noticias\/siembras-de-pasturas-en-primavera\/\"]}]},{\"@type\":\"ImageObject\",\"inLanguage\":\"es\",\"@id\":\"https:\/\/www.todoalfalfa.com.ar\/noticias\/siembras-de-pasturas-en-primavera\/#primaryimage\",\"url\":\"https:\/\/i0.wp.com\/www.todoalfalfa.com.ar\/noticias\/wp-content\/uploads\/2018\/08\/pasturas18.jpg?fit=777%2C437&ssl=1\",\"contentUrl\":\"https:\/\/i0.wp.com\/www.todoalfalfa.com.ar\/noticias\/wp-content\/uploads\/2018\/08\/pasturas18.jpg?fit=777%2C437&ssl=1\",\"width\":777,\"height\":437},{\"@type\":\"BreadcrumbList\",\"@id\":\"https:\/\/www.todoalfalfa.com.ar\/noticias\/siembras-de-pasturas-en-primavera\/#breadcrumb\",\"itemListElement\":[{\"@type\":\"ListItem\",\"position\":1,\"name\":\"Principal\",\"item\":\"https:\/\/www.todoalfalfa.com.ar\/noticias\/\"},{\"@type\":\"ListItem\",\"position\":2,\"name\":\"Siembras de pasturas en primavera\"}]},{\"@type\":\"WebSite\",\"@id\":\"https:\/\/www.todoalfalfa.com.ar\/noticias\/#website\",\"url\":\"https:\/\/www.todoalfalfa.com.ar\/noticias\/\",\"name\":\"Todo Alfalfa\",\"description\":\"Web informativa de la cadena de la alfalfa argentina\",\"publisher\":{\"@id\":\"https:\/\/www.todoalfalfa.com.ar\/noticias\/#organization\"},\"potentialAction\":[{\"@type\":\"SearchAction\",\"target\":{\"@type\":\"EntryPoint\",\"urlTemplate\":\"https:\/\/www.todoalfalfa.com.ar\/noticias\/?s={search_term_string}\"},\"query-input\":{\"@type\":\"PropertyValueSpecification\",\"valueRequired\":true,\"valueName\":\"search_term_string\"}}],\"inLanguage\":\"es\"},{\"@type\":\"Organization\",\"@id\":\"https:\/\/www.todoalfalfa.com.ar\/noticias\/#organization\",\"name\":\"Todo Alfalfa\",\"url\":\"https:\/\/www.todoalfalfa.com.ar\/noticias\/\",\"logo\":{\"@type\":\"ImageObject\",\"inLanguage\":\"es\",\"@id\":\"https:\/\/www.todoalfalfa.com.ar\/noticias\/#\/schema\/logo\/image\/\",\"url\":\"https:\/\/www.todoalfalfa.com.ar\/noticias\/wp-content\/uploads\/2020\/09\/logo-todo-alfalfa-modificado.png\",\"contentUrl\":\"https:\/\/www.todoalfalfa.com.ar\/noticias\/wp-content\/uploads\/2020\/09\/logo-todo-alfalfa-modificado.png\",\"width\":350,\"height\":100,\"caption\":\"Todo Alfalfa\"},\"image\":{\"@id\":\"https:\/\/www.todoalfalfa.com.ar\/noticias\/#\/schema\/logo\/image\/\"},\"sameAs\":[\"https:\/\/www.facebook.com\/todoalfalfa\",\"https:\/\/www.instagram.com\/todoalfalfa\",\"https:\/\/www.youtube.com\/@TodoAlfalfa\",\"https:\/\/www.linkedin.com\/company\/todoalfalfa\/\"]},{\"@type\":\"Person\",\"@id\":\"https:\/\/www.todoalfalfa.com.ar\/noticias\/#\/schema\/person\/4ee4bca9b9fa50c4f0fbaf7017fbf2ad\",\"name\":\"Todo Alfalfa\",\"image\":{\"@type\":\"ImageObject\",\"inLanguage\":\"es\",\"@id\":\"https:\/\/www.todoalfalfa.com.ar\/noticias\/#\/schema\/person\/image\/\",\"url\":\"https:\/\/secure.gravatar.com\/avatar\/4d26a600a1380823a26c3f9cb74ada1a8ee4b482c0c3a616ab022b865c46be8f?s=96&d=mm&r=g\",\"contentUrl\":\"https:\/\/secure.gravatar.com\/avatar\/4d26a600a1380823a26c3f9cb74ada1a8ee4b482c0c3a616ab022b865c46be8f?s=96&d=mm&r=g\",\"caption\":\"Todo Alfalfa\"},\"sameAs\":[\"http:\/\/www.todoalfalfa.com.ar\"],\"url\":\"https:\/\/www.todoalfalfa.com.ar\/noticias\/author\/todoalfalfa\/\"}]}<\/script>\n<!-- \/ Yoast SEO plugin. -->","yoast_head_json":{"title":"Siembras de pasturas en primavera","robots":{"index":"index","follow":"follow","max-snippet":"max-snippet:-1","max-image-preview":"max-image-preview:large","max-video-preview":"max-video-preview:-1"},"canonical":"https:\/\/www.todoalfalfa.com.ar\/noticias\/siembras-de-pasturas-en-primavera\/","og_locale":"es_ES","og_type":"article","og_title":"Siembras de pasturas en primavera","og_description":"A continuaci&oacute;n, describimos brevemente los factores claves a tener en cuenta al encarar esta pr&aacute;ctica. Fecha de Siembra Las temperaturas...","og_url":"https:\/\/www.todoalfalfa.com.ar\/noticias\/siembras-de-pasturas-en-primavera\/","og_site_name":"Todo Alfalfa","article_publisher":"https:\/\/www.facebook.com\/todoalfalfa","article_published_time":"2018-08-21T20:07:51+00:00","og_image":[{"width":777,"height":437,"url":"https:\/\/www.todoalfalfa.com.ar\/noticias\/wp-content\/uploads\/2018\/08\/pasturas18.jpg","type":"image\/jpeg"}],"author":"Todo Alfalfa","twitter_card":"summary_large_image","twitter_misc":{"Escrito por":"Todo Alfalfa","Tiempo de lectura":"3 minutos"},"schema":{"@context":"https:\/\/schema.org","@graph":[{"@type":"NewsArticle","@id":"https:\/\/www.todoalfalfa.com.ar\/noticias\/siembras-de-pasturas-en-primavera\/#article","isPartOf":{"@id":"https:\/\/www.todoalfalfa.com.ar\/noticias\/siembras-de-pasturas-en-primavera\/"},"author":{"name":"Todo Alfalfa","@id":"https:\/\/www.todoalfalfa.com.ar\/noticias\/#\/schema\/person\/4ee4bca9b9fa50c4f0fbaf7017fbf2ad"},"headline":"Siembras de pasturas en primavera","datePublished":"2018-08-21T20:07:51+00:00","mainEntityOfPage":{"@id":"https:\/\/www.todoalfalfa.com.ar\/noticias\/siembras-de-pasturas-en-primavera\/"},"wordCount":579,"publisher":{"@id":"https:\/\/www.todoalfalfa.com.ar\/noticias\/#organization"},"image":{"@id":"https:\/\/www.todoalfalfa.com.ar\/noticias\/siembras-de-pasturas-en-primavera\/#primaryimage"},"thumbnailUrl":"https:\/\/i0.wp.com\/www.todoalfalfa.com.ar\/noticias\/wp-content\/uploads\/2018\/08\/pasturas18.jpg?fit=777%2C437&ssl=1","keywords":["Grehan","Pablo","pasturas","primavera","siembra"],"articleSection":["Generales"],"inLanguage":"es"},{"@type":["WebPage","ItemPage"],"@id":"https:\/\/www.todoalfalfa.com.ar\/noticias\/siembras-de-pasturas-en-primavera\/","url":"https:\/\/www.todoalfalfa.com.ar\/noticias\/siembras-de-pasturas-en-primavera\/","name":"Siembras de pasturas en primavera","isPartOf":{"@id":"https:\/\/www.todoalfalfa.com.ar\/noticias\/#website"},"primaryImageOfPage":{"@id":"https:\/\/www.todoalfalfa.com.ar\/noticias\/siembras-de-pasturas-en-primavera\/#primaryimage"},"image":{"@id":"https:\/\/www.todoalfalfa.com.ar\/noticias\/siembras-de-pasturas-en-primavera\/#primaryimage"},"thumbnailUrl":"https:\/\/i0.wp.com\/www.todoalfalfa.com.ar\/noticias\/wp-content\/uploads\/2018\/08\/pasturas18.jpg?fit=777%2C437&ssl=1","datePublished":"2018-08-21T20:07:51+00:00","breadcrumb":{"@id":"https:\/\/www.todoalfalfa.com.ar\/noticias\/siembras-de-pasturas-en-primavera\/#breadcrumb"},"inLanguage":"es","potentialAction":[{"@type":"ReadAction","target":["https:\/\/www.todoalfalfa.com.ar\/noticias\/siembras-de-pasturas-en-primavera\/"]}]},{"@type":"ImageObject","inLanguage":"es","@id":"https:\/\/www.todoalfalfa.com.ar\/noticias\/siembras-de-pasturas-en-primavera\/#primaryimage","url":"https:\/\/i0.wp.com\/www.todoalfalfa.com.ar\/noticias\/wp-content\/uploads\/2018\/08\/pasturas18.jpg?fit=777%2C437&ssl=1","contentUrl":"https:\/\/i0.wp.com\/www.todoalfalfa.com.ar\/noticias\/wp-content\/uploads\/2018\/08\/pasturas18.jpg?fit=777%2C437&ssl=1","width":777,"height":437},{"@type":"BreadcrumbList","@id":"https:\/\/www.todoalfalfa.com.ar\/noticias\/siembras-de-pasturas-en-primavera\/#breadcrumb","itemListElement":[{"@type":"ListItem","position":1,"name":"Principal","item":"https:\/\/www.todoalfalfa.com.ar\/noticias\/"},{"@type":"ListItem","position":2,"name":"Siembras de pasturas en primavera"}]},{"@type":"WebSite","@id":"https:\/\/www.todoalfalfa.com.ar\/noticias\/#website","url":"https:\/\/www.todoalfalfa.com.ar\/noticias\/","name":"Todo Alfalfa","description":"Web informativa de la cadena de la alfalfa argentina","publisher":{"@id":"https:\/\/www.todoalfalfa.com.ar\/noticias\/#organization"},"potentialAction":[{"@type":"SearchAction","target":{"@type":"EntryPoint","urlTemplate":"https:\/\/www.todoalfalfa.com.ar\/noticias\/?s={search_term_string}"},"query-input":{"@type":"PropertyValueSpecification","valueRequired":true,"valueName":"search_term_string"}}],"inLanguage":"es"},{"@type":"Organization","@id":"https:\/\/www.todoalfalfa.com.ar\/noticias\/#organization","name":"Todo Alfalfa","url":"https:\/\/www.todoalfalfa.com.ar\/noticias\/","logo":{"@type":"ImageObject","inLanguage":"es","@id":"https:\/\/www.todoalfalfa.com.ar\/noticias\/#\/schema\/logo\/image\/","url":"https:\/\/www.todoalfalfa.com.ar\/noticias\/wp-content\/uploads\/2020\/09\/logo-todo-alfalfa-modificado.png","contentUrl":"https:\/\/www.todoalfalfa.com.ar\/noticias\/wp-content\/uploads\/2020\/09\/logo-todo-alfalfa-modificado.png","width":350,"height":100,"caption":"Todo Alfalfa"},"image":{"@id":"https:\/\/www.todoalfalfa.com.ar\/noticias\/#\/schema\/logo\/image\/"},"sameAs":["https:\/\/www.facebook.com\/todoalfalfa","https:\/\/www.instagram.com\/todoalfalfa","https:\/\/www.youtube.com\/@TodoAlfalfa","https:\/\/www.linkedin.com\/company\/todoalfalfa\/"]},{"@type":"Person","@id":"https:\/\/www.todoalfalfa.com.ar\/noticias\/#\/schema\/person\/4ee4bca9b9fa50c4f0fbaf7017fbf2ad","name":"Todo Alfalfa","image":{"@type":"ImageObject","inLanguage":"es","@id":"https:\/\/www.todoalfalfa.com.ar\/noticias\/#\/schema\/person\/image\/","url":"https:\/\/secure.gravatar.com\/avatar\/4d26a600a1380823a26c3f9cb74ada1a8ee4b482c0c3a616ab022b865c46be8f?s=96&d=mm&r=g","contentUrl":"https:\/\/secure.gravatar.com\/avatar\/4d26a600a1380823a26c3f9cb74ada1a8ee4b482c0c3a616ab022b865c46be8f?s=96&d=mm&r=g","caption":"Todo Alfalfa"},"sameAs":["http:\/\/www.todoalfalfa.com.ar"],"url":"https:\/\/www.todoalfalfa.com.ar\/noticias\/author\/todoalfalfa\/"}]}},"jetpack_featured_media_url":"https:\/\/i0.wp.com\/www.todoalfalfa.com.ar\/noticias\/wp-content\/uploads\/2018\/08\/pasturas18.jpg?fit=777%2C437&ssl=1","wps_subtitle":"Por como vienen las condiciones del clima en la pradera pampeana este parece ser un a\u00f1o ideal para encarar la siembra de pasturas que no se llegaron a hacer en Oto\u00f1o por los problemas clim\u00e1ticos ocurridos. Si est\u00e1 pensando esta alternativa les damos unos consejos t\u00e9cnicos para que sea un \u00e9xito. Por el Ing. Pablo Grehan (*).","jetpack_sharing_enabled":true,"_links":{"self":[{"href":"https:\/\/www.todoalfalfa.com.ar\/noticias\/wp-json\/wp\/v2\/posts\/2239","targetHints":{"allow":["GET"]}}],"collection":[{"href":"https:\/\/www.todoalfalfa.com.ar\/noticias\/wp-json\/wp\/v2\/posts"}],"about":[{"href":"https:\/\/www.todoalfalfa.com.ar\/noticias\/wp-json\/wp\/v2\/types\/post"}],"author":[{"embeddable":true,"href":"https:\/\/www.todoalfalfa.com.ar\/noticias\/wp-json\/wp\/v2\/users\/3"}],"replies":[{"embeddable":true,"href":"https:\/\/www.todoalfalfa.com.ar\/noticias\/wp-json\/wp\/v2\/comments?post=2239"}],"version-history":[{"count":0,"href":"https:\/\/www.todoalfalfa.com.ar\/noticias\/wp-json\/wp\/v2\/posts\/2239\/revisions"}],"wp:featuredmedia":[{"embeddable":true,"href":"https:\/\/www.todoalfalfa.com.ar\/noticias\/wp-json\/wp\/v2\/media\/2241"}],"wp:attachment":[{"href":"https:\/\/www.todoalfalfa.com.ar\/noticias\/wp-json\/wp\/v2\/media?parent=2239"}],"wp:term":[{"taxonomy":"category","embeddable":true,"href":"https:\/\/www.todoalfalfa.com.ar\/noticias\/wp-json\/wp\/v2\/categories?post=2239"},{"taxonomy":"post_tag","embeddable":true,"href":"https:\/\/www.todoalfalfa.com.ar\/noticias\/wp-json\/wp\/v2\/tags?post=2239"}],"curies":[{"name":"wp","href":"https:\/\/api.w.org\/{rel}","templated":true}]}}