{"id":2450,"date":"2018-10-29T16:51:46","date_gmt":"2018-10-29T19:51:46","guid":{"rendered":"https:\/\/todoalfalfa.com.ar\/?p=2450"},"modified":"2018-10-29T16:51:46","modified_gmt":"2018-10-29T19:51:46","slug":"presentaran-dos-nuevas-variedades-en-el-2o-congreso-mundial-de-alfalfa","status":"publish","type":"post","link":"https:\/\/www.todoalfalfa.com.ar\/noticias\/presentaran-dos-nuevas-variedades-en-el-2o-congreso-mundial-de-alfalfa\/","title":{"rendered":"Presentar\u00e1n dos nuevas variedades en el 2\u00ba Congreso Mundial de Alfalfa"},"content":{"rendered":"<p>En un mundo en el que la demanda internacional de alfalfa se incrementa a\u00f1o a a\u00f1o, el sector representa una oportunidad de negocio para los productores de la Argentina, tanto en la exportaci\u00f3n de henos como para recurso forrajero en el mercado interno. As\u00ed lo aseguran los especialistas, quienes destacan el enorme potencial del pa\u00eds para convertirse en un proveedor significativo de megafardos, fardos pellets y otros formatos de heno de alfalfa.<\/p>\n<p>En este contexto, los mejoradores gen\u00e9ticos de alfalfa de INTA desarrollaron dos nuevas variedades que presentar\u00e1n en el 2.\u00b0 Congreso Mundial de Alfalfa que se realizar\u00e1 del 11 al 14 de noviembre en C\u00f3rdoba.<\/p>\n<p>Daniel Basigalup \u2013t\u00e9cnico del INTA Manfredi, C\u00f3rdoba\u2013 confirm\u00f3 que \u201ca partir de un convenio de vinculaci\u00f3n tecnol\u00f3gica con la empresa nacional Palo Verde SRL se desarrollaron dos nuevas variedades de alfalfa: Kum\u00e9n PV INTA y Amaya PV INTA\u201d.<\/p>\n<p>En cuanto a la primera, el investigador detall\u00f3 que es una variedad sint\u00e9tica seleccionada por tolerancia y producci\u00f3n de forraje bajo condiciones de salinidad y deriva de tres ciclos de selecci\u00f3n fenot\u00edpica a campo en el ambiente semi\u00e1rido salino de la localidad de Isla Verde, en Santiago del Estero.<\/p>\n<p>Esta nueva variedad est\u00e1 recomendada para la producci\u00f3n de forraje en condiciones de salinidad en ambientes de secano o bajo riego. \u201cSe adapta al riego con aguas de mala calidad tales como aguas salinas con distinta concentraci\u00f3n de Cl- (cloruro) y S042- (sulfatos)\u201d, especific\u00f3 el t\u00e9cnico.<\/p>\n<p>A su vez, Basigalup la aconsej\u00f3 en \u00e1reas productivas que utilicen alfalfas sin reposo invernal, ya sea para pastoreo o para la confecci\u00f3n de reservas forrajeras. Es que se trata de una variedad sin reposo invernal (GRI 9) que presenta porte erecto, coronas de tama\u00f1o intermedio, abundante cantidad de tallos y abundante foliosidad.<\/p>\n<p>Asimismo, se destaca por su alta resistencia al pulg\u00f3n moteado, a la fusariosis y a los pulgones verde y azul, adem\u00e1s de contar con una moderada resistencia a fit\u00f3ftora y antracnosis.<\/p>\n<p>\u201cLas tareas de selecci\u00f3n, s\u00edntesis y evaluaci\u00f3n fueron el resultado del trabajo conjunto entre el INTA Santiago del Estero y Manfredi, bajo la conducci\u00f3n de M\u00f3nica Cornacchione \u2013 t\u00e9cnica de INTA Santiago del Estero\u201d, aclar\u00f3.<\/p>\n<p>Por su parte, Amaya PV INTA tiene una alta proporci\u00f3n de hojas multifolioladas genera forraje de alta calidad por su mayor relaci\u00f3n hoja\/tallo, es decir que el 78 % de las plantas presentan varias hojas con un promedio de cinco a siete fol\u00edolos.<\/p>\n<p>En este sentido, Ariel Odorizzi, especialista del INTA Manfredi, la recomend\u00f3 para la producci\u00f3n de carne o leche en condiciones de secano en toda la Regi\u00f3n Pampeana, tanto en condiciones de pastoreo directo o corte. Asimismo, aconsej\u00f3 su utilizaci\u00f3n para la confecci\u00f3n de reservas forrajeras (heno y\/o henolaje) de alta calidad en todas las \u00e1reas alfalferas del pa\u00eds.<\/p>\n<p>\u201cSu mayor valor nutritivo la hace altamente aconsejable para planteos intensificados de producci\u00f3n de leche y carne y para la confecci\u00f3n de heno para los mercados de exportaci\u00f3n\u201d, especific\u00f3 Odorizzi.<\/p>\n<p>Es que, de acuerdo con el t\u00e9cnico, se trata de un cultivar extremadamente sin reposo invernal (GRI 10), que presenta porte erecto, coronas de tama\u00f1o intermedio, abundante cantidad de tallos y abundante multifoliosidad.<\/p>\n<p>\u201cEs el resultado de cuatro ciclos de selecci\u00f3n fenot\u00edpica recurrente (SFR) por expresi\u00f3n del car\u00e1cter multifoliolado (MF) en materiales altamente sin reposo invernal\u201d, indic\u00f3 el investigador de Manfredi.<\/p>\n<p>El color predominante de las flores es p\u00farpura moderadamente oscuro, alternadas con flores variegadas p\u00farpura oscuro. Es altamente resistente a los pulgones azul y moteado y resistente a pulg\u00f3n verde, fit\u00f3ftora y antracnosis.<\/p>\n<p>Adem\u00e1s, es altamente resistente a los pulgones azul y moteado y resistente a pulg\u00f3n verde, fit\u00f3ftora y antracnosis.<\/p>\n<p>En cuanto a la disponibilidad de las variedades, Valeria Arolfo, t\u00e9cnica del INTA Manfredi, explic\u00f3 que \u201cuna vez finalizados los tr\u00e1mites de inscripci\u00f3n ante el Registro Nacional de Cultivares y el Registro Nacional de Propiedad de Cultivares del INASE, se proceder\u00e1 a la multiplicaci\u00f3n de semillas de ambas variedades y su posterior lanzamiento comercial\u201d.<\/p>\n<p><strong>Un encuentro, todo el conocimiento<\/strong><br \/>\nDel 12 al 14 de noviembre se realizar\u00e1 el 2\u00ba Congreso Mundial de Alfalfa en el Hotel Holiday Inn de la ciudad de C\u00f3rdoba. Organizado por especialistas del INTA Manfredi, C\u00f3rdoba, el encuentro reunir\u00e1 a m\u00e1s de 270 cient\u00edficos y empresarios del sector.<\/p>\n<p>Bajo el lema \u201cInteracci\u00f3n Global para la Innovaci\u00f3n en Alfalfa\u201d, el congreso tiene cuatro objetivos generales: promover un actualizado intercambio cient\u00edfico y t\u00e9cnico sobre el cultivo; facilitar el intercambio comercial de productos de alfalfa entre pa\u00edses; contribuir a un mejor entendimiento por parte del p\u00fablico general acerca de la importancia de la alfalfa a nivel global; y promover la cooperaci\u00f3n internacional para la investigaci\u00f3n en el cultivo.<\/p>\n<p>Durante las dos primeras jornadas se desarrollar\u00e1n las presentaciones cient\u00edfico-t\u00e9cnicas, ordenadas a lo largo de ocho sesiones. Entre los temas a tratar se encuentran: Producci\u00f3n Mundial y Demanda de Alfalfa; Eficiencia en el uso del agua para la producci\u00f3n de Alfalfa; Estreses abi\u00f3ticos (sequ\u00eda, salinidad y fr\u00edo): Mejoramiento gen\u00e9tico y manejo; Estreses Bi\u00f3ticos: Insectos, enfermedades y malezas; Ingenier\u00eda gen\u00e9tica (GE) en Alfalfa; Mejoramiento de la calidad forrajera; Procesamiento industrial, nuevos usos y mercado internacional de Alfalfa; y Sistemas de producci\u00f3n basados en Alfalfa para enfrentar desaf\u00edos econ\u00f3micos y ambientales.<\/p>\n<p>Por su parte, durante el \u00faltimo d\u00eda, se realizar\u00e1 una jornada de campo en la localidad de Calch\u00edn, C\u00f3rdoba.<\/p>\n<p>All\u00ed, por la ma\u00f1ana, visitar\u00e1n las plantas de producci\u00f3n de pellets de alfalfa de la empresa PellFood y de producci\u00f3n de megafardos re-compactados de la empresa Alfacal. Por la tarde, visitar\u00e1n un ensayo de 37 variedades comerciales de alfalfa y se desarrollar\u00e1 una exposici\u00f3n din\u00e1mica de maquinaria de henificaci\u00f3n de \u00faltima generaci\u00f3n dirigida por ingenieros especializados del INTA Manfredi.<\/p>\n<p>El encuentro est\u00e1 institucionalmente auspiciado por la US National Alfalfa &amp; Forage Alliance (NAFA), China Grassland Association (CGA) y la Commission Intersyndicale de Deshydrateurs Europ\u00e9ens (CIDE).<\/p>\n<p><em>Para conocer m\u00e1s detalles sobre el Congreso: <\/em><a href=\"http:\/\/www.worldalfalfacongress.org\/\"><em>www.worldalfalfacongress.org<\/em><\/a><\/p>\n<div class=\"todoalfalfa-final-de-la-nota\" id=\"todoalfalfa-1160086379\"><a href=\"https:\/\/www.whatsapp.com\/channel\/0029VbCBmFB9WtBxJsD3eC2i\" target=\"_blank\" aria-label=\"5\"><img src=\"https:\/\/i0.wp.com\/www.todoalfalfa.com.ar\/noticias\/wp-content\/uploads\/2026\/04\/5.gif?fit=728%2C90&#038;ssl=1\" alt=\"\"  width=\"728\" height=\"90\"   \/><\/a><\/div>","protected":false},"excerpt":{"rendered":"<p>En un mundo en el que la demanda internacional de alfalfa se incrementa a&ntilde;o a a&ntilde;o, el sector representa una&#8230;<\/p>\n","protected":false},"author":3,"featured_media":2454,"comment_status":"closed","ping_status":"open","sticky":false,"template":"","format":"standard","meta":{"jetpack_post_was_ever_published":false,"_jetpack_newsletter_access":"","_jetpack_dont_email_post_to_subs":false,"_jetpack_newsletter_tier_id":0,"_jetpack_memberships_contains_paywalled_content":false,"_jetpack_memberships_contains_paid_content":false,"footnotes":""},"categories":[2],"tags":[295,469,31,248,470,471,262],"class_list":["post-2450","post","type-post","status-publish","format-standard","has-post-thumbnail","hentry","category-generales","tag-295","tag-2o","tag-alfalfa","tag-congreso","tag-holiday","tag-inn","tag-mundial"],"yoast_head":"<!-- This site is optimized with the Yoast SEO plugin v25.5 - https:\/\/yoast.com\/wordpress\/plugins\/seo\/ -->\n<title>Presentar\u00e1n dos nuevas variedades en el 2\u00ba Congreso Mundial de Alfalfa<\/title>\n<meta name=\"robots\" content=\"index, follow, max-snippet:-1, max-image-preview:large, max-video-preview:-1\" \/>\n<link rel=\"canonical\" href=\"https:\/\/www.todoalfalfa.com.ar\/noticias\/presentaran-dos-nuevas-variedades-en-el-2o-congreso-mundial-de-alfalfa\/\" \/>\n<meta property=\"og:locale\" content=\"es_ES\" \/>\n<meta property=\"og:type\" content=\"article\" \/>\n<meta property=\"og:title\" content=\"Presentar\u00e1n dos nuevas variedades en el 2\u00ba Congreso Mundial de Alfalfa\" \/>\n<meta property=\"og:description\" content=\"En un mundo en el que la demanda internacional de alfalfa se incrementa a&ntilde;o a a&ntilde;o, el sector representa una...\" \/>\n<meta property=\"og:url\" content=\"https:\/\/www.todoalfalfa.com.ar\/noticias\/presentaran-dos-nuevas-variedades-en-el-2o-congreso-mundial-de-alfalfa\/\" \/>\n<meta property=\"og:site_name\" content=\"Todo Alfalfa\" \/>\n<meta property=\"article:publisher\" content=\"https:\/\/www.facebook.com\/todoalfalfa\" \/>\n<meta property=\"article:published_time\" content=\"2018-10-29T19:51:46+00:00\" \/>\n<meta property=\"og:image\" content=\"https:\/\/www.todoalfalfa.com.ar\/noticias\/wp-content\/uploads\/2018\/10\/alfalfa_primerplano6.jpg\" \/>\n\t<meta property=\"og:image:width\" content=\"777\" \/>\n\t<meta property=\"og:image:height\" content=\"437\" \/>\n\t<meta property=\"og:image:type\" content=\"image\/jpeg\" \/>\n<meta name=\"author\" content=\"Todo Alfalfa\" \/>\n<meta name=\"twitter:card\" content=\"summary_large_image\" \/>\n<meta name=\"twitter:label1\" content=\"Escrito por\" \/>\n\t<meta name=\"twitter:data1\" content=\"Todo Alfalfa\" \/>\n\t<meta name=\"twitter:label2\" content=\"Tiempo de lectura\" \/>\n\t<meta name=\"twitter:data2\" content=\"5 minutos\" \/>\n<script type=\"application\/ld+json\" class=\"yoast-schema-graph\">{\"@context\":\"https:\/\/schema.org\",\"@graph\":[{\"@type\":\"NewsArticle\",\"@id\":\"https:\/\/www.todoalfalfa.com.ar\/noticias\/presentaran-dos-nuevas-variedades-en-el-2o-congreso-mundial-de-alfalfa\/#article\",\"isPartOf\":{\"@id\":\"https:\/\/www.todoalfalfa.com.ar\/noticias\/presentaran-dos-nuevas-variedades-en-el-2o-congreso-mundial-de-alfalfa\/\"},\"author\":{\"name\":\"Todo Alfalfa\",\"@id\":\"https:\/\/www.todoalfalfa.com.ar\/noticias\/#\/schema\/person\/4ee4bca9b9fa50c4f0fbaf7017fbf2ad\"},\"headline\":\"Presentar\u00e1n dos nuevas variedades en el 2\u00ba Congreso Mundial de Alfalfa\",\"datePublished\":\"2018-10-29T19:51:46+00:00\",\"mainEntityOfPage\":{\"@id\":\"https:\/\/www.todoalfalfa.com.ar\/noticias\/presentaran-dos-nuevas-variedades-en-el-2o-congreso-mundial-de-alfalfa\/\"},\"wordCount\":1074,\"publisher\":{\"@id\":\"https:\/\/www.todoalfalfa.com.ar\/noticias\/#organization\"},\"image\":{\"@id\":\"https:\/\/www.todoalfalfa.com.ar\/noticias\/presentaran-dos-nuevas-variedades-en-el-2o-congreso-mundial-de-alfalfa\/#primaryimage\"},\"thumbnailUrl\":\"https:\/\/i0.wp.com\/www.todoalfalfa.com.ar\/noticias\/wp-content\/uploads\/2018\/10\/alfalfa_primerplano6.jpg?fit=777%2C437&ssl=1\",\"keywords\":[\"2018\",\"2\u00ba\",\"alfalfa\",\"Congreso\",\"Holiday\",\"Inn\",\"mundial\"],\"articleSection\":[\"Generales\"],\"inLanguage\":\"es\"},{\"@type\":[\"WebPage\",\"ItemPage\"],\"@id\":\"https:\/\/www.todoalfalfa.com.ar\/noticias\/presentaran-dos-nuevas-variedades-en-el-2o-congreso-mundial-de-alfalfa\/\",\"url\":\"https:\/\/www.todoalfalfa.com.ar\/noticias\/presentaran-dos-nuevas-variedades-en-el-2o-congreso-mundial-de-alfalfa\/\",\"name\":\"Presentar\u00e1n dos nuevas variedades en el 2\u00ba Congreso Mundial de Alfalfa\",\"isPartOf\":{\"@id\":\"https:\/\/www.todoalfalfa.com.ar\/noticias\/#website\"},\"primaryImageOfPage\":{\"@id\":\"https:\/\/www.todoalfalfa.com.ar\/noticias\/presentaran-dos-nuevas-variedades-en-el-2o-congreso-mundial-de-alfalfa\/#primaryimage\"},\"image\":{\"@id\":\"https:\/\/www.todoalfalfa.com.ar\/noticias\/presentaran-dos-nuevas-variedades-en-el-2o-congreso-mundial-de-alfalfa\/#primaryimage\"},\"thumbnailUrl\":\"https:\/\/i0.wp.com\/www.todoalfalfa.com.ar\/noticias\/wp-content\/uploads\/2018\/10\/alfalfa_primerplano6.jpg?fit=777%2C437&ssl=1\",\"datePublished\":\"2018-10-29T19:51:46+00:00\",\"breadcrumb\":{\"@id\":\"https:\/\/www.todoalfalfa.com.ar\/noticias\/presentaran-dos-nuevas-variedades-en-el-2o-congreso-mundial-de-alfalfa\/#breadcrumb\"},\"inLanguage\":\"es\",\"potentialAction\":[{\"@type\":\"ReadAction\",\"target\":[\"https:\/\/www.todoalfalfa.com.ar\/noticias\/presentaran-dos-nuevas-variedades-en-el-2o-congreso-mundial-de-alfalfa\/\"]}]},{\"@type\":\"ImageObject\",\"inLanguage\":\"es\",\"@id\":\"https:\/\/www.todoalfalfa.com.ar\/noticias\/presentaran-dos-nuevas-variedades-en-el-2o-congreso-mundial-de-alfalfa\/#primaryimage\",\"url\":\"https:\/\/i0.wp.com\/www.todoalfalfa.com.ar\/noticias\/wp-content\/uploads\/2018\/10\/alfalfa_primerplano6.jpg?fit=777%2C437&ssl=1\",\"contentUrl\":\"https:\/\/i0.wp.com\/www.todoalfalfa.com.ar\/noticias\/wp-content\/uploads\/2018\/10\/alfalfa_primerplano6.jpg?fit=777%2C437&ssl=1\",\"width\":777,\"height\":437},{\"@type\":\"BreadcrumbList\",\"@id\":\"https:\/\/www.todoalfalfa.com.ar\/noticias\/presentaran-dos-nuevas-variedades-en-el-2o-congreso-mundial-de-alfalfa\/#breadcrumb\",\"itemListElement\":[{\"@type\":\"ListItem\",\"position\":1,\"name\":\"Principal\",\"item\":\"https:\/\/www.todoalfalfa.com.ar\/noticias\/\"},{\"@type\":\"ListItem\",\"position\":2,\"name\":\"Presentar\u00e1n dos nuevas variedades en el 2\u00ba Congreso Mundial de Alfalfa\"}]},{\"@type\":\"WebSite\",\"@id\":\"https:\/\/www.todoalfalfa.com.ar\/noticias\/#website\",\"url\":\"https:\/\/www.todoalfalfa.com.ar\/noticias\/\",\"name\":\"Todo Alfalfa\",\"description\":\"Web informativa de la cadena de la alfalfa argentina\",\"publisher\":{\"@id\":\"https:\/\/www.todoalfalfa.com.ar\/noticias\/#organization\"},\"potentialAction\":[{\"@type\":\"SearchAction\",\"target\":{\"@type\":\"EntryPoint\",\"urlTemplate\":\"https:\/\/www.todoalfalfa.com.ar\/noticias\/?s={search_term_string}\"},\"query-input\":{\"@type\":\"PropertyValueSpecification\",\"valueRequired\":true,\"valueName\":\"search_term_string\"}}],\"inLanguage\":\"es\"},{\"@type\":\"Organization\",\"@id\":\"https:\/\/www.todoalfalfa.com.ar\/noticias\/#organization\",\"name\":\"Todo Alfalfa\",\"url\":\"https:\/\/www.todoalfalfa.com.ar\/noticias\/\",\"logo\":{\"@type\":\"ImageObject\",\"inLanguage\":\"es\",\"@id\":\"https:\/\/www.todoalfalfa.com.ar\/noticias\/#\/schema\/logo\/image\/\",\"url\":\"https:\/\/www.todoalfalfa.com.ar\/noticias\/wp-content\/uploads\/2020\/09\/logo-todo-alfalfa-modificado.png\",\"contentUrl\":\"https:\/\/www.todoalfalfa.com.ar\/noticias\/wp-content\/uploads\/2020\/09\/logo-todo-alfalfa-modificado.png\",\"width\":350,\"height\":100,\"caption\":\"Todo Alfalfa\"},\"image\":{\"@id\":\"https:\/\/www.todoalfalfa.com.ar\/noticias\/#\/schema\/logo\/image\/\"},\"sameAs\":[\"https:\/\/www.facebook.com\/todoalfalfa\",\"https:\/\/www.instagram.com\/todoalfalfa\",\"https:\/\/www.youtube.com\/@TodoAlfalfa\",\"https:\/\/www.linkedin.com\/company\/todoalfalfa\/\"]},{\"@type\":\"Person\",\"@id\":\"https:\/\/www.todoalfalfa.com.ar\/noticias\/#\/schema\/person\/4ee4bca9b9fa50c4f0fbaf7017fbf2ad\",\"name\":\"Todo Alfalfa\",\"image\":{\"@type\":\"ImageObject\",\"inLanguage\":\"es\",\"@id\":\"https:\/\/www.todoalfalfa.com.ar\/noticias\/#\/schema\/person\/image\/\",\"url\":\"https:\/\/secure.gravatar.com\/avatar\/4d26a600a1380823a26c3f9cb74ada1a8ee4b482c0c3a616ab022b865c46be8f?s=96&d=mm&r=g\",\"contentUrl\":\"https:\/\/secure.gravatar.com\/avatar\/4d26a600a1380823a26c3f9cb74ada1a8ee4b482c0c3a616ab022b865c46be8f?s=96&d=mm&r=g\",\"caption\":\"Todo Alfalfa\"},\"sameAs\":[\"http:\/\/www.todoalfalfa.com.ar\"],\"url\":\"https:\/\/www.todoalfalfa.com.ar\/noticias\/author\/todoalfalfa\/\"}]}<\/script>\n<!-- \/ Yoast SEO plugin. -->","yoast_head_json":{"title":"Presentar\u00e1n dos nuevas variedades en el 2\u00ba Congreso Mundial de Alfalfa","robots":{"index":"index","follow":"follow","max-snippet":"max-snippet:-1","max-image-preview":"max-image-preview:large","max-video-preview":"max-video-preview:-1"},"canonical":"https:\/\/www.todoalfalfa.com.ar\/noticias\/presentaran-dos-nuevas-variedades-en-el-2o-congreso-mundial-de-alfalfa\/","og_locale":"es_ES","og_type":"article","og_title":"Presentar\u00e1n dos nuevas variedades en el 2\u00ba Congreso Mundial de Alfalfa","og_description":"En un mundo en el que la demanda internacional de alfalfa se incrementa a&ntilde;o a a&ntilde;o, el sector representa una...","og_url":"https:\/\/www.todoalfalfa.com.ar\/noticias\/presentaran-dos-nuevas-variedades-en-el-2o-congreso-mundial-de-alfalfa\/","og_site_name":"Todo Alfalfa","article_publisher":"https:\/\/www.facebook.com\/todoalfalfa","article_published_time":"2018-10-29T19:51:46+00:00","og_image":[{"width":777,"height":437,"url":"https:\/\/www.todoalfalfa.com.ar\/noticias\/wp-content\/uploads\/2018\/10\/alfalfa_primerplano6.jpg","type":"image\/jpeg"}],"author":"Todo Alfalfa","twitter_card":"summary_large_image","twitter_misc":{"Escrito por":"Todo Alfalfa","Tiempo de lectura":"5 minutos"},"schema":{"@context":"https:\/\/schema.org","@graph":[{"@type":"NewsArticle","@id":"https:\/\/www.todoalfalfa.com.ar\/noticias\/presentaran-dos-nuevas-variedades-en-el-2o-congreso-mundial-de-alfalfa\/#article","isPartOf":{"@id":"https:\/\/www.todoalfalfa.com.ar\/noticias\/presentaran-dos-nuevas-variedades-en-el-2o-congreso-mundial-de-alfalfa\/"},"author":{"name":"Todo Alfalfa","@id":"https:\/\/www.todoalfalfa.com.ar\/noticias\/#\/schema\/person\/4ee4bca9b9fa50c4f0fbaf7017fbf2ad"},"headline":"Presentar\u00e1n dos nuevas variedades en el 2\u00ba Congreso Mundial de Alfalfa","datePublished":"2018-10-29T19:51:46+00:00","mainEntityOfPage":{"@id":"https:\/\/www.todoalfalfa.com.ar\/noticias\/presentaran-dos-nuevas-variedades-en-el-2o-congreso-mundial-de-alfalfa\/"},"wordCount":1074,"publisher":{"@id":"https:\/\/www.todoalfalfa.com.ar\/noticias\/#organization"},"image":{"@id":"https:\/\/www.todoalfalfa.com.ar\/noticias\/presentaran-dos-nuevas-variedades-en-el-2o-congreso-mundial-de-alfalfa\/#primaryimage"},"thumbnailUrl":"https:\/\/i0.wp.com\/www.todoalfalfa.com.ar\/noticias\/wp-content\/uploads\/2018\/10\/alfalfa_primerplano6.jpg?fit=777%2C437&ssl=1","keywords":["2018","2\u00ba","alfalfa","Congreso","Holiday","Inn","mundial"],"articleSection":["Generales"],"inLanguage":"es"},{"@type":["WebPage","ItemPage"],"@id":"https:\/\/www.todoalfalfa.com.ar\/noticias\/presentaran-dos-nuevas-variedades-en-el-2o-congreso-mundial-de-alfalfa\/","url":"https:\/\/www.todoalfalfa.com.ar\/noticias\/presentaran-dos-nuevas-variedades-en-el-2o-congreso-mundial-de-alfalfa\/","name":"Presentar\u00e1n dos nuevas variedades en el 2\u00ba Congreso Mundial de Alfalfa","isPartOf":{"@id":"https:\/\/www.todoalfalfa.com.ar\/noticias\/#website"},"primaryImageOfPage":{"@id":"https:\/\/www.todoalfalfa.com.ar\/noticias\/presentaran-dos-nuevas-variedades-en-el-2o-congreso-mundial-de-alfalfa\/#primaryimage"},"image":{"@id":"https:\/\/www.todoalfalfa.com.ar\/noticias\/presentaran-dos-nuevas-variedades-en-el-2o-congreso-mundial-de-alfalfa\/#primaryimage"},"thumbnailUrl":"https:\/\/i0.wp.com\/www.todoalfalfa.com.ar\/noticias\/wp-content\/uploads\/2018\/10\/alfalfa_primerplano6.jpg?fit=777%2C437&ssl=1","datePublished":"2018-10-29T19:51:46+00:00","breadcrumb":{"@id":"https:\/\/www.todoalfalfa.com.ar\/noticias\/presentaran-dos-nuevas-variedades-en-el-2o-congreso-mundial-de-alfalfa\/#breadcrumb"},"inLanguage":"es","potentialAction":[{"@type":"ReadAction","target":["https:\/\/www.todoalfalfa.com.ar\/noticias\/presentaran-dos-nuevas-variedades-en-el-2o-congreso-mundial-de-alfalfa\/"]}]},{"@type":"ImageObject","inLanguage":"es","@id":"https:\/\/www.todoalfalfa.com.ar\/noticias\/presentaran-dos-nuevas-variedades-en-el-2o-congreso-mundial-de-alfalfa\/#primaryimage","url":"https:\/\/i0.wp.com\/www.todoalfalfa.com.ar\/noticias\/wp-content\/uploads\/2018\/10\/alfalfa_primerplano6.jpg?fit=777%2C437&ssl=1","contentUrl":"https:\/\/i0.wp.com\/www.todoalfalfa.com.ar\/noticias\/wp-content\/uploads\/2018\/10\/alfalfa_primerplano6.jpg?fit=777%2C437&ssl=1","width":777,"height":437},{"@type":"BreadcrumbList","@id":"https:\/\/www.todoalfalfa.com.ar\/noticias\/presentaran-dos-nuevas-variedades-en-el-2o-congreso-mundial-de-alfalfa\/#breadcrumb","itemListElement":[{"@type":"ListItem","position":1,"name":"Principal","item":"https:\/\/www.todoalfalfa.com.ar\/noticias\/"},{"@type":"ListItem","position":2,"name":"Presentar\u00e1n dos nuevas variedades en el 2\u00ba Congreso Mundial de Alfalfa"}]},{"@type":"WebSite","@id":"https:\/\/www.todoalfalfa.com.ar\/noticias\/#website","url":"https:\/\/www.todoalfalfa.com.ar\/noticias\/","name":"Todo Alfalfa","description":"Web informativa de la cadena de la alfalfa argentina","publisher":{"@id":"https:\/\/www.todoalfalfa.com.ar\/noticias\/#organization"},"potentialAction":[{"@type":"SearchAction","target":{"@type":"EntryPoint","urlTemplate":"https:\/\/www.todoalfalfa.com.ar\/noticias\/?s={search_term_string}"},"query-input":{"@type":"PropertyValueSpecification","valueRequired":true,"valueName":"search_term_string"}}],"inLanguage":"es"},{"@type":"Organization","@id":"https:\/\/www.todoalfalfa.com.ar\/noticias\/#organization","name":"Todo Alfalfa","url":"https:\/\/www.todoalfalfa.com.ar\/noticias\/","logo":{"@type":"ImageObject","inLanguage":"es","@id":"https:\/\/www.todoalfalfa.com.ar\/noticias\/#\/schema\/logo\/image\/","url":"https:\/\/www.todoalfalfa.com.ar\/noticias\/wp-content\/uploads\/2020\/09\/logo-todo-alfalfa-modificado.png","contentUrl":"https:\/\/www.todoalfalfa.com.ar\/noticias\/wp-content\/uploads\/2020\/09\/logo-todo-alfalfa-modificado.png","width":350,"height":100,"caption":"Todo Alfalfa"},"image":{"@id":"https:\/\/www.todoalfalfa.com.ar\/noticias\/#\/schema\/logo\/image\/"},"sameAs":["https:\/\/www.facebook.com\/todoalfalfa","https:\/\/www.instagram.com\/todoalfalfa","https:\/\/www.youtube.com\/@TodoAlfalfa","https:\/\/www.linkedin.com\/company\/todoalfalfa\/"]},{"@type":"Person","@id":"https:\/\/www.todoalfalfa.com.ar\/noticias\/#\/schema\/person\/4ee4bca9b9fa50c4f0fbaf7017fbf2ad","name":"Todo Alfalfa","image":{"@type":"ImageObject","inLanguage":"es","@id":"https:\/\/www.todoalfalfa.com.ar\/noticias\/#\/schema\/person\/image\/","url":"https:\/\/secure.gravatar.com\/avatar\/4d26a600a1380823a26c3f9cb74ada1a8ee4b482c0c3a616ab022b865c46be8f?s=96&d=mm&r=g","contentUrl":"https:\/\/secure.gravatar.com\/avatar\/4d26a600a1380823a26c3f9cb74ada1a8ee4b482c0c3a616ab022b865c46be8f?s=96&d=mm&r=g","caption":"Todo Alfalfa"},"sameAs":["http:\/\/www.todoalfalfa.com.ar"],"url":"https:\/\/www.todoalfalfa.com.ar\/noticias\/author\/todoalfalfa\/"}]}},"jetpack_featured_media_url":"https:\/\/i0.wp.com\/www.todoalfalfa.com.ar\/noticias\/wp-content\/uploads\/2018\/10\/alfalfa_primerplano6.jpg?fit=777%2C437&ssl=1","wps_subtitle":"Una de las nuevas alfalfas posee tolerancia a condiciones de salinidad y la otra cuenta con una alta proporci\u00f3n de hojas multifolioladas para forraje de calidad. Ambas se presentar\u00e1n en el marco del 2\u00ba Congreso Mundial, que se realizar\u00e1 en C\u00f3rdoba del 11 al 14 de noviembre.","jetpack_sharing_enabled":true,"_links":{"self":[{"href":"https:\/\/www.todoalfalfa.com.ar\/noticias\/wp-json\/wp\/v2\/posts\/2450","targetHints":{"allow":["GET"]}}],"collection":[{"href":"https:\/\/www.todoalfalfa.com.ar\/noticias\/wp-json\/wp\/v2\/posts"}],"about":[{"href":"https:\/\/www.todoalfalfa.com.ar\/noticias\/wp-json\/wp\/v2\/types\/post"}],"author":[{"embeddable":true,"href":"https:\/\/www.todoalfalfa.com.ar\/noticias\/wp-json\/wp\/v2\/users\/3"}],"replies":[{"embeddable":true,"href":"https:\/\/www.todoalfalfa.com.ar\/noticias\/wp-json\/wp\/v2\/comments?post=2450"}],"version-history":[{"count":0,"href":"https:\/\/www.todoalfalfa.com.ar\/noticias\/wp-json\/wp\/v2\/posts\/2450\/revisions"}],"wp:featuredmedia":[{"embeddable":true,"href":"https:\/\/www.todoalfalfa.com.ar\/noticias\/wp-json\/wp\/v2\/media\/2454"}],"wp:attachment":[{"href":"https:\/\/www.todoalfalfa.com.ar\/noticias\/wp-json\/wp\/v2\/media?parent=2450"}],"wp:term":[{"taxonomy":"category","embeddable":true,"href":"https:\/\/www.todoalfalfa.com.ar\/noticias\/wp-json\/wp\/v2\/categories?post=2450"},{"taxonomy":"post_tag","embeddable":true,"href":"https:\/\/www.todoalfalfa.com.ar\/noticias\/wp-json\/wp\/v2\/tags?post=2450"}],"curies":[{"name":"wp","href":"https:\/\/api.w.org\/{rel}","templated":true}]}}