{"id":2479,"date":"2018-11-02T18:30:07","date_gmt":"2018-11-02T21:30:07","guid":{"rendered":"https:\/\/todoalfalfa.com.ar\/?p=2479"},"modified":"2018-11-02T18:30:07","modified_gmt":"2018-11-02T21:30:07","slug":"analizaron-los-alcances-de-la-liberacion-comercial-en-el-pais-de-la-primera-alfalfa-transgenica","status":"publish","type":"post","link":"https:\/\/www.todoalfalfa.com.ar\/noticias\/analizaron-los-alcances-de-la-liberacion-comercial-en-el-pais-de-la-primera-alfalfa-transgenica\/","title":{"rendered":"Analizaron los alcances de la liberaci\u00f3n comercial en el pa\u00eds de la primera alfalfa transg\u00e9nica"},"content":{"rendered":"<p>Ello fue aprobado mediante la Resoluci\u00f3n 33 de la Secretar\u00eda de Alimentos y Bioeconom\u00eda del Ministerio de Agroindustria de la Naci\u00f3n, publicada en el <a href=\"https:\/\/www.boletinoficial.gob.ar\/#!DetalleNorma\/185425\/20180608\">Bolet\u00edn Oficial del 8 de junio pasado<\/a>. La norma autoriz\u00f3 al Instituto de Agrobiotecnolog\u00eda Rosario S.A. (INDEAR) la comercializaci\u00f3n de semilla de alfalfa y sus productos derivados, de cultivares con la acumulaci\u00f3n de los eventos MON-00179-5 y MON-00101-8 (OCDE) que confieren menor contenido de lignina y resistencia a glifosato.<\/p>\n<p>En la reuni\u00f3n, realizada en la Estaci\u00f3n Experimental Agropecuaria Hilario Ascasubi del INTA participaron empresas del sector semillero que concentra aproximadamente el 80% de la producci\u00f3n nacional de semilla de alfalfa convencional (no-GM), organizaciones y empresas ap\u00edcolas locales, empresas vinculadas a la producci\u00f3n de heno para exportaci\u00f3n y al sector tambero local. Tambi\u00e9n estuvieron presentes la Corporaci\u00f3n de Fomento del R\u00edo Colorado (CORFO) y del Instituto Nacional de Semillas (INASE).<\/p>\n<p>La mayor\u00eda de los participantes manifestaron incertidumbre frente a los posibles escenarios en la actividad del VBRC a corto y largo plazo. Desde el sector tambero se coment\u00f3 la posibilidad de que esta nueva variedad mejore la calidad del forraje, si los niveles de lignina fueran significativamente inferiores a las variedades convencionales. Tambi\u00e9n se podr\u00eda mejorar el control de aquellas malezas que no muestren resistencia o tolerancia a glifosato. Qued\u00f3 en claro que ello solo ser\u00eda en el caso de pasturas de alfalfa pura, que son las de menor frecuencia.<\/p>\n<p>Por su parte, el sector semillero presente, mostr\u00f3 gran preocupaci\u00f3n por posibles problemas de contaminaci\u00f3n de las alfalfas no transg\u00e9nicas, como ocurri\u00f3 en EE.UU. Esta situaci\u00f3n amenaza con representar un grave perjuicio econ\u00f3mico para esta tradicional actividad del VBRC, donde se siembran m\u00e1s de siete mil ha de alfalfa para semilla.<\/p>\n<p>Por su parte, el sector ap\u00edcola regional y los productores de heno, mostraron incertidumbre frente a posibles limitaciones para la exportaci\u00f3n de sus productos en algunos mercados internacionales. En el balance general, se consider\u00f3 que la medida afectar\u00eda negativamente a la regi\u00f3n.<\/p>\n<p>Al momento de la reuni\u00f3n, ninguno de los participantes, a trav\u00e9s de las organizaciones que los nuclean, hab\u00eda tenido acceso a los cuatro dict\u00e1menes que sustentaron la Resoluci\u00f3n 33\/2018. Ello resulta de alto valor, pues la misma norma establece que la autorizaci\u00f3n de esta alfalfa GM podr\u00eda quedar sin efecto si existiese nueva informaci\u00f3n cient\u00edfica y t\u00e9cnica que invalide las conclusiones cient\u00edficas en las que se basaron esos dict\u00e1menes.<\/p>\n<p><strong>Palo Verde present\u00f3 sus nuevas variedades de alfalfa<\/strong><br \/>\nEl encuentro sirvi\u00f3 tambi\u00e9n para la presentaci\u00f3n de las nuevas variedades de alfalfa que la empresa desarrolla en convenio con el INTA.<\/p>\n<p>Eestuvo presente el ingeniero\u00a0Raimundo Lavignole, presidente de INASE, el ingeniero\u00a0Daniel Basigalup, genetista del INTA Manfredi, el director t\u00e9cnico de Palo Verde, ingeniero Horacio\u00a0Gallarino y los socios\u00a0fundadores\u00a0de la compa\u00f1\u00eda,\u00a0Carlos Croci y Miguel Ibarra.<br \/>\nEn la ocasi\u00f3n, se dieron a conocer las nuevas variedades Kum\u00e9n PV INTA y Amaya PV INTA.<\/p>\n<p><img data-recalc-dims=\"1\" fetchpriority=\"high\" decoding=\"async\" class=\"alignnone wp-image-2480 size-full\" src=\"https:\/\/i0.wp.com\/todoalfalfa.com.ar\/wp-content\/uploads\/2018\/11\/paloverde_hilarioascasubi.jpg?resize=960%2C720&#038;ssl=1\" alt=\"\" width=\"960\" height=\"720\" srcset=\"https:\/\/i0.wp.com\/www.todoalfalfa.com.ar\/noticias\/wp-content\/uploads\/2018\/11\/paloverde_hilarioascasubi.jpg?w=960&amp;ssl=1 960w, https:\/\/i0.wp.com\/www.todoalfalfa.com.ar\/noticias\/wp-content\/uploads\/2018\/11\/paloverde_hilarioascasubi.jpg?resize=300%2C225&amp;ssl=1 300w, https:\/\/i0.wp.com\/www.todoalfalfa.com.ar\/noticias\/wp-content\/uploads\/2018\/11\/paloverde_hilarioascasubi.jpg?resize=768%2C576&amp;ssl=1 768w\" sizes=\"(max-width: 960px) 100vw, 960px\" \/><\/p>\n<p>Kum\u00e9n PV INTA es\u00a0una variedad sint\u00e9tica seleccionada por tolerancia y producci\u00f3n de forraje bajo condiciones de salinidad y deriva de tres ciclos de selecci\u00f3n fenot\u00edpica a campo en el ambiente semi\u00e1rido salino de la localidad de Isla Verde, en Santiago del Estero, recomendada\u00a0para la producci\u00f3n de forraje en condiciones de salinidad en ambientes de secano o bajo riego.\u00a0Se trata de una variedad sin reposo invernal (GRI 9) que presenta porte erecto, coronas de tama\u00f1o intermedio, abundante cantidad de tallos y abundante foliosidad. Asimismo, se destaca por su alta resistencia al pulg\u00f3n moteado, a la fusariosis y a los pulgones verde y azul, adem\u00e1s de contar con una moderada resistencia a fit\u00f3ftora y antracnosis.<\/p>\n<p>En tanto que\u00a0Amaya PV INTA tiene una alta proporci\u00f3n de hojas multifolioladas genera forraje de alta calidad por su mayor relaci\u00f3n hoja\/tallo, es decir que el 78 % de las plantas presentan varias hojas con un promedio de cinco a siete fol\u00edolos y est\u00e1 recomendada\u00a0para la producci\u00f3n de carne o leche en condiciones de secano en toda la Regi\u00f3n Pampeana, tanto en condiciones de pastoreo directo o corte. Asimismo, aconsej\u00f3 su utilizaci\u00f3n para la confecci\u00f3n de reservas forrajeras (heno y\/o henolaje) de alta calidad en todas las \u00e1reas alfalferas del pa\u00eds.<\/p>\n<div class=\"todoalfalfa-final-de-la-nota\" id=\"todoalfalfa-1150070964\"><a href=\"https:\/\/www.whatsapp.com\/channel\/0029VbCBmFB9WtBxJsD3eC2i\" target=\"_blank\" aria-label=\"5\"><img src=\"https:\/\/i0.wp.com\/www.todoalfalfa.com.ar\/noticias\/wp-content\/uploads\/2026\/04\/5.gif?fit=728%2C90&#038;ssl=1\" alt=\"\"  width=\"728\" height=\"90\"   \/><\/a><\/div>","protected":false},"excerpt":{"rendered":"<p>Ello fue aprobado mediante la Resoluci&oacute;n 33 de la Secretar&iacute;a de Alimentos y Bioeconom&iacute;a del Ministerio de Agroindustria de la&#8230;<\/p>\n","protected":false},"author":3,"featured_media":2481,"comment_status":"closed","ping_status":"open","sticky":false,"template":"","format":"standard","meta":{"jetpack_post_was_ever_published":false,"_jetpack_newsletter_access":"","_jetpack_dont_email_post_to_subs":false,"_jetpack_newsletter_tier_id":0,"_jetpack_memberships_contains_paywalled_content":false,"_jetpack_memberships_contains_paid_content":false,"footnotes":""},"categories":[2],"tags":[476,31,479,478,477,480,94,481],"class_list":["post-2479","post","type-post","status-publish","format-standard","has-post-thumbnail","hentry","category-generales","tag-alcances","tag-alfalfa","tag-colorado","tag-gm","tag-liberacion","tag-palo","tag-rio","tag-verde"],"yoast_head":"<!-- This site is optimized with the Yoast SEO plugin v25.5 - https:\/\/yoast.com\/wordpress\/plugins\/seo\/ -->\n<title>Analizaron los alcances de la liberaci\u00f3n comercial en el pa\u00eds de la primera alfalfa transg\u00e9nica<\/title>\n<meta name=\"robots\" content=\"index, follow, max-snippet:-1, max-image-preview:large, max-video-preview:-1\" \/>\n<link rel=\"canonical\" href=\"https:\/\/www.todoalfalfa.com.ar\/noticias\/analizaron-los-alcances-de-la-liberacion-comercial-en-el-pais-de-la-primera-alfalfa-transgenica\/\" \/>\n<meta property=\"og:locale\" content=\"es_ES\" \/>\n<meta property=\"og:type\" content=\"article\" \/>\n<meta property=\"og:title\" content=\"Analizaron los alcances de la liberaci\u00f3n comercial en el pa\u00eds de la primera alfalfa transg\u00e9nica\" \/>\n<meta property=\"og:description\" content=\"Ello fue aprobado mediante la Resoluci&oacute;n 33 de la Secretar&iacute;a de Alimentos y Bioeconom&iacute;a del Ministerio de Agroindustria de la...\" \/>\n<meta property=\"og:url\" content=\"https:\/\/www.todoalfalfa.com.ar\/noticias\/analizaron-los-alcances-de-la-liberacion-comercial-en-el-pais-de-la-primera-alfalfa-transgenica\/\" \/>\n<meta property=\"og:site_name\" content=\"Todo Alfalfa\" \/>\n<meta property=\"article:publisher\" content=\"https:\/\/www.facebook.com\/todoalfalfa\" \/>\n<meta property=\"article:published_time\" content=\"2018-11-02T21:30:07+00:00\" \/>\n<meta property=\"og:image\" content=\"https:\/\/www.todoalfalfa.com.ar\/noticias\/wp-content\/uploads\/2018\/11\/hilarioascasubi_alfalfa.jpg\" \/>\n\t<meta property=\"og:image:width\" content=\"711\" \/>\n\t<meta property=\"og:image:height\" content=\"400\" \/>\n\t<meta property=\"og:image:type\" content=\"image\/jpeg\" \/>\n<meta name=\"author\" content=\"Todo Alfalfa\" \/>\n<meta name=\"twitter:card\" content=\"summary_large_image\" \/>\n<meta name=\"twitter:label1\" content=\"Escrito por\" \/>\n\t<meta name=\"twitter:data1\" content=\"Todo Alfalfa\" \/>\n\t<meta name=\"twitter:label2\" content=\"Tiempo de lectura\" \/>\n\t<meta name=\"twitter:data2\" content=\"4 minutos\" \/>\n<script type=\"application\/ld+json\" class=\"yoast-schema-graph\">{\"@context\":\"https:\/\/schema.org\",\"@graph\":[{\"@type\":\"NewsArticle\",\"@id\":\"https:\/\/www.todoalfalfa.com.ar\/noticias\/analizaron-los-alcances-de-la-liberacion-comercial-en-el-pais-de-la-primera-alfalfa-transgenica\/#article\",\"isPartOf\":{\"@id\":\"https:\/\/www.todoalfalfa.com.ar\/noticias\/analizaron-los-alcances-de-la-liberacion-comercial-en-el-pais-de-la-primera-alfalfa-transgenica\/\"},\"author\":{\"name\":\"Todo Alfalfa\",\"@id\":\"https:\/\/www.todoalfalfa.com.ar\/noticias\/#\/schema\/person\/4ee4bca9b9fa50c4f0fbaf7017fbf2ad\"},\"headline\":\"Analizaron los alcances de la liberaci\u00f3n comercial en el pa\u00eds de la primera alfalfa transg\u00e9nica\",\"datePublished\":\"2018-11-02T21:30:07+00:00\",\"mainEntityOfPage\":{\"@id\":\"https:\/\/www.todoalfalfa.com.ar\/noticias\/analizaron-los-alcances-de-la-liberacion-comercial-en-el-pais-de-la-primera-alfalfa-transgenica\/\"},\"wordCount\":774,\"publisher\":{\"@id\":\"https:\/\/www.todoalfalfa.com.ar\/noticias\/#organization\"},\"image\":{\"@id\":\"https:\/\/www.todoalfalfa.com.ar\/noticias\/analizaron-los-alcances-de-la-liberacion-comercial-en-el-pais-de-la-primera-alfalfa-transgenica\/#primaryimage\"},\"thumbnailUrl\":\"https:\/\/i0.wp.com\/www.todoalfalfa.com.ar\/noticias\/wp-content\/uploads\/2018\/11\/hilarioascasubi_alfalfa.jpg?fit=711%2C400&ssl=1\",\"keywords\":[\"alcances\",\"alfalfa\",\"Colorado\",\"GM\",\"liberaci\u00f3n\",\"Palo\",\"R\u00edo\",\"Verde\"],\"articleSection\":[\"Generales\"],\"inLanguage\":\"es\"},{\"@type\":[\"WebPage\",\"ItemPage\"],\"@id\":\"https:\/\/www.todoalfalfa.com.ar\/noticias\/analizaron-los-alcances-de-la-liberacion-comercial-en-el-pais-de-la-primera-alfalfa-transgenica\/\",\"url\":\"https:\/\/www.todoalfalfa.com.ar\/noticias\/analizaron-los-alcances-de-la-liberacion-comercial-en-el-pais-de-la-primera-alfalfa-transgenica\/\",\"name\":\"Analizaron los alcances de la liberaci\u00f3n comercial en el pa\u00eds de la primera alfalfa transg\u00e9nica\",\"isPartOf\":{\"@id\":\"https:\/\/www.todoalfalfa.com.ar\/noticias\/#website\"},\"primaryImageOfPage\":{\"@id\":\"https:\/\/www.todoalfalfa.com.ar\/noticias\/analizaron-los-alcances-de-la-liberacion-comercial-en-el-pais-de-la-primera-alfalfa-transgenica\/#primaryimage\"},\"image\":{\"@id\":\"https:\/\/www.todoalfalfa.com.ar\/noticias\/analizaron-los-alcances-de-la-liberacion-comercial-en-el-pais-de-la-primera-alfalfa-transgenica\/#primaryimage\"},\"thumbnailUrl\":\"https:\/\/i0.wp.com\/www.todoalfalfa.com.ar\/noticias\/wp-content\/uploads\/2018\/11\/hilarioascasubi_alfalfa.jpg?fit=711%2C400&ssl=1\",\"datePublished\":\"2018-11-02T21:30:07+00:00\",\"breadcrumb\":{\"@id\":\"https:\/\/www.todoalfalfa.com.ar\/noticias\/analizaron-los-alcances-de-la-liberacion-comercial-en-el-pais-de-la-primera-alfalfa-transgenica\/#breadcrumb\"},\"inLanguage\":\"es\",\"potentialAction\":[{\"@type\":\"ReadAction\",\"target\":[\"https:\/\/www.todoalfalfa.com.ar\/noticias\/analizaron-los-alcances-de-la-liberacion-comercial-en-el-pais-de-la-primera-alfalfa-transgenica\/\"]}]},{\"@type\":\"ImageObject\",\"inLanguage\":\"es\",\"@id\":\"https:\/\/www.todoalfalfa.com.ar\/noticias\/analizaron-los-alcances-de-la-liberacion-comercial-en-el-pais-de-la-primera-alfalfa-transgenica\/#primaryimage\",\"url\":\"https:\/\/i0.wp.com\/www.todoalfalfa.com.ar\/noticias\/wp-content\/uploads\/2018\/11\/hilarioascasubi_alfalfa.jpg?fit=711%2C400&ssl=1\",\"contentUrl\":\"https:\/\/i0.wp.com\/www.todoalfalfa.com.ar\/noticias\/wp-content\/uploads\/2018\/11\/hilarioascasubi_alfalfa.jpg?fit=711%2C400&ssl=1\",\"width\":711,\"height\":400},{\"@type\":\"BreadcrumbList\",\"@id\":\"https:\/\/www.todoalfalfa.com.ar\/noticias\/analizaron-los-alcances-de-la-liberacion-comercial-en-el-pais-de-la-primera-alfalfa-transgenica\/#breadcrumb\",\"itemListElement\":[{\"@type\":\"ListItem\",\"position\":1,\"name\":\"Principal\",\"item\":\"https:\/\/www.todoalfalfa.com.ar\/noticias\/\"},{\"@type\":\"ListItem\",\"position\":2,\"name\":\"Analizaron los alcances de la liberaci\u00f3n comercial en el pa\u00eds de la primera alfalfa transg\u00e9nica\"}]},{\"@type\":\"WebSite\",\"@id\":\"https:\/\/www.todoalfalfa.com.ar\/noticias\/#website\",\"url\":\"https:\/\/www.todoalfalfa.com.ar\/noticias\/\",\"name\":\"Todo Alfalfa\",\"description\":\"Web informativa de la cadena de la alfalfa argentina\",\"publisher\":{\"@id\":\"https:\/\/www.todoalfalfa.com.ar\/noticias\/#organization\"},\"potentialAction\":[{\"@type\":\"SearchAction\",\"target\":{\"@type\":\"EntryPoint\",\"urlTemplate\":\"https:\/\/www.todoalfalfa.com.ar\/noticias\/?s={search_term_string}\"},\"query-input\":{\"@type\":\"PropertyValueSpecification\",\"valueRequired\":true,\"valueName\":\"search_term_string\"}}],\"inLanguage\":\"es\"},{\"@type\":\"Organization\",\"@id\":\"https:\/\/www.todoalfalfa.com.ar\/noticias\/#organization\",\"name\":\"Todo Alfalfa\",\"url\":\"https:\/\/www.todoalfalfa.com.ar\/noticias\/\",\"logo\":{\"@type\":\"ImageObject\",\"inLanguage\":\"es\",\"@id\":\"https:\/\/www.todoalfalfa.com.ar\/noticias\/#\/schema\/logo\/image\/\",\"url\":\"https:\/\/www.todoalfalfa.com.ar\/noticias\/wp-content\/uploads\/2020\/09\/logo-todo-alfalfa-modificado.png\",\"contentUrl\":\"https:\/\/www.todoalfalfa.com.ar\/noticias\/wp-content\/uploads\/2020\/09\/logo-todo-alfalfa-modificado.png\",\"width\":350,\"height\":100,\"caption\":\"Todo Alfalfa\"},\"image\":{\"@id\":\"https:\/\/www.todoalfalfa.com.ar\/noticias\/#\/schema\/logo\/image\/\"},\"sameAs\":[\"https:\/\/www.facebook.com\/todoalfalfa\",\"https:\/\/www.instagram.com\/todoalfalfa\",\"https:\/\/www.youtube.com\/@TodoAlfalfa\",\"https:\/\/www.linkedin.com\/company\/todoalfalfa\/\"]},{\"@type\":\"Person\",\"@id\":\"https:\/\/www.todoalfalfa.com.ar\/noticias\/#\/schema\/person\/4ee4bca9b9fa50c4f0fbaf7017fbf2ad\",\"name\":\"Todo Alfalfa\",\"image\":{\"@type\":\"ImageObject\",\"inLanguage\":\"es\",\"@id\":\"https:\/\/www.todoalfalfa.com.ar\/noticias\/#\/schema\/person\/image\/\",\"url\":\"https:\/\/secure.gravatar.com\/avatar\/4d26a600a1380823a26c3f9cb74ada1a8ee4b482c0c3a616ab022b865c46be8f?s=96&d=mm&r=g\",\"contentUrl\":\"https:\/\/secure.gravatar.com\/avatar\/4d26a600a1380823a26c3f9cb74ada1a8ee4b482c0c3a616ab022b865c46be8f?s=96&d=mm&r=g\",\"caption\":\"Todo Alfalfa\"},\"sameAs\":[\"http:\/\/www.todoalfalfa.com.ar\"],\"url\":\"https:\/\/www.todoalfalfa.com.ar\/noticias\/author\/todoalfalfa\/\"}]}<\/script>\n<!-- \/ Yoast SEO plugin. -->","yoast_head_json":{"title":"Analizaron los alcances de la liberaci\u00f3n comercial en el pa\u00eds de la primera alfalfa transg\u00e9nica","robots":{"index":"index","follow":"follow","max-snippet":"max-snippet:-1","max-image-preview":"max-image-preview:large","max-video-preview":"max-video-preview:-1"},"canonical":"https:\/\/www.todoalfalfa.com.ar\/noticias\/analizaron-los-alcances-de-la-liberacion-comercial-en-el-pais-de-la-primera-alfalfa-transgenica\/","og_locale":"es_ES","og_type":"article","og_title":"Analizaron los alcances de la liberaci\u00f3n comercial en el pa\u00eds de la primera alfalfa transg\u00e9nica","og_description":"Ello fue aprobado mediante la Resoluci&oacute;n 33 de la Secretar&iacute;a de Alimentos y Bioeconom&iacute;a del Ministerio de Agroindustria de la...","og_url":"https:\/\/www.todoalfalfa.com.ar\/noticias\/analizaron-los-alcances-de-la-liberacion-comercial-en-el-pais-de-la-primera-alfalfa-transgenica\/","og_site_name":"Todo Alfalfa","article_publisher":"https:\/\/www.facebook.com\/todoalfalfa","article_published_time":"2018-11-02T21:30:07+00:00","og_image":[{"width":711,"height":400,"url":"https:\/\/www.todoalfalfa.com.ar\/noticias\/wp-content\/uploads\/2018\/11\/hilarioascasubi_alfalfa.jpg","type":"image\/jpeg"}],"author":"Todo Alfalfa","twitter_card":"summary_large_image","twitter_misc":{"Escrito por":"Todo Alfalfa","Tiempo de lectura":"4 minutos"},"schema":{"@context":"https:\/\/schema.org","@graph":[{"@type":"NewsArticle","@id":"https:\/\/www.todoalfalfa.com.ar\/noticias\/analizaron-los-alcances-de-la-liberacion-comercial-en-el-pais-de-la-primera-alfalfa-transgenica\/#article","isPartOf":{"@id":"https:\/\/www.todoalfalfa.com.ar\/noticias\/analizaron-los-alcances-de-la-liberacion-comercial-en-el-pais-de-la-primera-alfalfa-transgenica\/"},"author":{"name":"Todo Alfalfa","@id":"https:\/\/www.todoalfalfa.com.ar\/noticias\/#\/schema\/person\/4ee4bca9b9fa50c4f0fbaf7017fbf2ad"},"headline":"Analizaron los alcances de la liberaci\u00f3n comercial en el pa\u00eds de la primera alfalfa transg\u00e9nica","datePublished":"2018-11-02T21:30:07+00:00","mainEntityOfPage":{"@id":"https:\/\/www.todoalfalfa.com.ar\/noticias\/analizaron-los-alcances-de-la-liberacion-comercial-en-el-pais-de-la-primera-alfalfa-transgenica\/"},"wordCount":774,"publisher":{"@id":"https:\/\/www.todoalfalfa.com.ar\/noticias\/#organization"},"image":{"@id":"https:\/\/www.todoalfalfa.com.ar\/noticias\/analizaron-los-alcances-de-la-liberacion-comercial-en-el-pais-de-la-primera-alfalfa-transgenica\/#primaryimage"},"thumbnailUrl":"https:\/\/i0.wp.com\/www.todoalfalfa.com.ar\/noticias\/wp-content\/uploads\/2018\/11\/hilarioascasubi_alfalfa.jpg?fit=711%2C400&ssl=1","keywords":["alcances","alfalfa","Colorado","GM","liberaci\u00f3n","Palo","R\u00edo","Verde"],"articleSection":["Generales"],"inLanguage":"es"},{"@type":["WebPage","ItemPage"],"@id":"https:\/\/www.todoalfalfa.com.ar\/noticias\/analizaron-los-alcances-de-la-liberacion-comercial-en-el-pais-de-la-primera-alfalfa-transgenica\/","url":"https:\/\/www.todoalfalfa.com.ar\/noticias\/analizaron-los-alcances-de-la-liberacion-comercial-en-el-pais-de-la-primera-alfalfa-transgenica\/","name":"Analizaron los alcances de la liberaci\u00f3n comercial en el pa\u00eds de la primera alfalfa transg\u00e9nica","isPartOf":{"@id":"https:\/\/www.todoalfalfa.com.ar\/noticias\/#website"},"primaryImageOfPage":{"@id":"https:\/\/www.todoalfalfa.com.ar\/noticias\/analizaron-los-alcances-de-la-liberacion-comercial-en-el-pais-de-la-primera-alfalfa-transgenica\/#primaryimage"},"image":{"@id":"https:\/\/www.todoalfalfa.com.ar\/noticias\/analizaron-los-alcances-de-la-liberacion-comercial-en-el-pais-de-la-primera-alfalfa-transgenica\/#primaryimage"},"thumbnailUrl":"https:\/\/i0.wp.com\/www.todoalfalfa.com.ar\/noticias\/wp-content\/uploads\/2018\/11\/hilarioascasubi_alfalfa.jpg?fit=711%2C400&ssl=1","datePublished":"2018-11-02T21:30:07+00:00","breadcrumb":{"@id":"https:\/\/www.todoalfalfa.com.ar\/noticias\/analizaron-los-alcances-de-la-liberacion-comercial-en-el-pais-de-la-primera-alfalfa-transgenica\/#breadcrumb"},"inLanguage":"es","potentialAction":[{"@type":"ReadAction","target":["https:\/\/www.todoalfalfa.com.ar\/noticias\/analizaron-los-alcances-de-la-liberacion-comercial-en-el-pais-de-la-primera-alfalfa-transgenica\/"]}]},{"@type":"ImageObject","inLanguage":"es","@id":"https:\/\/www.todoalfalfa.com.ar\/noticias\/analizaron-los-alcances-de-la-liberacion-comercial-en-el-pais-de-la-primera-alfalfa-transgenica\/#primaryimage","url":"https:\/\/i0.wp.com\/www.todoalfalfa.com.ar\/noticias\/wp-content\/uploads\/2018\/11\/hilarioascasubi_alfalfa.jpg?fit=711%2C400&ssl=1","contentUrl":"https:\/\/i0.wp.com\/www.todoalfalfa.com.ar\/noticias\/wp-content\/uploads\/2018\/11\/hilarioascasubi_alfalfa.jpg?fit=711%2C400&ssl=1","width":711,"height":400},{"@type":"BreadcrumbList","@id":"https:\/\/www.todoalfalfa.com.ar\/noticias\/analizaron-los-alcances-de-la-liberacion-comercial-en-el-pais-de-la-primera-alfalfa-transgenica\/#breadcrumb","itemListElement":[{"@type":"ListItem","position":1,"name":"Principal","item":"https:\/\/www.todoalfalfa.com.ar\/noticias\/"},{"@type":"ListItem","position":2,"name":"Analizaron los alcances de la liberaci\u00f3n comercial en el pa\u00eds de la primera alfalfa transg\u00e9nica"}]},{"@type":"WebSite","@id":"https:\/\/www.todoalfalfa.com.ar\/noticias\/#website","url":"https:\/\/www.todoalfalfa.com.ar\/noticias\/","name":"Todo Alfalfa","description":"Web informativa de la cadena de la alfalfa argentina","publisher":{"@id":"https:\/\/www.todoalfalfa.com.ar\/noticias\/#organization"},"potentialAction":[{"@type":"SearchAction","target":{"@type":"EntryPoint","urlTemplate":"https:\/\/www.todoalfalfa.com.ar\/noticias\/?s={search_term_string}"},"query-input":{"@type":"PropertyValueSpecification","valueRequired":true,"valueName":"search_term_string"}}],"inLanguage":"es"},{"@type":"Organization","@id":"https:\/\/www.todoalfalfa.com.ar\/noticias\/#organization","name":"Todo Alfalfa","url":"https:\/\/www.todoalfalfa.com.ar\/noticias\/","logo":{"@type":"ImageObject","inLanguage":"es","@id":"https:\/\/www.todoalfalfa.com.ar\/noticias\/#\/schema\/logo\/image\/","url":"https:\/\/www.todoalfalfa.com.ar\/noticias\/wp-content\/uploads\/2020\/09\/logo-todo-alfalfa-modificado.png","contentUrl":"https:\/\/www.todoalfalfa.com.ar\/noticias\/wp-content\/uploads\/2020\/09\/logo-todo-alfalfa-modificado.png","width":350,"height":100,"caption":"Todo Alfalfa"},"image":{"@id":"https:\/\/www.todoalfalfa.com.ar\/noticias\/#\/schema\/logo\/image\/"},"sameAs":["https:\/\/www.facebook.com\/todoalfalfa","https:\/\/www.instagram.com\/todoalfalfa","https:\/\/www.youtube.com\/@TodoAlfalfa","https:\/\/www.linkedin.com\/company\/todoalfalfa\/"]},{"@type":"Person","@id":"https:\/\/www.todoalfalfa.com.ar\/noticias\/#\/schema\/person\/4ee4bca9b9fa50c4f0fbaf7017fbf2ad","name":"Todo Alfalfa","image":{"@type":"ImageObject","inLanguage":"es","@id":"https:\/\/www.todoalfalfa.com.ar\/noticias\/#\/schema\/person\/image\/","url":"https:\/\/secure.gravatar.com\/avatar\/4d26a600a1380823a26c3f9cb74ada1a8ee4b482c0c3a616ab022b865c46be8f?s=96&d=mm&r=g","contentUrl":"https:\/\/secure.gravatar.com\/avatar\/4d26a600a1380823a26c3f9cb74ada1a8ee4b482c0c3a616ab022b865c46be8f?s=96&d=mm&r=g","caption":"Todo Alfalfa"},"sameAs":["http:\/\/www.todoalfalfa.com.ar"],"url":"https:\/\/www.todoalfalfa.com.ar\/noticias\/author\/todoalfalfa\/"}]}},"jetpack_featured_media_url":"https:\/\/i0.wp.com\/www.todoalfalfa.com.ar\/noticias\/wp-content\/uploads\/2018\/11\/hilarioascasubi_alfalfa.jpg?fit=711%2C400&ssl=1","wps_subtitle":"Se realiz\u00f3 una reuni\u00f3n con los principales actores vinculados al cultivo de alfalfa en el valle bonaerense del R\u00edo Colorado (VBRC). El objetivo fue analizar los alcances a corto y largo plazo, de la reciente liberaci\u00f3n comercial en Argentina de la primera alfalfa gen\u00e9ticamente modificada (GM).","jetpack_sharing_enabled":true,"_links":{"self":[{"href":"https:\/\/www.todoalfalfa.com.ar\/noticias\/wp-json\/wp\/v2\/posts\/2479","targetHints":{"allow":["GET"]}}],"collection":[{"href":"https:\/\/www.todoalfalfa.com.ar\/noticias\/wp-json\/wp\/v2\/posts"}],"about":[{"href":"https:\/\/www.todoalfalfa.com.ar\/noticias\/wp-json\/wp\/v2\/types\/post"}],"author":[{"embeddable":true,"href":"https:\/\/www.todoalfalfa.com.ar\/noticias\/wp-json\/wp\/v2\/users\/3"}],"replies":[{"embeddable":true,"href":"https:\/\/www.todoalfalfa.com.ar\/noticias\/wp-json\/wp\/v2\/comments?post=2479"}],"version-history":[{"count":0,"href":"https:\/\/www.todoalfalfa.com.ar\/noticias\/wp-json\/wp\/v2\/posts\/2479\/revisions"}],"wp:featuredmedia":[{"embeddable":true,"href":"https:\/\/www.todoalfalfa.com.ar\/noticias\/wp-json\/wp\/v2\/media\/2481"}],"wp:attachment":[{"href":"https:\/\/www.todoalfalfa.com.ar\/noticias\/wp-json\/wp\/v2\/media?parent=2479"}],"wp:term":[{"taxonomy":"category","embeddable":true,"href":"https:\/\/www.todoalfalfa.com.ar\/noticias\/wp-json\/wp\/v2\/categories?post=2479"},{"taxonomy":"post_tag","embeddable":true,"href":"https:\/\/www.todoalfalfa.com.ar\/noticias\/wp-json\/wp\/v2\/tags?post=2479"}],"curies":[{"name":"wp","href":"https:\/\/api.w.org\/{rel}","templated":true}]}}