{"id":2538,"date":"2018-11-13T11:52:59","date_gmt":"2018-11-13T14:52:59","guid":{"rendered":"https:\/\/todoalfalfa.com.ar\/?p=2538"},"modified":"2018-11-13T11:52:59","modified_gmt":"2018-11-13T14:52:59","slug":"nos-debemos-una-ley-de-semillas-que-contemple-a-todos-los-actores","status":"publish","type":"post","link":"https:\/\/www.todoalfalfa.com.ar\/noticias\/nos-debemos-una-ley-de-semillas-que-contemple-a-todos-los-actores\/","title":{"rendered":"\u201cNos debemos una Ley de Semillas que contemple a todos los actores\u201d"},"content":{"rendered":"<p>Comenz\u00f3 este lunes el 2\u00b0 Congreso Mundial de Alfalfa en el Centro de Convenciones del Hotel Holiday Inn de la ciudad de C\u00f3rdoba, organizado por el Instituto Nacional de Tecnolog\u00eda Agropecuaria (INTA), con el apoyo del Ministerio de Agricultura y Ganader\u00eda de la Provincia.<\/p>\n<p>El evento, que se extender\u00e1 hasta este mi\u00e9rcoles, cuenta con la presencia de disertantes y asistentes de pa\u00edses como China, Estados Unidos, Espa\u00f1a, Francia e Italia, entre otros. El titular de la cartera productiva fue el encargado de abrir el Congreso, y entreg\u00f3 a los organizadores un aporte econ\u00f3mico desde el Gobierno de C\u00f3rdoba para solventar parte de los gastos log\u00edsticos y operativos.<\/p>\n<p>En su discurso, Busso se refiri\u00f3 al rol que la alfalfa cumple en una producci\u00f3n cada vez m\u00e1s sustentable, entre otros aspectos porque parte de los objetivos de las Buenas Pr\u00e1cticas Agropecuarias (BPAs), tiene directa relaci\u00f3n con la implantaci\u00f3n de pasturas. De la misma forma, la alfalfa sirve adem\u00e1s para la generaci\u00f3n de valor agregado y es uno de los elementos fundamentales para el desarrollo de la producci\u00f3n pecuaria, que en C\u00f3rdoba viene creciendo tanto en stock como en gen\u00e9tica.<\/p>\n<p>Promediando su participaci\u00f3n en la mesa principal, Busso hizo especial \u00e9nfasis en una futura Ley Nacional de Semillas, como factor fundamental para el sostenimiento e impulso del sector granario. \u201cHemos firmado con las entidades representativas del sector rural un documento en el que dejamos clara cu\u00e1l es la visi\u00f3n que desde C\u00f3rdoba tenemos sobre la elaboraci\u00f3n de una ley que regule esta actividad. Consideramos que debe enfocarse en la investigaci\u00f3n, el desarrollo y la innovaci\u00f3n; que esa tecnolog\u00eda y avance est\u00e9 disponible para todo el mundo; y finalmente, que debe haber un garante para que esto se cumpla, y debe ser el Estado\u201d, manifest\u00f3 el ministro.<\/p>\n<p>Adem\u00e1s, hizo referencia a un documento elaborado y consensuado con los representantes de los productores, que contempla los principios rectores que debe tener la ley. Las partes m\u00e1s importantes de dicho texto son las siguientes:<\/p>\n<p>\u201cSostenibilidad Productiva: Las normativas sobre el uso de semillas y\/o creaciones fitogen\u00e9ticas deber\u00e1n facilitar la mejora en la productividad de las especies actuales y futuras<\/p>\n<p>Sostenibilidad ambiental: Las normativas sobre el uso de semillas y\/o creaciones fitogen\u00e9ticas deben contemplar la capacidad de mantener la productividad y diversidad de los aspectos biol\u00f3gicos, a lo largo del tiempo, y el equilibrio entre el ambiente y la actividad humana para satisfacer sus necesidades presentes sin comprometer las de las generaciones futuras.<\/p>\n<p>Promoci\u00f3n I+D+I: las pol\u00edticas p\u00fablicas deben promover la investigaci\u00f3n, el desarrollo y la innovaci\u00f3n en relaci\u00f3n a las creaciones fitogen\u00e9ticas.<\/p>\n<p>Diversidad: pol\u00edticas p\u00fablicas deben promover diversidad de las especies.<\/p>\n<p>Accesibilidad: las normativas sobre el uso de semillas y\/o creaciones fitogen\u00e9ticas deben asegurar que todos los actores puedan tener acceso a la tecnolog\u00eda.<\/p>\n<p>No Dominancia: las normativas sobre el uso de semillas y\/o creaciones fitogen\u00e9ticas deben impedir la posibilidad de posiciones dominantes y\/o monopolios.<\/p>\n<p>Fiscalizaci\u00f3n y Control: el estado nacional debes ser el responsable de la fiscalizaci\u00f3n y control del cumplimiento de las normativas sobre el uso de semillas y\/o creaciones fitogen\u00e9ticas.<\/p>\n<p><strong>Aspectos acordados<\/strong><\/p>\n<ol>\n<li>El campo cordob\u00e9s necesita un marco legal nacional que regule la comercializaci\u00f3n y uso de semillas y que al mismo tiempo facilite el ingreso de nuevas tecnolog\u00edas, estimule la inversi\u00f3n en investigaci\u00f3n y desarrollo de nuevas variedades.<\/li>\n<li>El estado nacional, las provincias y los organismos de CyT deben orientar, parte de sus fondos al desarrollo y el registro nacional e internacional de semillas y creaciones fitogen\u00e9ticas alineadas con demandas concretas de mercado asegurando la participaci\u00f3n de cient\u00edficos, t\u00e9cnicos y otros actores intervinientes en los derechos y beneficios que estos generen.<\/li>\n<li>Se acepta\u00a0 retribuir econ\u00f3micamente la propiedad intelectual de eventos tecnol\u00f3gicos incorporados en nuevos cultivares y\/o variedades mientras duren los derechos de propiedad intelectual.<\/li>\n<li>El pago de germoplasma y eventos tecnol\u00f3gicos debe efectuarse y concluir en el acto de compra de la semilla en una \u00fanica factura.<\/li>\n<li>El acceso a la semilla por parte del productor debe estar regulado por legislaci\u00f3n nacional.<\/li>\n<li>Se reconoce el uso propio limitado y oneroso a la cantidad originariamente adquirida, con excepciones para agricultura familiar, pueblos originarios, especies nativas y\/o criollas y\/o de libre disponibilidad (la ampliaci\u00f3n de superficie implicar\u00e1 un pago adicional).<\/li>\n<li>El Estado Nacional a trav\u00e9s del INASE es el \u00fanico encargado y responsable del control de la comercializaci\u00f3n de semillas.<\/li>\n<li>Promoci\u00f3n de uso de semilla fiscalizada mediante est\u00edmulos fiscales\u201d.<\/li>\n<\/ol>\n<div class=\"todoalfalfa-final-de-la-nota\" id=\"todoalfalfa-2863429882\"><a href=\"https:\/\/www.whatsapp.com\/channel\/0029VbCBmFB9WtBxJsD3eC2i\" target=\"_blank\" aria-label=\"5\"><img src=\"https:\/\/i0.wp.com\/www.todoalfalfa.com.ar\/noticias\/wp-content\/uploads\/2026\/04\/5.gif?fit=728%2C90&#038;ssl=1\" alt=\"\"  width=\"728\" height=\"90\"   \/><\/a><\/div>","protected":false},"excerpt":{"rendered":"<p>Comenz&oacute; este lunes el 2&deg; Congreso Mundial de Alfalfa en el Centro de Convenciones del Hotel Holiday Inn de la&#8230;<\/p>\n","protected":false},"author":3,"featured_media":2539,"comment_status":"closed","ping_status":"open","sticky":false,"template":"","format":"standard","meta":{"jetpack_post_was_ever_published":false,"_jetpack_newsletter_access":"","_jetpack_dont_email_post_to_subs":false,"_jetpack_newsletter_tier_id":0,"_jetpack_memberships_contains_paywalled_content":false,"_jetpack_memberships_contains_paid_content":false,"footnotes":""},"categories":[2],"tags":[295,31,496,248,498,497,262,96,495],"class_list":["post-2538","post","type-post","status-publish","format-standard","has-post-thumbnail","hentry","category-generales","tag-295","tag-alfalfa","tag-busso","tag-congreso","tag-inauguracion","tag-ley","tag-mundial","tag-semillas","tag-sergio"],"yoast_head":"<!-- This site is optimized with the Yoast SEO plugin v25.5 - https:\/\/yoast.com\/wordpress\/plugins\/seo\/ -->\n<title>\u201cNos debemos una Ley de Semillas que contemple a todos los actores\u201d<\/title>\n<meta name=\"robots\" content=\"index, follow, max-snippet:-1, max-image-preview:large, max-video-preview:-1\" \/>\n<link rel=\"canonical\" href=\"https:\/\/www.todoalfalfa.com.ar\/noticias\/nos-debemos-una-ley-de-semillas-que-contemple-a-todos-los-actores\/\" \/>\n<meta property=\"og:locale\" content=\"es_ES\" \/>\n<meta property=\"og:type\" content=\"article\" \/>\n<meta property=\"og:title\" content=\"\u201cNos debemos una Ley de Semillas que contemple a todos los actores\u201d\" \/>\n<meta property=\"og:description\" content=\"Comenz&oacute; este lunes el 2&deg; Congreso Mundial de Alfalfa en el Centro de Convenciones del Hotel Holiday Inn de la...\" \/>\n<meta property=\"og:url\" content=\"https:\/\/www.todoalfalfa.com.ar\/noticias\/nos-debemos-una-ley-de-semillas-que-contemple-a-todos-los-actores\/\" \/>\n<meta property=\"og:site_name\" content=\"Todo Alfalfa\" \/>\n<meta property=\"article:publisher\" content=\"https:\/\/www.facebook.com\/todoalfalfa\" \/>\n<meta property=\"article:published_time\" content=\"2018-11-13T14:52:59+00:00\" \/>\n<meta property=\"og:image\" content=\"https:\/\/www.todoalfalfa.com.ar\/noticias\/wp-content\/uploads\/2018\/11\/Sergio_Busso_Congreso_alfala.jpg\" \/>\n\t<meta property=\"og:image:width\" content=\"777\" \/>\n\t<meta property=\"og:image:height\" content=\"437\" \/>\n\t<meta property=\"og:image:type\" content=\"image\/jpeg\" \/>\n<meta name=\"author\" content=\"Todo Alfalfa\" \/>\n<meta name=\"twitter:card\" content=\"summary_large_image\" \/>\n<meta name=\"twitter:label1\" content=\"Escrito por\" \/>\n\t<meta name=\"twitter:data1\" content=\"Todo Alfalfa\" \/>\n\t<meta name=\"twitter:label2\" content=\"Tiempo de lectura\" \/>\n\t<meta name=\"twitter:data2\" content=\"4 minutos\" \/>\n<script type=\"application\/ld+json\" class=\"yoast-schema-graph\">{\"@context\":\"https:\/\/schema.org\",\"@graph\":[{\"@type\":\"NewsArticle\",\"@id\":\"https:\/\/www.todoalfalfa.com.ar\/noticias\/nos-debemos-una-ley-de-semillas-que-contemple-a-todos-los-actores\/#article\",\"isPartOf\":{\"@id\":\"https:\/\/www.todoalfalfa.com.ar\/noticias\/nos-debemos-una-ley-de-semillas-que-contemple-a-todos-los-actores\/\"},\"author\":{\"name\":\"Todo Alfalfa\",\"@id\":\"https:\/\/www.todoalfalfa.com.ar\/noticias\/#\/schema\/person\/4ee4bca9b9fa50c4f0fbaf7017fbf2ad\"},\"headline\":\"\u201cNos debemos una Ley de Semillas que contemple a todos los actores\u201d\",\"datePublished\":\"2018-11-13T14:52:59+00:00\",\"mainEntityOfPage\":{\"@id\":\"https:\/\/www.todoalfalfa.com.ar\/noticias\/nos-debemos-una-ley-de-semillas-que-contemple-a-todos-los-actores\/\"},\"wordCount\":813,\"publisher\":{\"@id\":\"https:\/\/www.todoalfalfa.com.ar\/noticias\/#organization\"},\"image\":{\"@id\":\"https:\/\/www.todoalfalfa.com.ar\/noticias\/nos-debemos-una-ley-de-semillas-que-contemple-a-todos-los-actores\/#primaryimage\"},\"thumbnailUrl\":\"https:\/\/i0.wp.com\/www.todoalfalfa.com.ar\/noticias\/wp-content\/uploads\/2018\/11\/Sergio_Busso_Congreso_alfala.jpg?fit=777%2C437&ssl=1\",\"keywords\":[\"2018\",\"alfalfa\",\"Busso\",\"Congreso\",\"inauguraci\u00f3n\",\"Ley\",\"mundial\",\"semillas\",\"Sergio\"],\"articleSection\":[\"Generales\"],\"inLanguage\":\"es\"},{\"@type\":[\"WebPage\",\"ItemPage\"],\"@id\":\"https:\/\/www.todoalfalfa.com.ar\/noticias\/nos-debemos-una-ley-de-semillas-que-contemple-a-todos-los-actores\/\",\"url\":\"https:\/\/www.todoalfalfa.com.ar\/noticias\/nos-debemos-una-ley-de-semillas-que-contemple-a-todos-los-actores\/\",\"name\":\"\u201cNos debemos una Ley de Semillas que contemple a todos los actores\u201d\",\"isPartOf\":{\"@id\":\"https:\/\/www.todoalfalfa.com.ar\/noticias\/#website\"},\"primaryImageOfPage\":{\"@id\":\"https:\/\/www.todoalfalfa.com.ar\/noticias\/nos-debemos-una-ley-de-semillas-que-contemple-a-todos-los-actores\/#primaryimage\"},\"image\":{\"@id\":\"https:\/\/www.todoalfalfa.com.ar\/noticias\/nos-debemos-una-ley-de-semillas-que-contemple-a-todos-los-actores\/#primaryimage\"},\"thumbnailUrl\":\"https:\/\/i0.wp.com\/www.todoalfalfa.com.ar\/noticias\/wp-content\/uploads\/2018\/11\/Sergio_Busso_Congreso_alfala.jpg?fit=777%2C437&ssl=1\",\"datePublished\":\"2018-11-13T14:52:59+00:00\",\"breadcrumb\":{\"@id\":\"https:\/\/www.todoalfalfa.com.ar\/noticias\/nos-debemos-una-ley-de-semillas-que-contemple-a-todos-los-actores\/#breadcrumb\"},\"inLanguage\":\"es\",\"potentialAction\":[{\"@type\":\"ReadAction\",\"target\":[\"https:\/\/www.todoalfalfa.com.ar\/noticias\/nos-debemos-una-ley-de-semillas-que-contemple-a-todos-los-actores\/\"]}]},{\"@type\":\"ImageObject\",\"inLanguage\":\"es\",\"@id\":\"https:\/\/www.todoalfalfa.com.ar\/noticias\/nos-debemos-una-ley-de-semillas-que-contemple-a-todos-los-actores\/#primaryimage\",\"url\":\"https:\/\/i0.wp.com\/www.todoalfalfa.com.ar\/noticias\/wp-content\/uploads\/2018\/11\/Sergio_Busso_Congreso_alfala.jpg?fit=777%2C437&ssl=1\",\"contentUrl\":\"https:\/\/i0.wp.com\/www.todoalfalfa.com.ar\/noticias\/wp-content\/uploads\/2018\/11\/Sergio_Busso_Congreso_alfala.jpg?fit=777%2C437&ssl=1\",\"width\":777,\"height\":437},{\"@type\":\"BreadcrumbList\",\"@id\":\"https:\/\/www.todoalfalfa.com.ar\/noticias\/nos-debemos-una-ley-de-semillas-que-contemple-a-todos-los-actores\/#breadcrumb\",\"itemListElement\":[{\"@type\":\"ListItem\",\"position\":1,\"name\":\"Principal\",\"item\":\"https:\/\/www.todoalfalfa.com.ar\/noticias\/\"},{\"@type\":\"ListItem\",\"position\":2,\"name\":\"\u201cNos debemos una Ley de Semillas que contemple a todos los actores\u201d\"}]},{\"@type\":\"WebSite\",\"@id\":\"https:\/\/www.todoalfalfa.com.ar\/noticias\/#website\",\"url\":\"https:\/\/www.todoalfalfa.com.ar\/noticias\/\",\"name\":\"Todo Alfalfa\",\"description\":\"Web informativa de la cadena de la alfalfa argentina\",\"publisher\":{\"@id\":\"https:\/\/www.todoalfalfa.com.ar\/noticias\/#organization\"},\"potentialAction\":[{\"@type\":\"SearchAction\",\"target\":{\"@type\":\"EntryPoint\",\"urlTemplate\":\"https:\/\/www.todoalfalfa.com.ar\/noticias\/?s={search_term_string}\"},\"query-input\":{\"@type\":\"PropertyValueSpecification\",\"valueRequired\":true,\"valueName\":\"search_term_string\"}}],\"inLanguage\":\"es\"},{\"@type\":\"Organization\",\"@id\":\"https:\/\/www.todoalfalfa.com.ar\/noticias\/#organization\",\"name\":\"Todo Alfalfa\",\"url\":\"https:\/\/www.todoalfalfa.com.ar\/noticias\/\",\"logo\":{\"@type\":\"ImageObject\",\"inLanguage\":\"es\",\"@id\":\"https:\/\/www.todoalfalfa.com.ar\/noticias\/#\/schema\/logo\/image\/\",\"url\":\"https:\/\/www.todoalfalfa.com.ar\/noticias\/wp-content\/uploads\/2020\/09\/logo-todo-alfalfa-modificado.png\",\"contentUrl\":\"https:\/\/www.todoalfalfa.com.ar\/noticias\/wp-content\/uploads\/2020\/09\/logo-todo-alfalfa-modificado.png\",\"width\":350,\"height\":100,\"caption\":\"Todo Alfalfa\"},\"image\":{\"@id\":\"https:\/\/www.todoalfalfa.com.ar\/noticias\/#\/schema\/logo\/image\/\"},\"sameAs\":[\"https:\/\/www.facebook.com\/todoalfalfa\",\"https:\/\/www.instagram.com\/todoalfalfa\",\"https:\/\/www.youtube.com\/@TodoAlfalfa\",\"https:\/\/www.linkedin.com\/company\/todoalfalfa\/\"]},{\"@type\":\"Person\",\"@id\":\"https:\/\/www.todoalfalfa.com.ar\/noticias\/#\/schema\/person\/4ee4bca9b9fa50c4f0fbaf7017fbf2ad\",\"name\":\"Todo Alfalfa\",\"image\":{\"@type\":\"ImageObject\",\"inLanguage\":\"es\",\"@id\":\"https:\/\/www.todoalfalfa.com.ar\/noticias\/#\/schema\/person\/image\/\",\"url\":\"https:\/\/secure.gravatar.com\/avatar\/4d26a600a1380823a26c3f9cb74ada1a8ee4b482c0c3a616ab022b865c46be8f?s=96&d=mm&r=g\",\"contentUrl\":\"https:\/\/secure.gravatar.com\/avatar\/4d26a600a1380823a26c3f9cb74ada1a8ee4b482c0c3a616ab022b865c46be8f?s=96&d=mm&r=g\",\"caption\":\"Todo Alfalfa\"},\"sameAs\":[\"http:\/\/www.todoalfalfa.com.ar\"],\"url\":\"https:\/\/www.todoalfalfa.com.ar\/noticias\/author\/todoalfalfa\/\"}]}<\/script>\n<!-- \/ Yoast SEO plugin. -->","yoast_head_json":{"title":"\u201cNos debemos una Ley de Semillas que contemple a todos los actores\u201d","robots":{"index":"index","follow":"follow","max-snippet":"max-snippet:-1","max-image-preview":"max-image-preview:large","max-video-preview":"max-video-preview:-1"},"canonical":"https:\/\/www.todoalfalfa.com.ar\/noticias\/nos-debemos-una-ley-de-semillas-que-contemple-a-todos-los-actores\/","og_locale":"es_ES","og_type":"article","og_title":"\u201cNos debemos una Ley de Semillas que contemple a todos los actores\u201d","og_description":"Comenz&oacute; este lunes el 2&deg; Congreso Mundial de Alfalfa en el Centro de Convenciones del Hotel Holiday Inn de la...","og_url":"https:\/\/www.todoalfalfa.com.ar\/noticias\/nos-debemos-una-ley-de-semillas-que-contemple-a-todos-los-actores\/","og_site_name":"Todo Alfalfa","article_publisher":"https:\/\/www.facebook.com\/todoalfalfa","article_published_time":"2018-11-13T14:52:59+00:00","og_image":[{"width":777,"height":437,"url":"https:\/\/www.todoalfalfa.com.ar\/noticias\/wp-content\/uploads\/2018\/11\/Sergio_Busso_Congreso_alfala.jpg","type":"image\/jpeg"}],"author":"Todo Alfalfa","twitter_card":"summary_large_image","twitter_misc":{"Escrito por":"Todo Alfalfa","Tiempo de lectura":"4 minutos"},"schema":{"@context":"https:\/\/schema.org","@graph":[{"@type":"NewsArticle","@id":"https:\/\/www.todoalfalfa.com.ar\/noticias\/nos-debemos-una-ley-de-semillas-que-contemple-a-todos-los-actores\/#article","isPartOf":{"@id":"https:\/\/www.todoalfalfa.com.ar\/noticias\/nos-debemos-una-ley-de-semillas-que-contemple-a-todos-los-actores\/"},"author":{"name":"Todo Alfalfa","@id":"https:\/\/www.todoalfalfa.com.ar\/noticias\/#\/schema\/person\/4ee4bca9b9fa50c4f0fbaf7017fbf2ad"},"headline":"\u201cNos debemos una Ley de Semillas que contemple a todos los actores\u201d","datePublished":"2018-11-13T14:52:59+00:00","mainEntityOfPage":{"@id":"https:\/\/www.todoalfalfa.com.ar\/noticias\/nos-debemos-una-ley-de-semillas-que-contemple-a-todos-los-actores\/"},"wordCount":813,"publisher":{"@id":"https:\/\/www.todoalfalfa.com.ar\/noticias\/#organization"},"image":{"@id":"https:\/\/www.todoalfalfa.com.ar\/noticias\/nos-debemos-una-ley-de-semillas-que-contemple-a-todos-los-actores\/#primaryimage"},"thumbnailUrl":"https:\/\/i0.wp.com\/www.todoalfalfa.com.ar\/noticias\/wp-content\/uploads\/2018\/11\/Sergio_Busso_Congreso_alfala.jpg?fit=777%2C437&ssl=1","keywords":["2018","alfalfa","Busso","Congreso","inauguraci\u00f3n","Ley","mundial","semillas","Sergio"],"articleSection":["Generales"],"inLanguage":"es"},{"@type":["WebPage","ItemPage"],"@id":"https:\/\/www.todoalfalfa.com.ar\/noticias\/nos-debemos-una-ley-de-semillas-que-contemple-a-todos-los-actores\/","url":"https:\/\/www.todoalfalfa.com.ar\/noticias\/nos-debemos-una-ley-de-semillas-que-contemple-a-todos-los-actores\/","name":"\u201cNos debemos una Ley de Semillas que contemple a todos los actores\u201d","isPartOf":{"@id":"https:\/\/www.todoalfalfa.com.ar\/noticias\/#website"},"primaryImageOfPage":{"@id":"https:\/\/www.todoalfalfa.com.ar\/noticias\/nos-debemos-una-ley-de-semillas-que-contemple-a-todos-los-actores\/#primaryimage"},"image":{"@id":"https:\/\/www.todoalfalfa.com.ar\/noticias\/nos-debemos-una-ley-de-semillas-que-contemple-a-todos-los-actores\/#primaryimage"},"thumbnailUrl":"https:\/\/i0.wp.com\/www.todoalfalfa.com.ar\/noticias\/wp-content\/uploads\/2018\/11\/Sergio_Busso_Congreso_alfala.jpg?fit=777%2C437&ssl=1","datePublished":"2018-11-13T14:52:59+00:00","breadcrumb":{"@id":"https:\/\/www.todoalfalfa.com.ar\/noticias\/nos-debemos-una-ley-de-semillas-que-contemple-a-todos-los-actores\/#breadcrumb"},"inLanguage":"es","potentialAction":[{"@type":"ReadAction","target":["https:\/\/www.todoalfalfa.com.ar\/noticias\/nos-debemos-una-ley-de-semillas-que-contemple-a-todos-los-actores\/"]}]},{"@type":"ImageObject","inLanguage":"es","@id":"https:\/\/www.todoalfalfa.com.ar\/noticias\/nos-debemos-una-ley-de-semillas-que-contemple-a-todos-los-actores\/#primaryimage","url":"https:\/\/i0.wp.com\/www.todoalfalfa.com.ar\/noticias\/wp-content\/uploads\/2018\/11\/Sergio_Busso_Congreso_alfala.jpg?fit=777%2C437&ssl=1","contentUrl":"https:\/\/i0.wp.com\/www.todoalfalfa.com.ar\/noticias\/wp-content\/uploads\/2018\/11\/Sergio_Busso_Congreso_alfala.jpg?fit=777%2C437&ssl=1","width":777,"height":437},{"@type":"BreadcrumbList","@id":"https:\/\/www.todoalfalfa.com.ar\/noticias\/nos-debemos-una-ley-de-semillas-que-contemple-a-todos-los-actores\/#breadcrumb","itemListElement":[{"@type":"ListItem","position":1,"name":"Principal","item":"https:\/\/www.todoalfalfa.com.ar\/noticias\/"},{"@type":"ListItem","position":2,"name":"\u201cNos debemos una Ley de Semillas que contemple a todos los actores\u201d"}]},{"@type":"WebSite","@id":"https:\/\/www.todoalfalfa.com.ar\/noticias\/#website","url":"https:\/\/www.todoalfalfa.com.ar\/noticias\/","name":"Todo Alfalfa","description":"Web informativa de la cadena de la alfalfa argentina","publisher":{"@id":"https:\/\/www.todoalfalfa.com.ar\/noticias\/#organization"},"potentialAction":[{"@type":"SearchAction","target":{"@type":"EntryPoint","urlTemplate":"https:\/\/www.todoalfalfa.com.ar\/noticias\/?s={search_term_string}"},"query-input":{"@type":"PropertyValueSpecification","valueRequired":true,"valueName":"search_term_string"}}],"inLanguage":"es"},{"@type":"Organization","@id":"https:\/\/www.todoalfalfa.com.ar\/noticias\/#organization","name":"Todo Alfalfa","url":"https:\/\/www.todoalfalfa.com.ar\/noticias\/","logo":{"@type":"ImageObject","inLanguage":"es","@id":"https:\/\/www.todoalfalfa.com.ar\/noticias\/#\/schema\/logo\/image\/","url":"https:\/\/www.todoalfalfa.com.ar\/noticias\/wp-content\/uploads\/2020\/09\/logo-todo-alfalfa-modificado.png","contentUrl":"https:\/\/www.todoalfalfa.com.ar\/noticias\/wp-content\/uploads\/2020\/09\/logo-todo-alfalfa-modificado.png","width":350,"height":100,"caption":"Todo Alfalfa"},"image":{"@id":"https:\/\/www.todoalfalfa.com.ar\/noticias\/#\/schema\/logo\/image\/"},"sameAs":["https:\/\/www.facebook.com\/todoalfalfa","https:\/\/www.instagram.com\/todoalfalfa","https:\/\/www.youtube.com\/@TodoAlfalfa","https:\/\/www.linkedin.com\/company\/todoalfalfa\/"]},{"@type":"Person","@id":"https:\/\/www.todoalfalfa.com.ar\/noticias\/#\/schema\/person\/4ee4bca9b9fa50c4f0fbaf7017fbf2ad","name":"Todo Alfalfa","image":{"@type":"ImageObject","inLanguage":"es","@id":"https:\/\/www.todoalfalfa.com.ar\/noticias\/#\/schema\/person\/image\/","url":"https:\/\/secure.gravatar.com\/avatar\/4d26a600a1380823a26c3f9cb74ada1a8ee4b482c0c3a616ab022b865c46be8f?s=96&d=mm&r=g","contentUrl":"https:\/\/secure.gravatar.com\/avatar\/4d26a600a1380823a26c3f9cb74ada1a8ee4b482c0c3a616ab022b865c46be8f?s=96&d=mm&r=g","caption":"Todo Alfalfa"},"sameAs":["http:\/\/www.todoalfalfa.com.ar"],"url":"https:\/\/www.todoalfalfa.com.ar\/noticias\/author\/todoalfalfa\/"}]}},"jetpack_featured_media_url":"https:\/\/i0.wp.com\/www.todoalfalfa.com.ar\/noticias\/wp-content\/uploads\/2018\/11\/Sergio_Busso_Congreso_alfala.jpg?fit=777%2C437&ssl=1","wps_subtitle":"La futura ley nacional fue uno de los ejes que el ministro de Agricultura y Ganader\u00eda, Sergio Busso tuvo en la apertura del 2\u00b0 Congreso Mundial de Alfalfa.","jetpack_sharing_enabled":true,"_links":{"self":[{"href":"https:\/\/www.todoalfalfa.com.ar\/noticias\/wp-json\/wp\/v2\/posts\/2538","targetHints":{"allow":["GET"]}}],"collection":[{"href":"https:\/\/www.todoalfalfa.com.ar\/noticias\/wp-json\/wp\/v2\/posts"}],"about":[{"href":"https:\/\/www.todoalfalfa.com.ar\/noticias\/wp-json\/wp\/v2\/types\/post"}],"author":[{"embeddable":true,"href":"https:\/\/www.todoalfalfa.com.ar\/noticias\/wp-json\/wp\/v2\/users\/3"}],"replies":[{"embeddable":true,"href":"https:\/\/www.todoalfalfa.com.ar\/noticias\/wp-json\/wp\/v2\/comments?post=2538"}],"version-history":[{"count":0,"href":"https:\/\/www.todoalfalfa.com.ar\/noticias\/wp-json\/wp\/v2\/posts\/2538\/revisions"}],"wp:featuredmedia":[{"embeddable":true,"href":"https:\/\/www.todoalfalfa.com.ar\/noticias\/wp-json\/wp\/v2\/media\/2539"}],"wp:attachment":[{"href":"https:\/\/www.todoalfalfa.com.ar\/noticias\/wp-json\/wp\/v2\/media?parent=2538"}],"wp:term":[{"taxonomy":"category","embeddable":true,"href":"https:\/\/www.todoalfalfa.com.ar\/noticias\/wp-json\/wp\/v2\/categories?post=2538"},{"taxonomy":"post_tag","embeddable":true,"href":"https:\/\/www.todoalfalfa.com.ar\/noticias\/wp-json\/wp\/v2\/tags?post=2538"}],"curies":[{"name":"wp","href":"https:\/\/api.w.org\/{rel}","templated":true}]}}