{"id":2544,"date":"2018-11-14T08:51:32","date_gmt":"2018-11-14T11:51:32","guid":{"rendered":"https:\/\/todoalfalfa.com.ar\/?p=2544"},"modified":"2018-11-14T10:52:10","modified_gmt":"2018-11-14T13:52:10","slug":"hay-un-gran-entusiasmo-entre-los-productores-lacteos-y-ganaderos-por-esta-tecnologia","status":"publish","type":"post","link":"https:\/\/www.todoalfalfa.com.ar\/noticias\/hay-un-gran-entusiasmo-entre-los-productores-lacteos-y-ganaderos-por-esta-tecnologia\/","title":{"rendered":"\u201cHay un gran entusiasmo entre los productores l\u00e1cteos y ganaderos por esta tecnolog\u00eda\u201d"},"content":{"rendered":"<p>El primer evento de alfalfa gen\u00e9ticamente mejorado y reducido en lignina de la industria forrajera, conocido como alfalfa HarvXtra, desarrollado para potenciar la calidad al reducir la cantidad de lignina en la planta, estar\u00e1 disponible para los productores argentinos a principios de 2019 (<a href=\"https:\/\/todoalfalfa.com.ar\/2018\/06\/14\/confirman-la-llegada-de-la-alfalfa-harvxtra-a-la-argentina-para-el-2019\/\" target=\"_blank\" rel=\"noopener\">tal como lo hab\u00eda adelantado TodoAlfalfa<\/a>), luego de haber sido aprobado por las autoridades en junio de 2018.<\/p>\n<p>La alfalfa HarvXtra es el evento de alfalfa m\u00e1s avanzado de la industria, ya que modifica la cantidad de lignina en la planta m\u00e1s all\u00e1 de lo que resulta posible con el desarrollo de alfalfa convencional. Esto brinda flexibilidad a los productores, dado que pueden mantener el cronograma de aprovechamiento\/corte y obtener forraje de mayor calidad, o retrasar el aprovechamiento\/corte y maximizar el potencial de producci\u00f3n sin sacrificar la calidad.<\/p>\n<p>\u201cIndiscutiblemente, este es el mayor avance en alfalfa que la industria haya visto jam\u00e1s\u201d, dijo Steve Welker, director comercial de Forage Genetics International (FGI), el desarrollador de la tecnolog\u00eda.<\/p>\n<p>Esta tecnolog\u00eda de avanzada fue dise\u00f1ada para resolver el dilema entre \u00abproducci\u00f3n o calidad\u201d que deben dirimir los productores de alfalfa, dado que mejora la calidad del forraje por m\u00e1s tiempo. Ello les brinda m\u00e1s flexibilidad y una mayor ventana de corte, lo cual verdaderamente podr\u00eda ayudarlos en este dif\u00edcil mercado l\u00e1cteo.<\/p>\n<p>\u201cEn toda la Argentina, donde nos reunimos con los productores y hablamos sobre los beneficios de la alfalfa HarvXtra, vimos un gran entusiasmo por esta tecnolog\u00eda\u201d, expres\u00f3 \u00c1ngel Pacheco, Gerente General de Agvance, el distribuidor exclusivo de HarvXtra para 2019 en Argentina bajo la marca Alfalfas WL.<\/p>\n<p>\u201cEstamos muy orgullosos de trabajar en colaboraci\u00f3n con FGI y Bioceres, quienes trabajaron para obtener la aprobaci\u00f3n regulatoria y quienes asegurar\u00e1n que los productores empleen la tecnolog\u00eda de manera responsable para sembrar HarvXtra en la mayor cantidad posible de campos\u201d, remarc\u00f3.<\/p>\n<p>La Alfalfa HarvXtra se comercializar\u00e1 como eventos apilados con Tecnolog\u00eda Roundup Ready, lo cual proporcionar\u00e1 varias ventajas a los productores. Adem\u00e1s de los beneficios de mejor calidad y flexibilidad en el cronograma de aprovechamiento de la alfalfa HarvXtra, la Tecnolog\u00eda Roundup Ready brinda un control de malezas insuperable, lo que proporciona un mejor implante del stand de plantas, una excelente selectividad y una gesti\u00f3n del cultivo m\u00e1s simple.<\/p>\n<p>La alfalfa HarvXtra con Tecnolog\u00eda Roundup Ready se ofrecer\u00e1 a los productores argentinos exclusivamente a trav\u00e9s de la marca de semillas de Alfalfas WL para la siembra en 2019.<\/p>\n<div class=\"todoalfalfa-final-de-la-nota\" id=\"todoalfalfa-4225840980\"><a href=\"https:\/\/www.whatsapp.com\/channel\/0029VbCBmFB9WtBxJsD3eC2i\" target=\"_blank\" aria-label=\"5\"><img src=\"https:\/\/i0.wp.com\/www.todoalfalfa.com.ar\/noticias\/wp-content\/uploads\/2026\/04\/5.gif?fit=728%2C90&#038;ssl=1\" alt=\"\"  width=\"728\" height=\"90\"   \/><\/a><\/div>","protected":false},"excerpt":{"rendered":"<p>El primer evento de alfalfa gen&eacute;ticamente mejorado y reducido en lignina de la industria forrajera, conocido como alfalfa HarvXtra, desarrollado&#8230;<\/p>\n","protected":false},"author":3,"featured_media":2555,"comment_status":"closed","ping_status":"open","sticky":false,"template":"","format":"standard","meta":{"jetpack_post_was_ever_published":false,"_jetpack_newsletter_access":"","_jetpack_dont_email_post_to_subs":false,"_jetpack_newsletter_tier_id":0,"_jetpack_memberships_contains_paywalled_content":false,"_jetpack_memberships_contains_paid_content":false,"footnotes":""},"categories":[4],"tags":[501,31,499,424,192,376,500],"class_list":["post-2544","post","type-post","status-publish","format-standard","has-post-thumbnail","hentry","category-tecnologia","tag-501","tag-alfalfa","tag-angel","tag-comercializacion","tag-harvxtra","tag-otono","tag-pacheco"],"yoast_head":"<!-- This site is optimized with the Yoast SEO plugin v25.5 - https:\/\/yoast.com\/wordpress\/plugins\/seo\/ -->\n<title>\u201cHay un gran entusiasmo entre los productores l\u00e1cteos y ganaderos por esta tecnolog\u00eda\u201d<\/title>\n<meta name=\"robots\" content=\"index, follow, max-snippet:-1, max-image-preview:large, max-video-preview:-1\" \/>\n<link rel=\"canonical\" href=\"https:\/\/www.todoalfalfa.com.ar\/noticias\/hay-un-gran-entusiasmo-entre-los-productores-lacteos-y-ganaderos-por-esta-tecnologia\/\" \/>\n<meta property=\"og:locale\" content=\"es_ES\" \/>\n<meta property=\"og:type\" content=\"article\" \/>\n<meta property=\"og:title\" content=\"\u201cHay un gran entusiasmo entre los productores l\u00e1cteos y ganaderos por esta tecnolog\u00eda\u201d\" \/>\n<meta property=\"og:description\" content=\"El primer evento de alfalfa gen&eacute;ticamente mejorado y reducido en lignina de la industria forrajera, conocido como alfalfa HarvXtra, desarrollado...\" \/>\n<meta property=\"og:url\" content=\"https:\/\/www.todoalfalfa.com.ar\/noticias\/hay-un-gran-entusiasmo-entre-los-productores-lacteos-y-ganaderos-por-esta-tecnologia\/\" \/>\n<meta property=\"og:site_name\" content=\"Todo Alfalfa\" \/>\n<meta property=\"article:publisher\" content=\"https:\/\/www.facebook.com\/todoalfalfa\" \/>\n<meta property=\"article:published_time\" content=\"2018-11-14T11:51:32+00:00\" \/>\n<meta property=\"article:modified_time\" content=\"2018-11-14T13:52:10+00:00\" \/>\n<meta property=\"og:image\" content=\"https:\/\/www.todoalfalfa.com.ar\/noticias\/wp-content\/uploads\/2018\/11\/Rossanigo_presentacion_alfalfa.jpg\" \/>\n\t<meta property=\"og:image:width\" content=\"777\" \/>\n\t<meta property=\"og:image:height\" content=\"437\" \/>\n\t<meta property=\"og:image:type\" content=\"image\/jpeg\" \/>\n<meta name=\"author\" content=\"Todo Alfalfa\" \/>\n<meta name=\"twitter:card\" content=\"summary_large_image\" \/>\n<meta name=\"twitter:label1\" content=\"Escrito por\" \/>\n\t<meta name=\"twitter:data1\" content=\"Todo Alfalfa\" \/>\n\t<meta name=\"twitter:label2\" content=\"Tiempo de lectura\" \/>\n\t<meta name=\"twitter:data2\" content=\"2 minutos\" \/>\n<script type=\"application\/ld+json\" class=\"yoast-schema-graph\">{\"@context\":\"https:\/\/schema.org\",\"@graph\":[{\"@type\":\"NewsArticle\",\"@id\":\"https:\/\/www.todoalfalfa.com.ar\/noticias\/hay-un-gran-entusiasmo-entre-los-productores-lacteos-y-ganaderos-por-esta-tecnologia\/#article\",\"isPartOf\":{\"@id\":\"https:\/\/www.todoalfalfa.com.ar\/noticias\/hay-un-gran-entusiasmo-entre-los-productores-lacteos-y-ganaderos-por-esta-tecnologia\/\"},\"author\":{\"name\":\"Todo Alfalfa\",\"@id\":\"https:\/\/www.todoalfalfa.com.ar\/noticias\/#\/schema\/person\/4ee4bca9b9fa50c4f0fbaf7017fbf2ad\"},\"headline\":\"\u201cHay un gran entusiasmo entre los productores l\u00e1cteos y ganaderos por esta tecnolog\u00eda\u201d\",\"datePublished\":\"2018-11-14T11:51:32+00:00\",\"dateModified\":\"2018-11-14T13:52:10+00:00\",\"mainEntityOfPage\":{\"@id\":\"https:\/\/www.todoalfalfa.com.ar\/noticias\/hay-un-gran-entusiasmo-entre-los-productores-lacteos-y-ganaderos-por-esta-tecnologia\/\"},\"wordCount\":437,\"publisher\":{\"@id\":\"https:\/\/www.todoalfalfa.com.ar\/noticias\/#organization\"},\"image\":{\"@id\":\"https:\/\/www.todoalfalfa.com.ar\/noticias\/hay-un-gran-entusiasmo-entre-los-productores-lacteos-y-ganaderos-por-esta-tecnologia\/#primaryimage\"},\"thumbnailUrl\":\"https:\/\/i0.wp.com\/www.todoalfalfa.com.ar\/noticias\/wp-content\/uploads\/2018\/11\/Rossanigo_presentacion_alfalfa.jpg?fit=777%2C437&ssl=1\",\"keywords\":[\"2019\",\"alfalfa\",\"\u00c1ngel\",\"comercializaci\u00f3n\",\"HarvXtra\",\"oto\u00f1o\",\"Pacheco\"],\"articleSection\":[\"Tecnolog\u00eda\"],\"inLanguage\":\"es\"},{\"@type\":[\"WebPage\",\"ItemPage\"],\"@id\":\"https:\/\/www.todoalfalfa.com.ar\/noticias\/hay-un-gran-entusiasmo-entre-los-productores-lacteos-y-ganaderos-por-esta-tecnologia\/\",\"url\":\"https:\/\/www.todoalfalfa.com.ar\/noticias\/hay-un-gran-entusiasmo-entre-los-productores-lacteos-y-ganaderos-por-esta-tecnologia\/\",\"name\":\"\u201cHay un gran entusiasmo entre los productores l\u00e1cteos y ganaderos por esta tecnolog\u00eda\u201d\",\"isPartOf\":{\"@id\":\"https:\/\/www.todoalfalfa.com.ar\/noticias\/#website\"},\"primaryImageOfPage\":{\"@id\":\"https:\/\/www.todoalfalfa.com.ar\/noticias\/hay-un-gran-entusiasmo-entre-los-productores-lacteos-y-ganaderos-por-esta-tecnologia\/#primaryimage\"},\"image\":{\"@id\":\"https:\/\/www.todoalfalfa.com.ar\/noticias\/hay-un-gran-entusiasmo-entre-los-productores-lacteos-y-ganaderos-por-esta-tecnologia\/#primaryimage\"},\"thumbnailUrl\":\"https:\/\/i0.wp.com\/www.todoalfalfa.com.ar\/noticias\/wp-content\/uploads\/2018\/11\/Rossanigo_presentacion_alfalfa.jpg?fit=777%2C437&ssl=1\",\"datePublished\":\"2018-11-14T11:51:32+00:00\",\"dateModified\":\"2018-11-14T13:52:10+00:00\",\"breadcrumb\":{\"@id\":\"https:\/\/www.todoalfalfa.com.ar\/noticias\/hay-un-gran-entusiasmo-entre-los-productores-lacteos-y-ganaderos-por-esta-tecnologia\/#breadcrumb\"},\"inLanguage\":\"es\",\"potentialAction\":[{\"@type\":\"ReadAction\",\"target\":[\"https:\/\/www.todoalfalfa.com.ar\/noticias\/hay-un-gran-entusiasmo-entre-los-productores-lacteos-y-ganaderos-por-esta-tecnologia\/\"]}]},{\"@type\":\"ImageObject\",\"inLanguage\":\"es\",\"@id\":\"https:\/\/www.todoalfalfa.com.ar\/noticias\/hay-un-gran-entusiasmo-entre-los-productores-lacteos-y-ganaderos-por-esta-tecnologia\/#primaryimage\",\"url\":\"https:\/\/i0.wp.com\/www.todoalfalfa.com.ar\/noticias\/wp-content\/uploads\/2018\/11\/Rossanigo_presentacion_alfalfa.jpg?fit=777%2C437&ssl=1\",\"contentUrl\":\"https:\/\/i0.wp.com\/www.todoalfalfa.com.ar\/noticias\/wp-content\/uploads\/2018\/11\/Rossanigo_presentacion_alfalfa.jpg?fit=777%2C437&ssl=1\",\"width\":777,\"height\":437,\"caption\":\"Roberto Rossanigo, titular de Alfalfas WL, confirm\u00f3 junto a \u00c1ngel Pacheco el lanzamiento de la alfalfa RR para Argentina en el marco del 2\u00ba Congreso Mundial de Alfalfa realizado en C\u00f3rdoba.\"},{\"@type\":\"BreadcrumbList\",\"@id\":\"https:\/\/www.todoalfalfa.com.ar\/noticias\/hay-un-gran-entusiasmo-entre-los-productores-lacteos-y-ganaderos-por-esta-tecnologia\/#breadcrumb\",\"itemListElement\":[{\"@type\":\"ListItem\",\"position\":1,\"name\":\"Principal\",\"item\":\"https:\/\/www.todoalfalfa.com.ar\/noticias\/\"},{\"@type\":\"ListItem\",\"position\":2,\"name\":\"\u201cHay un gran entusiasmo entre los productores l\u00e1cteos y ganaderos por esta tecnolog\u00eda\u201d\"}]},{\"@type\":\"WebSite\",\"@id\":\"https:\/\/www.todoalfalfa.com.ar\/noticias\/#website\",\"url\":\"https:\/\/www.todoalfalfa.com.ar\/noticias\/\",\"name\":\"Todo Alfalfa\",\"description\":\"Web informativa de la cadena de la alfalfa argentina\",\"publisher\":{\"@id\":\"https:\/\/www.todoalfalfa.com.ar\/noticias\/#organization\"},\"potentialAction\":[{\"@type\":\"SearchAction\",\"target\":{\"@type\":\"EntryPoint\",\"urlTemplate\":\"https:\/\/www.todoalfalfa.com.ar\/noticias\/?s={search_term_string}\"},\"query-input\":{\"@type\":\"PropertyValueSpecification\",\"valueRequired\":true,\"valueName\":\"search_term_string\"}}],\"inLanguage\":\"es\"},{\"@type\":\"Organization\",\"@id\":\"https:\/\/www.todoalfalfa.com.ar\/noticias\/#organization\",\"name\":\"Todo Alfalfa\",\"url\":\"https:\/\/www.todoalfalfa.com.ar\/noticias\/\",\"logo\":{\"@type\":\"ImageObject\",\"inLanguage\":\"es\",\"@id\":\"https:\/\/www.todoalfalfa.com.ar\/noticias\/#\/schema\/logo\/image\/\",\"url\":\"https:\/\/www.todoalfalfa.com.ar\/noticias\/wp-content\/uploads\/2020\/09\/logo-todo-alfalfa-modificado.png\",\"contentUrl\":\"https:\/\/www.todoalfalfa.com.ar\/noticias\/wp-content\/uploads\/2020\/09\/logo-todo-alfalfa-modificado.png\",\"width\":350,\"height\":100,\"caption\":\"Todo Alfalfa\"},\"image\":{\"@id\":\"https:\/\/www.todoalfalfa.com.ar\/noticias\/#\/schema\/logo\/image\/\"},\"sameAs\":[\"https:\/\/www.facebook.com\/todoalfalfa\",\"https:\/\/www.instagram.com\/todoalfalfa\",\"https:\/\/www.youtube.com\/@TodoAlfalfa\",\"https:\/\/www.linkedin.com\/company\/todoalfalfa\/\"]},{\"@type\":\"Person\",\"@id\":\"https:\/\/www.todoalfalfa.com.ar\/noticias\/#\/schema\/person\/4ee4bca9b9fa50c4f0fbaf7017fbf2ad\",\"name\":\"Todo Alfalfa\",\"image\":{\"@type\":\"ImageObject\",\"inLanguage\":\"es\",\"@id\":\"https:\/\/www.todoalfalfa.com.ar\/noticias\/#\/schema\/person\/image\/\",\"url\":\"https:\/\/secure.gravatar.com\/avatar\/4d26a600a1380823a26c3f9cb74ada1a8ee4b482c0c3a616ab022b865c46be8f?s=96&d=mm&r=g\",\"contentUrl\":\"https:\/\/secure.gravatar.com\/avatar\/4d26a600a1380823a26c3f9cb74ada1a8ee4b482c0c3a616ab022b865c46be8f?s=96&d=mm&r=g\",\"caption\":\"Todo Alfalfa\"},\"sameAs\":[\"http:\/\/www.todoalfalfa.com.ar\"],\"url\":\"https:\/\/www.todoalfalfa.com.ar\/noticias\/author\/todoalfalfa\/\"}]}<\/script>\n<!-- \/ Yoast SEO plugin. -->","yoast_head_json":{"title":"\u201cHay un gran entusiasmo entre los productores l\u00e1cteos y ganaderos por esta tecnolog\u00eda\u201d","robots":{"index":"index","follow":"follow","max-snippet":"max-snippet:-1","max-image-preview":"max-image-preview:large","max-video-preview":"max-video-preview:-1"},"canonical":"https:\/\/www.todoalfalfa.com.ar\/noticias\/hay-un-gran-entusiasmo-entre-los-productores-lacteos-y-ganaderos-por-esta-tecnologia\/","og_locale":"es_ES","og_type":"article","og_title":"\u201cHay un gran entusiasmo entre los productores l\u00e1cteos y ganaderos por esta tecnolog\u00eda\u201d","og_description":"El primer evento de alfalfa gen&eacute;ticamente mejorado y reducido en lignina de la industria forrajera, conocido como alfalfa HarvXtra, desarrollado...","og_url":"https:\/\/www.todoalfalfa.com.ar\/noticias\/hay-un-gran-entusiasmo-entre-los-productores-lacteos-y-ganaderos-por-esta-tecnologia\/","og_site_name":"Todo Alfalfa","article_publisher":"https:\/\/www.facebook.com\/todoalfalfa","article_published_time":"2018-11-14T11:51:32+00:00","article_modified_time":"2018-11-14T13:52:10+00:00","og_image":[{"width":777,"height":437,"url":"https:\/\/www.todoalfalfa.com.ar\/noticias\/wp-content\/uploads\/2018\/11\/Rossanigo_presentacion_alfalfa.jpg","type":"image\/jpeg"}],"author":"Todo Alfalfa","twitter_card":"summary_large_image","twitter_misc":{"Escrito por":"Todo Alfalfa","Tiempo de lectura":"2 minutos"},"schema":{"@context":"https:\/\/schema.org","@graph":[{"@type":"NewsArticle","@id":"https:\/\/www.todoalfalfa.com.ar\/noticias\/hay-un-gran-entusiasmo-entre-los-productores-lacteos-y-ganaderos-por-esta-tecnologia\/#article","isPartOf":{"@id":"https:\/\/www.todoalfalfa.com.ar\/noticias\/hay-un-gran-entusiasmo-entre-los-productores-lacteos-y-ganaderos-por-esta-tecnologia\/"},"author":{"name":"Todo Alfalfa","@id":"https:\/\/www.todoalfalfa.com.ar\/noticias\/#\/schema\/person\/4ee4bca9b9fa50c4f0fbaf7017fbf2ad"},"headline":"\u201cHay un gran entusiasmo entre los productores l\u00e1cteos y ganaderos por esta tecnolog\u00eda\u201d","datePublished":"2018-11-14T11:51:32+00:00","dateModified":"2018-11-14T13:52:10+00:00","mainEntityOfPage":{"@id":"https:\/\/www.todoalfalfa.com.ar\/noticias\/hay-un-gran-entusiasmo-entre-los-productores-lacteos-y-ganaderos-por-esta-tecnologia\/"},"wordCount":437,"publisher":{"@id":"https:\/\/www.todoalfalfa.com.ar\/noticias\/#organization"},"image":{"@id":"https:\/\/www.todoalfalfa.com.ar\/noticias\/hay-un-gran-entusiasmo-entre-los-productores-lacteos-y-ganaderos-por-esta-tecnologia\/#primaryimage"},"thumbnailUrl":"https:\/\/i0.wp.com\/www.todoalfalfa.com.ar\/noticias\/wp-content\/uploads\/2018\/11\/Rossanigo_presentacion_alfalfa.jpg?fit=777%2C437&ssl=1","keywords":["2019","alfalfa","\u00c1ngel","comercializaci\u00f3n","HarvXtra","oto\u00f1o","Pacheco"],"articleSection":["Tecnolog\u00eda"],"inLanguage":"es"},{"@type":["WebPage","ItemPage"],"@id":"https:\/\/www.todoalfalfa.com.ar\/noticias\/hay-un-gran-entusiasmo-entre-los-productores-lacteos-y-ganaderos-por-esta-tecnologia\/","url":"https:\/\/www.todoalfalfa.com.ar\/noticias\/hay-un-gran-entusiasmo-entre-los-productores-lacteos-y-ganaderos-por-esta-tecnologia\/","name":"\u201cHay un gran entusiasmo entre los productores l\u00e1cteos y ganaderos por esta tecnolog\u00eda\u201d","isPartOf":{"@id":"https:\/\/www.todoalfalfa.com.ar\/noticias\/#website"},"primaryImageOfPage":{"@id":"https:\/\/www.todoalfalfa.com.ar\/noticias\/hay-un-gran-entusiasmo-entre-los-productores-lacteos-y-ganaderos-por-esta-tecnologia\/#primaryimage"},"image":{"@id":"https:\/\/www.todoalfalfa.com.ar\/noticias\/hay-un-gran-entusiasmo-entre-los-productores-lacteos-y-ganaderos-por-esta-tecnologia\/#primaryimage"},"thumbnailUrl":"https:\/\/i0.wp.com\/www.todoalfalfa.com.ar\/noticias\/wp-content\/uploads\/2018\/11\/Rossanigo_presentacion_alfalfa.jpg?fit=777%2C437&ssl=1","datePublished":"2018-11-14T11:51:32+00:00","dateModified":"2018-11-14T13:52:10+00:00","breadcrumb":{"@id":"https:\/\/www.todoalfalfa.com.ar\/noticias\/hay-un-gran-entusiasmo-entre-los-productores-lacteos-y-ganaderos-por-esta-tecnologia\/#breadcrumb"},"inLanguage":"es","potentialAction":[{"@type":"ReadAction","target":["https:\/\/www.todoalfalfa.com.ar\/noticias\/hay-un-gran-entusiasmo-entre-los-productores-lacteos-y-ganaderos-por-esta-tecnologia\/"]}]},{"@type":"ImageObject","inLanguage":"es","@id":"https:\/\/www.todoalfalfa.com.ar\/noticias\/hay-un-gran-entusiasmo-entre-los-productores-lacteos-y-ganaderos-por-esta-tecnologia\/#primaryimage","url":"https:\/\/i0.wp.com\/www.todoalfalfa.com.ar\/noticias\/wp-content\/uploads\/2018\/11\/Rossanigo_presentacion_alfalfa.jpg?fit=777%2C437&ssl=1","contentUrl":"https:\/\/i0.wp.com\/www.todoalfalfa.com.ar\/noticias\/wp-content\/uploads\/2018\/11\/Rossanigo_presentacion_alfalfa.jpg?fit=777%2C437&ssl=1","width":777,"height":437,"caption":"Roberto Rossanigo, titular de Alfalfas WL, confirm\u00f3 junto a \u00c1ngel Pacheco el lanzamiento de la alfalfa RR para Argentina en el marco del 2\u00ba Congreso Mundial de Alfalfa realizado en C\u00f3rdoba."},{"@type":"BreadcrumbList","@id":"https:\/\/www.todoalfalfa.com.ar\/noticias\/hay-un-gran-entusiasmo-entre-los-productores-lacteos-y-ganaderos-por-esta-tecnologia\/#breadcrumb","itemListElement":[{"@type":"ListItem","position":1,"name":"Principal","item":"https:\/\/www.todoalfalfa.com.ar\/noticias\/"},{"@type":"ListItem","position":2,"name":"\u201cHay un gran entusiasmo entre los productores l\u00e1cteos y ganaderos por esta tecnolog\u00eda\u201d"}]},{"@type":"WebSite","@id":"https:\/\/www.todoalfalfa.com.ar\/noticias\/#website","url":"https:\/\/www.todoalfalfa.com.ar\/noticias\/","name":"Todo Alfalfa","description":"Web informativa de la cadena de la alfalfa argentina","publisher":{"@id":"https:\/\/www.todoalfalfa.com.ar\/noticias\/#organization"},"potentialAction":[{"@type":"SearchAction","target":{"@type":"EntryPoint","urlTemplate":"https:\/\/www.todoalfalfa.com.ar\/noticias\/?s={search_term_string}"},"query-input":{"@type":"PropertyValueSpecification","valueRequired":true,"valueName":"search_term_string"}}],"inLanguage":"es"},{"@type":"Organization","@id":"https:\/\/www.todoalfalfa.com.ar\/noticias\/#organization","name":"Todo Alfalfa","url":"https:\/\/www.todoalfalfa.com.ar\/noticias\/","logo":{"@type":"ImageObject","inLanguage":"es","@id":"https:\/\/www.todoalfalfa.com.ar\/noticias\/#\/schema\/logo\/image\/","url":"https:\/\/www.todoalfalfa.com.ar\/noticias\/wp-content\/uploads\/2020\/09\/logo-todo-alfalfa-modificado.png","contentUrl":"https:\/\/www.todoalfalfa.com.ar\/noticias\/wp-content\/uploads\/2020\/09\/logo-todo-alfalfa-modificado.png","width":350,"height":100,"caption":"Todo Alfalfa"},"image":{"@id":"https:\/\/www.todoalfalfa.com.ar\/noticias\/#\/schema\/logo\/image\/"},"sameAs":["https:\/\/www.facebook.com\/todoalfalfa","https:\/\/www.instagram.com\/todoalfalfa","https:\/\/www.youtube.com\/@TodoAlfalfa","https:\/\/www.linkedin.com\/company\/todoalfalfa\/"]},{"@type":"Person","@id":"https:\/\/www.todoalfalfa.com.ar\/noticias\/#\/schema\/person\/4ee4bca9b9fa50c4f0fbaf7017fbf2ad","name":"Todo Alfalfa","image":{"@type":"ImageObject","inLanguage":"es","@id":"https:\/\/www.todoalfalfa.com.ar\/noticias\/#\/schema\/person\/image\/","url":"https:\/\/secure.gravatar.com\/avatar\/4d26a600a1380823a26c3f9cb74ada1a8ee4b482c0c3a616ab022b865c46be8f?s=96&d=mm&r=g","contentUrl":"https:\/\/secure.gravatar.com\/avatar\/4d26a600a1380823a26c3f9cb74ada1a8ee4b482c0c3a616ab022b865c46be8f?s=96&d=mm&r=g","caption":"Todo Alfalfa"},"sameAs":["http:\/\/www.todoalfalfa.com.ar"],"url":"https:\/\/www.todoalfalfa.com.ar\/noticias\/author\/todoalfalfa\/"}]}},"jetpack_featured_media_url":"https:\/\/i0.wp.com\/www.todoalfalfa.com.ar\/noticias\/wp-content\/uploads\/2018\/11\/Rossanigo_presentacion_alfalfa.jpg?fit=777%2C437&ssl=1","wps_subtitle":"As\u00ed lo expres\u00f3 \u00c1ngel Pacheco, Gerente General de Agvance, quien bajo la marca Alfalfas WL distribuir\u00e1 desde el pr\u00f3ximo oto\u00f1o en Argentina la alfalfa HarvXtra con Tecnolog\u00eda Roundup Ready.","jetpack_sharing_enabled":true,"_links":{"self":[{"href":"https:\/\/www.todoalfalfa.com.ar\/noticias\/wp-json\/wp\/v2\/posts\/2544","targetHints":{"allow":["GET"]}}],"collection":[{"href":"https:\/\/www.todoalfalfa.com.ar\/noticias\/wp-json\/wp\/v2\/posts"}],"about":[{"href":"https:\/\/www.todoalfalfa.com.ar\/noticias\/wp-json\/wp\/v2\/types\/post"}],"author":[{"embeddable":true,"href":"https:\/\/www.todoalfalfa.com.ar\/noticias\/wp-json\/wp\/v2\/users\/3"}],"replies":[{"embeddable":true,"href":"https:\/\/www.todoalfalfa.com.ar\/noticias\/wp-json\/wp\/v2\/comments?post=2544"}],"version-history":[{"count":0,"href":"https:\/\/www.todoalfalfa.com.ar\/noticias\/wp-json\/wp\/v2\/posts\/2544\/revisions"}],"wp:featuredmedia":[{"embeddable":true,"href":"https:\/\/www.todoalfalfa.com.ar\/noticias\/wp-json\/wp\/v2\/media\/2555"}],"wp:attachment":[{"href":"https:\/\/www.todoalfalfa.com.ar\/noticias\/wp-json\/wp\/v2\/media?parent=2544"}],"wp:term":[{"taxonomy":"category","embeddable":true,"href":"https:\/\/www.todoalfalfa.com.ar\/noticias\/wp-json\/wp\/v2\/categories?post=2544"},{"taxonomy":"post_tag","embeddable":true,"href":"https:\/\/www.todoalfalfa.com.ar\/noticias\/wp-json\/wp\/v2\/tags?post=2544"}],"curies":[{"name":"wp","href":"https:\/\/api.w.org\/{rel}","templated":true}]}}