{"id":303,"date":"2017-03-29T17:18:25","date_gmt":"2017-03-29T20:18:25","guid":{"rendered":"http:\/\/todoalfalfa.com.ar\/?p=303"},"modified":"2026-03-17T11:22:15","modified_gmt":"2026-03-17T14:22:15","slug":"pasturas-debemos-aprovechar-la-oportunidad-de-renovarlas","status":"publish","type":"post","link":"https:\/\/www.todoalfalfa.com.ar\/noticias\/pasturas-debemos-aprovechar-la-oportunidad-de-renovarlas\/","title":{"rendered":"Pasturas: \u201cDebemos aprovechar la oportunidad de renovarlas\u201d"},"content":{"rendered":"<p>El directivo, reafirm\u00f3 el buen momento del sector, explicando que \u201cvenimos de un crecimiento de la siembra de pastura\u201d que en algunos lugares lleg\u00f3 al 15%.<\/p>\n<p><span style=\"color: #008000\"><em><strong>\u2013 A comienzos de 2016 se hablaba de un posible crecimiento de \u00e1rea destinada a forrajeras. \u00bfSe cumplieron esas expectativas?<\/strong><\/em><\/span><br \/>\n\u2013 S\u00ed. Observamos una fuerte mejora, basados en las estad\u00edsticas que maneja nuestra C\u00e1mara. Hubo incrementos en las ventas de las principales semillas forrajeras certificadas del mercado, de alrededor del 15%. Durante los \u00faltimos cuatro a\u00f1os la cantidad de kilos de semillas vendidas ven\u00eda en retroceso, pero las buenas expectativas hicieron que hoy haya m\u00e1s mercados para las principales forrajeras como festuca, alfalfa y ray grass anual, entre otras.<\/p>\n<p><span style=\"color: #008000\"><em><strong>\u2013 \u00bfCree que durante esta campa\u00f1a esa demanda se incrementar\u00e1?<\/strong><\/em><\/span><br \/>\n\u2013 Somos optimistas en que el aumento de la demanda va a continuar. Si bien estamos comenzando la campa\u00f1a en marzo, se observa inter\u00e9s de parte de los productores por renovar sus pasturas. Estas perspectivas alientan al mercado y nos hace pensar a todos los semilleros que habr\u00e1 por lo menos un incremento similar al que tuvimos en la campa\u00f1a anterior.<\/p>\n<p><strong>N\u00fameros que cierran<\/strong><br \/>\nEl gran impulso dado al sector agropecuario en el \u00faltimo a\u00f1o, y sobre todo las buenas perspectivas en la ganader\u00eda a mediano plazo, hace que el sector semillerista de forrajeras contin\u00fae mirando al futuro con mucho optimismo. Los buenos escenarios que ofrece la Argentina para la exportaci\u00f3n de carne, tambi\u00e9n son impulsores de la siembra.<br \/>\n\u201cNuestro sector est\u00e1 repuntando. Estaba pasando por un muy mal momento. Si tomamos los \u00faltimos seis o siete a\u00f1os, la curva de consumo iba para abajo, y reci\u00e9n el a\u00f1o pasado notamos un rebote gracias a las mejores expectativas en el productor\u201d, dijo el entrevistado.<\/p>\n<p><span style=\"color: #008000\"><em><strong>\u2013 \u00bfCu\u00e1les son los n\u00fameros que maneja el negocio de la semilla forrajera en el pa\u00eds?<\/strong><\/em><\/span><br \/>\n\u2013 Se calcula que el movimiento en d\u00f3lares de todo lo que es semillas, ll\u00e1mense h\u00edbridos, aut\u00f3gamas, soja, trigo, forrajeras, es de 1.000 millones de d\u00f3lares. La semilla forrajera de c\u00e9sped significa el 10% de esto. O sea, 100 millones de d\u00f3lares. Aqu\u00ed estamos considerando solo las semillas forrajeras templadas, que son las que se comercializan; no se consideran las tropicales porque es muy dif\u00edcil tomar estad\u00edsticas, ya que reci\u00e9n ahora se est\u00e1n registrando variedades en nuestro pa\u00eds.<\/p>\n<p><span style=\"color: #008000\"><em><strong>\u2013 \u00bfA qu\u00e9 atribuye este buen momento que hac\u00eda mucho tiempo no se daba?<\/strong><\/em><\/span><br \/>\n\u2013 Desde mi punto de vista, creo que este momento de gran relevancia se dio debido a la mayor actividad del productor ganadero o mayor inter\u00e9s. El a\u00f1o pasado fue excepcionalmente bueno en febrero-marzo, con mucho consumo, mucha demanda. En el mes de abril se par\u00f3 totalmente por las lluvias que inundaron Santa Fe, C\u00f3rdoba y Entre R\u00edos. Despu\u00e9s, desde mayo hasta el d\u00eda de hoy, sigui\u00f3 la demanda. Lo que tambi\u00e9n se not\u00f3 fue un mayor consumo en primavera de alfalfa y de otras pasturas que no se sembrar\u00edan en primavera, debido a toda esta situaci\u00f3n clim\u00e1tica que se vivi\u00f3.<\/p>\n<p><span style=\"color: #008000\"><em><strong>\u2013 \u00bfEl negocio principal sigue siendo el de las alfalfas?<\/strong><\/em><\/span><br \/>\n\u2013 Siempre el negocio principal fue la alfalfa. Entre 10 y 15 a\u00f1os atr\u00e1s, el consumo de alfalfa en el pa\u00eds era important\u00edsimo. Se hablaba de hasta 15 millones de kilos de semillas o 15.000 toneladas, y hoy estimamos que estamos en los 5,2 millones. Hubo todo un problema, cay\u00f3 mucho el consumo, sobre todo porque se dej\u00f3 de sembrar alfalfa pura, para utilizarla consociada. La ganader\u00eda en los \u00faltimos a\u00f1os tambi\u00e9n baj\u00f3 y la lecher\u00eda ni hablar. Entonces se notan estos cambios.<\/p>\n<p><strong>El clima y el nuevo sistema de pasturas<\/strong><br \/>\n\u201cEstamos convencidos que de no haberse originado un grave problema clim\u00e1tico en las zonas tamberas, la venta de semillas forrajeras y en especial de alfalfas hubiese sido extraordinaria\u201d, manifiesta Thisted con algo de pena.<br \/>\nClaro que el sector lechero sufri\u00f3 un deterioro sin precedentes producto de las inundaciones, y adem\u00e1s debi\u00f3 lidiar con un precio para la leche muy por debajo de las pretensiones productoras.<br \/>\nPor otra parte, en relaci\u00f3n a las alfalfas, desde los semilleros est\u00e1n planteando la necesidad de incorporar otras pasturas que remplacen a \u201cla reina\u201d en los tambos complicados de C\u00f3rdoba y Santa Fe, con la finalidad primordial de bajar los costos en estas unidades productivas. \u201cDesde 2015 los productores de leche comenzaron a pedirnos alfalfas baratas y de menos calidad porque con sus problemas financieros no ten\u00edan margen econ\u00f3mico para gastar m\u00e1s\u201d, explic\u00f3.<\/p>\n<p><span style=\"color: #008000\"><em><strong>\u2013 \u00bfC\u00f3mo pueden reemplazar los tamberos el alto impacto productivo de las alfalfas certificadas?<\/strong><\/em><\/span><br \/>\n\u2013 Ellos son muy observadores y entienden la importancia de contar con alfalfas de primera calidad y certificadas, para incrementar la producci\u00f3n de leche. Sin embargo se dieron cuenta que los n\u00fameros no le cerraban a pesar del buen impacto que \u00e9stas tienen en la producci\u00f3n de leche. M\u00e1s a\u00fan cuando perdieron dos siembras consecutivas por inundaciones severas. Por eso desde las empresas que componemos la C\u00e1mara de Semilleristas y el INTA, estamos trabajando para desarrollar materiales que reemplacen a las alfalfas, con la finalidad de bajar sus costos y que no pierdan tanta productividad de leche.<\/p>\n<p><span style=\"color: #008000\"><em><strong>\u2013 \u00bfQu\u00e9 alternativas manejan para ello?<\/strong><\/em><\/span><br \/>\n\u2013 En realidad no es un tema f\u00e1cil. Hay productores que est\u00e1n acostumbrados y no se resignan f\u00e1cilmente a pesar de que se dan cuenta del impacto en sus costos. Por eso estamos trabajando en leguminosas como tr\u00e9bol rojo, cebadilla y festuca que pueden brindar forraje de gran calidad, aunque no a la altura de una alfalfa. No obstante, estamos buscando alternativas que seguramente en corto plazo haremos p\u00fablicas para tratar de aliviar este dif\u00edcil momento coyuntural que les toca vivir.<\/p>\n<p><strong>Las alfalfas reinan siempre<\/strong><br \/>\nM\u00e1s all\u00e1 de las regiones que sufrieron el impacto clim\u00e1tico, el resto sigue apostando a la alfalfa con mayor fuerza que antes. El sureste bonaerense y las regiones no afectadas de C\u00f3rdoba y Entre R\u00edos, contin\u00faan invirtiendo en la pastura m\u00e1s sembrada del pa\u00eds.<br \/>\n\u201cA pesar de todo observamos incrementos en la siembra de esta pastura ya que sigue siendo considerada como la de mejor calidad de forraje por productores de leche y carne\u201d, enfatiz\u00f3 el entrevistado.<\/p>\n<p><span style=\"color: #008000\"><em><strong>\u2013 \u00bfSe contin\u00faa importando semilla de alfalfa?<\/strong><\/em><\/span><br \/>\n\u2013 S\u00ed, sobre todo las alfalfas de buena calidad que importamos desde Estados Unidos y Australia. Con el Gobierno anterior tuvimos un problema burocr\u00e1tico respecto a la importaci\u00f3n y comenzamos a producir en nuestro pa\u00eds para poder llegar a sembrarlas en tiempo y forma. Sin embargo en la Argentina la producci\u00f3n de semilla de alfalfa es inestable, con lo cual hay campa\u00f1as donde nos puede llegar a jugar una mala pasada. Por ese motivo la importaci\u00f3n es necesaria e inevitable.<\/p>\n<p><strong>Exportaci\u00f3n de pasturas y mercado interno<\/strong><br \/>\nEn materia de exportaci\u00f3n, los semilleros argentinos tienen una alta demanda a nivel mundial, aunque no es significativa. Uno de los pa\u00edses con mayor solicitud de pasturas de la Argentina es China. En este sentido, una de las empresas locales exporta tr\u00e9bol blanco, no como forrajera sino como ornamental para c\u00e9sped. Adem\u00e1s, existen semilleros que env\u00edan productos a Europa, que es un gran consumidor de ray grass anual y ray grass perenne para c\u00e9sped. Sin embargo, seg\u00fan aclar\u00f3 Thisted, no son las mismas variedades que se venden para forraje en nuestro pa\u00eds, sino que son otras, espec\u00edficas, de menor porte y otro tipo de crecimiento.<\/p>\n<p><span style=\"color: #008000\"><strong><em>\u2013 \u00bfEl mercado exterior se presenta favorable?<\/em><\/strong><\/span><br \/>\n\u2013 Las exportaciones de semillas forrajeras, no son significativas aunque tambi\u00e9n reflejan alg\u00fan crecimiento. Mucho depende de nuestra paridad cambiaria, que a veces nos saca del mercado, pero dir\u00eda que es un 10 \u2013 15%.<br \/>\nCasi todas nuestras empresas sufrieron el achique de personal y de estructura tratando de adaptarnos a la situaci\u00f3n, pero ahora esperamos que haya un repunte. El consumo interno ven\u00eda cayendo y repunt\u00f3 el a\u00f1o pasado, por ello creemos que tambi\u00e9n la exportaci\u00f3n lo har\u00e1. La expectativa es que se vuelva a lo que era unos a\u00f1os atr\u00e1s. Cambi\u00f3 el escenario. Hay apertura, hay nuevos mercados. Hubo una mejora del precio internacional, y eso asegurar\u00e1 la situaci\u00f3n.<\/p>\n<p><span style=\"color: #008000\"><strong><em>\u2013 En el mercado interno \u00bfsufri\u00f3 incrementos el precio de las semillas forrajeras?<\/em><\/strong><\/span><br \/>\n\u2013 No. En los \u00faltimos cuatro a\u00f1os el precio de las forrajeras se mantuvo estable en d\u00f3lares. No obstante s\u00ed estamos observando un aumento en el costo de producci\u00f3n por el incremento que tuvieron algunos insumos. Lo m\u00e1s grave para los semilleros es el costo del flete, que indudablemente luego se traslada al productor en el valor de la semilla. Ni hablar de los costos de mano de obra y aportes a Uatre. Esto \u00faltimo se transforma en excesivo cada d\u00eda y es obligatorio para las empresas chicas, por lo tanto competir en este mercado con los valores que pregonan algunos sindicatos se hace muy dif\u00edcil.<\/p>\n<p><strong>Inconvenientes que preocupan<\/strong><br \/>\nLos semilleros denuncian una situaci\u00f3n que va de mal en peor, porque les generan una competencia desleal. La conocida \u201cbolsa blanca\u201d, es un il\u00edcito sin control que desacopla a la Argentina de la regi\u00f3n, ya que seg\u00fan c\u00e1lculos de mercado, un 10% de la pastura que se implanta en la Argentina es \u201ctrucha\u201d. Respecto a ello, el empresario asegur\u00f3 que su principal competidor \u201cno es el semillero colega\u201d, sino la \u201cbolsa blanca\u201d.<\/p>\n<p><span style=\"color: #008000\"><strong><em>\u2013 \u00bfQu\u00e9 problemas tiene fundamentalmente el negocio y cu\u00e1les son las preocupaciones fundamentales?<\/em><\/strong><\/span><br \/>\n\u2013 Nuestras demandas ante las autoridades, ante el Gobierno, es un tema eterno que venimos sufriendo hace a\u00f1os que es la \u201cbolsa blanca\u201d o multiplicaci\u00f3n de semillas ilegal, aqauella semilla que no es fiscalizada. En forrajeras hay muchas.<br \/>\nHay un consumo de 5,2 millones de kilos de alfalfa fiscalizada, que se divide en semilla que importamos -porque alfalfa se importa bastante- o que se produce en el pa\u00eds -eso es lo fiscalizado-. Hay operadores que estiman que de 1 a 1,5 millones de kilos corresponden a \u201cbolsa blanca\u201d. Es un porcentaje importante. Y lo mismo ocurre con raygr\u00e1s anual y con festuca. Ese es el problema fundamental, y por el momento sin soluci\u00f3n.<\/p>\n<p><span style=\"color: #008000\"><em><strong>\u2013 \u00bfQu\u00e9 propuestas mantienen desde la C\u00e1mara para procurar que haya fiscalizaci\u00f3n obligatoria en las forrajeras?<\/strong><\/em><\/span><br \/>\n\u2013 Nosotros mismos pedimos al Instituto Nacional de Semillas (Inase) que se vayan incorporando las distintas especies de semillas forrajeras a la fiscalizaci\u00f3n obligatoria. Todav\u00eda hay especies como agropiro, que no est\u00e1n dentro de esa fiscalizaci\u00f3n. Pero a\u00f1o tras a\u00f1o se van incorporando. La disposici\u00f3n de las autoridades de este organismo es muy buena. Hablamos continuamente, ellos se muestran dispuestos, pero hay una serie de problemas econ\u00f3micos que impiden que se cumpla del todo. Vemos que muchas veces, por falta de recursos, no lo pueden hacer.<\/p>\n<p><strong>Ley de semillas y el impulso forrajero<\/strong><br \/>\nLos referentes de las empresas de semillas forrajeras reclaman la necesidad de contar con una nueva Ley de semillas que promueva la inversi\u00f3n privada, y hasta el castigo para aquellos que no cumplan con la regulaci\u00f3n. En ese sentido, tuvieron la oportunidad de participar en las reuniones de ASA, Asociaci\u00f3n de Semilleros Argentinos, para debatir su punto de vista en relaci\u00f3n a las semillas fiscalizadas de forrajeras.<\/p>\n<p><span style=\"color: #008000\"><em><strong>\u2013 \u00bfUstedes fueron convocados para dar su opini\u00f3n sobre las modificaciones a la ley 20.247?<\/strong><\/em><\/span><br \/>\n\u2013 Desde el comienzo de este nuevo Gobierno pedimos audiencia al ministro de Agricultura para presentarnos como C\u00e1mara y fuimos muy bien recibidos. A partir de all\u00ed somos convocados cuando es necesario opinar sobre distintos temas. En cuanto a la Ley de semillas, s\u00ed hemos participado, y nuestro punto fundamental es un tema conceptual sobre la semilla forrajera, es decir, quien compra una semilla forrajera es para hacer pasto. No es para producir semillas. Entonces, quien produce semilla est\u00e1 haciendo una actividad que no corresponde al concepto de la producci\u00f3n de pasto. Eso fue aceptado por el Ministerio y estamos tratando que ahora en este nuevo proyecto de ley figure esa excepci\u00f3n. Es decir que consideramos que el concepto \u201cde uso propio\u201d all\u00ed no corresponde.<\/p>\n<p><span style=\"color: #008000\"><em><strong>\u2013 En lo personal \u00bfobserva un crecimiento del negocio en cuanto a facturaci\u00f3n y \u00e1rea sembrada pensando en el largo plazo?<\/strong><\/em><\/span><br \/>\n\u2013 Tanto las empresas como la C\u00e1mara vemos una proyecci\u00f3n interesante, una mayor facturaci\u00f3n. La quita de retenciones hace que hoy en d\u00eda el ma\u00edz sea caro para la suplementaci\u00f3n. Estamos avizorando una vuelta a la producci\u00f3n a pasto por un tema econ\u00f3mico, o sea reemplazar la terminaci\u00f3n de grano con pasto. En eso advertimos una mejora importante, y tambi\u00e9n en la producci\u00f3n de carne, vemos un alargamiento de la recr\u00eda, y eso es a pasto. Es decir que hay otro escenario que es muy positivo y debemos prepararnos para ello.<\/p>\n<p><em>Fuente: Nuevo ABC Rural<\/em><\/p>\n<div class=\"todoalfalfa-final-de-la-nota\" id=\"todoalfalfa-797329409\"><a href=\"https:\/\/www.whatsapp.com\/channel\/0029VbCBmFB9WtBxJsD3eC2i\" target=\"_blank\" aria-label=\"5\"><img src=\"https:\/\/i0.wp.com\/www.todoalfalfa.com.ar\/noticias\/wp-content\/uploads\/2026\/04\/5.gif?fit=728%2C90&#038;ssl=1\" alt=\"\"  width=\"728\" height=\"90\"   \/><\/a><\/div>","protected":false},"excerpt":{"rendered":"<p>El directivo, reafirm&oacute; el buen momento del sector, explicando que &ldquo;venimos de un crecimiento de la siembra de pastura&rdquo; que&#8230;<\/p>\n","protected":false},"author":3,"featured_media":304,"comment_status":"closed","ping_status":"open","sticky":false,"template":"","format":"standard","meta":{"jetpack_post_was_ever_published":false,"_jetpack_newsletter_access":"","_jetpack_dont_email_post_to_subs":false,"_jetpack_newsletter_tier_id":0,"_jetpack_memberships_contains_paywalled_content":false,"_jetpack_memberships_contains_paid_content":false,"footnotes":""},"categories":[2,2201],"tags":[17,37],"class_list":["post-303","post","type-post","status-publish","format-standard","has-post-thumbnail","hentry","category-generales","category-pastura","tag-pasturas","tag-renovacion"],"yoast_head":"<!-- This site is optimized with the Yoast SEO plugin v25.5 - https:\/\/yoast.com\/wordpress\/plugins\/seo\/ -->\n<title>Pasturas: \u201cDebemos aprovechar la oportunidad de renovarlas\u201d<\/title>\n<meta name=\"robots\" content=\"index, follow, max-snippet:-1, max-image-preview:large, max-video-preview:-1\" \/>\n<link rel=\"canonical\" href=\"https:\/\/www.todoalfalfa.com.ar\/noticias\/pasturas-debemos-aprovechar-la-oportunidad-de-renovarlas\/\" \/>\n<meta property=\"og:locale\" content=\"es_ES\" \/>\n<meta property=\"og:type\" content=\"article\" \/>\n<meta property=\"og:title\" content=\"Pasturas: \u201cDebemos aprovechar la oportunidad de renovarlas\u201d\" \/>\n<meta property=\"og:description\" content=\"El directivo, reafirm&oacute; el buen momento del sector, explicando que &ldquo;venimos de un crecimiento de la siembra de pastura&rdquo; que...\" \/>\n<meta property=\"og:url\" content=\"https:\/\/www.todoalfalfa.com.ar\/noticias\/pasturas-debemos-aprovechar-la-oportunidad-de-renovarlas\/\" \/>\n<meta property=\"og:site_name\" content=\"Todo Alfalfa\" \/>\n<meta property=\"article:publisher\" content=\"https:\/\/www.facebook.com\/todoalfalfa\" \/>\n<meta property=\"article:published_time\" content=\"2017-03-29T20:18:25+00:00\" \/>\n<meta property=\"article:modified_time\" content=\"2026-03-17T14:22:15+00:00\" \/>\n<meta property=\"og:image\" content=\"https:\/\/www.todoalfalfa.com.ar\/noticias\/wp-content\/uploads\/2017\/03\/vacas_pastando_pasturas.jpg\" \/>\n\t<meta property=\"og:image:width\" content=\"700\" \/>\n\t<meta property=\"og:image:height\" content=\"394\" \/>\n\t<meta property=\"og:image:type\" content=\"image\/jpeg\" \/>\n<meta name=\"author\" content=\"Todo Alfalfa\" \/>\n<meta name=\"twitter:card\" content=\"summary_large_image\" \/>\n<meta name=\"twitter:label1\" content=\"Escrito por\" \/>\n\t<meta name=\"twitter:data1\" content=\"Todo Alfalfa\" \/>\n\t<meta name=\"twitter:label2\" content=\"Tiempo de lectura\" \/>\n\t<meta name=\"twitter:data2\" content=\"10 minutos\" \/>\n<script type=\"application\/ld+json\" class=\"yoast-schema-graph\">{\"@context\":\"https:\/\/schema.org\",\"@graph\":[{\"@type\":\"NewsArticle\",\"@id\":\"https:\/\/www.todoalfalfa.com.ar\/noticias\/pasturas-debemos-aprovechar-la-oportunidad-de-renovarlas\/#article\",\"isPartOf\":{\"@id\":\"https:\/\/www.todoalfalfa.com.ar\/noticias\/pasturas-debemos-aprovechar-la-oportunidad-de-renovarlas\/\"},\"author\":{\"name\":\"Todo Alfalfa\",\"@id\":\"https:\/\/www.todoalfalfa.com.ar\/noticias\/#\/schema\/person\/4ee4bca9b9fa50c4f0fbaf7017fbf2ad\"},\"headline\":\"Pasturas: \u201cDebemos aprovechar la oportunidad de renovarlas\u201d\",\"datePublished\":\"2017-03-29T20:18:25+00:00\",\"dateModified\":\"2026-03-17T14:22:15+00:00\",\"mainEntityOfPage\":{\"@id\":\"https:\/\/www.todoalfalfa.com.ar\/noticias\/pasturas-debemos-aprovechar-la-oportunidad-de-renovarlas\/\"},\"wordCount\":2200,\"publisher\":{\"@id\":\"https:\/\/www.todoalfalfa.com.ar\/noticias\/#organization\"},\"image\":{\"@id\":\"https:\/\/www.todoalfalfa.com.ar\/noticias\/pasturas-debemos-aprovechar-la-oportunidad-de-renovarlas\/#primaryimage\"},\"thumbnailUrl\":\"https:\/\/i0.wp.com\/www.todoalfalfa.com.ar\/noticias\/wp-content\/uploads\/2017\/03\/vacas_pastando_pasturas.jpg?fit=700%2C394&ssl=1\",\"keywords\":[\"pasturas\",\"renovaci\u00f3n\"],\"articleSection\":[\"Generales\",\"Pastura\"],\"inLanguage\":\"es\"},{\"@type\":[\"WebPage\",\"ItemPage\"],\"@id\":\"https:\/\/www.todoalfalfa.com.ar\/noticias\/pasturas-debemos-aprovechar-la-oportunidad-de-renovarlas\/\",\"url\":\"https:\/\/www.todoalfalfa.com.ar\/noticias\/pasturas-debemos-aprovechar-la-oportunidad-de-renovarlas\/\",\"name\":\"Pasturas: \u201cDebemos aprovechar la oportunidad de renovarlas\u201d\",\"isPartOf\":{\"@id\":\"https:\/\/www.todoalfalfa.com.ar\/noticias\/#website\"},\"primaryImageOfPage\":{\"@id\":\"https:\/\/www.todoalfalfa.com.ar\/noticias\/pasturas-debemos-aprovechar-la-oportunidad-de-renovarlas\/#primaryimage\"},\"image\":{\"@id\":\"https:\/\/www.todoalfalfa.com.ar\/noticias\/pasturas-debemos-aprovechar-la-oportunidad-de-renovarlas\/#primaryimage\"},\"thumbnailUrl\":\"https:\/\/i0.wp.com\/www.todoalfalfa.com.ar\/noticias\/wp-content\/uploads\/2017\/03\/vacas_pastando_pasturas.jpg?fit=700%2C394&ssl=1\",\"datePublished\":\"2017-03-29T20:18:25+00:00\",\"dateModified\":\"2026-03-17T14:22:15+00:00\",\"breadcrumb\":{\"@id\":\"https:\/\/www.todoalfalfa.com.ar\/noticias\/pasturas-debemos-aprovechar-la-oportunidad-de-renovarlas\/#breadcrumb\"},\"inLanguage\":\"es\",\"potentialAction\":[{\"@type\":\"ReadAction\",\"target\":[\"https:\/\/www.todoalfalfa.com.ar\/noticias\/pasturas-debemos-aprovechar-la-oportunidad-de-renovarlas\/\"]}]},{\"@type\":\"ImageObject\",\"inLanguage\":\"es\",\"@id\":\"https:\/\/www.todoalfalfa.com.ar\/noticias\/pasturas-debemos-aprovechar-la-oportunidad-de-renovarlas\/#primaryimage\",\"url\":\"https:\/\/i0.wp.com\/www.todoalfalfa.com.ar\/noticias\/wp-content\/uploads\/2017\/03\/vacas_pastando_pasturas.jpg?fit=700%2C394&ssl=1\",\"contentUrl\":\"https:\/\/i0.wp.com\/www.todoalfalfa.com.ar\/noticias\/wp-content\/uploads\/2017\/03\/vacas_pastando_pasturas.jpg?fit=700%2C394&ssl=1\",\"width\":700,\"height\":394,\"caption\":\"El crecimiento del mercado de forrajeras, reafirman el buen momento del sector\"},{\"@type\":\"BreadcrumbList\",\"@id\":\"https:\/\/www.todoalfalfa.com.ar\/noticias\/pasturas-debemos-aprovechar-la-oportunidad-de-renovarlas\/#breadcrumb\",\"itemListElement\":[{\"@type\":\"ListItem\",\"position\":1,\"name\":\"Principal\",\"item\":\"https:\/\/www.todoalfalfa.com.ar\/noticias\/\"},{\"@type\":\"ListItem\",\"position\":2,\"name\":\"Pasturas: \u201cDebemos aprovechar la oportunidad de renovarlas\u201d\"}]},{\"@type\":\"WebSite\",\"@id\":\"https:\/\/www.todoalfalfa.com.ar\/noticias\/#website\",\"url\":\"https:\/\/www.todoalfalfa.com.ar\/noticias\/\",\"name\":\"Todo Alfalfa\",\"description\":\"Web informativa de la cadena de la alfalfa argentina\",\"publisher\":{\"@id\":\"https:\/\/www.todoalfalfa.com.ar\/noticias\/#organization\"},\"potentialAction\":[{\"@type\":\"SearchAction\",\"target\":{\"@type\":\"EntryPoint\",\"urlTemplate\":\"https:\/\/www.todoalfalfa.com.ar\/noticias\/?s={search_term_string}\"},\"query-input\":{\"@type\":\"PropertyValueSpecification\",\"valueRequired\":true,\"valueName\":\"search_term_string\"}}],\"inLanguage\":\"es\"},{\"@type\":\"Organization\",\"@id\":\"https:\/\/www.todoalfalfa.com.ar\/noticias\/#organization\",\"name\":\"Todo Alfalfa\",\"url\":\"https:\/\/www.todoalfalfa.com.ar\/noticias\/\",\"logo\":{\"@type\":\"ImageObject\",\"inLanguage\":\"es\",\"@id\":\"https:\/\/www.todoalfalfa.com.ar\/noticias\/#\/schema\/logo\/image\/\",\"url\":\"https:\/\/www.todoalfalfa.com.ar\/noticias\/wp-content\/uploads\/2020\/09\/logo-todo-alfalfa-modificado.png\",\"contentUrl\":\"https:\/\/www.todoalfalfa.com.ar\/noticias\/wp-content\/uploads\/2020\/09\/logo-todo-alfalfa-modificado.png\",\"width\":350,\"height\":100,\"caption\":\"Todo Alfalfa\"},\"image\":{\"@id\":\"https:\/\/www.todoalfalfa.com.ar\/noticias\/#\/schema\/logo\/image\/\"},\"sameAs\":[\"https:\/\/www.facebook.com\/todoalfalfa\",\"https:\/\/www.instagram.com\/todoalfalfa\",\"https:\/\/www.youtube.com\/@TodoAlfalfa\",\"https:\/\/www.linkedin.com\/company\/todoalfalfa\/\"]},{\"@type\":\"Person\",\"@id\":\"https:\/\/www.todoalfalfa.com.ar\/noticias\/#\/schema\/person\/4ee4bca9b9fa50c4f0fbaf7017fbf2ad\",\"name\":\"Todo Alfalfa\",\"image\":{\"@type\":\"ImageObject\",\"inLanguage\":\"es\",\"@id\":\"https:\/\/www.todoalfalfa.com.ar\/noticias\/#\/schema\/person\/image\/\",\"url\":\"https:\/\/secure.gravatar.com\/avatar\/4d26a600a1380823a26c3f9cb74ada1a8ee4b482c0c3a616ab022b865c46be8f?s=96&d=mm&r=g\",\"contentUrl\":\"https:\/\/secure.gravatar.com\/avatar\/4d26a600a1380823a26c3f9cb74ada1a8ee4b482c0c3a616ab022b865c46be8f?s=96&d=mm&r=g\",\"caption\":\"Todo Alfalfa\"},\"sameAs\":[\"http:\/\/www.todoalfalfa.com.ar\"],\"url\":\"https:\/\/www.todoalfalfa.com.ar\/noticias\/author\/todoalfalfa\/\"}]}<\/script>\n<!-- \/ Yoast SEO plugin. -->","yoast_head_json":{"title":"Pasturas: \u201cDebemos aprovechar la oportunidad de renovarlas\u201d","robots":{"index":"index","follow":"follow","max-snippet":"max-snippet:-1","max-image-preview":"max-image-preview:large","max-video-preview":"max-video-preview:-1"},"canonical":"https:\/\/www.todoalfalfa.com.ar\/noticias\/pasturas-debemos-aprovechar-la-oportunidad-de-renovarlas\/","og_locale":"es_ES","og_type":"article","og_title":"Pasturas: \u201cDebemos aprovechar la oportunidad de renovarlas\u201d","og_description":"El directivo, reafirm&oacute; el buen momento del sector, explicando que &ldquo;venimos de un crecimiento de la siembra de pastura&rdquo; que...","og_url":"https:\/\/www.todoalfalfa.com.ar\/noticias\/pasturas-debemos-aprovechar-la-oportunidad-de-renovarlas\/","og_site_name":"Todo Alfalfa","article_publisher":"https:\/\/www.facebook.com\/todoalfalfa","article_published_time":"2017-03-29T20:18:25+00:00","article_modified_time":"2026-03-17T14:22:15+00:00","og_image":[{"width":700,"height":394,"url":"https:\/\/www.todoalfalfa.com.ar\/noticias\/wp-content\/uploads\/2017\/03\/vacas_pastando_pasturas.jpg","type":"image\/jpeg"}],"author":"Todo Alfalfa","twitter_card":"summary_large_image","twitter_misc":{"Escrito por":"Todo Alfalfa","Tiempo de lectura":"10 minutos"},"schema":{"@context":"https:\/\/schema.org","@graph":[{"@type":"NewsArticle","@id":"https:\/\/www.todoalfalfa.com.ar\/noticias\/pasturas-debemos-aprovechar-la-oportunidad-de-renovarlas\/#article","isPartOf":{"@id":"https:\/\/www.todoalfalfa.com.ar\/noticias\/pasturas-debemos-aprovechar-la-oportunidad-de-renovarlas\/"},"author":{"name":"Todo Alfalfa","@id":"https:\/\/www.todoalfalfa.com.ar\/noticias\/#\/schema\/person\/4ee4bca9b9fa50c4f0fbaf7017fbf2ad"},"headline":"Pasturas: \u201cDebemos aprovechar la oportunidad de renovarlas\u201d","datePublished":"2017-03-29T20:18:25+00:00","dateModified":"2026-03-17T14:22:15+00:00","mainEntityOfPage":{"@id":"https:\/\/www.todoalfalfa.com.ar\/noticias\/pasturas-debemos-aprovechar-la-oportunidad-de-renovarlas\/"},"wordCount":2200,"publisher":{"@id":"https:\/\/www.todoalfalfa.com.ar\/noticias\/#organization"},"image":{"@id":"https:\/\/www.todoalfalfa.com.ar\/noticias\/pasturas-debemos-aprovechar-la-oportunidad-de-renovarlas\/#primaryimage"},"thumbnailUrl":"https:\/\/i0.wp.com\/www.todoalfalfa.com.ar\/noticias\/wp-content\/uploads\/2017\/03\/vacas_pastando_pasturas.jpg?fit=700%2C394&ssl=1","keywords":["pasturas","renovaci\u00f3n"],"articleSection":["Generales","Pastura"],"inLanguage":"es"},{"@type":["WebPage","ItemPage"],"@id":"https:\/\/www.todoalfalfa.com.ar\/noticias\/pasturas-debemos-aprovechar-la-oportunidad-de-renovarlas\/","url":"https:\/\/www.todoalfalfa.com.ar\/noticias\/pasturas-debemos-aprovechar-la-oportunidad-de-renovarlas\/","name":"Pasturas: \u201cDebemos aprovechar la oportunidad de renovarlas\u201d","isPartOf":{"@id":"https:\/\/www.todoalfalfa.com.ar\/noticias\/#website"},"primaryImageOfPage":{"@id":"https:\/\/www.todoalfalfa.com.ar\/noticias\/pasturas-debemos-aprovechar-la-oportunidad-de-renovarlas\/#primaryimage"},"image":{"@id":"https:\/\/www.todoalfalfa.com.ar\/noticias\/pasturas-debemos-aprovechar-la-oportunidad-de-renovarlas\/#primaryimage"},"thumbnailUrl":"https:\/\/i0.wp.com\/www.todoalfalfa.com.ar\/noticias\/wp-content\/uploads\/2017\/03\/vacas_pastando_pasturas.jpg?fit=700%2C394&ssl=1","datePublished":"2017-03-29T20:18:25+00:00","dateModified":"2026-03-17T14:22:15+00:00","breadcrumb":{"@id":"https:\/\/www.todoalfalfa.com.ar\/noticias\/pasturas-debemos-aprovechar-la-oportunidad-de-renovarlas\/#breadcrumb"},"inLanguage":"es","potentialAction":[{"@type":"ReadAction","target":["https:\/\/www.todoalfalfa.com.ar\/noticias\/pasturas-debemos-aprovechar-la-oportunidad-de-renovarlas\/"]}]},{"@type":"ImageObject","inLanguage":"es","@id":"https:\/\/www.todoalfalfa.com.ar\/noticias\/pasturas-debemos-aprovechar-la-oportunidad-de-renovarlas\/#primaryimage","url":"https:\/\/i0.wp.com\/www.todoalfalfa.com.ar\/noticias\/wp-content\/uploads\/2017\/03\/vacas_pastando_pasturas.jpg?fit=700%2C394&ssl=1","contentUrl":"https:\/\/i0.wp.com\/www.todoalfalfa.com.ar\/noticias\/wp-content\/uploads\/2017\/03\/vacas_pastando_pasturas.jpg?fit=700%2C394&ssl=1","width":700,"height":394,"caption":"El crecimiento del mercado de forrajeras, reafirman el buen momento del sector"},{"@type":"BreadcrumbList","@id":"https:\/\/www.todoalfalfa.com.ar\/noticias\/pasturas-debemos-aprovechar-la-oportunidad-de-renovarlas\/#breadcrumb","itemListElement":[{"@type":"ListItem","position":1,"name":"Principal","item":"https:\/\/www.todoalfalfa.com.ar\/noticias\/"},{"@type":"ListItem","position":2,"name":"Pasturas: \u201cDebemos aprovechar la oportunidad de renovarlas\u201d"}]},{"@type":"WebSite","@id":"https:\/\/www.todoalfalfa.com.ar\/noticias\/#website","url":"https:\/\/www.todoalfalfa.com.ar\/noticias\/","name":"Todo Alfalfa","description":"Web informativa de la cadena de la alfalfa argentina","publisher":{"@id":"https:\/\/www.todoalfalfa.com.ar\/noticias\/#organization"},"potentialAction":[{"@type":"SearchAction","target":{"@type":"EntryPoint","urlTemplate":"https:\/\/www.todoalfalfa.com.ar\/noticias\/?s={search_term_string}"},"query-input":{"@type":"PropertyValueSpecification","valueRequired":true,"valueName":"search_term_string"}}],"inLanguage":"es"},{"@type":"Organization","@id":"https:\/\/www.todoalfalfa.com.ar\/noticias\/#organization","name":"Todo Alfalfa","url":"https:\/\/www.todoalfalfa.com.ar\/noticias\/","logo":{"@type":"ImageObject","inLanguage":"es","@id":"https:\/\/www.todoalfalfa.com.ar\/noticias\/#\/schema\/logo\/image\/","url":"https:\/\/www.todoalfalfa.com.ar\/noticias\/wp-content\/uploads\/2020\/09\/logo-todo-alfalfa-modificado.png","contentUrl":"https:\/\/www.todoalfalfa.com.ar\/noticias\/wp-content\/uploads\/2020\/09\/logo-todo-alfalfa-modificado.png","width":350,"height":100,"caption":"Todo Alfalfa"},"image":{"@id":"https:\/\/www.todoalfalfa.com.ar\/noticias\/#\/schema\/logo\/image\/"},"sameAs":["https:\/\/www.facebook.com\/todoalfalfa","https:\/\/www.instagram.com\/todoalfalfa","https:\/\/www.youtube.com\/@TodoAlfalfa","https:\/\/www.linkedin.com\/company\/todoalfalfa\/"]},{"@type":"Person","@id":"https:\/\/www.todoalfalfa.com.ar\/noticias\/#\/schema\/person\/4ee4bca9b9fa50c4f0fbaf7017fbf2ad","name":"Todo Alfalfa","image":{"@type":"ImageObject","inLanguage":"es","@id":"https:\/\/www.todoalfalfa.com.ar\/noticias\/#\/schema\/person\/image\/","url":"https:\/\/secure.gravatar.com\/avatar\/4d26a600a1380823a26c3f9cb74ada1a8ee4b482c0c3a616ab022b865c46be8f?s=96&d=mm&r=g","contentUrl":"https:\/\/secure.gravatar.com\/avatar\/4d26a600a1380823a26c3f9cb74ada1a8ee4b482c0c3a616ab022b865c46be8f?s=96&d=mm&r=g","caption":"Todo Alfalfa"},"sameAs":["http:\/\/www.todoalfalfa.com.ar"],"url":"https:\/\/www.todoalfalfa.com.ar\/noticias\/author\/todoalfalfa\/"}]}},"jetpack_featured_media_url":"https:\/\/i0.wp.com\/www.todoalfalfa.com.ar\/noticias\/wp-content\/uploads\/2017\/03\/vacas_pastando_pasturas.jpg?fit=700%2C394&ssl=1","wps_subtitle":"El presidente de la C\u00e1mara de Semilleristas de la Bolsa de Cereales de Buenos Aires y director de GAPP Semillas, ingeniero agr\u00f3nomo Guillermo Thisted, habl\u00f3 sobre la situaci\u00f3n de las forrajeras con vistas a la nueva campa\u00f1a.","jetpack_sharing_enabled":true,"_links":{"self":[{"href":"https:\/\/www.todoalfalfa.com.ar\/noticias\/wp-json\/wp\/v2\/posts\/303","targetHints":{"allow":["GET"]}}],"collection":[{"href":"https:\/\/www.todoalfalfa.com.ar\/noticias\/wp-json\/wp\/v2\/posts"}],"about":[{"href":"https:\/\/www.todoalfalfa.com.ar\/noticias\/wp-json\/wp\/v2\/types\/post"}],"author":[{"embeddable":true,"href":"https:\/\/www.todoalfalfa.com.ar\/noticias\/wp-json\/wp\/v2\/users\/3"}],"replies":[{"embeddable":true,"href":"https:\/\/www.todoalfalfa.com.ar\/noticias\/wp-json\/wp\/v2\/comments?post=303"}],"version-history":[{"count":2,"href":"https:\/\/www.todoalfalfa.com.ar\/noticias\/wp-json\/wp\/v2\/posts\/303\/revisions"}],"predecessor-version":[{"id":52246,"href":"https:\/\/www.todoalfalfa.com.ar\/noticias\/wp-json\/wp\/v2\/posts\/303\/revisions\/52246"}],"wp:featuredmedia":[{"embeddable":true,"href":"https:\/\/www.todoalfalfa.com.ar\/noticias\/wp-json\/wp\/v2\/media\/304"}],"wp:attachment":[{"href":"https:\/\/www.todoalfalfa.com.ar\/noticias\/wp-json\/wp\/v2\/media?parent=303"}],"wp:term":[{"taxonomy":"category","embeddable":true,"href":"https:\/\/www.todoalfalfa.com.ar\/noticias\/wp-json\/wp\/v2\/categories?post=303"},{"taxonomy":"post_tag","embeddable":true,"href":"https:\/\/www.todoalfalfa.com.ar\/noticias\/wp-json\/wp\/v2\/tags?post=303"}],"curies":[{"name":"wp","href":"https:\/\/api.w.org\/{rel}","templated":true}]}}