{"id":40665,"date":"2019-03-18T18:49:21","date_gmt":"2019-03-18T21:49:21","guid":{"rendered":"https:\/\/todoalfalfa.com.ar\/?p=40665"},"modified":"2019-03-18T18:49:22","modified_gmt":"2019-03-18T21:49:22","slug":"siembra-de-alfalfa-todo-comienza-por-el-principio","status":"publish","type":"post","link":"https:\/\/www.todoalfalfa.com.ar\/noticias\/siembra-de-alfalfa-todo-comienza-por-el-principio\/","title":{"rendered":"Siembra de alfalfa: Todo comienza por el principio"},"content":{"rendered":"\n<p>Estamos a unos d\u00edas del comienzo del oto\u00f1o, lo que nos indica la necesidad de la planificaci\u00f3n de la siembra de pasturas como la alfalfa, que tiene un impacto fundamental para lograr un buen comienzo con el objeto de asegurarnos persistencia, costos, y productividad en los a\u00f1os de utilizaci\u00f3n.<br> Hoy sabemos que el bien m\u00e1s escaso y m\u00e1s costoso es la tierra adem\u00e1s del agua. Entonces\u2026 \u00bfpor qu\u00e9 no aprovecharla a gran escala? Para tal fin lo ideal es poder tener la mayor cantidad de plantas por hect\u00e1rea, haciendo que las mismas permanezcan el mayor tiempo posible, sanas y libres de malezas.<\/p>\n\n\n\n<p>Por ello es importante recordar algunos conceptos a la hora de la implantaci\u00f3n de cultivos que son los que nos aportan una porci\u00f3n importante de la prote\u00edna en los rodeos ya sean de carne o leche.<br> En primer lugar, deber\u00edamos apuntar a una siembra de m\u00e1s de 18 Kg de semilla por ha (m\u00e1s semillas, m\u00e1s forraje, m\u00e1s producci\u00f3n) para que cuando estas se auto raleen, a\u00fan sigamos teniendo una poblaci\u00f3n que justifique la utilizaci\u00f3n de la tierra a un costo razonable.<\/p>\n\n\n\n<p>En ese sentido, es importante averiguar y calcular el porcentaje que ocupa el peleteado en el peso de la semilla para asegurarnos que se est\u00e1 sembrando la cantidad de kilogramos \u201cde semilla\u201d deseados y que logremos el stand de plantas proyectado a los 120 d\u00edas, momento en el cu\u00e1l, en la mayor\u00eda de los casos comienza la fase de utilizaci\u00f3n.<\/p>\n\n\n\n<p>Otro aspecto que tiene que ver con los costos en la utilizaci\u00f3n de las pasturas, es la confecci\u00f3n de forrajes conservados, sabiendo que la maquinaria \u201cno cobra\u201d por rollo producido, metro de bolsa o kg de materia seca. La maquinaria expresa costos por hect\u00e1rea, y en la medida que tengamos mayor poblaci\u00f3n de plantas, menor ser\u00e1 el costo del forraje producido, sin olvidarnos de la calidad de este y la eficiencia en el proceso de confecci\u00f3n, que tambi\u00e9n impactan en el costo de producci\u00f3n.<\/p>\n\n\n\n<p>El sistema de siembra y la distribuci\u00f3n de la semilla son factores que impactan en la persistencia y la producci\u00f3n final.<br>En siembra directa, lo m\u00e1s indicado es poder hacer siembras en dos pasadas cruzadas entre s\u00ed a 30 grados, colocando la mitad de las semillas en cada pasada.<\/p>\n\n\n\n<p>De esta manera cuando se siembran los kilogramos indicados, debemos considerar que cuanto mayor es la distancia entre surcos de siembra, mayor va a ser la densidad de semillas dentro del surco, lo que favorece el auto raleo o la desaparici\u00f3n de plantas en el tiempo.<\/p>\n\n\n\n<p>Es por esto que sobre todo en sistema de siembra directa, lo mas indicado es poder hacer siembras dobles, cruzadas a 30 grados, colocando la mitad de las semillas en cada pasada y cuidando que las mismas no se entierren m\u00e1s de medio cent\u00edmetro (ideales son las siembras subsuperficiales), por lo que en la segunda pasada se debe minimizar la presi\u00f3n de las ruedas tapadoras.<br> Hoy existen sistemas de siembra que distribuyen las semillas al voleo dentro de cada surco. Este parece ser el sistema m\u00e1s eficiente a la hora de lograr una mayor persistencia de plantas, en el que se distribuyen las semillas de manera equidistante, asegurando la persistencia en el tiempo, con el menor auto raleo posible.<\/p>\n\n\n\n<p>En referencia a los cultivos antecesores y teniendo en cuenta el tama\u00f1o de la semilla de alfalfa, lo ideal es pensar en aquellos que no tengan un gran volumen de rastrojo y en segundo lugar aquellos que no compartan enfermedades.<\/p>\n\n\n\n<p>Por tal raz\u00f3n y en el caso que sea posible, ser\u00eda ideal no sembrar sobre cultivos de ma\u00edz que se han destinado a cosecha de grano minimizando el riesgo que algunas semillas no tomen contacto con el suelo, o bien que las mismas no sean distribuidas de manera uniforme, debido al movimiento o rebote de los cuerpos de siembra en el rastrojo del cultivo antecesor. Este concepto pierde relevancia cuando el destino del ma\u00edz fue el silaje, ya que el volumen de rastrojo remanente es m\u00ednimo.<\/p>\n\n\n\n<p>Por \u00faltimo, es bueno destacar que \u00faltimamente creci\u00f3 la oferta gen\u00e9tica de materiales que tienen la particularidad de demorar la floraci\u00f3n hasta el m\u00e1ximo punto de elongaci\u00f3n de tallos lo que facilita el c\u00e1lculo del momento \u00f3ptimo de aprovechamiento, variedades resistentes a glifosato, facilitando el control de malezas adem\u00e1s de bajo contenido de fibra lo que permite una mayor elasticidad al momento de uso.<\/p>\n\n\n\n<p>Muchas veces cuando se toma la decisi\u00f3n de siembra, tiene un gran impacto el precio de la semilla pero en este caso se debe considerar tambi\u00e9n \u201cel valor de la misma\u201d, en el cu\u00e1l el precio es un componente adem\u00e1s de la posibilidad de uso, potencial de producci\u00f3n, facilidad de manejo, entre otras variables que escapan a este espacio.<\/p>\n\n\n\n<p>Por todas estas razones, bien vale la pena tomarse un tiempo para pensar y proyectar a futuro los pr\u00f3ximos pasos que determinar\u00e1n nuestro potencial productivo de al menos los tres a\u00f1os vista, o m\u00e1s, de acuerdo a la capacidad de uso que tendremos de este recurso forrajero que alcanza m\u00e1s de tres millones de hect\u00e1reas sembradas en nuestro pa\u00eds y que representa la prote\u00edna m\u00e1s econ\u00f3mica en la alimentaci\u00f3n de los rodeos ganaderos.<br><\/p>\n\n\n\n<p><em>Por Pablo Cattani \u2013 Publicado en Clar\u00edn Rural<\/em><\/p>\n<div class=\"todoalfalfa-final-de-la-nota\" id=\"todoalfalfa-225490425\"><a href=\"https:\/\/www.whatsapp.com\/channel\/0029VbCBmFB9WtBxJsD3eC2i\" target=\"_blank\" aria-label=\"5\"><img src=\"https:\/\/i0.wp.com\/www.todoalfalfa.com.ar\/noticias\/wp-content\/uploads\/2026\/04\/5.gif?fit=728%2C90&#038;ssl=1\" alt=\"\"  width=\"728\" height=\"90\"   \/><\/a><\/div>","protected":false},"excerpt":{"rendered":"<p>Estamos a unos d&iacute;as del comienzo del oto&ntilde;o, lo que nos indica la necesidad de la planificaci&oacute;n de la siembra&#8230;<\/p>\n","protected":false},"author":3,"featured_media":40666,"comment_status":"closed","ping_status":"open","sticky":false,"template":"","format":"standard","meta":{"jetpack_post_was_ever_published":false,"_jetpack_newsletter_access":"","_jetpack_dont_email_post_to_subs":false,"_jetpack_newsletter_tier_id":0,"_jetpack_memberships_contains_paywalled_content":false,"_jetpack_memberships_contains_paid_content":false,"footnotes":""},"categories":[2],"tags":[584,31,297,313,91],"class_list":["post-40665","post","type-post","status-publish","format-standard","has-post-thumbnail","hentry","category-generales","tag-abril","tag-alfalfa","tag-febrero","tag-marzo","tag-siembra"],"yoast_head":"<!-- This site is optimized with the Yoast SEO plugin v25.5 - https:\/\/yoast.com\/wordpress\/plugins\/seo\/ -->\n<title>Siembra de alfalfa: Todo comienza por el principio<\/title>\n<meta name=\"robots\" content=\"index, follow, max-snippet:-1, max-image-preview:large, max-video-preview:-1\" \/>\n<link rel=\"canonical\" href=\"https:\/\/www.todoalfalfa.com.ar\/noticias\/siembra-de-alfalfa-todo-comienza-por-el-principio\/\" \/>\n<meta property=\"og:locale\" content=\"es_ES\" \/>\n<meta property=\"og:type\" content=\"article\" \/>\n<meta property=\"og:title\" content=\"Siembra de alfalfa: Todo comienza por el principio\" \/>\n<meta property=\"og:description\" content=\"Estamos a unos d&iacute;as del comienzo del oto&ntilde;o, lo que nos indica la necesidad de la planificaci&oacute;n de la siembra...\" \/>\n<meta property=\"og:url\" content=\"https:\/\/www.todoalfalfa.com.ar\/noticias\/siembra-de-alfalfa-todo-comienza-por-el-principio\/\" \/>\n<meta property=\"og:site_name\" content=\"Todo Alfalfa\" \/>\n<meta property=\"article:publisher\" content=\"https:\/\/www.facebook.com\/todoalfalfa\" \/>\n<meta property=\"article:published_time\" content=\"2019-03-18T21:49:21+00:00\" \/>\n<meta property=\"article:modified_time\" content=\"2019-03-18T21:49:22+00:00\" \/>\n<meta property=\"og:image\" content=\"https:\/\/www.todoalfalfa.com.ar\/noticias\/wp-content\/uploads\/2019\/03\/siembradealfalfa2018.jpg\" \/>\n\t<meta property=\"og:image:width\" content=\"777\" \/>\n\t<meta property=\"og:image:height\" content=\"437\" \/>\n\t<meta property=\"og:image:type\" content=\"image\/jpeg\" \/>\n<meta name=\"author\" content=\"Todo Alfalfa\" \/>\n<meta name=\"twitter:card\" content=\"summary_large_image\" \/>\n<meta name=\"twitter:label1\" content=\"Escrito por\" \/>\n\t<meta name=\"twitter:data1\" content=\"Todo Alfalfa\" \/>\n\t<meta name=\"twitter:label2\" content=\"Tiempo de lectura\" \/>\n\t<meta name=\"twitter:data2\" content=\"5 minutos\" \/>\n<script type=\"application\/ld+json\" class=\"yoast-schema-graph\">{\"@context\":\"https:\/\/schema.org\",\"@graph\":[{\"@type\":\"NewsArticle\",\"@id\":\"https:\/\/www.todoalfalfa.com.ar\/noticias\/siembra-de-alfalfa-todo-comienza-por-el-principio\/#article\",\"isPartOf\":{\"@id\":\"https:\/\/www.todoalfalfa.com.ar\/noticias\/siembra-de-alfalfa-todo-comienza-por-el-principio\/\"},\"author\":{\"name\":\"Todo Alfalfa\",\"@id\":\"https:\/\/www.todoalfalfa.com.ar\/noticias\/#\/schema\/person\/4ee4bca9b9fa50c4f0fbaf7017fbf2ad\"},\"headline\":\"Siembra de alfalfa: Todo comienza por el principio\",\"datePublished\":\"2019-03-18T21:49:21+00:00\",\"dateModified\":\"2019-03-18T21:49:22+00:00\",\"mainEntityOfPage\":{\"@id\":\"https:\/\/www.todoalfalfa.com.ar\/noticias\/siembra-de-alfalfa-todo-comienza-por-el-principio\/\"},\"wordCount\":944,\"publisher\":{\"@id\":\"https:\/\/www.todoalfalfa.com.ar\/noticias\/#organization\"},\"image\":{\"@id\":\"https:\/\/www.todoalfalfa.com.ar\/noticias\/siembra-de-alfalfa-todo-comienza-por-el-principio\/#primaryimage\"},\"thumbnailUrl\":\"https:\/\/i0.wp.com\/www.todoalfalfa.com.ar\/noticias\/wp-content\/uploads\/2019\/03\/siembradealfalfa2018.jpg?fit=777%2C437&ssl=1\",\"keywords\":[\"abril\",\"alfalfa\",\"febrero\",\"marzo\",\"siembra\"],\"articleSection\":[\"Generales\"],\"inLanguage\":\"es\"},{\"@type\":[\"WebPage\",\"ItemPage\"],\"@id\":\"https:\/\/www.todoalfalfa.com.ar\/noticias\/siembra-de-alfalfa-todo-comienza-por-el-principio\/\",\"url\":\"https:\/\/www.todoalfalfa.com.ar\/noticias\/siembra-de-alfalfa-todo-comienza-por-el-principio\/\",\"name\":\"Siembra de alfalfa: Todo comienza por el principio\",\"isPartOf\":{\"@id\":\"https:\/\/www.todoalfalfa.com.ar\/noticias\/#website\"},\"primaryImageOfPage\":{\"@id\":\"https:\/\/www.todoalfalfa.com.ar\/noticias\/siembra-de-alfalfa-todo-comienza-por-el-principio\/#primaryimage\"},\"image\":{\"@id\":\"https:\/\/www.todoalfalfa.com.ar\/noticias\/siembra-de-alfalfa-todo-comienza-por-el-principio\/#primaryimage\"},\"thumbnailUrl\":\"https:\/\/i0.wp.com\/www.todoalfalfa.com.ar\/noticias\/wp-content\/uploads\/2019\/03\/siembradealfalfa2018.jpg?fit=777%2C437&ssl=1\",\"datePublished\":\"2019-03-18T21:49:21+00:00\",\"dateModified\":\"2019-03-18T21:49:22+00:00\",\"breadcrumb\":{\"@id\":\"https:\/\/www.todoalfalfa.com.ar\/noticias\/siembra-de-alfalfa-todo-comienza-por-el-principio\/#breadcrumb\"},\"inLanguage\":\"es\",\"potentialAction\":[{\"@type\":\"ReadAction\",\"target\":[\"https:\/\/www.todoalfalfa.com.ar\/noticias\/siembra-de-alfalfa-todo-comienza-por-el-principio\/\"]}]},{\"@type\":\"ImageObject\",\"inLanguage\":\"es\",\"@id\":\"https:\/\/www.todoalfalfa.com.ar\/noticias\/siembra-de-alfalfa-todo-comienza-por-el-principio\/#primaryimage\",\"url\":\"https:\/\/i0.wp.com\/www.todoalfalfa.com.ar\/noticias\/wp-content\/uploads\/2019\/03\/siembradealfalfa2018.jpg?fit=777%2C437&ssl=1\",\"contentUrl\":\"https:\/\/i0.wp.com\/www.todoalfalfa.com.ar\/noticias\/wp-content\/uploads\/2019\/03\/siembradealfalfa2018.jpg?fit=777%2C437&ssl=1\",\"width\":777,\"height\":437},{\"@type\":\"BreadcrumbList\",\"@id\":\"https:\/\/www.todoalfalfa.com.ar\/noticias\/siembra-de-alfalfa-todo-comienza-por-el-principio\/#breadcrumb\",\"itemListElement\":[{\"@type\":\"ListItem\",\"position\":1,\"name\":\"Principal\",\"item\":\"https:\/\/www.todoalfalfa.com.ar\/noticias\/\"},{\"@type\":\"ListItem\",\"position\":2,\"name\":\"Siembra de alfalfa: Todo comienza por el principio\"}]},{\"@type\":\"WebSite\",\"@id\":\"https:\/\/www.todoalfalfa.com.ar\/noticias\/#website\",\"url\":\"https:\/\/www.todoalfalfa.com.ar\/noticias\/\",\"name\":\"Todo Alfalfa\",\"description\":\"Web informativa de la cadena de la alfalfa argentina\",\"publisher\":{\"@id\":\"https:\/\/www.todoalfalfa.com.ar\/noticias\/#organization\"},\"potentialAction\":[{\"@type\":\"SearchAction\",\"target\":{\"@type\":\"EntryPoint\",\"urlTemplate\":\"https:\/\/www.todoalfalfa.com.ar\/noticias\/?s={search_term_string}\"},\"query-input\":{\"@type\":\"PropertyValueSpecification\",\"valueRequired\":true,\"valueName\":\"search_term_string\"}}],\"inLanguage\":\"es\"},{\"@type\":\"Organization\",\"@id\":\"https:\/\/www.todoalfalfa.com.ar\/noticias\/#organization\",\"name\":\"Todo Alfalfa\",\"url\":\"https:\/\/www.todoalfalfa.com.ar\/noticias\/\",\"logo\":{\"@type\":\"ImageObject\",\"inLanguage\":\"es\",\"@id\":\"https:\/\/www.todoalfalfa.com.ar\/noticias\/#\/schema\/logo\/image\/\",\"url\":\"https:\/\/www.todoalfalfa.com.ar\/noticias\/wp-content\/uploads\/2020\/09\/logo-todo-alfalfa-modificado.png\",\"contentUrl\":\"https:\/\/www.todoalfalfa.com.ar\/noticias\/wp-content\/uploads\/2020\/09\/logo-todo-alfalfa-modificado.png\",\"width\":350,\"height\":100,\"caption\":\"Todo Alfalfa\"},\"image\":{\"@id\":\"https:\/\/www.todoalfalfa.com.ar\/noticias\/#\/schema\/logo\/image\/\"},\"sameAs\":[\"https:\/\/www.facebook.com\/todoalfalfa\",\"https:\/\/www.instagram.com\/todoalfalfa\",\"https:\/\/www.youtube.com\/@TodoAlfalfa\",\"https:\/\/www.linkedin.com\/company\/todoalfalfa\/\"]},{\"@type\":\"Person\",\"@id\":\"https:\/\/www.todoalfalfa.com.ar\/noticias\/#\/schema\/person\/4ee4bca9b9fa50c4f0fbaf7017fbf2ad\",\"name\":\"Todo Alfalfa\",\"image\":{\"@type\":\"ImageObject\",\"inLanguage\":\"es\",\"@id\":\"https:\/\/www.todoalfalfa.com.ar\/noticias\/#\/schema\/person\/image\/\",\"url\":\"https:\/\/secure.gravatar.com\/avatar\/4d26a600a1380823a26c3f9cb74ada1a8ee4b482c0c3a616ab022b865c46be8f?s=96&d=mm&r=g\",\"contentUrl\":\"https:\/\/secure.gravatar.com\/avatar\/4d26a600a1380823a26c3f9cb74ada1a8ee4b482c0c3a616ab022b865c46be8f?s=96&d=mm&r=g\",\"caption\":\"Todo Alfalfa\"},\"sameAs\":[\"http:\/\/www.todoalfalfa.com.ar\"],\"url\":\"https:\/\/www.todoalfalfa.com.ar\/noticias\/author\/todoalfalfa\/\"}]}<\/script>\n<!-- \/ Yoast SEO plugin. -->","yoast_head_json":{"title":"Siembra de alfalfa: Todo comienza por el principio","robots":{"index":"index","follow":"follow","max-snippet":"max-snippet:-1","max-image-preview":"max-image-preview:large","max-video-preview":"max-video-preview:-1"},"canonical":"https:\/\/www.todoalfalfa.com.ar\/noticias\/siembra-de-alfalfa-todo-comienza-por-el-principio\/","og_locale":"es_ES","og_type":"article","og_title":"Siembra de alfalfa: Todo comienza por el principio","og_description":"Estamos a unos d&iacute;as del comienzo del oto&ntilde;o, lo que nos indica la necesidad de la planificaci&oacute;n de la siembra...","og_url":"https:\/\/www.todoalfalfa.com.ar\/noticias\/siembra-de-alfalfa-todo-comienza-por-el-principio\/","og_site_name":"Todo Alfalfa","article_publisher":"https:\/\/www.facebook.com\/todoalfalfa","article_published_time":"2019-03-18T21:49:21+00:00","article_modified_time":"2019-03-18T21:49:22+00:00","og_image":[{"width":777,"height":437,"url":"https:\/\/www.todoalfalfa.com.ar\/noticias\/wp-content\/uploads\/2019\/03\/siembradealfalfa2018.jpg","type":"image\/jpeg"}],"author":"Todo Alfalfa","twitter_card":"summary_large_image","twitter_misc":{"Escrito por":"Todo Alfalfa","Tiempo de lectura":"5 minutos"},"schema":{"@context":"https:\/\/schema.org","@graph":[{"@type":"NewsArticle","@id":"https:\/\/www.todoalfalfa.com.ar\/noticias\/siembra-de-alfalfa-todo-comienza-por-el-principio\/#article","isPartOf":{"@id":"https:\/\/www.todoalfalfa.com.ar\/noticias\/siembra-de-alfalfa-todo-comienza-por-el-principio\/"},"author":{"name":"Todo Alfalfa","@id":"https:\/\/www.todoalfalfa.com.ar\/noticias\/#\/schema\/person\/4ee4bca9b9fa50c4f0fbaf7017fbf2ad"},"headline":"Siembra de alfalfa: Todo comienza por el principio","datePublished":"2019-03-18T21:49:21+00:00","dateModified":"2019-03-18T21:49:22+00:00","mainEntityOfPage":{"@id":"https:\/\/www.todoalfalfa.com.ar\/noticias\/siembra-de-alfalfa-todo-comienza-por-el-principio\/"},"wordCount":944,"publisher":{"@id":"https:\/\/www.todoalfalfa.com.ar\/noticias\/#organization"},"image":{"@id":"https:\/\/www.todoalfalfa.com.ar\/noticias\/siembra-de-alfalfa-todo-comienza-por-el-principio\/#primaryimage"},"thumbnailUrl":"https:\/\/i0.wp.com\/www.todoalfalfa.com.ar\/noticias\/wp-content\/uploads\/2019\/03\/siembradealfalfa2018.jpg?fit=777%2C437&ssl=1","keywords":["abril","alfalfa","febrero","marzo","siembra"],"articleSection":["Generales"],"inLanguage":"es"},{"@type":["WebPage","ItemPage"],"@id":"https:\/\/www.todoalfalfa.com.ar\/noticias\/siembra-de-alfalfa-todo-comienza-por-el-principio\/","url":"https:\/\/www.todoalfalfa.com.ar\/noticias\/siembra-de-alfalfa-todo-comienza-por-el-principio\/","name":"Siembra de alfalfa: Todo comienza por el principio","isPartOf":{"@id":"https:\/\/www.todoalfalfa.com.ar\/noticias\/#website"},"primaryImageOfPage":{"@id":"https:\/\/www.todoalfalfa.com.ar\/noticias\/siembra-de-alfalfa-todo-comienza-por-el-principio\/#primaryimage"},"image":{"@id":"https:\/\/www.todoalfalfa.com.ar\/noticias\/siembra-de-alfalfa-todo-comienza-por-el-principio\/#primaryimage"},"thumbnailUrl":"https:\/\/i0.wp.com\/www.todoalfalfa.com.ar\/noticias\/wp-content\/uploads\/2019\/03\/siembradealfalfa2018.jpg?fit=777%2C437&ssl=1","datePublished":"2019-03-18T21:49:21+00:00","dateModified":"2019-03-18T21:49:22+00:00","breadcrumb":{"@id":"https:\/\/www.todoalfalfa.com.ar\/noticias\/siembra-de-alfalfa-todo-comienza-por-el-principio\/#breadcrumb"},"inLanguage":"es","potentialAction":[{"@type":"ReadAction","target":["https:\/\/www.todoalfalfa.com.ar\/noticias\/siembra-de-alfalfa-todo-comienza-por-el-principio\/"]}]},{"@type":"ImageObject","inLanguage":"es","@id":"https:\/\/www.todoalfalfa.com.ar\/noticias\/siembra-de-alfalfa-todo-comienza-por-el-principio\/#primaryimage","url":"https:\/\/i0.wp.com\/www.todoalfalfa.com.ar\/noticias\/wp-content\/uploads\/2019\/03\/siembradealfalfa2018.jpg?fit=777%2C437&ssl=1","contentUrl":"https:\/\/i0.wp.com\/www.todoalfalfa.com.ar\/noticias\/wp-content\/uploads\/2019\/03\/siembradealfalfa2018.jpg?fit=777%2C437&ssl=1","width":777,"height":437},{"@type":"BreadcrumbList","@id":"https:\/\/www.todoalfalfa.com.ar\/noticias\/siembra-de-alfalfa-todo-comienza-por-el-principio\/#breadcrumb","itemListElement":[{"@type":"ListItem","position":1,"name":"Principal","item":"https:\/\/www.todoalfalfa.com.ar\/noticias\/"},{"@type":"ListItem","position":2,"name":"Siembra de alfalfa: Todo comienza por el principio"}]},{"@type":"WebSite","@id":"https:\/\/www.todoalfalfa.com.ar\/noticias\/#website","url":"https:\/\/www.todoalfalfa.com.ar\/noticias\/","name":"Todo Alfalfa","description":"Web informativa de la cadena de la alfalfa argentina","publisher":{"@id":"https:\/\/www.todoalfalfa.com.ar\/noticias\/#organization"},"potentialAction":[{"@type":"SearchAction","target":{"@type":"EntryPoint","urlTemplate":"https:\/\/www.todoalfalfa.com.ar\/noticias\/?s={search_term_string}"},"query-input":{"@type":"PropertyValueSpecification","valueRequired":true,"valueName":"search_term_string"}}],"inLanguage":"es"},{"@type":"Organization","@id":"https:\/\/www.todoalfalfa.com.ar\/noticias\/#organization","name":"Todo Alfalfa","url":"https:\/\/www.todoalfalfa.com.ar\/noticias\/","logo":{"@type":"ImageObject","inLanguage":"es","@id":"https:\/\/www.todoalfalfa.com.ar\/noticias\/#\/schema\/logo\/image\/","url":"https:\/\/www.todoalfalfa.com.ar\/noticias\/wp-content\/uploads\/2020\/09\/logo-todo-alfalfa-modificado.png","contentUrl":"https:\/\/www.todoalfalfa.com.ar\/noticias\/wp-content\/uploads\/2020\/09\/logo-todo-alfalfa-modificado.png","width":350,"height":100,"caption":"Todo Alfalfa"},"image":{"@id":"https:\/\/www.todoalfalfa.com.ar\/noticias\/#\/schema\/logo\/image\/"},"sameAs":["https:\/\/www.facebook.com\/todoalfalfa","https:\/\/www.instagram.com\/todoalfalfa","https:\/\/www.youtube.com\/@TodoAlfalfa","https:\/\/www.linkedin.com\/company\/todoalfalfa\/"]},{"@type":"Person","@id":"https:\/\/www.todoalfalfa.com.ar\/noticias\/#\/schema\/person\/4ee4bca9b9fa50c4f0fbaf7017fbf2ad","name":"Todo Alfalfa","image":{"@type":"ImageObject","inLanguage":"es","@id":"https:\/\/www.todoalfalfa.com.ar\/noticias\/#\/schema\/person\/image\/","url":"https:\/\/secure.gravatar.com\/avatar\/4d26a600a1380823a26c3f9cb74ada1a8ee4b482c0c3a616ab022b865c46be8f?s=96&d=mm&r=g","contentUrl":"https:\/\/secure.gravatar.com\/avatar\/4d26a600a1380823a26c3f9cb74ada1a8ee4b482c0c3a616ab022b865c46be8f?s=96&d=mm&r=g","caption":"Todo Alfalfa"},"sameAs":["http:\/\/www.todoalfalfa.com.ar"],"url":"https:\/\/www.todoalfalfa.com.ar\/noticias\/author\/todoalfalfa\/"}]}},"jetpack_featured_media_url":"https:\/\/i0.wp.com\/www.todoalfalfa.com.ar\/noticias\/wp-content\/uploads\/2019\/03\/siembradealfalfa2018.jpg?fit=777%2C437&ssl=1","wps_subtitle":"Una obviedad pero es tan as\u00ed que suele ser olvidado el hecho de que un buen arranque es parte fundamental del \u00e9xito. La distancia entre surcos es un factor relevante para lograr la poblaci\u00f3n deseada.","jetpack_sharing_enabled":true,"_links":{"self":[{"href":"https:\/\/www.todoalfalfa.com.ar\/noticias\/wp-json\/wp\/v2\/posts\/40665","targetHints":{"allow":["GET"]}}],"collection":[{"href":"https:\/\/www.todoalfalfa.com.ar\/noticias\/wp-json\/wp\/v2\/posts"}],"about":[{"href":"https:\/\/www.todoalfalfa.com.ar\/noticias\/wp-json\/wp\/v2\/types\/post"}],"author":[{"embeddable":true,"href":"https:\/\/www.todoalfalfa.com.ar\/noticias\/wp-json\/wp\/v2\/users\/3"}],"replies":[{"embeddable":true,"href":"https:\/\/www.todoalfalfa.com.ar\/noticias\/wp-json\/wp\/v2\/comments?post=40665"}],"version-history":[{"count":0,"href":"https:\/\/www.todoalfalfa.com.ar\/noticias\/wp-json\/wp\/v2\/posts\/40665\/revisions"}],"wp:featuredmedia":[{"embeddable":true,"href":"https:\/\/www.todoalfalfa.com.ar\/noticias\/wp-json\/wp\/v2\/media\/40666"}],"wp:attachment":[{"href":"https:\/\/www.todoalfalfa.com.ar\/noticias\/wp-json\/wp\/v2\/media?parent=40665"}],"wp:term":[{"taxonomy":"category","embeddable":true,"href":"https:\/\/www.todoalfalfa.com.ar\/noticias\/wp-json\/wp\/v2\/categories?post=40665"},{"taxonomy":"post_tag","embeddable":true,"href":"https:\/\/www.todoalfalfa.com.ar\/noticias\/wp-json\/wp\/v2\/tags?post=40665"}],"curies":[{"name":"wp","href":"https:\/\/api.w.org\/{rel}","templated":true}]}}