{"id":40677,"date":"2019-03-21T15:53:27","date_gmt":"2019-03-21T18:53:27","guid":{"rendered":"https:\/\/todoalfalfa.com.ar\/?p=40677"},"modified":"2019-03-21T15:53:28","modified_gmt":"2019-03-21T18:53:28","slug":"salvo-excepciones-es-regular-el-estado-de-las-alfalfas-en-el-centro-de-santa-fe","status":"publish","type":"post","link":"https:\/\/www.todoalfalfa.com.ar\/noticias\/salvo-excepciones-es-regular-el-estado-de-las-alfalfas-en-el-centro-de-santa-fe\/","title":{"rendered":"Salvo excepciones, es regular el estado de las alfalfas en el centro de Santa Fe"},"content":{"rendered":"\n<p>El reporte de la Experimental destaca lo siguiente:<\/p>\n\n\n\n<p><strong>Oeste del Departamento San Crist\u00f3bal (Aer Ceres)<\/strong><\/p>\n\n\n\n<p>Pasturas base alfalfa: Las escasas precipitaciones y altas\ntemperaturas del mes no favorecieron los rebrotes y el estado observado fue\nregular. Lotes muy enmalezados e incidencia de isocas. Con respecto al mes\nanterior, se registr\u00f3 menor excedente de alfalfa. Se estaban confeccionando\nreservas solo en lotes de buena calidad (3 rollos\/ha promedio).<\/p>\n\n\n\n<p>Pastizales naturales: Buen estado general y nivel\nproductivo. <\/p>\n\n\n\n<p>Producci\u00f3n de leche: La producci\u00f3n de leche disminuy\u00f3 debido\na las altas temperaturas registradas en el mes y a la menor cantidad de lluvias\nque repercutieron negativamente en la calidad de los forrajes. <\/p>\n\n\n\n<p>Cr\u00eda: Los rodeos terminaron el servicio y se est\u00e1n\nrealizando los primeros destetes.<\/p>\n\n\n\n<p>Invernada: En algunos establecimientos comenzaron con la\nsuplementaci\u00f3n de ma\u00edz a los animales.<\/p>\n\n\n\n<p><strong>Este del Departamento San Crist\u00f3bal (Aer San Crist\u00f3bal)<\/strong><\/p>\n\n\n\n<p>Pasturas base alfalfa: Estaban en mal estado, lotes muy\nenmalezados y presentaban p\u00e9rdidas de plantas debido al exceso h\u00eddrico del mes\nanterior. Todav\u00eda no hab\u00eda comenzado la siembra de las nuevas praderas.<\/p>\n\n\n\n<p>Pastizales naturales: Estaban en muy buenas condiciones y\ncon excelente disponibilidad de forraje debido a las abundantes precipitaciones.<\/p>\n\n\n\n<p>Producci\u00f3n de leche: Disminuy\u00f3 entre un 30 a 40% la\nproducci\u00f3n de leche. Las causas fueron el deterioro en la calidad de las\npasturas base alfalfa, la menor disponibilidad forrajera y las altas\ntemperaturas registradas.<\/p>\n\n\n\n<p>Cr\u00eda: Por el excelente estado de los pastizales naturales la\nproducci\u00f3n aument\u00f3 con respecto al mismo mes del a\u00f1o anterior. La muy buena\ndisponibilidad de forraje provoc\u00f3 una buena expectativa para el sector ya que\nse podr\u00edan mejorar los \u00edndices de pre\u00f1ez.<\/p>\n\n\n\n<p>Invernada: Igual producci\u00f3n del mes en relaci\u00f3n al mismo mes\ndel a\u00f1o anterior. Gran parte de esta actividad se est\u00e1 realizando sobre\npastizales naturales.<\/p>\n\n\n\n<p><strong>Departamento San Justo<\/strong><\/p>\n\n\n\n<p>Pasturas base alfalfa: El estado y nivel de producci\u00f3n de\nlas praderas mayores a un a\u00f1o fueron regulares. Perdieron stand de plantas por\nlo que la producci\u00f3n de forraje se vio disminuida. Mientras que las pasturas de\nalfalfa nuevas est\u00e1n en peores condiciones, producto de las abundantes\nprecipitaciones.<\/p>\n\n\n\n<p>Pastizales naturales: Estado general bueno, con buen\ncrecimiento y desarrollo.<\/p>\n\n\n\n<p>Producci\u00f3n de leche: Igual al mismo mes del a\u00f1o pasado.<\/p>\n\n\n\n<p>Cr\u00eda: La producci\u00f3n fue levemente superior al mismo mes del\na\u00f1o pasado.<\/p>\n\n\n\n<p>Invernada: La producci\u00f3n fue levemente superior al mismo mes\ndel a\u00f1o pasado.<\/p>\n\n\n\n<p><strong>Departamento Castellanos<\/strong><\/p>\n\n\n\n<p>Pasturas base alfalfa: Las pasturas en general est\u00e1n en muy\nbuenas condiciones y con una oferta importante. Se observ\u00f3 la presencia de una\ngran cantidad de rollos de buena calidad.<\/p>\n\n\n\n<p>Pastizales naturales: Las buenas condiciones ambientales de\nla zona fueron favorables para el buen desarrollo de los mismos.<\/p>\n\n\n\n<p>Producci\u00f3n de leche: La producci\u00f3n de leche continu\u00f3\nmermando como lo ven\u00eda haciendo desde el mes pasado, hab\u00eda existido una leve\nmejora hacia fines de enero, pero febrero tuvo d\u00edas de altas temperaturas\nm\u00e1ximas sobre todo hacia fines de mes.<\/p>\n\n\n\n<p>Cr\u00eda: El estado corporal de los animales continuaba muy\nbueno, por la oferta de los pastizales naturales. <\/p>\n\n\n\n<p>Invernada: La situaci\u00f3n fue normal, aunque tambi\u00e9n se\napreciaron los efectos de estr\u00e9s cal\u00f3rico, disminuyendo la ganancia de peso vivo.<\/p>\n\n\n\n<p><strong>Departamento Las Colonias<\/strong><\/p>\n\n\n\n<p>Pasturas base alfalfa: Continuaban en estado regular,\ntuvieron p\u00e9rdidas con diferencias marcadas en relaci\u00f3n a las lluvias excesivas\ndel mes de enero y parte de febrero.<\/p>\n\n\n\n<p>Pastizales naturales: Los lotes ubicados en zonas altas se\nencontraron en buen estado, mientras que los otros pastizales se vieron\nafectados por las lluvias abundantes, con el consiguiente encharcamiento.<\/p>\n\n\n\n<p>Producci\u00f3n de leche: La producci\u00f3n disminuy\u00f3 con respecto al\nmismo mes del a\u00f1o anterior. Complicaciones por la disponibilidad de pasto,\nestados de los canales y caminos internos. Alta incidencia de moscas.<\/p>\n\n\n\n<p>Cr\u00eda: Continuaron los movimientos de hacienda, en especial\nde las zonas de ca\u00f1adas.<\/p>\n\n\n\n<p><strong>Departamento San Mart\u00edn<\/strong><\/p>\n\n\n\n<p>Pasturas base alfalfa: La oferta forrajera fue muy buena.\nLas pasturas estuvieron bien provistas de agua por las abundantes lluvias del\nmes de enero y de febrero. Solo los lotes en donde se acumul\u00f3 el agua mostraban\ndeterioro de las pasturas implantadas en este a\u00f1o.<\/p>\n\n\n\n<p>Pastizales naturales: Muy buen estado y oferta forrajera.<\/p>\n\n\n\n<p>Producci\u00f3n de leche: Las condiciones clim\u00e1ticas de febrero\nfueron las habituales para esta \u00e9poca, d\u00edas con altas temperaturas y mucha\nhumedad. En general la producci\u00f3n lechera se mantuvo, e incluso en algunos\ncasos descendi\u00f3 producto de los d\u00edas con estr\u00e9s t\u00e9rmico.<\/p>\n\n\n\n<p>Cr\u00eda: Los planteos de cr\u00eda sobre pasturas de alfalfa\nmejoraron su performance debido a una recuperaci\u00f3n de las pasturas. Los\nplanteos sobre pasturas naturales estaban condicionados por los anegamientos de\ncampos.<\/p>\n\n\n\n<p>Invernada: Los planteos ganaderos de engorde basados en\npasturas tambi\u00e9n mejoraron su desempe\u00f1o por la recuperaci\u00f3n de la base\nforrajera, en especial las alfalfas.<\/p>\n<div class=\"todoalfalfa-final-de-la-nota\" id=\"todoalfalfa-3734781196\"><a href=\"https:\/\/www.whatsapp.com\/channel\/0029VbCBmFB9WtBxJsD3eC2i\" target=\"_blank\" aria-label=\"5\"><img src=\"https:\/\/i0.wp.com\/www.todoalfalfa.com.ar\/noticias\/wp-content\/uploads\/2026\/04\/5.gif?fit=728%2C90&#038;ssl=1\" alt=\"\"  width=\"728\" height=\"90\"   \/><\/a><\/div>","protected":false},"excerpt":{"rendered":"<p>El reporte de la Experimental destaca lo siguiente: Oeste del Departamento San Crist&oacute;bal (Aer Ceres) Pasturas base alfalfa: Las escasas&#8230;<\/p>\n","protected":false},"author":3,"featured_media":1162,"comment_status":"closed","ping_status":"open","sticky":false,"template":"","format":"standard","meta":{"jetpack_post_was_ever_published":false,"_jetpack_newsletter_access":"","_jetpack_dont_email_post_to_subs":false,"_jetpack_newsletter_tier_id":0,"_jetpack_memberships_contains_paywalled_content":false,"_jetpack_memberships_contains_paid_content":false,"footnotes":""},"categories":[2],"tags":[501,31,84,297,298,87],"class_list":["post-40677","post","type-post","status-publish","format-standard","has-post-thumbnail","hentry","category-generales","tag-501","tag-alfalfa","tag-estado","tag-febrero","tag-regular","tag-santa-fe"],"yoast_head":"<!-- This site is optimized with the Yoast SEO plugin v25.5 - https:\/\/yoast.com\/wordpress\/plugins\/seo\/ -->\n<title>Salvo excepciones, es regular el estado de las alfalfas en el centro de Santa Fe<\/title>\n<meta name=\"robots\" content=\"index, follow, max-snippet:-1, max-image-preview:large, max-video-preview:-1\" \/>\n<link rel=\"canonical\" href=\"https:\/\/www.todoalfalfa.com.ar\/noticias\/salvo-excepciones-es-regular-el-estado-de-las-alfalfas-en-el-centro-de-santa-fe\/\" \/>\n<meta property=\"og:locale\" content=\"es_ES\" \/>\n<meta property=\"og:type\" content=\"article\" \/>\n<meta property=\"og:title\" content=\"Salvo excepciones, es regular el estado de las alfalfas en el centro de Santa Fe\" \/>\n<meta property=\"og:description\" content=\"El reporte de la Experimental destaca lo siguiente: Oeste del Departamento San Crist&oacute;bal (Aer Ceres) Pasturas base alfalfa: Las escasas...\" \/>\n<meta property=\"og:url\" content=\"https:\/\/www.todoalfalfa.com.ar\/noticias\/salvo-excepciones-es-regular-el-estado-de-las-alfalfas-en-el-centro-de-santa-fe\/\" \/>\n<meta property=\"og:site_name\" content=\"Todo Alfalfa\" \/>\n<meta property=\"article:publisher\" content=\"https:\/\/www.facebook.com\/todoalfalfa\" \/>\n<meta property=\"article:published_time\" content=\"2019-03-21T18:53:27+00:00\" \/>\n<meta property=\"article:modified_time\" content=\"2019-03-21T18:53:28+00:00\" \/>\n<meta property=\"og:image\" content=\"https:\/\/www.todoalfalfa.com.ar\/noticias\/wp-content\/uploads\/2017\/09\/vacas_comiendo_alfalfa.jpg\" \/>\n\t<meta property=\"og:image:width\" content=\"777\" \/>\n\t<meta property=\"og:image:height\" content=\"437\" \/>\n\t<meta property=\"og:image:type\" content=\"image\/jpeg\" \/>\n<meta name=\"author\" content=\"Todo Alfalfa\" \/>\n<meta name=\"twitter:card\" content=\"summary_large_image\" \/>\n<meta name=\"twitter:label1\" content=\"Escrito por\" \/>\n\t<meta name=\"twitter:data1\" content=\"Todo Alfalfa\" \/>\n\t<meta name=\"twitter:label2\" content=\"Tiempo de lectura\" \/>\n\t<meta name=\"twitter:data2\" content=\"4 minutos\" \/>\n<script type=\"application\/ld+json\" class=\"yoast-schema-graph\">{\"@context\":\"https:\/\/schema.org\",\"@graph\":[{\"@type\":\"NewsArticle\",\"@id\":\"https:\/\/www.todoalfalfa.com.ar\/noticias\/salvo-excepciones-es-regular-el-estado-de-las-alfalfas-en-el-centro-de-santa-fe\/#article\",\"isPartOf\":{\"@id\":\"https:\/\/www.todoalfalfa.com.ar\/noticias\/salvo-excepciones-es-regular-el-estado-de-las-alfalfas-en-el-centro-de-santa-fe\/\"},\"author\":{\"name\":\"Todo Alfalfa\",\"@id\":\"https:\/\/www.todoalfalfa.com.ar\/noticias\/#\/schema\/person\/4ee4bca9b9fa50c4f0fbaf7017fbf2ad\"},\"headline\":\"Salvo excepciones, es regular el estado de las alfalfas en el centro de Santa Fe\",\"datePublished\":\"2019-03-21T18:53:27+00:00\",\"dateModified\":\"2019-03-21T18:53:28+00:00\",\"mainEntityOfPage\":{\"@id\":\"https:\/\/www.todoalfalfa.com.ar\/noticias\/salvo-excepciones-es-regular-el-estado-de-las-alfalfas-en-el-centro-de-santa-fe\/\"},\"wordCount\":850,\"publisher\":{\"@id\":\"https:\/\/www.todoalfalfa.com.ar\/noticias\/#organization\"},\"image\":{\"@id\":\"https:\/\/www.todoalfalfa.com.ar\/noticias\/salvo-excepciones-es-regular-el-estado-de-las-alfalfas-en-el-centro-de-santa-fe\/#primaryimage\"},\"thumbnailUrl\":\"https:\/\/i0.wp.com\/www.todoalfalfa.com.ar\/noticias\/wp-content\/uploads\/2017\/09\/vacas_comiendo_alfalfa.jpg?fit=777%2C437&ssl=1\",\"keywords\":[\"2019\",\"alfalfa\",\"estado\",\"febrero\",\"regular\",\"Santa Fe\"],\"articleSection\":[\"Generales\"],\"inLanguage\":\"es\"},{\"@type\":[\"WebPage\",\"ItemPage\"],\"@id\":\"https:\/\/www.todoalfalfa.com.ar\/noticias\/salvo-excepciones-es-regular-el-estado-de-las-alfalfas-en-el-centro-de-santa-fe\/\",\"url\":\"https:\/\/www.todoalfalfa.com.ar\/noticias\/salvo-excepciones-es-regular-el-estado-de-las-alfalfas-en-el-centro-de-santa-fe\/\",\"name\":\"Salvo excepciones, es regular el estado de las alfalfas en el centro de Santa Fe\",\"isPartOf\":{\"@id\":\"https:\/\/www.todoalfalfa.com.ar\/noticias\/#website\"},\"primaryImageOfPage\":{\"@id\":\"https:\/\/www.todoalfalfa.com.ar\/noticias\/salvo-excepciones-es-regular-el-estado-de-las-alfalfas-en-el-centro-de-santa-fe\/#primaryimage\"},\"image\":{\"@id\":\"https:\/\/www.todoalfalfa.com.ar\/noticias\/salvo-excepciones-es-regular-el-estado-de-las-alfalfas-en-el-centro-de-santa-fe\/#primaryimage\"},\"thumbnailUrl\":\"https:\/\/i0.wp.com\/www.todoalfalfa.com.ar\/noticias\/wp-content\/uploads\/2017\/09\/vacas_comiendo_alfalfa.jpg?fit=777%2C437&ssl=1\",\"datePublished\":\"2019-03-21T18:53:27+00:00\",\"dateModified\":\"2019-03-21T18:53:28+00:00\",\"breadcrumb\":{\"@id\":\"https:\/\/www.todoalfalfa.com.ar\/noticias\/salvo-excepciones-es-regular-el-estado-de-las-alfalfas-en-el-centro-de-santa-fe\/#breadcrumb\"},\"inLanguage\":\"es\",\"potentialAction\":[{\"@type\":\"ReadAction\",\"target\":[\"https:\/\/www.todoalfalfa.com.ar\/noticias\/salvo-excepciones-es-regular-el-estado-de-las-alfalfas-en-el-centro-de-santa-fe\/\"]}]},{\"@type\":\"ImageObject\",\"inLanguage\":\"es\",\"@id\":\"https:\/\/www.todoalfalfa.com.ar\/noticias\/salvo-excepciones-es-regular-el-estado-de-las-alfalfas-en-el-centro-de-santa-fe\/#primaryimage\",\"url\":\"https:\/\/i0.wp.com\/www.todoalfalfa.com.ar\/noticias\/wp-content\/uploads\/2017\/09\/vacas_comiendo_alfalfa.jpg?fit=777%2C437&ssl=1\",\"contentUrl\":\"https:\/\/i0.wp.com\/www.todoalfalfa.com.ar\/noticias\/wp-content\/uploads\/2017\/09\/vacas_comiendo_alfalfa.jpg?fit=777%2C437&ssl=1\",\"width\":777,\"height\":437},{\"@type\":\"BreadcrumbList\",\"@id\":\"https:\/\/www.todoalfalfa.com.ar\/noticias\/salvo-excepciones-es-regular-el-estado-de-las-alfalfas-en-el-centro-de-santa-fe\/#breadcrumb\",\"itemListElement\":[{\"@type\":\"ListItem\",\"position\":1,\"name\":\"Principal\",\"item\":\"https:\/\/www.todoalfalfa.com.ar\/noticias\/\"},{\"@type\":\"ListItem\",\"position\":2,\"name\":\"Salvo excepciones, es regular el estado de las alfalfas en el centro de Santa Fe\"}]},{\"@type\":\"WebSite\",\"@id\":\"https:\/\/www.todoalfalfa.com.ar\/noticias\/#website\",\"url\":\"https:\/\/www.todoalfalfa.com.ar\/noticias\/\",\"name\":\"Todo Alfalfa\",\"description\":\"Web informativa de la cadena de la alfalfa argentina\",\"publisher\":{\"@id\":\"https:\/\/www.todoalfalfa.com.ar\/noticias\/#organization\"},\"potentialAction\":[{\"@type\":\"SearchAction\",\"target\":{\"@type\":\"EntryPoint\",\"urlTemplate\":\"https:\/\/www.todoalfalfa.com.ar\/noticias\/?s={search_term_string}\"},\"query-input\":{\"@type\":\"PropertyValueSpecification\",\"valueRequired\":true,\"valueName\":\"search_term_string\"}}],\"inLanguage\":\"es\"},{\"@type\":\"Organization\",\"@id\":\"https:\/\/www.todoalfalfa.com.ar\/noticias\/#organization\",\"name\":\"Todo Alfalfa\",\"url\":\"https:\/\/www.todoalfalfa.com.ar\/noticias\/\",\"logo\":{\"@type\":\"ImageObject\",\"inLanguage\":\"es\",\"@id\":\"https:\/\/www.todoalfalfa.com.ar\/noticias\/#\/schema\/logo\/image\/\",\"url\":\"https:\/\/www.todoalfalfa.com.ar\/noticias\/wp-content\/uploads\/2020\/09\/logo-todo-alfalfa-modificado.png\",\"contentUrl\":\"https:\/\/www.todoalfalfa.com.ar\/noticias\/wp-content\/uploads\/2020\/09\/logo-todo-alfalfa-modificado.png\",\"width\":350,\"height\":100,\"caption\":\"Todo Alfalfa\"},\"image\":{\"@id\":\"https:\/\/www.todoalfalfa.com.ar\/noticias\/#\/schema\/logo\/image\/\"},\"sameAs\":[\"https:\/\/www.facebook.com\/todoalfalfa\",\"https:\/\/www.instagram.com\/todoalfalfa\",\"https:\/\/www.youtube.com\/@TodoAlfalfa\",\"https:\/\/www.linkedin.com\/company\/todoalfalfa\/\"]},{\"@type\":\"Person\",\"@id\":\"https:\/\/www.todoalfalfa.com.ar\/noticias\/#\/schema\/person\/4ee4bca9b9fa50c4f0fbaf7017fbf2ad\",\"name\":\"Todo Alfalfa\",\"image\":{\"@type\":\"ImageObject\",\"inLanguage\":\"es\",\"@id\":\"https:\/\/www.todoalfalfa.com.ar\/noticias\/#\/schema\/person\/image\/\",\"url\":\"https:\/\/secure.gravatar.com\/avatar\/4d26a600a1380823a26c3f9cb74ada1a8ee4b482c0c3a616ab022b865c46be8f?s=96&d=mm&r=g\",\"contentUrl\":\"https:\/\/secure.gravatar.com\/avatar\/4d26a600a1380823a26c3f9cb74ada1a8ee4b482c0c3a616ab022b865c46be8f?s=96&d=mm&r=g\",\"caption\":\"Todo Alfalfa\"},\"sameAs\":[\"http:\/\/www.todoalfalfa.com.ar\"],\"url\":\"https:\/\/www.todoalfalfa.com.ar\/noticias\/author\/todoalfalfa\/\"}]}<\/script>\n<!-- \/ Yoast SEO plugin. -->","yoast_head_json":{"title":"Salvo excepciones, es regular el estado de las alfalfas en el centro de Santa Fe","robots":{"index":"index","follow":"follow","max-snippet":"max-snippet:-1","max-image-preview":"max-image-preview:large","max-video-preview":"max-video-preview:-1"},"canonical":"https:\/\/www.todoalfalfa.com.ar\/noticias\/salvo-excepciones-es-regular-el-estado-de-las-alfalfas-en-el-centro-de-santa-fe\/","og_locale":"es_ES","og_type":"article","og_title":"Salvo excepciones, es regular el estado de las alfalfas en el centro de Santa Fe","og_description":"El reporte de la Experimental destaca lo siguiente: Oeste del Departamento San Crist&oacute;bal (Aer Ceres) Pasturas base alfalfa: Las escasas...","og_url":"https:\/\/www.todoalfalfa.com.ar\/noticias\/salvo-excepciones-es-regular-el-estado-de-las-alfalfas-en-el-centro-de-santa-fe\/","og_site_name":"Todo Alfalfa","article_publisher":"https:\/\/www.facebook.com\/todoalfalfa","article_published_time":"2019-03-21T18:53:27+00:00","article_modified_time":"2019-03-21T18:53:28+00:00","og_image":[{"width":777,"height":437,"url":"https:\/\/www.todoalfalfa.com.ar\/noticias\/wp-content\/uploads\/2017\/09\/vacas_comiendo_alfalfa.jpg","type":"image\/jpeg"}],"author":"Todo Alfalfa","twitter_card":"summary_large_image","twitter_misc":{"Escrito por":"Todo Alfalfa","Tiempo de lectura":"4 minutos"},"schema":{"@context":"https:\/\/schema.org","@graph":[{"@type":"NewsArticle","@id":"https:\/\/www.todoalfalfa.com.ar\/noticias\/salvo-excepciones-es-regular-el-estado-de-las-alfalfas-en-el-centro-de-santa-fe\/#article","isPartOf":{"@id":"https:\/\/www.todoalfalfa.com.ar\/noticias\/salvo-excepciones-es-regular-el-estado-de-las-alfalfas-en-el-centro-de-santa-fe\/"},"author":{"name":"Todo Alfalfa","@id":"https:\/\/www.todoalfalfa.com.ar\/noticias\/#\/schema\/person\/4ee4bca9b9fa50c4f0fbaf7017fbf2ad"},"headline":"Salvo excepciones, es regular el estado de las alfalfas en el centro de Santa Fe","datePublished":"2019-03-21T18:53:27+00:00","dateModified":"2019-03-21T18:53:28+00:00","mainEntityOfPage":{"@id":"https:\/\/www.todoalfalfa.com.ar\/noticias\/salvo-excepciones-es-regular-el-estado-de-las-alfalfas-en-el-centro-de-santa-fe\/"},"wordCount":850,"publisher":{"@id":"https:\/\/www.todoalfalfa.com.ar\/noticias\/#organization"},"image":{"@id":"https:\/\/www.todoalfalfa.com.ar\/noticias\/salvo-excepciones-es-regular-el-estado-de-las-alfalfas-en-el-centro-de-santa-fe\/#primaryimage"},"thumbnailUrl":"https:\/\/i0.wp.com\/www.todoalfalfa.com.ar\/noticias\/wp-content\/uploads\/2017\/09\/vacas_comiendo_alfalfa.jpg?fit=777%2C437&ssl=1","keywords":["2019","alfalfa","estado","febrero","regular","Santa Fe"],"articleSection":["Generales"],"inLanguage":"es"},{"@type":["WebPage","ItemPage"],"@id":"https:\/\/www.todoalfalfa.com.ar\/noticias\/salvo-excepciones-es-regular-el-estado-de-las-alfalfas-en-el-centro-de-santa-fe\/","url":"https:\/\/www.todoalfalfa.com.ar\/noticias\/salvo-excepciones-es-regular-el-estado-de-las-alfalfas-en-el-centro-de-santa-fe\/","name":"Salvo excepciones, es regular el estado de las alfalfas en el centro de Santa Fe","isPartOf":{"@id":"https:\/\/www.todoalfalfa.com.ar\/noticias\/#website"},"primaryImageOfPage":{"@id":"https:\/\/www.todoalfalfa.com.ar\/noticias\/salvo-excepciones-es-regular-el-estado-de-las-alfalfas-en-el-centro-de-santa-fe\/#primaryimage"},"image":{"@id":"https:\/\/www.todoalfalfa.com.ar\/noticias\/salvo-excepciones-es-regular-el-estado-de-las-alfalfas-en-el-centro-de-santa-fe\/#primaryimage"},"thumbnailUrl":"https:\/\/i0.wp.com\/www.todoalfalfa.com.ar\/noticias\/wp-content\/uploads\/2017\/09\/vacas_comiendo_alfalfa.jpg?fit=777%2C437&ssl=1","datePublished":"2019-03-21T18:53:27+00:00","dateModified":"2019-03-21T18:53:28+00:00","breadcrumb":{"@id":"https:\/\/www.todoalfalfa.com.ar\/noticias\/salvo-excepciones-es-regular-el-estado-de-las-alfalfas-en-el-centro-de-santa-fe\/#breadcrumb"},"inLanguage":"es","potentialAction":[{"@type":"ReadAction","target":["https:\/\/www.todoalfalfa.com.ar\/noticias\/salvo-excepciones-es-regular-el-estado-de-las-alfalfas-en-el-centro-de-santa-fe\/"]}]},{"@type":"ImageObject","inLanguage":"es","@id":"https:\/\/www.todoalfalfa.com.ar\/noticias\/salvo-excepciones-es-regular-el-estado-de-las-alfalfas-en-el-centro-de-santa-fe\/#primaryimage","url":"https:\/\/i0.wp.com\/www.todoalfalfa.com.ar\/noticias\/wp-content\/uploads\/2017\/09\/vacas_comiendo_alfalfa.jpg?fit=777%2C437&ssl=1","contentUrl":"https:\/\/i0.wp.com\/www.todoalfalfa.com.ar\/noticias\/wp-content\/uploads\/2017\/09\/vacas_comiendo_alfalfa.jpg?fit=777%2C437&ssl=1","width":777,"height":437},{"@type":"BreadcrumbList","@id":"https:\/\/www.todoalfalfa.com.ar\/noticias\/salvo-excepciones-es-regular-el-estado-de-las-alfalfas-en-el-centro-de-santa-fe\/#breadcrumb","itemListElement":[{"@type":"ListItem","position":1,"name":"Principal","item":"https:\/\/www.todoalfalfa.com.ar\/noticias\/"},{"@type":"ListItem","position":2,"name":"Salvo excepciones, es regular el estado de las alfalfas en el centro de Santa Fe"}]},{"@type":"WebSite","@id":"https:\/\/www.todoalfalfa.com.ar\/noticias\/#website","url":"https:\/\/www.todoalfalfa.com.ar\/noticias\/","name":"Todo Alfalfa","description":"Web informativa de la cadena de la alfalfa argentina","publisher":{"@id":"https:\/\/www.todoalfalfa.com.ar\/noticias\/#organization"},"potentialAction":[{"@type":"SearchAction","target":{"@type":"EntryPoint","urlTemplate":"https:\/\/www.todoalfalfa.com.ar\/noticias\/?s={search_term_string}"},"query-input":{"@type":"PropertyValueSpecification","valueRequired":true,"valueName":"search_term_string"}}],"inLanguage":"es"},{"@type":"Organization","@id":"https:\/\/www.todoalfalfa.com.ar\/noticias\/#organization","name":"Todo Alfalfa","url":"https:\/\/www.todoalfalfa.com.ar\/noticias\/","logo":{"@type":"ImageObject","inLanguage":"es","@id":"https:\/\/www.todoalfalfa.com.ar\/noticias\/#\/schema\/logo\/image\/","url":"https:\/\/www.todoalfalfa.com.ar\/noticias\/wp-content\/uploads\/2020\/09\/logo-todo-alfalfa-modificado.png","contentUrl":"https:\/\/www.todoalfalfa.com.ar\/noticias\/wp-content\/uploads\/2020\/09\/logo-todo-alfalfa-modificado.png","width":350,"height":100,"caption":"Todo Alfalfa"},"image":{"@id":"https:\/\/www.todoalfalfa.com.ar\/noticias\/#\/schema\/logo\/image\/"},"sameAs":["https:\/\/www.facebook.com\/todoalfalfa","https:\/\/www.instagram.com\/todoalfalfa","https:\/\/www.youtube.com\/@TodoAlfalfa","https:\/\/www.linkedin.com\/company\/todoalfalfa\/"]},{"@type":"Person","@id":"https:\/\/www.todoalfalfa.com.ar\/noticias\/#\/schema\/person\/4ee4bca9b9fa50c4f0fbaf7017fbf2ad","name":"Todo Alfalfa","image":{"@type":"ImageObject","inLanguage":"es","@id":"https:\/\/www.todoalfalfa.com.ar\/noticias\/#\/schema\/person\/image\/","url":"https:\/\/secure.gravatar.com\/avatar\/4d26a600a1380823a26c3f9cb74ada1a8ee4b482c0c3a616ab022b865c46be8f?s=96&d=mm&r=g","contentUrl":"https:\/\/secure.gravatar.com\/avatar\/4d26a600a1380823a26c3f9cb74ada1a8ee4b482c0c3a616ab022b865c46be8f?s=96&d=mm&r=g","caption":"Todo Alfalfa"},"sameAs":["http:\/\/www.todoalfalfa.com.ar"],"url":"https:\/\/www.todoalfalfa.com.ar\/noticias\/author\/todoalfalfa\/"}]}},"jetpack_featured_media_url":"https:\/\/i0.wp.com\/www.todoalfalfa.com.ar\/noticias\/wp-content\/uploads\/2017\/09\/vacas_comiendo_alfalfa.jpg?fit=777%2C437&ssl=1","wps_subtitle":"El informe de situaci\u00f3n productiva del INTA Rafaela para la regi\u00f3n centro provincial, destaca el estado regular de las alfalfas en febrero. S\u00f3lo los departamentos Castellanos y San Mart\u00edn evidenciaron buenos niveles de producci\u00f3n a nivel general. Se destaca una baja importante en la producci\u00f3n de leche en la regi\u00f3n.","jetpack_sharing_enabled":true,"_links":{"self":[{"href":"https:\/\/www.todoalfalfa.com.ar\/noticias\/wp-json\/wp\/v2\/posts\/40677","targetHints":{"allow":["GET"]}}],"collection":[{"href":"https:\/\/www.todoalfalfa.com.ar\/noticias\/wp-json\/wp\/v2\/posts"}],"about":[{"href":"https:\/\/www.todoalfalfa.com.ar\/noticias\/wp-json\/wp\/v2\/types\/post"}],"author":[{"embeddable":true,"href":"https:\/\/www.todoalfalfa.com.ar\/noticias\/wp-json\/wp\/v2\/users\/3"}],"replies":[{"embeddable":true,"href":"https:\/\/www.todoalfalfa.com.ar\/noticias\/wp-json\/wp\/v2\/comments?post=40677"}],"version-history":[{"count":0,"href":"https:\/\/www.todoalfalfa.com.ar\/noticias\/wp-json\/wp\/v2\/posts\/40677\/revisions"}],"wp:featuredmedia":[{"embeddable":true,"href":"https:\/\/www.todoalfalfa.com.ar\/noticias\/wp-json\/wp\/v2\/media\/1162"}],"wp:attachment":[{"href":"https:\/\/www.todoalfalfa.com.ar\/noticias\/wp-json\/wp\/v2\/media?parent=40677"}],"wp:term":[{"taxonomy":"category","embeddable":true,"href":"https:\/\/www.todoalfalfa.com.ar\/noticias\/wp-json\/wp\/v2\/categories?post=40677"},{"taxonomy":"post_tag","embeddable":true,"href":"https:\/\/www.todoalfalfa.com.ar\/noticias\/wp-json\/wp\/v2\/tags?post=40677"}],"curies":[{"name":"wp","href":"https:\/\/api.w.org\/{rel}","templated":true}]}}