{"id":40692,"date":"2019-03-27T09:53:39","date_gmt":"2019-03-27T12:53:39","guid":{"rendered":"https:\/\/todoalfalfa.com.ar\/?p=40692"},"modified":"2019-03-27T15:23:43","modified_gmt":"2019-03-27T18:23:43","slug":"en-san-basilio-se-realizara-una-jornada-alfalfa-y-forrajes-conservados","status":"publish","type":"post","link":"https:\/\/www.todoalfalfa.com.ar\/noticias\/en-san-basilio-se-realizara-una-jornada-alfalfa-y-forrajes-conservados\/","title":{"rendered":"En San Basilio se realizar\u00e1 una jornada alfalfa y forrajes conservados"},"content":{"rendered":"\n<p>La 57\u00ba Fiesta Nacional de la Alfalfa se desarrollar\u00e1 entre\nel 31 de marzo y el 6 de abril de 2019 en San Basilio, C\u00f3rdoba. <\/p>\n\n\n\n<p>El tradicional evento que todos los a\u00f1os convoca a miles de personas incluir\u00e1 muestras din\u00e1micas y est\u00e1ticas, conferencias tem\u00e1ticas y talleres.<br> <br>Una de sus principales atracciones ser\u00e1 la Jornada de actualizaci\u00f3n del cultivo de alfalfa y forrajes conservados, que organiza el Club Atl\u00e9tico San Basilio. Se realizar\u00e1 el d\u00eda 4 de abril, en el Cine Teatro Opera a partir de las 19 hs, y contendr\u00e1 el siguiente programa:<\/p>\n\n\n\n<p><strong>Actualizaci\u00f3n del cultivo de alfalfa en Argentina, panorama varietal y mejoramiento gen\u00e9tico.<\/strong><br>Diserta: Ing. Agr. Ariel Odorizzi y Valeria Arolfo (INTA Manfredi). <\/p>\n\n\n\n<p><strong>Heno de alfalfa: mercados y tipificaci\u00f3n<\/strong><br>Diserta: Ing. Agr. (MBA) Gast\u00f3n Urrets Zavall\u00eda (INTA Manfredi) <\/p>\n\n\n\n<p><strong>C\u00f3mo mejorar los resultados en la producci\u00f3n y utilizaci\u00f3n de silajes de ma\u00edz y sorgo<\/strong><br>Diserta: Ing. Agr. Marcelo De Le\u00f3n (INTA Manfredi, FCA-UNC) \/ Ing. Agr. Rub\u00e9n Gimenez (INTA Manfredi) <\/p>\n\n\n\n<p><strong>Mercado de granos, perspectivas y oportunidades<\/strong><br>Diserta: Ctdor. Juan Carlos Vasquetto  <\/p>\n\n\n\n<p>Por otra parte, a nivel de espect\u00e1culos, desde la\norganizaci\u00f3n de la Fiesta anunciaron para el s\u00e1bado 6 de abril las actuaciones\nde Destino San Javier, Jony Bisotto y Cacho Garay. Adem\u00e1s esa misma noche se\nproducir\u00e1 la elecci\u00f3n de la nueva reina nacional del evento.<\/p>\n<div class=\"todoalfalfa-final-de-la-nota\" id=\"todoalfalfa-1238154816\"><a href=\"https:\/\/www.whatsapp.com\/channel\/0029VbCBmFB9WtBxJsD3eC2i\" target=\"_blank\" aria-label=\"5\"><img src=\"https:\/\/i0.wp.com\/www.todoalfalfa.com.ar\/noticias\/wp-content\/uploads\/2026\/04\/5.gif?fit=728%2C90&#038;ssl=1\" alt=\"\"  width=\"728\" height=\"90\"   \/><\/a><\/div>","protected":false},"excerpt":{"rendered":"<p>La 57&ordm; Fiesta Nacional de la Alfalfa se desarrollar&aacute; entre el 31 de marzo y el 6 de abril de&#8230;<\/p>\n","protected":false},"author":3,"featured_media":2454,"comment_status":"closed","ping_status":"open","sticky":false,"template":"","format":"standard","meta":{"jetpack_post_was_ever_published":false,"_jetpack_newsletter_access":"","_jetpack_dont_email_post_to_subs":false,"_jetpack_newsletter_tier_id":0,"_jetpack_memberships_contains_paywalled_content":false,"_jetpack_memberships_contains_paid_content":false,"footnotes":""},"categories":[2],"tags":[31,589,587,38,588],"class_list":["post-40692","post","type-post","status-publish","format-standard","has-post-thumbnail","hentry","category-generales","tag-alfalfa","tag-fiesta","tag-forrajes-conservados","tag-jornada","tag-san-basilio"],"yoast_head":"<!-- This site is optimized with the Yoast SEO plugin v25.5 - https:\/\/yoast.com\/wordpress\/plugins\/seo\/ -->\n<title>En San Basilio se realizar\u00e1 una jornada alfalfa y forrajes conservados<\/title>\n<meta name=\"robots\" content=\"index, follow, max-snippet:-1, max-image-preview:large, max-video-preview:-1\" \/>\n<link rel=\"canonical\" href=\"https:\/\/www.todoalfalfa.com.ar\/noticias\/en-san-basilio-se-realizara-una-jornada-alfalfa-y-forrajes-conservados\/\" \/>\n<meta property=\"og:locale\" content=\"es_ES\" \/>\n<meta property=\"og:type\" content=\"article\" \/>\n<meta property=\"og:title\" content=\"En San Basilio se realizar\u00e1 una jornada alfalfa y forrajes conservados\" \/>\n<meta property=\"og:description\" content=\"La 57&ordm; Fiesta Nacional de la Alfalfa se desarrollar&aacute; entre el 31 de marzo y el 6 de abril de...\" \/>\n<meta property=\"og:url\" content=\"https:\/\/www.todoalfalfa.com.ar\/noticias\/en-san-basilio-se-realizara-una-jornada-alfalfa-y-forrajes-conservados\/\" \/>\n<meta property=\"og:site_name\" content=\"Todo Alfalfa\" \/>\n<meta property=\"article:publisher\" content=\"https:\/\/www.facebook.com\/todoalfalfa\" \/>\n<meta property=\"article:published_time\" content=\"2019-03-27T12:53:39+00:00\" \/>\n<meta property=\"article:modified_time\" content=\"2019-03-27T18:23:43+00:00\" \/>\n<meta property=\"og:image\" content=\"https:\/\/www.todoalfalfa.com.ar\/noticias\/wp-content\/uploads\/2018\/10\/alfalfa_primerplano6.jpg\" \/>\n\t<meta property=\"og:image:width\" content=\"777\" \/>\n\t<meta property=\"og:image:height\" content=\"437\" \/>\n\t<meta property=\"og:image:type\" content=\"image\/jpeg\" \/>\n<meta name=\"author\" content=\"Todo Alfalfa\" \/>\n<meta name=\"twitter:card\" content=\"summary_large_image\" \/>\n<meta name=\"twitter:label1\" content=\"Escrito por\" \/>\n\t<meta name=\"twitter:data1\" content=\"Todo Alfalfa\" \/>\n\t<meta name=\"twitter:label2\" content=\"Tiempo de lectura\" \/>\n\t<meta name=\"twitter:data2\" content=\"1 minuto\" \/>\n<script type=\"application\/ld+json\" class=\"yoast-schema-graph\">{\"@context\":\"https:\/\/schema.org\",\"@graph\":[{\"@type\":\"NewsArticle\",\"@id\":\"https:\/\/www.todoalfalfa.com.ar\/noticias\/en-san-basilio-se-realizara-una-jornada-alfalfa-y-forrajes-conservados\/#article\",\"isPartOf\":{\"@id\":\"https:\/\/www.todoalfalfa.com.ar\/noticias\/en-san-basilio-se-realizara-una-jornada-alfalfa-y-forrajes-conservados\/\"},\"author\":{\"name\":\"Todo Alfalfa\",\"@id\":\"https:\/\/www.todoalfalfa.com.ar\/noticias\/#\/schema\/person\/4ee4bca9b9fa50c4f0fbaf7017fbf2ad\"},\"headline\":\"En San Basilio se realizar\u00e1 una jornada alfalfa y forrajes conservados\",\"datePublished\":\"2019-03-27T12:53:39+00:00\",\"dateModified\":\"2019-03-27T18:23:43+00:00\",\"mainEntityOfPage\":{\"@id\":\"https:\/\/www.todoalfalfa.com.ar\/noticias\/en-san-basilio-se-realizara-una-jornada-alfalfa-y-forrajes-conservados\/\"},\"wordCount\":245,\"publisher\":{\"@id\":\"https:\/\/www.todoalfalfa.com.ar\/noticias\/#organization\"},\"image\":{\"@id\":\"https:\/\/www.todoalfalfa.com.ar\/noticias\/en-san-basilio-se-realizara-una-jornada-alfalfa-y-forrajes-conservados\/#primaryimage\"},\"thumbnailUrl\":\"https:\/\/i0.wp.com\/www.todoalfalfa.com.ar\/noticias\/wp-content\/uploads\/2018\/10\/alfalfa_primerplano6.jpg?fit=777%2C437&ssl=1\",\"keywords\":[\"alfalfa\",\"Fiesta\",\"forrajes conservados\",\"Jornada\",\"San Basilio\"],\"articleSection\":[\"Generales\"],\"inLanguage\":\"es\"},{\"@type\":[\"WebPage\",\"ItemPage\"],\"@id\":\"https:\/\/www.todoalfalfa.com.ar\/noticias\/en-san-basilio-se-realizara-una-jornada-alfalfa-y-forrajes-conservados\/\",\"url\":\"https:\/\/www.todoalfalfa.com.ar\/noticias\/en-san-basilio-se-realizara-una-jornada-alfalfa-y-forrajes-conservados\/\",\"name\":\"En San Basilio se realizar\u00e1 una jornada alfalfa y forrajes conservados\",\"isPartOf\":{\"@id\":\"https:\/\/www.todoalfalfa.com.ar\/noticias\/#website\"},\"primaryImageOfPage\":{\"@id\":\"https:\/\/www.todoalfalfa.com.ar\/noticias\/en-san-basilio-se-realizara-una-jornada-alfalfa-y-forrajes-conservados\/#primaryimage\"},\"image\":{\"@id\":\"https:\/\/www.todoalfalfa.com.ar\/noticias\/en-san-basilio-se-realizara-una-jornada-alfalfa-y-forrajes-conservados\/#primaryimage\"},\"thumbnailUrl\":\"https:\/\/i0.wp.com\/www.todoalfalfa.com.ar\/noticias\/wp-content\/uploads\/2018\/10\/alfalfa_primerplano6.jpg?fit=777%2C437&ssl=1\",\"datePublished\":\"2019-03-27T12:53:39+00:00\",\"dateModified\":\"2019-03-27T18:23:43+00:00\",\"breadcrumb\":{\"@id\":\"https:\/\/www.todoalfalfa.com.ar\/noticias\/en-san-basilio-se-realizara-una-jornada-alfalfa-y-forrajes-conservados\/#breadcrumb\"},\"inLanguage\":\"es\",\"potentialAction\":[{\"@type\":\"ReadAction\",\"target\":[\"https:\/\/www.todoalfalfa.com.ar\/noticias\/en-san-basilio-se-realizara-una-jornada-alfalfa-y-forrajes-conservados\/\"]}]},{\"@type\":\"ImageObject\",\"inLanguage\":\"es\",\"@id\":\"https:\/\/www.todoalfalfa.com.ar\/noticias\/en-san-basilio-se-realizara-una-jornada-alfalfa-y-forrajes-conservados\/#primaryimage\",\"url\":\"https:\/\/i0.wp.com\/www.todoalfalfa.com.ar\/noticias\/wp-content\/uploads\/2018\/10\/alfalfa_primerplano6.jpg?fit=777%2C437&ssl=1\",\"contentUrl\":\"https:\/\/i0.wp.com\/www.todoalfalfa.com.ar\/noticias\/wp-content\/uploads\/2018\/10\/alfalfa_primerplano6.jpg?fit=777%2C437&ssl=1\",\"width\":777,\"height\":437},{\"@type\":\"BreadcrumbList\",\"@id\":\"https:\/\/www.todoalfalfa.com.ar\/noticias\/en-san-basilio-se-realizara-una-jornada-alfalfa-y-forrajes-conservados\/#breadcrumb\",\"itemListElement\":[{\"@type\":\"ListItem\",\"position\":1,\"name\":\"Principal\",\"item\":\"https:\/\/www.todoalfalfa.com.ar\/noticias\/\"},{\"@type\":\"ListItem\",\"position\":2,\"name\":\"En San Basilio se realizar\u00e1 una jornada alfalfa y forrajes conservados\"}]},{\"@type\":\"WebSite\",\"@id\":\"https:\/\/www.todoalfalfa.com.ar\/noticias\/#website\",\"url\":\"https:\/\/www.todoalfalfa.com.ar\/noticias\/\",\"name\":\"Todo Alfalfa\",\"description\":\"Web informativa de la cadena de la alfalfa argentina\",\"publisher\":{\"@id\":\"https:\/\/www.todoalfalfa.com.ar\/noticias\/#organization\"},\"potentialAction\":[{\"@type\":\"SearchAction\",\"target\":{\"@type\":\"EntryPoint\",\"urlTemplate\":\"https:\/\/www.todoalfalfa.com.ar\/noticias\/?s={search_term_string}\"},\"query-input\":{\"@type\":\"PropertyValueSpecification\",\"valueRequired\":true,\"valueName\":\"search_term_string\"}}],\"inLanguage\":\"es\"},{\"@type\":\"Organization\",\"@id\":\"https:\/\/www.todoalfalfa.com.ar\/noticias\/#organization\",\"name\":\"Todo Alfalfa\",\"url\":\"https:\/\/www.todoalfalfa.com.ar\/noticias\/\",\"logo\":{\"@type\":\"ImageObject\",\"inLanguage\":\"es\",\"@id\":\"https:\/\/www.todoalfalfa.com.ar\/noticias\/#\/schema\/logo\/image\/\",\"url\":\"https:\/\/www.todoalfalfa.com.ar\/noticias\/wp-content\/uploads\/2020\/09\/logo-todo-alfalfa-modificado.png\",\"contentUrl\":\"https:\/\/www.todoalfalfa.com.ar\/noticias\/wp-content\/uploads\/2020\/09\/logo-todo-alfalfa-modificado.png\",\"width\":350,\"height\":100,\"caption\":\"Todo Alfalfa\"},\"image\":{\"@id\":\"https:\/\/www.todoalfalfa.com.ar\/noticias\/#\/schema\/logo\/image\/\"},\"sameAs\":[\"https:\/\/www.facebook.com\/todoalfalfa\",\"https:\/\/www.instagram.com\/todoalfalfa\",\"https:\/\/www.youtube.com\/@TodoAlfalfa\",\"https:\/\/www.linkedin.com\/company\/todoalfalfa\/\"]},{\"@type\":\"Person\",\"@id\":\"https:\/\/www.todoalfalfa.com.ar\/noticias\/#\/schema\/person\/4ee4bca9b9fa50c4f0fbaf7017fbf2ad\",\"name\":\"Todo Alfalfa\",\"image\":{\"@type\":\"ImageObject\",\"inLanguage\":\"es\",\"@id\":\"https:\/\/www.todoalfalfa.com.ar\/noticias\/#\/schema\/person\/image\/\",\"url\":\"https:\/\/secure.gravatar.com\/avatar\/4d26a600a1380823a26c3f9cb74ada1a8ee4b482c0c3a616ab022b865c46be8f?s=96&d=mm&r=g\",\"contentUrl\":\"https:\/\/secure.gravatar.com\/avatar\/4d26a600a1380823a26c3f9cb74ada1a8ee4b482c0c3a616ab022b865c46be8f?s=96&d=mm&r=g\",\"caption\":\"Todo Alfalfa\"},\"sameAs\":[\"http:\/\/www.todoalfalfa.com.ar\"],\"url\":\"https:\/\/www.todoalfalfa.com.ar\/noticias\/author\/todoalfalfa\/\"}]}<\/script>\n<!-- \/ Yoast SEO plugin. -->","yoast_head_json":{"title":"En San Basilio se realizar\u00e1 una jornada alfalfa y forrajes conservados","robots":{"index":"index","follow":"follow","max-snippet":"max-snippet:-1","max-image-preview":"max-image-preview:large","max-video-preview":"max-video-preview:-1"},"canonical":"https:\/\/www.todoalfalfa.com.ar\/noticias\/en-san-basilio-se-realizara-una-jornada-alfalfa-y-forrajes-conservados\/","og_locale":"es_ES","og_type":"article","og_title":"En San Basilio se realizar\u00e1 una jornada alfalfa y forrajes conservados","og_description":"La 57&ordm; Fiesta Nacional de la Alfalfa se desarrollar&aacute; entre el 31 de marzo y el 6 de abril de...","og_url":"https:\/\/www.todoalfalfa.com.ar\/noticias\/en-san-basilio-se-realizara-una-jornada-alfalfa-y-forrajes-conservados\/","og_site_name":"Todo Alfalfa","article_publisher":"https:\/\/www.facebook.com\/todoalfalfa","article_published_time":"2019-03-27T12:53:39+00:00","article_modified_time":"2019-03-27T18:23:43+00:00","og_image":[{"width":777,"height":437,"url":"https:\/\/www.todoalfalfa.com.ar\/noticias\/wp-content\/uploads\/2018\/10\/alfalfa_primerplano6.jpg","type":"image\/jpeg"}],"author":"Todo Alfalfa","twitter_card":"summary_large_image","twitter_misc":{"Escrito por":"Todo Alfalfa","Tiempo de lectura":"1 minuto"},"schema":{"@context":"https:\/\/schema.org","@graph":[{"@type":"NewsArticle","@id":"https:\/\/www.todoalfalfa.com.ar\/noticias\/en-san-basilio-se-realizara-una-jornada-alfalfa-y-forrajes-conservados\/#article","isPartOf":{"@id":"https:\/\/www.todoalfalfa.com.ar\/noticias\/en-san-basilio-se-realizara-una-jornada-alfalfa-y-forrajes-conservados\/"},"author":{"name":"Todo Alfalfa","@id":"https:\/\/www.todoalfalfa.com.ar\/noticias\/#\/schema\/person\/4ee4bca9b9fa50c4f0fbaf7017fbf2ad"},"headline":"En San Basilio se realizar\u00e1 una jornada alfalfa y forrajes conservados","datePublished":"2019-03-27T12:53:39+00:00","dateModified":"2019-03-27T18:23:43+00:00","mainEntityOfPage":{"@id":"https:\/\/www.todoalfalfa.com.ar\/noticias\/en-san-basilio-se-realizara-una-jornada-alfalfa-y-forrajes-conservados\/"},"wordCount":245,"publisher":{"@id":"https:\/\/www.todoalfalfa.com.ar\/noticias\/#organization"},"image":{"@id":"https:\/\/www.todoalfalfa.com.ar\/noticias\/en-san-basilio-se-realizara-una-jornada-alfalfa-y-forrajes-conservados\/#primaryimage"},"thumbnailUrl":"https:\/\/i0.wp.com\/www.todoalfalfa.com.ar\/noticias\/wp-content\/uploads\/2018\/10\/alfalfa_primerplano6.jpg?fit=777%2C437&ssl=1","keywords":["alfalfa","Fiesta","forrajes conservados","Jornada","San Basilio"],"articleSection":["Generales"],"inLanguage":"es"},{"@type":["WebPage","ItemPage"],"@id":"https:\/\/www.todoalfalfa.com.ar\/noticias\/en-san-basilio-se-realizara-una-jornada-alfalfa-y-forrajes-conservados\/","url":"https:\/\/www.todoalfalfa.com.ar\/noticias\/en-san-basilio-se-realizara-una-jornada-alfalfa-y-forrajes-conservados\/","name":"En San Basilio se realizar\u00e1 una jornada alfalfa y forrajes conservados","isPartOf":{"@id":"https:\/\/www.todoalfalfa.com.ar\/noticias\/#website"},"primaryImageOfPage":{"@id":"https:\/\/www.todoalfalfa.com.ar\/noticias\/en-san-basilio-se-realizara-una-jornada-alfalfa-y-forrajes-conservados\/#primaryimage"},"image":{"@id":"https:\/\/www.todoalfalfa.com.ar\/noticias\/en-san-basilio-se-realizara-una-jornada-alfalfa-y-forrajes-conservados\/#primaryimage"},"thumbnailUrl":"https:\/\/i0.wp.com\/www.todoalfalfa.com.ar\/noticias\/wp-content\/uploads\/2018\/10\/alfalfa_primerplano6.jpg?fit=777%2C437&ssl=1","datePublished":"2019-03-27T12:53:39+00:00","dateModified":"2019-03-27T18:23:43+00:00","breadcrumb":{"@id":"https:\/\/www.todoalfalfa.com.ar\/noticias\/en-san-basilio-se-realizara-una-jornada-alfalfa-y-forrajes-conservados\/#breadcrumb"},"inLanguage":"es","potentialAction":[{"@type":"ReadAction","target":["https:\/\/www.todoalfalfa.com.ar\/noticias\/en-san-basilio-se-realizara-una-jornada-alfalfa-y-forrajes-conservados\/"]}]},{"@type":"ImageObject","inLanguage":"es","@id":"https:\/\/www.todoalfalfa.com.ar\/noticias\/en-san-basilio-se-realizara-una-jornada-alfalfa-y-forrajes-conservados\/#primaryimage","url":"https:\/\/i0.wp.com\/www.todoalfalfa.com.ar\/noticias\/wp-content\/uploads\/2018\/10\/alfalfa_primerplano6.jpg?fit=777%2C437&ssl=1","contentUrl":"https:\/\/i0.wp.com\/www.todoalfalfa.com.ar\/noticias\/wp-content\/uploads\/2018\/10\/alfalfa_primerplano6.jpg?fit=777%2C437&ssl=1","width":777,"height":437},{"@type":"BreadcrumbList","@id":"https:\/\/www.todoalfalfa.com.ar\/noticias\/en-san-basilio-se-realizara-una-jornada-alfalfa-y-forrajes-conservados\/#breadcrumb","itemListElement":[{"@type":"ListItem","position":1,"name":"Principal","item":"https:\/\/www.todoalfalfa.com.ar\/noticias\/"},{"@type":"ListItem","position":2,"name":"En San Basilio se realizar\u00e1 una jornada alfalfa y forrajes conservados"}]},{"@type":"WebSite","@id":"https:\/\/www.todoalfalfa.com.ar\/noticias\/#website","url":"https:\/\/www.todoalfalfa.com.ar\/noticias\/","name":"Todo Alfalfa","description":"Web informativa de la cadena de la alfalfa argentina","publisher":{"@id":"https:\/\/www.todoalfalfa.com.ar\/noticias\/#organization"},"potentialAction":[{"@type":"SearchAction","target":{"@type":"EntryPoint","urlTemplate":"https:\/\/www.todoalfalfa.com.ar\/noticias\/?s={search_term_string}"},"query-input":{"@type":"PropertyValueSpecification","valueRequired":true,"valueName":"search_term_string"}}],"inLanguage":"es"},{"@type":"Organization","@id":"https:\/\/www.todoalfalfa.com.ar\/noticias\/#organization","name":"Todo Alfalfa","url":"https:\/\/www.todoalfalfa.com.ar\/noticias\/","logo":{"@type":"ImageObject","inLanguage":"es","@id":"https:\/\/www.todoalfalfa.com.ar\/noticias\/#\/schema\/logo\/image\/","url":"https:\/\/www.todoalfalfa.com.ar\/noticias\/wp-content\/uploads\/2020\/09\/logo-todo-alfalfa-modificado.png","contentUrl":"https:\/\/www.todoalfalfa.com.ar\/noticias\/wp-content\/uploads\/2020\/09\/logo-todo-alfalfa-modificado.png","width":350,"height":100,"caption":"Todo Alfalfa"},"image":{"@id":"https:\/\/www.todoalfalfa.com.ar\/noticias\/#\/schema\/logo\/image\/"},"sameAs":["https:\/\/www.facebook.com\/todoalfalfa","https:\/\/www.instagram.com\/todoalfalfa","https:\/\/www.youtube.com\/@TodoAlfalfa","https:\/\/www.linkedin.com\/company\/todoalfalfa\/"]},{"@type":"Person","@id":"https:\/\/www.todoalfalfa.com.ar\/noticias\/#\/schema\/person\/4ee4bca9b9fa50c4f0fbaf7017fbf2ad","name":"Todo Alfalfa","image":{"@type":"ImageObject","inLanguage":"es","@id":"https:\/\/www.todoalfalfa.com.ar\/noticias\/#\/schema\/person\/image\/","url":"https:\/\/secure.gravatar.com\/avatar\/4d26a600a1380823a26c3f9cb74ada1a8ee4b482c0c3a616ab022b865c46be8f?s=96&d=mm&r=g","contentUrl":"https:\/\/secure.gravatar.com\/avatar\/4d26a600a1380823a26c3f9cb74ada1a8ee4b482c0c3a616ab022b865c46be8f?s=96&d=mm&r=g","caption":"Todo Alfalfa"},"sameAs":["http:\/\/www.todoalfalfa.com.ar"],"url":"https:\/\/www.todoalfalfa.com.ar\/noticias\/author\/todoalfalfa\/"}]}},"jetpack_featured_media_url":"https:\/\/i0.wp.com\/www.todoalfalfa.com.ar\/noticias\/wp-content\/uploads\/2018\/10\/alfalfa_primerplano6.jpg?fit=777%2C437&ssl=1","wps_subtitle":"Ser\u00e1 en el marco de la Fiesta Nacional de la Alfalfa. Se abordar\u00e1n tem\u00e1ticas vinculados a la producci\u00f3n del cultivo, su mejoramiento gen\u00e9tico y mercados, entre otros temas.","jetpack_sharing_enabled":true,"_links":{"self":[{"href":"https:\/\/www.todoalfalfa.com.ar\/noticias\/wp-json\/wp\/v2\/posts\/40692","targetHints":{"allow":["GET"]}}],"collection":[{"href":"https:\/\/www.todoalfalfa.com.ar\/noticias\/wp-json\/wp\/v2\/posts"}],"about":[{"href":"https:\/\/www.todoalfalfa.com.ar\/noticias\/wp-json\/wp\/v2\/types\/post"}],"author":[{"embeddable":true,"href":"https:\/\/www.todoalfalfa.com.ar\/noticias\/wp-json\/wp\/v2\/users\/3"}],"replies":[{"embeddable":true,"href":"https:\/\/www.todoalfalfa.com.ar\/noticias\/wp-json\/wp\/v2\/comments?post=40692"}],"version-history":[{"count":0,"href":"https:\/\/www.todoalfalfa.com.ar\/noticias\/wp-json\/wp\/v2\/posts\/40692\/revisions"}],"wp:featuredmedia":[{"embeddable":true,"href":"https:\/\/www.todoalfalfa.com.ar\/noticias\/wp-json\/wp\/v2\/media\/2454"}],"wp:attachment":[{"href":"https:\/\/www.todoalfalfa.com.ar\/noticias\/wp-json\/wp\/v2\/media?parent=40692"}],"wp:term":[{"taxonomy":"category","embeddable":true,"href":"https:\/\/www.todoalfalfa.com.ar\/noticias\/wp-json\/wp\/v2\/categories?post=40692"},{"taxonomy":"post_tag","embeddable":true,"href":"https:\/\/www.todoalfalfa.com.ar\/noticias\/wp-json\/wp\/v2\/tags?post=40692"}],"curies":[{"name":"wp","href":"https:\/\/api.w.org\/{rel}","templated":true}]}}