{"id":40804,"date":"2019-04-15T11:07:05","date_gmt":"2019-04-15T14:07:05","guid":{"rendered":"https:\/\/todoalfalfa.com.ar\/?p=40804"},"modified":"2019-04-15T11:07:06","modified_gmt":"2019-04-15T14:07:06","slug":"un-espacio-de-aprendizaje-para-el-manejo-de-pasturas","status":"publish","type":"post","link":"https:\/\/www.todoalfalfa.com.ar\/noticias\/un-espacio-de-aprendizaje-para-el-manejo-de-pasturas\/","title":{"rendered":"Un espacio de aprendizaje para el manejo de pasturas"},"content":{"rendered":"\n<p>\u00bfC\u00f3mo producir m\u00e1s y mejor? \u00bfC\u00f3mo Mejorar lo\nque no medimos? &nbsp;\u00bfC\u00f3mo se puede aumentar\nla producci\u00f3n de carne a pasto?. Como respuesta a varias de estas preguntas,\nnaci\u00f3 la Escuela de Pastores de Gentos.<\/p>\n\n\n\n<p>Se trata de una\ncapacitaci\u00f3n orientada al personal de campo. \u201cEl objetivo es que los encargados\ny responsables directos de la ganader\u00eda conozcan y adquieran conceptos en el\nmanejo eficiente de estos recursos, a trav\u00e9s de explicaciones simples e ilustradas,\nte\u00f3ricas y a campo\u201d, explicaron desde la empresa.<\/p>\n\n\n\n<p>Los talleres se\ndesarrollan durante distintas estaciones del a\u00f1o y en diferentes zonas\nproductivas, en campos de productores particulares y en condiciones reales de\nuso.<\/p>\n\n\n\n<p>\u201cEl desaf\u00edo de esta\npropuesta es transmitir en forma eficaz el conocimiento, para que tenga impacto\nen las personas y estas puedan realizar transformaciones en sus\nestablecimientos\u201d, remarcaron desde la firma.<\/p>\n\n\n\n<p>Los interesados en\nconocer m\u00e1s detalles sobre la Escuela de Pastores, lo pueden hacer a trav\u00e9s de\nla pagina web de la empresa o contact\u00e1ndose con Tom\u00e1s Giaccio, al correo <a href=\"&#109;&#x61;&#x69;l&#116;&#x6f;&#x3a;t&#103;&#x69;a&#99;&#x63;&#x69;o&#64;&#x67;e&#110;&#x74;&#x6f;s&#46;&#x63;&#x6f;&#109;&#x2e;&#x61;r\">&#x74;&#103;i&#x61;&#x63;&#99;i&#x6f;&#64;g&#x65;&#x6e;&#116;o&#x73;&#46;c&#x6f;&#x6d;&#46;a&#x72;<\/a> \/ Cel +54 911\n5568-4960.<\/p>\n<div class=\"todoalfalfa-final-de-la-nota\" id=\"todoalfalfa-4149695832\"><a href=\"https:\/\/www.whatsapp.com\/channel\/0029VbCBmFB9WtBxJsD3eC2i\" target=\"_blank\" aria-label=\"5\"><img src=\"https:\/\/i0.wp.com\/www.todoalfalfa.com.ar\/noticias\/wp-content\/uploads\/2026\/04\/5.gif?fit=728%2C90&#038;ssl=1\" alt=\"\"  width=\"728\" height=\"90\"   \/><\/a><\/div>","protected":false},"excerpt":{"rendered":"<p>&iquest;C&oacute;mo producir m&aacute;s y mejor? &iquest;C&oacute;mo Mejorar lo que no medimos? &nbsp;&iquest;C&oacute;mo se puede aumentar la producci&oacute;n de carne a&#8230;<\/p>\n","protected":false},"author":3,"featured_media":1082,"comment_status":"closed","ping_status":"open","sticky":false,"template":"","format":"standard","meta":{"jetpack_post_was_ever_published":false,"_jetpack_newsletter_access":"","_jetpack_dont_email_post_to_subs":false,"_jetpack_newsletter_tier_id":0,"_jetpack_memberships_contains_paywalled_content":false,"_jetpack_memberships_contains_paid_content":false,"footnotes":""},"categories":[2],"tags":[601,245,16,17],"class_list":["post-40804","post","type-post","status-publish","format-standard","has-post-thumbnail","hentry","category-generales","tag-escuela-de-pastores","tag-gentos","tag-manejo","tag-pasturas"],"yoast_head":"<!-- This site is optimized with the Yoast SEO plugin v25.5 - https:\/\/yoast.com\/wordpress\/plugins\/seo\/ -->\n<title>Un espacio de aprendizaje para el manejo de pasturas<\/title>\n<meta name=\"robots\" content=\"index, follow, max-snippet:-1, max-image-preview:large, max-video-preview:-1\" \/>\n<link rel=\"canonical\" href=\"https:\/\/www.todoalfalfa.com.ar\/noticias\/un-espacio-de-aprendizaje-para-el-manejo-de-pasturas\/\" \/>\n<meta property=\"og:locale\" content=\"es_ES\" \/>\n<meta property=\"og:type\" content=\"article\" \/>\n<meta property=\"og:title\" content=\"Un espacio de aprendizaje para el manejo de pasturas\" \/>\n<meta property=\"og:description\" content=\"&iquest;C&oacute;mo producir m&aacute;s y mejor? &iquest;C&oacute;mo Mejorar lo que no medimos? &nbsp;&iquest;C&oacute;mo se puede aumentar la producci&oacute;n de carne a...\" \/>\n<meta property=\"og:url\" content=\"https:\/\/www.todoalfalfa.com.ar\/noticias\/un-espacio-de-aprendizaje-para-el-manejo-de-pasturas\/\" \/>\n<meta property=\"og:site_name\" content=\"Todo Alfalfa\" \/>\n<meta property=\"article:publisher\" content=\"https:\/\/www.facebook.com\/todoalfalfa\" \/>\n<meta property=\"article:published_time\" content=\"2019-04-15T14:07:05+00:00\" \/>\n<meta property=\"article:modified_time\" content=\"2019-04-15T14:07:06+00:00\" \/>\n<meta property=\"og:image\" content=\"https:\/\/www.todoalfalfa.com.ar\/noticias\/wp-content\/uploads\/2017\/09\/festuca_ganaderia1.jpg\" \/>\n\t<meta property=\"og:image:width\" content=\"777\" \/>\n\t<meta property=\"og:image:height\" content=\"438\" \/>\n\t<meta property=\"og:image:type\" content=\"image\/jpeg\" \/>\n<meta name=\"author\" content=\"Todo Alfalfa\" \/>\n<meta name=\"twitter:card\" content=\"summary_large_image\" \/>\n<meta name=\"twitter:label1\" content=\"Escrito por\" \/>\n\t<meta name=\"twitter:data1\" content=\"Todo Alfalfa\" \/>\n\t<meta name=\"twitter:label2\" content=\"Tiempo de lectura\" \/>\n\t<meta name=\"twitter:data2\" content=\"1 minuto\" \/>\n<script type=\"application\/ld+json\" class=\"yoast-schema-graph\">{\"@context\":\"https:\/\/schema.org\",\"@graph\":[{\"@type\":\"NewsArticle\",\"@id\":\"https:\/\/www.todoalfalfa.com.ar\/noticias\/un-espacio-de-aprendizaje-para-el-manejo-de-pasturas\/#article\",\"isPartOf\":{\"@id\":\"https:\/\/www.todoalfalfa.com.ar\/noticias\/un-espacio-de-aprendizaje-para-el-manejo-de-pasturas\/\"},\"author\":{\"name\":\"Todo Alfalfa\",\"@id\":\"https:\/\/www.todoalfalfa.com.ar\/noticias\/#\/schema\/person\/4ee4bca9b9fa50c4f0fbaf7017fbf2ad\"},\"headline\":\"Un espacio de aprendizaje para el manejo de pasturas\",\"datePublished\":\"2019-04-15T14:07:05+00:00\",\"dateModified\":\"2019-04-15T14:07:06+00:00\",\"mainEntityOfPage\":{\"@id\":\"https:\/\/www.todoalfalfa.com.ar\/noticias\/un-espacio-de-aprendizaje-para-el-manejo-de-pasturas\/\"},\"wordCount\":200,\"publisher\":{\"@id\":\"https:\/\/www.todoalfalfa.com.ar\/noticias\/#organization\"},\"image\":{\"@id\":\"https:\/\/www.todoalfalfa.com.ar\/noticias\/un-espacio-de-aprendizaje-para-el-manejo-de-pasturas\/#primaryimage\"},\"thumbnailUrl\":\"https:\/\/i0.wp.com\/www.todoalfalfa.com.ar\/noticias\/wp-content\/uploads\/2017\/09\/festuca_ganaderia1.jpg?fit=777%2C438&ssl=1\",\"keywords\":[\"escuela de pastores\",\"Gentos\",\"manejo\",\"pasturas\"],\"articleSection\":[\"Generales\"],\"inLanguage\":\"es\"},{\"@type\":[\"WebPage\",\"ItemPage\"],\"@id\":\"https:\/\/www.todoalfalfa.com.ar\/noticias\/un-espacio-de-aprendizaje-para-el-manejo-de-pasturas\/\",\"url\":\"https:\/\/www.todoalfalfa.com.ar\/noticias\/un-espacio-de-aprendizaje-para-el-manejo-de-pasturas\/\",\"name\":\"Un espacio de aprendizaje para el manejo de pasturas\",\"isPartOf\":{\"@id\":\"https:\/\/www.todoalfalfa.com.ar\/noticias\/#website\"},\"primaryImageOfPage\":{\"@id\":\"https:\/\/www.todoalfalfa.com.ar\/noticias\/un-espacio-de-aprendizaje-para-el-manejo-de-pasturas\/#primaryimage\"},\"image\":{\"@id\":\"https:\/\/www.todoalfalfa.com.ar\/noticias\/un-espacio-de-aprendizaje-para-el-manejo-de-pasturas\/#primaryimage\"},\"thumbnailUrl\":\"https:\/\/i0.wp.com\/www.todoalfalfa.com.ar\/noticias\/wp-content\/uploads\/2017\/09\/festuca_ganaderia1.jpg?fit=777%2C438&ssl=1\",\"datePublished\":\"2019-04-15T14:07:05+00:00\",\"dateModified\":\"2019-04-15T14:07:06+00:00\",\"breadcrumb\":{\"@id\":\"https:\/\/www.todoalfalfa.com.ar\/noticias\/un-espacio-de-aprendizaje-para-el-manejo-de-pasturas\/#breadcrumb\"},\"inLanguage\":\"es\",\"potentialAction\":[{\"@type\":\"ReadAction\",\"target\":[\"https:\/\/www.todoalfalfa.com.ar\/noticias\/un-espacio-de-aprendizaje-para-el-manejo-de-pasturas\/\"]}]},{\"@type\":\"ImageObject\",\"inLanguage\":\"es\",\"@id\":\"https:\/\/www.todoalfalfa.com.ar\/noticias\/un-espacio-de-aprendizaje-para-el-manejo-de-pasturas\/#primaryimage\",\"url\":\"https:\/\/i0.wp.com\/www.todoalfalfa.com.ar\/noticias\/wp-content\/uploads\/2017\/09\/festuca_ganaderia1.jpg?fit=777%2C438&ssl=1\",\"contentUrl\":\"https:\/\/i0.wp.com\/www.todoalfalfa.com.ar\/noticias\/wp-content\/uploads\/2017\/09\/festuca_ganaderia1.jpg?fit=777%2C438&ssl=1\",\"width\":777,\"height\":438},{\"@type\":\"BreadcrumbList\",\"@id\":\"https:\/\/www.todoalfalfa.com.ar\/noticias\/un-espacio-de-aprendizaje-para-el-manejo-de-pasturas\/#breadcrumb\",\"itemListElement\":[{\"@type\":\"ListItem\",\"position\":1,\"name\":\"Principal\",\"item\":\"https:\/\/www.todoalfalfa.com.ar\/noticias\/\"},{\"@type\":\"ListItem\",\"position\":2,\"name\":\"Un espacio de aprendizaje para el manejo de pasturas\"}]},{\"@type\":\"WebSite\",\"@id\":\"https:\/\/www.todoalfalfa.com.ar\/noticias\/#website\",\"url\":\"https:\/\/www.todoalfalfa.com.ar\/noticias\/\",\"name\":\"Todo Alfalfa\",\"description\":\"Web informativa de la cadena de la alfalfa argentina\",\"publisher\":{\"@id\":\"https:\/\/www.todoalfalfa.com.ar\/noticias\/#organization\"},\"potentialAction\":[{\"@type\":\"SearchAction\",\"target\":{\"@type\":\"EntryPoint\",\"urlTemplate\":\"https:\/\/www.todoalfalfa.com.ar\/noticias\/?s={search_term_string}\"},\"query-input\":{\"@type\":\"PropertyValueSpecification\",\"valueRequired\":true,\"valueName\":\"search_term_string\"}}],\"inLanguage\":\"es\"},{\"@type\":\"Organization\",\"@id\":\"https:\/\/www.todoalfalfa.com.ar\/noticias\/#organization\",\"name\":\"Todo Alfalfa\",\"url\":\"https:\/\/www.todoalfalfa.com.ar\/noticias\/\",\"logo\":{\"@type\":\"ImageObject\",\"inLanguage\":\"es\",\"@id\":\"https:\/\/www.todoalfalfa.com.ar\/noticias\/#\/schema\/logo\/image\/\",\"url\":\"https:\/\/www.todoalfalfa.com.ar\/noticias\/wp-content\/uploads\/2020\/09\/logo-todo-alfalfa-modificado.png\",\"contentUrl\":\"https:\/\/www.todoalfalfa.com.ar\/noticias\/wp-content\/uploads\/2020\/09\/logo-todo-alfalfa-modificado.png\",\"width\":350,\"height\":100,\"caption\":\"Todo Alfalfa\"},\"image\":{\"@id\":\"https:\/\/www.todoalfalfa.com.ar\/noticias\/#\/schema\/logo\/image\/\"},\"sameAs\":[\"https:\/\/www.facebook.com\/todoalfalfa\",\"https:\/\/www.instagram.com\/todoalfalfa\",\"https:\/\/www.youtube.com\/@TodoAlfalfa\",\"https:\/\/www.linkedin.com\/company\/todoalfalfa\/\"]},{\"@type\":\"Person\",\"@id\":\"https:\/\/www.todoalfalfa.com.ar\/noticias\/#\/schema\/person\/4ee4bca9b9fa50c4f0fbaf7017fbf2ad\",\"name\":\"Todo Alfalfa\",\"image\":{\"@type\":\"ImageObject\",\"inLanguage\":\"es\",\"@id\":\"https:\/\/www.todoalfalfa.com.ar\/noticias\/#\/schema\/person\/image\/\",\"url\":\"https:\/\/secure.gravatar.com\/avatar\/4d26a600a1380823a26c3f9cb74ada1a8ee4b482c0c3a616ab022b865c46be8f?s=96&d=mm&r=g\",\"contentUrl\":\"https:\/\/secure.gravatar.com\/avatar\/4d26a600a1380823a26c3f9cb74ada1a8ee4b482c0c3a616ab022b865c46be8f?s=96&d=mm&r=g\",\"caption\":\"Todo Alfalfa\"},\"sameAs\":[\"http:\/\/www.todoalfalfa.com.ar\"],\"url\":\"https:\/\/www.todoalfalfa.com.ar\/noticias\/author\/todoalfalfa\/\"}]}<\/script>\n<!-- \/ Yoast SEO plugin. -->","yoast_head_json":{"title":"Un espacio de aprendizaje para el manejo de pasturas","robots":{"index":"index","follow":"follow","max-snippet":"max-snippet:-1","max-image-preview":"max-image-preview:large","max-video-preview":"max-video-preview:-1"},"canonical":"https:\/\/www.todoalfalfa.com.ar\/noticias\/un-espacio-de-aprendizaje-para-el-manejo-de-pasturas\/","og_locale":"es_ES","og_type":"article","og_title":"Un espacio de aprendizaje para el manejo de pasturas","og_description":"&iquest;C&oacute;mo producir m&aacute;s y mejor? &iquest;C&oacute;mo Mejorar lo que no medimos? &nbsp;&iquest;C&oacute;mo se puede aumentar la producci&oacute;n de carne a...","og_url":"https:\/\/www.todoalfalfa.com.ar\/noticias\/un-espacio-de-aprendizaje-para-el-manejo-de-pasturas\/","og_site_name":"Todo Alfalfa","article_publisher":"https:\/\/www.facebook.com\/todoalfalfa","article_published_time":"2019-04-15T14:07:05+00:00","article_modified_time":"2019-04-15T14:07:06+00:00","og_image":[{"width":777,"height":438,"url":"https:\/\/www.todoalfalfa.com.ar\/noticias\/wp-content\/uploads\/2017\/09\/festuca_ganaderia1.jpg","type":"image\/jpeg"}],"author":"Todo Alfalfa","twitter_card":"summary_large_image","twitter_misc":{"Escrito por":"Todo Alfalfa","Tiempo de lectura":"1 minuto"},"schema":{"@context":"https:\/\/schema.org","@graph":[{"@type":"NewsArticle","@id":"https:\/\/www.todoalfalfa.com.ar\/noticias\/un-espacio-de-aprendizaje-para-el-manejo-de-pasturas\/#article","isPartOf":{"@id":"https:\/\/www.todoalfalfa.com.ar\/noticias\/un-espacio-de-aprendizaje-para-el-manejo-de-pasturas\/"},"author":{"name":"Todo Alfalfa","@id":"https:\/\/www.todoalfalfa.com.ar\/noticias\/#\/schema\/person\/4ee4bca9b9fa50c4f0fbaf7017fbf2ad"},"headline":"Un espacio de aprendizaje para el manejo de pasturas","datePublished":"2019-04-15T14:07:05+00:00","dateModified":"2019-04-15T14:07:06+00:00","mainEntityOfPage":{"@id":"https:\/\/www.todoalfalfa.com.ar\/noticias\/un-espacio-de-aprendizaje-para-el-manejo-de-pasturas\/"},"wordCount":200,"publisher":{"@id":"https:\/\/www.todoalfalfa.com.ar\/noticias\/#organization"},"image":{"@id":"https:\/\/www.todoalfalfa.com.ar\/noticias\/un-espacio-de-aprendizaje-para-el-manejo-de-pasturas\/#primaryimage"},"thumbnailUrl":"https:\/\/i0.wp.com\/www.todoalfalfa.com.ar\/noticias\/wp-content\/uploads\/2017\/09\/festuca_ganaderia1.jpg?fit=777%2C438&ssl=1","keywords":["escuela de pastores","Gentos","manejo","pasturas"],"articleSection":["Generales"],"inLanguage":"es"},{"@type":["WebPage","ItemPage"],"@id":"https:\/\/www.todoalfalfa.com.ar\/noticias\/un-espacio-de-aprendizaje-para-el-manejo-de-pasturas\/","url":"https:\/\/www.todoalfalfa.com.ar\/noticias\/un-espacio-de-aprendizaje-para-el-manejo-de-pasturas\/","name":"Un espacio de aprendizaje para el manejo de pasturas","isPartOf":{"@id":"https:\/\/www.todoalfalfa.com.ar\/noticias\/#website"},"primaryImageOfPage":{"@id":"https:\/\/www.todoalfalfa.com.ar\/noticias\/un-espacio-de-aprendizaje-para-el-manejo-de-pasturas\/#primaryimage"},"image":{"@id":"https:\/\/www.todoalfalfa.com.ar\/noticias\/un-espacio-de-aprendizaje-para-el-manejo-de-pasturas\/#primaryimage"},"thumbnailUrl":"https:\/\/i0.wp.com\/www.todoalfalfa.com.ar\/noticias\/wp-content\/uploads\/2017\/09\/festuca_ganaderia1.jpg?fit=777%2C438&ssl=1","datePublished":"2019-04-15T14:07:05+00:00","dateModified":"2019-04-15T14:07:06+00:00","breadcrumb":{"@id":"https:\/\/www.todoalfalfa.com.ar\/noticias\/un-espacio-de-aprendizaje-para-el-manejo-de-pasturas\/#breadcrumb"},"inLanguage":"es","potentialAction":[{"@type":"ReadAction","target":["https:\/\/www.todoalfalfa.com.ar\/noticias\/un-espacio-de-aprendizaje-para-el-manejo-de-pasturas\/"]}]},{"@type":"ImageObject","inLanguage":"es","@id":"https:\/\/www.todoalfalfa.com.ar\/noticias\/un-espacio-de-aprendizaje-para-el-manejo-de-pasturas\/#primaryimage","url":"https:\/\/i0.wp.com\/www.todoalfalfa.com.ar\/noticias\/wp-content\/uploads\/2017\/09\/festuca_ganaderia1.jpg?fit=777%2C438&ssl=1","contentUrl":"https:\/\/i0.wp.com\/www.todoalfalfa.com.ar\/noticias\/wp-content\/uploads\/2017\/09\/festuca_ganaderia1.jpg?fit=777%2C438&ssl=1","width":777,"height":438},{"@type":"BreadcrumbList","@id":"https:\/\/www.todoalfalfa.com.ar\/noticias\/un-espacio-de-aprendizaje-para-el-manejo-de-pasturas\/#breadcrumb","itemListElement":[{"@type":"ListItem","position":1,"name":"Principal","item":"https:\/\/www.todoalfalfa.com.ar\/noticias\/"},{"@type":"ListItem","position":2,"name":"Un espacio de aprendizaje para el manejo de pasturas"}]},{"@type":"WebSite","@id":"https:\/\/www.todoalfalfa.com.ar\/noticias\/#website","url":"https:\/\/www.todoalfalfa.com.ar\/noticias\/","name":"Todo Alfalfa","description":"Web informativa de la cadena de la alfalfa argentina","publisher":{"@id":"https:\/\/www.todoalfalfa.com.ar\/noticias\/#organization"},"potentialAction":[{"@type":"SearchAction","target":{"@type":"EntryPoint","urlTemplate":"https:\/\/www.todoalfalfa.com.ar\/noticias\/?s={search_term_string}"},"query-input":{"@type":"PropertyValueSpecification","valueRequired":true,"valueName":"search_term_string"}}],"inLanguage":"es"},{"@type":"Organization","@id":"https:\/\/www.todoalfalfa.com.ar\/noticias\/#organization","name":"Todo Alfalfa","url":"https:\/\/www.todoalfalfa.com.ar\/noticias\/","logo":{"@type":"ImageObject","inLanguage":"es","@id":"https:\/\/www.todoalfalfa.com.ar\/noticias\/#\/schema\/logo\/image\/","url":"https:\/\/www.todoalfalfa.com.ar\/noticias\/wp-content\/uploads\/2020\/09\/logo-todo-alfalfa-modificado.png","contentUrl":"https:\/\/www.todoalfalfa.com.ar\/noticias\/wp-content\/uploads\/2020\/09\/logo-todo-alfalfa-modificado.png","width":350,"height":100,"caption":"Todo Alfalfa"},"image":{"@id":"https:\/\/www.todoalfalfa.com.ar\/noticias\/#\/schema\/logo\/image\/"},"sameAs":["https:\/\/www.facebook.com\/todoalfalfa","https:\/\/www.instagram.com\/todoalfalfa","https:\/\/www.youtube.com\/@TodoAlfalfa","https:\/\/www.linkedin.com\/company\/todoalfalfa\/"]},{"@type":"Person","@id":"https:\/\/www.todoalfalfa.com.ar\/noticias\/#\/schema\/person\/4ee4bca9b9fa50c4f0fbaf7017fbf2ad","name":"Todo Alfalfa","image":{"@type":"ImageObject","inLanguage":"es","@id":"https:\/\/www.todoalfalfa.com.ar\/noticias\/#\/schema\/person\/image\/","url":"https:\/\/secure.gravatar.com\/avatar\/4d26a600a1380823a26c3f9cb74ada1a8ee4b482c0c3a616ab022b865c46be8f?s=96&d=mm&r=g","contentUrl":"https:\/\/secure.gravatar.com\/avatar\/4d26a600a1380823a26c3f9cb74ada1a8ee4b482c0c3a616ab022b865c46be8f?s=96&d=mm&r=g","caption":"Todo Alfalfa"},"sameAs":["http:\/\/www.todoalfalfa.com.ar"],"url":"https:\/\/www.todoalfalfa.com.ar\/noticias\/author\/todoalfalfa\/"}]}},"jetpack_featured_media_url":"https:\/\/i0.wp.com\/www.todoalfalfa.com.ar\/noticias\/wp-content\/uploads\/2017\/09\/festuca_ganaderia1.jpg?fit=777%2C438&ssl=1","wps_subtitle":"La firma Gentos lanz\u00f3 \u201cEscuela de Pastores\u201d, una capacitaci\u00f3n orientada al personal de campo que debe tomar decisiones d\u00eda a d\u00eda, y que aspira a manejar eficientemente las pasturas a su cargo.","jetpack_sharing_enabled":true,"_links":{"self":[{"href":"https:\/\/www.todoalfalfa.com.ar\/noticias\/wp-json\/wp\/v2\/posts\/40804","targetHints":{"allow":["GET"]}}],"collection":[{"href":"https:\/\/www.todoalfalfa.com.ar\/noticias\/wp-json\/wp\/v2\/posts"}],"about":[{"href":"https:\/\/www.todoalfalfa.com.ar\/noticias\/wp-json\/wp\/v2\/types\/post"}],"author":[{"embeddable":true,"href":"https:\/\/www.todoalfalfa.com.ar\/noticias\/wp-json\/wp\/v2\/users\/3"}],"replies":[{"embeddable":true,"href":"https:\/\/www.todoalfalfa.com.ar\/noticias\/wp-json\/wp\/v2\/comments?post=40804"}],"version-history":[{"count":0,"href":"https:\/\/www.todoalfalfa.com.ar\/noticias\/wp-json\/wp\/v2\/posts\/40804\/revisions"}],"wp:featuredmedia":[{"embeddable":true,"href":"https:\/\/www.todoalfalfa.com.ar\/noticias\/wp-json\/wp\/v2\/media\/1082"}],"wp:attachment":[{"href":"https:\/\/www.todoalfalfa.com.ar\/noticias\/wp-json\/wp\/v2\/media?parent=40804"}],"wp:term":[{"taxonomy":"category","embeddable":true,"href":"https:\/\/www.todoalfalfa.com.ar\/noticias\/wp-json\/wp\/v2\/categories?post=40804"},{"taxonomy":"post_tag","embeddable":true,"href":"https:\/\/www.todoalfalfa.com.ar\/noticias\/wp-json\/wp\/v2\/tags?post=40804"}],"curies":[{"name":"wp","href":"https:\/\/api.w.org\/{rel}","templated":true}]}}