{"id":40827,"date":"2019-04-22T18:06:25","date_gmt":"2019-04-22T21:06:25","guid":{"rendered":"https:\/\/todoalfalfa.com.ar\/?p=40827"},"modified":"2019-04-22T18:06:26","modified_gmt":"2019-04-22T21:06:26","slug":"la-alfalfa-tiene-equipo-en-santa-fe","status":"publish","type":"post","link":"https:\/\/www.todoalfalfa.com.ar\/noticias\/la-alfalfa-tiene-equipo-en-santa-fe\/","title":{"rendered":"La alfalfa tiene equipo en Santa Fe"},"content":{"rendered":"\n<p>La alfalfa fue, es, y seguir\u00e1 siendo \u201cla reina de las\nforrajeras\u201d. As\u00ed, lo largo del tiempo se consolid\u00f3 como la base pastoril para\nlos rodeos bovinos de nuestra zona tambera por su gran facilidad de producci\u00f3n\nde materia seca de excelente calidad a un costo relativamente bajo, por su\ncapacidad de fijar nitr\u00f3geno, y por su persistencia a trav\u00e9s de varias\ncampa\u00f1as.<\/p>\n\n\n\n<p>Sin embargo, una serie de eventos entre los que se\ndestacan los abruptos cambios en los reg\u00edmenes de lluvia, la intensificaci\u00f3n en\nel pastoreo, el pisoteo excesivo y la subas de las napas, pone en riesgo ese\ntrono incuestionable hasta ahora.<\/p>\n\n\n\n<p>Los productores lo saben y se preguntan c\u00f3mo salir de\neste brete. Los investigadores lo estudian, y ya est\u00e1n trabajando para proponer\nalternativas concretas que permitan mitigar este fen\u00f3meno.<\/p>\n\n\n\n<p><strong>Paso a paso<\/strong><br>El Ing. Agr. Gonzalo Berhongaray (CREA, CONICET), record\u00f3 que el trabajo surgi\u00f3 por la inquietud de los productores. \u201cLas pasturas duraban cada vez menos en ambientes con napa alta, y surgi\u00f3 la posibilidad de estudiar alternativas forrajeras\u201d, destac\u00f3. Y se retrotrajo a fines de 2016, cuando recibieron un subsidio de la UNL y otro de la Provincia para trabajar en alfalfa y sus alternativas pensando en modelos de fertilizaci\u00f3n y el impacto de cada forrajera en el suelo.<\/p>\n\n\n\n<p>\u201cEl trabajo tiene varias etapas: primero descubrir\nespecies que se puedan expresar en la misma medida. De esa forma descubrimos\nalgunas consociadas y leguminosas como el tr\u00e9bol blanco y el tr\u00e9bol rojo, y\nespecies que han evolucionado mucho, como la achicoria\u201d, sostiene. Y agrega que\nese primer ensayo se hizo en microparcelas con corte mec\u00e1nico, pero que luego\navanzaron a este ensayo con parcelas m\u00e1s grandes, ya bajo pastoreo. En la\nactualidad, ese mismo ensayo se est\u00e1 replicando en otros lotes, todo coordinado\npor CREA. \u201cEstos subsidios requieren de acciones especiales con instituciones\nque respalden los objetivos de los ensayos, al ser proyectos de investigaci\u00f3n\norientada. Y en ese sentido, CREA nos ha abierto sus puertas para escalar estas\nexperiencias, avalando que es un problema importante para el sector y\npermiti\u00e9ndonos llevar los resultados a los productores\u201d.<\/p>\n\n\n\n<p><strong>Pasados por agua<\/strong><br>Al estar en la cuenca lechera m\u00e1s grande del pa\u00eds, el tema no es menor para nuestros productores. Las vacas lecheras necesitan alimento, y la alfalfa es la base, pero no debemos olvidar que es originaria de zonas des\u00e9rticas. Por ello, estos fen\u00f3menos clim\u00e1ticos en los que llueven muchos mil\u00edmetros en pocos d\u00edas, comprometen seriamente al cultivo. \u201cA esas situaciones de anegamiento no las tolera, y al durar menos, se necesita sembrarla de nuevo o sembrar otro cultivo, y eso significa m\u00e1s costo donde el escenario no es el mejor\u201d.<\/p>\n\n\n\n<p>El tema es que cualquier evaluaci\u00f3n de forrajeras\nrequiere varios a\u00f1os de trabajo, en los cuales se deben medir la producci\u00f3n y\npersistencia (las plantas que quedan por a\u00f1o).<\/p>\n\n\n\n<p>El otro elemento a medir es el efecto sobre el suelo.\n\u201cEn los tambos, la carga animal ha crecido mucho, y eso significa una presi\u00f3n\nfuerte sobre los suelos, que se han ido compactando, por eso debemos recuperar\nla porosidad y medir la capacidad de absorci\u00f3n del agua de ese suelo\u201d, sostiene\nel investigador.<\/p>\n\n\n\n<p><strong>La aliada del nitr\u00f3geno<\/strong><br>El Ing. Agr. Jos\u00e9 J\u00e1uregui completa el equipo de trabajo, y enfatiz\u00f3 que este trabajo surgi\u00f3 como respuesta a una problem\u00e1tica cada vez m\u00e1s usual en la zona. \u201cEn la regi\u00f3n se vio en 2016: un a\u00f1o extremadamente complejo desde lo climatol\u00f3gico, con 400 mil\u00edmetros con dos meses en los que no sali\u00f3 el sol, y de golpe todas las pasturas y el alimento se empez\u00f3 a perder. Y desde entonces hay una demanda grande de los tamberos para saber c\u00f3mo seguir, y parte de la respuesta vino de la mano de empezar a probar con otras especies\u201d.<\/p>\n\n\n\n<p>En este sentido, J\u00e1uregui reconoce que la alfalfa es\nla especie reina de la forrajeras con un potencial enorme, \u201cy esto tiene que\nver con que las leguminosas (alfalfas y tr\u00e9boles) tienen la capacidad de darnos\ngratis el nitr\u00f3geno del aire\u201d. Se trata del proceso de fijaci\u00f3n biol\u00f3gica a trav\u00e9s\nde las bacterias que se asocian a las ra\u00edces formando n\u00f3dulos que capturan el\nnitr\u00f3geno que est\u00e1 en el aire (el 70 % de la composici\u00f3n de la atm\u00f3sfera es N),\nque la bacteria lo captura y lo utiliza para poder crecer. Todas las plantas\nrequieren Nitr\u00f3geno en cantidad, y gran parte lo pueden obtener del aire, pero\notras especies requieren fertilizaci\u00f3n qu\u00edmica u org\u00e1nica. Las leguminosas\npueden capturar ese N como componente importante dentro de una estructura\nproductiva.<\/p>\n\n\n\n<p>El docente y asesor insiste que en este escenario\nclim\u00e1tico vol\u00e1til vino para quedarse. \u201cLos promedios se mantienen pero llueve\ntodo de golpe, y en una sola precipitaci\u00f3n cae el promedio de varios meses, eso\nle mete presi\u00f3n al sistema, genera un disturbio para la alfalfa, y es necesario\nbuscar alternativas forrajeras tolerantes a situaciones de anegamientos\u201d. De\nall\u00ed que uno de los aspectos centrales del trabajo, tambi\u00e9n apunta a medir el\nimpacto de la fertilizaci\u00f3n en el cultivo.<\/p>\n\n\n\n<p><strong>Trabajo consociado<\/strong><br>Por eso mismo, decidieron trasladar esa inquietud de los productores, a trav\u00e9s de los v\u00ednculos con el Conicet, CREA y la UNL, junto con otras empresas. \u201cSi la alfalfa dura menos, es un costo muy alto para el productor. Entonces apostamos por una mezcla forrajera que se adapte y persista en esas condiciones\u201d.<\/p>\n\n\n\n<p>A la hora de sugerir alternativas, vieron que la\nachicoria era tal vez, la que mejor reflejaba sus intenciones. \u201cMuchos\nproductores todav\u00eda miran con desconfianza a la achicoria. El productor\ntradicional la sigue pensando como una mala palabra, y esto es l\u00f3gico, porque\nantes eran plantas muy postradas y no dejaban crecer nada abajo, pero desde\n1985 se la viene mejorando a nivel gen\u00e9tico con plantas m\u00e1s erectas que\npermiten colocar otras especies\u201d, sostiene. Por eso es importante consociarlas con\nleguminosas, tr\u00e9boles o gram\u00edneas como la cebadilla (perenne) o festucas. \u201cEn\nlos \u00faltimos a\u00f1os se las ha mejorado mucho, y ahora son de mejor aceptables para\nlos rodeos, compiten muy bien con los raigrases\u201d, agrega.<\/p>\n\n\n\n<p><strong>Adaptarse a los cambios<\/strong><br>El camino es largo y todav\u00eda falta mucho por deducir, sobre todo en una zona que desde lo clim\u00e1tico es de transici\u00f3n. \u201cLa principal dificultad de la zona es que es una zona de transici\u00f3n, no es templada ni tropical, y eso hace dif\u00edcil ubicar especies. La festuca -por caso- es para zonas templadas, y en a\u00f1os templados hay que manejarla bien para que persista, pero es una de las especies que estamos trabajando en estos ensayos, junto con productores y entidades\u201d.<\/p>\n\n\n\n<p>Finalmente, ambos coinciden en que en general no\nhablan de remplazar las alfalfas, sino de ubicar cada especie en su lugar. \u201cLa\nciencia sostiene que hay nichos para cada especie. Como la agricultura\nprogres\u00f3, el manejo indica que en los mejores suelos debe mantenerse la\nalfalfa. Pero en los bajos debemos pensar en una alternativa: va a ser m\u00e1s\nbarato y m\u00e1s productivo, y eso se traduce en una raci\u00f3n m\u00e1s barata. Es una\nventaja a nivel cuenca y en el bolsillo del productor\u201d.<\/p>\n\n\n\n<p>El cambio clim\u00e1tico es una realidad que se viene imponiendo; las fluctuaciones son cada vez m\u00e1s intensas, \u201cy nuestro sistema tiene que ser capaz de resistir esos vaivenes\u201d, aseguran. Por eso, aconsejan no sacar a la alfalfa, pero tampoco insistir s\u00f3lo con ella, porque eso trae el riesgo de quedarnos sin nada, y exponer al productor a otro riesgo.<br> <br><em> Fuente: Campolitoral.com.ar<\/em><\/p>\n<div class=\"todoalfalfa-final-de-la-nota\" id=\"todoalfalfa-3261312967\"><a href=\"https:\/\/www.whatsapp.com\/channel\/0029VbCBmFB9WtBxJsD3eC2i\" target=\"_blank\" aria-label=\"5\"><img src=\"https:\/\/i0.wp.com\/www.todoalfalfa.com.ar\/noticias\/wp-content\/uploads\/2026\/04\/5.gif?fit=728%2C90&#038;ssl=1\" alt=\"\"  width=\"728\" height=\"90\"   \/><\/a><\/div>","protected":false},"excerpt":{"rendered":"<p>La alfalfa fue, es, y seguir&aacute; siendo &ldquo;la reina de las forrajeras&rdquo;. As&iacute;, lo largo del tiempo se consolid&oacute; como&#8230;<\/p>\n","protected":false},"author":3,"featured_media":40828,"comment_status":"closed","ping_status":"open","sticky":false,"template":"","format":"standard","meta":{"jetpack_post_was_ever_published":false,"_jetpack_newsletter_access":"","_jetpack_dont_email_post_to_subs":false,"_jetpack_newsletter_tier_id":0,"_jetpack_memberships_contains_paywalled_content":false,"_jetpack_memberships_contains_paid_content":false,"footnotes":""},"categories":[2],"tags":[31,433,87],"class_list":["post-40827","post","type-post","status-publish","format-standard","has-post-thumbnail","hentry","category-generales","tag-alfalfa","tag-equipo","tag-santa-fe"],"yoast_head":"<!-- This site is optimized with the Yoast SEO plugin v25.5 - https:\/\/yoast.com\/wordpress\/plugins\/seo\/ -->\n<title>La alfalfa tiene equipo en Santa Fe<\/title>\n<meta name=\"robots\" content=\"index, follow, max-snippet:-1, max-image-preview:large, max-video-preview:-1\" \/>\n<link rel=\"canonical\" href=\"https:\/\/www.todoalfalfa.com.ar\/noticias\/la-alfalfa-tiene-equipo-en-santa-fe\/\" \/>\n<meta property=\"og:locale\" content=\"es_ES\" \/>\n<meta property=\"og:type\" content=\"article\" \/>\n<meta property=\"og:title\" content=\"La alfalfa tiene equipo en Santa Fe\" \/>\n<meta property=\"og:description\" content=\"La alfalfa fue, es, y seguir&aacute; siendo &ldquo;la reina de las forrajeras&rdquo;. As&iacute;, lo largo del tiempo se consolid&oacute; como...\" \/>\n<meta property=\"og:url\" content=\"https:\/\/www.todoalfalfa.com.ar\/noticias\/la-alfalfa-tiene-equipo-en-santa-fe\/\" \/>\n<meta property=\"og:site_name\" content=\"Todo Alfalfa\" \/>\n<meta property=\"article:publisher\" content=\"https:\/\/www.facebook.com\/todoalfalfa\" \/>\n<meta property=\"article:published_time\" content=\"2019-04-22T21:06:25+00:00\" \/>\n<meta property=\"article:modified_time\" content=\"2019-04-22T21:06:26+00:00\" \/>\n<meta property=\"og:image\" content=\"https:\/\/www.todoalfalfa.com.ar\/noticias\/wp-content\/uploads\/2019\/04\/alfalfa_santafe_equipo.jpg\" \/>\n\t<meta property=\"og:image:width\" content=\"777\" \/>\n\t<meta property=\"og:image:height\" content=\"437\" \/>\n\t<meta property=\"og:image:type\" content=\"image\/jpeg\" \/>\n<meta name=\"author\" content=\"Todo Alfalfa\" \/>\n<meta name=\"twitter:card\" content=\"summary_large_image\" \/>\n<meta name=\"twitter:label1\" content=\"Escrito por\" \/>\n\t<meta name=\"twitter:data1\" content=\"Todo Alfalfa\" \/>\n\t<meta name=\"twitter:label2\" content=\"Tiempo de lectura\" \/>\n\t<meta name=\"twitter:data2\" content=\"7 minutos\" \/>\n<script type=\"application\/ld+json\" class=\"yoast-schema-graph\">{\"@context\":\"https:\/\/schema.org\",\"@graph\":[{\"@type\":\"NewsArticle\",\"@id\":\"https:\/\/www.todoalfalfa.com.ar\/noticias\/la-alfalfa-tiene-equipo-en-santa-fe\/#article\",\"isPartOf\":{\"@id\":\"https:\/\/www.todoalfalfa.com.ar\/noticias\/la-alfalfa-tiene-equipo-en-santa-fe\/\"},\"author\":{\"name\":\"Todo Alfalfa\",\"@id\":\"https:\/\/www.todoalfalfa.com.ar\/noticias\/#\/schema\/person\/4ee4bca9b9fa50c4f0fbaf7017fbf2ad\"},\"headline\":\"La alfalfa tiene equipo en Santa Fe\",\"datePublished\":\"2019-04-22T21:06:25+00:00\",\"dateModified\":\"2019-04-22T21:06:26+00:00\",\"mainEntityOfPage\":{\"@id\":\"https:\/\/www.todoalfalfa.com.ar\/noticias\/la-alfalfa-tiene-equipo-en-santa-fe\/\"},\"wordCount\":1323,\"publisher\":{\"@id\":\"https:\/\/www.todoalfalfa.com.ar\/noticias\/#organization\"},\"image\":{\"@id\":\"https:\/\/www.todoalfalfa.com.ar\/noticias\/la-alfalfa-tiene-equipo-en-santa-fe\/#primaryimage\"},\"thumbnailUrl\":\"https:\/\/i0.wp.com\/www.todoalfalfa.com.ar\/noticias\/wp-content\/uploads\/2019\/04\/alfalfa_santafe_equipo.jpg?fit=777%2C437&ssl=1\",\"keywords\":[\"alfalfa\",\"equipo\",\"Santa Fe\"],\"articleSection\":[\"Generales\"],\"inLanguage\":\"es\"},{\"@type\":[\"WebPage\",\"ItemPage\"],\"@id\":\"https:\/\/www.todoalfalfa.com.ar\/noticias\/la-alfalfa-tiene-equipo-en-santa-fe\/\",\"url\":\"https:\/\/www.todoalfalfa.com.ar\/noticias\/la-alfalfa-tiene-equipo-en-santa-fe\/\",\"name\":\"La alfalfa tiene equipo en Santa Fe\",\"isPartOf\":{\"@id\":\"https:\/\/www.todoalfalfa.com.ar\/noticias\/#website\"},\"primaryImageOfPage\":{\"@id\":\"https:\/\/www.todoalfalfa.com.ar\/noticias\/la-alfalfa-tiene-equipo-en-santa-fe\/#primaryimage\"},\"image\":{\"@id\":\"https:\/\/www.todoalfalfa.com.ar\/noticias\/la-alfalfa-tiene-equipo-en-santa-fe\/#primaryimage\"},\"thumbnailUrl\":\"https:\/\/i0.wp.com\/www.todoalfalfa.com.ar\/noticias\/wp-content\/uploads\/2019\/04\/alfalfa_santafe_equipo.jpg?fit=777%2C437&ssl=1\",\"datePublished\":\"2019-04-22T21:06:25+00:00\",\"dateModified\":\"2019-04-22T21:06:26+00:00\",\"breadcrumb\":{\"@id\":\"https:\/\/www.todoalfalfa.com.ar\/noticias\/la-alfalfa-tiene-equipo-en-santa-fe\/#breadcrumb\"},\"inLanguage\":\"es\",\"potentialAction\":[{\"@type\":\"ReadAction\",\"target\":[\"https:\/\/www.todoalfalfa.com.ar\/noticias\/la-alfalfa-tiene-equipo-en-santa-fe\/\"]}]},{\"@type\":\"ImageObject\",\"inLanguage\":\"es\",\"@id\":\"https:\/\/www.todoalfalfa.com.ar\/noticias\/la-alfalfa-tiene-equipo-en-santa-fe\/#primaryimage\",\"url\":\"https:\/\/i0.wp.com\/www.todoalfalfa.com.ar\/noticias\/wp-content\/uploads\/2019\/04\/alfalfa_santafe_equipo.jpg?fit=777%2C437&ssl=1\",\"contentUrl\":\"https:\/\/i0.wp.com\/www.todoalfalfa.com.ar\/noticias\/wp-content\/uploads\/2019\/04\/alfalfa_santafe_equipo.jpg?fit=777%2C437&ssl=1\",\"width\":777,\"height\":437,\"caption\":\"Berhongaray y Jauregui\"},{\"@type\":\"BreadcrumbList\",\"@id\":\"https:\/\/www.todoalfalfa.com.ar\/noticias\/la-alfalfa-tiene-equipo-en-santa-fe\/#breadcrumb\",\"itemListElement\":[{\"@type\":\"ListItem\",\"position\":1,\"name\":\"Principal\",\"item\":\"https:\/\/www.todoalfalfa.com.ar\/noticias\/\"},{\"@type\":\"ListItem\",\"position\":2,\"name\":\"La alfalfa tiene equipo en Santa Fe\"}]},{\"@type\":\"WebSite\",\"@id\":\"https:\/\/www.todoalfalfa.com.ar\/noticias\/#website\",\"url\":\"https:\/\/www.todoalfalfa.com.ar\/noticias\/\",\"name\":\"Todo Alfalfa\",\"description\":\"Web informativa de la cadena de la alfalfa argentina\",\"publisher\":{\"@id\":\"https:\/\/www.todoalfalfa.com.ar\/noticias\/#organization\"},\"potentialAction\":[{\"@type\":\"SearchAction\",\"target\":{\"@type\":\"EntryPoint\",\"urlTemplate\":\"https:\/\/www.todoalfalfa.com.ar\/noticias\/?s={search_term_string}\"},\"query-input\":{\"@type\":\"PropertyValueSpecification\",\"valueRequired\":true,\"valueName\":\"search_term_string\"}}],\"inLanguage\":\"es\"},{\"@type\":\"Organization\",\"@id\":\"https:\/\/www.todoalfalfa.com.ar\/noticias\/#organization\",\"name\":\"Todo Alfalfa\",\"url\":\"https:\/\/www.todoalfalfa.com.ar\/noticias\/\",\"logo\":{\"@type\":\"ImageObject\",\"inLanguage\":\"es\",\"@id\":\"https:\/\/www.todoalfalfa.com.ar\/noticias\/#\/schema\/logo\/image\/\",\"url\":\"https:\/\/www.todoalfalfa.com.ar\/noticias\/wp-content\/uploads\/2020\/09\/logo-todo-alfalfa-modificado.png\",\"contentUrl\":\"https:\/\/www.todoalfalfa.com.ar\/noticias\/wp-content\/uploads\/2020\/09\/logo-todo-alfalfa-modificado.png\",\"width\":350,\"height\":100,\"caption\":\"Todo Alfalfa\"},\"image\":{\"@id\":\"https:\/\/www.todoalfalfa.com.ar\/noticias\/#\/schema\/logo\/image\/\"},\"sameAs\":[\"https:\/\/www.facebook.com\/todoalfalfa\",\"https:\/\/www.instagram.com\/todoalfalfa\",\"https:\/\/www.youtube.com\/@TodoAlfalfa\",\"https:\/\/www.linkedin.com\/company\/todoalfalfa\/\"]},{\"@type\":\"Person\",\"@id\":\"https:\/\/www.todoalfalfa.com.ar\/noticias\/#\/schema\/person\/4ee4bca9b9fa50c4f0fbaf7017fbf2ad\",\"name\":\"Todo Alfalfa\",\"image\":{\"@type\":\"ImageObject\",\"inLanguage\":\"es\",\"@id\":\"https:\/\/www.todoalfalfa.com.ar\/noticias\/#\/schema\/person\/image\/\",\"url\":\"https:\/\/secure.gravatar.com\/avatar\/4d26a600a1380823a26c3f9cb74ada1a8ee4b482c0c3a616ab022b865c46be8f?s=96&d=mm&r=g\",\"contentUrl\":\"https:\/\/secure.gravatar.com\/avatar\/4d26a600a1380823a26c3f9cb74ada1a8ee4b482c0c3a616ab022b865c46be8f?s=96&d=mm&r=g\",\"caption\":\"Todo Alfalfa\"},\"sameAs\":[\"http:\/\/www.todoalfalfa.com.ar\"],\"url\":\"https:\/\/www.todoalfalfa.com.ar\/noticias\/author\/todoalfalfa\/\"}]}<\/script>\n<!-- \/ Yoast SEO plugin. -->","yoast_head_json":{"title":"La alfalfa tiene equipo en Santa Fe","robots":{"index":"index","follow":"follow","max-snippet":"max-snippet:-1","max-image-preview":"max-image-preview:large","max-video-preview":"max-video-preview:-1"},"canonical":"https:\/\/www.todoalfalfa.com.ar\/noticias\/la-alfalfa-tiene-equipo-en-santa-fe\/","og_locale":"es_ES","og_type":"article","og_title":"La alfalfa tiene equipo en Santa Fe","og_description":"La alfalfa fue, es, y seguir&aacute; siendo &ldquo;la reina de las forrajeras&rdquo;. As&iacute;, lo largo del tiempo se consolid&oacute; como...","og_url":"https:\/\/www.todoalfalfa.com.ar\/noticias\/la-alfalfa-tiene-equipo-en-santa-fe\/","og_site_name":"Todo Alfalfa","article_publisher":"https:\/\/www.facebook.com\/todoalfalfa","article_published_time":"2019-04-22T21:06:25+00:00","article_modified_time":"2019-04-22T21:06:26+00:00","og_image":[{"width":777,"height":437,"url":"https:\/\/www.todoalfalfa.com.ar\/noticias\/wp-content\/uploads\/2019\/04\/alfalfa_santafe_equipo.jpg","type":"image\/jpeg"}],"author":"Todo Alfalfa","twitter_card":"summary_large_image","twitter_misc":{"Escrito por":"Todo Alfalfa","Tiempo de lectura":"7 minutos"},"schema":{"@context":"https:\/\/schema.org","@graph":[{"@type":"NewsArticle","@id":"https:\/\/www.todoalfalfa.com.ar\/noticias\/la-alfalfa-tiene-equipo-en-santa-fe\/#article","isPartOf":{"@id":"https:\/\/www.todoalfalfa.com.ar\/noticias\/la-alfalfa-tiene-equipo-en-santa-fe\/"},"author":{"name":"Todo Alfalfa","@id":"https:\/\/www.todoalfalfa.com.ar\/noticias\/#\/schema\/person\/4ee4bca9b9fa50c4f0fbaf7017fbf2ad"},"headline":"La alfalfa tiene equipo en Santa Fe","datePublished":"2019-04-22T21:06:25+00:00","dateModified":"2019-04-22T21:06:26+00:00","mainEntityOfPage":{"@id":"https:\/\/www.todoalfalfa.com.ar\/noticias\/la-alfalfa-tiene-equipo-en-santa-fe\/"},"wordCount":1323,"publisher":{"@id":"https:\/\/www.todoalfalfa.com.ar\/noticias\/#organization"},"image":{"@id":"https:\/\/www.todoalfalfa.com.ar\/noticias\/la-alfalfa-tiene-equipo-en-santa-fe\/#primaryimage"},"thumbnailUrl":"https:\/\/i0.wp.com\/www.todoalfalfa.com.ar\/noticias\/wp-content\/uploads\/2019\/04\/alfalfa_santafe_equipo.jpg?fit=777%2C437&ssl=1","keywords":["alfalfa","equipo","Santa Fe"],"articleSection":["Generales"],"inLanguage":"es"},{"@type":["WebPage","ItemPage"],"@id":"https:\/\/www.todoalfalfa.com.ar\/noticias\/la-alfalfa-tiene-equipo-en-santa-fe\/","url":"https:\/\/www.todoalfalfa.com.ar\/noticias\/la-alfalfa-tiene-equipo-en-santa-fe\/","name":"La alfalfa tiene equipo en Santa Fe","isPartOf":{"@id":"https:\/\/www.todoalfalfa.com.ar\/noticias\/#website"},"primaryImageOfPage":{"@id":"https:\/\/www.todoalfalfa.com.ar\/noticias\/la-alfalfa-tiene-equipo-en-santa-fe\/#primaryimage"},"image":{"@id":"https:\/\/www.todoalfalfa.com.ar\/noticias\/la-alfalfa-tiene-equipo-en-santa-fe\/#primaryimage"},"thumbnailUrl":"https:\/\/i0.wp.com\/www.todoalfalfa.com.ar\/noticias\/wp-content\/uploads\/2019\/04\/alfalfa_santafe_equipo.jpg?fit=777%2C437&ssl=1","datePublished":"2019-04-22T21:06:25+00:00","dateModified":"2019-04-22T21:06:26+00:00","breadcrumb":{"@id":"https:\/\/www.todoalfalfa.com.ar\/noticias\/la-alfalfa-tiene-equipo-en-santa-fe\/#breadcrumb"},"inLanguage":"es","potentialAction":[{"@type":"ReadAction","target":["https:\/\/www.todoalfalfa.com.ar\/noticias\/la-alfalfa-tiene-equipo-en-santa-fe\/"]}]},{"@type":"ImageObject","inLanguage":"es","@id":"https:\/\/www.todoalfalfa.com.ar\/noticias\/la-alfalfa-tiene-equipo-en-santa-fe\/#primaryimage","url":"https:\/\/i0.wp.com\/www.todoalfalfa.com.ar\/noticias\/wp-content\/uploads\/2019\/04\/alfalfa_santafe_equipo.jpg?fit=777%2C437&ssl=1","contentUrl":"https:\/\/i0.wp.com\/www.todoalfalfa.com.ar\/noticias\/wp-content\/uploads\/2019\/04\/alfalfa_santafe_equipo.jpg?fit=777%2C437&ssl=1","width":777,"height":437,"caption":"Berhongaray y Jauregui"},{"@type":"BreadcrumbList","@id":"https:\/\/www.todoalfalfa.com.ar\/noticias\/la-alfalfa-tiene-equipo-en-santa-fe\/#breadcrumb","itemListElement":[{"@type":"ListItem","position":1,"name":"Principal","item":"https:\/\/www.todoalfalfa.com.ar\/noticias\/"},{"@type":"ListItem","position":2,"name":"La alfalfa tiene equipo en Santa Fe"}]},{"@type":"WebSite","@id":"https:\/\/www.todoalfalfa.com.ar\/noticias\/#website","url":"https:\/\/www.todoalfalfa.com.ar\/noticias\/","name":"Todo Alfalfa","description":"Web informativa de la cadena de la alfalfa argentina","publisher":{"@id":"https:\/\/www.todoalfalfa.com.ar\/noticias\/#organization"},"potentialAction":[{"@type":"SearchAction","target":{"@type":"EntryPoint","urlTemplate":"https:\/\/www.todoalfalfa.com.ar\/noticias\/?s={search_term_string}"},"query-input":{"@type":"PropertyValueSpecification","valueRequired":true,"valueName":"search_term_string"}}],"inLanguage":"es"},{"@type":"Organization","@id":"https:\/\/www.todoalfalfa.com.ar\/noticias\/#organization","name":"Todo Alfalfa","url":"https:\/\/www.todoalfalfa.com.ar\/noticias\/","logo":{"@type":"ImageObject","inLanguage":"es","@id":"https:\/\/www.todoalfalfa.com.ar\/noticias\/#\/schema\/logo\/image\/","url":"https:\/\/www.todoalfalfa.com.ar\/noticias\/wp-content\/uploads\/2020\/09\/logo-todo-alfalfa-modificado.png","contentUrl":"https:\/\/www.todoalfalfa.com.ar\/noticias\/wp-content\/uploads\/2020\/09\/logo-todo-alfalfa-modificado.png","width":350,"height":100,"caption":"Todo Alfalfa"},"image":{"@id":"https:\/\/www.todoalfalfa.com.ar\/noticias\/#\/schema\/logo\/image\/"},"sameAs":["https:\/\/www.facebook.com\/todoalfalfa","https:\/\/www.instagram.com\/todoalfalfa","https:\/\/www.youtube.com\/@TodoAlfalfa","https:\/\/www.linkedin.com\/company\/todoalfalfa\/"]},{"@type":"Person","@id":"https:\/\/www.todoalfalfa.com.ar\/noticias\/#\/schema\/person\/4ee4bca9b9fa50c4f0fbaf7017fbf2ad","name":"Todo Alfalfa","image":{"@type":"ImageObject","inLanguage":"es","@id":"https:\/\/www.todoalfalfa.com.ar\/noticias\/#\/schema\/person\/image\/","url":"https:\/\/secure.gravatar.com\/avatar\/4d26a600a1380823a26c3f9cb74ada1a8ee4b482c0c3a616ab022b865c46be8f?s=96&d=mm&r=g","contentUrl":"https:\/\/secure.gravatar.com\/avatar\/4d26a600a1380823a26c3f9cb74ada1a8ee4b482c0c3a616ab022b865c46be8f?s=96&d=mm&r=g","caption":"Todo Alfalfa"},"sameAs":["http:\/\/www.todoalfalfa.com.ar"],"url":"https:\/\/www.todoalfalfa.com.ar\/noticias\/author\/todoalfalfa\/"}]}},"jetpack_featured_media_url":"https:\/\/i0.wp.com\/www.todoalfalfa.com.ar\/noticias\/wp-content\/uploads\/2019\/04\/alfalfa_santafe_equipo.jpg?fit=777%2C437&ssl=1","wps_subtitle":"Un equipo de investigadores desarrolla alternativas alimenticias pastoriles para el tambo, que permiten resistir la altura de las napas. Buscan complementar al cultivo base de los rodeos lecheros en tiempos de volatilidad clim\u00e1tica.","jetpack_sharing_enabled":true,"_links":{"self":[{"href":"https:\/\/www.todoalfalfa.com.ar\/noticias\/wp-json\/wp\/v2\/posts\/40827","targetHints":{"allow":["GET"]}}],"collection":[{"href":"https:\/\/www.todoalfalfa.com.ar\/noticias\/wp-json\/wp\/v2\/posts"}],"about":[{"href":"https:\/\/www.todoalfalfa.com.ar\/noticias\/wp-json\/wp\/v2\/types\/post"}],"author":[{"embeddable":true,"href":"https:\/\/www.todoalfalfa.com.ar\/noticias\/wp-json\/wp\/v2\/users\/3"}],"replies":[{"embeddable":true,"href":"https:\/\/www.todoalfalfa.com.ar\/noticias\/wp-json\/wp\/v2\/comments?post=40827"}],"version-history":[{"count":0,"href":"https:\/\/www.todoalfalfa.com.ar\/noticias\/wp-json\/wp\/v2\/posts\/40827\/revisions"}],"wp:featuredmedia":[{"embeddable":true,"href":"https:\/\/www.todoalfalfa.com.ar\/noticias\/wp-json\/wp\/v2\/media\/40828"}],"wp:attachment":[{"href":"https:\/\/www.todoalfalfa.com.ar\/noticias\/wp-json\/wp\/v2\/media?parent=40827"}],"wp:term":[{"taxonomy":"category","embeddable":true,"href":"https:\/\/www.todoalfalfa.com.ar\/noticias\/wp-json\/wp\/v2\/categories?post=40827"},{"taxonomy":"post_tag","embeddable":true,"href":"https:\/\/www.todoalfalfa.com.ar\/noticias\/wp-json\/wp\/v2\/tags?post=40827"}],"curies":[{"name":"wp","href":"https:\/\/api.w.org\/{rel}","templated":true}]}}