{"id":41001,"date":"2019-06-05T18:23:10","date_gmt":"2019-06-05T21:23:10","guid":{"rendered":"https:\/\/todoalfalfa.com.ar\/?p=41001"},"modified":"2019-06-05T18:23:11","modified_gmt":"2019-06-05T21:23:11","slug":"la-maquinaria-se-movio-al-ritmo-de-la-alfalfa-en-oncativo","status":"publish","type":"post","link":"https:\/\/www.todoalfalfa.com.ar\/noticias\/la-maquinaria-se-movio-al-ritmo-de-la-alfalfa-en-oncativo\/","title":{"rendered":"La maquinaria se movi\u00f3 al ritmo de la alfalfa en Oncativo"},"content":{"rendered":"\n<p>La jornada tuvo lugar en el Campo Experimental de CLAAS\nArgentina en la localidad cordobesa de Oncativo el d\u00eda 25 de mayo.&nbsp; La primera parada a campo puso el foco en la\nalfalfa, cultivo con el que la Argentina logr\u00f3 aumentar exponencialmente su\nparticipaci\u00f3n en el mercado mundial, pasando de 4.200 a 45.000 toneladas\nexportadas en la \u00faltima d\u00e9cada. <\/p>\n\n\n\n<p>Gast\u00f3n Urrets Zaval\u00eda, del INTA Manfredi, remarc\u00f3 la gran\noportunidad que se presenta a nivel global. \u201cLa demanda de heno alcanza las\n8.491.000 toneladas y se ha experimentado un crecimiento notable. En los\n\u00faltimos 10 a\u00f1os se&nbsp; increment\u00f3 un 50% la demanda y un 95% su precio y la\nArgentina es el pa\u00eds que m\u00e1s posibilidades tiene de incrementar esa oferta\u201d,\ndetall\u00f3. <\/p>\n\n\n\n<p>Entre los desaf\u00edos que existen por delante, Urrets Zaval\u00eda puso el foco en la calidad del heno: \u201cSe requiere un 18% m\u00ednimo de prote\u00edna, cuando la Argentina tiene un promedio del 15%. El porcentaje de humedad es otro punto cr\u00edtico para la producci\u00f3n argentina, que tiene un 12%. El trabajo que se hace con el rastrillo es fundamental para bajar la humedad\u201d. Seg\u00fan el especialista, hay que cambiar el chip para poder exportar.<br> <\/p>\n\n\n\n<p><strong>Las din\u00e1micas<\/strong><br>Las din\u00e1micas se llevaron a cabo sobre Mecha, la alfalfa Grupo 9 de KWS. Gast\u00f3n A\u00f1ez, de la semillera, dijo que es ideal para sistemas intensivos y posee un excelente perfil sanitario.\u00a0 Alcanza una elevada productividad, de entre 2800 y 3000 kilos de materia seca por corte.<br> <br>Entre las maquinarias que se vieron en acci\u00f3n en Oncativo estuvo el tractor AXION 930 de CLAAS, con la segadora DISCO de tres cuerpos: uno delantero (Disco 3600 FRC) y dos traseros (Disco 1100 RC). La gran ventaja de este equipo es el ancho de corte de 10,70 metros que permite duplicar en cada pasada la capacidad de trabajo respecto a cualquier segadora autopropulsada. Supera las 15 hect\u00e1reas por hora de corte y disminuye en un litro por hect\u00e1rea el consumo de combustible al transitar menos cantidad de veces en el lote para efectuar la tarea. La alta capacidad de trabajo est\u00e1 acompa\u00f1ada de una excelente calidad de corte. Esto se debe a que el equipo cuenta con un sistema de cambio r\u00e1pido de cuchillas sin tornillos que permite conservar f\u00e1cilmente el filo, adem\u00e1s de un sistema de acondicionadores de goma que aceleran la tasa de secado de los tallos.<br> <br>De la misma din\u00e1mica particip\u00f3 la segadora Mainero 6071 con acondicionador, que se destaca por su maniobrabilidad y dise\u00f1o de tiro central. Detr\u00e1s de las segadoras, la escena fue del rastrillo girosc\u00f3pico LINER 3600 de CLAAS, de andana central, con un rango de 9,90 a 12,50 metros en una sola pasada. Sus cuatro gir\u00f3scopos evitan el rozamiento de las horquillas con la tierra y es ideal para confeccionar silos de alfalfa y megafardos. A continuaci\u00f3n, el mezclador horizontal Mainero 2932 se encarg\u00f3 de procesar rollos.\u00a0\u00a0\u00a0<br> <br> A continuaci\u00f3n, Luciano Casal\u00a0 de Jacto se refiri\u00f3 a las ventajas y caracter\u00edsticas de la pulverizadora Uniport 3000. \u201cPosee una trocha variable de 2,60 a 3,15 metros y bomba de pist\u00f3n con larga vida \u00fatil que permite trabajar con altas y bajas presiones. Cuenta con un agitador mec\u00e1nico\u201d, describi\u00f3.<br> <br> Pablo Ferradas se explay\u00f3 sobre la fertilizadora Uniport 5030, con un ancho de labor de hasta 50 metros. \u201cSu chasis remachado y abulonado tiene un bajo peso y flexibilidad. Se adapta a cualquier condici\u00f3n de terreno con un control de tracci\u00f3n independiente en cada rueda. Mayor vida \u00fatil del motor y bajo consumo de combustible, de 350 cent\u00edmetros en campo plano\u201d, coment\u00f3. A su vez, remarc\u00f3 que el control de dosis es hecho autom\u00e1ticamente por medio de la rotaci\u00f3n de la banda transportadora y de la apertura de las compuertas dosificadoras dobles, \u00a0de acuerdo a la velocidad de trabajo y de la franja de aplicaci\u00f3n. La precisi\u00f3n en la aplicaci\u00f3n evita desperdicios por sobredosificaci\u00f3n o subdosificaci\u00f3n.<\/p>\n<div class=\"todoalfalfa-final-de-la-nota\" id=\"todoalfalfa-2162083507\"><a href=\"https:\/\/www.whatsapp.com\/channel\/0029VbCBmFB9WtBxJsD3eC2i\" target=\"_blank\" aria-label=\"5\"><img src=\"https:\/\/i0.wp.com\/www.todoalfalfa.com.ar\/noticias\/wp-content\/uploads\/2026\/04\/5.gif?fit=728%2C90&#038;ssl=1\" alt=\"\"  width=\"728\" height=\"90\"   \/><\/a><\/div>","protected":false},"excerpt":{"rendered":"<p>La jornada tuvo lugar en el Campo Experimental de CLAAS Argentina en la localidad cordobesa de Oncativo el d&iacute;a 25&#8230;<\/p>\n","protected":false},"author":3,"featured_media":41002,"comment_status":"closed","ping_status":"open","sticky":false,"template":"","format":"standard","meta":{"jetpack_post_was_ever_published":false,"_jetpack_newsletter_access":"","_jetpack_dont_email_post_to_subs":false,"_jetpack_newsletter_tier_id":0,"_jetpack_memberships_contains_paywalled_content":false,"_jetpack_memberships_contains_paid_content":false,"footnotes":""},"categories":[2],"tags":[501,31,626,605,368,382],"class_list":["post-41001","post","type-post","status-publish","format-standard","has-post-thumbnail","hentry","category-generales","tag-501","tag-alfalfa","tag-claas-argentina","tag-maquinaria","tag-mayo","tag-oncativo"],"yoast_head":"<!-- This site is optimized with the Yoast SEO plugin v25.5 - https:\/\/yoast.com\/wordpress\/plugins\/seo\/ -->\n<title>La maquinaria se movi\u00f3 al ritmo de la alfalfa en Oncativo<\/title>\n<meta name=\"robots\" content=\"index, follow, max-snippet:-1, max-image-preview:large, max-video-preview:-1\" \/>\n<link rel=\"canonical\" href=\"https:\/\/www.todoalfalfa.com.ar\/noticias\/la-maquinaria-se-movio-al-ritmo-de-la-alfalfa-en-oncativo\/\" \/>\n<meta property=\"og:locale\" content=\"es_ES\" \/>\n<meta property=\"og:type\" content=\"article\" \/>\n<meta property=\"og:title\" content=\"La maquinaria se movi\u00f3 al ritmo de la alfalfa en Oncativo\" \/>\n<meta property=\"og:description\" content=\"La jornada tuvo lugar en el Campo Experimental de CLAAS Argentina en la localidad cordobesa de Oncativo el d&iacute;a 25...\" \/>\n<meta property=\"og:url\" content=\"https:\/\/www.todoalfalfa.com.ar\/noticias\/la-maquinaria-se-movio-al-ritmo-de-la-alfalfa-en-oncativo\/\" \/>\n<meta property=\"og:site_name\" content=\"Todo Alfalfa\" \/>\n<meta property=\"article:publisher\" content=\"https:\/\/www.facebook.com\/todoalfalfa\" \/>\n<meta property=\"article:published_time\" content=\"2019-06-05T21:23:10+00:00\" \/>\n<meta property=\"article:modified_time\" content=\"2019-06-05T21:23:11+00:00\" \/>\n<meta property=\"og:image\" content=\"https:\/\/www.todoalfalfa.com.ar\/noticias\/wp-content\/uploads\/2019\/06\/rastrillo_alfalfa.jpg\" \/>\n\t<meta property=\"og:image:width\" content=\"777\" \/>\n\t<meta property=\"og:image:height\" content=\"437\" \/>\n\t<meta property=\"og:image:type\" content=\"image\/jpeg\" \/>\n<meta name=\"author\" content=\"Todo Alfalfa\" \/>\n<meta name=\"twitter:card\" content=\"summary_large_image\" \/>\n<meta name=\"twitter:label1\" content=\"Escrito por\" \/>\n\t<meta name=\"twitter:data1\" content=\"Todo Alfalfa\" \/>\n\t<meta name=\"twitter:label2\" content=\"Tiempo de lectura\" \/>\n\t<meta name=\"twitter:data2\" content=\"3 minutos\" \/>\n<script type=\"application\/ld+json\" class=\"yoast-schema-graph\">{\"@context\":\"https:\/\/schema.org\",\"@graph\":[{\"@type\":\"NewsArticle\",\"@id\":\"https:\/\/www.todoalfalfa.com.ar\/noticias\/la-maquinaria-se-movio-al-ritmo-de-la-alfalfa-en-oncativo\/#article\",\"isPartOf\":{\"@id\":\"https:\/\/www.todoalfalfa.com.ar\/noticias\/la-maquinaria-se-movio-al-ritmo-de-la-alfalfa-en-oncativo\/\"},\"author\":{\"name\":\"Todo Alfalfa\",\"@id\":\"https:\/\/www.todoalfalfa.com.ar\/noticias\/#\/schema\/person\/4ee4bca9b9fa50c4f0fbaf7017fbf2ad\"},\"headline\":\"La maquinaria se movi\u00f3 al ritmo de la alfalfa en Oncativo\",\"datePublished\":\"2019-06-05T21:23:10+00:00\",\"dateModified\":\"2019-06-05T21:23:11+00:00\",\"mainEntityOfPage\":{\"@id\":\"https:\/\/www.todoalfalfa.com.ar\/noticias\/la-maquinaria-se-movio-al-ritmo-de-la-alfalfa-en-oncativo\/\"},\"wordCount\":673,\"publisher\":{\"@id\":\"https:\/\/www.todoalfalfa.com.ar\/noticias\/#organization\"},\"image\":{\"@id\":\"https:\/\/www.todoalfalfa.com.ar\/noticias\/la-maquinaria-se-movio-al-ritmo-de-la-alfalfa-en-oncativo\/#primaryimage\"},\"thumbnailUrl\":\"https:\/\/i0.wp.com\/www.todoalfalfa.com.ar\/noticias\/wp-content\/uploads\/2019\/06\/rastrillo_alfalfa.jpg?fit=777%2C437&ssl=1\",\"keywords\":[\"2019\",\"alfalfa\",\"Claas Argentina\",\"maquinaria\",\"mayo\",\"Oncativo\"],\"articleSection\":[\"Generales\"],\"inLanguage\":\"es\"},{\"@type\":[\"WebPage\",\"ItemPage\"],\"@id\":\"https:\/\/www.todoalfalfa.com.ar\/noticias\/la-maquinaria-se-movio-al-ritmo-de-la-alfalfa-en-oncativo\/\",\"url\":\"https:\/\/www.todoalfalfa.com.ar\/noticias\/la-maquinaria-se-movio-al-ritmo-de-la-alfalfa-en-oncativo\/\",\"name\":\"La maquinaria se movi\u00f3 al ritmo de la alfalfa en Oncativo\",\"isPartOf\":{\"@id\":\"https:\/\/www.todoalfalfa.com.ar\/noticias\/#website\"},\"primaryImageOfPage\":{\"@id\":\"https:\/\/www.todoalfalfa.com.ar\/noticias\/la-maquinaria-se-movio-al-ritmo-de-la-alfalfa-en-oncativo\/#primaryimage\"},\"image\":{\"@id\":\"https:\/\/www.todoalfalfa.com.ar\/noticias\/la-maquinaria-se-movio-al-ritmo-de-la-alfalfa-en-oncativo\/#primaryimage\"},\"thumbnailUrl\":\"https:\/\/i0.wp.com\/www.todoalfalfa.com.ar\/noticias\/wp-content\/uploads\/2019\/06\/rastrillo_alfalfa.jpg?fit=777%2C437&ssl=1\",\"datePublished\":\"2019-06-05T21:23:10+00:00\",\"dateModified\":\"2019-06-05T21:23:11+00:00\",\"breadcrumb\":{\"@id\":\"https:\/\/www.todoalfalfa.com.ar\/noticias\/la-maquinaria-se-movio-al-ritmo-de-la-alfalfa-en-oncativo\/#breadcrumb\"},\"inLanguage\":\"es\",\"potentialAction\":[{\"@type\":\"ReadAction\",\"target\":[\"https:\/\/www.todoalfalfa.com.ar\/noticias\/la-maquinaria-se-movio-al-ritmo-de-la-alfalfa-en-oncativo\/\"]}]},{\"@type\":\"ImageObject\",\"inLanguage\":\"es\",\"@id\":\"https:\/\/www.todoalfalfa.com.ar\/noticias\/la-maquinaria-se-movio-al-ritmo-de-la-alfalfa-en-oncativo\/#primaryimage\",\"url\":\"https:\/\/i0.wp.com\/www.todoalfalfa.com.ar\/noticias\/wp-content\/uploads\/2019\/06\/rastrillo_alfalfa.jpg?fit=777%2C437&ssl=1\",\"contentUrl\":\"https:\/\/i0.wp.com\/www.todoalfalfa.com.ar\/noticias\/wp-content\/uploads\/2019\/06\/rastrillo_alfalfa.jpg?fit=777%2C437&ssl=1\",\"width\":777,\"height\":437},{\"@type\":\"BreadcrumbList\",\"@id\":\"https:\/\/www.todoalfalfa.com.ar\/noticias\/la-maquinaria-se-movio-al-ritmo-de-la-alfalfa-en-oncativo\/#breadcrumb\",\"itemListElement\":[{\"@type\":\"ListItem\",\"position\":1,\"name\":\"Principal\",\"item\":\"https:\/\/www.todoalfalfa.com.ar\/noticias\/\"},{\"@type\":\"ListItem\",\"position\":2,\"name\":\"La maquinaria se movi\u00f3 al ritmo de la alfalfa en Oncativo\"}]},{\"@type\":\"WebSite\",\"@id\":\"https:\/\/www.todoalfalfa.com.ar\/noticias\/#website\",\"url\":\"https:\/\/www.todoalfalfa.com.ar\/noticias\/\",\"name\":\"Todo Alfalfa\",\"description\":\"Web informativa de la cadena de la alfalfa argentina\",\"publisher\":{\"@id\":\"https:\/\/www.todoalfalfa.com.ar\/noticias\/#organization\"},\"potentialAction\":[{\"@type\":\"SearchAction\",\"target\":{\"@type\":\"EntryPoint\",\"urlTemplate\":\"https:\/\/www.todoalfalfa.com.ar\/noticias\/?s={search_term_string}\"},\"query-input\":{\"@type\":\"PropertyValueSpecification\",\"valueRequired\":true,\"valueName\":\"search_term_string\"}}],\"inLanguage\":\"es\"},{\"@type\":\"Organization\",\"@id\":\"https:\/\/www.todoalfalfa.com.ar\/noticias\/#organization\",\"name\":\"Todo Alfalfa\",\"url\":\"https:\/\/www.todoalfalfa.com.ar\/noticias\/\",\"logo\":{\"@type\":\"ImageObject\",\"inLanguage\":\"es\",\"@id\":\"https:\/\/www.todoalfalfa.com.ar\/noticias\/#\/schema\/logo\/image\/\",\"url\":\"https:\/\/www.todoalfalfa.com.ar\/noticias\/wp-content\/uploads\/2020\/09\/logo-todo-alfalfa-modificado.png\",\"contentUrl\":\"https:\/\/www.todoalfalfa.com.ar\/noticias\/wp-content\/uploads\/2020\/09\/logo-todo-alfalfa-modificado.png\",\"width\":350,\"height\":100,\"caption\":\"Todo Alfalfa\"},\"image\":{\"@id\":\"https:\/\/www.todoalfalfa.com.ar\/noticias\/#\/schema\/logo\/image\/\"},\"sameAs\":[\"https:\/\/www.facebook.com\/todoalfalfa\",\"https:\/\/www.instagram.com\/todoalfalfa\",\"https:\/\/www.youtube.com\/@TodoAlfalfa\",\"https:\/\/www.linkedin.com\/company\/todoalfalfa\/\"]},{\"@type\":\"Person\",\"@id\":\"https:\/\/www.todoalfalfa.com.ar\/noticias\/#\/schema\/person\/4ee4bca9b9fa50c4f0fbaf7017fbf2ad\",\"name\":\"Todo Alfalfa\",\"image\":{\"@type\":\"ImageObject\",\"inLanguage\":\"es\",\"@id\":\"https:\/\/www.todoalfalfa.com.ar\/noticias\/#\/schema\/person\/image\/\",\"url\":\"https:\/\/secure.gravatar.com\/avatar\/4d26a600a1380823a26c3f9cb74ada1a8ee4b482c0c3a616ab022b865c46be8f?s=96&d=mm&r=g\",\"contentUrl\":\"https:\/\/secure.gravatar.com\/avatar\/4d26a600a1380823a26c3f9cb74ada1a8ee4b482c0c3a616ab022b865c46be8f?s=96&d=mm&r=g\",\"caption\":\"Todo Alfalfa\"},\"sameAs\":[\"http:\/\/www.todoalfalfa.com.ar\"],\"url\":\"https:\/\/www.todoalfalfa.com.ar\/noticias\/author\/todoalfalfa\/\"}]}<\/script>\n<!-- \/ Yoast SEO plugin. -->","yoast_head_json":{"title":"La maquinaria se movi\u00f3 al ritmo de la alfalfa en Oncativo","robots":{"index":"index","follow":"follow","max-snippet":"max-snippet:-1","max-image-preview":"max-image-preview:large","max-video-preview":"max-video-preview:-1"},"canonical":"https:\/\/www.todoalfalfa.com.ar\/noticias\/la-maquinaria-se-movio-al-ritmo-de-la-alfalfa-en-oncativo\/","og_locale":"es_ES","og_type":"article","og_title":"La maquinaria se movi\u00f3 al ritmo de la alfalfa en Oncativo","og_description":"La jornada tuvo lugar en el Campo Experimental de CLAAS Argentina en la localidad cordobesa de Oncativo el d&iacute;a 25...","og_url":"https:\/\/www.todoalfalfa.com.ar\/noticias\/la-maquinaria-se-movio-al-ritmo-de-la-alfalfa-en-oncativo\/","og_site_name":"Todo Alfalfa","article_publisher":"https:\/\/www.facebook.com\/todoalfalfa","article_published_time":"2019-06-05T21:23:10+00:00","article_modified_time":"2019-06-05T21:23:11+00:00","og_image":[{"width":777,"height":437,"url":"https:\/\/www.todoalfalfa.com.ar\/noticias\/wp-content\/uploads\/2019\/06\/rastrillo_alfalfa.jpg","type":"image\/jpeg"}],"author":"Todo Alfalfa","twitter_card":"summary_large_image","twitter_misc":{"Escrito por":"Todo Alfalfa","Tiempo de lectura":"3 minutos"},"schema":{"@context":"https:\/\/schema.org","@graph":[{"@type":"NewsArticle","@id":"https:\/\/www.todoalfalfa.com.ar\/noticias\/la-maquinaria-se-movio-al-ritmo-de-la-alfalfa-en-oncativo\/#article","isPartOf":{"@id":"https:\/\/www.todoalfalfa.com.ar\/noticias\/la-maquinaria-se-movio-al-ritmo-de-la-alfalfa-en-oncativo\/"},"author":{"name":"Todo Alfalfa","@id":"https:\/\/www.todoalfalfa.com.ar\/noticias\/#\/schema\/person\/4ee4bca9b9fa50c4f0fbaf7017fbf2ad"},"headline":"La maquinaria se movi\u00f3 al ritmo de la alfalfa en Oncativo","datePublished":"2019-06-05T21:23:10+00:00","dateModified":"2019-06-05T21:23:11+00:00","mainEntityOfPage":{"@id":"https:\/\/www.todoalfalfa.com.ar\/noticias\/la-maquinaria-se-movio-al-ritmo-de-la-alfalfa-en-oncativo\/"},"wordCount":673,"publisher":{"@id":"https:\/\/www.todoalfalfa.com.ar\/noticias\/#organization"},"image":{"@id":"https:\/\/www.todoalfalfa.com.ar\/noticias\/la-maquinaria-se-movio-al-ritmo-de-la-alfalfa-en-oncativo\/#primaryimage"},"thumbnailUrl":"https:\/\/i0.wp.com\/www.todoalfalfa.com.ar\/noticias\/wp-content\/uploads\/2019\/06\/rastrillo_alfalfa.jpg?fit=777%2C437&ssl=1","keywords":["2019","alfalfa","Claas Argentina","maquinaria","mayo","Oncativo"],"articleSection":["Generales"],"inLanguage":"es"},{"@type":["WebPage","ItemPage"],"@id":"https:\/\/www.todoalfalfa.com.ar\/noticias\/la-maquinaria-se-movio-al-ritmo-de-la-alfalfa-en-oncativo\/","url":"https:\/\/www.todoalfalfa.com.ar\/noticias\/la-maquinaria-se-movio-al-ritmo-de-la-alfalfa-en-oncativo\/","name":"La maquinaria se movi\u00f3 al ritmo de la alfalfa en Oncativo","isPartOf":{"@id":"https:\/\/www.todoalfalfa.com.ar\/noticias\/#website"},"primaryImageOfPage":{"@id":"https:\/\/www.todoalfalfa.com.ar\/noticias\/la-maquinaria-se-movio-al-ritmo-de-la-alfalfa-en-oncativo\/#primaryimage"},"image":{"@id":"https:\/\/www.todoalfalfa.com.ar\/noticias\/la-maquinaria-se-movio-al-ritmo-de-la-alfalfa-en-oncativo\/#primaryimage"},"thumbnailUrl":"https:\/\/i0.wp.com\/www.todoalfalfa.com.ar\/noticias\/wp-content\/uploads\/2019\/06\/rastrillo_alfalfa.jpg?fit=777%2C437&ssl=1","datePublished":"2019-06-05T21:23:10+00:00","dateModified":"2019-06-05T21:23:11+00:00","breadcrumb":{"@id":"https:\/\/www.todoalfalfa.com.ar\/noticias\/la-maquinaria-se-movio-al-ritmo-de-la-alfalfa-en-oncativo\/#breadcrumb"},"inLanguage":"es","potentialAction":[{"@type":"ReadAction","target":["https:\/\/www.todoalfalfa.com.ar\/noticias\/la-maquinaria-se-movio-al-ritmo-de-la-alfalfa-en-oncativo\/"]}]},{"@type":"ImageObject","inLanguage":"es","@id":"https:\/\/www.todoalfalfa.com.ar\/noticias\/la-maquinaria-se-movio-al-ritmo-de-la-alfalfa-en-oncativo\/#primaryimage","url":"https:\/\/i0.wp.com\/www.todoalfalfa.com.ar\/noticias\/wp-content\/uploads\/2019\/06\/rastrillo_alfalfa.jpg?fit=777%2C437&ssl=1","contentUrl":"https:\/\/i0.wp.com\/www.todoalfalfa.com.ar\/noticias\/wp-content\/uploads\/2019\/06\/rastrillo_alfalfa.jpg?fit=777%2C437&ssl=1","width":777,"height":437},{"@type":"BreadcrumbList","@id":"https:\/\/www.todoalfalfa.com.ar\/noticias\/la-maquinaria-se-movio-al-ritmo-de-la-alfalfa-en-oncativo\/#breadcrumb","itemListElement":[{"@type":"ListItem","position":1,"name":"Principal","item":"https:\/\/www.todoalfalfa.com.ar\/noticias\/"},{"@type":"ListItem","position":2,"name":"La maquinaria se movi\u00f3 al ritmo de la alfalfa en Oncativo"}]},{"@type":"WebSite","@id":"https:\/\/www.todoalfalfa.com.ar\/noticias\/#website","url":"https:\/\/www.todoalfalfa.com.ar\/noticias\/","name":"Todo Alfalfa","description":"Web informativa de la cadena de la alfalfa argentina","publisher":{"@id":"https:\/\/www.todoalfalfa.com.ar\/noticias\/#organization"},"potentialAction":[{"@type":"SearchAction","target":{"@type":"EntryPoint","urlTemplate":"https:\/\/www.todoalfalfa.com.ar\/noticias\/?s={search_term_string}"},"query-input":{"@type":"PropertyValueSpecification","valueRequired":true,"valueName":"search_term_string"}}],"inLanguage":"es"},{"@type":"Organization","@id":"https:\/\/www.todoalfalfa.com.ar\/noticias\/#organization","name":"Todo Alfalfa","url":"https:\/\/www.todoalfalfa.com.ar\/noticias\/","logo":{"@type":"ImageObject","inLanguage":"es","@id":"https:\/\/www.todoalfalfa.com.ar\/noticias\/#\/schema\/logo\/image\/","url":"https:\/\/www.todoalfalfa.com.ar\/noticias\/wp-content\/uploads\/2020\/09\/logo-todo-alfalfa-modificado.png","contentUrl":"https:\/\/www.todoalfalfa.com.ar\/noticias\/wp-content\/uploads\/2020\/09\/logo-todo-alfalfa-modificado.png","width":350,"height":100,"caption":"Todo Alfalfa"},"image":{"@id":"https:\/\/www.todoalfalfa.com.ar\/noticias\/#\/schema\/logo\/image\/"},"sameAs":["https:\/\/www.facebook.com\/todoalfalfa","https:\/\/www.instagram.com\/todoalfalfa","https:\/\/www.youtube.com\/@TodoAlfalfa","https:\/\/www.linkedin.com\/company\/todoalfalfa\/"]},{"@type":"Person","@id":"https:\/\/www.todoalfalfa.com.ar\/noticias\/#\/schema\/person\/4ee4bca9b9fa50c4f0fbaf7017fbf2ad","name":"Todo Alfalfa","image":{"@type":"ImageObject","inLanguage":"es","@id":"https:\/\/www.todoalfalfa.com.ar\/noticias\/#\/schema\/person\/image\/","url":"https:\/\/secure.gravatar.com\/avatar\/4d26a600a1380823a26c3f9cb74ada1a8ee4b482c0c3a616ab022b865c46be8f?s=96&d=mm&r=g","contentUrl":"https:\/\/secure.gravatar.com\/avatar\/4d26a600a1380823a26c3f9cb74ada1a8ee4b482c0c3a616ab022b865c46be8f?s=96&d=mm&r=g","caption":"Todo Alfalfa"},"sameAs":["http:\/\/www.todoalfalfa.com.ar"],"url":"https:\/\/www.todoalfalfa.com.ar\/noticias\/author\/todoalfalfa\/"}]}},"jetpack_featured_media_url":"https:\/\/i0.wp.com\/www.todoalfalfa.com.ar\/noticias\/wp-content\/uploads\/2019\/06\/rastrillo_alfalfa.jpg?fit=777%2C437&ssl=1","wps_subtitle":"En la localidad cordobesa, CLAAS Argentina llev\u00f3 a cabo una nueva edici\u00f3n de \u201cExperiencia Forrajera y en Cosecha\u201d. All\u00ed se pudo apreciar el desempe\u00f1o de algunos de los  fierros m\u00e1s demandados para trabajar el cultivo.","jetpack_sharing_enabled":true,"_links":{"self":[{"href":"https:\/\/www.todoalfalfa.com.ar\/noticias\/wp-json\/wp\/v2\/posts\/41001","targetHints":{"allow":["GET"]}}],"collection":[{"href":"https:\/\/www.todoalfalfa.com.ar\/noticias\/wp-json\/wp\/v2\/posts"}],"about":[{"href":"https:\/\/www.todoalfalfa.com.ar\/noticias\/wp-json\/wp\/v2\/types\/post"}],"author":[{"embeddable":true,"href":"https:\/\/www.todoalfalfa.com.ar\/noticias\/wp-json\/wp\/v2\/users\/3"}],"replies":[{"embeddable":true,"href":"https:\/\/www.todoalfalfa.com.ar\/noticias\/wp-json\/wp\/v2\/comments?post=41001"}],"version-history":[{"count":0,"href":"https:\/\/www.todoalfalfa.com.ar\/noticias\/wp-json\/wp\/v2\/posts\/41001\/revisions"}],"wp:featuredmedia":[{"embeddable":true,"href":"https:\/\/www.todoalfalfa.com.ar\/noticias\/wp-json\/wp\/v2\/media\/41002"}],"wp:attachment":[{"href":"https:\/\/www.todoalfalfa.com.ar\/noticias\/wp-json\/wp\/v2\/media?parent=41001"}],"wp:term":[{"taxonomy":"category","embeddable":true,"href":"https:\/\/www.todoalfalfa.com.ar\/noticias\/wp-json\/wp\/v2\/categories?post=41001"},{"taxonomy":"post_tag","embeddable":true,"href":"https:\/\/www.todoalfalfa.com.ar\/noticias\/wp-json\/wp\/v2\/tags?post=41001"}],"curies":[{"name":"wp","href":"https:\/\/api.w.org\/{rel}","templated":true}]}}