{"id":41074,"date":"2019-06-25T11:44:39","date_gmt":"2019-06-25T14:44:39","guid":{"rendered":"https:\/\/www.todoalfalfa.com.ar\/?p=41074"},"modified":"2019-07-02T15:46:51","modified_gmt":"2019-07-02T18:46:51","slug":"gallarino-la-alfalfa-rr-ilegal-se-le-esta-yendo-de-las-manos-al-inase","status":"publish","type":"post","link":"https:\/\/www.todoalfalfa.com.ar\/noticias\/gallarino-la-alfalfa-rr-ilegal-se-le-esta-yendo-de-las-manos-al-inase\/","title":{"rendered":"Gallarino: \u201cLa alfalfa RR ilegal se le est\u00e1 yendo de las manos al INASE\u201d"},"content":{"rendered":"\n<p>\u201cA diferencia de otros a\u00f1os, donde el\nproductor ya ten\u00eda mejor planificada la tarea y hac\u00eda las compras con cierta\nanticipaci\u00f3n, la campa\u00f1a se retras\u00f3 bastante y esto sucedi\u00f3 por varios factores,\nque hicieron demorar la compra de semillas; como las lluvias en algunos\nsectores en NEA y NOA, la recolecci\u00f3n de cultivos anteriores a la alfalfa y\nconsecuentemente la siembra del cultivo\u201d, puntualiz\u00f3 Gallarino como primer\napunte de la campa\u00f1a alfalfera.<\/p>\n\n\n\n<p>El titular de Palo Verde fue muy cr\u00edtico con\nla alfalfa ilegal: \u201cHa habido una competencia desleal con respecto a la\nproliferaci\u00f3n de bolsa blanca en todas las zonas sembradas, sobre todo de\ncultivares RR que ha disminuido much\u00edsimo el tema de ventas\u201d. En esa l\u00ednea\ndijo: \u201cYo comprendo que el INASE no pueda atacar a toda la zona de la misma\nforma por un problema presupuestario o de personal, y esto se les est\u00e1 yendo de\nlas manos porque realmente se est\u00e1 observando cada vez m\u00e1s y se est\u00e1 viendo a\nzonas donde antes no exist\u00eda. En general preocupa la bolsa blanca, pero en\nparticular las que tienen eventos transg\u00e9nicos porque pr\u00e1cticamente se venden\nen los mismos precios en forma clandestina, todo un mercado negro que es\ndif\u00edcil estimar que tama\u00f1o tiene pero ha perjudicado este a\u00f1o en mayor manera\nque a\u00f1os atr\u00e1s\u201d, enfatiz\u00f3.<\/p>\n\n\n\n<p><strong>Las siembras de primavera compensar\u00edan el \u00e1rea<\/strong><br>Si bien no hay n\u00fameros definitivos, \u201cla estimaci\u00f3n es que a esta altura tenemos una superficie m\u00e1s o menos de un 15% a un 20% de siembra menor a la que tuvimos el a\u00f1o pasado en esta misma \u00e9poca del a\u00f1o\u201d, expres\u00f3 Gallarino.<\/p>\n\n\n\n<p>A\u00f1adi\u00f3 que \u201cla primavera es la otra\nalternativa de siembra, se ha demorado todo, por lo que se escapa de las fechas\n\u00f3ptimas de siembra. En lugar de sembrar tarde prefieren utilizar otra \u00e9poca\ndonde el \u00e9xito de la implantaci\u00f3n puede ser mejor, y la primavera es una buena\noportunidad\u201d.<\/p>\n\n\n\n<p>En cuanto a las variedades que Palo Verde\npropone al mercado indic\u00f3 que \u201cla cosecha ha sido muy buena, con buenos\nresultados, estamos incorporando nuevos cultivares que provienen del convenio\nde vinculaci\u00f3n tecnol\u00f3gica de alfalfa a la producci\u00f3n comercial y hemos\nincrementado la superficie de los cultivos tradicionales que ya venimos\nteniendo y ahora queremos incursionar en el mercado australiano haciendo una producci\u00f3n\nen aquella zona, porque justamente el problema de las alfalfas transg\u00e9nicas\nest\u00e1 afectando la posible contaminaci\u00f3n de cultivos en la producci\u00f3n local\u201d. <\/p>\n\n\n\n<p>La empresa, con base en Hilario Ascasubi,\nest\u00e1 apostando fuerte a dos materiales que provienen del convenio con el INTA\nque son Traful y Pulmar\u00ed, y \u201chan aumentado en cuanto a la venta en un 30% cada\nuna de ellas\u201d, subray\u00f3 Gallarino, a lo que a\u00f1adi\u00f3: \u201cSe trata de muy buenos\nmateriales que est\u00e1n logrando excelente rendimientos\u201d.<\/p>\n<div class=\"todoalfalfa-final-de-la-nota\" id=\"todoalfalfa-1803183290\"><a href=\"https:\/\/www.whatsapp.com\/channel\/0029VbCBmFB9WtBxJsD3eC2i\" target=\"_blank\" aria-label=\"5\"><img src=\"https:\/\/i0.wp.com\/www.todoalfalfa.com.ar\/noticias\/wp-content\/uploads\/2026\/04\/5.gif?fit=728%2C90&#038;ssl=1\" alt=\"\"  width=\"728\" height=\"90\"   \/><\/a><\/div>","protected":false},"excerpt":{"rendered":"<p>&ldquo;A diferencia de otros a&ntilde;os, donde el productor ya ten&iacute;a mejor planificada la tarea y hac&iacute;a las compras con cierta&#8230;<\/p>\n","protected":false},"author":3,"featured_media":41075,"comment_status":"closed","ping_status":"open","sticky":false,"template":"","format":"standard","meta":{"jetpack_post_was_ever_published":false,"_jetpack_newsletter_access":"","_jetpack_dont_email_post_to_subs":false,"_jetpack_newsletter_tier_id":0,"_jetpack_memberships_contains_paywalled_content":false,"_jetpack_memberships_contains_paid_content":false,"footnotes":""},"categories":[2],"tags":[31,511,318,199,639,640],"class_list":["post-41074","post","type-post","status-publish","format-standard","has-post-thumbnail","hentry","category-generales","tag-alfalfa","tag-gallarino","tag-ilegal","tag-inase","tag-palo-verde","tag-rr"],"yoast_head":"<!-- This site is optimized with the Yoast SEO plugin v25.5 - https:\/\/yoast.com\/wordpress\/plugins\/seo\/ -->\n<title>Gallarino: \u201cLa alfalfa RR ilegal se le est\u00e1 yendo de las manos al INASE\u201d<\/title>\n<meta name=\"robots\" content=\"index, follow, max-snippet:-1, max-image-preview:large, max-video-preview:-1\" \/>\n<link rel=\"canonical\" href=\"https:\/\/www.todoalfalfa.com.ar\/noticias\/gallarino-la-alfalfa-rr-ilegal-se-le-esta-yendo-de-las-manos-al-inase\/\" \/>\n<meta property=\"og:locale\" content=\"es_ES\" \/>\n<meta property=\"og:type\" content=\"article\" \/>\n<meta property=\"og:title\" content=\"Gallarino: \u201cLa alfalfa RR ilegal se le est\u00e1 yendo de las manos al INASE\u201d\" \/>\n<meta property=\"og:description\" content=\"&ldquo;A diferencia de otros a&ntilde;os, donde el productor ya ten&iacute;a mejor planificada la tarea y hac&iacute;a las compras con cierta...\" \/>\n<meta property=\"og:url\" content=\"https:\/\/www.todoalfalfa.com.ar\/noticias\/gallarino-la-alfalfa-rr-ilegal-se-le-esta-yendo-de-las-manos-al-inase\/\" \/>\n<meta property=\"og:site_name\" content=\"Todo Alfalfa\" \/>\n<meta property=\"article:publisher\" content=\"https:\/\/www.facebook.com\/todoalfalfa\" \/>\n<meta property=\"article:published_time\" content=\"2019-06-25T14:44:39+00:00\" \/>\n<meta property=\"article:modified_time\" content=\"2019-07-02T18:46:51+00:00\" \/>\n<meta property=\"og:image\" content=\"https:\/\/www.todoalfalfa.com.ar\/noticias\/wp-content\/uploads\/2019\/06\/Horacio_Gallarino_2019.jpg\" \/>\n\t<meta property=\"og:image:width\" content=\"777\" \/>\n\t<meta property=\"og:image:height\" content=\"437\" \/>\n\t<meta property=\"og:image:type\" content=\"image\/jpeg\" \/>\n<meta name=\"author\" content=\"Todo Alfalfa\" \/>\n<meta name=\"twitter:card\" content=\"summary_large_image\" \/>\n<meta name=\"twitter:label1\" content=\"Escrito por\" \/>\n\t<meta name=\"twitter:data1\" content=\"Todo Alfalfa\" \/>\n\t<meta name=\"twitter:label2\" content=\"Tiempo de lectura\" \/>\n\t<meta name=\"twitter:data2\" content=\"2 minutos\" \/>\n<script type=\"application\/ld+json\" class=\"yoast-schema-graph\">{\"@context\":\"https:\/\/schema.org\",\"@graph\":[{\"@type\":\"NewsArticle\",\"@id\":\"https:\/\/www.todoalfalfa.com.ar\/noticias\/gallarino-la-alfalfa-rr-ilegal-se-le-esta-yendo-de-las-manos-al-inase\/#article\",\"isPartOf\":{\"@id\":\"https:\/\/www.todoalfalfa.com.ar\/noticias\/gallarino-la-alfalfa-rr-ilegal-se-le-esta-yendo-de-las-manos-al-inase\/\"},\"author\":{\"name\":\"Todo Alfalfa\",\"@id\":\"https:\/\/www.todoalfalfa.com.ar\/noticias\/#\/schema\/person\/4ee4bca9b9fa50c4f0fbaf7017fbf2ad\"},\"headline\":\"Gallarino: \u201cLa alfalfa RR ilegal se le est\u00e1 yendo de las manos al INASE\u201d\",\"datePublished\":\"2019-06-25T14:44:39+00:00\",\"dateModified\":\"2019-07-02T18:46:51+00:00\",\"mainEntityOfPage\":{\"@id\":\"https:\/\/www.todoalfalfa.com.ar\/noticias\/gallarino-la-alfalfa-rr-ilegal-se-le-esta-yendo-de-las-manos-al-inase\/\"},\"wordCount\":507,\"publisher\":{\"@id\":\"https:\/\/www.todoalfalfa.com.ar\/noticias\/#organization\"},\"image\":{\"@id\":\"https:\/\/www.todoalfalfa.com.ar\/noticias\/gallarino-la-alfalfa-rr-ilegal-se-le-esta-yendo-de-las-manos-al-inase\/#primaryimage\"},\"thumbnailUrl\":\"https:\/\/i0.wp.com\/www.todoalfalfa.com.ar\/noticias\/wp-content\/uploads\/2019\/06\/Horacio_Gallarino_2019.jpg?fit=777%2C437&ssl=1\",\"keywords\":[\"alfalfa\",\"Gallarino\",\"ilegal\",\"Inase\",\"Palo Verde\",\"RR\"],\"articleSection\":[\"Generales\"],\"inLanguage\":\"es\"},{\"@type\":[\"WebPage\",\"ItemPage\"],\"@id\":\"https:\/\/www.todoalfalfa.com.ar\/noticias\/gallarino-la-alfalfa-rr-ilegal-se-le-esta-yendo-de-las-manos-al-inase\/\",\"url\":\"https:\/\/www.todoalfalfa.com.ar\/noticias\/gallarino-la-alfalfa-rr-ilegal-se-le-esta-yendo-de-las-manos-al-inase\/\",\"name\":\"Gallarino: \u201cLa alfalfa RR ilegal se le est\u00e1 yendo de las manos al INASE\u201d\",\"isPartOf\":{\"@id\":\"https:\/\/www.todoalfalfa.com.ar\/noticias\/#website\"},\"primaryImageOfPage\":{\"@id\":\"https:\/\/www.todoalfalfa.com.ar\/noticias\/gallarino-la-alfalfa-rr-ilegal-se-le-esta-yendo-de-las-manos-al-inase\/#primaryimage\"},\"image\":{\"@id\":\"https:\/\/www.todoalfalfa.com.ar\/noticias\/gallarino-la-alfalfa-rr-ilegal-se-le-esta-yendo-de-las-manos-al-inase\/#primaryimage\"},\"thumbnailUrl\":\"https:\/\/i0.wp.com\/www.todoalfalfa.com.ar\/noticias\/wp-content\/uploads\/2019\/06\/Horacio_Gallarino_2019.jpg?fit=777%2C437&ssl=1\",\"datePublished\":\"2019-06-25T14:44:39+00:00\",\"dateModified\":\"2019-07-02T18:46:51+00:00\",\"breadcrumb\":{\"@id\":\"https:\/\/www.todoalfalfa.com.ar\/noticias\/gallarino-la-alfalfa-rr-ilegal-se-le-esta-yendo-de-las-manos-al-inase\/#breadcrumb\"},\"inLanguage\":\"es\",\"potentialAction\":[{\"@type\":\"ReadAction\",\"target\":[\"https:\/\/www.todoalfalfa.com.ar\/noticias\/gallarino-la-alfalfa-rr-ilegal-se-le-esta-yendo-de-las-manos-al-inase\/\"]}]},{\"@type\":\"ImageObject\",\"inLanguage\":\"es\",\"@id\":\"https:\/\/www.todoalfalfa.com.ar\/noticias\/gallarino-la-alfalfa-rr-ilegal-se-le-esta-yendo-de-las-manos-al-inase\/#primaryimage\",\"url\":\"https:\/\/i0.wp.com\/www.todoalfalfa.com.ar\/noticias\/wp-content\/uploads\/2019\/06\/Horacio_Gallarino_2019.jpg?fit=777%2C437&ssl=1\",\"contentUrl\":\"https:\/\/i0.wp.com\/www.todoalfalfa.com.ar\/noticias\/wp-content\/uploads\/2019\/06\/Horacio_Gallarino_2019.jpg?fit=777%2C437&ssl=1\",\"width\":777,\"height\":437,\"caption\":\"Para Horacio Gallarino, falta accionar del INASE para realizar un control m\u00e1s exhausitivo de la alfalfa ilegal\"},{\"@type\":\"BreadcrumbList\",\"@id\":\"https:\/\/www.todoalfalfa.com.ar\/noticias\/gallarino-la-alfalfa-rr-ilegal-se-le-esta-yendo-de-las-manos-al-inase\/#breadcrumb\",\"itemListElement\":[{\"@type\":\"ListItem\",\"position\":1,\"name\":\"Principal\",\"item\":\"https:\/\/www.todoalfalfa.com.ar\/noticias\/\"},{\"@type\":\"ListItem\",\"position\":2,\"name\":\"Gallarino: \u201cLa alfalfa RR ilegal se le est\u00e1 yendo de las manos al INASE\u201d\"}]},{\"@type\":\"WebSite\",\"@id\":\"https:\/\/www.todoalfalfa.com.ar\/noticias\/#website\",\"url\":\"https:\/\/www.todoalfalfa.com.ar\/noticias\/\",\"name\":\"Todo Alfalfa\",\"description\":\"Web informativa de la cadena de la alfalfa argentina\",\"publisher\":{\"@id\":\"https:\/\/www.todoalfalfa.com.ar\/noticias\/#organization\"},\"potentialAction\":[{\"@type\":\"SearchAction\",\"target\":{\"@type\":\"EntryPoint\",\"urlTemplate\":\"https:\/\/www.todoalfalfa.com.ar\/noticias\/?s={search_term_string}\"},\"query-input\":{\"@type\":\"PropertyValueSpecification\",\"valueRequired\":true,\"valueName\":\"search_term_string\"}}],\"inLanguage\":\"es\"},{\"@type\":\"Organization\",\"@id\":\"https:\/\/www.todoalfalfa.com.ar\/noticias\/#organization\",\"name\":\"Todo Alfalfa\",\"url\":\"https:\/\/www.todoalfalfa.com.ar\/noticias\/\",\"logo\":{\"@type\":\"ImageObject\",\"inLanguage\":\"es\",\"@id\":\"https:\/\/www.todoalfalfa.com.ar\/noticias\/#\/schema\/logo\/image\/\",\"url\":\"https:\/\/www.todoalfalfa.com.ar\/noticias\/wp-content\/uploads\/2020\/09\/logo-todo-alfalfa-modificado.png\",\"contentUrl\":\"https:\/\/www.todoalfalfa.com.ar\/noticias\/wp-content\/uploads\/2020\/09\/logo-todo-alfalfa-modificado.png\",\"width\":350,\"height\":100,\"caption\":\"Todo Alfalfa\"},\"image\":{\"@id\":\"https:\/\/www.todoalfalfa.com.ar\/noticias\/#\/schema\/logo\/image\/\"},\"sameAs\":[\"https:\/\/www.facebook.com\/todoalfalfa\",\"https:\/\/www.instagram.com\/todoalfalfa\",\"https:\/\/www.youtube.com\/@TodoAlfalfa\",\"https:\/\/www.linkedin.com\/company\/todoalfalfa\/\"]},{\"@type\":\"Person\",\"@id\":\"https:\/\/www.todoalfalfa.com.ar\/noticias\/#\/schema\/person\/4ee4bca9b9fa50c4f0fbaf7017fbf2ad\",\"name\":\"Todo Alfalfa\",\"image\":{\"@type\":\"ImageObject\",\"inLanguage\":\"es\",\"@id\":\"https:\/\/www.todoalfalfa.com.ar\/noticias\/#\/schema\/person\/image\/\",\"url\":\"https:\/\/secure.gravatar.com\/avatar\/4d26a600a1380823a26c3f9cb74ada1a8ee4b482c0c3a616ab022b865c46be8f?s=96&d=mm&r=g\",\"contentUrl\":\"https:\/\/secure.gravatar.com\/avatar\/4d26a600a1380823a26c3f9cb74ada1a8ee4b482c0c3a616ab022b865c46be8f?s=96&d=mm&r=g\",\"caption\":\"Todo Alfalfa\"},\"sameAs\":[\"http:\/\/www.todoalfalfa.com.ar\"],\"url\":\"https:\/\/www.todoalfalfa.com.ar\/noticias\/author\/todoalfalfa\/\"}]}<\/script>\n<!-- \/ Yoast SEO plugin. -->","yoast_head_json":{"title":"Gallarino: \u201cLa alfalfa RR ilegal se le est\u00e1 yendo de las manos al INASE\u201d","robots":{"index":"index","follow":"follow","max-snippet":"max-snippet:-1","max-image-preview":"max-image-preview:large","max-video-preview":"max-video-preview:-1"},"canonical":"https:\/\/www.todoalfalfa.com.ar\/noticias\/gallarino-la-alfalfa-rr-ilegal-se-le-esta-yendo-de-las-manos-al-inase\/","og_locale":"es_ES","og_type":"article","og_title":"Gallarino: \u201cLa alfalfa RR ilegal se le est\u00e1 yendo de las manos al INASE\u201d","og_description":"&ldquo;A diferencia de otros a&ntilde;os, donde el productor ya ten&iacute;a mejor planificada la tarea y hac&iacute;a las compras con cierta...","og_url":"https:\/\/www.todoalfalfa.com.ar\/noticias\/gallarino-la-alfalfa-rr-ilegal-se-le-esta-yendo-de-las-manos-al-inase\/","og_site_name":"Todo Alfalfa","article_publisher":"https:\/\/www.facebook.com\/todoalfalfa","article_published_time":"2019-06-25T14:44:39+00:00","article_modified_time":"2019-07-02T18:46:51+00:00","og_image":[{"width":777,"height":437,"url":"https:\/\/www.todoalfalfa.com.ar\/noticias\/wp-content\/uploads\/2019\/06\/Horacio_Gallarino_2019.jpg","type":"image\/jpeg"}],"author":"Todo Alfalfa","twitter_card":"summary_large_image","twitter_misc":{"Escrito por":"Todo Alfalfa","Tiempo de lectura":"2 minutos"},"schema":{"@context":"https:\/\/schema.org","@graph":[{"@type":"NewsArticle","@id":"https:\/\/www.todoalfalfa.com.ar\/noticias\/gallarino-la-alfalfa-rr-ilegal-se-le-esta-yendo-de-las-manos-al-inase\/#article","isPartOf":{"@id":"https:\/\/www.todoalfalfa.com.ar\/noticias\/gallarino-la-alfalfa-rr-ilegal-se-le-esta-yendo-de-las-manos-al-inase\/"},"author":{"name":"Todo Alfalfa","@id":"https:\/\/www.todoalfalfa.com.ar\/noticias\/#\/schema\/person\/4ee4bca9b9fa50c4f0fbaf7017fbf2ad"},"headline":"Gallarino: \u201cLa alfalfa RR ilegal se le est\u00e1 yendo de las manos al INASE\u201d","datePublished":"2019-06-25T14:44:39+00:00","dateModified":"2019-07-02T18:46:51+00:00","mainEntityOfPage":{"@id":"https:\/\/www.todoalfalfa.com.ar\/noticias\/gallarino-la-alfalfa-rr-ilegal-se-le-esta-yendo-de-las-manos-al-inase\/"},"wordCount":507,"publisher":{"@id":"https:\/\/www.todoalfalfa.com.ar\/noticias\/#organization"},"image":{"@id":"https:\/\/www.todoalfalfa.com.ar\/noticias\/gallarino-la-alfalfa-rr-ilegal-se-le-esta-yendo-de-las-manos-al-inase\/#primaryimage"},"thumbnailUrl":"https:\/\/i0.wp.com\/www.todoalfalfa.com.ar\/noticias\/wp-content\/uploads\/2019\/06\/Horacio_Gallarino_2019.jpg?fit=777%2C437&ssl=1","keywords":["alfalfa","Gallarino","ilegal","Inase","Palo Verde","RR"],"articleSection":["Generales"],"inLanguage":"es"},{"@type":["WebPage","ItemPage"],"@id":"https:\/\/www.todoalfalfa.com.ar\/noticias\/gallarino-la-alfalfa-rr-ilegal-se-le-esta-yendo-de-las-manos-al-inase\/","url":"https:\/\/www.todoalfalfa.com.ar\/noticias\/gallarino-la-alfalfa-rr-ilegal-se-le-esta-yendo-de-las-manos-al-inase\/","name":"Gallarino: \u201cLa alfalfa RR ilegal se le est\u00e1 yendo de las manos al INASE\u201d","isPartOf":{"@id":"https:\/\/www.todoalfalfa.com.ar\/noticias\/#website"},"primaryImageOfPage":{"@id":"https:\/\/www.todoalfalfa.com.ar\/noticias\/gallarino-la-alfalfa-rr-ilegal-se-le-esta-yendo-de-las-manos-al-inase\/#primaryimage"},"image":{"@id":"https:\/\/www.todoalfalfa.com.ar\/noticias\/gallarino-la-alfalfa-rr-ilegal-se-le-esta-yendo-de-las-manos-al-inase\/#primaryimage"},"thumbnailUrl":"https:\/\/i0.wp.com\/www.todoalfalfa.com.ar\/noticias\/wp-content\/uploads\/2019\/06\/Horacio_Gallarino_2019.jpg?fit=777%2C437&ssl=1","datePublished":"2019-06-25T14:44:39+00:00","dateModified":"2019-07-02T18:46:51+00:00","breadcrumb":{"@id":"https:\/\/www.todoalfalfa.com.ar\/noticias\/gallarino-la-alfalfa-rr-ilegal-se-le-esta-yendo-de-las-manos-al-inase\/#breadcrumb"},"inLanguage":"es","potentialAction":[{"@type":"ReadAction","target":["https:\/\/www.todoalfalfa.com.ar\/noticias\/gallarino-la-alfalfa-rr-ilegal-se-le-esta-yendo-de-las-manos-al-inase\/"]}]},{"@type":"ImageObject","inLanguage":"es","@id":"https:\/\/www.todoalfalfa.com.ar\/noticias\/gallarino-la-alfalfa-rr-ilegal-se-le-esta-yendo-de-las-manos-al-inase\/#primaryimage","url":"https:\/\/i0.wp.com\/www.todoalfalfa.com.ar\/noticias\/wp-content\/uploads\/2019\/06\/Horacio_Gallarino_2019.jpg?fit=777%2C437&ssl=1","contentUrl":"https:\/\/i0.wp.com\/www.todoalfalfa.com.ar\/noticias\/wp-content\/uploads\/2019\/06\/Horacio_Gallarino_2019.jpg?fit=777%2C437&ssl=1","width":777,"height":437,"caption":"Para Horacio Gallarino, falta accionar del INASE para realizar un control m\u00e1s exhausitivo de la alfalfa ilegal"},{"@type":"BreadcrumbList","@id":"https:\/\/www.todoalfalfa.com.ar\/noticias\/gallarino-la-alfalfa-rr-ilegal-se-le-esta-yendo-de-las-manos-al-inase\/#breadcrumb","itemListElement":[{"@type":"ListItem","position":1,"name":"Principal","item":"https:\/\/www.todoalfalfa.com.ar\/noticias\/"},{"@type":"ListItem","position":2,"name":"Gallarino: \u201cLa alfalfa RR ilegal se le est\u00e1 yendo de las manos al INASE\u201d"}]},{"@type":"WebSite","@id":"https:\/\/www.todoalfalfa.com.ar\/noticias\/#website","url":"https:\/\/www.todoalfalfa.com.ar\/noticias\/","name":"Todo Alfalfa","description":"Web informativa de la cadena de la alfalfa argentina","publisher":{"@id":"https:\/\/www.todoalfalfa.com.ar\/noticias\/#organization"},"potentialAction":[{"@type":"SearchAction","target":{"@type":"EntryPoint","urlTemplate":"https:\/\/www.todoalfalfa.com.ar\/noticias\/?s={search_term_string}"},"query-input":{"@type":"PropertyValueSpecification","valueRequired":true,"valueName":"search_term_string"}}],"inLanguage":"es"},{"@type":"Organization","@id":"https:\/\/www.todoalfalfa.com.ar\/noticias\/#organization","name":"Todo Alfalfa","url":"https:\/\/www.todoalfalfa.com.ar\/noticias\/","logo":{"@type":"ImageObject","inLanguage":"es","@id":"https:\/\/www.todoalfalfa.com.ar\/noticias\/#\/schema\/logo\/image\/","url":"https:\/\/www.todoalfalfa.com.ar\/noticias\/wp-content\/uploads\/2020\/09\/logo-todo-alfalfa-modificado.png","contentUrl":"https:\/\/www.todoalfalfa.com.ar\/noticias\/wp-content\/uploads\/2020\/09\/logo-todo-alfalfa-modificado.png","width":350,"height":100,"caption":"Todo Alfalfa"},"image":{"@id":"https:\/\/www.todoalfalfa.com.ar\/noticias\/#\/schema\/logo\/image\/"},"sameAs":["https:\/\/www.facebook.com\/todoalfalfa","https:\/\/www.instagram.com\/todoalfalfa","https:\/\/www.youtube.com\/@TodoAlfalfa","https:\/\/www.linkedin.com\/company\/todoalfalfa\/"]},{"@type":"Person","@id":"https:\/\/www.todoalfalfa.com.ar\/noticias\/#\/schema\/person\/4ee4bca9b9fa50c4f0fbaf7017fbf2ad","name":"Todo Alfalfa","image":{"@type":"ImageObject","inLanguage":"es","@id":"https:\/\/www.todoalfalfa.com.ar\/noticias\/#\/schema\/person\/image\/","url":"https:\/\/secure.gravatar.com\/avatar\/4d26a600a1380823a26c3f9cb74ada1a8ee4b482c0c3a616ab022b865c46be8f?s=96&d=mm&r=g","contentUrl":"https:\/\/secure.gravatar.com\/avatar\/4d26a600a1380823a26c3f9cb74ada1a8ee4b482c0c3a616ab022b865c46be8f?s=96&d=mm&r=g","caption":"Todo Alfalfa"},"sameAs":["http:\/\/www.todoalfalfa.com.ar"],"url":"https:\/\/www.todoalfalfa.com.ar\/noticias\/author\/todoalfalfa\/"}]}},"jetpack_featured_media_url":"https:\/\/i0.wp.com\/www.todoalfalfa.com.ar\/noticias\/wp-content\/uploads\/2019\/06\/Horacio_Gallarino_2019.jpg?fit=777%2C437&ssl=1","wps_subtitle":"\u201cEste fue un a\u00f1o muy at\u00edpico, una campa\u00f1a muy lenta, el productor ha tomado decisiones en la marcha, por lo cual se fueron realizando las siembras a medida que el productor desocupaba los lotes\u201d, desliz\u00f3 Horacio Gallarino, director t\u00e9cnico y comercial de Palo Verde. Expres\u00f3 que la alfalfa ilegal ya est\u00e1 siendo un problema para el INASE.","jetpack_sharing_enabled":true,"_links":{"self":[{"href":"https:\/\/www.todoalfalfa.com.ar\/noticias\/wp-json\/wp\/v2\/posts\/41074","targetHints":{"allow":["GET"]}}],"collection":[{"href":"https:\/\/www.todoalfalfa.com.ar\/noticias\/wp-json\/wp\/v2\/posts"}],"about":[{"href":"https:\/\/www.todoalfalfa.com.ar\/noticias\/wp-json\/wp\/v2\/types\/post"}],"author":[{"embeddable":true,"href":"https:\/\/www.todoalfalfa.com.ar\/noticias\/wp-json\/wp\/v2\/users\/3"}],"replies":[{"embeddable":true,"href":"https:\/\/www.todoalfalfa.com.ar\/noticias\/wp-json\/wp\/v2\/comments?post=41074"}],"version-history":[{"count":0,"href":"https:\/\/www.todoalfalfa.com.ar\/noticias\/wp-json\/wp\/v2\/posts\/41074\/revisions"}],"wp:featuredmedia":[{"embeddable":true,"href":"https:\/\/www.todoalfalfa.com.ar\/noticias\/wp-json\/wp\/v2\/media\/41075"}],"wp:attachment":[{"href":"https:\/\/www.todoalfalfa.com.ar\/noticias\/wp-json\/wp\/v2\/media?parent=41074"}],"wp:term":[{"taxonomy":"category","embeddable":true,"href":"https:\/\/www.todoalfalfa.com.ar\/noticias\/wp-json\/wp\/v2\/categories?post=41074"},{"taxonomy":"post_tag","embeddable":true,"href":"https:\/\/www.todoalfalfa.com.ar\/noticias\/wp-json\/wp\/v2\/tags?post=41074"}],"curies":[{"name":"wp","href":"https:\/\/api.w.org\/{rel}","templated":true}]}}