{"id":41204,"date":"2019-08-12T16:20:07","date_gmt":"2019-08-12T19:20:07","guid":{"rendered":"https:\/\/www.todoalfalfa.com.ar\/?p=41204"},"modified":"2019-08-12T16:20:08","modified_gmt":"2019-08-12T19:20:08","slug":"del-arroz-al-braford-sin-escalas","status":"publish","type":"post","link":"https:\/\/www.todoalfalfa.com.ar\/noticias\/del-arroz-al-braford-sin-escalas\/","title":{"rendered":"Del arroz al Braford sin escalas"},"content":{"rendered":"\n<p>Ambar, as\u00ed se llama la Gran Campeona Hembra de la raza Braford\nelegida por el jurado de la 133\u00b0 Exposici\u00f3n Rural. Se trata de un animal de\ntres a\u00f1os de edad perteneciente a la firma Marta Carina, una empresa familiar\nde Villaguay que son prestadores de servicios agr\u00edcolas con m\u00e1quinas CLAAS y,\ndesde hace 5 a\u00f1os, propietarios de una caba\u00f1a con gen\u00e9tica Braford. Y todo con\nel mayor profesionalismo y pasi\u00f3n.<br>\n&nbsp; <br>\nLa historia de Marta Carina es relatada por Mart\u00edn Garc\u00eda, que desde hace 20\na\u00f1os es el encargado de la empresa. En su puesto del pabell\u00f3n amarillo de La\nRural exhibe con orgullo a la vaca de 668 kilos que durante los remates obtuvo,\npor el 50%, el precio r\u00e9cord de 1.580.000 pesos. Fue adquirida por una firma de\nFormosa.<br>\n&nbsp; <br>\nGarc\u00eda cuenta que la vaca se alimenta con los rollos que hace una\nrotoenfardadora con sistema cutter de CLAAS, la ROLLANT 375 RC que compraron\ncuando comenzaron con la actividad de la caba\u00f1a y por su sistema reduce el\nlargo de la fibra a enrollar, lo que posibilita una mejor ingesta por parte de\nlos animales. \u201cEs una m\u00e1quina muy f\u00e1cil de manejar. Hemos llegado a hacer unos\n12 mil rollos\u201d, acota y destaca que la caba\u00f1a cuenta con m\u00e1s de 1000 madres, de\nlas cuales 450 est\u00e1n en servicio durante todo el a\u00f1o en una superficie de m\u00e1s\nde 1200 hect\u00e1reas.<br>\n&nbsp; <br>\nPero el aporte de CLAAS al negocio de Marta Carina viene de hace tiempo.\n\u201cOfrecemos servicios como contratistas desde el 2002, m\u00e1s precisamente en el\nsector arrocero del norte. Desde el principio buscamos la opci\u00f3n m\u00e1s innovadora\npara posicionarnos en el mercado. Y es as\u00ed que ya hace unos 15 a\u00f1os que somos\nclientes de CLAAS\u201d, cuenta Garc\u00eda.<br>\n&nbsp; <br>\nEn la actualidad, la empresa cuenta con dos cosechadoras CLAAS LEXION 750, y una\n570. Cada una&nbsp; cosecha un promedio de entre 1500 y 1600 hect\u00e1reas de arroz\npor a\u00f1o y otras 2000 de soja y ma\u00edz. \u201cAntes trabaj\u00e1bamos con 8 cosechadoras.\nPero se hizo insostenible, se necesitaba mucho personal y se hac\u00eda desprolija\nla tarea. Por eso buscamos m\u00e1quinas que puedan abarcar una mayor cantidad de\nhect\u00e1reas. Con estos equipos CLAAS logramos m\u00e1s eficiencia y capacidad de\ntrabajo. Tambi\u00e9n pudimos organizarnos con menos gente y brindar un servicio de\nmayor calidad\u201d, describe el encargado.<br>\n&nbsp; <br>\nAhora, pasada La Rural, Garc\u00eda vuelve a Villaguay con el objetivo de convertir\na Marta Carina en una de las caba\u00f1as m\u00e1s importantes de Entre R\u00edos. \u201cEl Braford\nse est\u00e1 consumiendo mucho en la provincia y queremos que los ganaderos\nentrerrianos puedan adquirir sus reproductores en Villaguay, sin necesidad de\nmovilizarse al norte\u201d, dice, y vuelve a recalcar la importancia de producir\nforrajes de calidad para alimentar sus vacas.<\/p>\n<div class=\"todoalfalfa-final-de-la-nota\" id=\"todoalfalfa-157474866\"><a href=\"https:\/\/www.whatsapp.com\/channel\/0029VbCBmFB9WtBxJsD3eC2i\" target=\"_blank\" aria-label=\"5\"><img src=\"https:\/\/i0.wp.com\/www.todoalfalfa.com.ar\/noticias\/wp-content\/uploads\/2026\/04\/5.gif?fit=728%2C90&#038;ssl=1\" alt=\"\"  width=\"728\" height=\"90\"   \/><\/a><\/div>","protected":false},"excerpt":{"rendered":"<p>Ambar, as&iacute; se llama la Gran Campeona Hembra de la raza Braford elegida por el jurado de la 133&deg; Exposici&oacute;n&#8230;<\/p>\n","protected":false},"author":3,"featured_media":41207,"comment_status":"closed","ping_status":"open","sticky":false,"template":"","format":"standard","meta":{"jetpack_post_was_ever_published":false,"_jetpack_newsletter_access":"","_jetpack_dont_email_post_to_subs":false,"_jetpack_newsletter_tier_id":0,"_jetpack_memberships_contains_paywalled_content":false,"_jetpack_memberships_contains_paid_content":false,"footnotes":""},"categories":[2],"tags":[655,656,104,409,281],"class_list":["post-41204","post","type-post","status-publish","format-standard","has-post-thumbnail","hentry","category-generales","tag-arroz","tag-braford","tag-claas","tag-palermo","tag-rural"],"yoast_head":"<!-- This site is optimized with the Yoast SEO plugin v25.5 - https:\/\/yoast.com\/wordpress\/plugins\/seo\/ -->\n<title>Del arroz al Braford sin escalas<\/title>\n<meta name=\"robots\" content=\"index, follow, max-snippet:-1, max-image-preview:large, max-video-preview:-1\" \/>\n<link rel=\"canonical\" href=\"https:\/\/www.todoalfalfa.com.ar\/noticias\/del-arroz-al-braford-sin-escalas\/\" \/>\n<meta property=\"og:locale\" content=\"es_ES\" \/>\n<meta property=\"og:type\" content=\"article\" \/>\n<meta property=\"og:title\" content=\"Del arroz al Braford sin escalas\" \/>\n<meta property=\"og:description\" content=\"Ambar, as&iacute; se llama la Gran Campeona Hembra de la raza Braford elegida por el jurado de la 133&deg; Exposici&oacute;n...\" \/>\n<meta property=\"og:url\" content=\"https:\/\/www.todoalfalfa.com.ar\/noticias\/del-arroz-al-braford-sin-escalas\/\" \/>\n<meta property=\"og:site_name\" content=\"Todo Alfalfa\" \/>\n<meta property=\"article:publisher\" content=\"https:\/\/www.facebook.com\/todoalfalfa\" \/>\n<meta property=\"article:published_time\" content=\"2019-08-12T19:20:07+00:00\" \/>\n<meta property=\"article:modified_time\" content=\"2019-08-12T19:20:08+00:00\" \/>\n<meta property=\"og:image\" content=\"https:\/\/www.todoalfalfa.com.ar\/noticias\/wp-content\/uploads\/2019\/08\/marta_carina.jpg\" \/>\n\t<meta property=\"og:image:width\" content=\"777\" \/>\n\t<meta property=\"og:image:height\" content=\"437\" \/>\n\t<meta property=\"og:image:type\" content=\"image\/jpeg\" \/>\n<meta name=\"author\" content=\"Todo Alfalfa\" \/>\n<meta name=\"twitter:card\" content=\"summary_large_image\" \/>\n<meta name=\"twitter:label1\" content=\"Escrito por\" \/>\n\t<meta name=\"twitter:data1\" content=\"Todo Alfalfa\" \/>\n\t<meta name=\"twitter:label2\" content=\"Tiempo de lectura\" \/>\n\t<meta name=\"twitter:data2\" content=\"2 minutos\" \/>\n<script type=\"application\/ld+json\" class=\"yoast-schema-graph\">{\"@context\":\"https:\/\/schema.org\",\"@graph\":[{\"@type\":\"NewsArticle\",\"@id\":\"https:\/\/www.todoalfalfa.com.ar\/noticias\/del-arroz-al-braford-sin-escalas\/#article\",\"isPartOf\":{\"@id\":\"https:\/\/www.todoalfalfa.com.ar\/noticias\/del-arroz-al-braford-sin-escalas\/\"},\"author\":{\"name\":\"Todo Alfalfa\",\"@id\":\"https:\/\/www.todoalfalfa.com.ar\/noticias\/#\/schema\/person\/4ee4bca9b9fa50c4f0fbaf7017fbf2ad\"},\"headline\":\"Del arroz al Braford sin escalas\",\"datePublished\":\"2019-08-12T19:20:07+00:00\",\"dateModified\":\"2019-08-12T19:20:08+00:00\",\"mainEntityOfPage\":{\"@id\":\"https:\/\/www.todoalfalfa.com.ar\/noticias\/del-arroz-al-braford-sin-escalas\/\"},\"wordCount\":489,\"publisher\":{\"@id\":\"https:\/\/www.todoalfalfa.com.ar\/noticias\/#organization\"},\"image\":{\"@id\":\"https:\/\/www.todoalfalfa.com.ar\/noticias\/del-arroz-al-braford-sin-escalas\/#primaryimage\"},\"thumbnailUrl\":\"https:\/\/i0.wp.com\/www.todoalfalfa.com.ar\/noticias\/wp-content\/uploads\/2019\/08\/marta_carina.jpg?fit=777%2C437&ssl=1\",\"keywords\":[\"arroz\",\"braford\",\"Claas\",\"Palermo\",\"rural\"],\"articleSection\":[\"Generales\"],\"inLanguage\":\"es\"},{\"@type\":[\"WebPage\",\"ItemPage\"],\"@id\":\"https:\/\/www.todoalfalfa.com.ar\/noticias\/del-arroz-al-braford-sin-escalas\/\",\"url\":\"https:\/\/www.todoalfalfa.com.ar\/noticias\/del-arroz-al-braford-sin-escalas\/\",\"name\":\"Del arroz al Braford sin escalas\",\"isPartOf\":{\"@id\":\"https:\/\/www.todoalfalfa.com.ar\/noticias\/#website\"},\"primaryImageOfPage\":{\"@id\":\"https:\/\/www.todoalfalfa.com.ar\/noticias\/del-arroz-al-braford-sin-escalas\/#primaryimage\"},\"image\":{\"@id\":\"https:\/\/www.todoalfalfa.com.ar\/noticias\/del-arroz-al-braford-sin-escalas\/#primaryimage\"},\"thumbnailUrl\":\"https:\/\/i0.wp.com\/www.todoalfalfa.com.ar\/noticias\/wp-content\/uploads\/2019\/08\/marta_carina.jpg?fit=777%2C437&ssl=1\",\"datePublished\":\"2019-08-12T19:20:07+00:00\",\"dateModified\":\"2019-08-12T19:20:08+00:00\",\"breadcrumb\":{\"@id\":\"https:\/\/www.todoalfalfa.com.ar\/noticias\/del-arroz-al-braford-sin-escalas\/#breadcrumb\"},\"inLanguage\":\"es\",\"potentialAction\":[{\"@type\":\"ReadAction\",\"target\":[\"https:\/\/www.todoalfalfa.com.ar\/noticias\/del-arroz-al-braford-sin-escalas\/\"]}]},{\"@type\":\"ImageObject\",\"inLanguage\":\"es\",\"@id\":\"https:\/\/www.todoalfalfa.com.ar\/noticias\/del-arroz-al-braford-sin-escalas\/#primaryimage\",\"url\":\"https:\/\/i0.wp.com\/www.todoalfalfa.com.ar\/noticias\/wp-content\/uploads\/2019\/08\/marta_carina.jpg?fit=777%2C437&ssl=1\",\"contentUrl\":\"https:\/\/i0.wp.com\/www.todoalfalfa.com.ar\/noticias\/wp-content\/uploads\/2019\/08\/marta_carina.jpg?fit=777%2C437&ssl=1\",\"width\":777,\"height\":437},{\"@type\":\"BreadcrumbList\",\"@id\":\"https:\/\/www.todoalfalfa.com.ar\/noticias\/del-arroz-al-braford-sin-escalas\/#breadcrumb\",\"itemListElement\":[{\"@type\":\"ListItem\",\"position\":1,\"name\":\"Principal\",\"item\":\"https:\/\/www.todoalfalfa.com.ar\/noticias\/\"},{\"@type\":\"ListItem\",\"position\":2,\"name\":\"Del arroz al Braford sin escalas\"}]},{\"@type\":\"WebSite\",\"@id\":\"https:\/\/www.todoalfalfa.com.ar\/noticias\/#website\",\"url\":\"https:\/\/www.todoalfalfa.com.ar\/noticias\/\",\"name\":\"Todo Alfalfa\",\"description\":\"Web informativa de la cadena de la alfalfa argentina\",\"publisher\":{\"@id\":\"https:\/\/www.todoalfalfa.com.ar\/noticias\/#organization\"},\"potentialAction\":[{\"@type\":\"SearchAction\",\"target\":{\"@type\":\"EntryPoint\",\"urlTemplate\":\"https:\/\/www.todoalfalfa.com.ar\/noticias\/?s={search_term_string}\"},\"query-input\":{\"@type\":\"PropertyValueSpecification\",\"valueRequired\":true,\"valueName\":\"search_term_string\"}}],\"inLanguage\":\"es\"},{\"@type\":\"Organization\",\"@id\":\"https:\/\/www.todoalfalfa.com.ar\/noticias\/#organization\",\"name\":\"Todo Alfalfa\",\"url\":\"https:\/\/www.todoalfalfa.com.ar\/noticias\/\",\"logo\":{\"@type\":\"ImageObject\",\"inLanguage\":\"es\",\"@id\":\"https:\/\/www.todoalfalfa.com.ar\/noticias\/#\/schema\/logo\/image\/\",\"url\":\"https:\/\/www.todoalfalfa.com.ar\/noticias\/wp-content\/uploads\/2020\/09\/logo-todo-alfalfa-modificado.png\",\"contentUrl\":\"https:\/\/www.todoalfalfa.com.ar\/noticias\/wp-content\/uploads\/2020\/09\/logo-todo-alfalfa-modificado.png\",\"width\":350,\"height\":100,\"caption\":\"Todo Alfalfa\"},\"image\":{\"@id\":\"https:\/\/www.todoalfalfa.com.ar\/noticias\/#\/schema\/logo\/image\/\"},\"sameAs\":[\"https:\/\/www.facebook.com\/todoalfalfa\",\"https:\/\/www.instagram.com\/todoalfalfa\",\"https:\/\/www.youtube.com\/@TodoAlfalfa\",\"https:\/\/www.linkedin.com\/company\/todoalfalfa\/\"]},{\"@type\":\"Person\",\"@id\":\"https:\/\/www.todoalfalfa.com.ar\/noticias\/#\/schema\/person\/4ee4bca9b9fa50c4f0fbaf7017fbf2ad\",\"name\":\"Todo Alfalfa\",\"image\":{\"@type\":\"ImageObject\",\"inLanguage\":\"es\",\"@id\":\"https:\/\/www.todoalfalfa.com.ar\/noticias\/#\/schema\/person\/image\/\",\"url\":\"https:\/\/secure.gravatar.com\/avatar\/4d26a600a1380823a26c3f9cb74ada1a8ee4b482c0c3a616ab022b865c46be8f?s=96&d=mm&r=g\",\"contentUrl\":\"https:\/\/secure.gravatar.com\/avatar\/4d26a600a1380823a26c3f9cb74ada1a8ee4b482c0c3a616ab022b865c46be8f?s=96&d=mm&r=g\",\"caption\":\"Todo Alfalfa\"},\"sameAs\":[\"http:\/\/www.todoalfalfa.com.ar\"],\"url\":\"https:\/\/www.todoalfalfa.com.ar\/noticias\/author\/todoalfalfa\/\"}]}<\/script>\n<!-- \/ Yoast SEO plugin. -->","yoast_head_json":{"title":"Del arroz al Braford sin escalas","robots":{"index":"index","follow":"follow","max-snippet":"max-snippet:-1","max-image-preview":"max-image-preview:large","max-video-preview":"max-video-preview:-1"},"canonical":"https:\/\/www.todoalfalfa.com.ar\/noticias\/del-arroz-al-braford-sin-escalas\/","og_locale":"es_ES","og_type":"article","og_title":"Del arroz al Braford sin escalas","og_description":"Ambar, as&iacute; se llama la Gran Campeona Hembra de la raza Braford elegida por el jurado de la 133&deg; Exposici&oacute;n...","og_url":"https:\/\/www.todoalfalfa.com.ar\/noticias\/del-arroz-al-braford-sin-escalas\/","og_site_name":"Todo Alfalfa","article_publisher":"https:\/\/www.facebook.com\/todoalfalfa","article_published_time":"2019-08-12T19:20:07+00:00","article_modified_time":"2019-08-12T19:20:08+00:00","og_image":[{"width":777,"height":437,"url":"https:\/\/www.todoalfalfa.com.ar\/noticias\/wp-content\/uploads\/2019\/08\/marta_carina.jpg","type":"image\/jpeg"}],"author":"Todo Alfalfa","twitter_card":"summary_large_image","twitter_misc":{"Escrito por":"Todo Alfalfa","Tiempo de lectura":"2 minutos"},"schema":{"@context":"https:\/\/schema.org","@graph":[{"@type":"NewsArticle","@id":"https:\/\/www.todoalfalfa.com.ar\/noticias\/del-arroz-al-braford-sin-escalas\/#article","isPartOf":{"@id":"https:\/\/www.todoalfalfa.com.ar\/noticias\/del-arroz-al-braford-sin-escalas\/"},"author":{"name":"Todo Alfalfa","@id":"https:\/\/www.todoalfalfa.com.ar\/noticias\/#\/schema\/person\/4ee4bca9b9fa50c4f0fbaf7017fbf2ad"},"headline":"Del arroz al Braford sin escalas","datePublished":"2019-08-12T19:20:07+00:00","dateModified":"2019-08-12T19:20:08+00:00","mainEntityOfPage":{"@id":"https:\/\/www.todoalfalfa.com.ar\/noticias\/del-arroz-al-braford-sin-escalas\/"},"wordCount":489,"publisher":{"@id":"https:\/\/www.todoalfalfa.com.ar\/noticias\/#organization"},"image":{"@id":"https:\/\/www.todoalfalfa.com.ar\/noticias\/del-arroz-al-braford-sin-escalas\/#primaryimage"},"thumbnailUrl":"https:\/\/i0.wp.com\/www.todoalfalfa.com.ar\/noticias\/wp-content\/uploads\/2019\/08\/marta_carina.jpg?fit=777%2C437&ssl=1","keywords":["arroz","braford","Claas","Palermo","rural"],"articleSection":["Generales"],"inLanguage":"es"},{"@type":["WebPage","ItemPage"],"@id":"https:\/\/www.todoalfalfa.com.ar\/noticias\/del-arroz-al-braford-sin-escalas\/","url":"https:\/\/www.todoalfalfa.com.ar\/noticias\/del-arroz-al-braford-sin-escalas\/","name":"Del arroz al Braford sin escalas","isPartOf":{"@id":"https:\/\/www.todoalfalfa.com.ar\/noticias\/#website"},"primaryImageOfPage":{"@id":"https:\/\/www.todoalfalfa.com.ar\/noticias\/del-arroz-al-braford-sin-escalas\/#primaryimage"},"image":{"@id":"https:\/\/www.todoalfalfa.com.ar\/noticias\/del-arroz-al-braford-sin-escalas\/#primaryimage"},"thumbnailUrl":"https:\/\/i0.wp.com\/www.todoalfalfa.com.ar\/noticias\/wp-content\/uploads\/2019\/08\/marta_carina.jpg?fit=777%2C437&ssl=1","datePublished":"2019-08-12T19:20:07+00:00","dateModified":"2019-08-12T19:20:08+00:00","breadcrumb":{"@id":"https:\/\/www.todoalfalfa.com.ar\/noticias\/del-arroz-al-braford-sin-escalas\/#breadcrumb"},"inLanguage":"es","potentialAction":[{"@type":"ReadAction","target":["https:\/\/www.todoalfalfa.com.ar\/noticias\/del-arroz-al-braford-sin-escalas\/"]}]},{"@type":"ImageObject","inLanguage":"es","@id":"https:\/\/www.todoalfalfa.com.ar\/noticias\/del-arroz-al-braford-sin-escalas\/#primaryimage","url":"https:\/\/i0.wp.com\/www.todoalfalfa.com.ar\/noticias\/wp-content\/uploads\/2019\/08\/marta_carina.jpg?fit=777%2C437&ssl=1","contentUrl":"https:\/\/i0.wp.com\/www.todoalfalfa.com.ar\/noticias\/wp-content\/uploads\/2019\/08\/marta_carina.jpg?fit=777%2C437&ssl=1","width":777,"height":437},{"@type":"BreadcrumbList","@id":"https:\/\/www.todoalfalfa.com.ar\/noticias\/del-arroz-al-braford-sin-escalas\/#breadcrumb","itemListElement":[{"@type":"ListItem","position":1,"name":"Principal","item":"https:\/\/www.todoalfalfa.com.ar\/noticias\/"},{"@type":"ListItem","position":2,"name":"Del arroz al Braford sin escalas"}]},{"@type":"WebSite","@id":"https:\/\/www.todoalfalfa.com.ar\/noticias\/#website","url":"https:\/\/www.todoalfalfa.com.ar\/noticias\/","name":"Todo Alfalfa","description":"Web informativa de la cadena de la alfalfa argentina","publisher":{"@id":"https:\/\/www.todoalfalfa.com.ar\/noticias\/#organization"},"potentialAction":[{"@type":"SearchAction","target":{"@type":"EntryPoint","urlTemplate":"https:\/\/www.todoalfalfa.com.ar\/noticias\/?s={search_term_string}"},"query-input":{"@type":"PropertyValueSpecification","valueRequired":true,"valueName":"search_term_string"}}],"inLanguage":"es"},{"@type":"Organization","@id":"https:\/\/www.todoalfalfa.com.ar\/noticias\/#organization","name":"Todo Alfalfa","url":"https:\/\/www.todoalfalfa.com.ar\/noticias\/","logo":{"@type":"ImageObject","inLanguage":"es","@id":"https:\/\/www.todoalfalfa.com.ar\/noticias\/#\/schema\/logo\/image\/","url":"https:\/\/www.todoalfalfa.com.ar\/noticias\/wp-content\/uploads\/2020\/09\/logo-todo-alfalfa-modificado.png","contentUrl":"https:\/\/www.todoalfalfa.com.ar\/noticias\/wp-content\/uploads\/2020\/09\/logo-todo-alfalfa-modificado.png","width":350,"height":100,"caption":"Todo Alfalfa"},"image":{"@id":"https:\/\/www.todoalfalfa.com.ar\/noticias\/#\/schema\/logo\/image\/"},"sameAs":["https:\/\/www.facebook.com\/todoalfalfa","https:\/\/www.instagram.com\/todoalfalfa","https:\/\/www.youtube.com\/@TodoAlfalfa","https:\/\/www.linkedin.com\/company\/todoalfalfa\/"]},{"@type":"Person","@id":"https:\/\/www.todoalfalfa.com.ar\/noticias\/#\/schema\/person\/4ee4bca9b9fa50c4f0fbaf7017fbf2ad","name":"Todo Alfalfa","image":{"@type":"ImageObject","inLanguage":"es","@id":"https:\/\/www.todoalfalfa.com.ar\/noticias\/#\/schema\/person\/image\/","url":"https:\/\/secure.gravatar.com\/avatar\/4d26a600a1380823a26c3f9cb74ada1a8ee4b482c0c3a616ab022b865c46be8f?s=96&d=mm&r=g","contentUrl":"https:\/\/secure.gravatar.com\/avatar\/4d26a600a1380823a26c3f9cb74ada1a8ee4b482c0c3a616ab022b865c46be8f?s=96&d=mm&r=g","caption":"Todo Alfalfa"},"sameAs":["http:\/\/www.todoalfalfa.com.ar"],"url":"https:\/\/www.todoalfalfa.com.ar\/noticias\/author\/todoalfalfa\/"}]}},"jetpack_featured_media_url":"https:\/\/i0.wp.com\/www.todoalfalfa.com.ar\/noticias\/wp-content\/uploads\/2019\/08\/marta_carina.jpg?fit=777%2C437&ssl=1","wps_subtitle":"La firma entrerriana Marta Carina obtuvo el premio Gran Campe\u00f3n Hembra Braford en La Rural. Un debut con gloria para una empresa con base en la prestaci\u00f3n de servicios de cosecha en el Litoral.","jetpack_sharing_enabled":true,"_links":{"self":[{"href":"https:\/\/www.todoalfalfa.com.ar\/noticias\/wp-json\/wp\/v2\/posts\/41204","targetHints":{"allow":["GET"]}}],"collection":[{"href":"https:\/\/www.todoalfalfa.com.ar\/noticias\/wp-json\/wp\/v2\/posts"}],"about":[{"href":"https:\/\/www.todoalfalfa.com.ar\/noticias\/wp-json\/wp\/v2\/types\/post"}],"author":[{"embeddable":true,"href":"https:\/\/www.todoalfalfa.com.ar\/noticias\/wp-json\/wp\/v2\/users\/3"}],"replies":[{"embeddable":true,"href":"https:\/\/www.todoalfalfa.com.ar\/noticias\/wp-json\/wp\/v2\/comments?post=41204"}],"version-history":[{"count":0,"href":"https:\/\/www.todoalfalfa.com.ar\/noticias\/wp-json\/wp\/v2\/posts\/41204\/revisions"}],"wp:featuredmedia":[{"embeddable":true,"href":"https:\/\/www.todoalfalfa.com.ar\/noticias\/wp-json\/wp\/v2\/media\/41207"}],"wp:attachment":[{"href":"https:\/\/www.todoalfalfa.com.ar\/noticias\/wp-json\/wp\/v2\/media?parent=41204"}],"wp:term":[{"taxonomy":"category","embeddable":true,"href":"https:\/\/www.todoalfalfa.com.ar\/noticias\/wp-json\/wp\/v2\/categories?post=41204"},{"taxonomy":"post_tag","embeddable":true,"href":"https:\/\/www.todoalfalfa.com.ar\/noticias\/wp-json\/wp\/v2\/tags?post=41204"}],"curies":[{"name":"wp","href":"https:\/\/api.w.org\/{rel}","templated":true}]}}