{"id":41389,"date":"2019-10-10T14:44:03","date_gmt":"2019-10-10T17:44:03","guid":{"rendered":"https:\/\/www.todoalfalfa.com.ar\/?p=41389"},"modified":"2019-10-11T15:37:07","modified_gmt":"2019-10-11T18:37:07","slug":"donde-estamos-parados-a-la-hora-de-confeccionar-un-silaje-de-alfalfa","status":"publish","type":"post","link":"https:\/\/www.todoalfalfa.com.ar\/noticias\/donde-estamos-parados-a-la-hora-de-confeccionar-un-silaje-de-alfalfa\/","title":{"rendered":"\u00bfD\u00f3nde estamos parados a la hora de confeccionar un silaje de alfalfa?"},"content":{"rendered":"\n<p>Desde mediados de febrero y hasta el mes de septiembre de\n2019, el centro de recepci\u00f3n de muestras que tiene el laboratorio\nnorteamericano Rock River en la ciudad de Villa Mar\u00eda, C\u00f3rdoba, analiz\u00f3 70\nmuestras de silaje de alfalfa para conocer el estado de calidad del producto.\nEl estudio, abarc\u00f3 a establecimientos productivos que se encuentran en un radio\nde 100 kil\u00f3metros a la redonda y evidenci\u00f3 que hay muchos par\u00e1metros por\nmejorar para lograr mejores silajes de alfalfas.<\/p>\n\n\n\n<p>El laboratorio posee un rango de par\u00e1metros posibles de\nalcanzar en la producci\u00f3n que permiten calificar al silaje de alfalfa como\n\u00f3ptimo, o cercano a lo recomenbale, al efectuar su confecci\u00f3n. Bajo esta l\u00ednea,\npuede inferir que los silos de alfalfa de la regi\u00f3n a\u00fan prestan ciertas\nfalencias a la hora de su confecci\u00f3n, y que no necesariamente est\u00e1n dados por\nla forma en que se lleva a cabo, sino principalmente por la calidad de la materia\nprima (alfalfa) con la que se est\u00e1 trabajando.<\/p>\n\n\n\n<p>\u201cEl silaje y el heno son m\u00e9todos de conservaci\u00f3n, que\npermiten mantener propiedades del alimento a lo largo del tiempo, pero todo\nm\u00e9todo de conservaci\u00f3n no puede mejorar la calidad inicial, por lo que necesitamos\ntener siempre un buen cultivo desde donde obtener una calidad potencial de\nalmacenamiento\u201d, explica el Ing. Fernando Clemente, titular del centro de\nmuestreo de Rock River en Villa Mar\u00eda.<\/p>\n\n\n\n<p>Entre los par\u00e1metros analizados en esta regi\u00f3n est\u00e1 el de\nMateria Seca, donde se evidencia un promedio a lo largo de seis meses de un\n36%. \u201cEn estos niveles se puede decir que, en lo te\u00f3rico, estamos al filo del\nm\u00ednimo si lo comparamos con los par\u00e1metros de calidad de Rock River, donde el\nrango optimo lo encontramos entre 35-40%\u201d, indic\u00f3 Clemente y a\u00f1adi\u00f3: \u201cDeber\u00edamos\nestar un poquito m\u00e1s arriba, sobre todo para lograr una buena fermentaci\u00f3n y no\ntener fermentaciones indeseables, que producen mucho \u00e1cido but\u00edrico y nitr\u00f3geno\namoniacal, que pueden redundar en p\u00e9rdidas productivas y hasta muerte de los\nanimales\u201d.<\/p>\n\n\n\n<p>Otro de los par\u00e1metros analizados sobre este muestreo es la\nProte\u00edna Bruta (PB). \u201cEstamos en un 20%, que es un buen valor para la zona,\npero el laboratorio nos pone como objetivo arriba del 23% de prote\u00edna. Estos\ntres puntos de diferencia son importantes, y creo que son posibles de mejorar\ntrabajando en el momento de corte, con las variedades y la siembra. En el\nmomento de corte, siempre se dijo (<em>aunque\nqued\u00f3 como un concepto medio viejo, aclara<\/em>) es necesario un 10% de floraci\u00f3n.\nPor lo que si nosotros queremos obtener un 23% de PB o un poquito m\u00e1s, tenemos\nque cortar en pre-boton o bot\u00f3n floral, por lo que al cortarlo en un estado muy\nanticipado es muy importante tambi\u00e9n el pre-oreo de alfalfa\u201d, explic\u00f3 el\nprofesional.<\/p>\n\n\n\n<p>Remarc\u00f3 adem\u00e1s que \u201csi nosotros medimos materia seca al\nmomento de recolectar esa alfalfa, luego en el silo baja 2 puntos ese\nporcentaje, por lo que si nosotros queremos estar a un 35% de materia seca o\nm\u00e1s, m\u00ednimamente debemos arrancar con un 38% la alfalfa midiendo en el campo su\nmateria seca. Otro tema a tener en cuenta es que, m\u00e1s all\u00e1 de estar en un 20%\nde PB, es importante saber c\u00f3mo est\u00e1 esa prote\u00edna, si est\u00e1 100% disponible para\nel animal o no, que es otro de los par\u00e1metros interesantes para analizar, es\ndecir, si esa prote\u00edna no tuvo alg\u00fan proceso de degradaci\u00f3n. En estos casos, la\nprote\u00edna indigestible nos da un poquito alto, por lo que tenemos mucho para\nmejorar. Esto se hace principalmente en el momento de recolecci\u00f3n. Es\nfundamental tambi\u00e9n aqu\u00ed tener buenos porcentajes de materia seca\u201d.<\/p>\n\n\n\n<p><strong>Hay trabajo pendiente para mejorar la fibra total e indigestible<\/strong> <br>En la b\u00fasqueda de mejorar los componentes del silaje de alfalfa, Clemente observ\u00f3 en los muestreos que tambi\u00e9n la fibra total del alimento (FDN) tienen par\u00e1metros altos en los muestreos. \u201cEn el promedio estamos un poquito alto, en casi 44%, y tendr\u00edamos que estar por debajo de 40%, esto porque mientras m\u00e1s FDN tenemos, menos consumo tambi\u00e9n, por eso se buscan estos par\u00e1metros. El momento de corte es tambi\u00e9n aqu\u00ed una determinante. Si nosotros cortamos en pre-bot\u00f3n floral vamos a tener menos cantidad de tallos en proporci\u00f3n que si dejamos que la planta avance y sobre todo que acumule lignina en el cultivo\u201d.<\/p>\n\n\n\n<p>Por otra parte, tambi\u00e9n se analiz\u00f3 el FDA, que es la porci\u00f3n indigestible de esa fibra FDN. Aqu\u00ed, la cifra en la cual promedia el silaje de alfalfa de la regi\u00f3n est\u00e1 en 37.5%. \u201cDeber\u00edamos tenerla un poco m\u00e1s bajo, en 30% por lo menos\u201d, resalt\u00f3.<\/p>\n\n\n\n<figure class=\"wp-block-image\"><img data-recalc-dims=\"1\" fetchpriority=\"high\" decoding=\"async\" width=\"683\" height=\"453\" src=\"https:\/\/i0.wp.com\/www.todoalfalfa.com.ar\/wp-content\/uploads\/2019\/10\/tabla_analisis_rockriver.jpg?resize=683%2C453&#038;ssl=1\" alt=\"\" class=\"wp-image-41391\" srcset=\"https:\/\/i0.wp.com\/www.todoalfalfa.com.ar\/noticias\/wp-content\/uploads\/2019\/10\/tabla_analisis_rockriver.jpg?w=683&amp;ssl=1 683w, https:\/\/i0.wp.com\/www.todoalfalfa.com.ar\/noticias\/wp-content\/uploads\/2019\/10\/tabla_analisis_rockriver.jpg?resize=300%2C199&amp;ssl=1 300w\" sizes=\"(max-width: 683px) 100vw, 683px\" \/><\/figure>\n\n\n\n<p><strong>La digestibilidad de la fibra en el animal y el aporte de los materiales bajos en lignina<\/strong><br>Clemente le coment\u00f3 a TodoAlfalfa que desde hace un par de a\u00f1os el laboratorio ha sumado un nuevo par\u00e1metro de an\u00e1lisis que busca medir la digestibilidad de la FDN a lo largo del tracto intestinal del animal (TTNDFD). El objetivo, es saber que tan digestible es el alimento que ingresa al animal.<\/p>\n\n\n\n<p>\u201cHoy hay una tendencia a nivel mundial de que las dietas\nest\u00e1n siendo m\u00e1s forrajeras, arriba del 55% de forrajes (ma\u00edz, alfalfa, etc),\npor lo que se est\u00e1 buscando que ese alimento sea lo m\u00e1s digestible posible. En\neste caso, Rock River nos pone como par\u00e1metro arriba de un 42% en esa\ndigestibilidad de fibra y los an\u00e1lisis de la zona nos indican un 37% en\npromedio\u201d, subray\u00f3.<\/p>\n\n\n\n<p>Adem\u00e1s, en este contexto, se\u00f1al\u00f3 que \u201cen Argentina hoy ya\ntenemos variedades que son baja lignina y esto nos va a ayudar a tener bajas\nproporci\u00f3n de lignina para mejorar la digestibilidad de esa fibra. En los\nan\u00e1lisis que estamos estudiando, vemos que un punto menos de lignina nos mejora\n5 puntos de la digestibilidad de la fibra\u201d.<\/p>\n\n\n\n<p><strong>A prestarle atenci\u00f3n a los \u00e1cidos<\/strong> <br>La medici\u00f3n de los productos de la fermentaci\u00f3n es tambi\u00e9n muy importante a la hora de sacar conclusiones del silaje de alfalfa que estamos produciendo. Saber cu\u00e1les son los \u00e1cidos predominantes y como est\u00e1n actuando nos permitir\u00e1n evitar consecuencias productivas indeseables. <br>\u00abSi yo comparo los silos de mayor calidad contra los silos de menor calidad, tal vez el Ph del silaje de menor calidad sea m\u00e1s bajo, pero si veo la distribuci\u00f3n de los \u00e1cidos y tengo m\u00e1s \u00e1cidos but\u00edricos, esto es lo que me indica que tuvo una mala fermentaci\u00f3n ese silo. Por otra parte, obviamente que tienen que predominar las bacterias l\u00e1cticas, que son m\u00e1s eficientes en la conversi\u00f3n de los az\u00facares solubles en \u00e1cidos\u201d, explic\u00f3 Clemente.<\/p>\n\n\n\n<p><strong>Evitar el ingreso de tierra a la hora de confeccionar el silo<\/strong> <br>El nivel de Ceniza es otro par\u00e1metro que altera nuestro silo de alfalfa. Seg\u00fan los an\u00e1lisis efectuados en la regi\u00f3n centro-sur de C\u00f3rdoba el promedio est\u00e1 bastante alto tambi\u00e9n. \u201cMuchas veces esto se debe a que usamos rastrillos laterales, que incorporan tierra en el proceso, y esto hace que nos aumente la ceniza. Los clostridium &nbsp;est\u00e1n en la tierra, entonces al sumar tierra incorporamos clostidium y me hace mucho m\u00e1s complicado que las bacterias l\u00e1cticas dominen esa fermentaci\u00f3n\u201d, remarc\u00f3 Clemente.<\/p>\n<div class=\"todoalfalfa-final-de-la-nota\" id=\"todoalfalfa-1503264237\"><a href=\"https:\/\/www.whatsapp.com\/channel\/0029VbCBmFB9WtBxJsD3eC2i\" target=\"_blank\" aria-label=\"5\"><img src=\"https:\/\/i0.wp.com\/www.todoalfalfa.com.ar\/noticias\/wp-content\/uploads\/2026\/04\/5.gif?fit=728%2C90&#038;ssl=1\" alt=\"\"  width=\"728\" height=\"90\"   \/><\/a><\/div>","protected":false},"excerpt":{"rendered":"<p>Desde mediados de febrero y hasta el mes de septiembre de 2019, el centro de recepci&oacute;n de muestras que tiene&#8230;<\/p>\n","protected":false},"author":3,"featured_media":41392,"comment_status":"closed","ping_status":"open","sticky":false,"template":"","format":"standard","meta":{"jetpack_post_was_ever_published":false,"_jetpack_newsletter_access":"","_jetpack_dont_email_post_to_subs":false,"_jetpack_newsletter_tier_id":0,"_jetpack_memberships_contains_paywalled_content":false,"_jetpack_memberships_contains_paid_content":false,"footnotes":""},"categories":[3],"tags":[31,69,110,135,374,682,681,269,326],"class_list":["post-41389","post","type-post","status-publish","format-standard","has-post-thumbnail","hentry","category-heno-y-forrajes","tag-alfalfa","tag-analisis","tag-centro","tag-cordoba","tag-estudio","tag-region","tag-rock-river","tag-silaje","tag-villa-maria"],"yoast_head":"<!-- This site is optimized with the Yoast SEO plugin v25.5 - https:\/\/yoast.com\/wordpress\/plugins\/seo\/ -->\n<title>\u00bfD\u00f3nde estamos parados a la hora de confeccionar un silaje de alfalfa?<\/title>\n<meta name=\"robots\" content=\"index, follow, max-snippet:-1, max-image-preview:large, max-video-preview:-1\" \/>\n<link rel=\"canonical\" href=\"https:\/\/www.todoalfalfa.com.ar\/noticias\/donde-estamos-parados-a-la-hora-de-confeccionar-un-silaje-de-alfalfa\/\" \/>\n<meta property=\"og:locale\" content=\"es_ES\" \/>\n<meta property=\"og:type\" content=\"article\" \/>\n<meta property=\"og:title\" content=\"\u00bfD\u00f3nde estamos parados a la hora de confeccionar un silaje de alfalfa?\" \/>\n<meta property=\"og:description\" content=\"Desde mediados de febrero y hasta el mes de septiembre de 2019, el centro de recepci&oacute;n de muestras que tiene...\" \/>\n<meta property=\"og:url\" content=\"https:\/\/www.todoalfalfa.com.ar\/noticias\/donde-estamos-parados-a-la-hora-de-confeccionar-un-silaje-de-alfalfa\/\" \/>\n<meta property=\"og:site_name\" content=\"Todo Alfalfa\" \/>\n<meta property=\"article:publisher\" content=\"https:\/\/www.facebook.com\/todoalfalfa\" \/>\n<meta property=\"article:published_time\" content=\"2019-10-10T17:44:03+00:00\" \/>\n<meta property=\"article:modified_time\" content=\"2019-10-11T18:37:07+00:00\" \/>\n<meta property=\"og:image\" content=\"https:\/\/www.todoalfalfa.com.ar\/noticias\/wp-content\/uploads\/2019\/10\/alfalfa_corte_2017.jpg\" \/>\n\t<meta property=\"og:image:width\" content=\"777\" \/>\n\t<meta property=\"og:image:height\" content=\"437\" \/>\n\t<meta property=\"og:image:type\" content=\"image\/jpeg\" \/>\n<meta name=\"author\" content=\"Todo Alfalfa\" \/>\n<meta name=\"twitter:card\" content=\"summary_large_image\" \/>\n<meta name=\"twitter:label1\" content=\"Escrito por\" \/>\n\t<meta name=\"twitter:data1\" content=\"Todo Alfalfa\" \/>\n\t<meta name=\"twitter:label2\" content=\"Tiempo de lectura\" \/>\n\t<meta name=\"twitter:data2\" content=\"6 minutos\" \/>\n<script type=\"application\/ld+json\" class=\"yoast-schema-graph\">{\"@context\":\"https:\/\/schema.org\",\"@graph\":[{\"@type\":\"NewsArticle\",\"@id\":\"https:\/\/www.todoalfalfa.com.ar\/noticias\/donde-estamos-parados-a-la-hora-de-confeccionar-un-silaje-de-alfalfa\/#article\",\"isPartOf\":{\"@id\":\"https:\/\/www.todoalfalfa.com.ar\/noticias\/donde-estamos-parados-a-la-hora-de-confeccionar-un-silaje-de-alfalfa\/\"},\"author\":{\"name\":\"Todo Alfalfa\",\"@id\":\"https:\/\/www.todoalfalfa.com.ar\/noticias\/#\/schema\/person\/4ee4bca9b9fa50c4f0fbaf7017fbf2ad\"},\"headline\":\"\u00bfD\u00f3nde estamos parados a la hora de confeccionar un silaje de alfalfa?\",\"datePublished\":\"2019-10-10T17:44:03+00:00\",\"dateModified\":\"2019-10-11T18:37:07+00:00\",\"mainEntityOfPage\":{\"@id\":\"https:\/\/www.todoalfalfa.com.ar\/noticias\/donde-estamos-parados-a-la-hora-de-confeccionar-un-silaje-de-alfalfa\/\"},\"wordCount\":1270,\"publisher\":{\"@id\":\"https:\/\/www.todoalfalfa.com.ar\/noticias\/#organization\"},\"image\":{\"@id\":\"https:\/\/www.todoalfalfa.com.ar\/noticias\/donde-estamos-parados-a-la-hora-de-confeccionar-un-silaje-de-alfalfa\/#primaryimage\"},\"thumbnailUrl\":\"https:\/\/i0.wp.com\/www.todoalfalfa.com.ar\/noticias\/wp-content\/uploads\/2019\/10\/alfalfa_corte_2017.jpg?fit=777%2C437&ssl=1\",\"keywords\":[\"alfalfa\",\"an\u00e1lisis\",\"centro\",\"C\u00f3rdoba\",\"estudio\",\"regi\u00f3n\",\"Rock River\",\"silaje\",\"Villa Mar\u00eda\"],\"articleSection\":[\"Heno y Forrajes\"],\"inLanguage\":\"es\"},{\"@type\":[\"WebPage\",\"ItemPage\"],\"@id\":\"https:\/\/www.todoalfalfa.com.ar\/noticias\/donde-estamos-parados-a-la-hora-de-confeccionar-un-silaje-de-alfalfa\/\",\"url\":\"https:\/\/www.todoalfalfa.com.ar\/noticias\/donde-estamos-parados-a-la-hora-de-confeccionar-un-silaje-de-alfalfa\/\",\"name\":\"\u00bfD\u00f3nde estamos parados a la hora de confeccionar un silaje de alfalfa?\",\"isPartOf\":{\"@id\":\"https:\/\/www.todoalfalfa.com.ar\/noticias\/#website\"},\"primaryImageOfPage\":{\"@id\":\"https:\/\/www.todoalfalfa.com.ar\/noticias\/donde-estamos-parados-a-la-hora-de-confeccionar-un-silaje-de-alfalfa\/#primaryimage\"},\"image\":{\"@id\":\"https:\/\/www.todoalfalfa.com.ar\/noticias\/donde-estamos-parados-a-la-hora-de-confeccionar-un-silaje-de-alfalfa\/#primaryimage\"},\"thumbnailUrl\":\"https:\/\/i0.wp.com\/www.todoalfalfa.com.ar\/noticias\/wp-content\/uploads\/2019\/10\/alfalfa_corte_2017.jpg?fit=777%2C437&ssl=1\",\"datePublished\":\"2019-10-10T17:44:03+00:00\",\"dateModified\":\"2019-10-11T18:37:07+00:00\",\"breadcrumb\":{\"@id\":\"https:\/\/www.todoalfalfa.com.ar\/noticias\/donde-estamos-parados-a-la-hora-de-confeccionar-un-silaje-de-alfalfa\/#breadcrumb\"},\"inLanguage\":\"es\",\"potentialAction\":[{\"@type\":\"ReadAction\",\"target\":[\"https:\/\/www.todoalfalfa.com.ar\/noticias\/donde-estamos-parados-a-la-hora-de-confeccionar-un-silaje-de-alfalfa\/\"]}]},{\"@type\":\"ImageObject\",\"inLanguage\":\"es\",\"@id\":\"https:\/\/www.todoalfalfa.com.ar\/noticias\/donde-estamos-parados-a-la-hora-de-confeccionar-un-silaje-de-alfalfa\/#primaryimage\",\"url\":\"https:\/\/i0.wp.com\/www.todoalfalfa.com.ar\/noticias\/wp-content\/uploads\/2019\/10\/alfalfa_corte_2017.jpg?fit=777%2C437&ssl=1\",\"contentUrl\":\"https:\/\/i0.wp.com\/www.todoalfalfa.com.ar\/noticias\/wp-content\/uploads\/2019\/10\/alfalfa_corte_2017.jpg?fit=777%2C437&ssl=1\",\"width\":777,\"height\":437},{\"@type\":\"BreadcrumbList\",\"@id\":\"https:\/\/www.todoalfalfa.com.ar\/noticias\/donde-estamos-parados-a-la-hora-de-confeccionar-un-silaje-de-alfalfa\/#breadcrumb\",\"itemListElement\":[{\"@type\":\"ListItem\",\"position\":1,\"name\":\"Principal\",\"item\":\"https:\/\/www.todoalfalfa.com.ar\/noticias\/\"},{\"@type\":\"ListItem\",\"position\":2,\"name\":\"\u00bfD\u00f3nde estamos parados a la hora de confeccionar un silaje de alfalfa?\"}]},{\"@type\":\"WebSite\",\"@id\":\"https:\/\/www.todoalfalfa.com.ar\/noticias\/#website\",\"url\":\"https:\/\/www.todoalfalfa.com.ar\/noticias\/\",\"name\":\"Todo Alfalfa\",\"description\":\"Web informativa de la cadena de la alfalfa argentina\",\"publisher\":{\"@id\":\"https:\/\/www.todoalfalfa.com.ar\/noticias\/#organization\"},\"potentialAction\":[{\"@type\":\"SearchAction\",\"target\":{\"@type\":\"EntryPoint\",\"urlTemplate\":\"https:\/\/www.todoalfalfa.com.ar\/noticias\/?s={search_term_string}\"},\"query-input\":{\"@type\":\"PropertyValueSpecification\",\"valueRequired\":true,\"valueName\":\"search_term_string\"}}],\"inLanguage\":\"es\"},{\"@type\":\"Organization\",\"@id\":\"https:\/\/www.todoalfalfa.com.ar\/noticias\/#organization\",\"name\":\"Todo Alfalfa\",\"url\":\"https:\/\/www.todoalfalfa.com.ar\/noticias\/\",\"logo\":{\"@type\":\"ImageObject\",\"inLanguage\":\"es\",\"@id\":\"https:\/\/www.todoalfalfa.com.ar\/noticias\/#\/schema\/logo\/image\/\",\"url\":\"https:\/\/www.todoalfalfa.com.ar\/noticias\/wp-content\/uploads\/2020\/09\/logo-todo-alfalfa-modificado.png\",\"contentUrl\":\"https:\/\/www.todoalfalfa.com.ar\/noticias\/wp-content\/uploads\/2020\/09\/logo-todo-alfalfa-modificado.png\",\"width\":350,\"height\":100,\"caption\":\"Todo Alfalfa\"},\"image\":{\"@id\":\"https:\/\/www.todoalfalfa.com.ar\/noticias\/#\/schema\/logo\/image\/\"},\"sameAs\":[\"https:\/\/www.facebook.com\/todoalfalfa\",\"https:\/\/www.instagram.com\/todoalfalfa\",\"https:\/\/www.youtube.com\/@TodoAlfalfa\",\"https:\/\/www.linkedin.com\/company\/todoalfalfa\/\"]},{\"@type\":\"Person\",\"@id\":\"https:\/\/www.todoalfalfa.com.ar\/noticias\/#\/schema\/person\/4ee4bca9b9fa50c4f0fbaf7017fbf2ad\",\"name\":\"Todo Alfalfa\",\"image\":{\"@type\":\"ImageObject\",\"inLanguage\":\"es\",\"@id\":\"https:\/\/www.todoalfalfa.com.ar\/noticias\/#\/schema\/person\/image\/\",\"url\":\"https:\/\/secure.gravatar.com\/avatar\/4d26a600a1380823a26c3f9cb74ada1a8ee4b482c0c3a616ab022b865c46be8f?s=96&d=mm&r=g\",\"contentUrl\":\"https:\/\/secure.gravatar.com\/avatar\/4d26a600a1380823a26c3f9cb74ada1a8ee4b482c0c3a616ab022b865c46be8f?s=96&d=mm&r=g\",\"caption\":\"Todo Alfalfa\"},\"sameAs\":[\"http:\/\/www.todoalfalfa.com.ar\"],\"url\":\"https:\/\/www.todoalfalfa.com.ar\/noticias\/author\/todoalfalfa\/\"}]}<\/script>\n<!-- \/ Yoast SEO plugin. -->","yoast_head_json":{"title":"\u00bfD\u00f3nde estamos parados a la hora de confeccionar un silaje de alfalfa?","robots":{"index":"index","follow":"follow","max-snippet":"max-snippet:-1","max-image-preview":"max-image-preview:large","max-video-preview":"max-video-preview:-1"},"canonical":"https:\/\/www.todoalfalfa.com.ar\/noticias\/donde-estamos-parados-a-la-hora-de-confeccionar-un-silaje-de-alfalfa\/","og_locale":"es_ES","og_type":"article","og_title":"\u00bfD\u00f3nde estamos parados a la hora de confeccionar un silaje de alfalfa?","og_description":"Desde mediados de febrero y hasta el mes de septiembre de 2019, el centro de recepci&oacute;n de muestras que tiene...","og_url":"https:\/\/www.todoalfalfa.com.ar\/noticias\/donde-estamos-parados-a-la-hora-de-confeccionar-un-silaje-de-alfalfa\/","og_site_name":"Todo Alfalfa","article_publisher":"https:\/\/www.facebook.com\/todoalfalfa","article_published_time":"2019-10-10T17:44:03+00:00","article_modified_time":"2019-10-11T18:37:07+00:00","og_image":[{"width":777,"height":437,"url":"https:\/\/www.todoalfalfa.com.ar\/noticias\/wp-content\/uploads\/2019\/10\/alfalfa_corte_2017.jpg","type":"image\/jpeg"}],"author":"Todo Alfalfa","twitter_card":"summary_large_image","twitter_misc":{"Escrito por":"Todo Alfalfa","Tiempo de lectura":"6 minutos"},"schema":{"@context":"https:\/\/schema.org","@graph":[{"@type":"NewsArticle","@id":"https:\/\/www.todoalfalfa.com.ar\/noticias\/donde-estamos-parados-a-la-hora-de-confeccionar-un-silaje-de-alfalfa\/#article","isPartOf":{"@id":"https:\/\/www.todoalfalfa.com.ar\/noticias\/donde-estamos-parados-a-la-hora-de-confeccionar-un-silaje-de-alfalfa\/"},"author":{"name":"Todo Alfalfa","@id":"https:\/\/www.todoalfalfa.com.ar\/noticias\/#\/schema\/person\/4ee4bca9b9fa50c4f0fbaf7017fbf2ad"},"headline":"\u00bfD\u00f3nde estamos parados a la hora de confeccionar un silaje de alfalfa?","datePublished":"2019-10-10T17:44:03+00:00","dateModified":"2019-10-11T18:37:07+00:00","mainEntityOfPage":{"@id":"https:\/\/www.todoalfalfa.com.ar\/noticias\/donde-estamos-parados-a-la-hora-de-confeccionar-un-silaje-de-alfalfa\/"},"wordCount":1270,"publisher":{"@id":"https:\/\/www.todoalfalfa.com.ar\/noticias\/#organization"},"image":{"@id":"https:\/\/www.todoalfalfa.com.ar\/noticias\/donde-estamos-parados-a-la-hora-de-confeccionar-un-silaje-de-alfalfa\/#primaryimage"},"thumbnailUrl":"https:\/\/i0.wp.com\/www.todoalfalfa.com.ar\/noticias\/wp-content\/uploads\/2019\/10\/alfalfa_corte_2017.jpg?fit=777%2C437&ssl=1","keywords":["alfalfa","an\u00e1lisis","centro","C\u00f3rdoba","estudio","regi\u00f3n","Rock River","silaje","Villa Mar\u00eda"],"articleSection":["Heno y Forrajes"],"inLanguage":"es"},{"@type":["WebPage","ItemPage"],"@id":"https:\/\/www.todoalfalfa.com.ar\/noticias\/donde-estamos-parados-a-la-hora-de-confeccionar-un-silaje-de-alfalfa\/","url":"https:\/\/www.todoalfalfa.com.ar\/noticias\/donde-estamos-parados-a-la-hora-de-confeccionar-un-silaje-de-alfalfa\/","name":"\u00bfD\u00f3nde estamos parados a la hora de confeccionar un silaje de alfalfa?","isPartOf":{"@id":"https:\/\/www.todoalfalfa.com.ar\/noticias\/#website"},"primaryImageOfPage":{"@id":"https:\/\/www.todoalfalfa.com.ar\/noticias\/donde-estamos-parados-a-la-hora-de-confeccionar-un-silaje-de-alfalfa\/#primaryimage"},"image":{"@id":"https:\/\/www.todoalfalfa.com.ar\/noticias\/donde-estamos-parados-a-la-hora-de-confeccionar-un-silaje-de-alfalfa\/#primaryimage"},"thumbnailUrl":"https:\/\/i0.wp.com\/www.todoalfalfa.com.ar\/noticias\/wp-content\/uploads\/2019\/10\/alfalfa_corte_2017.jpg?fit=777%2C437&ssl=1","datePublished":"2019-10-10T17:44:03+00:00","dateModified":"2019-10-11T18:37:07+00:00","breadcrumb":{"@id":"https:\/\/www.todoalfalfa.com.ar\/noticias\/donde-estamos-parados-a-la-hora-de-confeccionar-un-silaje-de-alfalfa\/#breadcrumb"},"inLanguage":"es","potentialAction":[{"@type":"ReadAction","target":["https:\/\/www.todoalfalfa.com.ar\/noticias\/donde-estamos-parados-a-la-hora-de-confeccionar-un-silaje-de-alfalfa\/"]}]},{"@type":"ImageObject","inLanguage":"es","@id":"https:\/\/www.todoalfalfa.com.ar\/noticias\/donde-estamos-parados-a-la-hora-de-confeccionar-un-silaje-de-alfalfa\/#primaryimage","url":"https:\/\/i0.wp.com\/www.todoalfalfa.com.ar\/noticias\/wp-content\/uploads\/2019\/10\/alfalfa_corte_2017.jpg?fit=777%2C437&ssl=1","contentUrl":"https:\/\/i0.wp.com\/www.todoalfalfa.com.ar\/noticias\/wp-content\/uploads\/2019\/10\/alfalfa_corte_2017.jpg?fit=777%2C437&ssl=1","width":777,"height":437},{"@type":"BreadcrumbList","@id":"https:\/\/www.todoalfalfa.com.ar\/noticias\/donde-estamos-parados-a-la-hora-de-confeccionar-un-silaje-de-alfalfa\/#breadcrumb","itemListElement":[{"@type":"ListItem","position":1,"name":"Principal","item":"https:\/\/www.todoalfalfa.com.ar\/noticias\/"},{"@type":"ListItem","position":2,"name":"\u00bfD\u00f3nde estamos parados a la hora de confeccionar un silaje de alfalfa?"}]},{"@type":"WebSite","@id":"https:\/\/www.todoalfalfa.com.ar\/noticias\/#website","url":"https:\/\/www.todoalfalfa.com.ar\/noticias\/","name":"Todo Alfalfa","description":"Web informativa de la cadena de la alfalfa argentina","publisher":{"@id":"https:\/\/www.todoalfalfa.com.ar\/noticias\/#organization"},"potentialAction":[{"@type":"SearchAction","target":{"@type":"EntryPoint","urlTemplate":"https:\/\/www.todoalfalfa.com.ar\/noticias\/?s={search_term_string}"},"query-input":{"@type":"PropertyValueSpecification","valueRequired":true,"valueName":"search_term_string"}}],"inLanguage":"es"},{"@type":"Organization","@id":"https:\/\/www.todoalfalfa.com.ar\/noticias\/#organization","name":"Todo Alfalfa","url":"https:\/\/www.todoalfalfa.com.ar\/noticias\/","logo":{"@type":"ImageObject","inLanguage":"es","@id":"https:\/\/www.todoalfalfa.com.ar\/noticias\/#\/schema\/logo\/image\/","url":"https:\/\/www.todoalfalfa.com.ar\/noticias\/wp-content\/uploads\/2020\/09\/logo-todo-alfalfa-modificado.png","contentUrl":"https:\/\/www.todoalfalfa.com.ar\/noticias\/wp-content\/uploads\/2020\/09\/logo-todo-alfalfa-modificado.png","width":350,"height":100,"caption":"Todo Alfalfa"},"image":{"@id":"https:\/\/www.todoalfalfa.com.ar\/noticias\/#\/schema\/logo\/image\/"},"sameAs":["https:\/\/www.facebook.com\/todoalfalfa","https:\/\/www.instagram.com\/todoalfalfa","https:\/\/www.youtube.com\/@TodoAlfalfa","https:\/\/www.linkedin.com\/company\/todoalfalfa\/"]},{"@type":"Person","@id":"https:\/\/www.todoalfalfa.com.ar\/noticias\/#\/schema\/person\/4ee4bca9b9fa50c4f0fbaf7017fbf2ad","name":"Todo Alfalfa","image":{"@type":"ImageObject","inLanguage":"es","@id":"https:\/\/www.todoalfalfa.com.ar\/noticias\/#\/schema\/person\/image\/","url":"https:\/\/secure.gravatar.com\/avatar\/4d26a600a1380823a26c3f9cb74ada1a8ee4b482c0c3a616ab022b865c46be8f?s=96&d=mm&r=g","contentUrl":"https:\/\/secure.gravatar.com\/avatar\/4d26a600a1380823a26c3f9cb74ada1a8ee4b482c0c3a616ab022b865c46be8f?s=96&d=mm&r=g","caption":"Todo Alfalfa"},"sameAs":["http:\/\/www.todoalfalfa.com.ar"],"url":"https:\/\/www.todoalfalfa.com.ar\/noticias\/author\/todoalfalfa\/"}]}},"jetpack_featured_media_url":"https:\/\/i0.wp.com\/www.todoalfalfa.com.ar\/noticias\/wp-content\/uploads\/2019\/10\/alfalfa_corte_2017.jpg?fit=777%2C437&ssl=1","wps_subtitle":"Un estudio sobre muestras analizadas en la zona centro-sur de C\u00f3rdoba indica que hay mucho por mejorar en la producci\u00f3n del silaje. Materia Seca, Prote\u00edna e indigestibilidad de fibra, son algunos de los par\u00e1metros a los que hay que prestarle m\u00e1s atenci\u00f3n. Algunas claves para perfeccionarlo.","jetpack_sharing_enabled":true,"_links":{"self":[{"href":"https:\/\/www.todoalfalfa.com.ar\/noticias\/wp-json\/wp\/v2\/posts\/41389","targetHints":{"allow":["GET"]}}],"collection":[{"href":"https:\/\/www.todoalfalfa.com.ar\/noticias\/wp-json\/wp\/v2\/posts"}],"about":[{"href":"https:\/\/www.todoalfalfa.com.ar\/noticias\/wp-json\/wp\/v2\/types\/post"}],"author":[{"embeddable":true,"href":"https:\/\/www.todoalfalfa.com.ar\/noticias\/wp-json\/wp\/v2\/users\/3"}],"replies":[{"embeddable":true,"href":"https:\/\/www.todoalfalfa.com.ar\/noticias\/wp-json\/wp\/v2\/comments?post=41389"}],"version-history":[{"count":0,"href":"https:\/\/www.todoalfalfa.com.ar\/noticias\/wp-json\/wp\/v2\/posts\/41389\/revisions"}],"wp:featuredmedia":[{"embeddable":true,"href":"https:\/\/www.todoalfalfa.com.ar\/noticias\/wp-json\/wp\/v2\/media\/41392"}],"wp:attachment":[{"href":"https:\/\/www.todoalfalfa.com.ar\/noticias\/wp-json\/wp\/v2\/media?parent=41389"}],"wp:term":[{"taxonomy":"category","embeddable":true,"href":"https:\/\/www.todoalfalfa.com.ar\/noticias\/wp-json\/wp\/v2\/categories?post=41389"},{"taxonomy":"post_tag","embeddable":true,"href":"https:\/\/www.todoalfalfa.com.ar\/noticias\/wp-json\/wp\/v2\/tags?post=41389"}],"curies":[{"name":"wp","href":"https:\/\/api.w.org\/{rel}","templated":true}]}}