{"id":41428,"date":"2019-10-16T15:55:48","date_gmt":"2019-10-16T18:55:48","guid":{"rendered":"https:\/\/www.todoalfalfa.com.ar\/?p=41428"},"modified":"2019-10-21T09:22:55","modified_gmt":"2019-10-21T12:22:55","slug":"la-cadena-de-alfalfa-tendra-su-espacio-de-negocios-en-villa-maria","status":"publish","type":"post","link":"https:\/\/www.todoalfalfa.com.ar\/noticias\/la-cadena-de-alfalfa-tendra-su-espacio-de-negocios-en-villa-maria\/","title":{"rendered":"La cadena de alfalfa tendr\u00e1 su espacio de negocios en Villa Mar\u00eda"},"content":{"rendered":"\n<p>Los d\u00edas 13 y 14 de noviembre en el Campus de la Universidad Nacional de Villa Mar\u00eda, tendr\u00e1n lugar las Jornadas Nacionales de Alfalfa 2019 (JONAlfa), evento de car\u00e1cter bianual que re\u00fane a toda la cadena alfalfera argentina para conocer las \u00faltimas actualizaciones sobre el cultivo. El evento, es organizado por el Grupo TodoAgro y el Instituto Acad\u00e9mico Pedag\u00f3gico de Ciencias B\u00e1sicas Aplicadas de la UNVM.<\/p>\n\n\n\n<p>Adem\u00e1s de contar con un nutrido programa de conferencias, el cual ya tiene confirmado todo su eje tem\u00e1tico y los expertos nacionales e internacionales que lo abordar\u00e1n, la edici\u00f3n 2019 de las JONAlfa llegan con un espacio exclusivo para fomentar los negocios entorno al cultivo y sus subproductos.<\/p>\n\n\n\n<p>Ser\u00e1 a trav\u00e9s del <strong>\u201cForo: Desaf\u00edo y Oportunidades en el negocio de la alfalfa\u201d<\/strong>, que se desarrollar\u00e1 durante el primer d\u00eda del evento a las 18:00 hs en el Hotel Amerian Villa Mar\u00eda, reuniendo a oferentes y demandantes de productos y servicios vinculados a la cadena, que se predispondr\u00e1n a escuchar propuestas, demandas y opciones de negocio por parte de diferentes actores vinculados a la producci\u00f3n primaria del cultivo, interesados en avanzar tanto en el proceso de exportaci\u00f3n de subproductos como as\u00ed tambi\u00e9n en negocios dentro del mercado interno argentino que involucren a la alfalfa.<\/p>\n\n\n\n<p style=\"text-align:left\">Del lado de los oferentes podr\u00e1n registrarse empresas productoras de heno de alfalfa, de cubos, pellets, fardos, proveedores de maquinarias, de semilla y brokers, entre otros rubros. Por su parte, por el lado de la demanda se espera la participaci\u00f3n de productores de alfalfa, grupos de producci\u00f3n, inversores, profesionales vinculados a la actividad y dem\u00e1s individuos interesados en entablar negociaciones.<br><br><img data-recalc-dims=\"1\" fetchpriority=\"high\" decoding=\"async\" width=\"650\" height=\"434\" class=\"wp-image-41430\" style=\"width: 400px\" src=\"https:\/\/i0.wp.com\/www.todoalfalfa.com.ar\/wp-content\/uploads\/2019\/10\/mesa_dialogo_chica.jpg?resize=650%2C434&#038;ssl=1\" alt=\"\" srcset=\"https:\/\/i0.wp.com\/www.todoalfalfa.com.ar\/noticias\/wp-content\/uploads\/2019\/10\/mesa_dialogo_chica.jpg?w=650&amp;ssl=1 650w, https:\/\/i0.wp.com\/www.todoalfalfa.com.ar\/noticias\/wp-content\/uploads\/2019\/10\/mesa_dialogo_chica.jpg?resize=300%2C200&amp;ssl=1 300w\" sizes=\"(max-width: 650px) 100vw, 650px\" \/><\/p>\n\n\n\n<p>Quienes quieran participar en estas mesas de di\u00e1logo y negocios que propone el foro, podr\u00e1n inscribirse a trav\u00e9s de la web del evento <a href=\"http:\/\/jornadasdealfalfa.com.ar\/alfalfa\/\">www.jornadasdealfalfa.com.ar<\/a>, indicando el rubro de su inter\u00e9s. Cabe remarcar que los cupos de inscripci\u00f3n son limitados, a fin de brindar a las demandas tiempo suficiente para entablar conversaciones.<\/p>\n\n\n\n<p>Previo al inicio de la ronda de di\u00e1logo entre oferentes y demandantes, se realizar\u00e1n dos charlas para contextualizar los desaf\u00edos de la alfalfa argentina, pensando en el crecimiento de la actividad en el pa\u00eds. La primera versar\u00e1 sobre \u201cEl negocio de la alfalfa en Argentina\u201d, a cargo de Jos\u00e9 Brigante, presidente de la C\u00e1mara Argentina de la Alfalfa y posteriormente Gabriel Osatinsky, presidente de la C\u00e1mara Argentino Emirat\u00ed, ahondar\u00e1 sobre \u201c\u00bfCu\u00e1les son las demandas del mercado mundial?\u201d. <\/p>\n\n\n\n<p><strong>Programa de conferencias confirmado, con la participaci\u00f3n de 13 especialistas<\/strong><br>Desde la organizaci\u00f3n ya han confirmado el cien por ciento del programa del evento, as\u00ed como tambi\u00e9n los referentes (nacionales y extranjeros) que disertar\u00e1n en cada uno de los temas planteados. Las conferencias, se realizar\u00e1n durante toda la jornada del d\u00eda mi\u00e9rcoles 13 y por la ma\u00f1ana del jueves 14, para dar luego espacio a la Fase a Campo, que tendr\u00e1 lugar en horas de la tarde en el campo demostrativo de la universidad.<br><br><img data-recalc-dims=\"1\" decoding=\"async\" width=\"650\" height=\"434\" class=\"wp-image-41431\" style=\"width: 600px\" src=\"https:\/\/i0.wp.com\/www.todoalfalfa.com.ar\/wp-content\/uploads\/2019\/10\/conferencia_jonalfa_chica.jpg?resize=650%2C434&#038;ssl=1\" alt=\"\" srcset=\"https:\/\/i0.wp.com\/www.todoalfalfa.com.ar\/noticias\/wp-content\/uploads\/2019\/10\/conferencia_jonalfa_chica.jpg?w=650&amp;ssl=1 650w, https:\/\/i0.wp.com\/www.todoalfalfa.com.ar\/noticias\/wp-content\/uploads\/2019\/10\/conferencia_jonalfa_chica.jpg?resize=300%2C200&amp;ssl=1 300w\" sizes=\"(max-width: 650px) 100vw, 650px\" \/><\/p>\n\n\n\n<p><strong>D\u00cdA 1 (13 de noviembre)<\/strong> <br>8.00 a 9.00 hs: Inscripciones en Campus de UNVM.<\/p>\n\n\n\n<p>9.00 hs: Apertura.<\/p>\n\n\n\n<p>9.20 hs: <strong>Panorama de la alfalfa en Argentina. Evoluci\u00f3n del \u00e1rea, progreso gen\u00e9tico, certezas en su manejo.<\/strong> Ing. Mart\u00edn Zingoni, director de Forratec Argentina.<\/p>\n\n\n\n<p>9.50 hs: <strong>Claves para una siembra eficiente de la Alfalfa. Sistemas y Regulaciones. El M\u00e9todo GM<\/strong>. Guillermo Marr\u00f3n, titular del Instituto de Ingenier\u00eda Rural del INTA Castelar.<\/p>\n\n\n\n<p>10.20 hs: Novedades de empresas del sector.<\/p>\n\n\n\n<p>10.50 hs: <strong>Manejo de malezas en el cultivo de alfalfa, en tiempos de mayores resistencias.<\/strong> Ing. Ulises Gerardo, docente universitario y t\u00e9cnico de Corteva.<\/p>\n\n\n\n<p>11.20 hs: Coffee Break.<\/p>\n\n\n\n<p>12.20 hs: <strong>C\u00f3mo se est\u00e1 dando y c\u00f3mo se dar\u00e1 el progreso en productividad de la alfalfa en los pr\u00f3ximos 20 a\u00f1os.<\/strong><\/p>\n\n\n\n<ul class=\"wp-block-list\"><li><strong>Mejoramiento convencional y edici\u00f3n g\u00e9nica.<\/strong> Jonathan Reich, Breeder Alforex Seeds \u2013 Cal West Seeds. <\/li><li><strong>Biotecnolog\u00edas en Alfalfa. El aporte del evento HarvXtra<\/strong>. Ing. Roberto Rossanigo, director de Forage Genetics Argentina.<\/li><\/ul>\n\n\n\n<p>13.30 hs: Inauguraci\u00f3n con la presencia de funcionarios provinciales y nacionales.<\/p>\n\n\n\n<p>14.00 hs: Almuerzo<\/p>\n\n\n\n<p>15.30 hs: <strong>Manejo nutricional de pasturas de alfalfa. Resultados de ensayos con macro y micro nutrientes.<\/strong> Ing. Agr. Fernando Salvagiotti, t\u00e9cnico del INTA EEA Oliveros.<\/p>\n\n\n\n<p>16.00 hs: <strong>Impacto del riego en alfalfa.<\/strong> Ing. Marcos Bergero, productor lechero de Sacanta (C\u00f3rdoba).<\/p>\n\n\n\n<p>16.30 hs: <strong>Consideraciones sobre el uso eficiente de la alfalfa para pastoreo directo<\/strong>. Ing. Jos\u00e9 J\u00e1uregui, docente universitario y miembro del equipo de desarrollo de Gentos. <\/p>\n\n\n\n<p>17.00 hs: Cierre de la jornada.<\/p>\n\n\n\n<p class=\"has-background has-very-light-gray-background-color\"><em>Actividades paralelas al cierre de las conferencias del primer d\u00eda:<\/em><br><br>18:00 hs: <strong>FORO: \u201cDesaf\u00ecos y oportunidades en el negocio de la alfalfa\u201d<\/strong>.<br> Tendr\u00e1 lugar en el Amerian Park Hotel de Villa Mar\u00eda. Ser\u00e1 con cupos limitados, previa inscripci\u00f3n y confirmaci\u00f3n en la web del evento (<a href=\"http:\/\/jornadasdealfalfa.com.ar\/alfalfa\/foro-jonalfa\/\">www.jornadasdealfalfa.com.ar\/alfalfa\/foro-jonalfa\/<\/a>)<br>Se trata de un espacio exclusivo para fomentar negocios entorno al cultivo de la alfalfa, que agrupar\u00e1 a oferentes y demandantes vinculados a la cadena de la alfalfa y sus subproductos.<br>18:10 hs: Apertura<br>18:15 hs: <em>El negocio de la alfalfa en Argentina. Jos\u00e9 Brigante, presidente de la C\u00e1mara Argentina Alfalfa.<\/em><br>18:45 hs: <em>\u00bfCu\u00e1les son las demandas del mercado mundial?. Gabriel Osatinsky, presidente de la C\u00e1mara Argentino Emirat\u00ed<\/em><br>19:15 hs: Mesas de negocios de la cadena alfalfera.<br>20:30 hs: cierre del Foro.<\/p>\n\n\n\n<p class=\"has-background has-very-light-gray-background-color\">18:00 hs: <strong>Cl\u00ednica de Siembra de Alfalfa<\/strong><br>Habr\u00e1 una cl\u00ednica de siembra en alfalfa, a cargo de Guillermo Marr\u00f3n, destinada a ingenieros y estudiantes avanzados, en un campo cercano al auditorio.<br>La actividad es organizada de manera conjunta entre el INTA Villa Mar\u00eda y la regional Aapresid Villa Mar\u00eda.<\/p>\n\n\n\n<p>21:30 hs: Cena de camarader\u00eda en el Amerian park Hotel Villa Mar\u00eda (previa inscripci\u00f3n y con cupos limitados).<\/p>\n\n\n\n<p><br><strong>D\u00cdA 2 (14 de noviembre) <\/strong><br>8:30 hs: Recepci\u00f3n Campus UNVM<\/p>\n\n\n\n<p>9:00 hs: <strong>Perspectivas de la econom\u00eda y los mercados agropecuarios tras las elecciones nacionales. Oportunidades para el negocio del heno y productos base alfalfa. <\/strong><br>Lic. Carlos Seggiaro, economista, docente universitario y consultor.<\/p>\n\n\n\n<p>9:50 hs: <strong>Claves para confeccionar un silo de alfalfa de calidad.<\/strong> <br>Ing. Julio Raciti, asesor privado e integrante de \u00c1rea Producci\u00f3n Primaria de Manfrey.<\/p>\n\n\n\n<p>10:20 hs: <strong>C\u00f3mo mejorar los procesos de henificaci\u00f3n en alfalfa. Rollos y\/o Megafardos. \u00bfCu\u00e1les son los principales errores?<\/strong>. Ing. Jos\u00e9 Peiretti, t\u00e9cnico del Inta Salta.<\/p>\n\n\n\n<p>11:15 hs: Coffe break.<\/p>\n\n\n\n<p>12:15 hs: <strong>Panel: \u00bfQu\u00e9 estamos leyendo de la demanda mundial y de la oferta argentina de productos base alfalfa?. Desaf\u00edos y oportunidades.<\/strong> Jos\u00e9 Brigante, presidente de la C\u00e1mara Argentina de la Alfalfa y Gabriel Osatinsky, presidente de la C\u00e1mara Emirat\u00ed Argentina.<\/p>\n\n\n\n<p>12:45 hs:<strong> \u00bfQu\u00e9 proponen las provincias en materia ganadera y en torno al negocio de la alfalfa?<\/strong>. Exponen funcionarios de las provincias de C\u00f3rdoba, Santa Fe, San Juan y Santiago del Estero.<\/p>\n\n\n\n<p>14:00 hs: Almuerzo<\/p>\n\n\n\n<p class=\"has-background has-very-light-gray-background-color\"><em>Actividad paralela<\/em><br><br><strong>Charla para estudiantes: La alfalfa y los j\u00f3venes<\/strong><br>A las 10:00 hs se realizar\u00e1n dos charlas dirigida a estudiantes de colegios agrot\u00e9cnicos y estudiantes universitarios de los primeros a\u00f1os, en el Aula B1 del Campus.<br>* <em>Sustentabilidad en agricultura. Nuevos paradigmas para las futuras generaciones<\/em>, a cargo del Ing. Juli\u00e1n Arp\u00f3n.<br>* <em>Nuevas tecnolog\u00edas para el manejo de sistemas productivos m\u00e1s sustentables<\/em>, a cargo de N\u00e9stor Di Leo, docente universitario UNVM y UNR. <\/p>\n\n\n\n<p><strong>15:15 hs: INICIO DE LA FASE A CAMPO <\/strong><br><br>15:20 hs: <strong>Charla en la calicata del Campo Demostrativo.<\/strong> Los desaf\u00edos de los suelos del semi\u00e1rido. Ing. Juli\u00e1n Arp\u00f3n, titular de la consultora A&amp;D.<br><br>15:35 hs: <strong>Recorrido por las megaparcelas, con descripci\u00f3n a cargo de empresas auspiciantes.<\/strong> Se mostrar\u00e1n 50 materiales de 23 semilleros.<br><br>16:20 hs: <strong>Manejo de malezas en alfalfa<\/strong>. Parada HAB-Corteva, a cargo de los profesionales de la firma H\u00e9ctor A. Bertone.<br><br>16:30 hs: <strong>Nutrici\u00f3n de precisi\u00f3n en alfalfa. <\/strong>Parada de Yara-Moray SAS; a cargo de t\u00e9cnicos de la empresa.<br><br>16:40 hs: <strong>Comienzo de la din\u00e1mica de maquinarias:<\/strong> Participar\u00e1n 30 equipos de segado-acondicionado, rastrillos, gir\u00f3scopos, enfardadoras, enrrolladoras, megaenfardadoras y mixers.<br><br>18:30 hs: Cierre del evento.<br><br><img data-recalc-dims=\"1\" decoding=\"async\" width=\"650\" height=\"434\" class=\"wp-image-41432\" style=\"width: 650px\" src=\"https:\/\/i0.wp.com\/www.todoalfalfa.com.ar\/wp-content\/uploads\/2019\/10\/dinamica_jonalfa_chica.jpg?resize=650%2C434&#038;ssl=1\" alt=\"\" srcset=\"https:\/\/i0.wp.com\/www.todoalfalfa.com.ar\/noticias\/wp-content\/uploads\/2019\/10\/dinamica_jonalfa_chica.jpg?w=650&amp;ssl=1 650w, https:\/\/i0.wp.com\/www.todoalfalfa.com.ar\/noticias\/wp-content\/uploads\/2019\/10\/dinamica_jonalfa_chica.jpg?resize=300%2C200&amp;ssl=1 300w\" sizes=\"(max-width: 650px) 100vw, 650px\" \/><\/p>\n\n\n\n<p><em>Las inscripciones a las JONAlfa 2019 se pueden realizar mediante la web <\/em><a href=\"http:\/\/www.jornadasdealfalfa.com.ar\"><em>www.jornadasdealfalfa.com.ar<\/em><\/a><em> o a los siguientes contactos: <\/em><a href=\"&#109;&#97;&#x69;l&#116;&#x6f;&#x3a;s&#117;&#x73;&#x63;r&#105;&#x70;&#x63;i&#111;&#x6e;&#x65;s&#64;&#x6a;&#x6f;r&#110;&#x61;d&#97;&#115;&#x64;e&#97;&#x6c;&#x66;a&#108;&#x66;&#x61;&#46;&#99;&#x6f;&#x6d;&#46;&#97;&#x72;\"><em>&#x73;&#x75;&#115;&#99;&#114;i&#x70;&#x63;&#x69;&#111;&#110;es&#x40;&#x6a;&#x6f;&#114;&#110;a&#x64;&#x61;&#x73;&#100;&#101;&#97;l&#x66;&#x61;&#x6c;&#102;&#97;&#46;c&#x6f;&#x6d;&#x2e;&#97;&#114;<\/em><\/a><em> \/ Tel: (0353) 4536239 \/ 4613068<\/em><\/p>\n<div class=\"todoalfalfa-final-de-la-nota\" id=\"todoalfalfa-2532522786\"><a href=\"https:\/\/www.whatsapp.com\/channel\/0029VbCBmFB9WtBxJsD3eC2i\" target=\"_blank\" aria-label=\"5\"><img src=\"https:\/\/i0.wp.com\/www.todoalfalfa.com.ar\/noticias\/wp-content\/uploads\/2026\/04\/5.gif?fit=728%2C90&#038;ssl=1\" alt=\"\"  width=\"728\" height=\"90\"   \/><\/a><\/div>","protected":false},"excerpt":{"rendered":"<p>Los d&iacute;as 13 y 14 de noviembre en el Campus de la Universidad Nacional de Villa Mar&iacute;a, tendr&aacute;n lugar las&#8230;<\/p>\n","protected":false},"author":3,"featured_media":41429,"comment_status":"closed","ping_status":"open","sticky":false,"template":"","format":"standard","meta":{"jetpack_post_was_ever_published":false,"_jetpack_newsletter_access":"","_jetpack_dont_email_post_to_subs":false,"_jetpack_newsletter_tier_id":0,"_jetpack_memberships_contains_paywalled_content":false,"_jetpack_memberships_contains_paid_content":false,"footnotes":""},"categories":[2],"tags":[683,642,460,326],"class_list":["post-41428","post","type-post","status-publish","format-standard","has-post-thumbnail","hentry","category-generales","tag-foro","tag-jonalfa2019","tag-negocios","tag-villa-maria"],"yoast_head":"<!-- This site is optimized with the Yoast SEO plugin v25.5 - https:\/\/yoast.com\/wordpress\/plugins\/seo\/ -->\n<title>La cadena de alfalfa tendr\u00e1 su espacio de negocios en Villa Mar\u00eda<\/title>\n<meta name=\"robots\" content=\"index, follow, max-snippet:-1, max-image-preview:large, max-video-preview:-1\" \/>\n<link rel=\"canonical\" href=\"https:\/\/www.todoalfalfa.com.ar\/noticias\/la-cadena-de-alfalfa-tendra-su-espacio-de-negocios-en-villa-maria\/\" \/>\n<meta property=\"og:locale\" content=\"es_ES\" \/>\n<meta property=\"og:type\" content=\"article\" \/>\n<meta property=\"og:title\" content=\"La cadena de alfalfa tendr\u00e1 su espacio de negocios en Villa Mar\u00eda\" \/>\n<meta property=\"og:description\" content=\"Los d&iacute;as 13 y 14 de noviembre en el Campus de la Universidad Nacional de Villa Mar&iacute;a, tendr&aacute;n lugar las...\" \/>\n<meta property=\"og:url\" content=\"https:\/\/www.todoalfalfa.com.ar\/noticias\/la-cadena-de-alfalfa-tendra-su-espacio-de-negocios-en-villa-maria\/\" \/>\n<meta property=\"og:site_name\" content=\"Todo Alfalfa\" \/>\n<meta property=\"article:publisher\" content=\"https:\/\/www.facebook.com\/todoalfalfa\" \/>\n<meta property=\"article:published_time\" content=\"2019-10-16T18:55:48+00:00\" \/>\n<meta property=\"article:modified_time\" content=\"2019-10-21T12:22:55+00:00\" \/>\n<meta property=\"og:image\" content=\"https:\/\/www.todoalfalfa.com.ar\/noticias\/wp-content\/uploads\/2019\/10\/salon_jonalfa.jpg\" \/>\n\t<meta property=\"og:image:width\" content=\"777\" \/>\n\t<meta property=\"og:image:height\" content=\"437\" \/>\n\t<meta property=\"og:image:type\" content=\"image\/jpeg\" \/>\n<meta name=\"author\" content=\"Todo Alfalfa\" \/>\n<meta name=\"twitter:card\" content=\"summary_large_image\" \/>\n<meta name=\"twitter:label1\" content=\"Escrito por\" \/>\n\t<meta name=\"twitter:data1\" content=\"Todo Alfalfa\" \/>\n\t<meta name=\"twitter:label2\" content=\"Tiempo de lectura\" \/>\n\t<meta name=\"twitter:data2\" content=\"7 minutos\" \/>\n<script type=\"application\/ld+json\" class=\"yoast-schema-graph\">{\"@context\":\"https:\/\/schema.org\",\"@graph\":[{\"@type\":\"NewsArticle\",\"@id\":\"https:\/\/www.todoalfalfa.com.ar\/noticias\/la-cadena-de-alfalfa-tendra-su-espacio-de-negocios-en-villa-maria\/#article\",\"isPartOf\":{\"@id\":\"https:\/\/www.todoalfalfa.com.ar\/noticias\/la-cadena-de-alfalfa-tendra-su-espacio-de-negocios-en-villa-maria\/\"},\"author\":{\"name\":\"Todo Alfalfa\",\"@id\":\"https:\/\/www.todoalfalfa.com.ar\/noticias\/#\/schema\/person\/4ee4bca9b9fa50c4f0fbaf7017fbf2ad\"},\"headline\":\"La cadena de alfalfa tendr\u00e1 su espacio de negocios en Villa Mar\u00eda\",\"datePublished\":\"2019-10-16T18:55:48+00:00\",\"dateModified\":\"2019-10-21T12:22:55+00:00\",\"mainEntityOfPage\":{\"@id\":\"https:\/\/www.todoalfalfa.com.ar\/noticias\/la-cadena-de-alfalfa-tendra-su-espacio-de-negocios-en-villa-maria\/\"},\"wordCount\":1382,\"publisher\":{\"@id\":\"https:\/\/www.todoalfalfa.com.ar\/noticias\/#organization\"},\"image\":{\"@id\":\"https:\/\/www.todoalfalfa.com.ar\/noticias\/la-cadena-de-alfalfa-tendra-su-espacio-de-negocios-en-villa-maria\/#primaryimage\"},\"thumbnailUrl\":\"https:\/\/i0.wp.com\/www.todoalfalfa.com.ar\/noticias\/wp-content\/uploads\/2019\/10\/salon_jonalfa.jpg?fit=777%2C437&ssl=1\",\"keywords\":[\"foro\",\"jonalfa2019\",\"negocios\",\"Villa Mar\u00eda\"],\"articleSection\":[\"Generales\"],\"inLanguage\":\"es\"},{\"@type\":[\"WebPage\",\"ItemPage\"],\"@id\":\"https:\/\/www.todoalfalfa.com.ar\/noticias\/la-cadena-de-alfalfa-tendra-su-espacio-de-negocios-en-villa-maria\/\",\"url\":\"https:\/\/www.todoalfalfa.com.ar\/noticias\/la-cadena-de-alfalfa-tendra-su-espacio-de-negocios-en-villa-maria\/\",\"name\":\"La cadena de alfalfa tendr\u00e1 su espacio de negocios en Villa Mar\u00eda\",\"isPartOf\":{\"@id\":\"https:\/\/www.todoalfalfa.com.ar\/noticias\/#website\"},\"primaryImageOfPage\":{\"@id\":\"https:\/\/www.todoalfalfa.com.ar\/noticias\/la-cadena-de-alfalfa-tendra-su-espacio-de-negocios-en-villa-maria\/#primaryimage\"},\"image\":{\"@id\":\"https:\/\/www.todoalfalfa.com.ar\/noticias\/la-cadena-de-alfalfa-tendra-su-espacio-de-negocios-en-villa-maria\/#primaryimage\"},\"thumbnailUrl\":\"https:\/\/i0.wp.com\/www.todoalfalfa.com.ar\/noticias\/wp-content\/uploads\/2019\/10\/salon_jonalfa.jpg?fit=777%2C437&ssl=1\",\"datePublished\":\"2019-10-16T18:55:48+00:00\",\"dateModified\":\"2019-10-21T12:22:55+00:00\",\"breadcrumb\":{\"@id\":\"https:\/\/www.todoalfalfa.com.ar\/noticias\/la-cadena-de-alfalfa-tendra-su-espacio-de-negocios-en-villa-maria\/#breadcrumb\"},\"inLanguage\":\"es\",\"potentialAction\":[{\"@type\":\"ReadAction\",\"target\":[\"https:\/\/www.todoalfalfa.com.ar\/noticias\/la-cadena-de-alfalfa-tendra-su-espacio-de-negocios-en-villa-maria\/\"]}]},{\"@type\":\"ImageObject\",\"inLanguage\":\"es\",\"@id\":\"https:\/\/www.todoalfalfa.com.ar\/noticias\/la-cadena-de-alfalfa-tendra-su-espacio-de-negocios-en-villa-maria\/#primaryimage\",\"url\":\"https:\/\/i0.wp.com\/www.todoalfalfa.com.ar\/noticias\/wp-content\/uploads\/2019\/10\/salon_jonalfa.jpg?fit=777%2C437&ssl=1\",\"contentUrl\":\"https:\/\/i0.wp.com\/www.todoalfalfa.com.ar\/noticias\/wp-content\/uploads\/2019\/10\/salon_jonalfa.jpg?fit=777%2C437&ssl=1\",\"width\":777,\"height\":437},{\"@type\":\"BreadcrumbList\",\"@id\":\"https:\/\/www.todoalfalfa.com.ar\/noticias\/la-cadena-de-alfalfa-tendra-su-espacio-de-negocios-en-villa-maria\/#breadcrumb\",\"itemListElement\":[{\"@type\":\"ListItem\",\"position\":1,\"name\":\"Principal\",\"item\":\"https:\/\/www.todoalfalfa.com.ar\/noticias\/\"},{\"@type\":\"ListItem\",\"position\":2,\"name\":\"La cadena de alfalfa tendr\u00e1 su espacio de negocios en Villa Mar\u00eda\"}]},{\"@type\":\"WebSite\",\"@id\":\"https:\/\/www.todoalfalfa.com.ar\/noticias\/#website\",\"url\":\"https:\/\/www.todoalfalfa.com.ar\/noticias\/\",\"name\":\"Todo Alfalfa\",\"description\":\"Web informativa de la cadena de la alfalfa argentina\",\"publisher\":{\"@id\":\"https:\/\/www.todoalfalfa.com.ar\/noticias\/#organization\"},\"potentialAction\":[{\"@type\":\"SearchAction\",\"target\":{\"@type\":\"EntryPoint\",\"urlTemplate\":\"https:\/\/www.todoalfalfa.com.ar\/noticias\/?s={search_term_string}\"},\"query-input\":{\"@type\":\"PropertyValueSpecification\",\"valueRequired\":true,\"valueName\":\"search_term_string\"}}],\"inLanguage\":\"es\"},{\"@type\":\"Organization\",\"@id\":\"https:\/\/www.todoalfalfa.com.ar\/noticias\/#organization\",\"name\":\"Todo Alfalfa\",\"url\":\"https:\/\/www.todoalfalfa.com.ar\/noticias\/\",\"logo\":{\"@type\":\"ImageObject\",\"inLanguage\":\"es\",\"@id\":\"https:\/\/www.todoalfalfa.com.ar\/noticias\/#\/schema\/logo\/image\/\",\"url\":\"https:\/\/www.todoalfalfa.com.ar\/noticias\/wp-content\/uploads\/2020\/09\/logo-todo-alfalfa-modificado.png\",\"contentUrl\":\"https:\/\/www.todoalfalfa.com.ar\/noticias\/wp-content\/uploads\/2020\/09\/logo-todo-alfalfa-modificado.png\",\"width\":350,\"height\":100,\"caption\":\"Todo Alfalfa\"},\"image\":{\"@id\":\"https:\/\/www.todoalfalfa.com.ar\/noticias\/#\/schema\/logo\/image\/\"},\"sameAs\":[\"https:\/\/www.facebook.com\/todoalfalfa\",\"https:\/\/www.instagram.com\/todoalfalfa\",\"https:\/\/www.youtube.com\/@TodoAlfalfa\",\"https:\/\/www.linkedin.com\/company\/todoalfalfa\/\"]},{\"@type\":\"Person\",\"@id\":\"https:\/\/www.todoalfalfa.com.ar\/noticias\/#\/schema\/person\/4ee4bca9b9fa50c4f0fbaf7017fbf2ad\",\"name\":\"Todo Alfalfa\",\"image\":{\"@type\":\"ImageObject\",\"inLanguage\":\"es\",\"@id\":\"https:\/\/www.todoalfalfa.com.ar\/noticias\/#\/schema\/person\/image\/\",\"url\":\"https:\/\/secure.gravatar.com\/avatar\/4d26a600a1380823a26c3f9cb74ada1a8ee4b482c0c3a616ab022b865c46be8f?s=96&d=mm&r=g\",\"contentUrl\":\"https:\/\/secure.gravatar.com\/avatar\/4d26a600a1380823a26c3f9cb74ada1a8ee4b482c0c3a616ab022b865c46be8f?s=96&d=mm&r=g\",\"caption\":\"Todo Alfalfa\"},\"sameAs\":[\"http:\/\/www.todoalfalfa.com.ar\"],\"url\":\"https:\/\/www.todoalfalfa.com.ar\/noticias\/author\/todoalfalfa\/\"}]}<\/script>\n<!-- \/ Yoast SEO plugin. -->","yoast_head_json":{"title":"La cadena de alfalfa tendr\u00e1 su espacio de negocios en Villa Mar\u00eda","robots":{"index":"index","follow":"follow","max-snippet":"max-snippet:-1","max-image-preview":"max-image-preview:large","max-video-preview":"max-video-preview:-1"},"canonical":"https:\/\/www.todoalfalfa.com.ar\/noticias\/la-cadena-de-alfalfa-tendra-su-espacio-de-negocios-en-villa-maria\/","og_locale":"es_ES","og_type":"article","og_title":"La cadena de alfalfa tendr\u00e1 su espacio de negocios en Villa Mar\u00eda","og_description":"Los d&iacute;as 13 y 14 de noviembre en el Campus de la Universidad Nacional de Villa Mar&iacute;a, tendr&aacute;n lugar las...","og_url":"https:\/\/www.todoalfalfa.com.ar\/noticias\/la-cadena-de-alfalfa-tendra-su-espacio-de-negocios-en-villa-maria\/","og_site_name":"Todo Alfalfa","article_publisher":"https:\/\/www.facebook.com\/todoalfalfa","article_published_time":"2019-10-16T18:55:48+00:00","article_modified_time":"2019-10-21T12:22:55+00:00","og_image":[{"width":777,"height":437,"url":"https:\/\/www.todoalfalfa.com.ar\/noticias\/wp-content\/uploads\/2019\/10\/salon_jonalfa.jpg","type":"image\/jpeg"}],"author":"Todo Alfalfa","twitter_card":"summary_large_image","twitter_misc":{"Escrito por":"Todo Alfalfa","Tiempo de lectura":"7 minutos"},"schema":{"@context":"https:\/\/schema.org","@graph":[{"@type":"NewsArticle","@id":"https:\/\/www.todoalfalfa.com.ar\/noticias\/la-cadena-de-alfalfa-tendra-su-espacio-de-negocios-en-villa-maria\/#article","isPartOf":{"@id":"https:\/\/www.todoalfalfa.com.ar\/noticias\/la-cadena-de-alfalfa-tendra-su-espacio-de-negocios-en-villa-maria\/"},"author":{"name":"Todo Alfalfa","@id":"https:\/\/www.todoalfalfa.com.ar\/noticias\/#\/schema\/person\/4ee4bca9b9fa50c4f0fbaf7017fbf2ad"},"headline":"La cadena de alfalfa tendr\u00e1 su espacio de negocios en Villa Mar\u00eda","datePublished":"2019-10-16T18:55:48+00:00","dateModified":"2019-10-21T12:22:55+00:00","mainEntityOfPage":{"@id":"https:\/\/www.todoalfalfa.com.ar\/noticias\/la-cadena-de-alfalfa-tendra-su-espacio-de-negocios-en-villa-maria\/"},"wordCount":1382,"publisher":{"@id":"https:\/\/www.todoalfalfa.com.ar\/noticias\/#organization"},"image":{"@id":"https:\/\/www.todoalfalfa.com.ar\/noticias\/la-cadena-de-alfalfa-tendra-su-espacio-de-negocios-en-villa-maria\/#primaryimage"},"thumbnailUrl":"https:\/\/i0.wp.com\/www.todoalfalfa.com.ar\/noticias\/wp-content\/uploads\/2019\/10\/salon_jonalfa.jpg?fit=777%2C437&ssl=1","keywords":["foro","jonalfa2019","negocios","Villa Mar\u00eda"],"articleSection":["Generales"],"inLanguage":"es"},{"@type":["WebPage","ItemPage"],"@id":"https:\/\/www.todoalfalfa.com.ar\/noticias\/la-cadena-de-alfalfa-tendra-su-espacio-de-negocios-en-villa-maria\/","url":"https:\/\/www.todoalfalfa.com.ar\/noticias\/la-cadena-de-alfalfa-tendra-su-espacio-de-negocios-en-villa-maria\/","name":"La cadena de alfalfa tendr\u00e1 su espacio de negocios en Villa Mar\u00eda","isPartOf":{"@id":"https:\/\/www.todoalfalfa.com.ar\/noticias\/#website"},"primaryImageOfPage":{"@id":"https:\/\/www.todoalfalfa.com.ar\/noticias\/la-cadena-de-alfalfa-tendra-su-espacio-de-negocios-en-villa-maria\/#primaryimage"},"image":{"@id":"https:\/\/www.todoalfalfa.com.ar\/noticias\/la-cadena-de-alfalfa-tendra-su-espacio-de-negocios-en-villa-maria\/#primaryimage"},"thumbnailUrl":"https:\/\/i0.wp.com\/www.todoalfalfa.com.ar\/noticias\/wp-content\/uploads\/2019\/10\/salon_jonalfa.jpg?fit=777%2C437&ssl=1","datePublished":"2019-10-16T18:55:48+00:00","dateModified":"2019-10-21T12:22:55+00:00","breadcrumb":{"@id":"https:\/\/www.todoalfalfa.com.ar\/noticias\/la-cadena-de-alfalfa-tendra-su-espacio-de-negocios-en-villa-maria\/#breadcrumb"},"inLanguage":"es","potentialAction":[{"@type":"ReadAction","target":["https:\/\/www.todoalfalfa.com.ar\/noticias\/la-cadena-de-alfalfa-tendra-su-espacio-de-negocios-en-villa-maria\/"]}]},{"@type":"ImageObject","inLanguage":"es","@id":"https:\/\/www.todoalfalfa.com.ar\/noticias\/la-cadena-de-alfalfa-tendra-su-espacio-de-negocios-en-villa-maria\/#primaryimage","url":"https:\/\/i0.wp.com\/www.todoalfalfa.com.ar\/noticias\/wp-content\/uploads\/2019\/10\/salon_jonalfa.jpg?fit=777%2C437&ssl=1","contentUrl":"https:\/\/i0.wp.com\/www.todoalfalfa.com.ar\/noticias\/wp-content\/uploads\/2019\/10\/salon_jonalfa.jpg?fit=777%2C437&ssl=1","width":777,"height":437},{"@type":"BreadcrumbList","@id":"https:\/\/www.todoalfalfa.com.ar\/noticias\/la-cadena-de-alfalfa-tendra-su-espacio-de-negocios-en-villa-maria\/#breadcrumb","itemListElement":[{"@type":"ListItem","position":1,"name":"Principal","item":"https:\/\/www.todoalfalfa.com.ar\/noticias\/"},{"@type":"ListItem","position":2,"name":"La cadena de alfalfa tendr\u00e1 su espacio de negocios en Villa Mar\u00eda"}]},{"@type":"WebSite","@id":"https:\/\/www.todoalfalfa.com.ar\/noticias\/#website","url":"https:\/\/www.todoalfalfa.com.ar\/noticias\/","name":"Todo Alfalfa","description":"Web informativa de la cadena de la alfalfa argentina","publisher":{"@id":"https:\/\/www.todoalfalfa.com.ar\/noticias\/#organization"},"potentialAction":[{"@type":"SearchAction","target":{"@type":"EntryPoint","urlTemplate":"https:\/\/www.todoalfalfa.com.ar\/noticias\/?s={search_term_string}"},"query-input":{"@type":"PropertyValueSpecification","valueRequired":true,"valueName":"search_term_string"}}],"inLanguage":"es"},{"@type":"Organization","@id":"https:\/\/www.todoalfalfa.com.ar\/noticias\/#organization","name":"Todo Alfalfa","url":"https:\/\/www.todoalfalfa.com.ar\/noticias\/","logo":{"@type":"ImageObject","inLanguage":"es","@id":"https:\/\/www.todoalfalfa.com.ar\/noticias\/#\/schema\/logo\/image\/","url":"https:\/\/www.todoalfalfa.com.ar\/noticias\/wp-content\/uploads\/2020\/09\/logo-todo-alfalfa-modificado.png","contentUrl":"https:\/\/www.todoalfalfa.com.ar\/noticias\/wp-content\/uploads\/2020\/09\/logo-todo-alfalfa-modificado.png","width":350,"height":100,"caption":"Todo Alfalfa"},"image":{"@id":"https:\/\/www.todoalfalfa.com.ar\/noticias\/#\/schema\/logo\/image\/"},"sameAs":["https:\/\/www.facebook.com\/todoalfalfa","https:\/\/www.instagram.com\/todoalfalfa","https:\/\/www.youtube.com\/@TodoAlfalfa","https:\/\/www.linkedin.com\/company\/todoalfalfa\/"]},{"@type":"Person","@id":"https:\/\/www.todoalfalfa.com.ar\/noticias\/#\/schema\/person\/4ee4bca9b9fa50c4f0fbaf7017fbf2ad","name":"Todo Alfalfa","image":{"@type":"ImageObject","inLanguage":"es","@id":"https:\/\/www.todoalfalfa.com.ar\/noticias\/#\/schema\/person\/image\/","url":"https:\/\/secure.gravatar.com\/avatar\/4d26a600a1380823a26c3f9cb74ada1a8ee4b482c0c3a616ab022b865c46be8f?s=96&d=mm&r=g","contentUrl":"https:\/\/secure.gravatar.com\/avatar\/4d26a600a1380823a26c3f9cb74ada1a8ee4b482c0c3a616ab022b865c46be8f?s=96&d=mm&r=g","caption":"Todo Alfalfa"},"sameAs":["http:\/\/www.todoalfalfa.com.ar"],"url":"https:\/\/www.todoalfalfa.com.ar\/noticias\/author\/todoalfalfa\/"}]}},"jetpack_featured_media_url":"https:\/\/i0.wp.com\/www.todoalfalfa.com.ar\/noticias\/wp-content\/uploads\/2019\/10\/salon_jonalfa.jpg?fit=777%2C437&ssl=1","wps_subtitle":"La edici\u00f3n 2019 de las Jornadas Nacionales de Alfalfa contar\u00e1 por primera vez con un foro de negocios que agrupar\u00e1 a oferentes y demandantes de productos vinculados a la cadena. Adem\u00e1s, se confirm\u00f3 en su totalidad el programa de conferencias y disertantes que brindar\u00e1n la puesta a punto sobre la actualizaci\u00f3n del cultivo.","jetpack_sharing_enabled":true,"_links":{"self":[{"href":"https:\/\/www.todoalfalfa.com.ar\/noticias\/wp-json\/wp\/v2\/posts\/41428","targetHints":{"allow":["GET"]}}],"collection":[{"href":"https:\/\/www.todoalfalfa.com.ar\/noticias\/wp-json\/wp\/v2\/posts"}],"about":[{"href":"https:\/\/www.todoalfalfa.com.ar\/noticias\/wp-json\/wp\/v2\/types\/post"}],"author":[{"embeddable":true,"href":"https:\/\/www.todoalfalfa.com.ar\/noticias\/wp-json\/wp\/v2\/users\/3"}],"replies":[{"embeddable":true,"href":"https:\/\/www.todoalfalfa.com.ar\/noticias\/wp-json\/wp\/v2\/comments?post=41428"}],"version-history":[{"count":0,"href":"https:\/\/www.todoalfalfa.com.ar\/noticias\/wp-json\/wp\/v2\/posts\/41428\/revisions"}],"wp:featuredmedia":[{"embeddable":true,"href":"https:\/\/www.todoalfalfa.com.ar\/noticias\/wp-json\/wp\/v2\/media\/41429"}],"wp:attachment":[{"href":"https:\/\/www.todoalfalfa.com.ar\/noticias\/wp-json\/wp\/v2\/media?parent=41428"}],"wp:term":[{"taxonomy":"category","embeddable":true,"href":"https:\/\/www.todoalfalfa.com.ar\/noticias\/wp-json\/wp\/v2\/categories?post=41428"},{"taxonomy":"post_tag","embeddable":true,"href":"https:\/\/www.todoalfalfa.com.ar\/noticias\/wp-json\/wp\/v2\/tags?post=41428"}],"curies":[{"name":"wp","href":"https:\/\/api.w.org\/{rel}","templated":true}]}}