{"id":41619,"date":"2019-12-10T19:03:18","date_gmt":"2019-12-10T22:03:18","guid":{"rendered":"https:\/\/www.todoalfalfa.com.ar\/?p=41619"},"modified":"2019-12-10T19:03:19","modified_gmt":"2019-12-10T22:03:19","slug":"la-alfalfa-resiste-la-oleada-de-calor-en-el-centro-sur-de-cordoba","status":"publish","type":"post","link":"https:\/\/www.todoalfalfa.com.ar\/noticias\/la-alfalfa-resiste-la-oleada-de-calor-en-el-centro-sur-de-cordoba\/","title":{"rendered":"La alfalfa resiste la oleada de calor en el centro-sur de C\u00f3rdoba"},"content":{"rendered":"\n<p>Las fotos aportadas por el ingeniero Pepe Marcelino, exjefe del INTA R\u00edo Cuarto, muestran dos situaciones en la zona de Ucacha y Bengolea (imagen del 10 de diciembre, a las 13:00 horas), cuando el term\u00f3metro marcaba 34 grados. La alfalfa se defiende, aunque con seguridad su rebrote quedar\u00e1 m\u00e1s desparejo y habr\u00e1 p\u00e9rdida de hojas, en tanto que los ma\u00edces est\u00e1n a punto de entrar en marchitez permanente y ya pueden verse \u00e1reas necr\u00f3ticas en hojas.<\/p>\n\n\n\n<figure class=\"wp-block-image size-large\"><img data-recalc-dims=\"1\" fetchpriority=\"high\" decoding=\"async\" width=\"777\" height=\"652\" src=\"https:\/\/i0.wp.com\/www.todoalfalfa.com.ar\/wp-content\/uploads\/2019\/12\/maiz_sequia.jpg?resize=777%2C652&#038;ssl=1\" alt=\"\" class=\"wp-image-41621\" srcset=\"https:\/\/i0.wp.com\/www.todoalfalfa.com.ar\/noticias\/wp-content\/uploads\/2019\/12\/maiz_sequia.jpg?w=777&amp;ssl=1 777w, https:\/\/i0.wp.com\/www.todoalfalfa.com.ar\/noticias\/wp-content\/uploads\/2019\/12\/maiz_sequia.jpg?resize=300%2C252&amp;ssl=1 300w, https:\/\/i0.wp.com\/www.todoalfalfa.com.ar\/noticias\/wp-content\/uploads\/2019\/12\/maiz_sequia.jpg?resize=768%2C644&amp;ssl=1 768w\" sizes=\"(max-width: 777px) 100vw, 777px\" \/><figcaption>El cultivo de ma\u00edz en la regi\u00f3n, tambi\u00e9n sufriendo la falta de precipitaciones<\/figcaption><\/figure>\n\n\n\n<p><strong>La forrajera capaz de enfrentar el d\u00e9ficit h\u00eddrico<\/strong><br>Conservativa, eficiente y resistente. As\u00ed es la alfalfa, una forrajera capaz de enfrentar al d\u00e9ficit h\u00eddrico por su capacidad de extender sus ra\u00edces hasta una profundidad de seis metros para extraer humedad de las napas. <\/p>\n\n\n\n<p>\u201cLa alfalfa es una especie perenne con capacidades morfol\u00f3gicas y fisiol\u00f3gicas para tolerar el d\u00e9ficit h\u00eddrico\u201d, asegura Daniel Basigalup, t\u00e9cnico del INTA Manfredi \u2013C\u00f3rdoba\u2013 y autor del libro \u201cEl cultivo de la alfalfa en la Argentina\u201d, quien, adem\u00e1s, destac\u00f3 que la planta \u201caumenta la eficiencia en el uso de agua, a medida que el estr\u00e9s h\u00eddrico se incrementa\u201d.<\/p>\n\n\n\n<p>Para esto, cuenta con un sistema radical\nrobusto y profundo, cuya funci\u00f3n principal es la absorci\u00f3n de agua. \u201cSus ra\u00edces\nse pueden extender hasta una profundidad de seis metros para extraer humedad de\nlas capas profundas del suelo, si no existen impedimentos en el perfil\u201d,\nexplic\u00f3.<\/p>\n\n\n\n<p>\u201cEsta fuente de agua puede suplir,\nparcialmente, las necesidades del cultivo, en mayor proporci\u00f3n a medida que la\nprecipitaci\u00f3n efectiva anual disminuye\u201d, especific\u00f3.<\/p>\n\n\n\n<p>No obstante, el especialista advirti\u00f3 que \u201csi\nbien la alfalfa puede resistir largos per\u00edodos de sequ\u00eda, esta situaci\u00f3n la\nobliga a reducir la expansi\u00f3n de las hojas, lo que afecta la fotos\u00edntesis, la\nintercepci\u00f3n y la eficiencia de uso de la radiaci\u00f3n\u201d. Esto provoca que la\nproducci\u00f3n de materia seca se reduzca r\u00e1pidamente.<\/p>\n\n\n\n<p>De acuerdo con Basigalup, la producci\u00f3n de\nforraje estar\u00e1 condicionada, principalmente, por la captura de los recursos\nagua y radiaci\u00f3n solar, sumado a las condiciones de temperatura que pueden\nejercer alg\u00fan grado de limitaci\u00f3n en la eficiencia de uso de aquellos recursos.<\/p>\n<div class=\"todoalfalfa-final-de-la-nota\" id=\"todoalfalfa-3005115774\"><a href=\"https:\/\/www.whatsapp.com\/channel\/0029VbCBmFB9WtBxJsD3eC2i\" target=\"_blank\" aria-label=\"5\"><img src=\"https:\/\/i0.wp.com\/www.todoalfalfa.com.ar\/noticias\/wp-content\/uploads\/2026\/04\/5.gif?fit=728%2C90&#038;ssl=1\" alt=\"\"  width=\"728\" height=\"90\"   \/><\/a><\/div>","protected":false},"excerpt":{"rendered":"<p>Las fotos aportadas por el ingeniero Pepe Marcelino, exjefe del INTA R&iacute;o Cuarto, muestran dos situaciones en la zona de&#8230;<\/p>\n","protected":false},"author":3,"featured_media":41620,"comment_status":"closed","ping_status":"open","sticky":false,"template":"","format":"standard","meta":{"jetpack_post_was_ever_published":false,"_jetpack_newsletter_access":"","_jetpack_dont_email_post_to_subs":false,"_jetpack_newsletter_tier_id":0,"_jetpack_memberships_contains_paywalled_content":false,"_jetpack_memberships_contains_paid_content":false,"footnotes":""},"categories":[2],"tags":[501,31,726,110,135,367,160,725],"class_list":["post-41619","post","type-post","status-publish","format-standard","has-post-thumbnail","hentry","category-generales","tag-501","tag-alfalfa","tag-bengolea","tag-centro","tag-cordoba","tag-resistencia","tag-sequia","tag-ucacha"],"yoast_head":"<!-- This site is optimized with the Yoast SEO plugin v25.5 - https:\/\/yoast.com\/wordpress\/plugins\/seo\/ -->\n<title>La alfalfa resiste la oleada de calor en el centro-sur de C\u00f3rdoba<\/title>\n<meta name=\"robots\" content=\"index, follow, max-snippet:-1, max-image-preview:large, max-video-preview:-1\" \/>\n<link rel=\"canonical\" href=\"https:\/\/www.todoalfalfa.com.ar\/noticias\/la-alfalfa-resiste-la-oleada-de-calor-en-el-centro-sur-de-cordoba\/\" \/>\n<meta property=\"og:locale\" content=\"es_ES\" \/>\n<meta property=\"og:type\" content=\"article\" \/>\n<meta property=\"og:title\" content=\"La alfalfa resiste la oleada de calor en el centro-sur de C\u00f3rdoba\" \/>\n<meta property=\"og:description\" content=\"Las fotos aportadas por el ingeniero Pepe Marcelino, exjefe del INTA R&iacute;o Cuarto, muestran dos situaciones en la zona de...\" \/>\n<meta property=\"og:url\" content=\"https:\/\/www.todoalfalfa.com.ar\/noticias\/la-alfalfa-resiste-la-oleada-de-calor-en-el-centro-sur-de-cordoba\/\" \/>\n<meta property=\"og:site_name\" content=\"Todo Alfalfa\" \/>\n<meta property=\"article:publisher\" content=\"https:\/\/www.facebook.com\/todoalfalfa\" \/>\n<meta property=\"article:published_time\" content=\"2019-12-10T22:03:18+00:00\" \/>\n<meta property=\"article:modified_time\" content=\"2019-12-10T22:03:19+00:00\" \/>\n<meta property=\"og:image\" content=\"https:\/\/www.todoalfalfa.com.ar\/noticias\/wp-content\/uploads\/2019\/12\/alfalfasufriendo.jpg\" \/>\n\t<meta property=\"og:image:width\" content=\"777\" \/>\n\t<meta property=\"og:image:height\" content=\"437\" \/>\n\t<meta property=\"og:image:type\" content=\"image\/jpeg\" \/>\n<meta name=\"author\" content=\"Todo Alfalfa\" \/>\n<meta name=\"twitter:card\" content=\"summary_large_image\" \/>\n<meta name=\"twitter:label1\" content=\"Escrito por\" \/>\n\t<meta name=\"twitter:data1\" content=\"Todo Alfalfa\" \/>\n\t<meta name=\"twitter:label2\" content=\"Tiempo de lectura\" \/>\n\t<meta name=\"twitter:data2\" content=\"2 minutos\" \/>\n<script type=\"application\/ld+json\" class=\"yoast-schema-graph\">{\"@context\":\"https:\/\/schema.org\",\"@graph\":[{\"@type\":\"NewsArticle\",\"@id\":\"https:\/\/www.todoalfalfa.com.ar\/noticias\/la-alfalfa-resiste-la-oleada-de-calor-en-el-centro-sur-de-cordoba\/#article\",\"isPartOf\":{\"@id\":\"https:\/\/www.todoalfalfa.com.ar\/noticias\/la-alfalfa-resiste-la-oleada-de-calor-en-el-centro-sur-de-cordoba\/\"},\"author\":{\"name\":\"Todo Alfalfa\",\"@id\":\"https:\/\/www.todoalfalfa.com.ar\/noticias\/#\/schema\/person\/4ee4bca9b9fa50c4f0fbaf7017fbf2ad\"},\"headline\":\"La alfalfa resiste la oleada de calor en el centro-sur de C\u00f3rdoba\",\"datePublished\":\"2019-12-10T22:03:18+00:00\",\"dateModified\":\"2019-12-10T22:03:19+00:00\",\"mainEntityOfPage\":{\"@id\":\"https:\/\/www.todoalfalfa.com.ar\/noticias\/la-alfalfa-resiste-la-oleada-de-calor-en-el-centro-sur-de-cordoba\/\"},\"wordCount\":406,\"publisher\":{\"@id\":\"https:\/\/www.todoalfalfa.com.ar\/noticias\/#organization\"},\"image\":{\"@id\":\"https:\/\/www.todoalfalfa.com.ar\/noticias\/la-alfalfa-resiste-la-oleada-de-calor-en-el-centro-sur-de-cordoba\/#primaryimage\"},\"thumbnailUrl\":\"https:\/\/i0.wp.com\/www.todoalfalfa.com.ar\/noticias\/wp-content\/uploads\/2019\/12\/alfalfasufriendo.jpg?fit=777%2C437&ssl=1\",\"keywords\":[\"2019\",\"alfalfa\",\"Bengolea\",\"centro\",\"C\u00f3rdoba\",\"resistencia\",\"sequ\u00eda\",\"Ucacha\"],\"articleSection\":[\"Generales\"],\"inLanguage\":\"es\"},{\"@type\":[\"WebPage\",\"ItemPage\"],\"@id\":\"https:\/\/www.todoalfalfa.com.ar\/noticias\/la-alfalfa-resiste-la-oleada-de-calor-en-el-centro-sur-de-cordoba\/\",\"url\":\"https:\/\/www.todoalfalfa.com.ar\/noticias\/la-alfalfa-resiste-la-oleada-de-calor-en-el-centro-sur-de-cordoba\/\",\"name\":\"La alfalfa resiste la oleada de calor en el centro-sur de C\u00f3rdoba\",\"isPartOf\":{\"@id\":\"https:\/\/www.todoalfalfa.com.ar\/noticias\/#website\"},\"primaryImageOfPage\":{\"@id\":\"https:\/\/www.todoalfalfa.com.ar\/noticias\/la-alfalfa-resiste-la-oleada-de-calor-en-el-centro-sur-de-cordoba\/#primaryimage\"},\"image\":{\"@id\":\"https:\/\/www.todoalfalfa.com.ar\/noticias\/la-alfalfa-resiste-la-oleada-de-calor-en-el-centro-sur-de-cordoba\/#primaryimage\"},\"thumbnailUrl\":\"https:\/\/i0.wp.com\/www.todoalfalfa.com.ar\/noticias\/wp-content\/uploads\/2019\/12\/alfalfasufriendo.jpg?fit=777%2C437&ssl=1\",\"datePublished\":\"2019-12-10T22:03:18+00:00\",\"dateModified\":\"2019-12-10T22:03:19+00:00\",\"breadcrumb\":{\"@id\":\"https:\/\/www.todoalfalfa.com.ar\/noticias\/la-alfalfa-resiste-la-oleada-de-calor-en-el-centro-sur-de-cordoba\/#breadcrumb\"},\"inLanguage\":\"es\",\"potentialAction\":[{\"@type\":\"ReadAction\",\"target\":[\"https:\/\/www.todoalfalfa.com.ar\/noticias\/la-alfalfa-resiste-la-oleada-de-calor-en-el-centro-sur-de-cordoba\/\"]}]},{\"@type\":\"ImageObject\",\"inLanguage\":\"es\",\"@id\":\"https:\/\/www.todoalfalfa.com.ar\/noticias\/la-alfalfa-resiste-la-oleada-de-calor-en-el-centro-sur-de-cordoba\/#primaryimage\",\"url\":\"https:\/\/i0.wp.com\/www.todoalfalfa.com.ar\/noticias\/wp-content\/uploads\/2019\/12\/alfalfasufriendo.jpg?fit=777%2C437&ssl=1\",\"contentUrl\":\"https:\/\/i0.wp.com\/www.todoalfalfa.com.ar\/noticias\/wp-content\/uploads\/2019\/12\/alfalfasufriendo.jpg?fit=777%2C437&ssl=1\",\"width\":777,\"height\":437},{\"@type\":\"BreadcrumbList\",\"@id\":\"https:\/\/www.todoalfalfa.com.ar\/noticias\/la-alfalfa-resiste-la-oleada-de-calor-en-el-centro-sur-de-cordoba\/#breadcrumb\",\"itemListElement\":[{\"@type\":\"ListItem\",\"position\":1,\"name\":\"Principal\",\"item\":\"https:\/\/www.todoalfalfa.com.ar\/noticias\/\"},{\"@type\":\"ListItem\",\"position\":2,\"name\":\"La alfalfa resiste la oleada de calor en el centro-sur de C\u00f3rdoba\"}]},{\"@type\":\"WebSite\",\"@id\":\"https:\/\/www.todoalfalfa.com.ar\/noticias\/#website\",\"url\":\"https:\/\/www.todoalfalfa.com.ar\/noticias\/\",\"name\":\"Todo Alfalfa\",\"description\":\"Web informativa de la cadena de la alfalfa argentina\",\"publisher\":{\"@id\":\"https:\/\/www.todoalfalfa.com.ar\/noticias\/#organization\"},\"potentialAction\":[{\"@type\":\"SearchAction\",\"target\":{\"@type\":\"EntryPoint\",\"urlTemplate\":\"https:\/\/www.todoalfalfa.com.ar\/noticias\/?s={search_term_string}\"},\"query-input\":{\"@type\":\"PropertyValueSpecification\",\"valueRequired\":true,\"valueName\":\"search_term_string\"}}],\"inLanguage\":\"es\"},{\"@type\":\"Organization\",\"@id\":\"https:\/\/www.todoalfalfa.com.ar\/noticias\/#organization\",\"name\":\"Todo Alfalfa\",\"url\":\"https:\/\/www.todoalfalfa.com.ar\/noticias\/\",\"logo\":{\"@type\":\"ImageObject\",\"inLanguage\":\"es\",\"@id\":\"https:\/\/www.todoalfalfa.com.ar\/noticias\/#\/schema\/logo\/image\/\",\"url\":\"https:\/\/www.todoalfalfa.com.ar\/noticias\/wp-content\/uploads\/2020\/09\/logo-todo-alfalfa-modificado.png\",\"contentUrl\":\"https:\/\/www.todoalfalfa.com.ar\/noticias\/wp-content\/uploads\/2020\/09\/logo-todo-alfalfa-modificado.png\",\"width\":350,\"height\":100,\"caption\":\"Todo Alfalfa\"},\"image\":{\"@id\":\"https:\/\/www.todoalfalfa.com.ar\/noticias\/#\/schema\/logo\/image\/\"},\"sameAs\":[\"https:\/\/www.facebook.com\/todoalfalfa\",\"https:\/\/www.instagram.com\/todoalfalfa\",\"https:\/\/www.youtube.com\/@TodoAlfalfa\",\"https:\/\/www.linkedin.com\/company\/todoalfalfa\/\"]},{\"@type\":\"Person\",\"@id\":\"https:\/\/www.todoalfalfa.com.ar\/noticias\/#\/schema\/person\/4ee4bca9b9fa50c4f0fbaf7017fbf2ad\",\"name\":\"Todo Alfalfa\",\"image\":{\"@type\":\"ImageObject\",\"inLanguage\":\"es\",\"@id\":\"https:\/\/www.todoalfalfa.com.ar\/noticias\/#\/schema\/person\/image\/\",\"url\":\"https:\/\/secure.gravatar.com\/avatar\/4d26a600a1380823a26c3f9cb74ada1a8ee4b482c0c3a616ab022b865c46be8f?s=96&d=mm&r=g\",\"contentUrl\":\"https:\/\/secure.gravatar.com\/avatar\/4d26a600a1380823a26c3f9cb74ada1a8ee4b482c0c3a616ab022b865c46be8f?s=96&d=mm&r=g\",\"caption\":\"Todo Alfalfa\"},\"sameAs\":[\"http:\/\/www.todoalfalfa.com.ar\"],\"url\":\"https:\/\/www.todoalfalfa.com.ar\/noticias\/author\/todoalfalfa\/\"}]}<\/script>\n<!-- \/ Yoast SEO plugin. -->","yoast_head_json":{"title":"La alfalfa resiste la oleada de calor en el centro-sur de C\u00f3rdoba","robots":{"index":"index","follow":"follow","max-snippet":"max-snippet:-1","max-image-preview":"max-image-preview:large","max-video-preview":"max-video-preview:-1"},"canonical":"https:\/\/www.todoalfalfa.com.ar\/noticias\/la-alfalfa-resiste-la-oleada-de-calor-en-el-centro-sur-de-cordoba\/","og_locale":"es_ES","og_type":"article","og_title":"La alfalfa resiste la oleada de calor en el centro-sur de C\u00f3rdoba","og_description":"Las fotos aportadas por el ingeniero Pepe Marcelino, exjefe del INTA R&iacute;o Cuarto, muestran dos situaciones en la zona de...","og_url":"https:\/\/www.todoalfalfa.com.ar\/noticias\/la-alfalfa-resiste-la-oleada-de-calor-en-el-centro-sur-de-cordoba\/","og_site_name":"Todo Alfalfa","article_publisher":"https:\/\/www.facebook.com\/todoalfalfa","article_published_time":"2019-12-10T22:03:18+00:00","article_modified_time":"2019-12-10T22:03:19+00:00","og_image":[{"width":777,"height":437,"url":"https:\/\/www.todoalfalfa.com.ar\/noticias\/wp-content\/uploads\/2019\/12\/alfalfasufriendo.jpg","type":"image\/jpeg"}],"author":"Todo Alfalfa","twitter_card":"summary_large_image","twitter_misc":{"Escrito por":"Todo Alfalfa","Tiempo de lectura":"2 minutos"},"schema":{"@context":"https:\/\/schema.org","@graph":[{"@type":"NewsArticle","@id":"https:\/\/www.todoalfalfa.com.ar\/noticias\/la-alfalfa-resiste-la-oleada-de-calor-en-el-centro-sur-de-cordoba\/#article","isPartOf":{"@id":"https:\/\/www.todoalfalfa.com.ar\/noticias\/la-alfalfa-resiste-la-oleada-de-calor-en-el-centro-sur-de-cordoba\/"},"author":{"name":"Todo Alfalfa","@id":"https:\/\/www.todoalfalfa.com.ar\/noticias\/#\/schema\/person\/4ee4bca9b9fa50c4f0fbaf7017fbf2ad"},"headline":"La alfalfa resiste la oleada de calor en el centro-sur de C\u00f3rdoba","datePublished":"2019-12-10T22:03:18+00:00","dateModified":"2019-12-10T22:03:19+00:00","mainEntityOfPage":{"@id":"https:\/\/www.todoalfalfa.com.ar\/noticias\/la-alfalfa-resiste-la-oleada-de-calor-en-el-centro-sur-de-cordoba\/"},"wordCount":406,"publisher":{"@id":"https:\/\/www.todoalfalfa.com.ar\/noticias\/#organization"},"image":{"@id":"https:\/\/www.todoalfalfa.com.ar\/noticias\/la-alfalfa-resiste-la-oleada-de-calor-en-el-centro-sur-de-cordoba\/#primaryimage"},"thumbnailUrl":"https:\/\/i0.wp.com\/www.todoalfalfa.com.ar\/noticias\/wp-content\/uploads\/2019\/12\/alfalfasufriendo.jpg?fit=777%2C437&ssl=1","keywords":["2019","alfalfa","Bengolea","centro","C\u00f3rdoba","resistencia","sequ\u00eda","Ucacha"],"articleSection":["Generales"],"inLanguage":"es"},{"@type":["WebPage","ItemPage"],"@id":"https:\/\/www.todoalfalfa.com.ar\/noticias\/la-alfalfa-resiste-la-oleada-de-calor-en-el-centro-sur-de-cordoba\/","url":"https:\/\/www.todoalfalfa.com.ar\/noticias\/la-alfalfa-resiste-la-oleada-de-calor-en-el-centro-sur-de-cordoba\/","name":"La alfalfa resiste la oleada de calor en el centro-sur de C\u00f3rdoba","isPartOf":{"@id":"https:\/\/www.todoalfalfa.com.ar\/noticias\/#website"},"primaryImageOfPage":{"@id":"https:\/\/www.todoalfalfa.com.ar\/noticias\/la-alfalfa-resiste-la-oleada-de-calor-en-el-centro-sur-de-cordoba\/#primaryimage"},"image":{"@id":"https:\/\/www.todoalfalfa.com.ar\/noticias\/la-alfalfa-resiste-la-oleada-de-calor-en-el-centro-sur-de-cordoba\/#primaryimage"},"thumbnailUrl":"https:\/\/i0.wp.com\/www.todoalfalfa.com.ar\/noticias\/wp-content\/uploads\/2019\/12\/alfalfasufriendo.jpg?fit=777%2C437&ssl=1","datePublished":"2019-12-10T22:03:18+00:00","dateModified":"2019-12-10T22:03:19+00:00","breadcrumb":{"@id":"https:\/\/www.todoalfalfa.com.ar\/noticias\/la-alfalfa-resiste-la-oleada-de-calor-en-el-centro-sur-de-cordoba\/#breadcrumb"},"inLanguage":"es","potentialAction":[{"@type":"ReadAction","target":["https:\/\/www.todoalfalfa.com.ar\/noticias\/la-alfalfa-resiste-la-oleada-de-calor-en-el-centro-sur-de-cordoba\/"]}]},{"@type":"ImageObject","inLanguage":"es","@id":"https:\/\/www.todoalfalfa.com.ar\/noticias\/la-alfalfa-resiste-la-oleada-de-calor-en-el-centro-sur-de-cordoba\/#primaryimage","url":"https:\/\/i0.wp.com\/www.todoalfalfa.com.ar\/noticias\/wp-content\/uploads\/2019\/12\/alfalfasufriendo.jpg?fit=777%2C437&ssl=1","contentUrl":"https:\/\/i0.wp.com\/www.todoalfalfa.com.ar\/noticias\/wp-content\/uploads\/2019\/12\/alfalfasufriendo.jpg?fit=777%2C437&ssl=1","width":777,"height":437},{"@type":"BreadcrumbList","@id":"https:\/\/www.todoalfalfa.com.ar\/noticias\/la-alfalfa-resiste-la-oleada-de-calor-en-el-centro-sur-de-cordoba\/#breadcrumb","itemListElement":[{"@type":"ListItem","position":1,"name":"Principal","item":"https:\/\/www.todoalfalfa.com.ar\/noticias\/"},{"@type":"ListItem","position":2,"name":"La alfalfa resiste la oleada de calor en el centro-sur de C\u00f3rdoba"}]},{"@type":"WebSite","@id":"https:\/\/www.todoalfalfa.com.ar\/noticias\/#website","url":"https:\/\/www.todoalfalfa.com.ar\/noticias\/","name":"Todo Alfalfa","description":"Web informativa de la cadena de la alfalfa argentina","publisher":{"@id":"https:\/\/www.todoalfalfa.com.ar\/noticias\/#organization"},"potentialAction":[{"@type":"SearchAction","target":{"@type":"EntryPoint","urlTemplate":"https:\/\/www.todoalfalfa.com.ar\/noticias\/?s={search_term_string}"},"query-input":{"@type":"PropertyValueSpecification","valueRequired":true,"valueName":"search_term_string"}}],"inLanguage":"es"},{"@type":"Organization","@id":"https:\/\/www.todoalfalfa.com.ar\/noticias\/#organization","name":"Todo Alfalfa","url":"https:\/\/www.todoalfalfa.com.ar\/noticias\/","logo":{"@type":"ImageObject","inLanguage":"es","@id":"https:\/\/www.todoalfalfa.com.ar\/noticias\/#\/schema\/logo\/image\/","url":"https:\/\/www.todoalfalfa.com.ar\/noticias\/wp-content\/uploads\/2020\/09\/logo-todo-alfalfa-modificado.png","contentUrl":"https:\/\/www.todoalfalfa.com.ar\/noticias\/wp-content\/uploads\/2020\/09\/logo-todo-alfalfa-modificado.png","width":350,"height":100,"caption":"Todo Alfalfa"},"image":{"@id":"https:\/\/www.todoalfalfa.com.ar\/noticias\/#\/schema\/logo\/image\/"},"sameAs":["https:\/\/www.facebook.com\/todoalfalfa","https:\/\/www.instagram.com\/todoalfalfa","https:\/\/www.youtube.com\/@TodoAlfalfa","https:\/\/www.linkedin.com\/company\/todoalfalfa\/"]},{"@type":"Person","@id":"https:\/\/www.todoalfalfa.com.ar\/noticias\/#\/schema\/person\/4ee4bca9b9fa50c4f0fbaf7017fbf2ad","name":"Todo Alfalfa","image":{"@type":"ImageObject","inLanguage":"es","@id":"https:\/\/www.todoalfalfa.com.ar\/noticias\/#\/schema\/person\/image\/","url":"https:\/\/secure.gravatar.com\/avatar\/4d26a600a1380823a26c3f9cb74ada1a8ee4b482c0c3a616ab022b865c46be8f?s=96&d=mm&r=g","contentUrl":"https:\/\/secure.gravatar.com\/avatar\/4d26a600a1380823a26c3f9cb74ada1a8ee4b482c0c3a616ab022b865c46be8f?s=96&d=mm&r=g","caption":"Todo Alfalfa"},"sameAs":["http:\/\/www.todoalfalfa.com.ar"],"url":"https:\/\/www.todoalfalfa.com.ar\/noticias\/author\/todoalfalfa\/"}]}},"jetpack_featured_media_url":"https:\/\/i0.wp.com\/www.todoalfalfa.com.ar\/noticias\/wp-content\/uploads\/2019\/12\/alfalfasufriendo.jpg?fit=777%2C437&ssl=1","wps_subtitle":"Con temperaturas que van de 34 a 38 grados, los cultivos son impactados por la ola de calor en el centro de C\u00f3rdoba. En el caso de la alfalfa, aunque es un cultivo aguantador, la necesidad de agua es imperiosa.","jetpack_sharing_enabled":true,"_links":{"self":[{"href":"https:\/\/www.todoalfalfa.com.ar\/noticias\/wp-json\/wp\/v2\/posts\/41619","targetHints":{"allow":["GET"]}}],"collection":[{"href":"https:\/\/www.todoalfalfa.com.ar\/noticias\/wp-json\/wp\/v2\/posts"}],"about":[{"href":"https:\/\/www.todoalfalfa.com.ar\/noticias\/wp-json\/wp\/v2\/types\/post"}],"author":[{"embeddable":true,"href":"https:\/\/www.todoalfalfa.com.ar\/noticias\/wp-json\/wp\/v2\/users\/3"}],"replies":[{"embeddable":true,"href":"https:\/\/www.todoalfalfa.com.ar\/noticias\/wp-json\/wp\/v2\/comments?post=41619"}],"version-history":[{"count":0,"href":"https:\/\/www.todoalfalfa.com.ar\/noticias\/wp-json\/wp\/v2\/posts\/41619\/revisions"}],"wp:featuredmedia":[{"embeddable":true,"href":"https:\/\/www.todoalfalfa.com.ar\/noticias\/wp-json\/wp\/v2\/media\/41620"}],"wp:attachment":[{"href":"https:\/\/www.todoalfalfa.com.ar\/noticias\/wp-json\/wp\/v2\/media?parent=41619"}],"wp:term":[{"taxonomy":"category","embeddable":true,"href":"https:\/\/www.todoalfalfa.com.ar\/noticias\/wp-json\/wp\/v2\/categories?post=41619"},{"taxonomy":"post_tag","embeddable":true,"href":"https:\/\/www.todoalfalfa.com.ar\/noticias\/wp-json\/wp\/v2\/tags?post=41619"}],"curies":[{"name":"wp","href":"https:\/\/api.w.org\/{rel}","templated":true}]}}