{"id":41633,"date":"2019-12-16T17:49:04","date_gmt":"2019-12-16T20:49:04","guid":{"rendered":"https:\/\/www.todoalfalfa.com.ar\/?p=41633"},"modified":"2019-12-16T17:49:05","modified_gmt":"2019-12-16T20:49:05","slug":"claas-pondra-en-marcha-un-nuevo-centro-logistico-de-repuestos","status":"publish","type":"post","link":"https:\/\/www.todoalfalfa.com.ar\/noticias\/claas-pondra-en-marcha-un-nuevo-centro-logistico-de-repuestos\/","title":{"rendered":"Claas pondr\u00e1 en marcha un nuevo Centro Log\u00edstico de Repuestos"},"content":{"rendered":"\n<p>En plena cuenca lechera santafesina, CLAAS Argentina llev\u00f3 a\ncabo su 31\u00b0 jornada Experiencia y la 12\u00b0 realizada en Sunchales. Unos 350\nproductores, asesores y contratistas se acercaron al encuentro de capacitaci\u00f3n\na campo, al cual acompa\u00f1aron destacadas firmas del sector.<\/p>\n\n\n\n<p>En esta edici\u00f3n, la jornada despleg\u00f3 los contenidos\nforrajeros por la ma\u00f1ana y los de agricultura por la tarde. En cada instancia,\nCLAAS mont\u00f3 su nuevo espacio exclusivo de intercambio con clientes denominado\nWorld CLAAS. En un sector del campo, un equipo integrado por directivos,\nt\u00e9cnicos especialistas y comerciales de la marca interactuaron con usuarios y\ncompartieron novedades en servicios y repuestos, adem\u00e1s de una capacitaci\u00f3n\nintegral sobre los nuevos instrumentos financieros que dispone la empresa y\ntemas como el uso de TELEMATICS Y AGROCOM, dos herramientas tecnol\u00f3gicas de\nagricultura de precisi\u00f3n. All\u00ed los clientes pudieron tambi\u00e9n realizar pruebas a\ncampo de m\u00e1quinas nuevas y usadas.<\/p>\n\n\n\n<p>La novedad fue el anuncio del nuevo Centro Log\u00edstico de\nRepuestos que comenzar\u00e1 a funcionar en Sunchales. Con el objetivo de agilizar\nla asistencia t\u00e9cnica y la distribuci\u00f3n de repuestos, CLAAS concentrar\u00e1 todo en\nesa localidad y desde all\u00ed, con la ayuda de una empresa de log\u00edstica contratada\nespecialmente, acelerar\u00e1 los tiempos de reparto a cada rinc\u00f3n del pa\u00eds. \u201cEs una\ngran noticia para nuestros clientes, que mejorar\u00e1 sustancialmente su experiencia\ncomo usuarios de la marca. Sabemos que cuando se est\u00e1 trabajando cada minuto\ncuenta y estamos haciendo todo para que nuestros clientes nunca paren\u201d, expres\u00f3\nEduardo Gross, vicepresidente y director comercial de CLAAS Argentina. <\/p>\n\n\n\n<p>\u201cAdem\u00e1s, anunciamos tambi\u00e9n que tenemos alternativas de\nfinanciaci\u00f3n propia para la compra de picadoras, en d\u00f3lares, con una tasa del\n3,5% a 4 a\u00f1os\u201d, agreg\u00f3.<\/p>\n\n\n\n<p><strong>Henificaci\u00f3n<\/strong><br>\u201cTenemos el potencial para duplicar el consumo y la producci\u00f3n de pasto en Argentina, especialmente de alfalfa\u201d, dijo Jos\u00e9 J\u00e1uregui, de Gentos. \u00bfC\u00f3mo lograrlo? \u201cSeleccionar materiales de gen\u00e9tica que se adapten a nuestro sistema y entrar temprano a las alfalfas\u201d, dispar\u00f3. \u201cEntrar cuando la alfalfa tiene siete u ocho nudos durante la primavera nos permite altas tasas de consumo, comer todo el pasto y de calidad, lo que redunda en m\u00e1s leche y m\u00e1s carne. En el oto\u00f1o, darle un descanso cuando los d\u00edas se hacen m\u00e1s cortos. Dejar que la planta llegue a 13\/14 nudos, eso nos va a permitir no comprometer la persistencia y lograr altas tasas de consumo durante todo el a\u00f1o\u201d, puntualiz\u00f3 J\u00e1uregui.<\/p>\n\n\n\n<p>\u201cLa elaboraci\u00f3n de un rollo o megafardo de calidad demanda\nlas mismas operaciones de corte, rastrillado, henificaci\u00f3n y estivado que uno\nde mala calidad. La diferencia radica principalmente en ejecutar esas\nactividades en el momento oportuno y con las regulaciones adecuadas para cada\ncaso\u201d, aclar\u00f3 Federico S\u00e1nchez, asesor de producto de CLAAS Argentina.<\/p>\n\n\n\n<p>Entre las recomendaciones de S\u00e1nchez para realizar el corte\nde alfalfa con CLAAS DISCO se destaca efectuar hacerlo cuando el rebrote basal\nalcance los 5 cm de altura y evitarlo en estados m\u00e1s avanzados, dado que el 70%\nde la calidad del heno depende del momento fenol\u00f3gico de corte. \u201cEs fundamental\ntrabajar con cuchillas bien afiladas que permiten realizar cortes netos sin\ndesgarros y mejoran el rebrote, disminuye, la p\u00e9rdida de hojas y reducen el\nrequerimiento de potencia de la segadora. DISCO est\u00e1 equipada con el sistema\nPLUS de cambio r\u00e1pido, que permite invertir el filo de la cuchilla en solo\nsegundos\u201d, detall\u00f3.<\/p>\n\n\n\n<p>Otro aspecto fundamental es determinar la humedad del\nforraje ya que es una variable que incide directamente sobre la calidad del\nheno. \u201cSi el forraje no fue secado adecuadamente y es henificado con un\ncontenido de humedad superior al 20%, se produce un mayor deterioro y el\ndesarrollo de hongos. La ventana \u00f3ptima para la henificaci\u00f3n de rollos oscila\nentre el 13% y el 19% de humedad, mientras que en megafardos el rango de\ntrabajo es de entre 11 y 17%, dada la alta compactaci\u00f3n que producen estos\nequipos\u201d, detall\u00f3.<\/p>\n\n\n\n<p>Es por eso que la CLAAS QUADRANT 3200 RF viene equipada con\nun sensor de humedad que permite conocer siempre la humedad del pasto que se\nest\u00e1 henificando. \u201cSi los contenidos de humedad son inferiores al 10%, los\nvalores de p\u00e9rdida de hoja van a superar el 4%, que es el l\u00edmite de tolerancia\nestablecido para no afectar la calidad del heno por disminuci\u00f3n de prote\u00edna\nbruta\u201d, recalc\u00f3 S\u00e1nchez.<\/p>\n\n\n\n<p>Luego, Marcos Formica, de Mainero, se refiri\u00f3 a la segadora\n6071 que se vio en el campo de Sunchales. Es una m\u00e1quina de 3,50 metros, con\nuna lanza pivotante y tiro central. Tambi\u00e9n a los dos tipos de rotoenfardadora\nque posee la marca, una pica el pasto y otra que no. La convencional es la 5887,\ncon atador de red que permite hacer pasturas y rastrojo sin ning\u00fan tipo de\najuste. En el caso del mixer, en Sunchales se vio el 2932, que tiene tres\nsinfines horizontales y puede procesar los rollos enteros. Permite hacer la\ntarea con menos consumo de potencia y prolonga los intervalos de mantenimiento.<\/p>\n<div class=\"todoalfalfa-final-de-la-nota\" id=\"todoalfalfa-3320020475\"><a href=\"https:\/\/www.whatsapp.com\/channel\/0029VbCBmFB9WtBxJsD3eC2i\" target=\"_blank\" aria-label=\"5\"><img src=\"https:\/\/i0.wp.com\/www.todoalfalfa.com.ar\/noticias\/wp-content\/uploads\/2026\/04\/5.gif?fit=728%2C90&#038;ssl=1\" alt=\"\"  width=\"728\" height=\"90\"   \/><\/a><\/div>","protected":false},"excerpt":{"rendered":"<p>En plena cuenca lechera santafesina, CLAAS Argentina llev&oacute; a cabo su 31&deg; jornada Experiencia y la 12&deg; realizada en Sunchales&#8230;.<\/p>\n","protected":false},"author":3,"featured_media":41634,"comment_status":"closed","ping_status":"open","sticky":false,"template":"","format":"standard","meta":{"jetpack_post_was_ever_published":false,"_jetpack_newsletter_access":"","_jetpack_dont_email_post_to_subs":false,"_jetpack_newsletter_tier_id":0,"_jetpack_memberships_contains_paywalled_content":false,"_jetpack_memberships_contains_paid_content":false,"footnotes":""},"categories":[2],"tags":[110,104,727,728,255],"class_list":["post-41633","post","type-post","status-publish","format-standard","has-post-thumbnail","hentry","category-generales","tag-centro","tag-claas","tag-logistico","tag-repuestos","tag-sunchales"],"yoast_head":"<!-- This site is optimized with the Yoast SEO plugin v25.5 - https:\/\/yoast.com\/wordpress\/plugins\/seo\/ -->\n<title>Claas pondr\u00e1 en marcha un nuevo Centro Log\u00edstico de Repuestos<\/title>\n<meta name=\"robots\" content=\"index, follow, max-snippet:-1, max-image-preview:large, max-video-preview:-1\" \/>\n<link rel=\"canonical\" href=\"https:\/\/www.todoalfalfa.com.ar\/noticias\/claas-pondra-en-marcha-un-nuevo-centro-logistico-de-repuestos\/\" \/>\n<meta property=\"og:locale\" content=\"es_ES\" \/>\n<meta property=\"og:type\" content=\"article\" \/>\n<meta property=\"og:title\" content=\"Claas pondr\u00e1 en marcha un nuevo Centro Log\u00edstico de Repuestos\" \/>\n<meta property=\"og:description\" content=\"En plena cuenca lechera santafesina, CLAAS Argentina llev&oacute; a cabo su 31&deg; jornada Experiencia y la 12&deg; realizada en Sunchales....\" \/>\n<meta property=\"og:url\" content=\"https:\/\/www.todoalfalfa.com.ar\/noticias\/claas-pondra-en-marcha-un-nuevo-centro-logistico-de-repuestos\/\" \/>\n<meta property=\"og:site_name\" content=\"Todo Alfalfa\" \/>\n<meta property=\"article:publisher\" content=\"https:\/\/www.facebook.com\/todoalfalfa\" \/>\n<meta property=\"article:published_time\" content=\"2019-12-16T20:49:04+00:00\" \/>\n<meta property=\"article:modified_time\" content=\"2019-12-16T20:49:05+00:00\" \/>\n<meta property=\"og:image\" content=\"https:\/\/www.todoalfalfa.com.ar\/noticias\/wp-content\/uploads\/2019\/12\/world_claas.jpg\" \/>\n\t<meta property=\"og:image:width\" content=\"777\" \/>\n\t<meta property=\"og:image:height\" content=\"437\" \/>\n\t<meta property=\"og:image:type\" content=\"image\/jpeg\" \/>\n<meta name=\"author\" content=\"Todo Alfalfa\" \/>\n<meta name=\"twitter:card\" content=\"summary_large_image\" \/>\n<meta name=\"twitter:label1\" content=\"Escrito por\" \/>\n\t<meta name=\"twitter:data1\" content=\"Todo Alfalfa\" \/>\n\t<meta name=\"twitter:label2\" content=\"Tiempo de lectura\" \/>\n\t<meta name=\"twitter:data2\" content=\"4 minutos\" \/>\n<script type=\"application\/ld+json\" class=\"yoast-schema-graph\">{\"@context\":\"https:\/\/schema.org\",\"@graph\":[{\"@type\":\"NewsArticle\",\"@id\":\"https:\/\/www.todoalfalfa.com.ar\/noticias\/claas-pondra-en-marcha-un-nuevo-centro-logistico-de-repuestos\/#article\",\"isPartOf\":{\"@id\":\"https:\/\/www.todoalfalfa.com.ar\/noticias\/claas-pondra-en-marcha-un-nuevo-centro-logistico-de-repuestos\/\"},\"author\":{\"name\":\"Todo Alfalfa\",\"@id\":\"https:\/\/www.todoalfalfa.com.ar\/noticias\/#\/schema\/person\/4ee4bca9b9fa50c4f0fbaf7017fbf2ad\"},\"headline\":\"Claas pondr\u00e1 en marcha un nuevo Centro Log\u00edstico de Repuestos\",\"datePublished\":\"2019-12-16T20:49:04+00:00\",\"dateModified\":\"2019-12-16T20:49:05+00:00\",\"mainEntityOfPage\":{\"@id\":\"https:\/\/www.todoalfalfa.com.ar\/noticias\/claas-pondra-en-marcha-un-nuevo-centro-logistico-de-repuestos\/\"},\"wordCount\":861,\"publisher\":{\"@id\":\"https:\/\/www.todoalfalfa.com.ar\/noticias\/#organization\"},\"image\":{\"@id\":\"https:\/\/www.todoalfalfa.com.ar\/noticias\/claas-pondra-en-marcha-un-nuevo-centro-logistico-de-repuestos\/#primaryimage\"},\"thumbnailUrl\":\"https:\/\/i0.wp.com\/www.todoalfalfa.com.ar\/noticias\/wp-content\/uploads\/2019\/12\/world_claas.jpg?fit=777%2C437&ssl=1\",\"keywords\":[\"centro\",\"Claas\",\"Log\u00edstico\",\"Repuestos\",\"Sunchales\"],\"articleSection\":[\"Generales\"],\"inLanguage\":\"es\"},{\"@type\":[\"WebPage\",\"ItemPage\"],\"@id\":\"https:\/\/www.todoalfalfa.com.ar\/noticias\/claas-pondra-en-marcha-un-nuevo-centro-logistico-de-repuestos\/\",\"url\":\"https:\/\/www.todoalfalfa.com.ar\/noticias\/claas-pondra-en-marcha-un-nuevo-centro-logistico-de-repuestos\/\",\"name\":\"Claas pondr\u00e1 en marcha un nuevo Centro Log\u00edstico de Repuestos\",\"isPartOf\":{\"@id\":\"https:\/\/www.todoalfalfa.com.ar\/noticias\/#website\"},\"primaryImageOfPage\":{\"@id\":\"https:\/\/www.todoalfalfa.com.ar\/noticias\/claas-pondra-en-marcha-un-nuevo-centro-logistico-de-repuestos\/#primaryimage\"},\"image\":{\"@id\":\"https:\/\/www.todoalfalfa.com.ar\/noticias\/claas-pondra-en-marcha-un-nuevo-centro-logistico-de-repuestos\/#primaryimage\"},\"thumbnailUrl\":\"https:\/\/i0.wp.com\/www.todoalfalfa.com.ar\/noticias\/wp-content\/uploads\/2019\/12\/world_claas.jpg?fit=777%2C437&ssl=1\",\"datePublished\":\"2019-12-16T20:49:04+00:00\",\"dateModified\":\"2019-12-16T20:49:05+00:00\",\"breadcrumb\":{\"@id\":\"https:\/\/www.todoalfalfa.com.ar\/noticias\/claas-pondra-en-marcha-un-nuevo-centro-logistico-de-repuestos\/#breadcrumb\"},\"inLanguage\":\"es\",\"potentialAction\":[{\"@type\":\"ReadAction\",\"target\":[\"https:\/\/www.todoalfalfa.com.ar\/noticias\/claas-pondra-en-marcha-un-nuevo-centro-logistico-de-repuestos\/\"]}]},{\"@type\":\"ImageObject\",\"inLanguage\":\"es\",\"@id\":\"https:\/\/www.todoalfalfa.com.ar\/noticias\/claas-pondra-en-marcha-un-nuevo-centro-logistico-de-repuestos\/#primaryimage\",\"url\":\"https:\/\/i0.wp.com\/www.todoalfalfa.com.ar\/noticias\/wp-content\/uploads\/2019\/12\/world_claas.jpg?fit=777%2C437&ssl=1\",\"contentUrl\":\"https:\/\/i0.wp.com\/www.todoalfalfa.com.ar\/noticias\/wp-content\/uploads\/2019\/12\/world_claas.jpg?fit=777%2C437&ssl=1\",\"width\":777,\"height\":437},{\"@type\":\"BreadcrumbList\",\"@id\":\"https:\/\/www.todoalfalfa.com.ar\/noticias\/claas-pondra-en-marcha-un-nuevo-centro-logistico-de-repuestos\/#breadcrumb\",\"itemListElement\":[{\"@type\":\"ListItem\",\"position\":1,\"name\":\"Principal\",\"item\":\"https:\/\/www.todoalfalfa.com.ar\/noticias\/\"},{\"@type\":\"ListItem\",\"position\":2,\"name\":\"Claas pondr\u00e1 en marcha un nuevo Centro Log\u00edstico de Repuestos\"}]},{\"@type\":\"WebSite\",\"@id\":\"https:\/\/www.todoalfalfa.com.ar\/noticias\/#website\",\"url\":\"https:\/\/www.todoalfalfa.com.ar\/noticias\/\",\"name\":\"Todo Alfalfa\",\"description\":\"Web informativa de la cadena de la alfalfa argentina\",\"publisher\":{\"@id\":\"https:\/\/www.todoalfalfa.com.ar\/noticias\/#organization\"},\"potentialAction\":[{\"@type\":\"SearchAction\",\"target\":{\"@type\":\"EntryPoint\",\"urlTemplate\":\"https:\/\/www.todoalfalfa.com.ar\/noticias\/?s={search_term_string}\"},\"query-input\":{\"@type\":\"PropertyValueSpecification\",\"valueRequired\":true,\"valueName\":\"search_term_string\"}}],\"inLanguage\":\"es\"},{\"@type\":\"Organization\",\"@id\":\"https:\/\/www.todoalfalfa.com.ar\/noticias\/#organization\",\"name\":\"Todo Alfalfa\",\"url\":\"https:\/\/www.todoalfalfa.com.ar\/noticias\/\",\"logo\":{\"@type\":\"ImageObject\",\"inLanguage\":\"es\",\"@id\":\"https:\/\/www.todoalfalfa.com.ar\/noticias\/#\/schema\/logo\/image\/\",\"url\":\"https:\/\/www.todoalfalfa.com.ar\/noticias\/wp-content\/uploads\/2020\/09\/logo-todo-alfalfa-modificado.png\",\"contentUrl\":\"https:\/\/www.todoalfalfa.com.ar\/noticias\/wp-content\/uploads\/2020\/09\/logo-todo-alfalfa-modificado.png\",\"width\":350,\"height\":100,\"caption\":\"Todo Alfalfa\"},\"image\":{\"@id\":\"https:\/\/www.todoalfalfa.com.ar\/noticias\/#\/schema\/logo\/image\/\"},\"sameAs\":[\"https:\/\/www.facebook.com\/todoalfalfa\",\"https:\/\/www.instagram.com\/todoalfalfa\",\"https:\/\/www.youtube.com\/@TodoAlfalfa\",\"https:\/\/www.linkedin.com\/company\/todoalfalfa\/\"]},{\"@type\":\"Person\",\"@id\":\"https:\/\/www.todoalfalfa.com.ar\/noticias\/#\/schema\/person\/4ee4bca9b9fa50c4f0fbaf7017fbf2ad\",\"name\":\"Todo Alfalfa\",\"image\":{\"@type\":\"ImageObject\",\"inLanguage\":\"es\",\"@id\":\"https:\/\/www.todoalfalfa.com.ar\/noticias\/#\/schema\/person\/image\/\",\"url\":\"https:\/\/secure.gravatar.com\/avatar\/4d26a600a1380823a26c3f9cb74ada1a8ee4b482c0c3a616ab022b865c46be8f?s=96&d=mm&r=g\",\"contentUrl\":\"https:\/\/secure.gravatar.com\/avatar\/4d26a600a1380823a26c3f9cb74ada1a8ee4b482c0c3a616ab022b865c46be8f?s=96&d=mm&r=g\",\"caption\":\"Todo Alfalfa\"},\"sameAs\":[\"http:\/\/www.todoalfalfa.com.ar\"],\"url\":\"https:\/\/www.todoalfalfa.com.ar\/noticias\/author\/todoalfalfa\/\"}]}<\/script>\n<!-- \/ Yoast SEO plugin. -->","yoast_head_json":{"title":"Claas pondr\u00e1 en marcha un nuevo Centro Log\u00edstico de Repuestos","robots":{"index":"index","follow":"follow","max-snippet":"max-snippet:-1","max-image-preview":"max-image-preview:large","max-video-preview":"max-video-preview:-1"},"canonical":"https:\/\/www.todoalfalfa.com.ar\/noticias\/claas-pondra-en-marcha-un-nuevo-centro-logistico-de-repuestos\/","og_locale":"es_ES","og_type":"article","og_title":"Claas pondr\u00e1 en marcha un nuevo Centro Log\u00edstico de Repuestos","og_description":"En plena cuenca lechera santafesina, CLAAS Argentina llev&oacute; a cabo su 31&deg; jornada Experiencia y la 12&deg; realizada en Sunchales....","og_url":"https:\/\/www.todoalfalfa.com.ar\/noticias\/claas-pondra-en-marcha-un-nuevo-centro-logistico-de-repuestos\/","og_site_name":"Todo Alfalfa","article_publisher":"https:\/\/www.facebook.com\/todoalfalfa","article_published_time":"2019-12-16T20:49:04+00:00","article_modified_time":"2019-12-16T20:49:05+00:00","og_image":[{"width":777,"height":437,"url":"https:\/\/www.todoalfalfa.com.ar\/noticias\/wp-content\/uploads\/2019\/12\/world_claas.jpg","type":"image\/jpeg"}],"author":"Todo Alfalfa","twitter_card":"summary_large_image","twitter_misc":{"Escrito por":"Todo Alfalfa","Tiempo de lectura":"4 minutos"},"schema":{"@context":"https:\/\/schema.org","@graph":[{"@type":"NewsArticle","@id":"https:\/\/www.todoalfalfa.com.ar\/noticias\/claas-pondra-en-marcha-un-nuevo-centro-logistico-de-repuestos\/#article","isPartOf":{"@id":"https:\/\/www.todoalfalfa.com.ar\/noticias\/claas-pondra-en-marcha-un-nuevo-centro-logistico-de-repuestos\/"},"author":{"name":"Todo Alfalfa","@id":"https:\/\/www.todoalfalfa.com.ar\/noticias\/#\/schema\/person\/4ee4bca9b9fa50c4f0fbaf7017fbf2ad"},"headline":"Claas pondr\u00e1 en marcha un nuevo Centro Log\u00edstico de Repuestos","datePublished":"2019-12-16T20:49:04+00:00","dateModified":"2019-12-16T20:49:05+00:00","mainEntityOfPage":{"@id":"https:\/\/www.todoalfalfa.com.ar\/noticias\/claas-pondra-en-marcha-un-nuevo-centro-logistico-de-repuestos\/"},"wordCount":861,"publisher":{"@id":"https:\/\/www.todoalfalfa.com.ar\/noticias\/#organization"},"image":{"@id":"https:\/\/www.todoalfalfa.com.ar\/noticias\/claas-pondra-en-marcha-un-nuevo-centro-logistico-de-repuestos\/#primaryimage"},"thumbnailUrl":"https:\/\/i0.wp.com\/www.todoalfalfa.com.ar\/noticias\/wp-content\/uploads\/2019\/12\/world_claas.jpg?fit=777%2C437&ssl=1","keywords":["centro","Claas","Log\u00edstico","Repuestos","Sunchales"],"articleSection":["Generales"],"inLanguage":"es"},{"@type":["WebPage","ItemPage"],"@id":"https:\/\/www.todoalfalfa.com.ar\/noticias\/claas-pondra-en-marcha-un-nuevo-centro-logistico-de-repuestos\/","url":"https:\/\/www.todoalfalfa.com.ar\/noticias\/claas-pondra-en-marcha-un-nuevo-centro-logistico-de-repuestos\/","name":"Claas pondr\u00e1 en marcha un nuevo Centro Log\u00edstico de Repuestos","isPartOf":{"@id":"https:\/\/www.todoalfalfa.com.ar\/noticias\/#website"},"primaryImageOfPage":{"@id":"https:\/\/www.todoalfalfa.com.ar\/noticias\/claas-pondra-en-marcha-un-nuevo-centro-logistico-de-repuestos\/#primaryimage"},"image":{"@id":"https:\/\/www.todoalfalfa.com.ar\/noticias\/claas-pondra-en-marcha-un-nuevo-centro-logistico-de-repuestos\/#primaryimage"},"thumbnailUrl":"https:\/\/i0.wp.com\/www.todoalfalfa.com.ar\/noticias\/wp-content\/uploads\/2019\/12\/world_claas.jpg?fit=777%2C437&ssl=1","datePublished":"2019-12-16T20:49:04+00:00","dateModified":"2019-12-16T20:49:05+00:00","breadcrumb":{"@id":"https:\/\/www.todoalfalfa.com.ar\/noticias\/claas-pondra-en-marcha-un-nuevo-centro-logistico-de-repuestos\/#breadcrumb"},"inLanguage":"es","potentialAction":[{"@type":"ReadAction","target":["https:\/\/www.todoalfalfa.com.ar\/noticias\/claas-pondra-en-marcha-un-nuevo-centro-logistico-de-repuestos\/"]}]},{"@type":"ImageObject","inLanguage":"es","@id":"https:\/\/www.todoalfalfa.com.ar\/noticias\/claas-pondra-en-marcha-un-nuevo-centro-logistico-de-repuestos\/#primaryimage","url":"https:\/\/i0.wp.com\/www.todoalfalfa.com.ar\/noticias\/wp-content\/uploads\/2019\/12\/world_claas.jpg?fit=777%2C437&ssl=1","contentUrl":"https:\/\/i0.wp.com\/www.todoalfalfa.com.ar\/noticias\/wp-content\/uploads\/2019\/12\/world_claas.jpg?fit=777%2C437&ssl=1","width":777,"height":437},{"@type":"BreadcrumbList","@id":"https:\/\/www.todoalfalfa.com.ar\/noticias\/claas-pondra-en-marcha-un-nuevo-centro-logistico-de-repuestos\/#breadcrumb","itemListElement":[{"@type":"ListItem","position":1,"name":"Principal","item":"https:\/\/www.todoalfalfa.com.ar\/noticias\/"},{"@type":"ListItem","position":2,"name":"Claas pondr\u00e1 en marcha un nuevo Centro Log\u00edstico de Repuestos"}]},{"@type":"WebSite","@id":"https:\/\/www.todoalfalfa.com.ar\/noticias\/#website","url":"https:\/\/www.todoalfalfa.com.ar\/noticias\/","name":"Todo Alfalfa","description":"Web informativa de la cadena de la alfalfa argentina","publisher":{"@id":"https:\/\/www.todoalfalfa.com.ar\/noticias\/#organization"},"potentialAction":[{"@type":"SearchAction","target":{"@type":"EntryPoint","urlTemplate":"https:\/\/www.todoalfalfa.com.ar\/noticias\/?s={search_term_string}"},"query-input":{"@type":"PropertyValueSpecification","valueRequired":true,"valueName":"search_term_string"}}],"inLanguage":"es"},{"@type":"Organization","@id":"https:\/\/www.todoalfalfa.com.ar\/noticias\/#organization","name":"Todo Alfalfa","url":"https:\/\/www.todoalfalfa.com.ar\/noticias\/","logo":{"@type":"ImageObject","inLanguage":"es","@id":"https:\/\/www.todoalfalfa.com.ar\/noticias\/#\/schema\/logo\/image\/","url":"https:\/\/www.todoalfalfa.com.ar\/noticias\/wp-content\/uploads\/2020\/09\/logo-todo-alfalfa-modificado.png","contentUrl":"https:\/\/www.todoalfalfa.com.ar\/noticias\/wp-content\/uploads\/2020\/09\/logo-todo-alfalfa-modificado.png","width":350,"height":100,"caption":"Todo Alfalfa"},"image":{"@id":"https:\/\/www.todoalfalfa.com.ar\/noticias\/#\/schema\/logo\/image\/"},"sameAs":["https:\/\/www.facebook.com\/todoalfalfa","https:\/\/www.instagram.com\/todoalfalfa","https:\/\/www.youtube.com\/@TodoAlfalfa","https:\/\/www.linkedin.com\/company\/todoalfalfa\/"]},{"@type":"Person","@id":"https:\/\/www.todoalfalfa.com.ar\/noticias\/#\/schema\/person\/4ee4bca9b9fa50c4f0fbaf7017fbf2ad","name":"Todo Alfalfa","image":{"@type":"ImageObject","inLanguage":"es","@id":"https:\/\/www.todoalfalfa.com.ar\/noticias\/#\/schema\/person\/image\/","url":"https:\/\/secure.gravatar.com\/avatar\/4d26a600a1380823a26c3f9cb74ada1a8ee4b482c0c3a616ab022b865c46be8f?s=96&d=mm&r=g","contentUrl":"https:\/\/secure.gravatar.com\/avatar\/4d26a600a1380823a26c3f9cb74ada1a8ee4b482c0c3a616ab022b865c46be8f?s=96&d=mm&r=g","caption":"Todo Alfalfa"},"sameAs":["http:\/\/www.todoalfalfa.com.ar"],"url":"https:\/\/www.todoalfalfa.com.ar\/noticias\/author\/todoalfalfa\/"}]}},"jetpack_featured_media_url":"https:\/\/i0.wp.com\/www.todoalfalfa.com.ar\/noticias\/wp-content\/uploads\/2019\/12\/world_claas.jpg?fit=777%2C437&ssl=1","wps_subtitle":"En el marco de su habitual jornada de capacitaci\u00f3n \u201cExperiencia Forrajera y en Cosecha\u201d, la compa\u00f1\u00eda alemana anuncio la puesta en marcha de un Centro Log\u00edstico de Repuestos en Sunchales, para agilizar la asistencia t\u00e9cnica y el reparto de repuestos. Hubo charlas interesantes sobre mejoramiento de producci\u00f3n en alfalfa, corte y henificaci\u00f3n.","jetpack_sharing_enabled":true,"_links":{"self":[{"href":"https:\/\/www.todoalfalfa.com.ar\/noticias\/wp-json\/wp\/v2\/posts\/41633","targetHints":{"allow":["GET"]}}],"collection":[{"href":"https:\/\/www.todoalfalfa.com.ar\/noticias\/wp-json\/wp\/v2\/posts"}],"about":[{"href":"https:\/\/www.todoalfalfa.com.ar\/noticias\/wp-json\/wp\/v2\/types\/post"}],"author":[{"embeddable":true,"href":"https:\/\/www.todoalfalfa.com.ar\/noticias\/wp-json\/wp\/v2\/users\/3"}],"replies":[{"embeddable":true,"href":"https:\/\/www.todoalfalfa.com.ar\/noticias\/wp-json\/wp\/v2\/comments?post=41633"}],"version-history":[{"count":0,"href":"https:\/\/www.todoalfalfa.com.ar\/noticias\/wp-json\/wp\/v2\/posts\/41633\/revisions"}],"wp:featuredmedia":[{"embeddable":true,"href":"https:\/\/www.todoalfalfa.com.ar\/noticias\/wp-json\/wp\/v2\/media\/41634"}],"wp:attachment":[{"href":"https:\/\/www.todoalfalfa.com.ar\/noticias\/wp-json\/wp\/v2\/media?parent=41633"}],"wp:term":[{"taxonomy":"category","embeddable":true,"href":"https:\/\/www.todoalfalfa.com.ar\/noticias\/wp-json\/wp\/v2\/categories?post=41633"},{"taxonomy":"post_tag","embeddable":true,"href":"https:\/\/www.todoalfalfa.com.ar\/noticias\/wp-json\/wp\/v2\/tags?post=41633"}],"curies":[{"name":"wp","href":"https:\/\/api.w.org\/{rel}","templated":true}]}}