{"id":42057,"date":"2020-04-29T19:17:48","date_gmt":"2020-04-29T22:17:48","guid":{"rendered":"https:\/\/www.todoalfalfa.com.ar\/?p=42057"},"modified":"2020-04-29T19:17:49","modified_gmt":"2020-04-29T22:17:49","slug":"densidad-optima-en-siembra-de-alfalfa","status":"publish","type":"post","link":"https:\/\/www.todoalfalfa.com.ar\/noticias\/densidad-optima-en-siembra-de-alfalfa\/","title":{"rendered":"Densidad \u00f3ptima en siembra de alfalfa"},"content":{"rendered":"\n<p>Frente a este escenario, cuanto m\u00e1s semillas pongamos en el suelo va a ser la cantidad\u00a0 de plantas y el tiempo que tengan \u00e9stas a lo largo del tiempo, por lo cual el \u00edndice de amortizaci\u00f3n de la pastura se va a reducir.<\/p>\n\n\n\n<p>La densidad ideal, deber\u00edamos trabajarla entre los 17 y los 20 Kg\/Ha. Pero lo que tenemos que tener en cuenta es c\u00f3mo sembramos esos kilos. Si vamos a tener una gen\u00e9tica de much\u00edsima calidad, lo ideal ser\u00eda poder dividir en el surco todos esos kilos.<\/p>\n\n\n\n<p>En la Rep\u00fablica Argentina tenemos pocas sembradoras a menor distancia que 19 o 17,5 y cuando la semilla de alfalfa se encuentra en el surco con mucha densidad se siente hacinada y entra a trabajar en un alto raleo, por lo cual lo ideal ser\u00eda gastar un peso m\u00e1s a la siembra, haciendo siembras cruzadas o intersiembra con banderilleros satelitales a 8 cm de manera tal que la densidad en el surco baje y tener mayor persistencia en el tiempo de esta forrajera.<\/p>\n\n\n\n<p>El otro punto a tener en cuenta es la profundidad de siembra de esta alfalfa. Lo ideal son siembras subsuperficiales. Para m\u00ed, nunca mayor a 0,5 cm, y por sobre todas las cosas cuidar que la semilla este en estrecho contacto con el suelo, con lo cual tenemos que tener una muy buena rueda tapadora, un \u00f3rgano tapador compactador y tener cuidado con las ruedas que cierran surcos, sobre todo en siembras convencionales para evitar que en suelos demasiado livianos por laboreo o por caracter\u00edsticas del suelo quede armado un camell\u00f3n por encima de esta semilla que hemos implantado, y de esa manera la profundidad de siembra se me vaya demasiado hacia abajo.<\/p>\n\n\n\n<p>Entonces buenas densidades, siembras cruzadas, el suelo en estrecho contacto con la semilla, y tener en cuenta cuando tapamos esta semilla que no se nos vaya hacia arriba, o por lo menos que no alteremos la profundidad de siembra. <br><br><em>Fuente: Campo Directo &#8211; www.agromagazine.tv <\/em><\/p>\n<div class=\"todoalfalfa-final-de-la-nota\" id=\"todoalfalfa-3033928690\"><a href=\"https:\/\/www.whatsapp.com\/channel\/0029VbCBmFB9WtBxJsD3eC2i\" target=\"_blank\" aria-label=\"5\"><img src=\"https:\/\/i0.wp.com\/www.todoalfalfa.com.ar\/noticias\/wp-content\/uploads\/2026\/04\/5.gif?fit=728%2C90&#038;ssl=1\" alt=\"\"  width=\"728\" height=\"90\"   \/><\/a><\/div>","protected":false},"excerpt":{"rendered":"<p>Frente a este escenario, cuanto m&aacute;s semillas pongamos en el suelo va a ser la cantidad&nbsp; de plantas y el&#8230;<\/p>\n","protected":false},"author":3,"featured_media":41016,"comment_status":"closed","ping_status":"open","sticky":false,"template":"","format":"standard","meta":{"jetpack_post_was_ever_published":false,"_jetpack_newsletter_access":"","_jetpack_dont_email_post_to_subs":false,"_jetpack_newsletter_tier_id":0,"_jetpack_memberships_contains_paywalled_content":false,"_jetpack_memberships_contains_paid_content":false,"footnotes":""},"categories":[2],"tags":[803,125,54,303],"class_list":["post-42057","post","type-post","status-publish","format-standard","has-post-thumbnail","hentry","category-generales","tag-asesor","tag-cattani","tag-forrajes","tag-pablo"],"yoast_head":"<!-- This site is optimized with the Yoast SEO plugin v25.5 - https:\/\/yoast.com\/wordpress\/plugins\/seo\/ -->\n<title>Densidad \u00f3ptima en siembra de alfalfa<\/title>\n<meta name=\"robots\" content=\"index, follow, max-snippet:-1, max-image-preview:large, max-video-preview:-1\" \/>\n<link rel=\"canonical\" href=\"https:\/\/www.todoalfalfa.com.ar\/noticias\/densidad-optima-en-siembra-de-alfalfa\/\" \/>\n<meta property=\"og:locale\" content=\"es_ES\" \/>\n<meta property=\"og:type\" content=\"article\" \/>\n<meta property=\"og:title\" content=\"Densidad \u00f3ptima en siembra de alfalfa\" \/>\n<meta property=\"og:description\" content=\"Frente a este escenario, cuanto m&aacute;s semillas pongamos en el suelo va a ser la cantidad&nbsp; de plantas y el...\" \/>\n<meta property=\"og:url\" content=\"https:\/\/www.todoalfalfa.com.ar\/noticias\/densidad-optima-en-siembra-de-alfalfa\/\" \/>\n<meta property=\"og:site_name\" content=\"Todo Alfalfa\" \/>\n<meta property=\"article:publisher\" content=\"https:\/\/www.facebook.com\/todoalfalfa\" \/>\n<meta property=\"article:published_time\" content=\"2020-04-29T22:17:48+00:00\" \/>\n<meta property=\"article:modified_time\" content=\"2020-04-29T22:17:49+00:00\" \/>\n<meta property=\"og:image\" content=\"https:\/\/www.todoalfalfa.com.ar\/noticias\/wp-content\/uploads\/2019\/06\/siembradealfalfa_junio.jpg\" \/>\n\t<meta property=\"og:image:width\" content=\"777\" \/>\n\t<meta property=\"og:image:height\" content=\"437\" \/>\n\t<meta property=\"og:image:type\" content=\"image\/jpeg\" \/>\n<meta name=\"author\" content=\"Todo Alfalfa\" \/>\n<meta name=\"twitter:card\" content=\"summary_large_image\" \/>\n<meta name=\"twitter:label1\" content=\"Escrito por\" \/>\n\t<meta name=\"twitter:data1\" content=\"Todo Alfalfa\" \/>\n\t<meta name=\"twitter:label2\" content=\"Tiempo de lectura\" \/>\n\t<meta name=\"twitter:data2\" content=\"2 minutos\" \/>\n<script type=\"application\/ld+json\" class=\"yoast-schema-graph\">{\"@context\":\"https:\/\/schema.org\",\"@graph\":[{\"@type\":\"NewsArticle\",\"@id\":\"https:\/\/www.todoalfalfa.com.ar\/noticias\/densidad-optima-en-siembra-de-alfalfa\/#article\",\"isPartOf\":{\"@id\":\"https:\/\/www.todoalfalfa.com.ar\/noticias\/densidad-optima-en-siembra-de-alfalfa\/\"},\"author\":{\"name\":\"Todo Alfalfa\",\"@id\":\"https:\/\/www.todoalfalfa.com.ar\/noticias\/#\/schema\/person\/4ee4bca9b9fa50c4f0fbaf7017fbf2ad\"},\"headline\":\"Densidad \u00f3ptima en siembra de alfalfa\",\"datePublished\":\"2020-04-29T22:17:48+00:00\",\"dateModified\":\"2020-04-29T22:17:49+00:00\",\"mainEntityOfPage\":{\"@id\":\"https:\/\/www.todoalfalfa.com.ar\/noticias\/densidad-optima-en-siembra-de-alfalfa\/\"},\"wordCount\":343,\"publisher\":{\"@id\":\"https:\/\/www.todoalfalfa.com.ar\/noticias\/#organization\"},\"image\":{\"@id\":\"https:\/\/www.todoalfalfa.com.ar\/noticias\/densidad-optima-en-siembra-de-alfalfa\/#primaryimage\"},\"thumbnailUrl\":\"https:\/\/i0.wp.com\/www.todoalfalfa.com.ar\/noticias\/wp-content\/uploads\/2019\/06\/siembradealfalfa_junio.jpg?fit=777%2C437&ssl=1\",\"keywords\":[\"asesor\",\"Cattani\",\"forrajes\",\"Pablo\"],\"articleSection\":[\"Generales\"],\"inLanguage\":\"es\"},{\"@type\":[\"WebPage\",\"ItemPage\"],\"@id\":\"https:\/\/www.todoalfalfa.com.ar\/noticias\/densidad-optima-en-siembra-de-alfalfa\/\",\"url\":\"https:\/\/www.todoalfalfa.com.ar\/noticias\/densidad-optima-en-siembra-de-alfalfa\/\",\"name\":\"Densidad \u00f3ptima en siembra de alfalfa\",\"isPartOf\":{\"@id\":\"https:\/\/www.todoalfalfa.com.ar\/noticias\/#website\"},\"primaryImageOfPage\":{\"@id\":\"https:\/\/www.todoalfalfa.com.ar\/noticias\/densidad-optima-en-siembra-de-alfalfa\/#primaryimage\"},\"image\":{\"@id\":\"https:\/\/www.todoalfalfa.com.ar\/noticias\/densidad-optima-en-siembra-de-alfalfa\/#primaryimage\"},\"thumbnailUrl\":\"https:\/\/i0.wp.com\/www.todoalfalfa.com.ar\/noticias\/wp-content\/uploads\/2019\/06\/siembradealfalfa_junio.jpg?fit=777%2C437&ssl=1\",\"datePublished\":\"2020-04-29T22:17:48+00:00\",\"dateModified\":\"2020-04-29T22:17:49+00:00\",\"breadcrumb\":{\"@id\":\"https:\/\/www.todoalfalfa.com.ar\/noticias\/densidad-optima-en-siembra-de-alfalfa\/#breadcrumb\"},\"inLanguage\":\"es\",\"potentialAction\":[{\"@type\":\"ReadAction\",\"target\":[\"https:\/\/www.todoalfalfa.com.ar\/noticias\/densidad-optima-en-siembra-de-alfalfa\/\"]}]},{\"@type\":\"ImageObject\",\"inLanguage\":\"es\",\"@id\":\"https:\/\/www.todoalfalfa.com.ar\/noticias\/densidad-optima-en-siembra-de-alfalfa\/#primaryimage\",\"url\":\"https:\/\/i0.wp.com\/www.todoalfalfa.com.ar\/noticias\/wp-content\/uploads\/2019\/06\/siembradealfalfa_junio.jpg?fit=777%2C437&ssl=1\",\"contentUrl\":\"https:\/\/i0.wp.com\/www.todoalfalfa.com.ar\/noticias\/wp-content\/uploads\/2019\/06\/siembradealfalfa_junio.jpg?fit=777%2C437&ssl=1\",\"width\":777,\"height\":437},{\"@type\":\"BreadcrumbList\",\"@id\":\"https:\/\/www.todoalfalfa.com.ar\/noticias\/densidad-optima-en-siembra-de-alfalfa\/#breadcrumb\",\"itemListElement\":[{\"@type\":\"ListItem\",\"position\":1,\"name\":\"Principal\",\"item\":\"https:\/\/www.todoalfalfa.com.ar\/noticias\/\"},{\"@type\":\"ListItem\",\"position\":2,\"name\":\"Densidad \u00f3ptima en siembra de alfalfa\"}]},{\"@type\":\"WebSite\",\"@id\":\"https:\/\/www.todoalfalfa.com.ar\/noticias\/#website\",\"url\":\"https:\/\/www.todoalfalfa.com.ar\/noticias\/\",\"name\":\"Todo Alfalfa\",\"description\":\"Web informativa de la cadena de la alfalfa argentina\",\"publisher\":{\"@id\":\"https:\/\/www.todoalfalfa.com.ar\/noticias\/#organization\"},\"potentialAction\":[{\"@type\":\"SearchAction\",\"target\":{\"@type\":\"EntryPoint\",\"urlTemplate\":\"https:\/\/www.todoalfalfa.com.ar\/noticias\/?s={search_term_string}\"},\"query-input\":{\"@type\":\"PropertyValueSpecification\",\"valueRequired\":true,\"valueName\":\"search_term_string\"}}],\"inLanguage\":\"es\"},{\"@type\":\"Organization\",\"@id\":\"https:\/\/www.todoalfalfa.com.ar\/noticias\/#organization\",\"name\":\"Todo Alfalfa\",\"url\":\"https:\/\/www.todoalfalfa.com.ar\/noticias\/\",\"logo\":{\"@type\":\"ImageObject\",\"inLanguage\":\"es\",\"@id\":\"https:\/\/www.todoalfalfa.com.ar\/noticias\/#\/schema\/logo\/image\/\",\"url\":\"https:\/\/www.todoalfalfa.com.ar\/noticias\/wp-content\/uploads\/2020\/09\/logo-todo-alfalfa-modificado.png\",\"contentUrl\":\"https:\/\/www.todoalfalfa.com.ar\/noticias\/wp-content\/uploads\/2020\/09\/logo-todo-alfalfa-modificado.png\",\"width\":350,\"height\":100,\"caption\":\"Todo Alfalfa\"},\"image\":{\"@id\":\"https:\/\/www.todoalfalfa.com.ar\/noticias\/#\/schema\/logo\/image\/\"},\"sameAs\":[\"https:\/\/www.facebook.com\/todoalfalfa\",\"https:\/\/www.instagram.com\/todoalfalfa\",\"https:\/\/www.youtube.com\/@TodoAlfalfa\",\"https:\/\/www.linkedin.com\/company\/todoalfalfa\/\"]},{\"@type\":\"Person\",\"@id\":\"https:\/\/www.todoalfalfa.com.ar\/noticias\/#\/schema\/person\/4ee4bca9b9fa50c4f0fbaf7017fbf2ad\",\"name\":\"Todo Alfalfa\",\"image\":{\"@type\":\"ImageObject\",\"inLanguage\":\"es\",\"@id\":\"https:\/\/www.todoalfalfa.com.ar\/noticias\/#\/schema\/person\/image\/\",\"url\":\"https:\/\/secure.gravatar.com\/avatar\/4d26a600a1380823a26c3f9cb74ada1a8ee4b482c0c3a616ab022b865c46be8f?s=96&d=mm&r=g\",\"contentUrl\":\"https:\/\/secure.gravatar.com\/avatar\/4d26a600a1380823a26c3f9cb74ada1a8ee4b482c0c3a616ab022b865c46be8f?s=96&d=mm&r=g\",\"caption\":\"Todo Alfalfa\"},\"sameAs\":[\"http:\/\/www.todoalfalfa.com.ar\"],\"url\":\"https:\/\/www.todoalfalfa.com.ar\/noticias\/author\/todoalfalfa\/\"}]}<\/script>\n<!-- \/ Yoast SEO plugin. -->","yoast_head_json":{"title":"Densidad \u00f3ptima en siembra de alfalfa","robots":{"index":"index","follow":"follow","max-snippet":"max-snippet:-1","max-image-preview":"max-image-preview:large","max-video-preview":"max-video-preview:-1"},"canonical":"https:\/\/www.todoalfalfa.com.ar\/noticias\/densidad-optima-en-siembra-de-alfalfa\/","og_locale":"es_ES","og_type":"article","og_title":"Densidad \u00f3ptima en siembra de alfalfa","og_description":"Frente a este escenario, cuanto m&aacute;s semillas pongamos en el suelo va a ser la cantidad&nbsp; de plantas y el...","og_url":"https:\/\/www.todoalfalfa.com.ar\/noticias\/densidad-optima-en-siembra-de-alfalfa\/","og_site_name":"Todo Alfalfa","article_publisher":"https:\/\/www.facebook.com\/todoalfalfa","article_published_time":"2020-04-29T22:17:48+00:00","article_modified_time":"2020-04-29T22:17:49+00:00","og_image":[{"width":777,"height":437,"url":"https:\/\/www.todoalfalfa.com.ar\/noticias\/wp-content\/uploads\/2019\/06\/siembradealfalfa_junio.jpg","type":"image\/jpeg"}],"author":"Todo Alfalfa","twitter_card":"summary_large_image","twitter_misc":{"Escrito por":"Todo Alfalfa","Tiempo de lectura":"2 minutos"},"schema":{"@context":"https:\/\/schema.org","@graph":[{"@type":"NewsArticle","@id":"https:\/\/www.todoalfalfa.com.ar\/noticias\/densidad-optima-en-siembra-de-alfalfa\/#article","isPartOf":{"@id":"https:\/\/www.todoalfalfa.com.ar\/noticias\/densidad-optima-en-siembra-de-alfalfa\/"},"author":{"name":"Todo Alfalfa","@id":"https:\/\/www.todoalfalfa.com.ar\/noticias\/#\/schema\/person\/4ee4bca9b9fa50c4f0fbaf7017fbf2ad"},"headline":"Densidad \u00f3ptima en siembra de alfalfa","datePublished":"2020-04-29T22:17:48+00:00","dateModified":"2020-04-29T22:17:49+00:00","mainEntityOfPage":{"@id":"https:\/\/www.todoalfalfa.com.ar\/noticias\/densidad-optima-en-siembra-de-alfalfa\/"},"wordCount":343,"publisher":{"@id":"https:\/\/www.todoalfalfa.com.ar\/noticias\/#organization"},"image":{"@id":"https:\/\/www.todoalfalfa.com.ar\/noticias\/densidad-optima-en-siembra-de-alfalfa\/#primaryimage"},"thumbnailUrl":"https:\/\/i0.wp.com\/www.todoalfalfa.com.ar\/noticias\/wp-content\/uploads\/2019\/06\/siembradealfalfa_junio.jpg?fit=777%2C437&ssl=1","keywords":["asesor","Cattani","forrajes","Pablo"],"articleSection":["Generales"],"inLanguage":"es"},{"@type":["WebPage","ItemPage"],"@id":"https:\/\/www.todoalfalfa.com.ar\/noticias\/densidad-optima-en-siembra-de-alfalfa\/","url":"https:\/\/www.todoalfalfa.com.ar\/noticias\/densidad-optima-en-siembra-de-alfalfa\/","name":"Densidad \u00f3ptima en siembra de alfalfa","isPartOf":{"@id":"https:\/\/www.todoalfalfa.com.ar\/noticias\/#website"},"primaryImageOfPage":{"@id":"https:\/\/www.todoalfalfa.com.ar\/noticias\/densidad-optima-en-siembra-de-alfalfa\/#primaryimage"},"image":{"@id":"https:\/\/www.todoalfalfa.com.ar\/noticias\/densidad-optima-en-siembra-de-alfalfa\/#primaryimage"},"thumbnailUrl":"https:\/\/i0.wp.com\/www.todoalfalfa.com.ar\/noticias\/wp-content\/uploads\/2019\/06\/siembradealfalfa_junio.jpg?fit=777%2C437&ssl=1","datePublished":"2020-04-29T22:17:48+00:00","dateModified":"2020-04-29T22:17:49+00:00","breadcrumb":{"@id":"https:\/\/www.todoalfalfa.com.ar\/noticias\/densidad-optima-en-siembra-de-alfalfa\/#breadcrumb"},"inLanguage":"es","potentialAction":[{"@type":"ReadAction","target":["https:\/\/www.todoalfalfa.com.ar\/noticias\/densidad-optima-en-siembra-de-alfalfa\/"]}]},{"@type":"ImageObject","inLanguage":"es","@id":"https:\/\/www.todoalfalfa.com.ar\/noticias\/densidad-optima-en-siembra-de-alfalfa\/#primaryimage","url":"https:\/\/i0.wp.com\/www.todoalfalfa.com.ar\/noticias\/wp-content\/uploads\/2019\/06\/siembradealfalfa_junio.jpg?fit=777%2C437&ssl=1","contentUrl":"https:\/\/i0.wp.com\/www.todoalfalfa.com.ar\/noticias\/wp-content\/uploads\/2019\/06\/siembradealfalfa_junio.jpg?fit=777%2C437&ssl=1","width":777,"height":437},{"@type":"BreadcrumbList","@id":"https:\/\/www.todoalfalfa.com.ar\/noticias\/densidad-optima-en-siembra-de-alfalfa\/#breadcrumb","itemListElement":[{"@type":"ListItem","position":1,"name":"Principal","item":"https:\/\/www.todoalfalfa.com.ar\/noticias\/"},{"@type":"ListItem","position":2,"name":"Densidad \u00f3ptima en siembra de alfalfa"}]},{"@type":"WebSite","@id":"https:\/\/www.todoalfalfa.com.ar\/noticias\/#website","url":"https:\/\/www.todoalfalfa.com.ar\/noticias\/","name":"Todo Alfalfa","description":"Web informativa de la cadena de la alfalfa argentina","publisher":{"@id":"https:\/\/www.todoalfalfa.com.ar\/noticias\/#organization"},"potentialAction":[{"@type":"SearchAction","target":{"@type":"EntryPoint","urlTemplate":"https:\/\/www.todoalfalfa.com.ar\/noticias\/?s={search_term_string}"},"query-input":{"@type":"PropertyValueSpecification","valueRequired":true,"valueName":"search_term_string"}}],"inLanguage":"es"},{"@type":"Organization","@id":"https:\/\/www.todoalfalfa.com.ar\/noticias\/#organization","name":"Todo Alfalfa","url":"https:\/\/www.todoalfalfa.com.ar\/noticias\/","logo":{"@type":"ImageObject","inLanguage":"es","@id":"https:\/\/www.todoalfalfa.com.ar\/noticias\/#\/schema\/logo\/image\/","url":"https:\/\/www.todoalfalfa.com.ar\/noticias\/wp-content\/uploads\/2020\/09\/logo-todo-alfalfa-modificado.png","contentUrl":"https:\/\/www.todoalfalfa.com.ar\/noticias\/wp-content\/uploads\/2020\/09\/logo-todo-alfalfa-modificado.png","width":350,"height":100,"caption":"Todo Alfalfa"},"image":{"@id":"https:\/\/www.todoalfalfa.com.ar\/noticias\/#\/schema\/logo\/image\/"},"sameAs":["https:\/\/www.facebook.com\/todoalfalfa","https:\/\/www.instagram.com\/todoalfalfa","https:\/\/www.youtube.com\/@TodoAlfalfa","https:\/\/www.linkedin.com\/company\/todoalfalfa\/"]},{"@type":"Person","@id":"https:\/\/www.todoalfalfa.com.ar\/noticias\/#\/schema\/person\/4ee4bca9b9fa50c4f0fbaf7017fbf2ad","name":"Todo Alfalfa","image":{"@type":"ImageObject","inLanguage":"es","@id":"https:\/\/www.todoalfalfa.com.ar\/noticias\/#\/schema\/person\/image\/","url":"https:\/\/secure.gravatar.com\/avatar\/4d26a600a1380823a26c3f9cb74ada1a8ee4b482c0c3a616ab022b865c46be8f?s=96&d=mm&r=g","contentUrl":"https:\/\/secure.gravatar.com\/avatar\/4d26a600a1380823a26c3f9cb74ada1a8ee4b482c0c3a616ab022b865c46be8f?s=96&d=mm&r=g","caption":"Todo Alfalfa"},"sameAs":["http:\/\/www.todoalfalfa.com.ar"],"url":"https:\/\/www.todoalfalfa.com.ar\/noticias\/author\/todoalfalfa\/"}]}},"jetpack_featured_media_url":"https:\/\/i0.wp.com\/www.todoalfalfa.com.ar\/noticias\/wp-content\/uploads\/2019\/06\/siembradealfalfa_junio.jpg?fit=777%2C437&ssl=1","wps_subtitle":"Vamos a hablar de cu\u00e1l es la densidad \u00f3ptima, de la manera de sembrar. No nos olvidemos que la alfalfa es un cultivo que lo vamos a estar utilizando en los pr\u00f3ximos tres, cuatro, en algunos casos cinco a\u00f1os. Por Pablo Cattani, consultor en \u00e1rea de forrajes.","jetpack_sharing_enabled":true,"_links":{"self":[{"href":"https:\/\/www.todoalfalfa.com.ar\/noticias\/wp-json\/wp\/v2\/posts\/42057","targetHints":{"allow":["GET"]}}],"collection":[{"href":"https:\/\/www.todoalfalfa.com.ar\/noticias\/wp-json\/wp\/v2\/posts"}],"about":[{"href":"https:\/\/www.todoalfalfa.com.ar\/noticias\/wp-json\/wp\/v2\/types\/post"}],"author":[{"embeddable":true,"href":"https:\/\/www.todoalfalfa.com.ar\/noticias\/wp-json\/wp\/v2\/users\/3"}],"replies":[{"embeddable":true,"href":"https:\/\/www.todoalfalfa.com.ar\/noticias\/wp-json\/wp\/v2\/comments?post=42057"}],"version-history":[{"count":0,"href":"https:\/\/www.todoalfalfa.com.ar\/noticias\/wp-json\/wp\/v2\/posts\/42057\/revisions"}],"wp:featuredmedia":[{"embeddable":true,"href":"https:\/\/www.todoalfalfa.com.ar\/noticias\/wp-json\/wp\/v2\/media\/41016"}],"wp:attachment":[{"href":"https:\/\/www.todoalfalfa.com.ar\/noticias\/wp-json\/wp\/v2\/media?parent=42057"}],"wp:term":[{"taxonomy":"category","embeddable":true,"href":"https:\/\/www.todoalfalfa.com.ar\/noticias\/wp-json\/wp\/v2\/categories?post=42057"},{"taxonomy":"post_tag","embeddable":true,"href":"https:\/\/www.todoalfalfa.com.ar\/noticias\/wp-json\/wp\/v2\/tags?post=42057"}],"curies":[{"name":"wp","href":"https:\/\/api.w.org\/{rel}","templated":true}]}}