{"id":42295,"date":"2020-07-07T18:49:56","date_gmt":"2020-07-07T21:49:56","guid":{"rendered":"https:\/\/www.todoalfalfa.com.ar\/?p=42295"},"modified":"2020-07-07T18:49:57","modified_gmt":"2020-07-07T21:49:57","slug":"san-juan-los-secretos-de-una-alfalfa-para-corte-o-pastoreo","status":"publish","type":"post","link":"https:\/\/www.todoalfalfa.com.ar\/noticias\/san-juan-los-secretos-de-una-alfalfa-para-corte-o-pastoreo\/","title":{"rendered":"San Juan: Los secretos de una alfalfa para corte o pastoreo"},"content":{"rendered":"\n<p>En la provincia de San Juan en particular, y en general en todas la zonas agr\u00edcolas marginales de nuestro pa\u00eds, la ganader\u00eda bovina y ovina est\u00e1 aumentando su actividad y profesionalidad en virtud de ser expulsada de las pampas m\u00e1s f\u00e9rtiles donde cereales y oleaginosas avanzan sin parar.<\/p>\n\n\n\n<p>Frente a este escenario, el ingeniero Luis Kulichevky, destacado extensionista de la AER INTA Pocito, brind\u00f3 consejos para el desarrollo de un buen alfalfar, m\u00e1s all\u00e1 de los aspectos vinculados a la siembra, la demanda nutricional y los tipos de suelos.<\/p>\n\n\n\n<p><strong>Cultivo acompa\u00f1ante<\/strong><br>\u00abSi se va a hacer, utilizar bajas densidades de la gram\u00ednea que acompa\u00f1e. Las gram\u00edneas que mayor competencia hacen son la avena y centeno\u00bb, indic\u00f3 el especialista agregando: \u00abEl efecto negativo del cultivo acompa\u00f1ante es que a veces provocan p\u00e9rdida de productividad a la alfalfa al realizarle competencia a la misma\u00bb.<\/p>\n\n\n\n<p><strong>Costos del cultivo<\/strong><br>A la hora de presupuestar, para Kulichevsky \u00abse deben tener en cuenta los siguientes costos en finca propia, la preparaci\u00f3n de suelo inicial y preparaci\u00f3n de suelo antes de cada segado. Tambi\u00e9n la semilla, fertilizantes, insecticidas, herbicidas y jornales de riego\u00bb.<\/p>\n\n\n\n<p>Luego \u00abel alambre para enfardar, la amortizaci\u00f3n de la segadora y enfardadora o costos de mantenimiento de la misma, retirar y acondicionar los fardos en galp\u00f3n, el costos de flete para su comercializaci\u00f3n y, por supuesto, los impuestos\u00bb.<\/p>\n\n\n\n<p>\u00abAntes del cultivo, realizar los an\u00e1lisis de suelo en los lotes a sembrar evaluando los valores de salinidad, ph, volumen de sedimentaci\u00f3n, f\u00f3sforo, nitr\u00f3geno y potasio. Es importante en los meses antes de la siembra hacer un chequeo y mantenimiento de la maquinaria a usar durante el cultivo. De ser posible compre los insumos que va a necesitar como fertilizantes, herbicidas, insecticida\u00bb, destac\u00f3.<\/p>\n\n\n\n<p>Resalt\u00f3 tambi\u00e9n que \u201cla superficie a sembrar se debe definir teniendo en cuenta el agua disponible y los recursos financieros y humanos con los que se disponga\u00bb y agreg\u00f3: \u00abEs necesario eliminar las malezas que pueden perjudicar el cultivo usando herbicidas de acci\u00f3n total y respetando las dosis que aconseja el asesor t\u00e9cnico. Tenga especial control sobre wedelia glauca -chilquilla-, debido a su toxicidad para el ganado\u00bb.<\/p>\n\n\n\n<p>Otro aspecto esencial es \u201crealizar la preparaci\u00f3n de suelo usando labranzas verticales (subsolador y\/o cincel) y rastra de discos pas\u00e1ndola en forma cruzada. El uso de niveleta es aconsejable para asegurar riegos adecuados durante el cultivo. Antes de la siembra se debe colocar el fertilizante con f\u00f3sforo el cual debe ir enterrado debido a su escasa movilidad\u00bb, indic\u00f3 agregando: \u00abControle los hormigueros antes de la siembra\u00bb.<\/p>\n\n\n\n<p><strong>Durante la siembra<\/strong><br>Para el extensionista, \u00abla mejor fecha de siembra para el Valle del Tulum es durante el mes de marzo y hasta mediados de abril. En las zonas m\u00e1s fr\u00edas sembrar durante el mes de marzo\u00bb.<\/p>\n\n\n\n<p>\u00abLos cultivos acompa\u00f1antes como cebada o vicia pueden terminar siendo una competencia para la alfalfa. En caso de hacerlo use bajas densidades de esos cereales de invierno\u00bb, indic\u00f3 agregando: \u00abLa siembra se puede realizar con sembradoras mec\u00e1nicas o al voleo y se siembra entre 15 a 18 kilos de semilla por hect\u00e1rea al voleo para obtener un buen n\u00famero de plantas que lleguen al momento del segado. En siembras con m\u00e1quina se puede bajar los kilos por hect\u00e1rea a sembrar\u00bb.<\/p>\n\n\n\n<p>Consultado por el tapado de la semilla, indic\u00f3: \u00abno debe ser profundo tratando de no sembrar a m\u00e1s de 2 cm de profundidad\u00bb.<\/p>\n\n\n\n<p><strong>Riegos<\/strong><br>\u00abLos primeros riegos deben realizarse con alta frecuencia y poco caudal para evitar el desplazamiento de las semillas\u00bb, afirm\u00f3 el ingeniero agr\u00f3nomo agregando: \u00abUna vez que la alfalfa tiene como promedio 2 o 3 hojas verdaderas se puede aplicar herbicidas selectivos respetando siempre las recomendaciones del asesor t\u00e9cnico\u00bb.<\/p>\n\n\n\n<p><strong>Segado<\/strong><br>A la hora de segar sugiri\u00f3: \u00abCalibre bien la segadora y controle que las cuchillas o discos durante el segado est\u00e9n bien afiladas. No realice el segado si hay altas probabilidades de lluvia en los d\u00edas pr\u00f3ximos a esta labor\u00bb.<\/p>\n\n\n\n<p>Y destac\u00f3: \u00abEl segado de la alfalfa se desarrolla con un 10% de floraci\u00f3n. Las alfalfas muy floridas disminuyen la calidad del heno. El enfardado se debe realizar con la humedad adecuada. Si los fardos no son de venta inmediata se los debe tapar para evitar la p\u00e9rdida de calidad\u00bb.<\/p>\n\n\n\n<p>Finalmente recomend\u00f3 \u00abel primer a\u00f1o no se fertiliza con nitr\u00f3geno y llevar registros de las tareas del cultivo y los costos del mismo\u00bb.<\/p>\n\n\n\n<p><em>Fuente: Diario de Cuyo<\/em><\/p>\n<div class=\"todoalfalfa-final-de-la-nota\" id=\"todoalfalfa-1982844391\"><a href=\"https:\/\/www.whatsapp.com\/channel\/0029VbCBmFB9WtBxJsD3eC2i\" target=\"_blank\" aria-label=\"5\"><img src=\"https:\/\/i0.wp.com\/www.todoalfalfa.com.ar\/noticias\/wp-content\/uploads\/2026\/04\/5.gif?fit=728%2C90&#038;ssl=1\" alt=\"\"  width=\"728\" height=\"90\"   \/><\/a><\/div>","protected":false},"excerpt":{"rendered":"<p>En la provincia de San Juan en particular, y en general en todas la zonas agr&iacute;colas marginales de nuestro pa&iacute;s,&#8230;<\/p>\n","protected":false},"author":3,"featured_media":41177,"comment_status":"closed","ping_status":"open","sticky":false,"template":"","format":"standard","meta":{"jetpack_post_was_ever_published":false,"_jetpack_newsletter_access":"","_jetpack_dont_email_post_to_subs":false,"_jetpack_newsletter_tier_id":0,"_jetpack_memberships_contains_paywalled_content":false,"_jetpack_memberships_contains_paid_content":false,"footnotes":""},"categories":[2],"tags":[31,83,285,556,484],"class_list":["post-42295","post","type-post","status-publish","format-standard","has-post-thumbnail","hentry","category-generales","tag-alfalfa","tag-corte","tag-pastoreo","tag-san-juan","tag-secretos"],"yoast_head":"<!-- This site is optimized with the Yoast SEO plugin v25.5 - https:\/\/yoast.com\/wordpress\/plugins\/seo\/ -->\n<title>San Juan: Los secretos de una alfalfa para corte o pastoreo<\/title>\n<meta name=\"robots\" content=\"index, follow, max-snippet:-1, max-image-preview:large, max-video-preview:-1\" \/>\n<link rel=\"canonical\" href=\"https:\/\/www.todoalfalfa.com.ar\/noticias\/san-juan-los-secretos-de-una-alfalfa-para-corte-o-pastoreo\/\" \/>\n<meta property=\"og:locale\" content=\"es_ES\" \/>\n<meta property=\"og:type\" content=\"article\" \/>\n<meta property=\"og:title\" content=\"San Juan: Los secretos de una alfalfa para corte o pastoreo\" \/>\n<meta property=\"og:description\" content=\"En la provincia de San Juan en particular, y en general en todas la zonas agr&iacute;colas marginales de nuestro pa&iacute;s,...\" \/>\n<meta property=\"og:url\" content=\"https:\/\/www.todoalfalfa.com.ar\/noticias\/san-juan-los-secretos-de-una-alfalfa-para-corte-o-pastoreo\/\" \/>\n<meta property=\"og:site_name\" content=\"Todo Alfalfa\" \/>\n<meta property=\"article:publisher\" content=\"https:\/\/www.facebook.com\/todoalfalfa\" \/>\n<meta property=\"article:published_time\" content=\"2020-07-07T21:49:56+00:00\" \/>\n<meta property=\"article:modified_time\" content=\"2020-07-07T21:49:57+00:00\" \/>\n<meta property=\"og:image\" content=\"https:\/\/www.todoalfalfa.com.ar\/noticias\/wp-content\/uploads\/2019\/08\/alfalfa_campo1.jpg\" \/>\n\t<meta property=\"og:image:width\" content=\"777\" \/>\n\t<meta property=\"og:image:height\" content=\"437\" \/>\n\t<meta property=\"og:image:type\" content=\"image\/jpeg\" \/>\n<meta name=\"author\" content=\"Todo Alfalfa\" \/>\n<meta name=\"twitter:card\" content=\"summary_large_image\" \/>\n<meta name=\"twitter:label1\" content=\"Escrito por\" \/>\n\t<meta name=\"twitter:data1\" content=\"Todo Alfalfa\" \/>\n\t<meta name=\"twitter:label2\" content=\"Tiempo de lectura\" \/>\n\t<meta name=\"twitter:data2\" content=\"4 minutos\" \/>\n<script type=\"application\/ld+json\" class=\"yoast-schema-graph\">{\"@context\":\"https:\/\/schema.org\",\"@graph\":[{\"@type\":\"NewsArticle\",\"@id\":\"https:\/\/www.todoalfalfa.com.ar\/noticias\/san-juan-los-secretos-de-una-alfalfa-para-corte-o-pastoreo\/#article\",\"isPartOf\":{\"@id\":\"https:\/\/www.todoalfalfa.com.ar\/noticias\/san-juan-los-secretos-de-una-alfalfa-para-corte-o-pastoreo\/\"},\"author\":{\"name\":\"Todo Alfalfa\",\"@id\":\"https:\/\/www.todoalfalfa.com.ar\/noticias\/#\/schema\/person\/4ee4bca9b9fa50c4f0fbaf7017fbf2ad\"},\"headline\":\"San Juan: Los secretos de una alfalfa para corte o pastoreo\",\"datePublished\":\"2020-07-07T21:49:56+00:00\",\"dateModified\":\"2020-07-07T21:49:57+00:00\",\"mainEntityOfPage\":{\"@id\":\"https:\/\/www.todoalfalfa.com.ar\/noticias\/san-juan-los-secretos-de-una-alfalfa-para-corte-o-pastoreo\/\"},\"wordCount\":780,\"publisher\":{\"@id\":\"https:\/\/www.todoalfalfa.com.ar\/noticias\/#organization\"},\"image\":{\"@id\":\"https:\/\/www.todoalfalfa.com.ar\/noticias\/san-juan-los-secretos-de-una-alfalfa-para-corte-o-pastoreo\/#primaryimage\"},\"thumbnailUrl\":\"https:\/\/i0.wp.com\/www.todoalfalfa.com.ar\/noticias\/wp-content\/uploads\/2019\/08\/alfalfa_campo1.jpg?fit=777%2C437&ssl=1\",\"keywords\":[\"alfalfa\",\"corte\",\"pastoreo\",\"San Juan\",\"secretos\"],\"articleSection\":[\"Generales\"],\"inLanguage\":\"es\"},{\"@type\":[\"WebPage\",\"ItemPage\"],\"@id\":\"https:\/\/www.todoalfalfa.com.ar\/noticias\/san-juan-los-secretos-de-una-alfalfa-para-corte-o-pastoreo\/\",\"url\":\"https:\/\/www.todoalfalfa.com.ar\/noticias\/san-juan-los-secretos-de-una-alfalfa-para-corte-o-pastoreo\/\",\"name\":\"San Juan: Los secretos de una alfalfa para corte o pastoreo\",\"isPartOf\":{\"@id\":\"https:\/\/www.todoalfalfa.com.ar\/noticias\/#website\"},\"primaryImageOfPage\":{\"@id\":\"https:\/\/www.todoalfalfa.com.ar\/noticias\/san-juan-los-secretos-de-una-alfalfa-para-corte-o-pastoreo\/#primaryimage\"},\"image\":{\"@id\":\"https:\/\/www.todoalfalfa.com.ar\/noticias\/san-juan-los-secretos-de-una-alfalfa-para-corte-o-pastoreo\/#primaryimage\"},\"thumbnailUrl\":\"https:\/\/i0.wp.com\/www.todoalfalfa.com.ar\/noticias\/wp-content\/uploads\/2019\/08\/alfalfa_campo1.jpg?fit=777%2C437&ssl=1\",\"datePublished\":\"2020-07-07T21:49:56+00:00\",\"dateModified\":\"2020-07-07T21:49:57+00:00\",\"breadcrumb\":{\"@id\":\"https:\/\/www.todoalfalfa.com.ar\/noticias\/san-juan-los-secretos-de-una-alfalfa-para-corte-o-pastoreo\/#breadcrumb\"},\"inLanguage\":\"es\",\"potentialAction\":[{\"@type\":\"ReadAction\",\"target\":[\"https:\/\/www.todoalfalfa.com.ar\/noticias\/san-juan-los-secretos-de-una-alfalfa-para-corte-o-pastoreo\/\"]}]},{\"@type\":\"ImageObject\",\"inLanguage\":\"es\",\"@id\":\"https:\/\/www.todoalfalfa.com.ar\/noticias\/san-juan-los-secretos-de-una-alfalfa-para-corte-o-pastoreo\/#primaryimage\",\"url\":\"https:\/\/i0.wp.com\/www.todoalfalfa.com.ar\/noticias\/wp-content\/uploads\/2019\/08\/alfalfa_campo1.jpg?fit=777%2C437&ssl=1\",\"contentUrl\":\"https:\/\/i0.wp.com\/www.todoalfalfa.com.ar\/noticias\/wp-content\/uploads\/2019\/08\/alfalfa_campo1.jpg?fit=777%2C437&ssl=1\",\"width\":777,\"height\":437},{\"@type\":\"BreadcrumbList\",\"@id\":\"https:\/\/www.todoalfalfa.com.ar\/noticias\/san-juan-los-secretos-de-una-alfalfa-para-corte-o-pastoreo\/#breadcrumb\",\"itemListElement\":[{\"@type\":\"ListItem\",\"position\":1,\"name\":\"Principal\",\"item\":\"https:\/\/www.todoalfalfa.com.ar\/noticias\/\"},{\"@type\":\"ListItem\",\"position\":2,\"name\":\"San Juan: Los secretos de una alfalfa para corte o pastoreo\"}]},{\"@type\":\"WebSite\",\"@id\":\"https:\/\/www.todoalfalfa.com.ar\/noticias\/#website\",\"url\":\"https:\/\/www.todoalfalfa.com.ar\/noticias\/\",\"name\":\"Todo Alfalfa\",\"description\":\"Web informativa de la cadena de la alfalfa argentina\",\"publisher\":{\"@id\":\"https:\/\/www.todoalfalfa.com.ar\/noticias\/#organization\"},\"potentialAction\":[{\"@type\":\"SearchAction\",\"target\":{\"@type\":\"EntryPoint\",\"urlTemplate\":\"https:\/\/www.todoalfalfa.com.ar\/noticias\/?s={search_term_string}\"},\"query-input\":{\"@type\":\"PropertyValueSpecification\",\"valueRequired\":true,\"valueName\":\"search_term_string\"}}],\"inLanguage\":\"es\"},{\"@type\":\"Organization\",\"@id\":\"https:\/\/www.todoalfalfa.com.ar\/noticias\/#organization\",\"name\":\"Todo Alfalfa\",\"url\":\"https:\/\/www.todoalfalfa.com.ar\/noticias\/\",\"logo\":{\"@type\":\"ImageObject\",\"inLanguage\":\"es\",\"@id\":\"https:\/\/www.todoalfalfa.com.ar\/noticias\/#\/schema\/logo\/image\/\",\"url\":\"https:\/\/www.todoalfalfa.com.ar\/noticias\/wp-content\/uploads\/2020\/09\/logo-todo-alfalfa-modificado.png\",\"contentUrl\":\"https:\/\/www.todoalfalfa.com.ar\/noticias\/wp-content\/uploads\/2020\/09\/logo-todo-alfalfa-modificado.png\",\"width\":350,\"height\":100,\"caption\":\"Todo Alfalfa\"},\"image\":{\"@id\":\"https:\/\/www.todoalfalfa.com.ar\/noticias\/#\/schema\/logo\/image\/\"},\"sameAs\":[\"https:\/\/www.facebook.com\/todoalfalfa\",\"https:\/\/www.instagram.com\/todoalfalfa\",\"https:\/\/www.youtube.com\/@TodoAlfalfa\",\"https:\/\/www.linkedin.com\/company\/todoalfalfa\/\"]},{\"@type\":\"Person\",\"@id\":\"https:\/\/www.todoalfalfa.com.ar\/noticias\/#\/schema\/person\/4ee4bca9b9fa50c4f0fbaf7017fbf2ad\",\"name\":\"Todo Alfalfa\",\"image\":{\"@type\":\"ImageObject\",\"inLanguage\":\"es\",\"@id\":\"https:\/\/www.todoalfalfa.com.ar\/noticias\/#\/schema\/person\/image\/\",\"url\":\"https:\/\/secure.gravatar.com\/avatar\/4d26a600a1380823a26c3f9cb74ada1a8ee4b482c0c3a616ab022b865c46be8f?s=96&d=mm&r=g\",\"contentUrl\":\"https:\/\/secure.gravatar.com\/avatar\/4d26a600a1380823a26c3f9cb74ada1a8ee4b482c0c3a616ab022b865c46be8f?s=96&d=mm&r=g\",\"caption\":\"Todo Alfalfa\"},\"sameAs\":[\"http:\/\/www.todoalfalfa.com.ar\"],\"url\":\"https:\/\/www.todoalfalfa.com.ar\/noticias\/author\/todoalfalfa\/\"}]}<\/script>\n<!-- \/ Yoast SEO plugin. -->","yoast_head_json":{"title":"San Juan: Los secretos de una alfalfa para corte o pastoreo","robots":{"index":"index","follow":"follow","max-snippet":"max-snippet:-1","max-image-preview":"max-image-preview:large","max-video-preview":"max-video-preview:-1"},"canonical":"https:\/\/www.todoalfalfa.com.ar\/noticias\/san-juan-los-secretos-de-una-alfalfa-para-corte-o-pastoreo\/","og_locale":"es_ES","og_type":"article","og_title":"San Juan: Los secretos de una alfalfa para corte o pastoreo","og_description":"En la provincia de San Juan en particular, y en general en todas la zonas agr&iacute;colas marginales de nuestro pa&iacute;s,...","og_url":"https:\/\/www.todoalfalfa.com.ar\/noticias\/san-juan-los-secretos-de-una-alfalfa-para-corte-o-pastoreo\/","og_site_name":"Todo Alfalfa","article_publisher":"https:\/\/www.facebook.com\/todoalfalfa","article_published_time":"2020-07-07T21:49:56+00:00","article_modified_time":"2020-07-07T21:49:57+00:00","og_image":[{"width":777,"height":437,"url":"https:\/\/www.todoalfalfa.com.ar\/noticias\/wp-content\/uploads\/2019\/08\/alfalfa_campo1.jpg","type":"image\/jpeg"}],"author":"Todo Alfalfa","twitter_card":"summary_large_image","twitter_misc":{"Escrito por":"Todo Alfalfa","Tiempo de lectura":"4 minutos"},"schema":{"@context":"https:\/\/schema.org","@graph":[{"@type":"NewsArticle","@id":"https:\/\/www.todoalfalfa.com.ar\/noticias\/san-juan-los-secretos-de-una-alfalfa-para-corte-o-pastoreo\/#article","isPartOf":{"@id":"https:\/\/www.todoalfalfa.com.ar\/noticias\/san-juan-los-secretos-de-una-alfalfa-para-corte-o-pastoreo\/"},"author":{"name":"Todo Alfalfa","@id":"https:\/\/www.todoalfalfa.com.ar\/noticias\/#\/schema\/person\/4ee4bca9b9fa50c4f0fbaf7017fbf2ad"},"headline":"San Juan: Los secretos de una alfalfa para corte o pastoreo","datePublished":"2020-07-07T21:49:56+00:00","dateModified":"2020-07-07T21:49:57+00:00","mainEntityOfPage":{"@id":"https:\/\/www.todoalfalfa.com.ar\/noticias\/san-juan-los-secretos-de-una-alfalfa-para-corte-o-pastoreo\/"},"wordCount":780,"publisher":{"@id":"https:\/\/www.todoalfalfa.com.ar\/noticias\/#organization"},"image":{"@id":"https:\/\/www.todoalfalfa.com.ar\/noticias\/san-juan-los-secretos-de-una-alfalfa-para-corte-o-pastoreo\/#primaryimage"},"thumbnailUrl":"https:\/\/i0.wp.com\/www.todoalfalfa.com.ar\/noticias\/wp-content\/uploads\/2019\/08\/alfalfa_campo1.jpg?fit=777%2C437&ssl=1","keywords":["alfalfa","corte","pastoreo","San Juan","secretos"],"articleSection":["Generales"],"inLanguage":"es"},{"@type":["WebPage","ItemPage"],"@id":"https:\/\/www.todoalfalfa.com.ar\/noticias\/san-juan-los-secretos-de-una-alfalfa-para-corte-o-pastoreo\/","url":"https:\/\/www.todoalfalfa.com.ar\/noticias\/san-juan-los-secretos-de-una-alfalfa-para-corte-o-pastoreo\/","name":"San Juan: Los secretos de una alfalfa para corte o pastoreo","isPartOf":{"@id":"https:\/\/www.todoalfalfa.com.ar\/noticias\/#website"},"primaryImageOfPage":{"@id":"https:\/\/www.todoalfalfa.com.ar\/noticias\/san-juan-los-secretos-de-una-alfalfa-para-corte-o-pastoreo\/#primaryimage"},"image":{"@id":"https:\/\/www.todoalfalfa.com.ar\/noticias\/san-juan-los-secretos-de-una-alfalfa-para-corte-o-pastoreo\/#primaryimage"},"thumbnailUrl":"https:\/\/i0.wp.com\/www.todoalfalfa.com.ar\/noticias\/wp-content\/uploads\/2019\/08\/alfalfa_campo1.jpg?fit=777%2C437&ssl=1","datePublished":"2020-07-07T21:49:56+00:00","dateModified":"2020-07-07T21:49:57+00:00","breadcrumb":{"@id":"https:\/\/www.todoalfalfa.com.ar\/noticias\/san-juan-los-secretos-de-una-alfalfa-para-corte-o-pastoreo\/#breadcrumb"},"inLanguage":"es","potentialAction":[{"@type":"ReadAction","target":["https:\/\/www.todoalfalfa.com.ar\/noticias\/san-juan-los-secretos-de-una-alfalfa-para-corte-o-pastoreo\/"]}]},{"@type":"ImageObject","inLanguage":"es","@id":"https:\/\/www.todoalfalfa.com.ar\/noticias\/san-juan-los-secretos-de-una-alfalfa-para-corte-o-pastoreo\/#primaryimage","url":"https:\/\/i0.wp.com\/www.todoalfalfa.com.ar\/noticias\/wp-content\/uploads\/2019\/08\/alfalfa_campo1.jpg?fit=777%2C437&ssl=1","contentUrl":"https:\/\/i0.wp.com\/www.todoalfalfa.com.ar\/noticias\/wp-content\/uploads\/2019\/08\/alfalfa_campo1.jpg?fit=777%2C437&ssl=1","width":777,"height":437},{"@type":"BreadcrumbList","@id":"https:\/\/www.todoalfalfa.com.ar\/noticias\/san-juan-los-secretos-de-una-alfalfa-para-corte-o-pastoreo\/#breadcrumb","itemListElement":[{"@type":"ListItem","position":1,"name":"Principal","item":"https:\/\/www.todoalfalfa.com.ar\/noticias\/"},{"@type":"ListItem","position":2,"name":"San Juan: Los secretos de una alfalfa para corte o pastoreo"}]},{"@type":"WebSite","@id":"https:\/\/www.todoalfalfa.com.ar\/noticias\/#website","url":"https:\/\/www.todoalfalfa.com.ar\/noticias\/","name":"Todo Alfalfa","description":"Web informativa de la cadena de la alfalfa argentina","publisher":{"@id":"https:\/\/www.todoalfalfa.com.ar\/noticias\/#organization"},"potentialAction":[{"@type":"SearchAction","target":{"@type":"EntryPoint","urlTemplate":"https:\/\/www.todoalfalfa.com.ar\/noticias\/?s={search_term_string}"},"query-input":{"@type":"PropertyValueSpecification","valueRequired":true,"valueName":"search_term_string"}}],"inLanguage":"es"},{"@type":"Organization","@id":"https:\/\/www.todoalfalfa.com.ar\/noticias\/#organization","name":"Todo Alfalfa","url":"https:\/\/www.todoalfalfa.com.ar\/noticias\/","logo":{"@type":"ImageObject","inLanguage":"es","@id":"https:\/\/www.todoalfalfa.com.ar\/noticias\/#\/schema\/logo\/image\/","url":"https:\/\/www.todoalfalfa.com.ar\/noticias\/wp-content\/uploads\/2020\/09\/logo-todo-alfalfa-modificado.png","contentUrl":"https:\/\/www.todoalfalfa.com.ar\/noticias\/wp-content\/uploads\/2020\/09\/logo-todo-alfalfa-modificado.png","width":350,"height":100,"caption":"Todo Alfalfa"},"image":{"@id":"https:\/\/www.todoalfalfa.com.ar\/noticias\/#\/schema\/logo\/image\/"},"sameAs":["https:\/\/www.facebook.com\/todoalfalfa","https:\/\/www.instagram.com\/todoalfalfa","https:\/\/www.youtube.com\/@TodoAlfalfa","https:\/\/www.linkedin.com\/company\/todoalfalfa\/"]},{"@type":"Person","@id":"https:\/\/www.todoalfalfa.com.ar\/noticias\/#\/schema\/person\/4ee4bca9b9fa50c4f0fbaf7017fbf2ad","name":"Todo Alfalfa","image":{"@type":"ImageObject","inLanguage":"es","@id":"https:\/\/www.todoalfalfa.com.ar\/noticias\/#\/schema\/person\/image\/","url":"https:\/\/secure.gravatar.com\/avatar\/4d26a600a1380823a26c3f9cb74ada1a8ee4b482c0c3a616ab022b865c46be8f?s=96&d=mm&r=g","contentUrl":"https:\/\/secure.gravatar.com\/avatar\/4d26a600a1380823a26c3f9cb74ada1a8ee4b482c0c3a616ab022b865c46be8f?s=96&d=mm&r=g","caption":"Todo Alfalfa"},"sameAs":["http:\/\/www.todoalfalfa.com.ar"],"url":"https:\/\/www.todoalfalfa.com.ar\/noticias\/author\/todoalfalfa\/"}]}},"jetpack_featured_media_url":"https:\/\/i0.wp.com\/www.todoalfalfa.com.ar\/noticias\/wp-content\/uploads\/2019\/08\/alfalfa_campo1.jpg?fit=777%2C437&ssl=1","wps_subtitle":"Los productores que m\u00e1s crecen en este rubro son los de 5 a 10 hect\u00e1reas para corte. Pero tambi\u00e9n los que hacen pasturas para feedlot u hoteler\u00eda de ganado.","jetpack_sharing_enabled":true,"_links":{"self":[{"href":"https:\/\/www.todoalfalfa.com.ar\/noticias\/wp-json\/wp\/v2\/posts\/42295","targetHints":{"allow":["GET"]}}],"collection":[{"href":"https:\/\/www.todoalfalfa.com.ar\/noticias\/wp-json\/wp\/v2\/posts"}],"about":[{"href":"https:\/\/www.todoalfalfa.com.ar\/noticias\/wp-json\/wp\/v2\/types\/post"}],"author":[{"embeddable":true,"href":"https:\/\/www.todoalfalfa.com.ar\/noticias\/wp-json\/wp\/v2\/users\/3"}],"replies":[{"embeddable":true,"href":"https:\/\/www.todoalfalfa.com.ar\/noticias\/wp-json\/wp\/v2\/comments?post=42295"}],"version-history":[{"count":0,"href":"https:\/\/www.todoalfalfa.com.ar\/noticias\/wp-json\/wp\/v2\/posts\/42295\/revisions"}],"wp:featuredmedia":[{"embeddable":true,"href":"https:\/\/www.todoalfalfa.com.ar\/noticias\/wp-json\/wp\/v2\/media\/41177"}],"wp:attachment":[{"href":"https:\/\/www.todoalfalfa.com.ar\/noticias\/wp-json\/wp\/v2\/media?parent=42295"}],"wp:term":[{"taxonomy":"category","embeddable":true,"href":"https:\/\/www.todoalfalfa.com.ar\/noticias\/wp-json\/wp\/v2\/categories?post=42295"},{"taxonomy":"post_tag","embeddable":true,"href":"https:\/\/www.todoalfalfa.com.ar\/noticias\/wp-json\/wp\/v2\/tags?post=42295"}],"curies":[{"name":"wp","href":"https:\/\/api.w.org\/{rel}","templated":true}]}}