{"id":42298,"date":"2020-07-07T19:18:52","date_gmt":"2020-07-07T22:18:52","guid":{"rendered":"https:\/\/www.todoalfalfa.com.ar\/?p=42298"},"modified":"2020-07-07T19:18:53","modified_gmt":"2020-07-07T22:18:53","slug":"evaluacion-de-gramineas-y-leguminosas-en-mezclas-para-el-centro-de-entre-rios","status":"publish","type":"post","link":"https:\/\/www.todoalfalfa.com.ar\/noticias\/evaluacion-de-gramineas-y-leguminosas-en-mezclas-para-el-centro-de-entre-rios\/","title":{"rendered":"Evaluaci\u00f3n de gram\u00edneas y leguminosas en mezclas para el centro de Entre R\u00edos"},"content":{"rendered":"\n<p>Definiendo las caracter\u00edsticas de la zona, se puede describir que el departamento Villaguay tiene una topograf\u00eda suavemente ondulada a plana, con peniplanicie ondulada, siendo muy importante la presencia de importantes y amplios valles, muchos de ellos utilizados en agricultura. Estas variaciones de alturas y los patrones topogr\u00e1ficos discontinuos, determinan una amplia e intrincada red de cursos de aguas, particularmente de los afluentes del r\u00edo Gualeguay.<\/p>\n\n\n\n<figure class=\"wp-block-image size-large\"><img data-recalc-dims=\"1\" fetchpriority=\"high\" decoding=\"async\" width=\"708\" height=\"361\" src=\"https:\/\/i0.wp.com\/www.todoalfalfa.com.ar\/wp-content\/uploads\/2020\/07\/villaguay-cuadro1.jpg?resize=708%2C361&#038;ssl=1\" alt=\"\" class=\"wp-image-42299\" srcset=\"https:\/\/i0.wp.com\/www.todoalfalfa.com.ar\/noticias\/wp-content\/uploads\/2020\/07\/villaguay-cuadro1.jpg?w=708&amp;ssl=1 708w, https:\/\/i0.wp.com\/www.todoalfalfa.com.ar\/noticias\/wp-content\/uploads\/2020\/07\/villaguay-cuadro1.jpg?resize=300%2C153&amp;ssl=1 300w\" sizes=\"(max-width: 708px) 100vw, 708px\" \/><\/figure>\n\n\n\n<p>Est\u00e1 comprendido dentro del clima templado h\u00famedo de llanura. Posee influencia de los vientos h\u00famedos del nordeste, de los vientos secos y refrigerantes del sudoeste y de los vientos del sudeste -aire fr\u00edo saturado de humedad &#8211; que dan lugar a semanas enteras de cielo cubierto, lluvias y temperaturas estables. La suavidad del clima con ausencia de situaciones extremas, es favorable para los cultivos de cereales, oleaginosas y forrajeros de secano.<\/p>\n\n\n\n<p>Los suelos predominantes pertenecen al orden de los Alfisoles y Vertisoles con signos de hidromorfismo y microrelieve gilgai irregular. La importancia relativa seg\u00fan la superficie que ocupan son 48% Vertisoles, 20% Molisoles y 15% Alfisoles, present\u00e1ndose en menor proporci\u00f3n Entisoles e Inceptisoles en los sectores correspondientes a los valles de r\u00edos y arroyos.<\/p>\n\n\n\n<p>El sistema de producci\u00f3n que tradicionalmente fue Ganadero-Arrocero, ha tenido un avance del sistema Agr\u00edcola. En ganader\u00eda, se destaca la ganader\u00eda bovina para carne, con 383.953 cabezas (SENASA, 2018) especializ\u00e1ndose principalmente en la cr\u00eda, con algo de invernada y engorde. La producci\u00f3n de forrajes de calidad, ya sea destinada al pastoreo directo o a reservas, est\u00e1 siendo un factor importante para la actividad en la mejora de \u00edndices productivos.<\/p>\n\n\n\n<p><strong>Objetivos<\/strong><br>Lograr una oferta de pasto estable a lo largo del a\u00f1o. Evaluar especies y mezclas perennes de alta producci\u00f3n, calidad y persistencia bajo pastoreo directo.<\/p>\n\n\n\n<p><strong>Materiales<\/strong><br>Establecimiento El Cacique, Villaguay (Entre R\u00edos).<\/p>\n\n\n\n<p>Antecesor: Soja. Se enroll\u00f3 el rastrojo previo a la siembra de la pastura.<\/p>\n\n\n\n<p>Suelo: Serie Ra\u00edces Oeste (Peluderte m\u00f3lico).<\/p>\n\n\n\n<p>Fecha de siembra: 24\/05\/2018.<\/p>\n\n\n\n<p>Sembradora: Schiarre. 17,5 cm distancia entre surcos. Siembra doble, cruzada, 1\u00b0 pasada gram\u00ednea, 2\u00b0 pasada a 90\u00b0 leguminosa y compuesta.<\/p>\n\n\n\n<p>Fertilizaci\u00f3n: 80kg\/ha de mezcla a la siembra.100kg de mezcla 7-40-0-5 en Julio del 2019.<\/p>\n\n\n\n<p>Preemergentes: Glifosato 2,5 lt y Flumetsulam 0,5 lt.<\/p>\n\n\n\n<p><br><img data-recalc-dims=\"1\" decoding=\"async\" width=\"777\" height=\"247\" class=\"wp-image-42300\" style=\"width: 700px\" src=\"https:\/\/i0.wp.com\/www.todoalfalfa.com.ar\/wp-content\/uploads\/2020\/07\/villaguay-cuadro2.jpg?resize=777%2C247&#038;ssl=1\" alt=\"\" srcset=\"https:\/\/i0.wp.com\/www.todoalfalfa.com.ar\/noticias\/wp-content\/uploads\/2020\/07\/villaguay-cuadro2.jpg?w=777&amp;ssl=1 777w, https:\/\/i0.wp.com\/www.todoalfalfa.com.ar\/noticias\/wp-content\/uploads\/2020\/07\/villaguay-cuadro2.jpg?resize=300%2C95&amp;ssl=1 300w, https:\/\/i0.wp.com\/www.todoalfalfa.com.ar\/noticias\/wp-content\/uploads\/2020\/07\/villaguay-cuadro2.jpg?resize=768%2C244&amp;ssl=1 768w\" sizes=\"(max-width: 777px) 100vw, 777px\" \/><\/p>\n\n\n\n<figure class=\"wp-block-image size-large\"><img data-recalc-dims=\"1\" decoding=\"async\" width=\"632\" height=\"227\" src=\"https:\/\/i0.wp.com\/www.todoalfalfa.com.ar\/wp-content\/uploads\/2020\/07\/villaguay-cuadro3.jpg?resize=632%2C227&#038;ssl=1\" alt=\"\" class=\"wp-image-42301\" srcset=\"https:\/\/i0.wp.com\/www.todoalfalfa.com.ar\/noticias\/wp-content\/uploads\/2020\/07\/villaguay-cuadro3.jpg?w=632&amp;ssl=1 632w, https:\/\/i0.wp.com\/www.todoalfalfa.com.ar\/noticias\/wp-content\/uploads\/2020\/07\/villaguay-cuadro3.jpg?resize=300%2C108&amp;ssl=1 300w\" sizes=\"(max-width: 632px) 100vw, 632px\" \/><\/figure>\n\n\n\n<figure class=\"wp-block-image size-large\"><img data-recalc-dims=\"1\" loading=\"lazy\" decoding=\"async\" width=\"755\" height=\"380\" src=\"https:\/\/i0.wp.com\/www.todoalfalfa.com.ar\/wp-content\/uploads\/2020\/07\/villaguay-cuadro4.jpg?resize=755%2C380&#038;ssl=1\" alt=\"\" class=\"wp-image-42302\" srcset=\"https:\/\/i0.wp.com\/www.todoalfalfa.com.ar\/noticias\/wp-content\/uploads\/2020\/07\/villaguay-cuadro4.jpg?w=755&amp;ssl=1 755w, https:\/\/i0.wp.com\/www.todoalfalfa.com.ar\/noticias\/wp-content\/uploads\/2020\/07\/villaguay-cuadro4.jpg?resize=300%2C151&amp;ssl=1 300w\" sizes=\"(max-width: 755px) 100vw, 755px\" \/><\/figure>\n\n\n\n<p>Las producciones totales acumuladas son altas para todas las combinaciones, siendo Tr\u00e9bol Rojo Vulcano y Alfalfa Nobel 720 las leguminosas m\u00e1s productivas. Festuca Colona fue m\u00e1s estable en su aporte a lo largo del a\u00f1o con un pico marcado en primavera y Festuca Mediterr\u00e1nea Flecha se destac\u00f3 en oto\u00f1o-invierno principalmente. A priori pareciera que Ryegrass fue la gram\u00ednea acompa\u00f1ante m\u00e1s productiva, sin embargo, su oferta fue muy estacional y el aporte de primavera-verano es casi exclusivo dela leguminosa y compuesta acompa\u00f1ante, siendo ya su presencia y banco de semillas muy escaso.<\/p>\n\n\n\n<figure class=\"wp-block-image size-large\"><img data-recalc-dims=\"1\" loading=\"lazy\" decoding=\"async\" width=\"675\" height=\"375\" src=\"https:\/\/i0.wp.com\/www.todoalfalfa.com.ar\/wp-content\/uploads\/2020\/07\/villaguay-cuadro5.jpg?resize=675%2C375&#038;ssl=1\" alt=\"\" class=\"wp-image-42303\" srcset=\"https:\/\/i0.wp.com\/www.todoalfalfa.com.ar\/noticias\/wp-content\/uploads\/2020\/07\/villaguay-cuadro5.jpg?w=675&amp;ssl=1 675w, https:\/\/i0.wp.com\/www.todoalfalfa.com.ar\/noticias\/wp-content\/uploads\/2020\/07\/villaguay-cuadro5.jpg?resize=300%2C167&amp;ssl=1 300w, https:\/\/i0.wp.com\/www.todoalfalfa.com.ar\/noticias\/wp-content\/uploads\/2020\/07\/villaguay-cuadro5.jpg?resize=180%2C101&amp;ssl=1 180w, https:\/\/i0.wp.com\/www.todoalfalfa.com.ar\/noticias\/wp-content\/uploads\/2020\/07\/villaguay-cuadro5.jpg?resize=120%2C67&amp;ssl=1 120w\" sizes=\"(max-width: 675px) 100vw, 675px\" \/><\/figure>\n\n\n\n<figure class=\"wp-block-image size-large\"><img data-recalc-dims=\"1\" loading=\"lazy\" decoding=\"async\" width=\"761\" height=\"344\" src=\"https:\/\/i0.wp.com\/www.todoalfalfa.com.ar\/wp-content\/uploads\/2020\/07\/villaguay-cuadro6.jpg?resize=761%2C344&#038;ssl=1\" alt=\"\" class=\"wp-image-42304\" srcset=\"https:\/\/i0.wp.com\/www.todoalfalfa.com.ar\/noticias\/wp-content\/uploads\/2020\/07\/villaguay-cuadro6.jpg?w=761&amp;ssl=1 761w, https:\/\/i0.wp.com\/www.todoalfalfa.com.ar\/noticias\/wp-content\/uploads\/2020\/07\/villaguay-cuadro6.jpg?resize=300%2C136&amp;ssl=1 300w\" sizes=\"(max-width: 761px) 100vw, 761px\" \/><\/figure>\n\n\n\n<figure class=\"wp-block-image size-large\"><img data-recalc-dims=\"1\" loading=\"lazy\" decoding=\"async\" width=\"777\" height=\"353\" src=\"https:\/\/i0.wp.com\/www.todoalfalfa.com.ar\/wp-content\/uploads\/2020\/07\/villaguay-cuadro7.jpg?resize=777%2C353&#038;ssl=1\" alt=\"\" class=\"wp-image-42305\" srcset=\"https:\/\/i0.wp.com\/www.todoalfalfa.com.ar\/noticias\/wp-content\/uploads\/2020\/07\/villaguay-cuadro7.jpg?w=777&amp;ssl=1 777w, https:\/\/i0.wp.com\/www.todoalfalfa.com.ar\/noticias\/wp-content\/uploads\/2020\/07\/villaguay-cuadro7.jpg?resize=300%2C136&amp;ssl=1 300w, https:\/\/i0.wp.com\/www.todoalfalfa.com.ar\/noticias\/wp-content\/uploads\/2020\/07\/villaguay-cuadro7.jpg?resize=768%2C349&amp;ssl=1 768w\" sizes=\"(max-width: 777px) 100vw, 777px\" \/><\/figure>\n\n\n\n<p>Las curvas de crecimiento acompa\u00f1an la distribuci\u00f3n de las precipitaciones, siendo enero y febrero los meses m\u00e1s lluviosos(ver gr\u00e1fico N\u00b01). Durante el \u00faltimo verano Alfalfa marc\u00f3 un diferencial de producci\u00f3n debido a la capacidad de su ra\u00edz pivotante para explorar el perfil del suelo.<\/p>\n\n\n\n<figure class=\"wp-block-image size-large\"><img data-recalc-dims=\"1\" loading=\"lazy\" decoding=\"async\" width=\"777\" height=\"435\" src=\"https:\/\/i0.wp.com\/www.todoalfalfa.com.ar\/wp-content\/uploads\/2020\/07\/villaguay-cuadro8.jpg?resize=777%2C435&#038;ssl=1\" alt=\"\" class=\"wp-image-42306\" srcset=\"https:\/\/i0.wp.com\/www.todoalfalfa.com.ar\/noticias\/wp-content\/uploads\/2020\/07\/villaguay-cuadro8.jpg?w=777&amp;ssl=1 777w, https:\/\/i0.wp.com\/www.todoalfalfa.com.ar\/noticias\/wp-content\/uploads\/2020\/07\/villaguay-cuadro8.jpg?resize=300%2C168&amp;ssl=1 300w, https:\/\/i0.wp.com\/www.todoalfalfa.com.ar\/noticias\/wp-content\/uploads\/2020\/07\/villaguay-cuadro8.jpg?resize=768%2C430&amp;ssl=1 768w, https:\/\/i0.wp.com\/www.todoalfalfa.com.ar\/noticias\/wp-content\/uploads\/2020\/07\/villaguay-cuadro8.jpg?resize=180%2C101&amp;ssl=1 180w, https:\/\/i0.wp.com\/www.todoalfalfa.com.ar\/noticias\/wp-content\/uploads\/2020\/07\/villaguay-cuadro8.jpg?resize=260%2C146&amp;ssl=1 260w, https:\/\/i0.wp.com\/www.todoalfalfa.com.ar\/noticias\/wp-content\/uploads\/2020\/07\/villaguay-cuadro8.jpg?resize=373%2C210&amp;ssl=1 373w, https:\/\/i0.wp.com\/www.todoalfalfa.com.ar\/noticias\/wp-content\/uploads\/2020\/07\/villaguay-cuadro8.jpg?resize=120%2C67&amp;ssl=1 120w\" sizes=\"(max-width: 777px) 100vw, 777px\" \/><\/figure>\n\n\n\n<p><strong>Conclusiones<\/strong><br>La producci\u00f3n de materia seca de las combinaciones de especies gram\u00edneas y leguminosas rondan los 20.500Kg MS\/ha en 2 ciclos de crecimiento, siendo muy buenos valores productivos para la zona ganadera del centro de Entre R\u00edos.<\/p>\n\n\n\n<p>Luego de atravesar el 2\u00b0 verano encontramos mejor producci\u00f3n y persistencia en gram\u00edneas perennes como Festuca (Colona y Mediterr\u00e1nea Flecha) comparado con anuales, exceptuando a la mezcla con alfalfa. Si bien se pudo promocionar (resiembra natural) el Ryegrass el 1\u00b0 verano y continuar su producci\u00f3n el 2\u00b0 a\u00f1o, su presencia es baja y los mayores aportes (o la totalidad) de esas mezclas lo realiza la leguminosa acompa\u00f1ante durante el verano, ya que crece sin competencia, pero dejando as\u00ed la oferta forrajera desbalanceada temporalmente, enfocada en primavera verano.<\/p>\n\n\n\n<p>Es importante destacar el rol de las gram\u00edneas perennes, debido a que alargan la vida \u00fatil de la pastura, compiten mejor con malezas y otorgan una oferta de pasto m\u00e1s estable a lo largo del a\u00f1o.<\/p>\n\n\n\n<p>La disminuci\u00f3n del stand de plantas de Festuca pudo ser debido a que en meses de verano donde alfalfa crec\u00eda activamente se pastore\u00f3 intensamente dejando poco o nula \u00e1rea foliar remanente a Festuca, siendo \u00e9sta fundamental para evitar muerte de individuos.<\/p>\n\n\n\n<p>Es importante considerar tambi\u00e9n los bajos niveles de fertilizaci\u00f3n nitrogenada que recibi\u00f3 el cultivo, no pudiendo explotar el potencial de la especie, sobre todo en combinaci\u00f3n con alfalfa que suele ser la leguminosa m\u00e1s vigorosa y que adem\u00e1s tuvo mejores aportes en cuanto a fertilizaci\u00f3n y re fertilizaci\u00f3n fosforada.<\/p>\n\n\n\n<p>La adaptaci\u00f3n de las leguminosas a este ambiente intermedio fue muy buena. Tr\u00e9bol Rojo Vulcano y Alfalfa Nobel 720 fueron las leguminosas m\u00e1s productivas .El stand de plantas de alfalfa sigue siendo importante, ayudado por el refertilizaci\u00f3n para asegurar su persistencia en este tipo de suelo con limitantes qu\u00edmicas naturales para la especie. La combinaci\u00f3n de Lotus Corniculatus Nilo, Achicoria Panther y Tr\u00e9bol Rojo Vulcano otorg\u00f3 un ciclo de aprovechamiento de leguminosas m\u00e1s prolongado, debido a los diferentes ciclos de cada una.<\/p>\n\n\n\n<p><em>Autores: Ferrer, Jos\u00e9 (INTA Villaguay) y Nicolas Heinrich (Gentos)<\/em><\/p>\n<div class=\"todoalfalfa-final-de-la-nota\" id=\"todoalfalfa-6608412\"><a href=\"https:\/\/www.whatsapp.com\/channel\/0029VbCBmFB9WtBxJsD3eC2i\" target=\"_blank\" aria-label=\"5\"><img src=\"https:\/\/i0.wp.com\/www.todoalfalfa.com.ar\/noticias\/wp-content\/uploads\/2026\/04\/5.gif?fit=728%2C90&#038;ssl=1\" alt=\"\"  width=\"728\" height=\"90\"   \/><\/a><\/div>","protected":false},"excerpt":{"rendered":"<p>Definiendo las caracter&iacute;sticas de la zona, se puede describir que el departamento Villaguay tiene una topograf&iacute;a suavemente ondulada a plana,&#8230;<\/p>\n","protected":false},"author":3,"featured_media":42307,"comment_status":"closed","ping_status":"open","sticky":false,"template":"","format":"standard","meta":{"jetpack_post_was_ever_published":false,"_jetpack_newsletter_access":"","_jetpack_dont_email_post_to_subs":false,"_jetpack_newsletter_tier_id":0,"_jetpack_memberships_contains_paywalled_content":false,"_jetpack_memberships_contains_paid_content":false,"footnotes":""},"categories":[2],"tags":[846,374,808,847,848],"class_list":["post-42298","post","type-post","status-publish","format-standard","has-post-thumbnail","hentry","category-generales","tag-entre-rios","tag-estudio","tag-evaluacion","tag-gramineas","tag-leguminosas"],"yoast_head":"<!-- This site is optimized with the Yoast SEO plugin v25.5 - https:\/\/yoast.com\/wordpress\/plugins\/seo\/ -->\n<title>Evaluaci\u00f3n de gram\u00edneas y leguminosas en mezclas para el centro de Entre R\u00edos<\/title>\n<meta name=\"robots\" content=\"index, follow, max-snippet:-1, max-image-preview:large, max-video-preview:-1\" \/>\n<link rel=\"canonical\" href=\"https:\/\/www.todoalfalfa.com.ar\/noticias\/evaluacion-de-gramineas-y-leguminosas-en-mezclas-para-el-centro-de-entre-rios\/\" \/>\n<meta property=\"og:locale\" content=\"es_ES\" \/>\n<meta property=\"og:type\" content=\"article\" \/>\n<meta property=\"og:title\" content=\"Evaluaci\u00f3n de gram\u00edneas y leguminosas en mezclas para el centro de Entre R\u00edos\" \/>\n<meta property=\"og:description\" content=\"Definiendo las caracter&iacute;sticas de la zona, se puede describir que el departamento Villaguay tiene una topograf&iacute;a suavemente ondulada a plana,...\" \/>\n<meta property=\"og:url\" content=\"https:\/\/www.todoalfalfa.com.ar\/noticias\/evaluacion-de-gramineas-y-leguminosas-en-mezclas-para-el-centro-de-entre-rios\/\" \/>\n<meta property=\"og:site_name\" content=\"Todo Alfalfa\" \/>\n<meta property=\"article:publisher\" content=\"https:\/\/www.facebook.com\/todoalfalfa\" \/>\n<meta property=\"article:published_time\" content=\"2020-07-07T22:18:52+00:00\" \/>\n<meta property=\"article:modified_time\" content=\"2020-07-07T22:18:53+00:00\" \/>\n<meta property=\"og:image\" content=\"https:\/\/www.todoalfalfa.com.ar\/noticias\/wp-content\/uploads\/2020\/07\/alfalfaylotus-ensayo.jpg\" \/>\n\t<meta property=\"og:image:width\" content=\"777\" \/>\n\t<meta property=\"og:image:height\" content=\"437\" \/>\n\t<meta property=\"og:image:type\" content=\"image\/jpeg\" \/>\n<meta name=\"author\" content=\"Todo Alfalfa\" \/>\n<meta name=\"twitter:card\" content=\"summary_large_image\" \/>\n<meta name=\"twitter:label1\" content=\"Escrito por\" \/>\n\t<meta name=\"twitter:data1\" content=\"Todo Alfalfa\" \/>\n\t<meta name=\"twitter:label2\" content=\"Tiempo de lectura\" \/>\n\t<meta name=\"twitter:data2\" content=\"4 minutos\" \/>\n<script type=\"application\/ld+json\" class=\"yoast-schema-graph\">{\"@context\":\"https:\/\/schema.org\",\"@graph\":[{\"@type\":\"NewsArticle\",\"@id\":\"https:\/\/www.todoalfalfa.com.ar\/noticias\/evaluacion-de-gramineas-y-leguminosas-en-mezclas-para-el-centro-de-entre-rios\/#article\",\"isPartOf\":{\"@id\":\"https:\/\/www.todoalfalfa.com.ar\/noticias\/evaluacion-de-gramineas-y-leguminosas-en-mezclas-para-el-centro-de-entre-rios\/\"},\"author\":{\"name\":\"Todo Alfalfa\",\"@id\":\"https:\/\/www.todoalfalfa.com.ar\/noticias\/#\/schema\/person\/4ee4bca9b9fa50c4f0fbaf7017fbf2ad\"},\"headline\":\"Evaluaci\u00f3n de gram\u00edneas y leguminosas en mezclas para el centro de Entre R\u00edos\",\"datePublished\":\"2020-07-07T22:18:52+00:00\",\"dateModified\":\"2020-07-07T22:18:53+00:00\",\"mainEntityOfPage\":{\"@id\":\"https:\/\/www.todoalfalfa.com.ar\/noticias\/evaluacion-de-gramineas-y-leguminosas-en-mezclas-para-el-centro-de-entre-rios\/\"},\"wordCount\":905,\"publisher\":{\"@id\":\"https:\/\/www.todoalfalfa.com.ar\/noticias\/#organization\"},\"image\":{\"@id\":\"https:\/\/www.todoalfalfa.com.ar\/noticias\/evaluacion-de-gramineas-y-leguminosas-en-mezclas-para-el-centro-de-entre-rios\/#primaryimage\"},\"thumbnailUrl\":\"https:\/\/i0.wp.com\/www.todoalfalfa.com.ar\/noticias\/wp-content\/uploads\/2020\/07\/alfalfaylotus-ensayo.jpg?fit=777%2C437&ssl=1\",\"keywords\":[\"Entre R\u00edos\",\"estudio\",\"evaluaci\u00f3n\",\"gram\u00edneas\",\"leguminosas\"],\"articleSection\":[\"Generales\"],\"inLanguage\":\"es\"},{\"@type\":[\"WebPage\",\"ItemPage\"],\"@id\":\"https:\/\/www.todoalfalfa.com.ar\/noticias\/evaluacion-de-gramineas-y-leguminosas-en-mezclas-para-el-centro-de-entre-rios\/\",\"url\":\"https:\/\/www.todoalfalfa.com.ar\/noticias\/evaluacion-de-gramineas-y-leguminosas-en-mezclas-para-el-centro-de-entre-rios\/\",\"name\":\"Evaluaci\u00f3n de gram\u00edneas y leguminosas en mezclas para el centro de Entre R\u00edos\",\"isPartOf\":{\"@id\":\"https:\/\/www.todoalfalfa.com.ar\/noticias\/#website\"},\"primaryImageOfPage\":{\"@id\":\"https:\/\/www.todoalfalfa.com.ar\/noticias\/evaluacion-de-gramineas-y-leguminosas-en-mezclas-para-el-centro-de-entre-rios\/#primaryimage\"},\"image\":{\"@id\":\"https:\/\/www.todoalfalfa.com.ar\/noticias\/evaluacion-de-gramineas-y-leguminosas-en-mezclas-para-el-centro-de-entre-rios\/#primaryimage\"},\"thumbnailUrl\":\"https:\/\/i0.wp.com\/www.todoalfalfa.com.ar\/noticias\/wp-content\/uploads\/2020\/07\/alfalfaylotus-ensayo.jpg?fit=777%2C437&ssl=1\",\"datePublished\":\"2020-07-07T22:18:52+00:00\",\"dateModified\":\"2020-07-07T22:18:53+00:00\",\"breadcrumb\":{\"@id\":\"https:\/\/www.todoalfalfa.com.ar\/noticias\/evaluacion-de-gramineas-y-leguminosas-en-mezclas-para-el-centro-de-entre-rios\/#breadcrumb\"},\"inLanguage\":\"es\",\"potentialAction\":[{\"@type\":\"ReadAction\",\"target\":[\"https:\/\/www.todoalfalfa.com.ar\/noticias\/evaluacion-de-gramineas-y-leguminosas-en-mezclas-para-el-centro-de-entre-rios\/\"]}]},{\"@type\":\"ImageObject\",\"inLanguage\":\"es\",\"@id\":\"https:\/\/www.todoalfalfa.com.ar\/noticias\/evaluacion-de-gramineas-y-leguminosas-en-mezclas-para-el-centro-de-entre-rios\/#primaryimage\",\"url\":\"https:\/\/i0.wp.com\/www.todoalfalfa.com.ar\/noticias\/wp-content\/uploads\/2020\/07\/alfalfaylotus-ensayo.jpg?fit=777%2C437&ssl=1\",\"contentUrl\":\"https:\/\/i0.wp.com\/www.todoalfalfa.com.ar\/noticias\/wp-content\/uploads\/2020\/07\/alfalfaylotus-ensayo.jpg?fit=777%2C437&ssl=1\",\"width\":777,\"height\":437},{\"@type\":\"BreadcrumbList\",\"@id\":\"https:\/\/www.todoalfalfa.com.ar\/noticias\/evaluacion-de-gramineas-y-leguminosas-en-mezclas-para-el-centro-de-entre-rios\/#breadcrumb\",\"itemListElement\":[{\"@type\":\"ListItem\",\"position\":1,\"name\":\"Principal\",\"item\":\"https:\/\/www.todoalfalfa.com.ar\/noticias\/\"},{\"@type\":\"ListItem\",\"position\":2,\"name\":\"Evaluaci\u00f3n de gram\u00edneas y leguminosas en mezclas para el centro de Entre R\u00edos\"}]},{\"@type\":\"WebSite\",\"@id\":\"https:\/\/www.todoalfalfa.com.ar\/noticias\/#website\",\"url\":\"https:\/\/www.todoalfalfa.com.ar\/noticias\/\",\"name\":\"Todo Alfalfa\",\"description\":\"Web informativa de la cadena de la alfalfa argentina\",\"publisher\":{\"@id\":\"https:\/\/www.todoalfalfa.com.ar\/noticias\/#organization\"},\"potentialAction\":[{\"@type\":\"SearchAction\",\"target\":{\"@type\":\"EntryPoint\",\"urlTemplate\":\"https:\/\/www.todoalfalfa.com.ar\/noticias\/?s={search_term_string}\"},\"query-input\":{\"@type\":\"PropertyValueSpecification\",\"valueRequired\":true,\"valueName\":\"search_term_string\"}}],\"inLanguage\":\"es\"},{\"@type\":\"Organization\",\"@id\":\"https:\/\/www.todoalfalfa.com.ar\/noticias\/#organization\",\"name\":\"Todo Alfalfa\",\"url\":\"https:\/\/www.todoalfalfa.com.ar\/noticias\/\",\"logo\":{\"@type\":\"ImageObject\",\"inLanguage\":\"es\",\"@id\":\"https:\/\/www.todoalfalfa.com.ar\/noticias\/#\/schema\/logo\/image\/\",\"url\":\"https:\/\/www.todoalfalfa.com.ar\/noticias\/wp-content\/uploads\/2020\/09\/logo-todo-alfalfa-modificado.png\",\"contentUrl\":\"https:\/\/www.todoalfalfa.com.ar\/noticias\/wp-content\/uploads\/2020\/09\/logo-todo-alfalfa-modificado.png\",\"width\":350,\"height\":100,\"caption\":\"Todo Alfalfa\"},\"image\":{\"@id\":\"https:\/\/www.todoalfalfa.com.ar\/noticias\/#\/schema\/logo\/image\/\"},\"sameAs\":[\"https:\/\/www.facebook.com\/todoalfalfa\",\"https:\/\/www.instagram.com\/todoalfalfa\",\"https:\/\/www.youtube.com\/@TodoAlfalfa\",\"https:\/\/www.linkedin.com\/company\/todoalfalfa\/\"]},{\"@type\":\"Person\",\"@id\":\"https:\/\/www.todoalfalfa.com.ar\/noticias\/#\/schema\/person\/4ee4bca9b9fa50c4f0fbaf7017fbf2ad\",\"name\":\"Todo Alfalfa\",\"image\":{\"@type\":\"ImageObject\",\"inLanguage\":\"es\",\"@id\":\"https:\/\/www.todoalfalfa.com.ar\/noticias\/#\/schema\/person\/image\/\",\"url\":\"https:\/\/secure.gravatar.com\/avatar\/4d26a600a1380823a26c3f9cb74ada1a8ee4b482c0c3a616ab022b865c46be8f?s=96&d=mm&r=g\",\"contentUrl\":\"https:\/\/secure.gravatar.com\/avatar\/4d26a600a1380823a26c3f9cb74ada1a8ee4b482c0c3a616ab022b865c46be8f?s=96&d=mm&r=g\",\"caption\":\"Todo Alfalfa\"},\"sameAs\":[\"http:\/\/www.todoalfalfa.com.ar\"],\"url\":\"https:\/\/www.todoalfalfa.com.ar\/noticias\/author\/todoalfalfa\/\"}]}<\/script>\n<!-- \/ Yoast SEO plugin. -->","yoast_head_json":{"title":"Evaluaci\u00f3n de gram\u00edneas y leguminosas en mezclas para el centro de Entre R\u00edos","robots":{"index":"index","follow":"follow","max-snippet":"max-snippet:-1","max-image-preview":"max-image-preview:large","max-video-preview":"max-video-preview:-1"},"canonical":"https:\/\/www.todoalfalfa.com.ar\/noticias\/evaluacion-de-gramineas-y-leguminosas-en-mezclas-para-el-centro-de-entre-rios\/","og_locale":"es_ES","og_type":"article","og_title":"Evaluaci\u00f3n de gram\u00edneas y leguminosas en mezclas para el centro de Entre R\u00edos","og_description":"Definiendo las caracter&iacute;sticas de la zona, se puede describir que el departamento Villaguay tiene una topograf&iacute;a suavemente ondulada a plana,...","og_url":"https:\/\/www.todoalfalfa.com.ar\/noticias\/evaluacion-de-gramineas-y-leguminosas-en-mezclas-para-el-centro-de-entre-rios\/","og_site_name":"Todo Alfalfa","article_publisher":"https:\/\/www.facebook.com\/todoalfalfa","article_published_time":"2020-07-07T22:18:52+00:00","article_modified_time":"2020-07-07T22:18:53+00:00","og_image":[{"width":777,"height":437,"url":"https:\/\/www.todoalfalfa.com.ar\/noticias\/wp-content\/uploads\/2020\/07\/alfalfaylotus-ensayo.jpg","type":"image\/jpeg"}],"author":"Todo Alfalfa","twitter_card":"summary_large_image","twitter_misc":{"Escrito por":"Todo Alfalfa","Tiempo de lectura":"4 minutos"},"schema":{"@context":"https:\/\/schema.org","@graph":[{"@type":"NewsArticle","@id":"https:\/\/www.todoalfalfa.com.ar\/noticias\/evaluacion-de-gramineas-y-leguminosas-en-mezclas-para-el-centro-de-entre-rios\/#article","isPartOf":{"@id":"https:\/\/www.todoalfalfa.com.ar\/noticias\/evaluacion-de-gramineas-y-leguminosas-en-mezclas-para-el-centro-de-entre-rios\/"},"author":{"name":"Todo Alfalfa","@id":"https:\/\/www.todoalfalfa.com.ar\/noticias\/#\/schema\/person\/4ee4bca9b9fa50c4f0fbaf7017fbf2ad"},"headline":"Evaluaci\u00f3n de gram\u00edneas y leguminosas en mezclas para el centro de Entre R\u00edos","datePublished":"2020-07-07T22:18:52+00:00","dateModified":"2020-07-07T22:18:53+00:00","mainEntityOfPage":{"@id":"https:\/\/www.todoalfalfa.com.ar\/noticias\/evaluacion-de-gramineas-y-leguminosas-en-mezclas-para-el-centro-de-entre-rios\/"},"wordCount":905,"publisher":{"@id":"https:\/\/www.todoalfalfa.com.ar\/noticias\/#organization"},"image":{"@id":"https:\/\/www.todoalfalfa.com.ar\/noticias\/evaluacion-de-gramineas-y-leguminosas-en-mezclas-para-el-centro-de-entre-rios\/#primaryimage"},"thumbnailUrl":"https:\/\/i0.wp.com\/www.todoalfalfa.com.ar\/noticias\/wp-content\/uploads\/2020\/07\/alfalfaylotus-ensayo.jpg?fit=777%2C437&ssl=1","keywords":["Entre R\u00edos","estudio","evaluaci\u00f3n","gram\u00edneas","leguminosas"],"articleSection":["Generales"],"inLanguage":"es"},{"@type":["WebPage","ItemPage"],"@id":"https:\/\/www.todoalfalfa.com.ar\/noticias\/evaluacion-de-gramineas-y-leguminosas-en-mezclas-para-el-centro-de-entre-rios\/","url":"https:\/\/www.todoalfalfa.com.ar\/noticias\/evaluacion-de-gramineas-y-leguminosas-en-mezclas-para-el-centro-de-entre-rios\/","name":"Evaluaci\u00f3n de gram\u00edneas y leguminosas en mezclas para el centro de Entre R\u00edos","isPartOf":{"@id":"https:\/\/www.todoalfalfa.com.ar\/noticias\/#website"},"primaryImageOfPage":{"@id":"https:\/\/www.todoalfalfa.com.ar\/noticias\/evaluacion-de-gramineas-y-leguminosas-en-mezclas-para-el-centro-de-entre-rios\/#primaryimage"},"image":{"@id":"https:\/\/www.todoalfalfa.com.ar\/noticias\/evaluacion-de-gramineas-y-leguminosas-en-mezclas-para-el-centro-de-entre-rios\/#primaryimage"},"thumbnailUrl":"https:\/\/i0.wp.com\/www.todoalfalfa.com.ar\/noticias\/wp-content\/uploads\/2020\/07\/alfalfaylotus-ensayo.jpg?fit=777%2C437&ssl=1","datePublished":"2020-07-07T22:18:52+00:00","dateModified":"2020-07-07T22:18:53+00:00","breadcrumb":{"@id":"https:\/\/www.todoalfalfa.com.ar\/noticias\/evaluacion-de-gramineas-y-leguminosas-en-mezclas-para-el-centro-de-entre-rios\/#breadcrumb"},"inLanguage":"es","potentialAction":[{"@type":"ReadAction","target":["https:\/\/www.todoalfalfa.com.ar\/noticias\/evaluacion-de-gramineas-y-leguminosas-en-mezclas-para-el-centro-de-entre-rios\/"]}]},{"@type":"ImageObject","inLanguage":"es","@id":"https:\/\/www.todoalfalfa.com.ar\/noticias\/evaluacion-de-gramineas-y-leguminosas-en-mezclas-para-el-centro-de-entre-rios\/#primaryimage","url":"https:\/\/i0.wp.com\/www.todoalfalfa.com.ar\/noticias\/wp-content\/uploads\/2020\/07\/alfalfaylotus-ensayo.jpg?fit=777%2C437&ssl=1","contentUrl":"https:\/\/i0.wp.com\/www.todoalfalfa.com.ar\/noticias\/wp-content\/uploads\/2020\/07\/alfalfaylotus-ensayo.jpg?fit=777%2C437&ssl=1","width":777,"height":437},{"@type":"BreadcrumbList","@id":"https:\/\/www.todoalfalfa.com.ar\/noticias\/evaluacion-de-gramineas-y-leguminosas-en-mezclas-para-el-centro-de-entre-rios\/#breadcrumb","itemListElement":[{"@type":"ListItem","position":1,"name":"Principal","item":"https:\/\/www.todoalfalfa.com.ar\/noticias\/"},{"@type":"ListItem","position":2,"name":"Evaluaci\u00f3n de gram\u00edneas y leguminosas en mezclas para el centro de Entre R\u00edos"}]},{"@type":"WebSite","@id":"https:\/\/www.todoalfalfa.com.ar\/noticias\/#website","url":"https:\/\/www.todoalfalfa.com.ar\/noticias\/","name":"Todo Alfalfa","description":"Web informativa de la cadena de la alfalfa argentina","publisher":{"@id":"https:\/\/www.todoalfalfa.com.ar\/noticias\/#organization"},"potentialAction":[{"@type":"SearchAction","target":{"@type":"EntryPoint","urlTemplate":"https:\/\/www.todoalfalfa.com.ar\/noticias\/?s={search_term_string}"},"query-input":{"@type":"PropertyValueSpecification","valueRequired":true,"valueName":"search_term_string"}}],"inLanguage":"es"},{"@type":"Organization","@id":"https:\/\/www.todoalfalfa.com.ar\/noticias\/#organization","name":"Todo Alfalfa","url":"https:\/\/www.todoalfalfa.com.ar\/noticias\/","logo":{"@type":"ImageObject","inLanguage":"es","@id":"https:\/\/www.todoalfalfa.com.ar\/noticias\/#\/schema\/logo\/image\/","url":"https:\/\/www.todoalfalfa.com.ar\/noticias\/wp-content\/uploads\/2020\/09\/logo-todo-alfalfa-modificado.png","contentUrl":"https:\/\/www.todoalfalfa.com.ar\/noticias\/wp-content\/uploads\/2020\/09\/logo-todo-alfalfa-modificado.png","width":350,"height":100,"caption":"Todo Alfalfa"},"image":{"@id":"https:\/\/www.todoalfalfa.com.ar\/noticias\/#\/schema\/logo\/image\/"},"sameAs":["https:\/\/www.facebook.com\/todoalfalfa","https:\/\/www.instagram.com\/todoalfalfa","https:\/\/www.youtube.com\/@TodoAlfalfa","https:\/\/www.linkedin.com\/company\/todoalfalfa\/"]},{"@type":"Person","@id":"https:\/\/www.todoalfalfa.com.ar\/noticias\/#\/schema\/person\/4ee4bca9b9fa50c4f0fbaf7017fbf2ad","name":"Todo Alfalfa","image":{"@type":"ImageObject","inLanguage":"es","@id":"https:\/\/www.todoalfalfa.com.ar\/noticias\/#\/schema\/person\/image\/","url":"https:\/\/secure.gravatar.com\/avatar\/4d26a600a1380823a26c3f9cb74ada1a8ee4b482c0c3a616ab022b865c46be8f?s=96&d=mm&r=g","contentUrl":"https:\/\/secure.gravatar.com\/avatar\/4d26a600a1380823a26c3f9cb74ada1a8ee4b482c0c3a616ab022b865c46be8f?s=96&d=mm&r=g","caption":"Todo Alfalfa"},"sameAs":["http:\/\/www.todoalfalfa.com.ar"],"url":"https:\/\/www.todoalfalfa.com.ar\/noticias\/author\/todoalfalfa\/"}]}},"jetpack_featured_media_url":"https:\/\/i0.wp.com\/www.todoalfalfa.com.ar\/noticias\/wp-content\/uploads\/2020\/07\/alfalfaylotus-ensayo.jpg?fit=777%2C437&ssl=1","wps_subtitle":"Un estudio realizado en el departamento Villaguay, busc\u00f3 lograr una oferta de pasto estable a lo largo del a\u00f1o y evaluar especies y mezclas perennes de alta producci\u00f3n, calidad y persistencia bajo pastoreo directo. ","jetpack_sharing_enabled":true,"_links":{"self":[{"href":"https:\/\/www.todoalfalfa.com.ar\/noticias\/wp-json\/wp\/v2\/posts\/42298","targetHints":{"allow":["GET"]}}],"collection":[{"href":"https:\/\/www.todoalfalfa.com.ar\/noticias\/wp-json\/wp\/v2\/posts"}],"about":[{"href":"https:\/\/www.todoalfalfa.com.ar\/noticias\/wp-json\/wp\/v2\/types\/post"}],"author":[{"embeddable":true,"href":"https:\/\/www.todoalfalfa.com.ar\/noticias\/wp-json\/wp\/v2\/users\/3"}],"replies":[{"embeddable":true,"href":"https:\/\/www.todoalfalfa.com.ar\/noticias\/wp-json\/wp\/v2\/comments?post=42298"}],"version-history":[{"count":0,"href":"https:\/\/www.todoalfalfa.com.ar\/noticias\/wp-json\/wp\/v2\/posts\/42298\/revisions"}],"wp:featuredmedia":[{"embeddable":true,"href":"https:\/\/www.todoalfalfa.com.ar\/noticias\/wp-json\/wp\/v2\/media\/42307"}],"wp:attachment":[{"href":"https:\/\/www.todoalfalfa.com.ar\/noticias\/wp-json\/wp\/v2\/media?parent=42298"}],"wp:term":[{"taxonomy":"category","embeddable":true,"href":"https:\/\/www.todoalfalfa.com.ar\/noticias\/wp-json\/wp\/v2\/categories?post=42298"},{"taxonomy":"post_tag","embeddable":true,"href":"https:\/\/www.todoalfalfa.com.ar\/noticias\/wp-json\/wp\/v2\/tags?post=42298"}],"curies":[{"name":"wp","href":"https:\/\/api.w.org\/{rel}","templated":true}]}}