{"id":42478,"date":"2020-08-18T17:32:26","date_gmt":"2020-08-18T20:32:26","guid":{"rendered":"https:\/\/www.todoalfalfa.com.ar\/?p=42478"},"modified":"2020-08-18T17:32:27","modified_gmt":"2020-08-18T20:32:27","slug":"una-empresa-familiar-que-no-olvida-a-la-alfalfa","status":"publish","type":"post","link":"https:\/\/www.todoalfalfa.com.ar\/noticias\/una-empresa-familiar-que-no-olvida-a-la-alfalfa\/","title":{"rendered":"Una empresa familiar que no olvida a la alfalfa"},"content":{"rendered":"\n<p>Juan Ignacio Silva fue la voz cantante para mostrar el Establecimiento La Ceci, que es una sociedad familiar que se integra en determinados puntos con otros dos tambos (bajo la firma Rocel Agropecuaria, empresa que es comandada por el matrimonio de Norberto Alisio y Dorita Aimar). Todo el conglomerada ya va por la s\u00e9ptima generaci\u00f3n de tamberos.<\/p>\n\n\n\n<p>Juan Ignacio tiene solo 28 a\u00f1os, es ingeniero agr\u00f3nomo recibido en la Universidad Nacional del Litoral, cuya sede est\u00e1 en la ciudad de Esperanza y es la s\u00e9ptima generaci\u00f3n en el tambo, trabajando junto a sus hermanos Agust\u00edn y Leandro.<\/p>\n\n\n\n<p>La empresa que hoy lo cobija se inici\u00f3 alrededor de&nbsp; 1.880 con agricultura y guarda una inscripci\u00f3n en uno de sus galpones de 1894.<\/p>\n\n\n\n<p>En la jornada y como tarjeta de presentaci\u00f3n dijo: \u201cSoy promotor y asesor de dos grupos de Cambio Rural ligados a la Cooperativa Manfrey, Manfrey 1 y Manfrey 2. Son dos grupos que congregan a 19 productores tamberos, todos productores que entregan la leche a la Cooperativa de Manfrey y hemos decidido sumarnos en 2018 con la necesidad de generar indicadores, conformando 2 grupos\u201d.<\/p>\n\n\n\n<p>A la hora de repasar los indicadores del grupo dijo: \u201cLos promedios son los siguientes: 144 hect\u00e1reas (VT), 4050 litros\/d\u00eda, Carga de 1.8 VT\/Ha, Producci\u00f3n individual de 22.8 litros, Productividad de 10.025 litros\/ha. y tienen un promedio de 236 vacas totales y 176 vacas en orde\u00f1e\u201d.<\/p>\n\n\n\n<p>El objetivo de la jornada fue mostrar el Establecimiento \u201cLa Ceci\u201d, ubicado en el Departamento&nbsp; Castellanos, provincia de Santa Fe, lindero con provincia de C\u00f3rdoba, a unos 4 kil\u00f3metros al oeste de Josefina, y a 4 kil\u00f3metros al noreste de San Francisco. Es una zona con v\u00edas de escurrimiento, lo cual gener\u00f3 problemas en algunos momentos\u201d, indic\u00f3, refiri\u00e9ndose a inundaciones en el a\u00f1o 2016 que colapsaron el sistema de producci\u00f3n..<\/p>\n\n\n\n<p>Silva es muy partidario en esa zona, con buenas tierras, de un sistema semi-pastoril con suplementaci\u00f3n y gran participaci\u00f3n de reservas forrajeras.<\/p>\n\n\n\n<p>En La Ceci se trabajan 143 hect\u00e1reas totales, todas arrendadas y se utilizan, 100 hect\u00e1reas para el tambo, 10 hect\u00e1reas para la recr\u00eda y 33 hect\u00e1reas para agricultura (ma\u00edz, soja o trigo). Los suelos son clase 1 con tendencia a 2 en algunos sectores, ip 85, 3% materia org\u00e1nica.<\/p>\n\n\n\n<p>Al describir la visi\u00f3n de la empresa dijo: \u201cIntentamos ser una empresa referente en el sector y tratamos de estar a la vanguardia de las \u00faltimas tecnolog\u00edas. La misi\u00f3n que tenemos es producir leche de alta calidad e inocuidad, que es lo que demandan cada vez m\u00e1s los consumidores del futuro. El objetivo a corto plazo es llegar a producir 4000 litros de leche a\u00f1o promedio a\u00f1o&nbsp; y 16000 litros de leche por hect\u00e1rea\/vaca total. Los objetivos a largo plazo serian aumentar escala e intensificar actividades\u201d.<\/p>\n\n\n\n<p><strong>Un sistema que evoluciona de manera permanente<\/strong><br>Es un campo con una historia reciente, nacida en 15 de septiembre de 2016 con los actuales propietarios del tambo. La producci\u00f3n desde el 2016 hasta la actualidad evolucion\u00f3 de esta manera:<\/p>\n\n\n\n<p>2016: Litros VO 22, Entrega diaria: 2181 litros, VO 99, Productividad: 9048 (Lts\/Ha*a\u00f1o), carga de 1.4<\/p>\n\n\n\n<p>2017: Litros VO 21.5, Entrega diaria: 2176 litros, VO 103, Productividad: 8.814 (Lts\/Ha*a\u00f1o), carga de 1.4<\/p>\n\n\n\n<p>2018: Litros VO 20.22, Entrega diaria: 2703 litros, VO 134, Productividad: 10.962 (Lts\/Ha*a\u00f1o), carga de 1.8<\/p>\n\n\n\n<p>2019: Litros VO 20.57, Entrega diaria: 3275 litros, VO 159, Productividad: 11834 (Lts\/Ha*a\u00f1o), carga de 1.9<\/p>\n\n\n\n<p>2020: Litros VO 20.54, Entrega diaria: 3048 litros, VO 149, Productividad: 12500 (Lts\/Ha*a\u00f1o), carga de 1.9<\/p>\n\n\n\n<p>Actual: Litros VO 24, Entrega diaria: 3.600 litros, VO 150, Productividad: 12848(Lts\/Ha*a\u00f1o), carga de 1.9<\/p>\n\n\n\n<p><strong>La alfalfa se incluye en las rotaciones<\/strong><br>\u201cNos manejamos con dos tipos de rotaciones: lote 1 y 2 son lotes donde no se hace alfalfa porque son distantes al campo y no permite que lleguen los animales. Estos lotes se manejan con cultivos destinados a silaje y agricultura. Los lotes del 3 al 8 son los 6 lotes donde nos manejamos con rotaci\u00f3n forrajero, y el lote 9 se encuentra en otra zona a muchos kil\u00f3metros, y se destina netamente a agricultura\u201d, apunt\u00f3 Silva.<\/p>\n\n\n\n<figure class=\"wp-block-image size-large\"><img data-recalc-dims=\"1\" fetchpriority=\"high\" decoding=\"async\" width=\"777\" height=\"437\" src=\"https:\/\/i0.wp.com\/www.todoalfalfa.com.ar\/wp-content\/uploads\/2020\/08\/vacaspastoreando1.jpg?resize=777%2C437&#038;ssl=1\" alt=\"\" class=\"wp-image-42480\" srcset=\"https:\/\/i0.wp.com\/www.todoalfalfa.com.ar\/noticias\/wp-content\/uploads\/2020\/08\/vacaspastoreando1.jpg?w=777&amp;ssl=1 777w, https:\/\/i0.wp.com\/www.todoalfalfa.com.ar\/noticias\/wp-content\/uploads\/2020\/08\/vacaspastoreando1.jpg?resize=300%2C169&amp;ssl=1 300w, https:\/\/i0.wp.com\/www.todoalfalfa.com.ar\/noticias\/wp-content\/uploads\/2020\/08\/vacaspastoreando1.jpg?resize=768%2C432&amp;ssl=1 768w, https:\/\/i0.wp.com\/www.todoalfalfa.com.ar\/noticias\/wp-content\/uploads\/2020\/08\/vacaspastoreando1.jpg?resize=180%2C101&amp;ssl=1 180w, https:\/\/i0.wp.com\/www.todoalfalfa.com.ar\/noticias\/wp-content\/uploads\/2020\/08\/vacaspastoreando1.jpg?resize=260%2C146&amp;ssl=1 260w, https:\/\/i0.wp.com\/www.todoalfalfa.com.ar\/noticias\/wp-content\/uploads\/2020\/08\/vacaspastoreando1.jpg?resize=373%2C210&amp;ssl=1 373w, https:\/\/i0.wp.com\/www.todoalfalfa.com.ar\/noticias\/wp-content\/uploads\/2020\/08\/vacaspastoreando1.jpg?resize=120%2C67&amp;ssl=1 120w\" sizes=\"(max-width: 777px) 100vw, 777px\" \/><\/figure>\n\n\n\n<p>La rotaci\u00f3n forrajera presiona mucho al campo, aporta gran cantidad de fertilizantes y se aprovecha el agua \u00fatil en superficie \u201cporque la napa nunca baj\u00f3 ac\u00e1\u201d. Agreg\u00f3 que se trata de \u201cuna rotaci\u00f3n de seis a\u00f1os: a\u00f1o 1, 2 y 3 con alfalfa, que se pastorea alrededor de octubre, noviembre y a partir de eso cerramos los lotes para construir reservas. Lo que fue la campa\u00f1a pasada un lote de alfalfa en tres cortes brindo 16.000 kilos de materia seca por hect\u00e1rea Este lote despu\u00e9s se realiz\u00f3 un corte para rollo brindando 2.500 kilos de materia seca por hect\u00e1rea y actualmente se sigue pastoreando\u201d.<\/p>\n\n\n\n<p>El lote de alfalfa a\u00f1o 2 se destina para lo que es vacas en orde\u00f1e. \u201cEste a\u00f1o que pas\u00f3 tuvo un rendimiento de 13.200 kg de materia seca, en tanto que el lote 3 de alfalfa lo usamos como lote duro normalmente. La metodolog\u00eda es que van las vacas los d\u00edas de lluvia y a modo de no romper corrales o callejones, les suministramos el silaje por debajo del boyero. Hemos observado que no hay pr\u00e1cticamente desperdicios y no generamos residuos alrededor del tambo\u201d.<\/p>\n\n\n\n<p>\u201cEl cultivo de ma\u00edz particularmente se est\u00e1 trabajando mucho con lo que es doble cultivo de verano. Esos ma\u00edces los estamos pisando la primer semana de enero, autom\u00e1ticamente vamos sembrando otro cultivo arriba, generalmente es soja, y viceversa. El rendimiento de los ma\u00edces en promedio los \u00faltimos cuatro a\u00f1os que estamos ac\u00e1 dieron 12.000 Kg. de materia seca por hect\u00e1rea, entre ma\u00edces de primera, segunda y tercera\u201d, dijo el joven profesional. A\u00f1adi\u00f3 que \u201cestamos trabajando mucho con el cultivo de soja para silo, teniendo rindes interesantes en soja de primera y tercera, y con rollos, donde se hacen los suficientes para mantener a la recr\u00eda y el preparto\u201d.<\/p>\n\n\n\n<p><strong>Conformaci\u00f3n del equipo de trabajo<\/strong><br>Juan Ignacio Silva present\u00f3 a todo el equipo de La Ceci en el marco de la jornada de Tranquera Abierta Virtual promovida por el Inta San Francisco y Cambio Rural.<\/p>\n\n\n\n<p>Due\u00f1os: Rub\u00e9n y Marcela<br>Encargado general: Juan Ignacio Silva<br>Familia de tamberos asociados: Flia. Juncos<br>Tractorista y ayudante general: Agust\u00edn Silva<\/p>\n\n\n\n<p>Respecto al funcionamiento del equipo dijo que \u201ces fundamental la comunicaci\u00f3n entre todos los miembros de la cadena\u201d, y que \u201cdesde su lugar tiene como responsabilidad \u2013entre otras-, ser \u201cencargado de compras, ventas, buscar insumos, planificar forrajeramente, etc.\u201d.<\/p>\n\n\n\n<p>En la estructura del tambo tambi\u00e9n juegan su rol los asesores, entre ellos un m\u00e9dico veterinarios en la parte de reproductiva, un veterinario cl\u00ednico para cuestiones de urgencias, un nutricionista: que arma las dietas y asesores contables y abogados que est\u00e1n en estrecha ligaz\u00f3n con los propietarios:<\/p>\n\n\n\n<p><strong>Manejo del rodeo lechero<\/strong><br>El ingeniero Silva indic\u00f3 que el rodeo de vacas est\u00e1 dividido en dos lotes actualmente:<\/p>\n\n\n\n<p>Lote 1 constituido por las vacas de punta: \u201cEst\u00e1 integrado por vacas de hasta 150 d\u00edas de parida y\/o 28 litros promedio para arriba, con alimentaci\u00f3n TMR con agua disponible y sombra artificial en verano. En este rodeo la alimentaci\u00f3n es de un 15% de concentrado (expeller de soja y ma\u00edz molido), silaje de ma\u00edz 43% y silaje de alfalfa 42%. Los indicadores productivos son los siguientes: Son 73 vacas que consumen con 8,5 kg de concentrado, y producen 29 litros vaca\/d\u00eda y logran 20 litros libres, tras descontar la alimentaci\u00f3n.<\/p>\n\n\n\n<p>El lote 2 est\u00e1 conformado por las vacas de cola: \u201cAc\u00e1 se trata que la mayor\u00eda de los alimentos sea pasto porque es m\u00e1s barato. En verano hay una rutina donde se orde\u00f1a a la ma\u00f1ana, luego van a pastorear alfalfa hasta el mediod\u00eda que se encierran con una mezcla PMR con sombra y agua, hasta el orde\u00f1e de la tarde y luego nuevamente pastoreo hasta que son encerradas por cuestiones de seguridad a las 21 con silaje.<\/p>\n\n\n\n<p>En invierno cambia un poco, del orde\u00f1e de la ma\u00f1ana pasan a encierre con concentrado y silaje. Cuando se levanta la helada van al pasto hasta el orde\u00f1e de la tarde. Y nuevamente pasan la noche con el silaje. \u201cEn este caso son 72 vacas, que consumen 5.5 Kg de concentrados por d\u00eda, con un promedio de 20 litros vaca\/d\u00eda\u201d.<\/p>\n\n\n\n<p>En cuanto al manejo reproductivo se da servicio a las vacas de manera continua, con monta natural, y se tacta mensualmente para diagn\u00f3stico de pre\u00f1ez y atenci\u00f3n de vacas frescas.<\/p>\n\n\n\n<p>Las vacas secas, en \u00e9pocas donde hay rastrojo de ma\u00edz o alfalfa degradada van a pastorear y el resto del a\u00f1o se encuentran encerradas con dieta PMR y heno; en tanto que las vacas reparto, de acuerdo a su condici\u00f3n corporal se ingresan 45 a 60 d\u00edas antes del parto, y consumen dieta PMR y heno.<\/p>\n\n\n\n<p>Respecto al manejo de la alimentaci\u00f3n, Silvia exhibi\u00f3 una serie de ideas que deben cumplirse a los efectos de lograr los objetivos:<\/p>\n\n\n\n<p>-Primera actividad del d\u00eda: todos los silos deben estar cargados. A la tarde no puede haber tractores dando vueltas.<\/p>\n\n\n\n<p>-Estabilidad temporal de la dieta, tratar de dar de comer todo el a\u00f1o lo mismo.<\/p>\n\n\n\n<p>-La dieta es balanceada mensualmente mediante el programa NRC<\/p>\n\n\n\n<p>-Hay que sostener agilidad en el suministro con maquinaria acorde.<\/p>\n\n\n\n<p>En cuanto al manejo de la informaci\u00f3n de los rodeos, se trata de cosechar mucha informaci\u00f3n \u201cpara actuar preventivamente y anticiparnos a los problemas\u201d, dijo Silva<\/p>\n\n\n\n<p>Respecto a los datos de producci\u00f3n, diariamente se realiza control de stock, producci\u00f3n y estado de los cultivos. Se registra en PC y se le env\u00edan los datos al SIGA, y con relaci\u00f3n a la informaci\u00f3n del rodeo, se anota todo en un cuaderno de campo y mensualmente se env\u00edan a los veterinarios que registran en Dairy Comp.<\/p>\n\n\n\n<p><strong>Sistemas ecl\u00e9cticos, tambos rentables<\/strong><br>Esteban Alisio, Roderico Alisio, Norberto Alisio, Mariano Alisio y Marcos Silva (casado con Marcia Alisio) son parte de los nombres de la empresa familiar que han constituido esa c\u00e9lula b\u00e1sica que hoy est\u00e1 encuadrada en lo que es Rocel Agropecuaria, y desde ese ecosistema surge La Ceci, que suma vacas al conglomerado, aunque en este caso tiene otros propietarios (Rub\u00e9n y Marcela, t\u00edos de Juan Ignacio)<\/p>\n\n\n\n<p>En Rocel Agropecuaria, Norberto Alisio y Dorita Aimar (quien lleva registros de animales), son los hacedores principales y cabeza de la evoluci\u00f3n familiar de la empresa. Tambi\u00e9n trabajan en Rocel, Mariano Alisio y Esteban Alisio (encargados de reproducci\u00f3n de ambos) y Marcos Silva (Tambo nro. 1 y manejo de la alimentaci\u00f3n y mantenimiento general de los dos tambos), Leandro (mantenimiento y tambo nro. 2), Agust\u00edn (tractorista) y Juan Ignacio Silva, quien es el responsable de los cultivos y la administraci\u00f3n<\/p>\n\n\n\n<p>Rocel Agropecuaria tiene 2 tambos y el tambo original est\u00e1 en Colonia Iturraspe. La empresa de Norberto Alisio y se\u00f1ora posee 3 unidades de negocios (el tambo original en Colonia Iturraspe, un tambo nro. 2 en Colonia Anita), la otra unidad es la unidad recr\u00eda (campo en Josefina) y la tercera unidad es agricultura en diversos campos agr\u00edcolas en el centro-este de C\u00f3rdoba.<\/p>\n\n\n\n<p>La historia indica que en 2016 le ofrecen un campo a Rocel Agropecuaria (tambo armado, suelos clase 1 e instalaciones), pero alquila solo la mitad (300 hect\u00e1reas); y el t\u00edo de Juan Ignacio compra el campo y el tambo (que sacaba 4.000 litros). \u201cEs decir yo trabajo en dos empresas familiares, en donde compramos en conjunto para ganar eficiencia en la compras, y todo lo que mostr\u00e9 en la jornada es el Establecimiento La Ceci, que ven\u00eda con problemas reproductivos y producci\u00f3n de forrajes\u201d. Ambas empresas remiten la leche a la cooperativa Manfrey<\/p>\n\n\n\n<p>Al ser entrevistado por TodoLecher\u00eda, Silva dice que sus esquemas de tambo se asientan en 3 pilares: Equipo de trabajo, planificar la rotaci\u00f3n forrajera (silaje y praderas) y resolver los problemas reproductivos.<\/p>\n\n\n\n<p>En reproducci\u00f3n lo asesoran los expertos Norberto Olocco y Edgardo Borello y un veterinario cl\u00ednico Luciano Coarasa. \u201cEn manejo de malezas me ayuda Jorge Masento, y trabajamos asociativamente en el Proyecto SIGA de Manfrey donde se comparte y maneja informaci\u00f3n de 23 tambos\u201d. En el Grupo Manfrey I est\u00e1 Rocel Agropecuaria y en Manfrey II est\u00e1 La Ceci.<\/p>\n\n\n\n<p><strong>En Rocel Agropecuaria los datos de 2019 son los siguientes:<\/strong><br>Tambo 1 (300 vacas, 214 VO, 25 litros promedio\/a\u00f1o). Comen una dieta que lote de punta encerrado y dieta TMR (3,5 kg de expeller, 5,5 kg de ma\u00edz molida, 2kg. de afrechillo, sales minerales y 32 kilos de silaje de ma\u00edz y 25 kg. de soja o alfalfa)<\/p>\n\n\n\n<p>Lote de cola (25 kg. de silo de ma\u00edz, 6 kg de concentrado y el resto pastura de alfalfa)<\/p>\n\n\n\n<p>Lote de prim\u00edparas&nbsp; (7 kg. de suplemento, 25 kg. de silo de ma\u00edz, 5 kg. de silo de soja y pastura de alfalfa). 14.000 litros\/hect\u00e1rea\/a\u00f1o y produce 6.300 litros diarios<\/p>\n\n\n\n<p>El Tambo 2 de Rocel Agropecuarioa (ubicado en Colonia Anita) es bien distinto con sistema autoconsumo de silo. Alli los datos son los siguientes: 90 vacas en orde\u00f1e 114 vacas totales. Cerr\u00f3 el a\u00f1o con 19,5 litros promedio y actualmente est\u00e1 en 2.200 litros diarios (23 litros promedio), y ah\u00ed van vacas que no se adaptan al TMR<\/p>\n\n\n\n<p>\u201cA mi juicio el a\u00f1o pasado ganamos bastante m\u00e1s plata con el Tambo 1 que con el Tambo 2, pero ahora es al rev\u00e9s\u201d, se\u00f1ala Juan Ignacio Silva reflejando el ajuste de m\u00e1rgenes que tienen la actividad en la actualidad.<\/p>\n\n\n\n<p>Lo interesante de la empresa familiar es que la recr\u00eda es de los 3 tambos juntos y todo confinado en 5 corrales. A los efectos de crecer, la estrategia es clara: \u201cTodo el foco en el trabajo reproductivo. Pre\u00f1ar, pre\u00f1ar y pre\u00f1ar. En Rocel crecimiento 16% anual por ende hay necesidad de producir m\u00e1s forraje o vender vaquillonas. Tenemos alta presi\u00f3n de selecci\u00f3n, vendemos lo que no nos sirve\u201d.<\/p>\n\n\n\n<p>El otro eje de los sistemas es la maximizaci\u00f3n de la producci\u00f3n de forraje.<\/p>\n\n\n\n<p>Un tema desafiante para este tambo familiar lo constituyeron las inundaciones de 2016: \u201cEl Tambo 1 no tuvo agua, el tambo 2 no estaba, y el tambo 3 (La Ceci) se compr\u00f3 en plena inundaci\u00f3n y la clave fue la gran cantidad de reservas que nos permitieron pasar la crisis con los animales encerrados\u201d.<\/p>\n\n\n\n<p>Juan Ignacio describi\u00f3 que en la zona de Josefina hubo momentos muy duros: \u201cTuvimos dos golpes fuertes Abril de 2016 (300 mil\u00edmetros del 1 al 30 de abril), y el segundo golpe fue en&nbsp; 1 de enero de 2017, donde llovi\u00f3 en 3 d\u00edas 390 mil\u00edmetros y eso fue pesado para La Ceci, ya que se perdieron una gran cantidad de hect\u00e1reas\u201d.<\/p>\n\n\n\n<p>Mirando hacia adelante dijo: \u201cEn 10 a\u00f1os nos vemos con m\u00e1s tambos, m\u00e1s eficiencia dentro de cada establecimiento, y fundamental es que queremos mantener la estructura familiar de la empresa\u201d.<\/p>\n\n\n\n<p>Otro desaf\u00edo en esa zona es la gran competencia que impone la agricultura y el alto costo de alquiler (14 quintales de soja).<\/p>\n\n\n\n<p>\u201c\u00bfC\u00f3mo tomamos las decisiones: Las b\u00e1sicas y operativas las define cada responsable en su rubro y las m\u00e1s importantes por lo general son reuniones familiares-empresariales, donde Dorita y Norberto tiene la decisi\u00f3n final,&nbsp; en Rocel, y mi t\u00edo en La Ceci\u201d, apunta en el cierre Juan Ignacio Silva.<\/p>\n<div class=\"todoalfalfa-final-de-la-nota\" id=\"todoalfalfa-3076045012\"><a href=\"https:\/\/www.whatsapp.com\/channel\/0029VbCBmFB9WtBxJsD3eC2i\" target=\"_blank\" aria-label=\"5\"><img src=\"https:\/\/i0.wp.com\/www.todoalfalfa.com.ar\/noticias\/wp-content\/uploads\/2026\/04\/5.gif?fit=728%2C90&#038;ssl=1\" alt=\"\"  width=\"728\" height=\"90\"   \/><\/a><\/div>","protected":false},"excerpt":{"rendered":"<p>Juan Ignacio Silva fue la voz cantante para mostrar el Establecimiento La Ceci, que es una sociedad familiar que se&#8230;<\/p>\n","protected":false},"author":3,"featured_media":42479,"comment_status":"closed","ping_status":"open","sticky":false,"template":"","format":"standard","meta":{"jetpack_post_was_ever_published":false,"_jetpack_newsletter_access":"","_jetpack_dont_email_post_to_subs":false,"_jetpack_newsletter_tier_id":0,"_jetpack_memberships_contains_paywalled_content":false,"_jetpack_memberships_contains_paid_content":false,"footnotes":""},"categories":[2],"tags":[31,874,872,870,211,873,875,871,378],"class_list":["post-42478","post","type-post","status-publish","format-standard","has-post-thumbnail","hentry","category-generales","tag-alfalfa","tag-esperanza","tag-familiar","tag-ignacio","tag-juan","tag-la-ceci","tag-manfrey","tag-silva","tag-tambo"],"yoast_head":"<!-- This site is optimized with the Yoast SEO plugin v25.5 - https:\/\/yoast.com\/wordpress\/plugins\/seo\/ -->\n<title>Una empresa familiar que no olvida a la alfalfa<\/title>\n<meta name=\"robots\" content=\"index, follow, max-snippet:-1, max-image-preview:large, max-video-preview:-1\" \/>\n<link rel=\"canonical\" href=\"https:\/\/www.todoalfalfa.com.ar\/noticias\/una-empresa-familiar-que-no-olvida-a-la-alfalfa\/\" \/>\n<meta property=\"og:locale\" content=\"es_ES\" \/>\n<meta property=\"og:type\" content=\"article\" \/>\n<meta property=\"og:title\" content=\"Una empresa familiar que no olvida a la alfalfa\" \/>\n<meta property=\"og:description\" content=\"Juan Ignacio Silva fue la voz cantante para mostrar el Establecimiento La Ceci, que es una sociedad familiar que se...\" \/>\n<meta property=\"og:url\" content=\"https:\/\/www.todoalfalfa.com.ar\/noticias\/una-empresa-familiar-que-no-olvida-a-la-alfalfa\/\" \/>\n<meta property=\"og:site_name\" content=\"Todo Alfalfa\" \/>\n<meta property=\"article:publisher\" content=\"https:\/\/www.facebook.com\/todoalfalfa\" \/>\n<meta property=\"article:published_time\" content=\"2020-08-18T20:32:26+00:00\" \/>\n<meta property=\"article:modified_time\" content=\"2020-08-18T20:32:27+00:00\" \/>\n<meta property=\"og:image\" content=\"https:\/\/www.todoalfalfa.com.ar\/noticias\/wp-content\/uploads\/2020\/08\/silvajosefina.jpg\" \/>\n\t<meta property=\"og:image:width\" content=\"777\" \/>\n\t<meta property=\"og:image:height\" content=\"437\" \/>\n\t<meta property=\"og:image:type\" content=\"image\/jpeg\" \/>\n<meta name=\"author\" content=\"Todo Alfalfa\" \/>\n<meta name=\"twitter:card\" content=\"summary_large_image\" \/>\n<meta name=\"twitter:label1\" content=\"Escrito por\" \/>\n\t<meta name=\"twitter:data1\" content=\"Todo Alfalfa\" \/>\n\t<meta name=\"twitter:label2\" content=\"Tiempo de lectura\" \/>\n\t<meta name=\"twitter:data2\" content=\"13 minutos\" \/>\n<script type=\"application\/ld+json\" class=\"yoast-schema-graph\">{\"@context\":\"https:\/\/schema.org\",\"@graph\":[{\"@type\":\"NewsArticle\",\"@id\":\"https:\/\/www.todoalfalfa.com.ar\/noticias\/una-empresa-familiar-que-no-olvida-a-la-alfalfa\/#article\",\"isPartOf\":{\"@id\":\"https:\/\/www.todoalfalfa.com.ar\/noticias\/una-empresa-familiar-que-no-olvida-a-la-alfalfa\/\"},\"author\":{\"name\":\"Todo Alfalfa\",\"@id\":\"https:\/\/www.todoalfalfa.com.ar\/noticias\/#\/schema\/person\/4ee4bca9b9fa50c4f0fbaf7017fbf2ad\"},\"headline\":\"Una empresa familiar que no olvida a la alfalfa\",\"datePublished\":\"2020-08-18T20:32:26+00:00\",\"dateModified\":\"2020-08-18T20:32:27+00:00\",\"mainEntityOfPage\":{\"@id\":\"https:\/\/www.todoalfalfa.com.ar\/noticias\/una-empresa-familiar-que-no-olvida-a-la-alfalfa\/\"},\"wordCount\":2568,\"publisher\":{\"@id\":\"https:\/\/www.todoalfalfa.com.ar\/noticias\/#organization\"},\"image\":{\"@id\":\"https:\/\/www.todoalfalfa.com.ar\/noticias\/una-empresa-familiar-que-no-olvida-a-la-alfalfa\/#primaryimage\"},\"thumbnailUrl\":\"https:\/\/i0.wp.com\/www.todoalfalfa.com.ar\/noticias\/wp-content\/uploads\/2020\/08\/silvajosefina.jpg?fit=777%2C437&ssl=1\",\"keywords\":[\"alfalfa\",\"Esperanza\",\"familiar\",\"Ignacio\",\"Juan\",\"La Ceci\",\"Manfrey\",\"Silva\",\"tambo\"],\"articleSection\":[\"Generales\"],\"inLanguage\":\"es\"},{\"@type\":[\"WebPage\",\"ItemPage\"],\"@id\":\"https:\/\/www.todoalfalfa.com.ar\/noticias\/una-empresa-familiar-que-no-olvida-a-la-alfalfa\/\",\"url\":\"https:\/\/www.todoalfalfa.com.ar\/noticias\/una-empresa-familiar-que-no-olvida-a-la-alfalfa\/\",\"name\":\"Una empresa familiar que no olvida a la alfalfa\",\"isPartOf\":{\"@id\":\"https:\/\/www.todoalfalfa.com.ar\/noticias\/#website\"},\"primaryImageOfPage\":{\"@id\":\"https:\/\/www.todoalfalfa.com.ar\/noticias\/una-empresa-familiar-que-no-olvida-a-la-alfalfa\/#primaryimage\"},\"image\":{\"@id\":\"https:\/\/www.todoalfalfa.com.ar\/noticias\/una-empresa-familiar-que-no-olvida-a-la-alfalfa\/#primaryimage\"},\"thumbnailUrl\":\"https:\/\/i0.wp.com\/www.todoalfalfa.com.ar\/noticias\/wp-content\/uploads\/2020\/08\/silvajosefina.jpg?fit=777%2C437&ssl=1\",\"datePublished\":\"2020-08-18T20:32:26+00:00\",\"dateModified\":\"2020-08-18T20:32:27+00:00\",\"breadcrumb\":{\"@id\":\"https:\/\/www.todoalfalfa.com.ar\/noticias\/una-empresa-familiar-que-no-olvida-a-la-alfalfa\/#breadcrumb\"},\"inLanguage\":\"es\",\"potentialAction\":[{\"@type\":\"ReadAction\",\"target\":[\"https:\/\/www.todoalfalfa.com.ar\/noticias\/una-empresa-familiar-que-no-olvida-a-la-alfalfa\/\"]}]},{\"@type\":\"ImageObject\",\"inLanguage\":\"es\",\"@id\":\"https:\/\/www.todoalfalfa.com.ar\/noticias\/una-empresa-familiar-que-no-olvida-a-la-alfalfa\/#primaryimage\",\"url\":\"https:\/\/i0.wp.com\/www.todoalfalfa.com.ar\/noticias\/wp-content\/uploads\/2020\/08\/silvajosefina.jpg?fit=777%2C437&ssl=1\",\"contentUrl\":\"https:\/\/i0.wp.com\/www.todoalfalfa.com.ar\/noticias\/wp-content\/uploads\/2020\/08\/silvajosefina.jpg?fit=777%2C437&ssl=1\",\"width\":777,\"height\":437},{\"@type\":\"BreadcrumbList\",\"@id\":\"https:\/\/www.todoalfalfa.com.ar\/noticias\/una-empresa-familiar-que-no-olvida-a-la-alfalfa\/#breadcrumb\",\"itemListElement\":[{\"@type\":\"ListItem\",\"position\":1,\"name\":\"Principal\",\"item\":\"https:\/\/www.todoalfalfa.com.ar\/noticias\/\"},{\"@type\":\"ListItem\",\"position\":2,\"name\":\"Una empresa familiar que no olvida a la alfalfa\"}]},{\"@type\":\"WebSite\",\"@id\":\"https:\/\/www.todoalfalfa.com.ar\/noticias\/#website\",\"url\":\"https:\/\/www.todoalfalfa.com.ar\/noticias\/\",\"name\":\"Todo Alfalfa\",\"description\":\"Web informativa de la cadena de la alfalfa argentina\",\"publisher\":{\"@id\":\"https:\/\/www.todoalfalfa.com.ar\/noticias\/#organization\"},\"potentialAction\":[{\"@type\":\"SearchAction\",\"target\":{\"@type\":\"EntryPoint\",\"urlTemplate\":\"https:\/\/www.todoalfalfa.com.ar\/noticias\/?s={search_term_string}\"},\"query-input\":{\"@type\":\"PropertyValueSpecification\",\"valueRequired\":true,\"valueName\":\"search_term_string\"}}],\"inLanguage\":\"es\"},{\"@type\":\"Organization\",\"@id\":\"https:\/\/www.todoalfalfa.com.ar\/noticias\/#organization\",\"name\":\"Todo Alfalfa\",\"url\":\"https:\/\/www.todoalfalfa.com.ar\/noticias\/\",\"logo\":{\"@type\":\"ImageObject\",\"inLanguage\":\"es\",\"@id\":\"https:\/\/www.todoalfalfa.com.ar\/noticias\/#\/schema\/logo\/image\/\",\"url\":\"https:\/\/www.todoalfalfa.com.ar\/noticias\/wp-content\/uploads\/2020\/09\/logo-todo-alfalfa-modificado.png\",\"contentUrl\":\"https:\/\/www.todoalfalfa.com.ar\/noticias\/wp-content\/uploads\/2020\/09\/logo-todo-alfalfa-modificado.png\",\"width\":350,\"height\":100,\"caption\":\"Todo Alfalfa\"},\"image\":{\"@id\":\"https:\/\/www.todoalfalfa.com.ar\/noticias\/#\/schema\/logo\/image\/\"},\"sameAs\":[\"https:\/\/www.facebook.com\/todoalfalfa\",\"https:\/\/www.instagram.com\/todoalfalfa\",\"https:\/\/www.youtube.com\/@TodoAlfalfa\",\"https:\/\/www.linkedin.com\/company\/todoalfalfa\/\"]},{\"@type\":\"Person\",\"@id\":\"https:\/\/www.todoalfalfa.com.ar\/noticias\/#\/schema\/person\/4ee4bca9b9fa50c4f0fbaf7017fbf2ad\",\"name\":\"Todo Alfalfa\",\"image\":{\"@type\":\"ImageObject\",\"inLanguage\":\"es\",\"@id\":\"https:\/\/www.todoalfalfa.com.ar\/noticias\/#\/schema\/person\/image\/\",\"url\":\"https:\/\/secure.gravatar.com\/avatar\/4d26a600a1380823a26c3f9cb74ada1a8ee4b482c0c3a616ab022b865c46be8f?s=96&d=mm&r=g\",\"contentUrl\":\"https:\/\/secure.gravatar.com\/avatar\/4d26a600a1380823a26c3f9cb74ada1a8ee4b482c0c3a616ab022b865c46be8f?s=96&d=mm&r=g\",\"caption\":\"Todo Alfalfa\"},\"sameAs\":[\"http:\/\/www.todoalfalfa.com.ar\"],\"url\":\"https:\/\/www.todoalfalfa.com.ar\/noticias\/author\/todoalfalfa\/\"}]}<\/script>\n<!-- \/ Yoast SEO plugin. -->","yoast_head_json":{"title":"Una empresa familiar que no olvida a la alfalfa","robots":{"index":"index","follow":"follow","max-snippet":"max-snippet:-1","max-image-preview":"max-image-preview:large","max-video-preview":"max-video-preview:-1"},"canonical":"https:\/\/www.todoalfalfa.com.ar\/noticias\/una-empresa-familiar-que-no-olvida-a-la-alfalfa\/","og_locale":"es_ES","og_type":"article","og_title":"Una empresa familiar que no olvida a la alfalfa","og_description":"Juan Ignacio Silva fue la voz cantante para mostrar el Establecimiento La Ceci, que es una sociedad familiar que se...","og_url":"https:\/\/www.todoalfalfa.com.ar\/noticias\/una-empresa-familiar-que-no-olvida-a-la-alfalfa\/","og_site_name":"Todo Alfalfa","article_publisher":"https:\/\/www.facebook.com\/todoalfalfa","article_published_time":"2020-08-18T20:32:26+00:00","article_modified_time":"2020-08-18T20:32:27+00:00","og_image":[{"width":777,"height":437,"url":"https:\/\/www.todoalfalfa.com.ar\/noticias\/wp-content\/uploads\/2020\/08\/silvajosefina.jpg","type":"image\/jpeg"}],"author":"Todo Alfalfa","twitter_card":"summary_large_image","twitter_misc":{"Escrito por":"Todo Alfalfa","Tiempo de lectura":"13 minutos"},"schema":{"@context":"https:\/\/schema.org","@graph":[{"@type":"NewsArticle","@id":"https:\/\/www.todoalfalfa.com.ar\/noticias\/una-empresa-familiar-que-no-olvida-a-la-alfalfa\/#article","isPartOf":{"@id":"https:\/\/www.todoalfalfa.com.ar\/noticias\/una-empresa-familiar-que-no-olvida-a-la-alfalfa\/"},"author":{"name":"Todo Alfalfa","@id":"https:\/\/www.todoalfalfa.com.ar\/noticias\/#\/schema\/person\/4ee4bca9b9fa50c4f0fbaf7017fbf2ad"},"headline":"Una empresa familiar que no olvida a la alfalfa","datePublished":"2020-08-18T20:32:26+00:00","dateModified":"2020-08-18T20:32:27+00:00","mainEntityOfPage":{"@id":"https:\/\/www.todoalfalfa.com.ar\/noticias\/una-empresa-familiar-que-no-olvida-a-la-alfalfa\/"},"wordCount":2568,"publisher":{"@id":"https:\/\/www.todoalfalfa.com.ar\/noticias\/#organization"},"image":{"@id":"https:\/\/www.todoalfalfa.com.ar\/noticias\/una-empresa-familiar-que-no-olvida-a-la-alfalfa\/#primaryimage"},"thumbnailUrl":"https:\/\/i0.wp.com\/www.todoalfalfa.com.ar\/noticias\/wp-content\/uploads\/2020\/08\/silvajosefina.jpg?fit=777%2C437&ssl=1","keywords":["alfalfa","Esperanza","familiar","Ignacio","Juan","La Ceci","Manfrey","Silva","tambo"],"articleSection":["Generales"],"inLanguage":"es"},{"@type":["WebPage","ItemPage"],"@id":"https:\/\/www.todoalfalfa.com.ar\/noticias\/una-empresa-familiar-que-no-olvida-a-la-alfalfa\/","url":"https:\/\/www.todoalfalfa.com.ar\/noticias\/una-empresa-familiar-que-no-olvida-a-la-alfalfa\/","name":"Una empresa familiar que no olvida a la alfalfa","isPartOf":{"@id":"https:\/\/www.todoalfalfa.com.ar\/noticias\/#website"},"primaryImageOfPage":{"@id":"https:\/\/www.todoalfalfa.com.ar\/noticias\/una-empresa-familiar-que-no-olvida-a-la-alfalfa\/#primaryimage"},"image":{"@id":"https:\/\/www.todoalfalfa.com.ar\/noticias\/una-empresa-familiar-que-no-olvida-a-la-alfalfa\/#primaryimage"},"thumbnailUrl":"https:\/\/i0.wp.com\/www.todoalfalfa.com.ar\/noticias\/wp-content\/uploads\/2020\/08\/silvajosefina.jpg?fit=777%2C437&ssl=1","datePublished":"2020-08-18T20:32:26+00:00","dateModified":"2020-08-18T20:32:27+00:00","breadcrumb":{"@id":"https:\/\/www.todoalfalfa.com.ar\/noticias\/una-empresa-familiar-que-no-olvida-a-la-alfalfa\/#breadcrumb"},"inLanguage":"es","potentialAction":[{"@type":"ReadAction","target":["https:\/\/www.todoalfalfa.com.ar\/noticias\/una-empresa-familiar-que-no-olvida-a-la-alfalfa\/"]}]},{"@type":"ImageObject","inLanguage":"es","@id":"https:\/\/www.todoalfalfa.com.ar\/noticias\/una-empresa-familiar-que-no-olvida-a-la-alfalfa\/#primaryimage","url":"https:\/\/i0.wp.com\/www.todoalfalfa.com.ar\/noticias\/wp-content\/uploads\/2020\/08\/silvajosefina.jpg?fit=777%2C437&ssl=1","contentUrl":"https:\/\/i0.wp.com\/www.todoalfalfa.com.ar\/noticias\/wp-content\/uploads\/2020\/08\/silvajosefina.jpg?fit=777%2C437&ssl=1","width":777,"height":437},{"@type":"BreadcrumbList","@id":"https:\/\/www.todoalfalfa.com.ar\/noticias\/una-empresa-familiar-que-no-olvida-a-la-alfalfa\/#breadcrumb","itemListElement":[{"@type":"ListItem","position":1,"name":"Principal","item":"https:\/\/www.todoalfalfa.com.ar\/noticias\/"},{"@type":"ListItem","position":2,"name":"Una empresa familiar que no olvida a la alfalfa"}]},{"@type":"WebSite","@id":"https:\/\/www.todoalfalfa.com.ar\/noticias\/#website","url":"https:\/\/www.todoalfalfa.com.ar\/noticias\/","name":"Todo Alfalfa","description":"Web informativa de la cadena de la alfalfa argentina","publisher":{"@id":"https:\/\/www.todoalfalfa.com.ar\/noticias\/#organization"},"potentialAction":[{"@type":"SearchAction","target":{"@type":"EntryPoint","urlTemplate":"https:\/\/www.todoalfalfa.com.ar\/noticias\/?s={search_term_string}"},"query-input":{"@type":"PropertyValueSpecification","valueRequired":true,"valueName":"search_term_string"}}],"inLanguage":"es"},{"@type":"Organization","@id":"https:\/\/www.todoalfalfa.com.ar\/noticias\/#organization","name":"Todo Alfalfa","url":"https:\/\/www.todoalfalfa.com.ar\/noticias\/","logo":{"@type":"ImageObject","inLanguage":"es","@id":"https:\/\/www.todoalfalfa.com.ar\/noticias\/#\/schema\/logo\/image\/","url":"https:\/\/www.todoalfalfa.com.ar\/noticias\/wp-content\/uploads\/2020\/09\/logo-todo-alfalfa-modificado.png","contentUrl":"https:\/\/www.todoalfalfa.com.ar\/noticias\/wp-content\/uploads\/2020\/09\/logo-todo-alfalfa-modificado.png","width":350,"height":100,"caption":"Todo Alfalfa"},"image":{"@id":"https:\/\/www.todoalfalfa.com.ar\/noticias\/#\/schema\/logo\/image\/"},"sameAs":["https:\/\/www.facebook.com\/todoalfalfa","https:\/\/www.instagram.com\/todoalfalfa","https:\/\/www.youtube.com\/@TodoAlfalfa","https:\/\/www.linkedin.com\/company\/todoalfalfa\/"]},{"@type":"Person","@id":"https:\/\/www.todoalfalfa.com.ar\/noticias\/#\/schema\/person\/4ee4bca9b9fa50c4f0fbaf7017fbf2ad","name":"Todo Alfalfa","image":{"@type":"ImageObject","inLanguage":"es","@id":"https:\/\/www.todoalfalfa.com.ar\/noticias\/#\/schema\/person\/image\/","url":"https:\/\/secure.gravatar.com\/avatar\/4d26a600a1380823a26c3f9cb74ada1a8ee4b482c0c3a616ab022b865c46be8f?s=96&d=mm&r=g","contentUrl":"https:\/\/secure.gravatar.com\/avatar\/4d26a600a1380823a26c3f9cb74ada1a8ee4b482c0c3a616ab022b865c46be8f?s=96&d=mm&r=g","caption":"Todo Alfalfa"},"sameAs":["http:\/\/www.todoalfalfa.com.ar"],"url":"https:\/\/www.todoalfalfa.com.ar\/noticias\/author\/todoalfalfa\/"}]}},"jetpack_featured_media_url":"https:\/\/i0.wp.com\/www.todoalfalfa.com.ar\/noticias\/wp-content\/uploads\/2020\/08\/silvajosefina.jpg?fit=777%2C437&ssl=1","wps_subtitle":"En el marco de una jornada de Tranqueras Abiertas de Cambio Rural que organiz\u00f3 el INTA de manera virtual se mostr\u00f3 un tambo que est\u00e1 en el programa, que forma parte de la evoluci\u00f3n de una empresa familiar que siempre apost\u00f3 al cultivo de la alfalfa en su sistema de producci\u00f3n. Hoy el tambo base pastoril es el que mejores n\u00fameros tiene.","jetpack_sharing_enabled":true,"_links":{"self":[{"href":"https:\/\/www.todoalfalfa.com.ar\/noticias\/wp-json\/wp\/v2\/posts\/42478","targetHints":{"allow":["GET"]}}],"collection":[{"href":"https:\/\/www.todoalfalfa.com.ar\/noticias\/wp-json\/wp\/v2\/posts"}],"about":[{"href":"https:\/\/www.todoalfalfa.com.ar\/noticias\/wp-json\/wp\/v2\/types\/post"}],"author":[{"embeddable":true,"href":"https:\/\/www.todoalfalfa.com.ar\/noticias\/wp-json\/wp\/v2\/users\/3"}],"replies":[{"embeddable":true,"href":"https:\/\/www.todoalfalfa.com.ar\/noticias\/wp-json\/wp\/v2\/comments?post=42478"}],"version-history":[{"count":0,"href":"https:\/\/www.todoalfalfa.com.ar\/noticias\/wp-json\/wp\/v2\/posts\/42478\/revisions"}],"wp:featuredmedia":[{"embeddable":true,"href":"https:\/\/www.todoalfalfa.com.ar\/noticias\/wp-json\/wp\/v2\/media\/42479"}],"wp:attachment":[{"href":"https:\/\/www.todoalfalfa.com.ar\/noticias\/wp-json\/wp\/v2\/media?parent=42478"}],"wp:term":[{"taxonomy":"category","embeddable":true,"href":"https:\/\/www.todoalfalfa.com.ar\/noticias\/wp-json\/wp\/v2\/categories?post=42478"},{"taxonomy":"post_tag","embeddable":true,"href":"https:\/\/www.todoalfalfa.com.ar\/noticias\/wp-json\/wp\/v2\/tags?post=42478"}],"curies":[{"name":"wp","href":"https:\/\/api.w.org\/{rel}","templated":true}]}}