{"id":42621,"date":"2020-09-15T15:21:06","date_gmt":"2020-09-15T18:21:06","guid":{"rendered":"https:\/\/www.todoalfalfa.com.ar\/?p=42621"},"modified":"2020-09-15T15:21:07","modified_gmt":"2020-09-15T18:21:07","slug":"alfalfa-recompactada-con-destino-a-aruba","status":"publish","type":"post","link":"https:\/\/www.todoalfalfa.com.ar\/noticias\/alfalfa-recompactada-con-destino-a-aruba\/","title":{"rendered":"Alfalfa recompactada con destino a Aruba"},"content":{"rendered":"\n<p>El trabajo mancomunado, la asistencia t\u00e9cnica y acompa\u00f1amiento del programa de Grupos Exportadores de ProC\u00f3rdoba permitieron a Alfasud conseguir su primera exportaci\u00f3n el mi\u00e9rcoles 10 de septiembre, con destino a Aruba. El contacto se logr\u00f3 luego de preparar prospectos comerciales a distintos lugares del mundo identificados como estrat\u00e9gicos, incluyendo cotizaciones a clientes potenciales de Ucrania, Arabia, Emiratos \u00c1rabes, China, Uruguay y Per\u00fa.<\/p>\n\n\n\n<p>\u201cEs una prueba que pretende ser sistem\u00e1tica. La gente que nos compra es una empresa forrajera importante de la isla. Por ahora nos han comprado un contenedor, donde van unos 500 fardos recompactados, algo de ma\u00edz y un poquito de ma\u00edz partido tambi\u00e9n (1 tn aproximadamente). Con esto van a evaluar la calidad, de la cual tiene buenas referencias de los productos argentinos, e inmediatamente despu\u00e9s la idea es enviar un contenedor con girasol confiter\u00eda, que lo distribuyen principalmente como alimentos para aves, y nuevamente alfalfa si sale todo bien\u201d, coment\u00f3 Jorge Mansilla, coordinador del grupo de productores que integran Alfasud.<\/p>\n\n\n\n<p>A\u00f1adi\u00f3 adem\u00e1s que \u201cesto nos agarr\u00f3 un poco de sorpresa, porque est\u00e1bamos planificando con m\u00e1s detalles lo que refiere al proceso de exportaci\u00f3n para enviar nuestra alfalfa recompactada a China, donde hay una demanda principalmente para la alimentaci\u00f3n equina, particularmente el exigente nicho de los caballos de polo y de carreras. Venimos trabajando duro para ingresar a este mercado y estamos cerca de obtener las habilitaciones fitosanitarias correspondientes que nos permitir\u00e1n, en un futuro pr\u00f3ximo, exportar all\u00ed con regularidad.\u201d<\/p>\n\n\n\n<figure class=\"wp-block-image size-large\"><img data-recalc-dims=\"1\" fetchpriority=\"high\" decoding=\"async\" width=\"777\" height=\"437\" src=\"https:\/\/i0.wp.com\/www.todoalfalfa.com.ar\/wp-content\/uploads\/2020\/09\/alfasud-exportacion2.jpg?resize=777%2C437&#038;ssl=1\" alt=\"\" class=\"wp-image-42623\" srcset=\"https:\/\/i0.wp.com\/www.todoalfalfa.com.ar\/noticias\/wp-content\/uploads\/2020\/09\/alfasud-exportacion2.jpg?w=777&amp;ssl=1 777w, https:\/\/i0.wp.com\/www.todoalfalfa.com.ar\/noticias\/wp-content\/uploads\/2020\/09\/alfasud-exportacion2.jpg?resize=300%2C169&amp;ssl=1 300w, https:\/\/i0.wp.com\/www.todoalfalfa.com.ar\/noticias\/wp-content\/uploads\/2020\/09\/alfasud-exportacion2.jpg?resize=768%2C432&amp;ssl=1 768w, https:\/\/i0.wp.com\/www.todoalfalfa.com.ar\/noticias\/wp-content\/uploads\/2020\/09\/alfasud-exportacion2.jpg?resize=180%2C101&amp;ssl=1 180w, https:\/\/i0.wp.com\/www.todoalfalfa.com.ar\/noticias\/wp-content\/uploads\/2020\/09\/alfasud-exportacion2.jpg?resize=260%2C146&amp;ssl=1 260w, https:\/\/i0.wp.com\/www.todoalfalfa.com.ar\/noticias\/wp-content\/uploads\/2020\/09\/alfasud-exportacion2.jpg?resize=373%2C210&amp;ssl=1 373w, https:\/\/i0.wp.com\/www.todoalfalfa.com.ar\/noticias\/wp-content\/uploads\/2020\/09\/alfasud-exportacion2.jpg?resize=120%2C67&amp;ssl=1 120w\" sizes=\"(max-width: 777px) 100vw, 777px\" \/><\/figure>\n\n\n\n<p><strong>Sobre Alfasud<\/strong><br>El grupo de productores posee un diferencial en sus servicios de exportaci\u00f3n. Han logrado reducir a la mitad de su tama\u00f1o tradicional el fardo de alfalfa. De esta manera, se conserva el mismo peso (unos 23 kg.) pero se gana en volumen a la hora de pensar en la parte log\u00edstica.\u00a0<\/p>\n\n\n\n<p>Para ilustrarlo, basta destacar que en un contenedor de 40 pies entran cerca de 480 fardos tradicionales contra los m\u00e1s de 1.000 de los elaborados por Alfasud.<\/p>\n\n\n\n<p>Otra parte fundamental de esta innovaci\u00f3n es que busca proteger su calidad nutricional, con un especial envoltorio de tela que minimiza la p\u00e9rdida de hojas y lo protege de la humedad. Todas estas caracter\u00edsticas, generan un valor agregado de entre un 35% y un 40%.<\/p>\n\n\n\n<p>Al grupo lo integran productores agropecuarios de cuatro localidades de la provincia de C\u00f3rdoba (cuatro productores de Hernando, uno de R\u00edo Cuarto, uno de Dalmacio V\u00e9lez y uno de Capital) dedicados a la elaboraci\u00f3n y exportaci\u00f3n de alfalfa. Se cre\u00f3 en el marco del programa de Grupos Exportadores de la Agencia ProC\u00f3rdoba del Ministerio de Industria, Comercio y Miner\u00eda. Sus integrantes son Juan Carlos Meichtri, Jorge De Pol, Juan Cravero, V\u00edctor Seia, Federico Odetti, Jorge Vassallo y Jorge Mansilla.<\/p>\n<div class=\"todoalfalfa-final-de-la-nota\" id=\"todoalfalfa-1437349685\"><a href=\"https:\/\/www.whatsapp.com\/channel\/0029VbCBmFB9WtBxJsD3eC2i\" target=\"_blank\" aria-label=\"5\"><img src=\"https:\/\/i0.wp.com\/www.todoalfalfa.com.ar\/noticias\/wp-content\/uploads\/2026\/04\/5.gif?fit=728%2C90&#038;ssl=1\" alt=\"\"  width=\"728\" height=\"90\"   \/><\/a><\/div>","protected":false},"excerpt":{"rendered":"<p>El trabajo mancomunado, la asistencia t&eacute;cnica y acompa&ntilde;amiento del programa de Grupos Exportadores de ProC&oacute;rdoba permitieron a Alfasud conseguir su&#8230;<\/p>\n","protected":false},"author":3,"featured_media":42622,"comment_status":"closed","ping_status":"open","sticky":false,"template":"","format":"standard","meta":{"jetpack_post_was_ever_published":false,"_jetpack_newsletter_access":"","_jetpack_dont_email_post_to_subs":false,"_jetpack_newsletter_tier_id":0,"_jetpack_memberships_contains_paywalled_content":false,"_jetpack_memberships_contains_paid_content":false,"footnotes":""},"categories":[2],"tags":[31,454,910,135,909,908],"class_list":["post-42621","post","type-post","status-publish","format-standard","has-post-thumbnail","hentry","category-generales","tag-alfalfa","tag-alfasud","tag-aruba","tag-cordoba","tag-destino","tag-recompactada"],"yoast_head":"<!-- This site is optimized with the Yoast SEO plugin v25.5 - https:\/\/yoast.com\/wordpress\/plugins\/seo\/ -->\n<title>Alfalfa recompactada con destino a Aruba<\/title>\n<meta name=\"robots\" content=\"index, follow, max-snippet:-1, max-image-preview:large, max-video-preview:-1\" \/>\n<link rel=\"canonical\" href=\"https:\/\/www.todoalfalfa.com.ar\/noticias\/alfalfa-recompactada-con-destino-a-aruba\/\" \/>\n<meta property=\"og:locale\" content=\"es_ES\" \/>\n<meta property=\"og:type\" content=\"article\" \/>\n<meta property=\"og:title\" content=\"Alfalfa recompactada con destino a Aruba\" \/>\n<meta property=\"og:description\" content=\"El trabajo mancomunado, la asistencia t&eacute;cnica y acompa&ntilde;amiento del programa de Grupos Exportadores de ProC&oacute;rdoba permitieron a Alfasud conseguir su...\" \/>\n<meta property=\"og:url\" content=\"https:\/\/www.todoalfalfa.com.ar\/noticias\/alfalfa-recompactada-con-destino-a-aruba\/\" \/>\n<meta property=\"og:site_name\" content=\"Todo Alfalfa\" \/>\n<meta property=\"article:publisher\" content=\"https:\/\/www.facebook.com\/todoalfalfa\" \/>\n<meta property=\"article:published_time\" content=\"2020-09-15T18:21:06+00:00\" \/>\n<meta property=\"article:modified_time\" content=\"2020-09-15T18:21:07+00:00\" \/>\n<meta property=\"og:image\" content=\"https:\/\/www.todoalfalfa.com.ar\/noticias\/wp-content\/uploads\/2020\/09\/alfasud-exportacion1.jpg\" \/>\n\t<meta property=\"og:image:width\" content=\"777\" \/>\n\t<meta property=\"og:image:height\" content=\"437\" \/>\n\t<meta property=\"og:image:type\" content=\"image\/jpeg\" \/>\n<meta name=\"author\" content=\"Todo Alfalfa\" \/>\n<meta name=\"twitter:card\" content=\"summary_large_image\" \/>\n<meta name=\"twitter:label1\" content=\"Escrito por\" \/>\n\t<meta name=\"twitter:data1\" content=\"Todo Alfalfa\" \/>\n\t<meta name=\"twitter:label2\" content=\"Tiempo de lectura\" \/>\n\t<meta name=\"twitter:data2\" content=\"2 minutos\" \/>\n<script type=\"application\/ld+json\" class=\"yoast-schema-graph\">{\"@context\":\"https:\/\/schema.org\",\"@graph\":[{\"@type\":\"NewsArticle\",\"@id\":\"https:\/\/www.todoalfalfa.com.ar\/noticias\/alfalfa-recompactada-con-destino-a-aruba\/#article\",\"isPartOf\":{\"@id\":\"https:\/\/www.todoalfalfa.com.ar\/noticias\/alfalfa-recompactada-con-destino-a-aruba\/\"},\"author\":{\"name\":\"Todo Alfalfa\",\"@id\":\"https:\/\/www.todoalfalfa.com.ar\/noticias\/#\/schema\/person\/4ee4bca9b9fa50c4f0fbaf7017fbf2ad\"},\"headline\":\"Alfalfa recompactada con destino a Aruba\",\"datePublished\":\"2020-09-15T18:21:06+00:00\",\"dateModified\":\"2020-09-15T18:21:07+00:00\",\"mainEntityOfPage\":{\"@id\":\"https:\/\/www.todoalfalfa.com.ar\/noticias\/alfalfa-recompactada-con-destino-a-aruba\/\"},\"wordCount\":478,\"publisher\":{\"@id\":\"https:\/\/www.todoalfalfa.com.ar\/noticias\/#organization\"},\"image\":{\"@id\":\"https:\/\/www.todoalfalfa.com.ar\/noticias\/alfalfa-recompactada-con-destino-a-aruba\/#primaryimage\"},\"thumbnailUrl\":\"https:\/\/i0.wp.com\/www.todoalfalfa.com.ar\/noticias\/wp-content\/uploads\/2020\/09\/alfasud-exportacion1.jpg?fit=777%2C437&ssl=1\",\"keywords\":[\"alfalfa\",\"Alfasud\",\"Aruba\",\"C\u00f3rdoba\",\"destino\",\"recompactada\"],\"articleSection\":[\"Generales\"],\"inLanguage\":\"es\"},{\"@type\":[\"WebPage\",\"ItemPage\"],\"@id\":\"https:\/\/www.todoalfalfa.com.ar\/noticias\/alfalfa-recompactada-con-destino-a-aruba\/\",\"url\":\"https:\/\/www.todoalfalfa.com.ar\/noticias\/alfalfa-recompactada-con-destino-a-aruba\/\",\"name\":\"Alfalfa recompactada con destino a Aruba\",\"isPartOf\":{\"@id\":\"https:\/\/www.todoalfalfa.com.ar\/noticias\/#website\"},\"primaryImageOfPage\":{\"@id\":\"https:\/\/www.todoalfalfa.com.ar\/noticias\/alfalfa-recompactada-con-destino-a-aruba\/#primaryimage\"},\"image\":{\"@id\":\"https:\/\/www.todoalfalfa.com.ar\/noticias\/alfalfa-recompactada-con-destino-a-aruba\/#primaryimage\"},\"thumbnailUrl\":\"https:\/\/i0.wp.com\/www.todoalfalfa.com.ar\/noticias\/wp-content\/uploads\/2020\/09\/alfasud-exportacion1.jpg?fit=777%2C437&ssl=1\",\"datePublished\":\"2020-09-15T18:21:06+00:00\",\"dateModified\":\"2020-09-15T18:21:07+00:00\",\"breadcrumb\":{\"@id\":\"https:\/\/www.todoalfalfa.com.ar\/noticias\/alfalfa-recompactada-con-destino-a-aruba\/#breadcrumb\"},\"inLanguage\":\"es\",\"potentialAction\":[{\"@type\":\"ReadAction\",\"target\":[\"https:\/\/www.todoalfalfa.com.ar\/noticias\/alfalfa-recompactada-con-destino-a-aruba\/\"]}]},{\"@type\":\"ImageObject\",\"inLanguage\":\"es\",\"@id\":\"https:\/\/www.todoalfalfa.com.ar\/noticias\/alfalfa-recompactada-con-destino-a-aruba\/#primaryimage\",\"url\":\"https:\/\/i0.wp.com\/www.todoalfalfa.com.ar\/noticias\/wp-content\/uploads\/2020\/09\/alfasud-exportacion1.jpg?fit=777%2C437&ssl=1\",\"contentUrl\":\"https:\/\/i0.wp.com\/www.todoalfalfa.com.ar\/noticias\/wp-content\/uploads\/2020\/09\/alfasud-exportacion1.jpg?fit=777%2C437&ssl=1\",\"width\":777,\"height\":437},{\"@type\":\"BreadcrumbList\",\"@id\":\"https:\/\/www.todoalfalfa.com.ar\/noticias\/alfalfa-recompactada-con-destino-a-aruba\/#breadcrumb\",\"itemListElement\":[{\"@type\":\"ListItem\",\"position\":1,\"name\":\"Principal\",\"item\":\"https:\/\/www.todoalfalfa.com.ar\/noticias\/\"},{\"@type\":\"ListItem\",\"position\":2,\"name\":\"Alfalfa recompactada con destino a Aruba\"}]},{\"@type\":\"WebSite\",\"@id\":\"https:\/\/www.todoalfalfa.com.ar\/noticias\/#website\",\"url\":\"https:\/\/www.todoalfalfa.com.ar\/noticias\/\",\"name\":\"Todo Alfalfa\",\"description\":\"Web informativa de la cadena de la alfalfa argentina\",\"publisher\":{\"@id\":\"https:\/\/www.todoalfalfa.com.ar\/noticias\/#organization\"},\"potentialAction\":[{\"@type\":\"SearchAction\",\"target\":{\"@type\":\"EntryPoint\",\"urlTemplate\":\"https:\/\/www.todoalfalfa.com.ar\/noticias\/?s={search_term_string}\"},\"query-input\":{\"@type\":\"PropertyValueSpecification\",\"valueRequired\":true,\"valueName\":\"search_term_string\"}}],\"inLanguage\":\"es\"},{\"@type\":\"Organization\",\"@id\":\"https:\/\/www.todoalfalfa.com.ar\/noticias\/#organization\",\"name\":\"Todo Alfalfa\",\"url\":\"https:\/\/www.todoalfalfa.com.ar\/noticias\/\",\"logo\":{\"@type\":\"ImageObject\",\"inLanguage\":\"es\",\"@id\":\"https:\/\/www.todoalfalfa.com.ar\/noticias\/#\/schema\/logo\/image\/\",\"url\":\"https:\/\/www.todoalfalfa.com.ar\/noticias\/wp-content\/uploads\/2020\/09\/logo-todo-alfalfa-modificado.png\",\"contentUrl\":\"https:\/\/www.todoalfalfa.com.ar\/noticias\/wp-content\/uploads\/2020\/09\/logo-todo-alfalfa-modificado.png\",\"width\":350,\"height\":100,\"caption\":\"Todo Alfalfa\"},\"image\":{\"@id\":\"https:\/\/www.todoalfalfa.com.ar\/noticias\/#\/schema\/logo\/image\/\"},\"sameAs\":[\"https:\/\/www.facebook.com\/todoalfalfa\",\"https:\/\/www.instagram.com\/todoalfalfa\",\"https:\/\/www.youtube.com\/@TodoAlfalfa\",\"https:\/\/www.linkedin.com\/company\/todoalfalfa\/\"]},{\"@type\":\"Person\",\"@id\":\"https:\/\/www.todoalfalfa.com.ar\/noticias\/#\/schema\/person\/4ee4bca9b9fa50c4f0fbaf7017fbf2ad\",\"name\":\"Todo Alfalfa\",\"image\":{\"@type\":\"ImageObject\",\"inLanguage\":\"es\",\"@id\":\"https:\/\/www.todoalfalfa.com.ar\/noticias\/#\/schema\/person\/image\/\",\"url\":\"https:\/\/secure.gravatar.com\/avatar\/4d26a600a1380823a26c3f9cb74ada1a8ee4b482c0c3a616ab022b865c46be8f?s=96&d=mm&r=g\",\"contentUrl\":\"https:\/\/secure.gravatar.com\/avatar\/4d26a600a1380823a26c3f9cb74ada1a8ee4b482c0c3a616ab022b865c46be8f?s=96&d=mm&r=g\",\"caption\":\"Todo Alfalfa\"},\"sameAs\":[\"http:\/\/www.todoalfalfa.com.ar\"],\"url\":\"https:\/\/www.todoalfalfa.com.ar\/noticias\/author\/todoalfalfa\/\"}]}<\/script>\n<!-- \/ Yoast SEO plugin. -->","yoast_head_json":{"title":"Alfalfa recompactada con destino a Aruba","robots":{"index":"index","follow":"follow","max-snippet":"max-snippet:-1","max-image-preview":"max-image-preview:large","max-video-preview":"max-video-preview:-1"},"canonical":"https:\/\/www.todoalfalfa.com.ar\/noticias\/alfalfa-recompactada-con-destino-a-aruba\/","og_locale":"es_ES","og_type":"article","og_title":"Alfalfa recompactada con destino a Aruba","og_description":"El trabajo mancomunado, la asistencia t&eacute;cnica y acompa&ntilde;amiento del programa de Grupos Exportadores de ProC&oacute;rdoba permitieron a Alfasud conseguir su...","og_url":"https:\/\/www.todoalfalfa.com.ar\/noticias\/alfalfa-recompactada-con-destino-a-aruba\/","og_site_name":"Todo Alfalfa","article_publisher":"https:\/\/www.facebook.com\/todoalfalfa","article_published_time":"2020-09-15T18:21:06+00:00","article_modified_time":"2020-09-15T18:21:07+00:00","og_image":[{"width":777,"height":437,"url":"https:\/\/www.todoalfalfa.com.ar\/noticias\/wp-content\/uploads\/2020\/09\/alfasud-exportacion1.jpg","type":"image\/jpeg"}],"author":"Todo Alfalfa","twitter_card":"summary_large_image","twitter_misc":{"Escrito por":"Todo Alfalfa","Tiempo de lectura":"2 minutos"},"schema":{"@context":"https:\/\/schema.org","@graph":[{"@type":"NewsArticle","@id":"https:\/\/www.todoalfalfa.com.ar\/noticias\/alfalfa-recompactada-con-destino-a-aruba\/#article","isPartOf":{"@id":"https:\/\/www.todoalfalfa.com.ar\/noticias\/alfalfa-recompactada-con-destino-a-aruba\/"},"author":{"name":"Todo Alfalfa","@id":"https:\/\/www.todoalfalfa.com.ar\/noticias\/#\/schema\/person\/4ee4bca9b9fa50c4f0fbaf7017fbf2ad"},"headline":"Alfalfa recompactada con destino a Aruba","datePublished":"2020-09-15T18:21:06+00:00","dateModified":"2020-09-15T18:21:07+00:00","mainEntityOfPage":{"@id":"https:\/\/www.todoalfalfa.com.ar\/noticias\/alfalfa-recompactada-con-destino-a-aruba\/"},"wordCount":478,"publisher":{"@id":"https:\/\/www.todoalfalfa.com.ar\/noticias\/#organization"},"image":{"@id":"https:\/\/www.todoalfalfa.com.ar\/noticias\/alfalfa-recompactada-con-destino-a-aruba\/#primaryimage"},"thumbnailUrl":"https:\/\/i0.wp.com\/www.todoalfalfa.com.ar\/noticias\/wp-content\/uploads\/2020\/09\/alfasud-exportacion1.jpg?fit=777%2C437&ssl=1","keywords":["alfalfa","Alfasud","Aruba","C\u00f3rdoba","destino","recompactada"],"articleSection":["Generales"],"inLanguage":"es"},{"@type":["WebPage","ItemPage"],"@id":"https:\/\/www.todoalfalfa.com.ar\/noticias\/alfalfa-recompactada-con-destino-a-aruba\/","url":"https:\/\/www.todoalfalfa.com.ar\/noticias\/alfalfa-recompactada-con-destino-a-aruba\/","name":"Alfalfa recompactada con destino a Aruba","isPartOf":{"@id":"https:\/\/www.todoalfalfa.com.ar\/noticias\/#website"},"primaryImageOfPage":{"@id":"https:\/\/www.todoalfalfa.com.ar\/noticias\/alfalfa-recompactada-con-destino-a-aruba\/#primaryimage"},"image":{"@id":"https:\/\/www.todoalfalfa.com.ar\/noticias\/alfalfa-recompactada-con-destino-a-aruba\/#primaryimage"},"thumbnailUrl":"https:\/\/i0.wp.com\/www.todoalfalfa.com.ar\/noticias\/wp-content\/uploads\/2020\/09\/alfasud-exportacion1.jpg?fit=777%2C437&ssl=1","datePublished":"2020-09-15T18:21:06+00:00","dateModified":"2020-09-15T18:21:07+00:00","breadcrumb":{"@id":"https:\/\/www.todoalfalfa.com.ar\/noticias\/alfalfa-recompactada-con-destino-a-aruba\/#breadcrumb"},"inLanguage":"es","potentialAction":[{"@type":"ReadAction","target":["https:\/\/www.todoalfalfa.com.ar\/noticias\/alfalfa-recompactada-con-destino-a-aruba\/"]}]},{"@type":"ImageObject","inLanguage":"es","@id":"https:\/\/www.todoalfalfa.com.ar\/noticias\/alfalfa-recompactada-con-destino-a-aruba\/#primaryimage","url":"https:\/\/i0.wp.com\/www.todoalfalfa.com.ar\/noticias\/wp-content\/uploads\/2020\/09\/alfasud-exportacion1.jpg?fit=777%2C437&ssl=1","contentUrl":"https:\/\/i0.wp.com\/www.todoalfalfa.com.ar\/noticias\/wp-content\/uploads\/2020\/09\/alfasud-exportacion1.jpg?fit=777%2C437&ssl=1","width":777,"height":437},{"@type":"BreadcrumbList","@id":"https:\/\/www.todoalfalfa.com.ar\/noticias\/alfalfa-recompactada-con-destino-a-aruba\/#breadcrumb","itemListElement":[{"@type":"ListItem","position":1,"name":"Principal","item":"https:\/\/www.todoalfalfa.com.ar\/noticias\/"},{"@type":"ListItem","position":2,"name":"Alfalfa recompactada con destino a Aruba"}]},{"@type":"WebSite","@id":"https:\/\/www.todoalfalfa.com.ar\/noticias\/#website","url":"https:\/\/www.todoalfalfa.com.ar\/noticias\/","name":"Todo Alfalfa","description":"Web informativa de la cadena de la alfalfa argentina","publisher":{"@id":"https:\/\/www.todoalfalfa.com.ar\/noticias\/#organization"},"potentialAction":[{"@type":"SearchAction","target":{"@type":"EntryPoint","urlTemplate":"https:\/\/www.todoalfalfa.com.ar\/noticias\/?s={search_term_string}"},"query-input":{"@type":"PropertyValueSpecification","valueRequired":true,"valueName":"search_term_string"}}],"inLanguage":"es"},{"@type":"Organization","@id":"https:\/\/www.todoalfalfa.com.ar\/noticias\/#organization","name":"Todo Alfalfa","url":"https:\/\/www.todoalfalfa.com.ar\/noticias\/","logo":{"@type":"ImageObject","inLanguage":"es","@id":"https:\/\/www.todoalfalfa.com.ar\/noticias\/#\/schema\/logo\/image\/","url":"https:\/\/www.todoalfalfa.com.ar\/noticias\/wp-content\/uploads\/2020\/09\/logo-todo-alfalfa-modificado.png","contentUrl":"https:\/\/www.todoalfalfa.com.ar\/noticias\/wp-content\/uploads\/2020\/09\/logo-todo-alfalfa-modificado.png","width":350,"height":100,"caption":"Todo Alfalfa"},"image":{"@id":"https:\/\/www.todoalfalfa.com.ar\/noticias\/#\/schema\/logo\/image\/"},"sameAs":["https:\/\/www.facebook.com\/todoalfalfa","https:\/\/www.instagram.com\/todoalfalfa","https:\/\/www.youtube.com\/@TodoAlfalfa","https:\/\/www.linkedin.com\/company\/todoalfalfa\/"]},{"@type":"Person","@id":"https:\/\/www.todoalfalfa.com.ar\/noticias\/#\/schema\/person\/4ee4bca9b9fa50c4f0fbaf7017fbf2ad","name":"Todo Alfalfa","image":{"@type":"ImageObject","inLanguage":"es","@id":"https:\/\/www.todoalfalfa.com.ar\/noticias\/#\/schema\/person\/image\/","url":"https:\/\/secure.gravatar.com\/avatar\/4d26a600a1380823a26c3f9cb74ada1a8ee4b482c0c3a616ab022b865c46be8f?s=96&d=mm&r=g","contentUrl":"https:\/\/secure.gravatar.com\/avatar\/4d26a600a1380823a26c3f9cb74ada1a8ee4b482c0c3a616ab022b865c46be8f?s=96&d=mm&r=g","caption":"Todo Alfalfa"},"sameAs":["http:\/\/www.todoalfalfa.com.ar"],"url":"https:\/\/www.todoalfalfa.com.ar\/noticias\/author\/todoalfalfa\/"}]}},"jetpack_featured_media_url":"https:\/\/i0.wp.com\/www.todoalfalfa.com.ar\/noticias\/wp-content\/uploads\/2020\/09\/alfasud-exportacion1.jpg?fit=777%2C437&ssl=1","wps_subtitle":"El grupo Alfasud concret\u00f3 su primera exportaci\u00f3n de alfalfa hacia Aruba. Son unos 500 fardos recompactados con destino a una importante forrajera-distribuidora en la isla caribe\u00f1a. Ahora, el gran objetivo est\u00e1 puesto en llegar con la producci\u00f3n a China.","jetpack_sharing_enabled":true,"_links":{"self":[{"href":"https:\/\/www.todoalfalfa.com.ar\/noticias\/wp-json\/wp\/v2\/posts\/42621","targetHints":{"allow":["GET"]}}],"collection":[{"href":"https:\/\/www.todoalfalfa.com.ar\/noticias\/wp-json\/wp\/v2\/posts"}],"about":[{"href":"https:\/\/www.todoalfalfa.com.ar\/noticias\/wp-json\/wp\/v2\/types\/post"}],"author":[{"embeddable":true,"href":"https:\/\/www.todoalfalfa.com.ar\/noticias\/wp-json\/wp\/v2\/users\/3"}],"replies":[{"embeddable":true,"href":"https:\/\/www.todoalfalfa.com.ar\/noticias\/wp-json\/wp\/v2\/comments?post=42621"}],"version-history":[{"count":0,"href":"https:\/\/www.todoalfalfa.com.ar\/noticias\/wp-json\/wp\/v2\/posts\/42621\/revisions"}],"wp:featuredmedia":[{"embeddable":true,"href":"https:\/\/www.todoalfalfa.com.ar\/noticias\/wp-json\/wp\/v2\/media\/42622"}],"wp:attachment":[{"href":"https:\/\/www.todoalfalfa.com.ar\/noticias\/wp-json\/wp\/v2\/media?parent=42621"}],"wp:term":[{"taxonomy":"category","embeddable":true,"href":"https:\/\/www.todoalfalfa.com.ar\/noticias\/wp-json\/wp\/v2\/categories?post=42621"},{"taxonomy":"post_tag","embeddable":true,"href":"https:\/\/www.todoalfalfa.com.ar\/noticias\/wp-json\/wp\/v2\/tags?post=42621"}],"curies":[{"name":"wp","href":"https:\/\/api.w.org\/{rel}","templated":true}]}}