{"id":42667,"date":"2020-09-22T16:16:12","date_gmt":"2020-09-22T19:16:12","guid":{"rendered":"https:\/\/www.todoalfalfa.com.ar\/?p=42667"},"modified":"2020-09-22T16:37:07","modified_gmt":"2020-09-22T19:37:07","slug":"las-pasturas-aportan-poco-en-la-franja-central-de-santa-fe","status":"publish","type":"post","link":"https:\/\/www.todoalfalfa.com.ar\/noticias\/las-pasturas-aportan-poco-en-la-franja-central-de-santa-fe\/","title":{"rendered":"Las pasturas aportan poco en la franja central de Santa Fe"},"content":{"rendered":"\n<p>Las pasturas naturales e implantadas se encontraban en estado regular a malo en toda la regi\u00f3n, por lo que la oferta forrajera fue muy baja. La producci\u00f3n de leche se mantuvo en valores normales o levemente superiores al mismo mes del a\u00f1o anterior<\/p>\n\n\n\n<p>Es parte del informe mensual del INTA Rafaela que destaca que la producci\u00f3n se ha sostenido, debido a un importante consumo del stock de reservas.&nbsp;<\/p>\n\n\n\n<p>El reporte indica adem\u00e1s que las precipitaciones en el mes de agosto fueron escasas y nulas, resultando inferiores a la media hist\u00f3rica en todos los pluvi\u00f3metros relevados del centro de la provincia de Santa Fe. (Referencia: Rafaela, media mes de agosto, serie hist\u00f3rica a\u00f1o 1908-2019, 25 mil\u00edmetros).<\/p>\n\n\n\n<p>Las localidades donde se registraron los mayores acumulados fueron Clucellas y Pilar con 18 y 10 mil\u00edmetros respectivamente.<\/p>\n\n\n\n<p>Seg\u00fan los registros de la EEA Rafaela, la presente campa\u00f1a oto\u00f1o-invierno (abril-agosto) es la m\u00e1s seca de los \u00faltimos 20 a\u00f1os y la 8\u00ba m\u00e1s seca de toda la serie hist\u00f3rica 1930-2020.<\/p>\n\n\n\n<p>La agencia de extensi\u00f3n Carlos Pellegrini report\u00f3 que el cuatrimestre mayo-agosto fue el m\u00e1s seco de su serie hist\u00f3rica de 82 a\u00f1os, solo 5 mm en cuatro meses.<\/p>\n\n\n\n<p>Por su parte los rodeos de cr\u00eda e invernada se encuentran en buen estado en los departamentos Las Colonias y San Jer\u00f3nimo, en el resto de la regi\u00f3n presentaban producciones inferiores con respecto del mismo mes del a\u00f1o anterior. Tambi\u00e9n se ha estado recurriendo a las reservas de forrajes para su alimentaci\u00f3n. En general, el consumo de las reservas forrajeras fue superior a lo esperado.<\/p>\n\n\n\n<p><strong>Departamento CASTELLANOS<\/strong><\/p>\n\n\n\n<p>\u00b7Ganader\u00eda<\/p>\n\n\n\n<p>-Pasturas base alfalfa: En general las praderas se encontraban en estado regular, los niveles de oferta eran muy bajos, por la falta de humedad y las bajas temperaturas. Se observaron lotes muy pastoreados.<\/p>\n\n\n\n<p>-Pastizales naturales: La producci\u00f3n continuaba muy baja por falta de lluvias y bajas temperaturas.&nbsp;<\/p>\n\n\n\n<p>-Verdeos de invierno: Los verdeos sembrados m\u00e1s temprano se encontraban en segundo o tercer pastoreo. Los que se sembraron m\u00e1s tarde fueron aprovechados, pero su recuperaci\u00f3n es muy lenta.<\/p>\n\n\n\n<p>-Producci\u00f3n de leche: Se encontraba dentro de valores normales, relativamente por encima con respecto a misma \u00e9poca del a\u00f1o anterior, aproximadamente un 10% (7% dato nacional). Esa mayor producci\u00f3n, en general, se dio a base de un mayor consumo de reservas y, si bien&nbsp; los productores ten\u00edan un muy buen stock (silajes, rollos y grano), esa mayor utilizaci\u00f3n durante estos meses de invierno determin\u00f3 que en varios casos las reservas se terminen anticipadamente (incluso&nbsp; en algunos casos est\u00e1n comprando rollos y\/o algod\u00f3n) debido a la baja producci\u00f3n de las pasturas.<\/p>\n\n\n\n<p>-Cr\u00eda: El estado de los animales era entre regular y bueno, los pastizales han disminuido mucho su producci\u00f3n debido a la falta de humedad y las sucesivas heladas. En los rodeos estacionados ya han comenzado los partos.<\/p>\n\n\n\n<p>-Invernada: la situaci\u00f3n fue normal, el estado de los animales era bueno en general y se observ\u00f3, al igual que en tambo, mayor utilizaci\u00f3n de reservas en comparaci\u00f3n con a\u00f1os anteriores, debido a la menor oferta de las pasturas.<\/p>\n\n\n\n<p><strong>Departamento LAS COLONIAS<\/strong><\/p>\n\n\n\n<p>Ganader\u00eda<\/p>\n\n\n\n<p>Pasturas y verdeos de invierno: Se redujo la oferta forrajera de las pasturas consociadas y de los verdeos como avena y raigr\u00e1s. Las pasturas base alfalfa se encontraban en buen estado.<br>En general, aquellos establecimientos que contaban con buenos niveles de reservas (silo y rollo), pudieron sustentar el d\u00e9ficit forrajero.<\/p>\n\n\n\n<p>Producci\u00f3n de leche: Buen nivel productivo y reproductivo.<\/p>\n\n\n\n<p>Cr\u00eda: Buen estado general.<\/p>\n\n\n\n<p>Invernada: El estado de la hacienda fue muy bueno.<\/p>\n\n\n\n<p><strong>Departamento SAN MARTIN<\/strong><\/p>\n\n\n\n<p>Ganader\u00eda<br>Pasturas base alfalfa: El estado y nivel productivo de la mayor\u00eda de las praderas fue malo. Baj\u00f3 sensiblemente la oferta forrajera en las pasturas de m\u00e1s de un a\u00f1o, como consecuencia de la ausencia de precipitaciones del trimestre junio, julio y agosto, lo que sumado a las heladas han determinado una fuerte restricci\u00f3n en la oferta de pasto. Lo mismo ocurri\u00f3 con las alfalfas implantadas este a\u00f1o, presentaron un lento desarrollo, motivado por la escasez de lluvias, las bajas temperaturas y las heladas.<\/p>\n\n\n\n<p>Pastizales naturales: Mal estado. Fuerte disminuci\u00f3n de la oferta forrajera por escasez de precipitaciones y bajas temperaturas.<\/p>\n\n\n\n<p>Verdeos de invierno: El estado general y nivel productivo era malo. A causa de las heladas y la falta de lluvia se redujo sensiblemente la oferta de pasto de los verdeos.<\/p>\n\n\n\n<p>Cultivos para confecci\u00f3n de reservas: Continuaban en estado regular los lotes con raigrass y algunos trigos destinados a silaje debido al estr\u00e9s h\u00eddrico.<\/p>\n\n\n\n<p>Producci\u00f3n de leche: La producci\u00f3n fue levemente superior en relaci\u00f3n al mismo mes del a\u00f1o anterior. Los forrajes conservados y reservas de granos disponibles son el sustento para que la producci\u00f3n lechera se mantenga estable, ya que la oferta de pasturas y verdeos sigue siendo bajas por la escasez de precipitaciones.<br>El precio al productor se estanc\u00f3 en alrededor de 18 a 19 $\/lt.<\/p>\n\n\n\n<p>Cr\u00eda: La producci\u00f3n mensual en relaci\u00f3n al mismo mes del a\u00f1o anterior fue menor. En los planteos de cr\u00eda se adelantaron los destetes por falta de alimento y para reserva del invierno.<\/p>\n\n\n\n<p>-Invernada: La producci\u00f3n mensual en relaci\u00f3n al mismo mes del a\u00f1o anterior fue menor. La oferta de pasturas y verdeos disminuy\u00f3 con respecto a otros a\u00f1os, como consecuencia de la sequ\u00eda y las heladas.<\/p>\n\n\n\n<p><strong>Departamento SAN JER\u00d3NIMO<\/strong><\/p>\n\n\n\n<p>Ganader\u00eda<br>Pasturas base alfalfa: En general, las pasturas mayores a un a\u00f1o se encontraban en estado regular.<br>El desarrollo de las pasturas nuevas fue escaso, en comparaci\u00f3n a periodos similares de a\u00f1os anteriores, como consecuencia de la falta de precipitaciones y las temperaturas bajas.<\/p>\n\n\n\n<p>Pastizales naturales: Sin informaci\u00f3n.<\/p>\n\n\n\n<p>Verdeos de invierno: Los verdeos de invierno han tenido pobres producciones en comparaci\u00f3n con a\u00f1os anteriores.<\/p>\n\n\n\n<p>Producci\u00f3n de leche: Las producciones de leche se mantuvieron estables y buenas en aquellos establecimientos que todav\u00eda disponen de granos, silos y balanceados. Se est\u00e1n consumiendo todas las reservas.<\/p>\n\n\n\n<p>Cr\u00eda: Pariciones normales. Terneros en buen estado sanitario en general.<\/p>\n\n\n\n<p>Invernada: La invernada fue normal a buena.<\/p>\n\n\n\n<p><strong>Departamento SAN CRISTOBAL<\/strong><\/p>\n\n\n\n<p>Sector Este: Sin informaci\u00f3n<\/p>\n\n\n\n<p>Sector Oeste<br>Ganader\u00eda<\/p>\n\n\n\n<p>Pasturas base alfalfa: Continuaban en estado regular las praderas mayores a un a\u00f1o y los lotes de alfalfas nuevos, debido a las bajas temperaturas y las escasas precipitaciones del mes. Se observaron ataque de pulgones.<\/p>\n\n\n\n<p>Pastizales naturales: Baja producci\u00f3n. Estado regular.<\/p>\n\n\n\n<p>Verdeos de invierno: Muy baja productividad. Estado regular.<\/p>\n\n\n\n<p>Producci\u00f3n de leche: Debido a la baja producci\u00f3n de las pasturas se estaban realizando encierres estrat\u00e9gicos y mayor suplementaci\u00f3n de lo que se esperaba.<\/p>\n\n\n\n<p>Cr\u00eda: Muy baja producci\u00f3n mensual. A partir de mediados de julio comenzaron las pariciones y se estaba suplementando con algod\u00f3n y forrajes voluminosos.<\/p>\n\n\n\n<p>Invernada: Baja producci\u00f3n. Debido a la baja producci\u00f3n de las pasturas se estaban realizando encierres estrat\u00e9gicos. La suplementaci\u00f3n era mayor a la esperada por la poca producci\u00f3n de las mismas.<\/p>\n\n\n\n<p><strong>Departamento SAN JUSTO<\/strong><\/p>\n\n\n\n<p>Ganader\u00eda<\/p>\n\n\n\n<p>Pasturas base alfalfa: El estado general y nivel de producci\u00f3n de las alfalfas mayores a 1 a\u00f1o era bueno, mientras que las praderas nuevas estaban regulares.<\/p>\n\n\n\n<p>Pastizales naturales: Estado y nivel productivo regular.<\/p>\n\n\n\n<p>Verdeos de invierno: Estado y nivel productivo regular.<\/p>\n\n\n\n<p>Producci\u00f3n de leche: Igual en relaci\u00f3n mismo mes del a\u00f1o anterior.<\/p>\n\n\n\n<p>Cr\u00eda: Igual en relaci\u00f3n mismo mes del a\u00f1o anterior.<\/p>\n\n\n\n<p>Invernada: Igual en relaci\u00f3n mismo mes del a\u00f1o anterior.<\/p>\n<div class=\"todoalfalfa-final-de-la-nota\" id=\"todoalfalfa-3607664930\"><a href=\"https:\/\/www.whatsapp.com\/channel\/0029VbCBmFB9WtBxJsD3eC2i\" target=\"_blank\" aria-label=\"5\"><img src=\"https:\/\/i0.wp.com\/www.todoalfalfa.com.ar\/noticias\/wp-content\/uploads\/2026\/04\/5.gif?fit=728%2C90&#038;ssl=1\" alt=\"\"  width=\"728\" height=\"90\"   \/><\/a><\/div>","protected":false},"excerpt":{"rendered":"<p>Las pasturas naturales e implantadas se encontraban en estado regular a malo en toda la regi&oacute;n, por lo que la&#8230;<\/p>\n","protected":false},"author":3,"featured_media":304,"comment_status":"closed","ping_status":"open","sticky":false,"template":"","format":"standard","meta":{"jetpack_post_was_ever_published":false,"_jetpack_newsletter_access":"","_jetpack_dont_email_post_to_subs":false,"_jetpack_newsletter_tier_id":0,"_jetpack_memberships_contains_paywalled_content":false,"_jetpack_memberships_contains_paid_content":false,"footnotes":""},"categories":[2],"tags":[579,916,915,17,917,87],"class_list":["post-42667","post","type-post","status-publish","format-standard","has-post-thumbnail","hentry","category-generales","tag-aporte","tag-central","tag-franja","tag-pasturas","tag-poco","tag-santa-fe"],"yoast_head":"<!-- This site is optimized with the Yoast SEO plugin v25.5 - https:\/\/yoast.com\/wordpress\/plugins\/seo\/ -->\n<title>Las pasturas aportan poco en la franja central de Santa Fe<\/title>\n<meta name=\"robots\" content=\"index, follow, max-snippet:-1, max-image-preview:large, max-video-preview:-1\" \/>\n<link rel=\"canonical\" href=\"https:\/\/www.todoalfalfa.com.ar\/noticias\/las-pasturas-aportan-poco-en-la-franja-central-de-santa-fe\/\" \/>\n<meta property=\"og:locale\" content=\"es_ES\" \/>\n<meta property=\"og:type\" content=\"article\" \/>\n<meta property=\"og:title\" content=\"Las pasturas aportan poco en la franja central de Santa Fe\" \/>\n<meta property=\"og:description\" content=\"Las pasturas naturales e implantadas se encontraban en estado regular a malo en toda la regi&oacute;n, por lo que la...\" \/>\n<meta property=\"og:url\" content=\"https:\/\/www.todoalfalfa.com.ar\/noticias\/las-pasturas-aportan-poco-en-la-franja-central-de-santa-fe\/\" \/>\n<meta property=\"og:site_name\" content=\"Todo Alfalfa\" \/>\n<meta property=\"article:publisher\" content=\"https:\/\/www.facebook.com\/todoalfalfa\" \/>\n<meta property=\"article:published_time\" content=\"2020-09-22T19:16:12+00:00\" \/>\n<meta property=\"article:modified_time\" content=\"2020-09-22T19:37:07+00:00\" \/>\n<meta property=\"og:image\" content=\"https:\/\/www.todoalfalfa.com.ar\/noticias\/wp-content\/uploads\/2017\/03\/vacas_pastando_pasturas.jpg\" \/>\n\t<meta property=\"og:image:width\" content=\"700\" \/>\n\t<meta property=\"og:image:height\" content=\"394\" \/>\n\t<meta property=\"og:image:type\" content=\"image\/jpeg\" \/>\n<meta name=\"author\" content=\"Todo Alfalfa\" \/>\n<meta name=\"twitter:card\" content=\"summary_large_image\" \/>\n<meta name=\"twitter:label1\" content=\"Escrito por\" \/>\n\t<meta name=\"twitter:data1\" content=\"Todo Alfalfa\" \/>\n\t<meta name=\"twitter:label2\" content=\"Tiempo de lectura\" \/>\n\t<meta name=\"twitter:data2\" content=\"6 minutos\" \/>\n<script type=\"application\/ld+json\" class=\"yoast-schema-graph\">{\"@context\":\"https:\/\/schema.org\",\"@graph\":[{\"@type\":\"NewsArticle\",\"@id\":\"https:\/\/www.todoalfalfa.com.ar\/noticias\/las-pasturas-aportan-poco-en-la-franja-central-de-santa-fe\/#article\",\"isPartOf\":{\"@id\":\"https:\/\/www.todoalfalfa.com.ar\/noticias\/las-pasturas-aportan-poco-en-la-franja-central-de-santa-fe\/\"},\"author\":{\"name\":\"Todo Alfalfa\",\"@id\":\"https:\/\/www.todoalfalfa.com.ar\/noticias\/#\/schema\/person\/4ee4bca9b9fa50c4f0fbaf7017fbf2ad\"},\"headline\":\"Las pasturas aportan poco en la franja central de Santa Fe\",\"datePublished\":\"2020-09-22T19:16:12+00:00\",\"dateModified\":\"2020-09-22T19:37:07+00:00\",\"mainEntityOfPage\":{\"@id\":\"https:\/\/www.todoalfalfa.com.ar\/noticias\/las-pasturas-aportan-poco-en-la-franja-central-de-santa-fe\/\"},\"wordCount\":1306,\"publisher\":{\"@id\":\"https:\/\/www.todoalfalfa.com.ar\/noticias\/#organization\"},\"image\":{\"@id\":\"https:\/\/www.todoalfalfa.com.ar\/noticias\/las-pasturas-aportan-poco-en-la-franja-central-de-santa-fe\/#primaryimage\"},\"thumbnailUrl\":\"https:\/\/i0.wp.com\/www.todoalfalfa.com.ar\/noticias\/wp-content\/uploads\/2017\/03\/vacas_pastando_pasturas.jpg?fit=700%2C394&ssl=1\",\"keywords\":[\"aporte\",\"central\",\"franja\",\"pasturas\",\"poco\",\"Santa Fe\"],\"articleSection\":[\"Generales\"],\"inLanguage\":\"es\"},{\"@type\":[\"WebPage\",\"ItemPage\"],\"@id\":\"https:\/\/www.todoalfalfa.com.ar\/noticias\/las-pasturas-aportan-poco-en-la-franja-central-de-santa-fe\/\",\"url\":\"https:\/\/www.todoalfalfa.com.ar\/noticias\/las-pasturas-aportan-poco-en-la-franja-central-de-santa-fe\/\",\"name\":\"Las pasturas aportan poco en la franja central de Santa Fe\",\"isPartOf\":{\"@id\":\"https:\/\/www.todoalfalfa.com.ar\/noticias\/#website\"},\"primaryImageOfPage\":{\"@id\":\"https:\/\/www.todoalfalfa.com.ar\/noticias\/las-pasturas-aportan-poco-en-la-franja-central-de-santa-fe\/#primaryimage\"},\"image\":{\"@id\":\"https:\/\/www.todoalfalfa.com.ar\/noticias\/las-pasturas-aportan-poco-en-la-franja-central-de-santa-fe\/#primaryimage\"},\"thumbnailUrl\":\"https:\/\/i0.wp.com\/www.todoalfalfa.com.ar\/noticias\/wp-content\/uploads\/2017\/03\/vacas_pastando_pasturas.jpg?fit=700%2C394&ssl=1\",\"datePublished\":\"2020-09-22T19:16:12+00:00\",\"dateModified\":\"2020-09-22T19:37:07+00:00\",\"breadcrumb\":{\"@id\":\"https:\/\/www.todoalfalfa.com.ar\/noticias\/las-pasturas-aportan-poco-en-la-franja-central-de-santa-fe\/#breadcrumb\"},\"inLanguage\":\"es\",\"potentialAction\":[{\"@type\":\"ReadAction\",\"target\":[\"https:\/\/www.todoalfalfa.com.ar\/noticias\/las-pasturas-aportan-poco-en-la-franja-central-de-santa-fe\/\"]}]},{\"@type\":\"ImageObject\",\"inLanguage\":\"es\",\"@id\":\"https:\/\/www.todoalfalfa.com.ar\/noticias\/las-pasturas-aportan-poco-en-la-franja-central-de-santa-fe\/#primaryimage\",\"url\":\"https:\/\/i0.wp.com\/www.todoalfalfa.com.ar\/noticias\/wp-content\/uploads\/2017\/03\/vacas_pastando_pasturas.jpg?fit=700%2C394&ssl=1\",\"contentUrl\":\"https:\/\/i0.wp.com\/www.todoalfalfa.com.ar\/noticias\/wp-content\/uploads\/2017\/03\/vacas_pastando_pasturas.jpg?fit=700%2C394&ssl=1\",\"width\":700,\"height\":394,\"caption\":\"El crecimiento del mercado de forrajeras, reafirman el buen momento del sector\"},{\"@type\":\"BreadcrumbList\",\"@id\":\"https:\/\/www.todoalfalfa.com.ar\/noticias\/las-pasturas-aportan-poco-en-la-franja-central-de-santa-fe\/#breadcrumb\",\"itemListElement\":[{\"@type\":\"ListItem\",\"position\":1,\"name\":\"Principal\",\"item\":\"https:\/\/www.todoalfalfa.com.ar\/noticias\/\"},{\"@type\":\"ListItem\",\"position\":2,\"name\":\"Las pasturas aportan poco en la franja central de Santa Fe\"}]},{\"@type\":\"WebSite\",\"@id\":\"https:\/\/www.todoalfalfa.com.ar\/noticias\/#website\",\"url\":\"https:\/\/www.todoalfalfa.com.ar\/noticias\/\",\"name\":\"Todo Alfalfa\",\"description\":\"Web informativa de la cadena de la alfalfa argentina\",\"publisher\":{\"@id\":\"https:\/\/www.todoalfalfa.com.ar\/noticias\/#organization\"},\"potentialAction\":[{\"@type\":\"SearchAction\",\"target\":{\"@type\":\"EntryPoint\",\"urlTemplate\":\"https:\/\/www.todoalfalfa.com.ar\/noticias\/?s={search_term_string}\"},\"query-input\":{\"@type\":\"PropertyValueSpecification\",\"valueRequired\":true,\"valueName\":\"search_term_string\"}}],\"inLanguage\":\"es\"},{\"@type\":\"Organization\",\"@id\":\"https:\/\/www.todoalfalfa.com.ar\/noticias\/#organization\",\"name\":\"Todo Alfalfa\",\"url\":\"https:\/\/www.todoalfalfa.com.ar\/noticias\/\",\"logo\":{\"@type\":\"ImageObject\",\"inLanguage\":\"es\",\"@id\":\"https:\/\/www.todoalfalfa.com.ar\/noticias\/#\/schema\/logo\/image\/\",\"url\":\"https:\/\/www.todoalfalfa.com.ar\/noticias\/wp-content\/uploads\/2020\/09\/logo-todo-alfalfa-modificado.png\",\"contentUrl\":\"https:\/\/www.todoalfalfa.com.ar\/noticias\/wp-content\/uploads\/2020\/09\/logo-todo-alfalfa-modificado.png\",\"width\":350,\"height\":100,\"caption\":\"Todo Alfalfa\"},\"image\":{\"@id\":\"https:\/\/www.todoalfalfa.com.ar\/noticias\/#\/schema\/logo\/image\/\"},\"sameAs\":[\"https:\/\/www.facebook.com\/todoalfalfa\",\"https:\/\/www.instagram.com\/todoalfalfa\",\"https:\/\/www.youtube.com\/@TodoAlfalfa\",\"https:\/\/www.linkedin.com\/company\/todoalfalfa\/\"]},{\"@type\":\"Person\",\"@id\":\"https:\/\/www.todoalfalfa.com.ar\/noticias\/#\/schema\/person\/4ee4bca9b9fa50c4f0fbaf7017fbf2ad\",\"name\":\"Todo Alfalfa\",\"image\":{\"@type\":\"ImageObject\",\"inLanguage\":\"es\",\"@id\":\"https:\/\/www.todoalfalfa.com.ar\/noticias\/#\/schema\/person\/image\/\",\"url\":\"https:\/\/secure.gravatar.com\/avatar\/4d26a600a1380823a26c3f9cb74ada1a8ee4b482c0c3a616ab022b865c46be8f?s=96&d=mm&r=g\",\"contentUrl\":\"https:\/\/secure.gravatar.com\/avatar\/4d26a600a1380823a26c3f9cb74ada1a8ee4b482c0c3a616ab022b865c46be8f?s=96&d=mm&r=g\",\"caption\":\"Todo Alfalfa\"},\"sameAs\":[\"http:\/\/www.todoalfalfa.com.ar\"],\"url\":\"https:\/\/www.todoalfalfa.com.ar\/noticias\/author\/todoalfalfa\/\"}]}<\/script>\n<!-- \/ Yoast SEO plugin. -->","yoast_head_json":{"title":"Las pasturas aportan poco en la franja central de Santa Fe","robots":{"index":"index","follow":"follow","max-snippet":"max-snippet:-1","max-image-preview":"max-image-preview:large","max-video-preview":"max-video-preview:-1"},"canonical":"https:\/\/www.todoalfalfa.com.ar\/noticias\/las-pasturas-aportan-poco-en-la-franja-central-de-santa-fe\/","og_locale":"es_ES","og_type":"article","og_title":"Las pasturas aportan poco en la franja central de Santa Fe","og_description":"Las pasturas naturales e implantadas se encontraban en estado regular a malo en toda la regi&oacute;n, por lo que la...","og_url":"https:\/\/www.todoalfalfa.com.ar\/noticias\/las-pasturas-aportan-poco-en-la-franja-central-de-santa-fe\/","og_site_name":"Todo Alfalfa","article_publisher":"https:\/\/www.facebook.com\/todoalfalfa","article_published_time":"2020-09-22T19:16:12+00:00","article_modified_time":"2020-09-22T19:37:07+00:00","og_image":[{"width":700,"height":394,"url":"https:\/\/www.todoalfalfa.com.ar\/noticias\/wp-content\/uploads\/2017\/03\/vacas_pastando_pasturas.jpg","type":"image\/jpeg"}],"author":"Todo Alfalfa","twitter_card":"summary_large_image","twitter_misc":{"Escrito por":"Todo Alfalfa","Tiempo de lectura":"6 minutos"},"schema":{"@context":"https:\/\/schema.org","@graph":[{"@type":"NewsArticle","@id":"https:\/\/www.todoalfalfa.com.ar\/noticias\/las-pasturas-aportan-poco-en-la-franja-central-de-santa-fe\/#article","isPartOf":{"@id":"https:\/\/www.todoalfalfa.com.ar\/noticias\/las-pasturas-aportan-poco-en-la-franja-central-de-santa-fe\/"},"author":{"name":"Todo Alfalfa","@id":"https:\/\/www.todoalfalfa.com.ar\/noticias\/#\/schema\/person\/4ee4bca9b9fa50c4f0fbaf7017fbf2ad"},"headline":"Las pasturas aportan poco en la franja central de Santa Fe","datePublished":"2020-09-22T19:16:12+00:00","dateModified":"2020-09-22T19:37:07+00:00","mainEntityOfPage":{"@id":"https:\/\/www.todoalfalfa.com.ar\/noticias\/las-pasturas-aportan-poco-en-la-franja-central-de-santa-fe\/"},"wordCount":1306,"publisher":{"@id":"https:\/\/www.todoalfalfa.com.ar\/noticias\/#organization"},"image":{"@id":"https:\/\/www.todoalfalfa.com.ar\/noticias\/las-pasturas-aportan-poco-en-la-franja-central-de-santa-fe\/#primaryimage"},"thumbnailUrl":"https:\/\/i0.wp.com\/www.todoalfalfa.com.ar\/noticias\/wp-content\/uploads\/2017\/03\/vacas_pastando_pasturas.jpg?fit=700%2C394&ssl=1","keywords":["aporte","central","franja","pasturas","poco","Santa Fe"],"articleSection":["Generales"],"inLanguage":"es"},{"@type":["WebPage","ItemPage"],"@id":"https:\/\/www.todoalfalfa.com.ar\/noticias\/las-pasturas-aportan-poco-en-la-franja-central-de-santa-fe\/","url":"https:\/\/www.todoalfalfa.com.ar\/noticias\/las-pasturas-aportan-poco-en-la-franja-central-de-santa-fe\/","name":"Las pasturas aportan poco en la franja central de Santa Fe","isPartOf":{"@id":"https:\/\/www.todoalfalfa.com.ar\/noticias\/#website"},"primaryImageOfPage":{"@id":"https:\/\/www.todoalfalfa.com.ar\/noticias\/las-pasturas-aportan-poco-en-la-franja-central-de-santa-fe\/#primaryimage"},"image":{"@id":"https:\/\/www.todoalfalfa.com.ar\/noticias\/las-pasturas-aportan-poco-en-la-franja-central-de-santa-fe\/#primaryimage"},"thumbnailUrl":"https:\/\/i0.wp.com\/www.todoalfalfa.com.ar\/noticias\/wp-content\/uploads\/2017\/03\/vacas_pastando_pasturas.jpg?fit=700%2C394&ssl=1","datePublished":"2020-09-22T19:16:12+00:00","dateModified":"2020-09-22T19:37:07+00:00","breadcrumb":{"@id":"https:\/\/www.todoalfalfa.com.ar\/noticias\/las-pasturas-aportan-poco-en-la-franja-central-de-santa-fe\/#breadcrumb"},"inLanguage":"es","potentialAction":[{"@type":"ReadAction","target":["https:\/\/www.todoalfalfa.com.ar\/noticias\/las-pasturas-aportan-poco-en-la-franja-central-de-santa-fe\/"]}]},{"@type":"ImageObject","inLanguage":"es","@id":"https:\/\/www.todoalfalfa.com.ar\/noticias\/las-pasturas-aportan-poco-en-la-franja-central-de-santa-fe\/#primaryimage","url":"https:\/\/i0.wp.com\/www.todoalfalfa.com.ar\/noticias\/wp-content\/uploads\/2017\/03\/vacas_pastando_pasturas.jpg?fit=700%2C394&ssl=1","contentUrl":"https:\/\/i0.wp.com\/www.todoalfalfa.com.ar\/noticias\/wp-content\/uploads\/2017\/03\/vacas_pastando_pasturas.jpg?fit=700%2C394&ssl=1","width":700,"height":394,"caption":"El crecimiento del mercado de forrajeras, reafirman el buen momento del sector"},{"@type":"BreadcrumbList","@id":"https:\/\/www.todoalfalfa.com.ar\/noticias\/las-pasturas-aportan-poco-en-la-franja-central-de-santa-fe\/#breadcrumb","itemListElement":[{"@type":"ListItem","position":1,"name":"Principal","item":"https:\/\/www.todoalfalfa.com.ar\/noticias\/"},{"@type":"ListItem","position":2,"name":"Las pasturas aportan poco en la franja central de Santa Fe"}]},{"@type":"WebSite","@id":"https:\/\/www.todoalfalfa.com.ar\/noticias\/#website","url":"https:\/\/www.todoalfalfa.com.ar\/noticias\/","name":"Todo Alfalfa","description":"Web informativa de la cadena de la alfalfa argentina","publisher":{"@id":"https:\/\/www.todoalfalfa.com.ar\/noticias\/#organization"},"potentialAction":[{"@type":"SearchAction","target":{"@type":"EntryPoint","urlTemplate":"https:\/\/www.todoalfalfa.com.ar\/noticias\/?s={search_term_string}"},"query-input":{"@type":"PropertyValueSpecification","valueRequired":true,"valueName":"search_term_string"}}],"inLanguage":"es"},{"@type":"Organization","@id":"https:\/\/www.todoalfalfa.com.ar\/noticias\/#organization","name":"Todo Alfalfa","url":"https:\/\/www.todoalfalfa.com.ar\/noticias\/","logo":{"@type":"ImageObject","inLanguage":"es","@id":"https:\/\/www.todoalfalfa.com.ar\/noticias\/#\/schema\/logo\/image\/","url":"https:\/\/www.todoalfalfa.com.ar\/noticias\/wp-content\/uploads\/2020\/09\/logo-todo-alfalfa-modificado.png","contentUrl":"https:\/\/www.todoalfalfa.com.ar\/noticias\/wp-content\/uploads\/2020\/09\/logo-todo-alfalfa-modificado.png","width":350,"height":100,"caption":"Todo Alfalfa"},"image":{"@id":"https:\/\/www.todoalfalfa.com.ar\/noticias\/#\/schema\/logo\/image\/"},"sameAs":["https:\/\/www.facebook.com\/todoalfalfa","https:\/\/www.instagram.com\/todoalfalfa","https:\/\/www.youtube.com\/@TodoAlfalfa","https:\/\/www.linkedin.com\/company\/todoalfalfa\/"]},{"@type":"Person","@id":"https:\/\/www.todoalfalfa.com.ar\/noticias\/#\/schema\/person\/4ee4bca9b9fa50c4f0fbaf7017fbf2ad","name":"Todo Alfalfa","image":{"@type":"ImageObject","inLanguage":"es","@id":"https:\/\/www.todoalfalfa.com.ar\/noticias\/#\/schema\/person\/image\/","url":"https:\/\/secure.gravatar.com\/avatar\/4d26a600a1380823a26c3f9cb74ada1a8ee4b482c0c3a616ab022b865c46be8f?s=96&d=mm&r=g","contentUrl":"https:\/\/secure.gravatar.com\/avatar\/4d26a600a1380823a26c3f9cb74ada1a8ee4b482c0c3a616ab022b865c46be8f?s=96&d=mm&r=g","caption":"Todo Alfalfa"},"sameAs":["http:\/\/www.todoalfalfa.com.ar"],"url":"https:\/\/www.todoalfalfa.com.ar\/noticias\/author\/todoalfalfa\/"}]}},"jetpack_featured_media_url":"https:\/\/i0.wp.com\/www.todoalfalfa.com.ar\/noticias\/wp-content\/uploads\/2017\/03\/vacas_pastando_pasturas.jpg?fit=700%2C394&ssl=1","wps_subtitle":"Las pasturas naturales e implantadas se encontraban en estado regular a malo en toda la regi\u00f3n, por lo que la oferta forrajera fue muy baja. La producci\u00f3n de leche se mantuvo en valores normales o levemente superiores al mismo mes del a\u00f1o anterior.","jetpack_sharing_enabled":true,"_links":{"self":[{"href":"https:\/\/www.todoalfalfa.com.ar\/noticias\/wp-json\/wp\/v2\/posts\/42667","targetHints":{"allow":["GET"]}}],"collection":[{"href":"https:\/\/www.todoalfalfa.com.ar\/noticias\/wp-json\/wp\/v2\/posts"}],"about":[{"href":"https:\/\/www.todoalfalfa.com.ar\/noticias\/wp-json\/wp\/v2\/types\/post"}],"author":[{"embeddable":true,"href":"https:\/\/www.todoalfalfa.com.ar\/noticias\/wp-json\/wp\/v2\/users\/3"}],"replies":[{"embeddable":true,"href":"https:\/\/www.todoalfalfa.com.ar\/noticias\/wp-json\/wp\/v2\/comments?post=42667"}],"version-history":[{"count":0,"href":"https:\/\/www.todoalfalfa.com.ar\/noticias\/wp-json\/wp\/v2\/posts\/42667\/revisions"}],"wp:featuredmedia":[{"embeddable":true,"href":"https:\/\/www.todoalfalfa.com.ar\/noticias\/wp-json\/wp\/v2\/media\/304"}],"wp:attachment":[{"href":"https:\/\/www.todoalfalfa.com.ar\/noticias\/wp-json\/wp\/v2\/media?parent=42667"}],"wp:term":[{"taxonomy":"category","embeddable":true,"href":"https:\/\/www.todoalfalfa.com.ar\/noticias\/wp-json\/wp\/v2\/categories?post=42667"},{"taxonomy":"post_tag","embeddable":true,"href":"https:\/\/www.todoalfalfa.com.ar\/noticias\/wp-json\/wp\/v2\/tags?post=42667"}],"curies":[{"name":"wp","href":"https:\/\/api.w.org\/{rel}","templated":true}]}}