{"id":43136,"date":"2020-12-17T15:46:25","date_gmt":"2020-12-17T18:46:25","guid":{"rendered":"https:\/\/www.todoalfalfa.com.ar\/?p=43136"},"modified":"2020-12-17T15:46:26","modified_gmt":"2020-12-17T18:46:26","slug":"santa-fe-las-alfalfas-comenzaron-a-aportar-en-los-sistemas-ganaderos","status":"publish","type":"post","link":"https:\/\/www.todoalfalfa.com.ar\/noticias\/santa-fe-las-alfalfas-comenzaron-a-aportar-en-los-sistemas-ganaderos\/","title":{"rendered":"Santa Fe: Las alfalfas comenzaron a aportar en los sistemas ganaderos"},"content":{"rendered":"\n<p>En lo que hace a pasturas base alfalfa hay buena disponibilidad. Los lotes que se observaron muy pastoreados y con baja oferta en recorridas anteriores, vienen teniendo una buena recuperaci\u00f3n a partir de las lluvias recibidas en el mes, y han mejorado mucho la disponibilidad de forraje.<\/p>\n\n\n\n<p>Las pasturas base alfalfa que son nuevas se encontraron recuperadas, aunque algunas han perdido plantas debido a la sequ\u00eda (sobre todo las sembradas m\u00e1s tarde).<\/p>\n\n\n\n<p>En el Informe de situaci\u00f3n productiva del \u00e1rea de influencia del INTA EEA Rafaela se destaca que en sectores puntuales de los departamentos Las Colonias, Castellanos y suroeste de San Crist\u00f3bal, las lluvias fueron normales y superiores a la media para la \u00e9poca del a\u00f1o.<\/p>\n\n\n\n<p>Ganader\u00eda<br>Se observ\u00f3 una recuperaci\u00f3n importante de la oferta forrajera, lo que permiti\u00f3 que mejoraran los ritmos de aumento de peso tanto en cr\u00eda como en invernada.<\/p>\n\n\n\n<p>La producci\u00f3n de leche se encontraba en valores normales para la \u00e9poca. Disminuy\u00f3 en general el uso de reservas, debido a que hay m\u00e1s oferta de pasturas y tambi\u00e9n se not\u00f3 una leve disminuci\u00f3n en el uso de concentrados, debido a la relaci\u00f3n m\u00e1s desfavorable entre el precio de la leche y los granos.<\/p>\n\n\n\n<p>El informe zona por zona es el siguiente:<\/p>\n\n\n\n<p><strong>Departamento Castellanos<\/strong><br>-Pasturas base alfalfa: Buena disponibilidad. Los lotes que se observaron muy pastoreados y con baja oferta en recorridas anteriores, vienen teniendo una buena recuperaci\u00f3n a partir de las lluvias recibidas en el mes, y han mejorado mucho la disponibilidad de forraje. Las pasturas base alfalfa que son nuevas se encontraron recuperadas, aunque algunas han perdido plantas debido a la sequ\u00eda (sobre todo las sembradas m\u00e1s tarde).<\/p>\n\n\n\n<p>-Pastizales naturales: Continuaba con una buena recuperaci\u00f3n, debido a las lluvias y al aumento de las temperaturas. Aunque este a\u00f1o fue m\u00e1s lenta la salida del invierno, los pastizales vienen mejorando en producci\u00f3n y calidad.&nbsp;<\/p>\n\n\n\n<p>-Producci\u00f3n de leche: Se encontraba dentro de valores normales. Se ha disminuido en general el uso de reservas, debido a que hay m\u00e1s ofertas de pasturas y tambi\u00e9n se not\u00f3 una leve disminuci\u00f3n en el uso de concentrados, debido a la relaci\u00f3n un poco m\u00e1s desfavorable entre el precio de la leche y los granos.<\/p>\n\n\n\n<p>-Cr\u00eda: Dependiendo del manejo y sistema (servicio estacionado o continuo) el estado de los animales estaba entre malo, regular y bueno (aproximadamente un tercio de los vientres en cada situaci\u00f3n), si bien ha aumentado un poco la oferta de forraje en cantidad y calidad, la recuperaci\u00f3n de los animales es muy lenta. El peor estado lo presentan los vientres que se encuentran con ternero al pie y en lactancia, es muy probable que se atrasen los servicios y la pre\u00f1ez.<\/p>\n\n\n\n<p>-Invernada: La situaci\u00f3n era casi normal, el estado de los animales era bueno en general, se observ\u00f3 una buena utilizaci\u00f3n de las pasturas, que estaban teniendo una mejor productividad.<\/p>\n\n\n\n<p><strong>Departamento Las Colonias<\/strong><br>-Pastura base alfalfa: Las pasturas se encontraban en buen estado general y con buena producci\u00f3n. Debido a la floraci\u00f3n de las alfalfas, se est\u00e1n confeccionando rollos para reserva.<\/p>\n\n\n\n<p>-Cultivos para confecci\u00f3n de reservas: El sorgo y el ma\u00edz pudieron ser sembrados y se encontraban en buen estado general para la futura confecci\u00f3n de silaje.<\/p>\n\n\n\n<p><strong>Departamento San Mart\u00edn<\/strong><br>-Pasturas base alfalfa: Luego de las lluvias de noviembre la oferta forrajera mejor\u00f3 notablemente.<\/p>\n\n\n\n<p>-Pastizales naturales: Se ha recuperado la oferta forrajera de los campos naturales. Buen estado general y nivel de producci\u00f3n.<\/p>\n\n\n\n<p>-Cultivos para confecci\u00f3n de reservas: Los verdeos de verano se encontraron en estado vegetativo y su desarrollo era bueno gracias a las lluvias de noviembre.<\/p>\n\n\n\n<p>El desarrollo inicial de los ma\u00edces para silo estuvo frenado por las frecuentes heladas y las bajas temperaturas de la segunda quincena de septiembre. Las lluvias de octubre y noviembre fueron oportunas, pero escasas para el desarrollo normal de los cultivos. Se visualizaba un desarrollo menor al esperado para esta \u00e9poca del a\u00f1o.<\/p>\n\n\n\n<p>-Producci\u00f3n de leche: La oferta forrajera de pasturas mejor\u00f3 mucho gracias a las lluvias de octubre y noviembre. Esa mejora en la oferta forrajera y en el clima se ha traducido en un aumento de la producci\u00f3n de leche. Un dato preocupante es el incremento de los precios de los alimentos concentrados (ma\u00edz, balanceados, expeller de soja, etc.) y como contrapartida la lenta evoluci\u00f3n del precio de la leche que sigue estancado en alrededor de 19 $\/lt.<\/p>\n\n\n\n<p>-Cr\u00eda: Mejor\u00f3 la oferta forrajera por lo tanto mejoraron los ritmos de aumento de peso.<\/p>\n\n\n\n<p>-Invernada: La oferta de pasturas mejor\u00f3 respecto de los meses anteriores. Los planteos a base de pasturas ten\u00edan mayor oferta forrajera y como consecuencia se incrementaron las ganancias de peso. Los costos de producci\u00f3n de carne se vieron beneficiados por la mayor participaci\u00f3n del pasto en la dieta.<\/p>\n\n\n\n<p><strong>Departamento San Cristobal<\/strong><br><em>Sector Oeste<\/em><\/p>\n\n\n\n<p>-Pasturas base alfalfa: Las alfalfas mayores a un a\u00f1o ten\u00edan un estado general bueno. Recuperaron su estado luego de las lluvias de noviembre. Las praderas sembradas este a\u00f1o tuvieron una implantaci\u00f3n regular por la falta de agua, pero luego de las precipitaciones del mes comenzaron a mejorar sus condiciones.<\/p>\n\n\n\n<p>-Pastizales naturales: Al igual que las pasturas luego de las lluvias mejoraron su estado general y nivel de producci\u00f3n.<\/p>\n\n\n\n<p>-Verdeos de verano: Se comenz\u00f3 a sembrar sorgo forrajero y algunos lotes de moha.<\/p>\n\n\n\n<p>-Cultivos para confecci\u00f3n de reservas: Se estaban haciendo rollos en escasas superficies (3-4 rollos\/ha), solo los productores que hacen pasturas para corte y comercializaci\u00f3n.<\/p>\n\n\n\n<p>-Producci\u00f3n de leche: Al mejorar la producci\u00f3n de las pasturas tambi\u00e9n mejor\u00f3 la producci\u00f3n. Hay poca cantidad de reserva y la suplementaci\u00f3n es ajustada para mantener los vol\u00famenes de leche con altos costos de alimentaci\u00f3n.<\/p>\n\n\n\n<p>-Cr\u00eda: Termin\u00f3 la etapa de parici\u00f3n. Comenz\u00f3 el entore por inseminaci\u00f3n artificial a tiempo fijo (IATF) o servicio programado. La producci\u00f3n mejor\u00f3 por la mejora de los pastizales naturales.<\/p>\n\n\n\n<p>-Invernada: Mejor\u00f3 la producci\u00f3n de las pasturas, por lo tanto los rodeos tuvieron una mejor alimentaci\u00f3n. Dadas las altas temperaturas, se estaban haciendo los \u00faltimos encierres estrat\u00e9gicos y la hacienda que no se termin\u00f3 estaba yendo a campo.<\/p>\n\n\n\n<p>Se achic\u00f3 la suplementaci\u00f3n porque se terminaron las reservas, el costo del ma\u00edz es muy elevado por lo tanto las suplementaciones se hacen de manera puntual.<\/p>\n<div class=\"todoalfalfa-final-de-la-nota\" id=\"todoalfalfa-2206715466\"><a href=\"https:\/\/www.whatsapp.com\/channel\/0029VbCBmFB9WtBxJsD3eC2i\" target=\"_blank\" aria-label=\"5\"><img src=\"https:\/\/i0.wp.com\/www.todoalfalfa.com.ar\/noticias\/wp-content\/uploads\/2026\/04\/5.gif?fit=728%2C90&#038;ssl=1\" alt=\"\"  width=\"728\" height=\"90\"   \/><\/a><\/div>","protected":false},"excerpt":{"rendered":"<p>En la regi\u00f3n central de Santa Fe, tras las lluvias de noviembre se los cultivos comenzaron a recomponerse. Ha mejorado mucho la disponibilidad de forraje y las alfalfas hacen un gran aporte en el pastoreo y en la confecci\u00f3n de rollos para reserva.<\/p>\n","protected":false},"author":3,"featured_media":2317,"comment_status":"closed","ping_status":"open","sticky":false,"template":"","format":"standard","meta":{"jetpack_post_was_ever_published":false,"_jetpack_newsletter_access":"","_jetpack_dont_email_post_to_subs":false,"_jetpack_newsletter_tier_id":0,"_jetpack_memberships_contains_paywalled_content":false,"_jetpack_memberships_contains_paid_content":false,"footnotes":""},"categories":[2],"tags":[31,987,87,140],"class_list":["post-43136","post","type-post","status-publish","format-standard","has-post-thumbnail","hentry","category-generales","tag-alfalfa","tag-diciembre-2020","tag-santa-fe","tag-situacion"],"yoast_head":"<!-- This site is optimized with the Yoast SEO plugin v25.5 - https:\/\/yoast.com\/wordpress\/plugins\/seo\/ -->\n<title>Santa Fe: Las alfalfas comenzaron a aportar en los sistemas ganaderos<\/title>\n<meta name=\"robots\" content=\"index, follow, max-snippet:-1, max-image-preview:large, max-video-preview:-1\" \/>\n<link rel=\"canonical\" href=\"https:\/\/www.todoalfalfa.com.ar\/noticias\/santa-fe-las-alfalfas-comenzaron-a-aportar-en-los-sistemas-ganaderos\/\" \/>\n<meta property=\"og:locale\" content=\"es_ES\" \/>\n<meta property=\"og:type\" content=\"article\" \/>\n<meta property=\"og:title\" content=\"Santa Fe: Las alfalfas comenzaron a aportar en los sistemas ganaderos\" \/>\n<meta property=\"og:description\" content=\"En la regi\u00f3n central de Santa Fe, tras las lluvias de noviembre se los cultivos comenzaron a recomponerse. Ha mejorado mucho la disponibilidad de forraje y las alfalfas hacen un gran aporte en el pastoreo y en la confecci\u00f3n de rollos para reserva.\" \/>\n<meta property=\"og:url\" content=\"https:\/\/www.todoalfalfa.com.ar\/noticias\/santa-fe-las-alfalfas-comenzaron-a-aportar-en-los-sistemas-ganaderos\/\" \/>\n<meta property=\"og:site_name\" content=\"Todo Alfalfa\" \/>\n<meta property=\"article:publisher\" content=\"https:\/\/www.facebook.com\/todoalfalfa\" \/>\n<meta property=\"article:published_time\" content=\"2020-12-17T18:46:25+00:00\" \/>\n<meta property=\"article:modified_time\" content=\"2020-12-17T18:46:26+00:00\" \/>\n<meta property=\"og:image\" content=\"https:\/\/www.todoalfalfa.com.ar\/noticias\/wp-content\/uploads\/2018\/09\/rollos_de_alfalfa.jpg\" \/>\n\t<meta property=\"og:image:width\" content=\"777\" \/>\n\t<meta property=\"og:image:height\" content=\"437\" \/>\n\t<meta property=\"og:image:type\" content=\"image\/jpeg\" \/>\n<meta name=\"author\" content=\"Todo Alfalfa\" \/>\n<meta name=\"twitter:card\" content=\"summary_large_image\" \/>\n<meta name=\"twitter:label1\" content=\"Escrito por\" \/>\n\t<meta name=\"twitter:data1\" content=\"Todo Alfalfa\" \/>\n\t<meta name=\"twitter:label2\" content=\"Tiempo de lectura\" \/>\n\t<meta name=\"twitter:data2\" content=\"5 minutos\" \/>\n<script type=\"application\/ld+json\" class=\"yoast-schema-graph\">{\"@context\":\"https:\/\/schema.org\",\"@graph\":[{\"@type\":\"NewsArticle\",\"@id\":\"https:\/\/www.todoalfalfa.com.ar\/noticias\/santa-fe-las-alfalfas-comenzaron-a-aportar-en-los-sistemas-ganaderos\/#article\",\"isPartOf\":{\"@id\":\"https:\/\/www.todoalfalfa.com.ar\/noticias\/santa-fe-las-alfalfas-comenzaron-a-aportar-en-los-sistemas-ganaderos\/\"},\"author\":{\"name\":\"Todo Alfalfa\",\"@id\":\"https:\/\/www.todoalfalfa.com.ar\/noticias\/#\/schema\/person\/4ee4bca9b9fa50c4f0fbaf7017fbf2ad\"},\"headline\":\"Santa Fe: Las alfalfas comenzaron a aportar en los sistemas ganaderos\",\"datePublished\":\"2020-12-17T18:46:25+00:00\",\"dateModified\":\"2020-12-17T18:46:26+00:00\",\"mainEntityOfPage\":{\"@id\":\"https:\/\/www.todoalfalfa.com.ar\/noticias\/santa-fe-las-alfalfas-comenzaron-a-aportar-en-los-sistemas-ganaderos\/\"},\"wordCount\":1110,\"publisher\":{\"@id\":\"https:\/\/www.todoalfalfa.com.ar\/noticias\/#organization\"},\"image\":{\"@id\":\"https:\/\/www.todoalfalfa.com.ar\/noticias\/santa-fe-las-alfalfas-comenzaron-a-aportar-en-los-sistemas-ganaderos\/#primaryimage\"},\"thumbnailUrl\":\"https:\/\/i0.wp.com\/www.todoalfalfa.com.ar\/noticias\/wp-content\/uploads\/2018\/09\/rollos_de_alfalfa.jpg?fit=777%2C437&ssl=1\",\"keywords\":[\"alfalfa\",\"Diciembre 2020\",\"Santa Fe\",\"situaci\u00f3n\"],\"articleSection\":[\"Generales\"],\"inLanguage\":\"es\"},{\"@type\":[\"WebPage\",\"ItemPage\"],\"@id\":\"https:\/\/www.todoalfalfa.com.ar\/noticias\/santa-fe-las-alfalfas-comenzaron-a-aportar-en-los-sistemas-ganaderos\/\",\"url\":\"https:\/\/www.todoalfalfa.com.ar\/noticias\/santa-fe-las-alfalfas-comenzaron-a-aportar-en-los-sistemas-ganaderos\/\",\"name\":\"Santa Fe: Las alfalfas comenzaron a aportar en los sistemas ganaderos\",\"isPartOf\":{\"@id\":\"https:\/\/www.todoalfalfa.com.ar\/noticias\/#website\"},\"primaryImageOfPage\":{\"@id\":\"https:\/\/www.todoalfalfa.com.ar\/noticias\/santa-fe-las-alfalfas-comenzaron-a-aportar-en-los-sistemas-ganaderos\/#primaryimage\"},\"image\":{\"@id\":\"https:\/\/www.todoalfalfa.com.ar\/noticias\/santa-fe-las-alfalfas-comenzaron-a-aportar-en-los-sistemas-ganaderos\/#primaryimage\"},\"thumbnailUrl\":\"https:\/\/i0.wp.com\/www.todoalfalfa.com.ar\/noticias\/wp-content\/uploads\/2018\/09\/rollos_de_alfalfa.jpg?fit=777%2C437&ssl=1\",\"datePublished\":\"2020-12-17T18:46:25+00:00\",\"dateModified\":\"2020-12-17T18:46:26+00:00\",\"breadcrumb\":{\"@id\":\"https:\/\/www.todoalfalfa.com.ar\/noticias\/santa-fe-las-alfalfas-comenzaron-a-aportar-en-los-sistemas-ganaderos\/#breadcrumb\"},\"inLanguage\":\"es\",\"potentialAction\":[{\"@type\":\"ReadAction\",\"target\":[\"https:\/\/www.todoalfalfa.com.ar\/noticias\/santa-fe-las-alfalfas-comenzaron-a-aportar-en-los-sistemas-ganaderos\/\"]}]},{\"@type\":\"ImageObject\",\"inLanguage\":\"es\",\"@id\":\"https:\/\/www.todoalfalfa.com.ar\/noticias\/santa-fe-las-alfalfas-comenzaron-a-aportar-en-los-sistemas-ganaderos\/#primaryimage\",\"url\":\"https:\/\/i0.wp.com\/www.todoalfalfa.com.ar\/noticias\/wp-content\/uploads\/2018\/09\/rollos_de_alfalfa.jpg?fit=777%2C437&ssl=1\",\"contentUrl\":\"https:\/\/i0.wp.com\/www.todoalfalfa.com.ar\/noticias\/wp-content\/uploads\/2018\/09\/rollos_de_alfalfa.jpg?fit=777%2C437&ssl=1\",\"width\":777,\"height\":437},{\"@type\":\"BreadcrumbList\",\"@id\":\"https:\/\/www.todoalfalfa.com.ar\/noticias\/santa-fe-las-alfalfas-comenzaron-a-aportar-en-los-sistemas-ganaderos\/#breadcrumb\",\"itemListElement\":[{\"@type\":\"ListItem\",\"position\":1,\"name\":\"Principal\",\"item\":\"https:\/\/www.todoalfalfa.com.ar\/noticias\/\"},{\"@type\":\"ListItem\",\"position\":2,\"name\":\"Santa Fe: Las alfalfas comenzaron a aportar en los sistemas ganaderos\"}]},{\"@type\":\"WebSite\",\"@id\":\"https:\/\/www.todoalfalfa.com.ar\/noticias\/#website\",\"url\":\"https:\/\/www.todoalfalfa.com.ar\/noticias\/\",\"name\":\"Todo Alfalfa\",\"description\":\"Web informativa de la cadena de la alfalfa argentina\",\"publisher\":{\"@id\":\"https:\/\/www.todoalfalfa.com.ar\/noticias\/#organization\"},\"potentialAction\":[{\"@type\":\"SearchAction\",\"target\":{\"@type\":\"EntryPoint\",\"urlTemplate\":\"https:\/\/www.todoalfalfa.com.ar\/noticias\/?s={search_term_string}\"},\"query-input\":{\"@type\":\"PropertyValueSpecification\",\"valueRequired\":true,\"valueName\":\"search_term_string\"}}],\"inLanguage\":\"es\"},{\"@type\":\"Organization\",\"@id\":\"https:\/\/www.todoalfalfa.com.ar\/noticias\/#organization\",\"name\":\"Todo Alfalfa\",\"url\":\"https:\/\/www.todoalfalfa.com.ar\/noticias\/\",\"logo\":{\"@type\":\"ImageObject\",\"inLanguage\":\"es\",\"@id\":\"https:\/\/www.todoalfalfa.com.ar\/noticias\/#\/schema\/logo\/image\/\",\"url\":\"https:\/\/www.todoalfalfa.com.ar\/noticias\/wp-content\/uploads\/2020\/09\/logo-todo-alfalfa-modificado.png\",\"contentUrl\":\"https:\/\/www.todoalfalfa.com.ar\/noticias\/wp-content\/uploads\/2020\/09\/logo-todo-alfalfa-modificado.png\",\"width\":350,\"height\":100,\"caption\":\"Todo Alfalfa\"},\"image\":{\"@id\":\"https:\/\/www.todoalfalfa.com.ar\/noticias\/#\/schema\/logo\/image\/\"},\"sameAs\":[\"https:\/\/www.facebook.com\/todoalfalfa\",\"https:\/\/www.instagram.com\/todoalfalfa\",\"https:\/\/www.youtube.com\/@TodoAlfalfa\",\"https:\/\/www.linkedin.com\/company\/todoalfalfa\/\"]},{\"@type\":\"Person\",\"@id\":\"https:\/\/www.todoalfalfa.com.ar\/noticias\/#\/schema\/person\/4ee4bca9b9fa50c4f0fbaf7017fbf2ad\",\"name\":\"Todo Alfalfa\",\"image\":{\"@type\":\"ImageObject\",\"inLanguage\":\"es\",\"@id\":\"https:\/\/www.todoalfalfa.com.ar\/noticias\/#\/schema\/person\/image\/\",\"url\":\"https:\/\/secure.gravatar.com\/avatar\/4d26a600a1380823a26c3f9cb74ada1a8ee4b482c0c3a616ab022b865c46be8f?s=96&d=mm&r=g\",\"contentUrl\":\"https:\/\/secure.gravatar.com\/avatar\/4d26a600a1380823a26c3f9cb74ada1a8ee4b482c0c3a616ab022b865c46be8f?s=96&d=mm&r=g\",\"caption\":\"Todo Alfalfa\"},\"sameAs\":[\"http:\/\/www.todoalfalfa.com.ar\"],\"url\":\"https:\/\/www.todoalfalfa.com.ar\/noticias\/author\/todoalfalfa\/\"}]}<\/script>\n<!-- \/ Yoast SEO plugin. -->","yoast_head_json":{"title":"Santa Fe: Las alfalfas comenzaron a aportar en los sistemas ganaderos","robots":{"index":"index","follow":"follow","max-snippet":"max-snippet:-1","max-image-preview":"max-image-preview:large","max-video-preview":"max-video-preview:-1"},"canonical":"https:\/\/www.todoalfalfa.com.ar\/noticias\/santa-fe-las-alfalfas-comenzaron-a-aportar-en-los-sistemas-ganaderos\/","og_locale":"es_ES","og_type":"article","og_title":"Santa Fe: Las alfalfas comenzaron a aportar en los sistemas ganaderos","og_description":"En la regi\u00f3n central de Santa Fe, tras las lluvias de noviembre se los cultivos comenzaron a recomponerse. Ha mejorado mucho la disponibilidad de forraje y las alfalfas hacen un gran aporte en el pastoreo y en la confecci\u00f3n de rollos para reserva.","og_url":"https:\/\/www.todoalfalfa.com.ar\/noticias\/santa-fe-las-alfalfas-comenzaron-a-aportar-en-los-sistemas-ganaderos\/","og_site_name":"Todo Alfalfa","article_publisher":"https:\/\/www.facebook.com\/todoalfalfa","article_published_time":"2020-12-17T18:46:25+00:00","article_modified_time":"2020-12-17T18:46:26+00:00","og_image":[{"width":777,"height":437,"url":"https:\/\/www.todoalfalfa.com.ar\/noticias\/wp-content\/uploads\/2018\/09\/rollos_de_alfalfa.jpg","type":"image\/jpeg"}],"author":"Todo Alfalfa","twitter_card":"summary_large_image","twitter_misc":{"Escrito por":"Todo Alfalfa","Tiempo de lectura":"5 minutos"},"schema":{"@context":"https:\/\/schema.org","@graph":[{"@type":"NewsArticle","@id":"https:\/\/www.todoalfalfa.com.ar\/noticias\/santa-fe-las-alfalfas-comenzaron-a-aportar-en-los-sistemas-ganaderos\/#article","isPartOf":{"@id":"https:\/\/www.todoalfalfa.com.ar\/noticias\/santa-fe-las-alfalfas-comenzaron-a-aportar-en-los-sistemas-ganaderos\/"},"author":{"name":"Todo Alfalfa","@id":"https:\/\/www.todoalfalfa.com.ar\/noticias\/#\/schema\/person\/4ee4bca9b9fa50c4f0fbaf7017fbf2ad"},"headline":"Santa Fe: Las alfalfas comenzaron a aportar en los sistemas ganaderos","datePublished":"2020-12-17T18:46:25+00:00","dateModified":"2020-12-17T18:46:26+00:00","mainEntityOfPage":{"@id":"https:\/\/www.todoalfalfa.com.ar\/noticias\/santa-fe-las-alfalfas-comenzaron-a-aportar-en-los-sistemas-ganaderos\/"},"wordCount":1110,"publisher":{"@id":"https:\/\/www.todoalfalfa.com.ar\/noticias\/#organization"},"image":{"@id":"https:\/\/www.todoalfalfa.com.ar\/noticias\/santa-fe-las-alfalfas-comenzaron-a-aportar-en-los-sistemas-ganaderos\/#primaryimage"},"thumbnailUrl":"https:\/\/i0.wp.com\/www.todoalfalfa.com.ar\/noticias\/wp-content\/uploads\/2018\/09\/rollos_de_alfalfa.jpg?fit=777%2C437&ssl=1","keywords":["alfalfa","Diciembre 2020","Santa Fe","situaci\u00f3n"],"articleSection":["Generales"],"inLanguage":"es"},{"@type":["WebPage","ItemPage"],"@id":"https:\/\/www.todoalfalfa.com.ar\/noticias\/santa-fe-las-alfalfas-comenzaron-a-aportar-en-los-sistemas-ganaderos\/","url":"https:\/\/www.todoalfalfa.com.ar\/noticias\/santa-fe-las-alfalfas-comenzaron-a-aportar-en-los-sistemas-ganaderos\/","name":"Santa Fe: Las alfalfas comenzaron a aportar en los sistemas ganaderos","isPartOf":{"@id":"https:\/\/www.todoalfalfa.com.ar\/noticias\/#website"},"primaryImageOfPage":{"@id":"https:\/\/www.todoalfalfa.com.ar\/noticias\/santa-fe-las-alfalfas-comenzaron-a-aportar-en-los-sistemas-ganaderos\/#primaryimage"},"image":{"@id":"https:\/\/www.todoalfalfa.com.ar\/noticias\/santa-fe-las-alfalfas-comenzaron-a-aportar-en-los-sistemas-ganaderos\/#primaryimage"},"thumbnailUrl":"https:\/\/i0.wp.com\/www.todoalfalfa.com.ar\/noticias\/wp-content\/uploads\/2018\/09\/rollos_de_alfalfa.jpg?fit=777%2C437&ssl=1","datePublished":"2020-12-17T18:46:25+00:00","dateModified":"2020-12-17T18:46:26+00:00","breadcrumb":{"@id":"https:\/\/www.todoalfalfa.com.ar\/noticias\/santa-fe-las-alfalfas-comenzaron-a-aportar-en-los-sistemas-ganaderos\/#breadcrumb"},"inLanguage":"es","potentialAction":[{"@type":"ReadAction","target":["https:\/\/www.todoalfalfa.com.ar\/noticias\/santa-fe-las-alfalfas-comenzaron-a-aportar-en-los-sistemas-ganaderos\/"]}]},{"@type":"ImageObject","inLanguage":"es","@id":"https:\/\/www.todoalfalfa.com.ar\/noticias\/santa-fe-las-alfalfas-comenzaron-a-aportar-en-los-sistemas-ganaderos\/#primaryimage","url":"https:\/\/i0.wp.com\/www.todoalfalfa.com.ar\/noticias\/wp-content\/uploads\/2018\/09\/rollos_de_alfalfa.jpg?fit=777%2C437&ssl=1","contentUrl":"https:\/\/i0.wp.com\/www.todoalfalfa.com.ar\/noticias\/wp-content\/uploads\/2018\/09\/rollos_de_alfalfa.jpg?fit=777%2C437&ssl=1","width":777,"height":437},{"@type":"BreadcrumbList","@id":"https:\/\/www.todoalfalfa.com.ar\/noticias\/santa-fe-las-alfalfas-comenzaron-a-aportar-en-los-sistemas-ganaderos\/#breadcrumb","itemListElement":[{"@type":"ListItem","position":1,"name":"Principal","item":"https:\/\/www.todoalfalfa.com.ar\/noticias\/"},{"@type":"ListItem","position":2,"name":"Santa Fe: Las alfalfas comenzaron a aportar en los sistemas ganaderos"}]},{"@type":"WebSite","@id":"https:\/\/www.todoalfalfa.com.ar\/noticias\/#website","url":"https:\/\/www.todoalfalfa.com.ar\/noticias\/","name":"Todo Alfalfa","description":"Web informativa de la cadena de la alfalfa argentina","publisher":{"@id":"https:\/\/www.todoalfalfa.com.ar\/noticias\/#organization"},"potentialAction":[{"@type":"SearchAction","target":{"@type":"EntryPoint","urlTemplate":"https:\/\/www.todoalfalfa.com.ar\/noticias\/?s={search_term_string}"},"query-input":{"@type":"PropertyValueSpecification","valueRequired":true,"valueName":"search_term_string"}}],"inLanguage":"es"},{"@type":"Organization","@id":"https:\/\/www.todoalfalfa.com.ar\/noticias\/#organization","name":"Todo Alfalfa","url":"https:\/\/www.todoalfalfa.com.ar\/noticias\/","logo":{"@type":"ImageObject","inLanguage":"es","@id":"https:\/\/www.todoalfalfa.com.ar\/noticias\/#\/schema\/logo\/image\/","url":"https:\/\/www.todoalfalfa.com.ar\/noticias\/wp-content\/uploads\/2020\/09\/logo-todo-alfalfa-modificado.png","contentUrl":"https:\/\/www.todoalfalfa.com.ar\/noticias\/wp-content\/uploads\/2020\/09\/logo-todo-alfalfa-modificado.png","width":350,"height":100,"caption":"Todo Alfalfa"},"image":{"@id":"https:\/\/www.todoalfalfa.com.ar\/noticias\/#\/schema\/logo\/image\/"},"sameAs":["https:\/\/www.facebook.com\/todoalfalfa","https:\/\/www.instagram.com\/todoalfalfa","https:\/\/www.youtube.com\/@TodoAlfalfa","https:\/\/www.linkedin.com\/company\/todoalfalfa\/"]},{"@type":"Person","@id":"https:\/\/www.todoalfalfa.com.ar\/noticias\/#\/schema\/person\/4ee4bca9b9fa50c4f0fbaf7017fbf2ad","name":"Todo Alfalfa","image":{"@type":"ImageObject","inLanguage":"es","@id":"https:\/\/www.todoalfalfa.com.ar\/noticias\/#\/schema\/person\/image\/","url":"https:\/\/secure.gravatar.com\/avatar\/4d26a600a1380823a26c3f9cb74ada1a8ee4b482c0c3a616ab022b865c46be8f?s=96&d=mm&r=g","contentUrl":"https:\/\/secure.gravatar.com\/avatar\/4d26a600a1380823a26c3f9cb74ada1a8ee4b482c0c3a616ab022b865c46be8f?s=96&d=mm&r=g","caption":"Todo Alfalfa"},"sameAs":["http:\/\/www.todoalfalfa.com.ar"],"url":"https:\/\/www.todoalfalfa.com.ar\/noticias\/author\/todoalfalfa\/"}]}},"jetpack_featured_media_url":"https:\/\/i0.wp.com\/www.todoalfalfa.com.ar\/noticias\/wp-content\/uploads\/2018\/09\/rollos_de_alfalfa.jpg?fit=777%2C437&ssl=1","wps_subtitle":"","jetpack_sharing_enabled":true,"_links":{"self":[{"href":"https:\/\/www.todoalfalfa.com.ar\/noticias\/wp-json\/wp\/v2\/posts\/43136","targetHints":{"allow":["GET"]}}],"collection":[{"href":"https:\/\/www.todoalfalfa.com.ar\/noticias\/wp-json\/wp\/v2\/posts"}],"about":[{"href":"https:\/\/www.todoalfalfa.com.ar\/noticias\/wp-json\/wp\/v2\/types\/post"}],"author":[{"embeddable":true,"href":"https:\/\/www.todoalfalfa.com.ar\/noticias\/wp-json\/wp\/v2\/users\/3"}],"replies":[{"embeddable":true,"href":"https:\/\/www.todoalfalfa.com.ar\/noticias\/wp-json\/wp\/v2\/comments?post=43136"}],"version-history":[{"count":0,"href":"https:\/\/www.todoalfalfa.com.ar\/noticias\/wp-json\/wp\/v2\/posts\/43136\/revisions"}],"wp:featuredmedia":[{"embeddable":true,"href":"https:\/\/www.todoalfalfa.com.ar\/noticias\/wp-json\/wp\/v2\/media\/2317"}],"wp:attachment":[{"href":"https:\/\/www.todoalfalfa.com.ar\/noticias\/wp-json\/wp\/v2\/media?parent=43136"}],"wp:term":[{"taxonomy":"category","embeddable":true,"href":"https:\/\/www.todoalfalfa.com.ar\/noticias\/wp-json\/wp\/v2\/categories?post=43136"},{"taxonomy":"post_tag","embeddable":true,"href":"https:\/\/www.todoalfalfa.com.ar\/noticias\/wp-json\/wp\/v2\/tags?post=43136"}],"curies":[{"name":"wp","href":"https:\/\/api.w.org\/{rel}","templated":true}]}}