{"id":43267,"date":"2021-02-02T09:09:29","date_gmt":"2021-02-02T12:09:29","guid":{"rendered":"https:\/\/www.todoalfalfa.com.ar\/?p=43267"},"modified":"2021-02-02T10:05:17","modified_gmt":"2021-02-02T13:05:17","slug":"con-300-hectareas-de-alfalfa-avanza-un-mega-emprendimiento-productivo-en-25-de-mayo","status":"publish","type":"post","link":"https:\/\/www.todoalfalfa.com.ar\/noticias\/con-300-hectareas-de-alfalfa-avanza-un-mega-emprendimiento-productivo-en-25-de-mayo\/","title":{"rendered":"La Pampa: avanza un mega emprendimiento productivo en 25 de Mayo"},"content":{"rendered":"\n<p>El Ente Provincial del R\u00edo Colorado acompa\u00f1a este tipo de iniciativas que proponen poner en producci\u00f3n superficies de tierras y el aprovechamiento de los recursos de excelencia como son el suelo y agua en la zona, mediante el Sistema de Aprovechamiento H\u00eddrico correspondiente al primer desarrollo en infraestructura de riego por parte de la provincia de La Pampa.<\/p>\n\n\n\n<p>El proyecto de la empresa Luis Arceo dio inicio hace 10 a\u00f1os con la adjudicaci\u00f3n de las tierras a la firma, se encomend\u00f3 a Walter Lobos (encargado) el desarrollo del proyecto productivo \u2013 forrajero en base a alfalfa fundamentalmente, con distintas modalidades de productos a comercializar: fardos peque\u00f1os, megafardos, cubos de alfalfa y pelets.<\/p>\n\n\n\n<p>Est\u00e1 basado en un sistema de riego presurizado a trav\u00e9s de \u201cpivotes\u201d, en esta tendencia propuesta a nivel gubernamental provincial en la \u00e9poca de los 90\u2032 donde se propuso el uso eficiente del recurso del agua de riego.<\/p>\n\n\n\n<p><strong>Rindes<\/strong><br>En estos suelos la alfalfa es uno de los cultivos que mejor se adapta a la zona, \u201clos rindes anuales oscilan entre 10 y 13 toneladas de materia seca ya enificada por hect\u00e1rea. hay cuadros que rinden m\u00e1s. El suelo es muy overo o tobiano y tiene lugares duros, dif\u00edciles\u201d indic\u00f3 Lobos.<\/p>\n\n\n\n<p>\u201cLa producci\u00f3n en l\u00edneas generales es muy interesante, el clima acompa\u00f1a bien para un secado r\u00e1pido, a veces se pasa un poco en el sentido que es tan seco que cuesta hacer un producto de buena calidad, con buena condici\u00f3n de hoja\u201d, agreg\u00f3.<\/p>\n\n\n\n<p><strong>Mercado<\/strong><br>La empresa Arceo est\u00e1 inserta en el mercado argentino, zona patag\u00f3nica, pampeana, \u201cnos limita un poco la cuesti\u00f3n de transporte que incide a la hora del costo, pero tenemos clientes en distintos punto del pa\u00eds. La expectativa de exportaci\u00f3n est\u00e1 puesta, intentamos pero es dif\u00edcil porque hay costos diferentes a nivel municipal y nacional para poder lograr un papel que te certifique como exportador de determinados productos\u201d manifest\u00f3 el encargado.<\/p>\n\n\n\n<p>\u201cEntendemos que en la medida que tengamos un esquema horizontal de producci\u00f3n (hect\u00e1reas) ya vamos a tener la capacidad para poder salir al exterior con mayor fluidez y capacidad de venta\u201d, anunci\u00f3.<\/p>\n\n\n\n<figure class=\"wp-block-image size-large\"><img data-recalc-dims=\"1\" fetchpriority=\"high\" decoding=\"async\" width=\"777\" height=\"437\" src=\"https:\/\/i0.wp.com\/www.todoalfalfa.com.ar\/wp-content\/uploads\/2019\/04\/alfalfabajoriego.jpg?resize=777%2C437&#038;ssl=1\" alt=\"\" class=\"wp-image-40787\" srcset=\"https:\/\/i0.wp.com\/www.todoalfalfa.com.ar\/noticias\/wp-content\/uploads\/2019\/04\/alfalfabajoriego.jpg?w=777&amp;ssl=1 777w, https:\/\/i0.wp.com\/www.todoalfalfa.com.ar\/noticias\/wp-content\/uploads\/2019\/04\/alfalfabajoriego.jpg?resize=300%2C169&amp;ssl=1 300w, https:\/\/i0.wp.com\/www.todoalfalfa.com.ar\/noticias\/wp-content\/uploads\/2019\/04\/alfalfabajoriego.jpg?resize=768%2C432&amp;ssl=1 768w, https:\/\/i0.wp.com\/www.todoalfalfa.com.ar\/noticias\/wp-content\/uploads\/2019\/04\/alfalfabajoriego.jpg?resize=180%2C101&amp;ssl=1 180w, https:\/\/i0.wp.com\/www.todoalfalfa.com.ar\/noticias\/wp-content\/uploads\/2019\/04\/alfalfabajoriego.jpg?resize=260%2C146&amp;ssl=1 260w, https:\/\/i0.wp.com\/www.todoalfalfa.com.ar\/noticias\/wp-content\/uploads\/2019\/04\/alfalfabajoriego.jpg?resize=373%2C210&amp;ssl=1 373w, https:\/\/i0.wp.com\/www.todoalfalfa.com.ar\/noticias\/wp-content\/uploads\/2019\/04\/alfalfabajoriego.jpg?resize=120%2C67&amp;ssl=1 120w\" sizes=\"(max-width: 777px) 100vw, 777px\" \/><figcaption>imagen ilustrativa<\/figcaption><\/figure>\n\n\n\n<p><strong>Datos<\/strong><br>En la actualidad la firma tiene en producci\u00f3n 280 hect\u00e1reas de alfalfa y se proyecta incorporar 50 hect\u00e1reas de verdeo para ganader\u00eda. En total ser\u00e1n 100 hect\u00e1reas m\u00e1s a futuro para la plantaci\u00f3n de alfalfa.<\/p>\n\n\n\n<p>4 Pivot de 75 hect\u00e1reas c\/u<br>1 Pivot con moa (pastura de verano)<br>5 Cortes por temporada<br>4 Tinglados de 900 metros cuadrados c\/u.<br><br><strong>Beneficios de la zona productiva El Sauzal y ampliaci\u00f3n<\/strong><br>Lobos destac\u00f3 que \u201cla provincia de La Pampa, con esta zona, tuvo la posibilidad de ofrecer superficies de tierras importantes para proyectos que tengan escala, y a valores razonables para el costo de la tierra, tiene una inversi\u00f3n provincial muy importante con el sistema de riego que ya est\u00e1 desarrollado. Cuando uno es adjudicatario de parcelas, el agua est\u00e1 prevista en cabecera de parcela, cosa que en otros \u00e1mbitos es m\u00e1s dif\u00edcil de lograr\u201d.<\/p>\n\n\n\n<p>\u201cHay infraestructura b\u00e1sica de l\u00edneas de energ\u00eda que hoy en d\u00eda es muy importante y por supuesto la red provincial caminera, estamos en un lugar estrat\u00e9gico para tomar rutas nacionales para distintos lugares de destino de la mercader\u00eda\u201d, agreg\u00f3.<\/p>\n\n\n\n<p>\u201cEl Ente Provincial del R\u00edo Colorado ha sido uno de los principales organismos que apoy\u00f3 esta situaci\u00f3n de producci\u00f3n. La Provincia apoy\u00f3 con una tarifa de energ\u00eda diferenciada que en ese momento fue muy importante para poder encarar los proyectos\u201d, puntualiz\u00f3.<\/p>\n\n\n\n<p>Adem\u00e1s sostuvo que se incorpor\u00f3 mucha tecnolog\u00eda en riego, \u201cmaquinaria de cosecha, apuntamos a seguir incorporando. Estamos hablando de sistemas de fertilizaci\u00f3n de manejo sectorizado de parcelas\u201d, sostuvo.<\/p>\n\n\n\n<p>\u201cHoy la empresa privilegi\u00f3 el desarrollo, hab\u00eda que cumplir con un proyecto, desarrollar la superficie, hab\u00eda que tener una escala. A medida que se logre esa escala, luego viene el proceso de incorporar m\u00e1s inversi\u00f3n en la parte industrial y tecnol\u00f3gica\u201d, concluy\u00f3.<\/p>\n\n\n\n<p><em>Fuente: Infopico.com<\/em><\/p>\n<div class=\"todoalfalfa-final-de-la-nota\" id=\"todoalfalfa-4180578792\"><a href=\"https:\/\/www.whatsapp.com\/channel\/0029VbCBmFB9WtBxJsD3eC2i\" target=\"_blank\" aria-label=\"5\"><img src=\"https:\/\/i0.wp.com\/www.todoalfalfa.com.ar\/noticias\/wp-content\/uploads\/2026\/04\/5.gif?fit=728%2C90&#038;ssl=1\" alt=\"\"  width=\"728\" height=\"90\"   \/><\/a><\/div>","protected":false},"excerpt":{"rendered":"<p>El mega emprendimiento productivo de la firma Luis Arceo en secci\u00f3n primera de 25 de Mayo posee 300 hect\u00e1reas de alfalfa que luego son industrializadas en fardos peque\u00f1os, megafardos, cubos de alfalfa y pelets, y que se comercializan en distintas parte de la Argentina. El proyecto est\u00e1 basado en un sistema de riego presurizado (pivot) para el uso eficiente del agua.<\/p>\n","protected":false},"author":3,"featured_media":43268,"comment_status":"closed","ping_status":"open","sticky":false,"template":"","format":"standard","meta":{"jetpack_post_was_ever_published":false,"_jetpack_newsletter_access":"","_jetpack_dont_email_post_to_subs":false,"_jetpack_newsletter_tier_id":0,"_jetpack_memberships_contains_paywalled_content":false,"_jetpack_memberships_contains_paid_content":false,"footnotes":""},"categories":[2],"tags":[1011,31,741,1014,1012,30,586,44,1013],"class_list":["post-43267","post","type-post","status-publish","format-standard","has-post-thumbnail","hentry","category-generales","tag-25-de-mayo","tag-alfalfa","tag-arceo","tag-cubos","tag-emprendimiento","tag-fardos","tag-la-pampa","tag-luis","tag-pellets"],"yoast_head":"<!-- This site is optimized with the Yoast SEO plugin v25.5 - https:\/\/yoast.com\/wordpress\/plugins\/seo\/ -->\n<title>La Pampa: avanza un mega emprendimiento productivo en 25 de Mayo<\/title>\n<meta name=\"robots\" content=\"index, follow, max-snippet:-1, max-image-preview:large, max-video-preview:-1\" \/>\n<link rel=\"canonical\" href=\"https:\/\/www.todoalfalfa.com.ar\/noticias\/con-300-hectareas-de-alfalfa-avanza-un-mega-emprendimiento-productivo-en-25-de-mayo\/\" \/>\n<meta property=\"og:locale\" content=\"es_ES\" \/>\n<meta property=\"og:type\" content=\"article\" \/>\n<meta property=\"og:title\" content=\"La Pampa: avanza un mega emprendimiento productivo en 25 de Mayo\" \/>\n<meta property=\"og:description\" content=\"El mega emprendimiento productivo de la firma Luis Arceo en secci\u00f3n primera de 25 de Mayo posee 300 hect\u00e1reas de alfalfa que luego son industrializadas en fardos peque\u00f1os, megafardos, cubos de alfalfa y pelets, y que se comercializan en distintas parte de la Argentina. El proyecto est\u00e1 basado en un sistema de riego presurizado (pivot) para el uso eficiente del agua.\" \/>\n<meta property=\"og:url\" content=\"https:\/\/www.todoalfalfa.com.ar\/noticias\/con-300-hectareas-de-alfalfa-avanza-un-mega-emprendimiento-productivo-en-25-de-mayo\/\" \/>\n<meta property=\"og:site_name\" content=\"Todo Alfalfa\" \/>\n<meta property=\"article:publisher\" content=\"https:\/\/www.facebook.com\/todoalfalfa\" \/>\n<meta property=\"article:published_time\" content=\"2021-02-02T12:09:29+00:00\" \/>\n<meta property=\"article:modified_time\" content=\"2021-02-02T13:05:17+00:00\" \/>\n<meta property=\"og:image\" content=\"https:\/\/www.todoalfalfa.com.ar\/noticias\/wp-content\/uploads\/2021\/02\/instalaciones-arceo.jpg\" \/>\n\t<meta property=\"og:image:width\" content=\"777\" \/>\n\t<meta property=\"og:image:height\" content=\"437\" \/>\n\t<meta property=\"og:image:type\" content=\"image\/jpeg\" \/>\n<meta name=\"author\" content=\"Todo Alfalfa\" \/>\n<meta name=\"twitter:card\" content=\"summary_large_image\" \/>\n<meta name=\"twitter:label1\" content=\"Escrito por\" \/>\n\t<meta name=\"twitter:data1\" content=\"Todo Alfalfa\" \/>\n\t<meta name=\"twitter:label2\" content=\"Tiempo de lectura\" \/>\n\t<meta name=\"twitter:data2\" content=\"4 minutos\" \/>\n<script type=\"application\/ld+json\" class=\"yoast-schema-graph\">{\"@context\":\"https:\/\/schema.org\",\"@graph\":[{\"@type\":\"NewsArticle\",\"@id\":\"https:\/\/www.todoalfalfa.com.ar\/noticias\/con-300-hectareas-de-alfalfa-avanza-un-mega-emprendimiento-productivo-en-25-de-mayo\/#article\",\"isPartOf\":{\"@id\":\"https:\/\/www.todoalfalfa.com.ar\/noticias\/con-300-hectareas-de-alfalfa-avanza-un-mega-emprendimiento-productivo-en-25-de-mayo\/\"},\"author\":{\"name\":\"Todo Alfalfa\",\"@id\":\"https:\/\/www.todoalfalfa.com.ar\/noticias\/#\/schema\/person\/4ee4bca9b9fa50c4f0fbaf7017fbf2ad\"},\"headline\":\"La Pampa: avanza un mega emprendimiento productivo en 25 de Mayo\",\"datePublished\":\"2021-02-02T12:09:29+00:00\",\"dateModified\":\"2021-02-02T13:05:17+00:00\",\"mainEntityOfPage\":{\"@id\":\"https:\/\/www.todoalfalfa.com.ar\/noticias\/con-300-hectareas-de-alfalfa-avanza-un-mega-emprendimiento-productivo-en-25-de-mayo\/\"},\"wordCount\":699,\"publisher\":{\"@id\":\"https:\/\/www.todoalfalfa.com.ar\/noticias\/#organization\"},\"image\":{\"@id\":\"https:\/\/www.todoalfalfa.com.ar\/noticias\/con-300-hectareas-de-alfalfa-avanza-un-mega-emprendimiento-productivo-en-25-de-mayo\/#primaryimage\"},\"thumbnailUrl\":\"https:\/\/i0.wp.com\/www.todoalfalfa.com.ar\/noticias\/wp-content\/uploads\/2021\/02\/instalaciones-arceo.jpg?fit=777%2C437&ssl=1\",\"keywords\":[\"25 de Mayo\",\"alfalfa\",\"Arceo\",\"cubos\",\"emprendimiento\",\"fardos\",\"La Pampa\",\"Luis\",\"pellets\"],\"articleSection\":[\"Generales\"],\"inLanguage\":\"es\"},{\"@type\":[\"WebPage\",\"ItemPage\"],\"@id\":\"https:\/\/www.todoalfalfa.com.ar\/noticias\/con-300-hectareas-de-alfalfa-avanza-un-mega-emprendimiento-productivo-en-25-de-mayo\/\",\"url\":\"https:\/\/www.todoalfalfa.com.ar\/noticias\/con-300-hectareas-de-alfalfa-avanza-un-mega-emprendimiento-productivo-en-25-de-mayo\/\",\"name\":\"La Pampa: avanza un mega emprendimiento productivo en 25 de Mayo\",\"isPartOf\":{\"@id\":\"https:\/\/www.todoalfalfa.com.ar\/noticias\/#website\"},\"primaryImageOfPage\":{\"@id\":\"https:\/\/www.todoalfalfa.com.ar\/noticias\/con-300-hectareas-de-alfalfa-avanza-un-mega-emprendimiento-productivo-en-25-de-mayo\/#primaryimage\"},\"image\":{\"@id\":\"https:\/\/www.todoalfalfa.com.ar\/noticias\/con-300-hectareas-de-alfalfa-avanza-un-mega-emprendimiento-productivo-en-25-de-mayo\/#primaryimage\"},\"thumbnailUrl\":\"https:\/\/i0.wp.com\/www.todoalfalfa.com.ar\/noticias\/wp-content\/uploads\/2021\/02\/instalaciones-arceo.jpg?fit=777%2C437&ssl=1\",\"datePublished\":\"2021-02-02T12:09:29+00:00\",\"dateModified\":\"2021-02-02T13:05:17+00:00\",\"breadcrumb\":{\"@id\":\"https:\/\/www.todoalfalfa.com.ar\/noticias\/con-300-hectareas-de-alfalfa-avanza-un-mega-emprendimiento-productivo-en-25-de-mayo\/#breadcrumb\"},\"inLanguage\":\"es\",\"potentialAction\":[{\"@type\":\"ReadAction\",\"target\":[\"https:\/\/www.todoalfalfa.com.ar\/noticias\/con-300-hectareas-de-alfalfa-avanza-un-mega-emprendimiento-productivo-en-25-de-mayo\/\"]}]},{\"@type\":\"ImageObject\",\"inLanguage\":\"es\",\"@id\":\"https:\/\/www.todoalfalfa.com.ar\/noticias\/con-300-hectareas-de-alfalfa-avanza-un-mega-emprendimiento-productivo-en-25-de-mayo\/#primaryimage\",\"url\":\"https:\/\/i0.wp.com\/www.todoalfalfa.com.ar\/noticias\/wp-content\/uploads\/2021\/02\/instalaciones-arceo.jpg?fit=777%2C437&ssl=1\",\"contentUrl\":\"https:\/\/i0.wp.com\/www.todoalfalfa.com.ar\/noticias\/wp-content\/uploads\/2021\/02\/instalaciones-arceo.jpg?fit=777%2C437&ssl=1\",\"width\":777,\"height\":437},{\"@type\":\"BreadcrumbList\",\"@id\":\"https:\/\/www.todoalfalfa.com.ar\/noticias\/con-300-hectareas-de-alfalfa-avanza-un-mega-emprendimiento-productivo-en-25-de-mayo\/#breadcrumb\",\"itemListElement\":[{\"@type\":\"ListItem\",\"position\":1,\"name\":\"Principal\",\"item\":\"https:\/\/www.todoalfalfa.com.ar\/noticias\/\"},{\"@type\":\"ListItem\",\"position\":2,\"name\":\"La Pampa: avanza un mega emprendimiento productivo en 25 de Mayo\"}]},{\"@type\":\"WebSite\",\"@id\":\"https:\/\/www.todoalfalfa.com.ar\/noticias\/#website\",\"url\":\"https:\/\/www.todoalfalfa.com.ar\/noticias\/\",\"name\":\"Todo Alfalfa\",\"description\":\"Web informativa de la cadena de la alfalfa argentina\",\"publisher\":{\"@id\":\"https:\/\/www.todoalfalfa.com.ar\/noticias\/#organization\"},\"potentialAction\":[{\"@type\":\"SearchAction\",\"target\":{\"@type\":\"EntryPoint\",\"urlTemplate\":\"https:\/\/www.todoalfalfa.com.ar\/noticias\/?s={search_term_string}\"},\"query-input\":{\"@type\":\"PropertyValueSpecification\",\"valueRequired\":true,\"valueName\":\"search_term_string\"}}],\"inLanguage\":\"es\"},{\"@type\":\"Organization\",\"@id\":\"https:\/\/www.todoalfalfa.com.ar\/noticias\/#organization\",\"name\":\"Todo Alfalfa\",\"url\":\"https:\/\/www.todoalfalfa.com.ar\/noticias\/\",\"logo\":{\"@type\":\"ImageObject\",\"inLanguage\":\"es\",\"@id\":\"https:\/\/www.todoalfalfa.com.ar\/noticias\/#\/schema\/logo\/image\/\",\"url\":\"https:\/\/www.todoalfalfa.com.ar\/noticias\/wp-content\/uploads\/2020\/09\/logo-todo-alfalfa-modificado.png\",\"contentUrl\":\"https:\/\/www.todoalfalfa.com.ar\/noticias\/wp-content\/uploads\/2020\/09\/logo-todo-alfalfa-modificado.png\",\"width\":350,\"height\":100,\"caption\":\"Todo Alfalfa\"},\"image\":{\"@id\":\"https:\/\/www.todoalfalfa.com.ar\/noticias\/#\/schema\/logo\/image\/\"},\"sameAs\":[\"https:\/\/www.facebook.com\/todoalfalfa\",\"https:\/\/www.instagram.com\/todoalfalfa\",\"https:\/\/www.youtube.com\/@TodoAlfalfa\",\"https:\/\/www.linkedin.com\/company\/todoalfalfa\/\"]},{\"@type\":\"Person\",\"@id\":\"https:\/\/www.todoalfalfa.com.ar\/noticias\/#\/schema\/person\/4ee4bca9b9fa50c4f0fbaf7017fbf2ad\",\"name\":\"Todo Alfalfa\",\"image\":{\"@type\":\"ImageObject\",\"inLanguage\":\"es\",\"@id\":\"https:\/\/www.todoalfalfa.com.ar\/noticias\/#\/schema\/person\/image\/\",\"url\":\"https:\/\/secure.gravatar.com\/avatar\/4d26a600a1380823a26c3f9cb74ada1a8ee4b482c0c3a616ab022b865c46be8f?s=96&d=mm&r=g\",\"contentUrl\":\"https:\/\/secure.gravatar.com\/avatar\/4d26a600a1380823a26c3f9cb74ada1a8ee4b482c0c3a616ab022b865c46be8f?s=96&d=mm&r=g\",\"caption\":\"Todo Alfalfa\"},\"sameAs\":[\"http:\/\/www.todoalfalfa.com.ar\"],\"url\":\"https:\/\/www.todoalfalfa.com.ar\/noticias\/author\/todoalfalfa\/\"}]}<\/script>\n<!-- \/ Yoast SEO plugin. -->","yoast_head_json":{"title":"La Pampa: avanza un mega emprendimiento productivo en 25 de Mayo","robots":{"index":"index","follow":"follow","max-snippet":"max-snippet:-1","max-image-preview":"max-image-preview:large","max-video-preview":"max-video-preview:-1"},"canonical":"https:\/\/www.todoalfalfa.com.ar\/noticias\/con-300-hectareas-de-alfalfa-avanza-un-mega-emprendimiento-productivo-en-25-de-mayo\/","og_locale":"es_ES","og_type":"article","og_title":"La Pampa: avanza un mega emprendimiento productivo en 25 de Mayo","og_description":"El mega emprendimiento productivo de la firma Luis Arceo en secci\u00f3n primera de 25 de Mayo posee 300 hect\u00e1reas de alfalfa que luego son industrializadas en fardos peque\u00f1os, megafardos, cubos de alfalfa y pelets, y que se comercializan en distintas parte de la Argentina. El proyecto est\u00e1 basado en un sistema de riego presurizado (pivot) para el uso eficiente del agua.","og_url":"https:\/\/www.todoalfalfa.com.ar\/noticias\/con-300-hectareas-de-alfalfa-avanza-un-mega-emprendimiento-productivo-en-25-de-mayo\/","og_site_name":"Todo Alfalfa","article_publisher":"https:\/\/www.facebook.com\/todoalfalfa","article_published_time":"2021-02-02T12:09:29+00:00","article_modified_time":"2021-02-02T13:05:17+00:00","og_image":[{"width":777,"height":437,"url":"https:\/\/www.todoalfalfa.com.ar\/noticias\/wp-content\/uploads\/2021\/02\/instalaciones-arceo.jpg","type":"image\/jpeg"}],"author":"Todo Alfalfa","twitter_card":"summary_large_image","twitter_misc":{"Escrito por":"Todo Alfalfa","Tiempo de lectura":"4 minutos"},"schema":{"@context":"https:\/\/schema.org","@graph":[{"@type":"NewsArticle","@id":"https:\/\/www.todoalfalfa.com.ar\/noticias\/con-300-hectareas-de-alfalfa-avanza-un-mega-emprendimiento-productivo-en-25-de-mayo\/#article","isPartOf":{"@id":"https:\/\/www.todoalfalfa.com.ar\/noticias\/con-300-hectareas-de-alfalfa-avanza-un-mega-emprendimiento-productivo-en-25-de-mayo\/"},"author":{"name":"Todo Alfalfa","@id":"https:\/\/www.todoalfalfa.com.ar\/noticias\/#\/schema\/person\/4ee4bca9b9fa50c4f0fbaf7017fbf2ad"},"headline":"La Pampa: avanza un mega emprendimiento productivo en 25 de Mayo","datePublished":"2021-02-02T12:09:29+00:00","dateModified":"2021-02-02T13:05:17+00:00","mainEntityOfPage":{"@id":"https:\/\/www.todoalfalfa.com.ar\/noticias\/con-300-hectareas-de-alfalfa-avanza-un-mega-emprendimiento-productivo-en-25-de-mayo\/"},"wordCount":699,"publisher":{"@id":"https:\/\/www.todoalfalfa.com.ar\/noticias\/#organization"},"image":{"@id":"https:\/\/www.todoalfalfa.com.ar\/noticias\/con-300-hectareas-de-alfalfa-avanza-un-mega-emprendimiento-productivo-en-25-de-mayo\/#primaryimage"},"thumbnailUrl":"https:\/\/i0.wp.com\/www.todoalfalfa.com.ar\/noticias\/wp-content\/uploads\/2021\/02\/instalaciones-arceo.jpg?fit=777%2C437&ssl=1","keywords":["25 de Mayo","alfalfa","Arceo","cubos","emprendimiento","fardos","La Pampa","Luis","pellets"],"articleSection":["Generales"],"inLanguage":"es"},{"@type":["WebPage","ItemPage"],"@id":"https:\/\/www.todoalfalfa.com.ar\/noticias\/con-300-hectareas-de-alfalfa-avanza-un-mega-emprendimiento-productivo-en-25-de-mayo\/","url":"https:\/\/www.todoalfalfa.com.ar\/noticias\/con-300-hectareas-de-alfalfa-avanza-un-mega-emprendimiento-productivo-en-25-de-mayo\/","name":"La Pampa: avanza un mega emprendimiento productivo en 25 de Mayo","isPartOf":{"@id":"https:\/\/www.todoalfalfa.com.ar\/noticias\/#website"},"primaryImageOfPage":{"@id":"https:\/\/www.todoalfalfa.com.ar\/noticias\/con-300-hectareas-de-alfalfa-avanza-un-mega-emprendimiento-productivo-en-25-de-mayo\/#primaryimage"},"image":{"@id":"https:\/\/www.todoalfalfa.com.ar\/noticias\/con-300-hectareas-de-alfalfa-avanza-un-mega-emprendimiento-productivo-en-25-de-mayo\/#primaryimage"},"thumbnailUrl":"https:\/\/i0.wp.com\/www.todoalfalfa.com.ar\/noticias\/wp-content\/uploads\/2021\/02\/instalaciones-arceo.jpg?fit=777%2C437&ssl=1","datePublished":"2021-02-02T12:09:29+00:00","dateModified":"2021-02-02T13:05:17+00:00","breadcrumb":{"@id":"https:\/\/www.todoalfalfa.com.ar\/noticias\/con-300-hectareas-de-alfalfa-avanza-un-mega-emprendimiento-productivo-en-25-de-mayo\/#breadcrumb"},"inLanguage":"es","potentialAction":[{"@type":"ReadAction","target":["https:\/\/www.todoalfalfa.com.ar\/noticias\/con-300-hectareas-de-alfalfa-avanza-un-mega-emprendimiento-productivo-en-25-de-mayo\/"]}]},{"@type":"ImageObject","inLanguage":"es","@id":"https:\/\/www.todoalfalfa.com.ar\/noticias\/con-300-hectareas-de-alfalfa-avanza-un-mega-emprendimiento-productivo-en-25-de-mayo\/#primaryimage","url":"https:\/\/i0.wp.com\/www.todoalfalfa.com.ar\/noticias\/wp-content\/uploads\/2021\/02\/instalaciones-arceo.jpg?fit=777%2C437&ssl=1","contentUrl":"https:\/\/i0.wp.com\/www.todoalfalfa.com.ar\/noticias\/wp-content\/uploads\/2021\/02\/instalaciones-arceo.jpg?fit=777%2C437&ssl=1","width":777,"height":437},{"@type":"BreadcrumbList","@id":"https:\/\/www.todoalfalfa.com.ar\/noticias\/con-300-hectareas-de-alfalfa-avanza-un-mega-emprendimiento-productivo-en-25-de-mayo\/#breadcrumb","itemListElement":[{"@type":"ListItem","position":1,"name":"Principal","item":"https:\/\/www.todoalfalfa.com.ar\/noticias\/"},{"@type":"ListItem","position":2,"name":"La Pampa: avanza un mega emprendimiento productivo en 25 de Mayo"}]},{"@type":"WebSite","@id":"https:\/\/www.todoalfalfa.com.ar\/noticias\/#website","url":"https:\/\/www.todoalfalfa.com.ar\/noticias\/","name":"Todo Alfalfa","description":"Web informativa de la cadena de la alfalfa argentina","publisher":{"@id":"https:\/\/www.todoalfalfa.com.ar\/noticias\/#organization"},"potentialAction":[{"@type":"SearchAction","target":{"@type":"EntryPoint","urlTemplate":"https:\/\/www.todoalfalfa.com.ar\/noticias\/?s={search_term_string}"},"query-input":{"@type":"PropertyValueSpecification","valueRequired":true,"valueName":"search_term_string"}}],"inLanguage":"es"},{"@type":"Organization","@id":"https:\/\/www.todoalfalfa.com.ar\/noticias\/#organization","name":"Todo Alfalfa","url":"https:\/\/www.todoalfalfa.com.ar\/noticias\/","logo":{"@type":"ImageObject","inLanguage":"es","@id":"https:\/\/www.todoalfalfa.com.ar\/noticias\/#\/schema\/logo\/image\/","url":"https:\/\/www.todoalfalfa.com.ar\/noticias\/wp-content\/uploads\/2020\/09\/logo-todo-alfalfa-modificado.png","contentUrl":"https:\/\/www.todoalfalfa.com.ar\/noticias\/wp-content\/uploads\/2020\/09\/logo-todo-alfalfa-modificado.png","width":350,"height":100,"caption":"Todo Alfalfa"},"image":{"@id":"https:\/\/www.todoalfalfa.com.ar\/noticias\/#\/schema\/logo\/image\/"},"sameAs":["https:\/\/www.facebook.com\/todoalfalfa","https:\/\/www.instagram.com\/todoalfalfa","https:\/\/www.youtube.com\/@TodoAlfalfa","https:\/\/www.linkedin.com\/company\/todoalfalfa\/"]},{"@type":"Person","@id":"https:\/\/www.todoalfalfa.com.ar\/noticias\/#\/schema\/person\/4ee4bca9b9fa50c4f0fbaf7017fbf2ad","name":"Todo Alfalfa","image":{"@type":"ImageObject","inLanguage":"es","@id":"https:\/\/www.todoalfalfa.com.ar\/noticias\/#\/schema\/person\/image\/","url":"https:\/\/secure.gravatar.com\/avatar\/4d26a600a1380823a26c3f9cb74ada1a8ee4b482c0c3a616ab022b865c46be8f?s=96&d=mm&r=g","contentUrl":"https:\/\/secure.gravatar.com\/avatar\/4d26a600a1380823a26c3f9cb74ada1a8ee4b482c0c3a616ab022b865c46be8f?s=96&d=mm&r=g","caption":"Todo Alfalfa"},"sameAs":["http:\/\/www.todoalfalfa.com.ar"],"url":"https:\/\/www.todoalfalfa.com.ar\/noticias\/author\/todoalfalfa\/"}]}},"jetpack_featured_media_url":"https:\/\/i0.wp.com\/www.todoalfalfa.com.ar\/noticias\/wp-content\/uploads\/2021\/02\/instalaciones-arceo.jpg?fit=777%2C437&ssl=1","wps_subtitle":"","jetpack_sharing_enabled":true,"_links":{"self":[{"href":"https:\/\/www.todoalfalfa.com.ar\/noticias\/wp-json\/wp\/v2\/posts\/43267","targetHints":{"allow":["GET"]}}],"collection":[{"href":"https:\/\/www.todoalfalfa.com.ar\/noticias\/wp-json\/wp\/v2\/posts"}],"about":[{"href":"https:\/\/www.todoalfalfa.com.ar\/noticias\/wp-json\/wp\/v2\/types\/post"}],"author":[{"embeddable":true,"href":"https:\/\/www.todoalfalfa.com.ar\/noticias\/wp-json\/wp\/v2\/users\/3"}],"replies":[{"embeddable":true,"href":"https:\/\/www.todoalfalfa.com.ar\/noticias\/wp-json\/wp\/v2\/comments?post=43267"}],"version-history":[{"count":0,"href":"https:\/\/www.todoalfalfa.com.ar\/noticias\/wp-json\/wp\/v2\/posts\/43267\/revisions"}],"wp:featuredmedia":[{"embeddable":true,"href":"https:\/\/www.todoalfalfa.com.ar\/noticias\/wp-json\/wp\/v2\/media\/43268"}],"wp:attachment":[{"href":"https:\/\/www.todoalfalfa.com.ar\/noticias\/wp-json\/wp\/v2\/media?parent=43267"}],"wp:term":[{"taxonomy":"category","embeddable":true,"href":"https:\/\/www.todoalfalfa.com.ar\/noticias\/wp-json\/wp\/v2\/categories?post=43267"},{"taxonomy":"post_tag","embeddable":true,"href":"https:\/\/www.todoalfalfa.com.ar\/noticias\/wp-json\/wp\/v2\/tags?post=43267"}],"curies":[{"name":"wp","href":"https:\/\/api.w.org\/{rel}","templated":true}]}}