{"id":43461,"date":"2021-03-25T09:34:57","date_gmt":"2021-03-25T12:34:57","guid":{"rendered":"https:\/\/www.todoalfalfa.com.ar\/?p=43461"},"modified":"2021-03-25T09:34:58","modified_gmt":"2021-03-25T12:34:58","slug":"explican-a-productores-como-introducirse-en-el-mercado-de-exportacion-de-alfalfa","status":"publish","type":"post","link":"https:\/\/www.todoalfalfa.com.ar\/noticias\/explican-a-productores-como-introducirse-en-el-mercado-de-exportacion-de-alfalfa\/","title":{"rendered":"Explican a productores c\u00f3mo introducirse en el mercado de exportaci\u00f3n de alfalfa"},"content":{"rendered":"\n<p>La alfalfa cumple en San Luis una doble funci\u00f3n desde hace m\u00e1s de un a\u00f1o. Por un lado representa una buena opci\u00f3n para los productores, ya que la Secretar\u00eda de San Luis Log\u00edstica tiene todos los contactos para poder colocar los fardos en el exterior, por lo que pueden conseguir una buena renta en d\u00f3lares. Pero por otro hay una cuesti\u00f3n ambiental, ya que implantada en la Cuenca del Morro ayuda, debido a sus ra\u00edces profundas, a revertir los excesos h\u00eddricos en la zona, que de a poco experimenta una recuperaci\u00f3n de los suelos que alguna vez fueron productivos y hoy est\u00e1n llenos de c\u00e1rcavas, al tiempo que perdieron productividad.<\/p>\n\n\n\n<p>Pero el apoyo a los productores de alfalfa no se limita solo a esa zona cercana a Villa Mercedes. Seg\u00fan public\u00f3 el eldiariodelarepublica.com, el organismo pretende que la pastura sea una salida econ\u00f3mica en otras zonas de San Luis. Por eso sus t\u00e9cnicos visitan todas las semanas campos en diversas regiones para comentar los beneficios de trabajar con Alfazal, que es la sapem creada para tratar la alfalfa y darle una salida comercial.<\/p>\n\n\n\n<div class=\"wp-block-image\"><figure class=\"aligncenter size-large\"><img data-recalc-dims=\"1\" fetchpriority=\"high\" decoding=\"async\" width=\"777\" height=\"437\" src=\"https:\/\/i0.wp.com\/www.todoalfalfa.com.ar\/wp-content\/uploads\/2021\/03\/productores-alfalfa-sanluis.jpg?resize=777%2C437&#038;ssl=1\" alt=\"\" class=\"wp-image-43462\" srcset=\"https:\/\/i0.wp.com\/www.todoalfalfa.com.ar\/noticias\/wp-content\/uploads\/2021\/03\/productores-alfalfa-sanluis.jpg?w=777&amp;ssl=1 777w, https:\/\/i0.wp.com\/www.todoalfalfa.com.ar\/noticias\/wp-content\/uploads\/2021\/03\/productores-alfalfa-sanluis.jpg?resize=300%2C169&amp;ssl=1 300w, https:\/\/i0.wp.com\/www.todoalfalfa.com.ar\/noticias\/wp-content\/uploads\/2021\/03\/productores-alfalfa-sanluis.jpg?resize=768%2C432&amp;ssl=1 768w, https:\/\/i0.wp.com\/www.todoalfalfa.com.ar\/noticias\/wp-content\/uploads\/2021\/03\/productores-alfalfa-sanluis.jpg?resize=180%2C101&amp;ssl=1 180w, https:\/\/i0.wp.com\/www.todoalfalfa.com.ar\/noticias\/wp-content\/uploads\/2021\/03\/productores-alfalfa-sanluis.jpg?resize=260%2C146&amp;ssl=1 260w, https:\/\/i0.wp.com\/www.todoalfalfa.com.ar\/noticias\/wp-content\/uploads\/2021\/03\/productores-alfalfa-sanluis.jpg?resize=373%2C210&amp;ssl=1 373w, https:\/\/i0.wp.com\/www.todoalfalfa.com.ar\/noticias\/wp-content\/uploads\/2021\/03\/productores-alfalfa-sanluis.jpg?resize=120%2C67&amp;ssl=1 120w\" sizes=\"(max-width: 777px) 100vw, 777px\" \/><\/figure><\/div>\n\n\n\n<p>En la semana que pas\u00f3, funcionarios de San Luis Log\u00edstica se reunieron con productores de alfalfa de Quines y Candelaria para asesorarlos acerca de la obtenci\u00f3n de cultivos de calidad y contarles las posibilidades que hay en cuanto a la exportaci\u00f3n.<\/p>\n\n\n\n<p>La jornada se desarroll\u00f3 con una presentaci\u00f3n de todos los servicios que brinda la secretar\u00eda, los beneficios que obtienen al mejorar el producto y los convenios y contactos internacionales que pueden utilizar para exportar.<\/p>\n\n\n\n<p>\u201cFue una reuni\u00f3n muy productiva, nosotros trabajamos con muchas necesidades y ver este apoyo para que estemos mejor, es excelente\u201d, dijo Mirta Gether, due\u00f1a de un campo en Candelaria.<\/p>\n\n\n\n<p>Por otra parte, \u00c1ngel Maroco, productor de Quines, asegur\u00f3 al diario que \u201cfue muy interesante dialogar con el Gobierno, ya que siempre se apunt\u00f3 al mercado interno por todo lo que significa la distribuci\u00f3n, la producci\u00f3n y la log\u00edstica que se genera. La chance de exportar es una nueva puerta que nos parece muy importante para cerrar luego alg\u00fan contrato\u201d.<\/p>\n<div class=\"todoalfalfa-final-de-la-nota\" id=\"todoalfalfa-4102966379\"><a href=\"https:\/\/www.whatsapp.com\/channel\/0029VbCBmFB9WtBxJsD3eC2i\" target=\"_blank\" aria-label=\"5\"><img src=\"https:\/\/i0.wp.com\/www.todoalfalfa.com.ar\/noticias\/wp-content\/uploads\/2026\/04\/5.gif?fit=728%2C90&#038;ssl=1\" alt=\"\"  width=\"728\" height=\"90\"   \/><\/a><\/div>","protected":false},"excerpt":{"rendered":"<p>Un equipo de San Luis Log\u00edstica viaj\u00f3 al norte provincial para comentarle a productores c\u00f3mo conseguir pasturas de calidad para venderlas en Medio Oriente.<\/p>\n","protected":false},"author":3,"featured_media":42339,"comment_status":"closed","ping_status":"open","sticky":false,"template":"","format":"standard","meta":{"jetpack_post_was_ever_published":false,"_jetpack_newsletter_access":"","_jetpack_dont_email_post_to_subs":false,"_jetpack_newsletter_tier_id":0,"_jetpack_memberships_contains_paywalled_content":false,"_jetpack_memberships_contains_paid_content":false,"footnotes":""},"categories":[2],"tags":[31,674,236,667,782,216,336],"class_list":["post-43461","post","type-post","status-publish","format-standard","has-post-thumbnail","hentry","category-generales","tag-alfalfa","tag-alfazal","tag-exportacion","tag-medio-oriente","tag-productores","tag-reunion","tag-san-luis"],"yoast_head":"<!-- This site is optimized with the Yoast SEO plugin v25.5 - https:\/\/yoast.com\/wordpress\/plugins\/seo\/ -->\n<title>Explican a productores c\u00f3mo introducirse en el mercado de exportaci\u00f3n de alfalfa<\/title>\n<meta name=\"robots\" content=\"index, follow, max-snippet:-1, max-image-preview:large, max-video-preview:-1\" \/>\n<link rel=\"canonical\" href=\"https:\/\/www.todoalfalfa.com.ar\/noticias\/explican-a-productores-como-introducirse-en-el-mercado-de-exportacion-de-alfalfa\/\" \/>\n<meta property=\"og:locale\" content=\"es_ES\" \/>\n<meta property=\"og:type\" content=\"article\" \/>\n<meta property=\"og:title\" content=\"Explican a productores c\u00f3mo introducirse en el mercado de exportaci\u00f3n de alfalfa\" \/>\n<meta property=\"og:description\" content=\"Un equipo de San Luis Log\u00edstica viaj\u00f3 al norte provincial para comentarle a productores c\u00f3mo conseguir pasturas de calidad para venderlas en Medio Oriente.\" \/>\n<meta property=\"og:url\" content=\"https:\/\/www.todoalfalfa.com.ar\/noticias\/explican-a-productores-como-introducirse-en-el-mercado-de-exportacion-de-alfalfa\/\" \/>\n<meta property=\"og:site_name\" content=\"Todo Alfalfa\" \/>\n<meta property=\"article:publisher\" content=\"https:\/\/www.facebook.com\/todoalfalfa\" \/>\n<meta property=\"article:published_time\" content=\"2021-03-25T12:34:57+00:00\" \/>\n<meta property=\"article:modified_time\" content=\"2021-03-25T12:34:58+00:00\" \/>\n<meta property=\"og:image\" content=\"https:\/\/www.todoalfalfa.com.ar\/noticias\/wp-content\/uploads\/2020\/07\/alfalfa-exportacion-3.jpg\" \/>\n\t<meta property=\"og:image:width\" content=\"777\" \/>\n\t<meta property=\"og:image:height\" content=\"437\" \/>\n\t<meta property=\"og:image:type\" content=\"image\/jpeg\" \/>\n<meta name=\"author\" content=\"Todo Alfalfa\" \/>\n<meta name=\"twitter:card\" content=\"summary_large_image\" \/>\n<meta name=\"twitter:label1\" content=\"Escrito por\" \/>\n\t<meta name=\"twitter:data1\" content=\"Todo Alfalfa\" \/>\n\t<meta name=\"twitter:label2\" content=\"Tiempo de lectura\" \/>\n\t<meta name=\"twitter:data2\" content=\"2 minutos\" \/>\n<script type=\"application\/ld+json\" class=\"yoast-schema-graph\">{\"@context\":\"https:\/\/schema.org\",\"@graph\":[{\"@type\":\"NewsArticle\",\"@id\":\"https:\/\/www.todoalfalfa.com.ar\/noticias\/explican-a-productores-como-introducirse-en-el-mercado-de-exportacion-de-alfalfa\/#article\",\"isPartOf\":{\"@id\":\"https:\/\/www.todoalfalfa.com.ar\/noticias\/explican-a-productores-como-introducirse-en-el-mercado-de-exportacion-de-alfalfa\/\"},\"author\":{\"name\":\"Todo Alfalfa\",\"@id\":\"https:\/\/www.todoalfalfa.com.ar\/noticias\/#\/schema\/person\/4ee4bca9b9fa50c4f0fbaf7017fbf2ad\"},\"headline\":\"Explican a productores c\u00f3mo introducirse en el mercado de exportaci\u00f3n de alfalfa\",\"datePublished\":\"2021-03-25T12:34:57+00:00\",\"dateModified\":\"2021-03-25T12:34:58+00:00\",\"mainEntityOfPage\":{\"@id\":\"https:\/\/www.todoalfalfa.com.ar\/noticias\/explican-a-productores-como-introducirse-en-el-mercado-de-exportacion-de-alfalfa\/\"},\"wordCount\":389,\"publisher\":{\"@id\":\"https:\/\/www.todoalfalfa.com.ar\/noticias\/#organization\"},\"image\":{\"@id\":\"https:\/\/www.todoalfalfa.com.ar\/noticias\/explican-a-productores-como-introducirse-en-el-mercado-de-exportacion-de-alfalfa\/#primaryimage\"},\"thumbnailUrl\":\"https:\/\/i0.wp.com\/www.todoalfalfa.com.ar\/noticias\/wp-content\/uploads\/2020\/07\/alfalfa-exportacion-3.jpg?fit=777%2C437&ssl=1\",\"keywords\":[\"alfalfa\",\"alfazal\",\"exportaci\u00f3n\",\"Medio Oriente\",\"productores\",\"reuni\u00f3n\",\"San Luis\"],\"articleSection\":[\"Generales\"],\"inLanguage\":\"es\"},{\"@type\":[\"WebPage\",\"ItemPage\"],\"@id\":\"https:\/\/www.todoalfalfa.com.ar\/noticias\/explican-a-productores-como-introducirse-en-el-mercado-de-exportacion-de-alfalfa\/\",\"url\":\"https:\/\/www.todoalfalfa.com.ar\/noticias\/explican-a-productores-como-introducirse-en-el-mercado-de-exportacion-de-alfalfa\/\",\"name\":\"Explican a productores c\u00f3mo introducirse en el mercado de exportaci\u00f3n de alfalfa\",\"isPartOf\":{\"@id\":\"https:\/\/www.todoalfalfa.com.ar\/noticias\/#website\"},\"primaryImageOfPage\":{\"@id\":\"https:\/\/www.todoalfalfa.com.ar\/noticias\/explican-a-productores-como-introducirse-en-el-mercado-de-exportacion-de-alfalfa\/#primaryimage\"},\"image\":{\"@id\":\"https:\/\/www.todoalfalfa.com.ar\/noticias\/explican-a-productores-como-introducirse-en-el-mercado-de-exportacion-de-alfalfa\/#primaryimage\"},\"thumbnailUrl\":\"https:\/\/i0.wp.com\/www.todoalfalfa.com.ar\/noticias\/wp-content\/uploads\/2020\/07\/alfalfa-exportacion-3.jpg?fit=777%2C437&ssl=1\",\"datePublished\":\"2021-03-25T12:34:57+00:00\",\"dateModified\":\"2021-03-25T12:34:58+00:00\",\"breadcrumb\":{\"@id\":\"https:\/\/www.todoalfalfa.com.ar\/noticias\/explican-a-productores-como-introducirse-en-el-mercado-de-exportacion-de-alfalfa\/#breadcrumb\"},\"inLanguage\":\"es\",\"potentialAction\":[{\"@type\":\"ReadAction\",\"target\":[\"https:\/\/www.todoalfalfa.com.ar\/noticias\/explican-a-productores-como-introducirse-en-el-mercado-de-exportacion-de-alfalfa\/\"]}]},{\"@type\":\"ImageObject\",\"inLanguage\":\"es\",\"@id\":\"https:\/\/www.todoalfalfa.com.ar\/noticias\/explican-a-productores-como-introducirse-en-el-mercado-de-exportacion-de-alfalfa\/#primaryimage\",\"url\":\"https:\/\/i0.wp.com\/www.todoalfalfa.com.ar\/noticias\/wp-content\/uploads\/2020\/07\/alfalfa-exportacion-3.jpg?fit=777%2C437&ssl=1\",\"contentUrl\":\"https:\/\/i0.wp.com\/www.todoalfalfa.com.ar\/noticias\/wp-content\/uploads\/2020\/07\/alfalfa-exportacion-3.jpg?fit=777%2C437&ssl=1\",\"width\":777,\"height\":437},{\"@type\":\"BreadcrumbList\",\"@id\":\"https:\/\/www.todoalfalfa.com.ar\/noticias\/explican-a-productores-como-introducirse-en-el-mercado-de-exportacion-de-alfalfa\/#breadcrumb\",\"itemListElement\":[{\"@type\":\"ListItem\",\"position\":1,\"name\":\"Principal\",\"item\":\"https:\/\/www.todoalfalfa.com.ar\/noticias\/\"},{\"@type\":\"ListItem\",\"position\":2,\"name\":\"Explican a productores c\u00f3mo introducirse en el mercado de exportaci\u00f3n de alfalfa\"}]},{\"@type\":\"WebSite\",\"@id\":\"https:\/\/www.todoalfalfa.com.ar\/noticias\/#website\",\"url\":\"https:\/\/www.todoalfalfa.com.ar\/noticias\/\",\"name\":\"Todo Alfalfa\",\"description\":\"Web informativa de la cadena de la alfalfa argentina\",\"publisher\":{\"@id\":\"https:\/\/www.todoalfalfa.com.ar\/noticias\/#organization\"},\"potentialAction\":[{\"@type\":\"SearchAction\",\"target\":{\"@type\":\"EntryPoint\",\"urlTemplate\":\"https:\/\/www.todoalfalfa.com.ar\/noticias\/?s={search_term_string}\"},\"query-input\":{\"@type\":\"PropertyValueSpecification\",\"valueRequired\":true,\"valueName\":\"search_term_string\"}}],\"inLanguage\":\"es\"},{\"@type\":\"Organization\",\"@id\":\"https:\/\/www.todoalfalfa.com.ar\/noticias\/#organization\",\"name\":\"Todo Alfalfa\",\"url\":\"https:\/\/www.todoalfalfa.com.ar\/noticias\/\",\"logo\":{\"@type\":\"ImageObject\",\"inLanguage\":\"es\",\"@id\":\"https:\/\/www.todoalfalfa.com.ar\/noticias\/#\/schema\/logo\/image\/\",\"url\":\"https:\/\/www.todoalfalfa.com.ar\/noticias\/wp-content\/uploads\/2020\/09\/logo-todo-alfalfa-modificado.png\",\"contentUrl\":\"https:\/\/www.todoalfalfa.com.ar\/noticias\/wp-content\/uploads\/2020\/09\/logo-todo-alfalfa-modificado.png\",\"width\":350,\"height\":100,\"caption\":\"Todo Alfalfa\"},\"image\":{\"@id\":\"https:\/\/www.todoalfalfa.com.ar\/noticias\/#\/schema\/logo\/image\/\"},\"sameAs\":[\"https:\/\/www.facebook.com\/todoalfalfa\",\"https:\/\/www.instagram.com\/todoalfalfa\",\"https:\/\/www.youtube.com\/@TodoAlfalfa\",\"https:\/\/www.linkedin.com\/company\/todoalfalfa\/\"]},{\"@type\":\"Person\",\"@id\":\"https:\/\/www.todoalfalfa.com.ar\/noticias\/#\/schema\/person\/4ee4bca9b9fa50c4f0fbaf7017fbf2ad\",\"name\":\"Todo Alfalfa\",\"image\":{\"@type\":\"ImageObject\",\"inLanguage\":\"es\",\"@id\":\"https:\/\/www.todoalfalfa.com.ar\/noticias\/#\/schema\/person\/image\/\",\"url\":\"https:\/\/secure.gravatar.com\/avatar\/4d26a600a1380823a26c3f9cb74ada1a8ee4b482c0c3a616ab022b865c46be8f?s=96&d=mm&r=g\",\"contentUrl\":\"https:\/\/secure.gravatar.com\/avatar\/4d26a600a1380823a26c3f9cb74ada1a8ee4b482c0c3a616ab022b865c46be8f?s=96&d=mm&r=g\",\"caption\":\"Todo Alfalfa\"},\"sameAs\":[\"http:\/\/www.todoalfalfa.com.ar\"],\"url\":\"https:\/\/www.todoalfalfa.com.ar\/noticias\/author\/todoalfalfa\/\"}]}<\/script>\n<!-- \/ Yoast SEO plugin. -->","yoast_head_json":{"title":"Explican a productores c\u00f3mo introducirse en el mercado de exportaci\u00f3n de alfalfa","robots":{"index":"index","follow":"follow","max-snippet":"max-snippet:-1","max-image-preview":"max-image-preview:large","max-video-preview":"max-video-preview:-1"},"canonical":"https:\/\/www.todoalfalfa.com.ar\/noticias\/explican-a-productores-como-introducirse-en-el-mercado-de-exportacion-de-alfalfa\/","og_locale":"es_ES","og_type":"article","og_title":"Explican a productores c\u00f3mo introducirse en el mercado de exportaci\u00f3n de alfalfa","og_description":"Un equipo de San Luis Log\u00edstica viaj\u00f3 al norte provincial para comentarle a productores c\u00f3mo conseguir pasturas de calidad para venderlas en Medio Oriente.","og_url":"https:\/\/www.todoalfalfa.com.ar\/noticias\/explican-a-productores-como-introducirse-en-el-mercado-de-exportacion-de-alfalfa\/","og_site_name":"Todo Alfalfa","article_publisher":"https:\/\/www.facebook.com\/todoalfalfa","article_published_time":"2021-03-25T12:34:57+00:00","article_modified_time":"2021-03-25T12:34:58+00:00","og_image":[{"width":777,"height":437,"url":"https:\/\/www.todoalfalfa.com.ar\/noticias\/wp-content\/uploads\/2020\/07\/alfalfa-exportacion-3.jpg","type":"image\/jpeg"}],"author":"Todo Alfalfa","twitter_card":"summary_large_image","twitter_misc":{"Escrito por":"Todo Alfalfa","Tiempo de lectura":"2 minutos"},"schema":{"@context":"https:\/\/schema.org","@graph":[{"@type":"NewsArticle","@id":"https:\/\/www.todoalfalfa.com.ar\/noticias\/explican-a-productores-como-introducirse-en-el-mercado-de-exportacion-de-alfalfa\/#article","isPartOf":{"@id":"https:\/\/www.todoalfalfa.com.ar\/noticias\/explican-a-productores-como-introducirse-en-el-mercado-de-exportacion-de-alfalfa\/"},"author":{"name":"Todo Alfalfa","@id":"https:\/\/www.todoalfalfa.com.ar\/noticias\/#\/schema\/person\/4ee4bca9b9fa50c4f0fbaf7017fbf2ad"},"headline":"Explican a productores c\u00f3mo introducirse en el mercado de exportaci\u00f3n de alfalfa","datePublished":"2021-03-25T12:34:57+00:00","dateModified":"2021-03-25T12:34:58+00:00","mainEntityOfPage":{"@id":"https:\/\/www.todoalfalfa.com.ar\/noticias\/explican-a-productores-como-introducirse-en-el-mercado-de-exportacion-de-alfalfa\/"},"wordCount":389,"publisher":{"@id":"https:\/\/www.todoalfalfa.com.ar\/noticias\/#organization"},"image":{"@id":"https:\/\/www.todoalfalfa.com.ar\/noticias\/explican-a-productores-como-introducirse-en-el-mercado-de-exportacion-de-alfalfa\/#primaryimage"},"thumbnailUrl":"https:\/\/i0.wp.com\/www.todoalfalfa.com.ar\/noticias\/wp-content\/uploads\/2020\/07\/alfalfa-exportacion-3.jpg?fit=777%2C437&ssl=1","keywords":["alfalfa","alfazal","exportaci\u00f3n","Medio Oriente","productores","reuni\u00f3n","San Luis"],"articleSection":["Generales"],"inLanguage":"es"},{"@type":["WebPage","ItemPage"],"@id":"https:\/\/www.todoalfalfa.com.ar\/noticias\/explican-a-productores-como-introducirse-en-el-mercado-de-exportacion-de-alfalfa\/","url":"https:\/\/www.todoalfalfa.com.ar\/noticias\/explican-a-productores-como-introducirse-en-el-mercado-de-exportacion-de-alfalfa\/","name":"Explican a productores c\u00f3mo introducirse en el mercado de exportaci\u00f3n de alfalfa","isPartOf":{"@id":"https:\/\/www.todoalfalfa.com.ar\/noticias\/#website"},"primaryImageOfPage":{"@id":"https:\/\/www.todoalfalfa.com.ar\/noticias\/explican-a-productores-como-introducirse-en-el-mercado-de-exportacion-de-alfalfa\/#primaryimage"},"image":{"@id":"https:\/\/www.todoalfalfa.com.ar\/noticias\/explican-a-productores-como-introducirse-en-el-mercado-de-exportacion-de-alfalfa\/#primaryimage"},"thumbnailUrl":"https:\/\/i0.wp.com\/www.todoalfalfa.com.ar\/noticias\/wp-content\/uploads\/2020\/07\/alfalfa-exportacion-3.jpg?fit=777%2C437&ssl=1","datePublished":"2021-03-25T12:34:57+00:00","dateModified":"2021-03-25T12:34:58+00:00","breadcrumb":{"@id":"https:\/\/www.todoalfalfa.com.ar\/noticias\/explican-a-productores-como-introducirse-en-el-mercado-de-exportacion-de-alfalfa\/#breadcrumb"},"inLanguage":"es","potentialAction":[{"@type":"ReadAction","target":["https:\/\/www.todoalfalfa.com.ar\/noticias\/explican-a-productores-como-introducirse-en-el-mercado-de-exportacion-de-alfalfa\/"]}]},{"@type":"ImageObject","inLanguage":"es","@id":"https:\/\/www.todoalfalfa.com.ar\/noticias\/explican-a-productores-como-introducirse-en-el-mercado-de-exportacion-de-alfalfa\/#primaryimage","url":"https:\/\/i0.wp.com\/www.todoalfalfa.com.ar\/noticias\/wp-content\/uploads\/2020\/07\/alfalfa-exportacion-3.jpg?fit=777%2C437&ssl=1","contentUrl":"https:\/\/i0.wp.com\/www.todoalfalfa.com.ar\/noticias\/wp-content\/uploads\/2020\/07\/alfalfa-exportacion-3.jpg?fit=777%2C437&ssl=1","width":777,"height":437},{"@type":"BreadcrumbList","@id":"https:\/\/www.todoalfalfa.com.ar\/noticias\/explican-a-productores-como-introducirse-en-el-mercado-de-exportacion-de-alfalfa\/#breadcrumb","itemListElement":[{"@type":"ListItem","position":1,"name":"Principal","item":"https:\/\/www.todoalfalfa.com.ar\/noticias\/"},{"@type":"ListItem","position":2,"name":"Explican a productores c\u00f3mo introducirse en el mercado de exportaci\u00f3n de alfalfa"}]},{"@type":"WebSite","@id":"https:\/\/www.todoalfalfa.com.ar\/noticias\/#website","url":"https:\/\/www.todoalfalfa.com.ar\/noticias\/","name":"Todo Alfalfa","description":"Web informativa de la cadena de la alfalfa argentina","publisher":{"@id":"https:\/\/www.todoalfalfa.com.ar\/noticias\/#organization"},"potentialAction":[{"@type":"SearchAction","target":{"@type":"EntryPoint","urlTemplate":"https:\/\/www.todoalfalfa.com.ar\/noticias\/?s={search_term_string}"},"query-input":{"@type":"PropertyValueSpecification","valueRequired":true,"valueName":"search_term_string"}}],"inLanguage":"es"},{"@type":"Organization","@id":"https:\/\/www.todoalfalfa.com.ar\/noticias\/#organization","name":"Todo Alfalfa","url":"https:\/\/www.todoalfalfa.com.ar\/noticias\/","logo":{"@type":"ImageObject","inLanguage":"es","@id":"https:\/\/www.todoalfalfa.com.ar\/noticias\/#\/schema\/logo\/image\/","url":"https:\/\/www.todoalfalfa.com.ar\/noticias\/wp-content\/uploads\/2020\/09\/logo-todo-alfalfa-modificado.png","contentUrl":"https:\/\/www.todoalfalfa.com.ar\/noticias\/wp-content\/uploads\/2020\/09\/logo-todo-alfalfa-modificado.png","width":350,"height":100,"caption":"Todo Alfalfa"},"image":{"@id":"https:\/\/www.todoalfalfa.com.ar\/noticias\/#\/schema\/logo\/image\/"},"sameAs":["https:\/\/www.facebook.com\/todoalfalfa","https:\/\/www.instagram.com\/todoalfalfa","https:\/\/www.youtube.com\/@TodoAlfalfa","https:\/\/www.linkedin.com\/company\/todoalfalfa\/"]},{"@type":"Person","@id":"https:\/\/www.todoalfalfa.com.ar\/noticias\/#\/schema\/person\/4ee4bca9b9fa50c4f0fbaf7017fbf2ad","name":"Todo Alfalfa","image":{"@type":"ImageObject","inLanguage":"es","@id":"https:\/\/www.todoalfalfa.com.ar\/noticias\/#\/schema\/person\/image\/","url":"https:\/\/secure.gravatar.com\/avatar\/4d26a600a1380823a26c3f9cb74ada1a8ee4b482c0c3a616ab022b865c46be8f?s=96&d=mm&r=g","contentUrl":"https:\/\/secure.gravatar.com\/avatar\/4d26a600a1380823a26c3f9cb74ada1a8ee4b482c0c3a616ab022b865c46be8f?s=96&d=mm&r=g","caption":"Todo Alfalfa"},"sameAs":["http:\/\/www.todoalfalfa.com.ar"],"url":"https:\/\/www.todoalfalfa.com.ar\/noticias\/author\/todoalfalfa\/"}]}},"jetpack_featured_media_url":"https:\/\/i0.wp.com\/www.todoalfalfa.com.ar\/noticias\/wp-content\/uploads\/2020\/07\/alfalfa-exportacion-3.jpg?fit=777%2C437&ssl=1","wps_subtitle":"","jetpack_sharing_enabled":true,"_links":{"self":[{"href":"https:\/\/www.todoalfalfa.com.ar\/noticias\/wp-json\/wp\/v2\/posts\/43461","targetHints":{"allow":["GET"]}}],"collection":[{"href":"https:\/\/www.todoalfalfa.com.ar\/noticias\/wp-json\/wp\/v2\/posts"}],"about":[{"href":"https:\/\/www.todoalfalfa.com.ar\/noticias\/wp-json\/wp\/v2\/types\/post"}],"author":[{"embeddable":true,"href":"https:\/\/www.todoalfalfa.com.ar\/noticias\/wp-json\/wp\/v2\/users\/3"}],"replies":[{"embeddable":true,"href":"https:\/\/www.todoalfalfa.com.ar\/noticias\/wp-json\/wp\/v2\/comments?post=43461"}],"version-history":[{"count":0,"href":"https:\/\/www.todoalfalfa.com.ar\/noticias\/wp-json\/wp\/v2\/posts\/43461\/revisions"}],"wp:featuredmedia":[{"embeddable":true,"href":"https:\/\/www.todoalfalfa.com.ar\/noticias\/wp-json\/wp\/v2\/media\/42339"}],"wp:attachment":[{"href":"https:\/\/www.todoalfalfa.com.ar\/noticias\/wp-json\/wp\/v2\/media?parent=43461"}],"wp:term":[{"taxonomy":"category","embeddable":true,"href":"https:\/\/www.todoalfalfa.com.ar\/noticias\/wp-json\/wp\/v2\/categories?post=43461"},{"taxonomy":"post_tag","embeddable":true,"href":"https:\/\/www.todoalfalfa.com.ar\/noticias\/wp-json\/wp\/v2\/tags?post=43461"}],"curies":[{"name":"wp","href":"https:\/\/api.w.org\/{rel}","templated":true}]}}