{"id":43613,"date":"2021-05-11T18:47:57","date_gmt":"2021-05-11T21:47:57","guid":{"rendered":"https:\/\/www.todoalfalfa.com.ar\/?p=43613"},"modified":"2021-05-11T18:47:58","modified_gmt":"2021-05-11T21:47:58","slug":"llega-experiencia-forrajera-2021-virtual-y-a-campo","status":"publish","type":"post","link":"https:\/\/www.todoalfalfa.com.ar\/noticias\/llega-experiencia-forrajera-2021-virtual-y-a-campo\/","title":{"rendered":"Llega Experiencia Forrajera 2021, virtual y a campo"},"content":{"rendered":"\n<p>Se realizar\u00e1 pr\u00f3ximo 14 de mayo por la ma\u00f1ana, de 9 a 11.30 horas. Ser\u00e1 virtual pero grabada 100% a campo, en escenarios emblem\u00e1ticos de la producci\u00f3n de forrajes y de reservas de distintas zonas del pa\u00eds.<\/p>\n\n\n\n<p>La primera Experiencia Forrajera online promete no defraudar. Para ello, se prepara con una bater\u00eda de novedades tanto en los formatos como en los contenidos, abarcando todo el espectro del negocio ganadero que viene a completar el ciclo productivo con base en la producci\u00f3n forrajera.<\/p>\n\n\n\n<p>Esta vez las charlas t\u00e9cnicas y demostraciones de m\u00e1quinas se realizar\u00e1n en distintas zonas ganaderas de carne y de leche de las provincias de Buenos Aires, Santa Fe y C\u00f3rdoba y se podr\u00e1n ver en forma gratuita desde en el siguiente link <a href=\"https:\/\/eventum.com.ar\/eventos\/claas\/experiencia-forrajera\/44\" target=\"_blank\" rel=\"noreferrer noopener\">https:\/\/eventum.com.ar\/eventos\/claas\/experiencia-forrajera\/44<\/a><\/p>\n\n\n\n<p><strong>Del lote al comedero<\/strong><br>Como ya es costumbre, los protagonistas ser\u00e1n t\u00e9cnicos y especialistas de primer nivel del INTA y el sector privado. El primer bloque estar\u00e1 dedicado a la productividad forrajera. All\u00ed la Ing. Agr. Silvia Olivo, del INTA Manfredi, expondr\u00e1 c\u00f3mo lograr una buena implantaci\u00f3n de alfalfa. Seguidamente, el Ing. Agr. Jos\u00e9 Jauregui (Gentos \u2013 UNL), explicar\u00e1 \u201cc\u00f3mo y por qu\u00e9 cerrar la grieta en el cultivo de alfalfa\u201d. A continuaci\u00f3n, el Ing. Agr. Franco Caraffini (asesor privado) brindar\u00e1 sus \u201cClaves para la nutrici\u00f3n eficiente\u201d.<\/p>\n\n\n\n<p>Tambi\u00e9n habr\u00e1 lugar para la experiencia del productor lechero Manuel Cereigido de Trenque Lauquen. Y, al final del bloque, el Ing. Agr. Santiago Vacca (KWS) abordar\u00e1 ma\u00edz para el silaje: pensando en materia seca digestible.<\/p>\n\n\n\n<p>El segundo bloque se enfocar\u00e1 en las tecnolog\u00edas en maquinaria para obtener reservas de calidad. El Ing. Agr. Federico S\u00e1nchez (CLAAS) ser\u00e1 el encargado de tratar los aspectos fundamentales para lograr reservas de heno de calidad disminuyendo costos operativos. En tanto que Nicol\u00e1s Cerino, de Tr\u00e1nsito, C\u00f3rdoba, contar\u00e1 su experiencia como contratista forrajero y el Ing. Nazareno Artusso, de Canals, C\u00f3rdoba, aportar\u00e1 una visi\u00f3n integral de un asesor y contratista vinculado con el silaje de ma\u00edz.<\/p>\n\n\n\n<p>El tercer bloque recorrer\u00e1 el proceso que va desde la reserva al comedero. All\u00ed, Patricio Aguirre Saravia, contratista de Carlos Casares, Buenos Aires, responder\u00e1 a \u201cYa hicimos las reservas, \u00bfy despu\u00e9s?\u201d. En tanto que el Ing. Agr. Federico S\u00e1nchez (CLAAS) hablar\u00e1 sobre la importancia de planificar un patio de comidas\u201d. Cerrar\u00e1 este segmento el Ing. Agr. Marcos Formica, de Mainero, con su charla: \u201cPensado las reservas de acuerdo al sistema de producci\u00f3n\u201d.<\/p>\n\n\n\n<p>El cuarto y \u00faltimo bloque estar\u00e1 dedicado a la alimentaci\u00f3n y eficiencia de producci\u00f3n. El Ing. Agr. Daniel M\u00e9ndez, de INTA Villegas, abordar\u00e1 la \u201cUtilizaci\u00f3n de alfalfas: frecuencia y asignaci\u00f3n\u201d. Luego llegar\u00e1 el turno de la Ing. Agr. Irene Ceconi, de INTA Villegas, con el uso de raciones completas ensiladas.<\/p>\n\n\n\n<p>Hacia el final, la Ing. Agr. Marianela Diez, tambi\u00e9n de INTA Villegas, cerrar\u00e1 con la exposici\u00f3n sobre \u201cSuplementaci\u00f3n infrecuente con silaje de ma\u00edz\u201d.<\/p>\n\n\n\n<p>La jornada se realizar\u00e1 online y en forma gratuita por la plataforma EVENTUM y se estipula que tendr\u00e1 una duraci\u00f3n de 2,30 horas.<\/p>\n<div class=\"todoalfalfa-final-de-la-nota\" id=\"todoalfalfa-3153154393\"><a href=\"https:\/\/www.whatsapp.com\/channel\/0029VbCBmFB9WtBxJsD3eC2i\" target=\"_blank\" aria-label=\"5\"><img src=\"https:\/\/i0.wp.com\/www.todoalfalfa.com.ar\/noticias\/wp-content\/uploads\/2026\/04\/5.gif?fit=728%2C90&#038;ssl=1\" alt=\"\"  width=\"728\" height=\"90\"   \/><\/a><\/div>","protected":false},"excerpt":{"rendered":"<p>Claas llevar\u00e1 adelante una nueva edici\u00f3n de su tradicional jornada forrajera. Esta vez, por circunstancias que impone la pandemia, el evento se desarrollar\u00e1 de manera virtual pero grabado 100% a campo.<\/p>\n","protected":false},"author":3,"featured_media":1508,"comment_status":"closed","ping_status":"open","sticky":false,"template":"","format":"standard","meta":{"jetpack_post_was_ever_published":false,"_jetpack_newsletter_access":"","_jetpack_dont_email_post_to_subs":false,"_jetpack_newsletter_tier_id":0,"_jetpack_memberships_contains_paywalled_content":false,"_jetpack_memberships_contains_paid_content":false,"footnotes":""},"categories":[2],"tags":[961,253,1080,15,368,914],"class_list":["post-43613","post","type-post","status-publish","format-standard","has-post-thumbnail","hentry","category-generales","tag-961","tag-experiencia","tag-filmada-a-campo","tag-forrajera","tag-mayo","tag-virtual"],"yoast_head":"<!-- This site is optimized with the Yoast SEO plugin v25.5 - https:\/\/yoast.com\/wordpress\/plugins\/seo\/ -->\n<title>Llega Experiencia Forrajera 2021, virtual y a campo<\/title>\n<meta name=\"robots\" content=\"index, follow, max-snippet:-1, max-image-preview:large, max-video-preview:-1\" \/>\n<link rel=\"canonical\" href=\"https:\/\/www.todoalfalfa.com.ar\/noticias\/llega-experiencia-forrajera-2021-virtual-y-a-campo\/\" \/>\n<meta property=\"og:locale\" content=\"es_ES\" \/>\n<meta property=\"og:type\" content=\"article\" \/>\n<meta property=\"og:title\" content=\"Llega Experiencia Forrajera 2021, virtual y a campo\" \/>\n<meta property=\"og:description\" content=\"Claas llevar\u00e1 adelante una nueva edici\u00f3n de su tradicional jornada forrajera. Esta vez, por circunstancias que impone la pandemia, el evento se desarrollar\u00e1 de manera virtual pero grabado 100% a campo.\" \/>\n<meta property=\"og:url\" content=\"https:\/\/www.todoalfalfa.com.ar\/noticias\/llega-experiencia-forrajera-2021-virtual-y-a-campo\/\" \/>\n<meta property=\"og:site_name\" content=\"Todo Alfalfa\" \/>\n<meta property=\"article:publisher\" content=\"https:\/\/www.facebook.com\/todoalfalfa\" \/>\n<meta property=\"article:published_time\" content=\"2021-05-11T21:47:57+00:00\" \/>\n<meta property=\"article:modified_time\" content=\"2021-05-11T21:47:58+00:00\" \/>\n<meta property=\"og:image\" content=\"https:\/\/www.todoalfalfa.com.ar\/noticias\/wp-content\/uploads\/2017\/12\/experiencia_sunchales_2017.jpg\" \/>\n\t<meta property=\"og:image:width\" content=\"777\" \/>\n\t<meta property=\"og:image:height\" content=\"437\" \/>\n\t<meta property=\"og:image:type\" content=\"image\/jpeg\" \/>\n<meta name=\"author\" content=\"Todo Alfalfa\" \/>\n<meta name=\"twitter:card\" content=\"summary_large_image\" \/>\n<meta name=\"twitter:label1\" content=\"Escrito por\" \/>\n\t<meta name=\"twitter:data1\" content=\"Todo Alfalfa\" \/>\n\t<meta name=\"twitter:label2\" content=\"Tiempo de lectura\" \/>\n\t<meta name=\"twitter:data2\" content=\"3 minutos\" \/>\n<script type=\"application\/ld+json\" class=\"yoast-schema-graph\">{\"@context\":\"https:\/\/schema.org\",\"@graph\":[{\"@type\":\"NewsArticle\",\"@id\":\"https:\/\/www.todoalfalfa.com.ar\/noticias\/llega-experiencia-forrajera-2021-virtual-y-a-campo\/#article\",\"isPartOf\":{\"@id\":\"https:\/\/www.todoalfalfa.com.ar\/noticias\/llega-experiencia-forrajera-2021-virtual-y-a-campo\/\"},\"author\":{\"name\":\"Todo Alfalfa\",\"@id\":\"https:\/\/www.todoalfalfa.com.ar\/noticias\/#\/schema\/person\/4ee4bca9b9fa50c4f0fbaf7017fbf2ad\"},\"headline\":\"Llega Experiencia Forrajera 2021, virtual y a campo\",\"datePublished\":\"2021-05-11T21:47:57+00:00\",\"dateModified\":\"2021-05-11T21:47:58+00:00\",\"mainEntityOfPage\":{\"@id\":\"https:\/\/www.todoalfalfa.com.ar\/noticias\/llega-experiencia-forrajera-2021-virtual-y-a-campo\/\"},\"wordCount\":540,\"publisher\":{\"@id\":\"https:\/\/www.todoalfalfa.com.ar\/noticias\/#organization\"},\"image\":{\"@id\":\"https:\/\/www.todoalfalfa.com.ar\/noticias\/llega-experiencia-forrajera-2021-virtual-y-a-campo\/#primaryimage\"},\"thumbnailUrl\":\"https:\/\/i0.wp.com\/www.todoalfalfa.com.ar\/noticias\/wp-content\/uploads\/2017\/12\/experiencia_sunchales_2017.jpg?fit=777%2C437&ssl=1\",\"keywords\":[\"2021\",\"Experiencia\",\"filmada a campo\",\"forrajera\",\"mayo\",\"Virtual\"],\"articleSection\":[\"Generales\"],\"inLanguage\":\"es\"},{\"@type\":[\"WebPage\",\"ItemPage\"],\"@id\":\"https:\/\/www.todoalfalfa.com.ar\/noticias\/llega-experiencia-forrajera-2021-virtual-y-a-campo\/\",\"url\":\"https:\/\/www.todoalfalfa.com.ar\/noticias\/llega-experiencia-forrajera-2021-virtual-y-a-campo\/\",\"name\":\"Llega Experiencia Forrajera 2021, virtual y a campo\",\"isPartOf\":{\"@id\":\"https:\/\/www.todoalfalfa.com.ar\/noticias\/#website\"},\"primaryImageOfPage\":{\"@id\":\"https:\/\/www.todoalfalfa.com.ar\/noticias\/llega-experiencia-forrajera-2021-virtual-y-a-campo\/#primaryimage\"},\"image\":{\"@id\":\"https:\/\/www.todoalfalfa.com.ar\/noticias\/llega-experiencia-forrajera-2021-virtual-y-a-campo\/#primaryimage\"},\"thumbnailUrl\":\"https:\/\/i0.wp.com\/www.todoalfalfa.com.ar\/noticias\/wp-content\/uploads\/2017\/12\/experiencia_sunchales_2017.jpg?fit=777%2C437&ssl=1\",\"datePublished\":\"2021-05-11T21:47:57+00:00\",\"dateModified\":\"2021-05-11T21:47:58+00:00\",\"breadcrumb\":{\"@id\":\"https:\/\/www.todoalfalfa.com.ar\/noticias\/llega-experiencia-forrajera-2021-virtual-y-a-campo\/#breadcrumb\"},\"inLanguage\":\"es\",\"potentialAction\":[{\"@type\":\"ReadAction\",\"target\":[\"https:\/\/www.todoalfalfa.com.ar\/noticias\/llega-experiencia-forrajera-2021-virtual-y-a-campo\/\"]}]},{\"@type\":\"ImageObject\",\"inLanguage\":\"es\",\"@id\":\"https:\/\/www.todoalfalfa.com.ar\/noticias\/llega-experiencia-forrajera-2021-virtual-y-a-campo\/#primaryimage\",\"url\":\"https:\/\/i0.wp.com\/www.todoalfalfa.com.ar\/noticias\/wp-content\/uploads\/2017\/12\/experiencia_sunchales_2017.jpg?fit=777%2C437&ssl=1\",\"contentUrl\":\"https:\/\/i0.wp.com\/www.todoalfalfa.com.ar\/noticias\/wp-content\/uploads\/2017\/12\/experiencia_sunchales_2017.jpg?fit=777%2C437&ssl=1\",\"width\":777,\"height\":437},{\"@type\":\"BreadcrumbList\",\"@id\":\"https:\/\/www.todoalfalfa.com.ar\/noticias\/llega-experiencia-forrajera-2021-virtual-y-a-campo\/#breadcrumb\",\"itemListElement\":[{\"@type\":\"ListItem\",\"position\":1,\"name\":\"Principal\",\"item\":\"https:\/\/www.todoalfalfa.com.ar\/noticias\/\"},{\"@type\":\"ListItem\",\"position\":2,\"name\":\"Llega Experiencia Forrajera 2021, virtual y a campo\"}]},{\"@type\":\"WebSite\",\"@id\":\"https:\/\/www.todoalfalfa.com.ar\/noticias\/#website\",\"url\":\"https:\/\/www.todoalfalfa.com.ar\/noticias\/\",\"name\":\"Todo Alfalfa\",\"description\":\"Web informativa de la cadena de la alfalfa argentina\",\"publisher\":{\"@id\":\"https:\/\/www.todoalfalfa.com.ar\/noticias\/#organization\"},\"potentialAction\":[{\"@type\":\"SearchAction\",\"target\":{\"@type\":\"EntryPoint\",\"urlTemplate\":\"https:\/\/www.todoalfalfa.com.ar\/noticias\/?s={search_term_string}\"},\"query-input\":{\"@type\":\"PropertyValueSpecification\",\"valueRequired\":true,\"valueName\":\"search_term_string\"}}],\"inLanguage\":\"es\"},{\"@type\":\"Organization\",\"@id\":\"https:\/\/www.todoalfalfa.com.ar\/noticias\/#organization\",\"name\":\"Todo Alfalfa\",\"url\":\"https:\/\/www.todoalfalfa.com.ar\/noticias\/\",\"logo\":{\"@type\":\"ImageObject\",\"inLanguage\":\"es\",\"@id\":\"https:\/\/www.todoalfalfa.com.ar\/noticias\/#\/schema\/logo\/image\/\",\"url\":\"https:\/\/www.todoalfalfa.com.ar\/noticias\/wp-content\/uploads\/2020\/09\/logo-todo-alfalfa-modificado.png\",\"contentUrl\":\"https:\/\/www.todoalfalfa.com.ar\/noticias\/wp-content\/uploads\/2020\/09\/logo-todo-alfalfa-modificado.png\",\"width\":350,\"height\":100,\"caption\":\"Todo Alfalfa\"},\"image\":{\"@id\":\"https:\/\/www.todoalfalfa.com.ar\/noticias\/#\/schema\/logo\/image\/\"},\"sameAs\":[\"https:\/\/www.facebook.com\/todoalfalfa\",\"https:\/\/www.instagram.com\/todoalfalfa\",\"https:\/\/www.youtube.com\/@TodoAlfalfa\",\"https:\/\/www.linkedin.com\/company\/todoalfalfa\/\"]},{\"@type\":\"Person\",\"@id\":\"https:\/\/www.todoalfalfa.com.ar\/noticias\/#\/schema\/person\/4ee4bca9b9fa50c4f0fbaf7017fbf2ad\",\"name\":\"Todo Alfalfa\",\"image\":{\"@type\":\"ImageObject\",\"inLanguage\":\"es\",\"@id\":\"https:\/\/www.todoalfalfa.com.ar\/noticias\/#\/schema\/person\/image\/\",\"url\":\"https:\/\/secure.gravatar.com\/avatar\/4d26a600a1380823a26c3f9cb74ada1a8ee4b482c0c3a616ab022b865c46be8f?s=96&d=mm&r=g\",\"contentUrl\":\"https:\/\/secure.gravatar.com\/avatar\/4d26a600a1380823a26c3f9cb74ada1a8ee4b482c0c3a616ab022b865c46be8f?s=96&d=mm&r=g\",\"caption\":\"Todo Alfalfa\"},\"sameAs\":[\"http:\/\/www.todoalfalfa.com.ar\"],\"url\":\"https:\/\/www.todoalfalfa.com.ar\/noticias\/author\/todoalfalfa\/\"}]}<\/script>\n<!-- \/ Yoast SEO plugin. -->","yoast_head_json":{"title":"Llega Experiencia Forrajera 2021, virtual y a campo","robots":{"index":"index","follow":"follow","max-snippet":"max-snippet:-1","max-image-preview":"max-image-preview:large","max-video-preview":"max-video-preview:-1"},"canonical":"https:\/\/www.todoalfalfa.com.ar\/noticias\/llega-experiencia-forrajera-2021-virtual-y-a-campo\/","og_locale":"es_ES","og_type":"article","og_title":"Llega Experiencia Forrajera 2021, virtual y a campo","og_description":"Claas llevar\u00e1 adelante una nueva edici\u00f3n de su tradicional jornada forrajera. Esta vez, por circunstancias que impone la pandemia, el evento se desarrollar\u00e1 de manera virtual pero grabado 100% a campo.","og_url":"https:\/\/www.todoalfalfa.com.ar\/noticias\/llega-experiencia-forrajera-2021-virtual-y-a-campo\/","og_site_name":"Todo Alfalfa","article_publisher":"https:\/\/www.facebook.com\/todoalfalfa","article_published_time":"2021-05-11T21:47:57+00:00","article_modified_time":"2021-05-11T21:47:58+00:00","og_image":[{"width":777,"height":437,"url":"https:\/\/www.todoalfalfa.com.ar\/noticias\/wp-content\/uploads\/2017\/12\/experiencia_sunchales_2017.jpg","type":"image\/jpeg"}],"author":"Todo Alfalfa","twitter_card":"summary_large_image","twitter_misc":{"Escrito por":"Todo Alfalfa","Tiempo de lectura":"3 minutos"},"schema":{"@context":"https:\/\/schema.org","@graph":[{"@type":"NewsArticle","@id":"https:\/\/www.todoalfalfa.com.ar\/noticias\/llega-experiencia-forrajera-2021-virtual-y-a-campo\/#article","isPartOf":{"@id":"https:\/\/www.todoalfalfa.com.ar\/noticias\/llega-experiencia-forrajera-2021-virtual-y-a-campo\/"},"author":{"name":"Todo Alfalfa","@id":"https:\/\/www.todoalfalfa.com.ar\/noticias\/#\/schema\/person\/4ee4bca9b9fa50c4f0fbaf7017fbf2ad"},"headline":"Llega Experiencia Forrajera 2021, virtual y a campo","datePublished":"2021-05-11T21:47:57+00:00","dateModified":"2021-05-11T21:47:58+00:00","mainEntityOfPage":{"@id":"https:\/\/www.todoalfalfa.com.ar\/noticias\/llega-experiencia-forrajera-2021-virtual-y-a-campo\/"},"wordCount":540,"publisher":{"@id":"https:\/\/www.todoalfalfa.com.ar\/noticias\/#organization"},"image":{"@id":"https:\/\/www.todoalfalfa.com.ar\/noticias\/llega-experiencia-forrajera-2021-virtual-y-a-campo\/#primaryimage"},"thumbnailUrl":"https:\/\/i0.wp.com\/www.todoalfalfa.com.ar\/noticias\/wp-content\/uploads\/2017\/12\/experiencia_sunchales_2017.jpg?fit=777%2C437&ssl=1","keywords":["2021","Experiencia","filmada a campo","forrajera","mayo","Virtual"],"articleSection":["Generales"],"inLanguage":"es"},{"@type":["WebPage","ItemPage"],"@id":"https:\/\/www.todoalfalfa.com.ar\/noticias\/llega-experiencia-forrajera-2021-virtual-y-a-campo\/","url":"https:\/\/www.todoalfalfa.com.ar\/noticias\/llega-experiencia-forrajera-2021-virtual-y-a-campo\/","name":"Llega Experiencia Forrajera 2021, virtual y a campo","isPartOf":{"@id":"https:\/\/www.todoalfalfa.com.ar\/noticias\/#website"},"primaryImageOfPage":{"@id":"https:\/\/www.todoalfalfa.com.ar\/noticias\/llega-experiencia-forrajera-2021-virtual-y-a-campo\/#primaryimage"},"image":{"@id":"https:\/\/www.todoalfalfa.com.ar\/noticias\/llega-experiencia-forrajera-2021-virtual-y-a-campo\/#primaryimage"},"thumbnailUrl":"https:\/\/i0.wp.com\/www.todoalfalfa.com.ar\/noticias\/wp-content\/uploads\/2017\/12\/experiencia_sunchales_2017.jpg?fit=777%2C437&ssl=1","datePublished":"2021-05-11T21:47:57+00:00","dateModified":"2021-05-11T21:47:58+00:00","breadcrumb":{"@id":"https:\/\/www.todoalfalfa.com.ar\/noticias\/llega-experiencia-forrajera-2021-virtual-y-a-campo\/#breadcrumb"},"inLanguage":"es","potentialAction":[{"@type":"ReadAction","target":["https:\/\/www.todoalfalfa.com.ar\/noticias\/llega-experiencia-forrajera-2021-virtual-y-a-campo\/"]}]},{"@type":"ImageObject","inLanguage":"es","@id":"https:\/\/www.todoalfalfa.com.ar\/noticias\/llega-experiencia-forrajera-2021-virtual-y-a-campo\/#primaryimage","url":"https:\/\/i0.wp.com\/www.todoalfalfa.com.ar\/noticias\/wp-content\/uploads\/2017\/12\/experiencia_sunchales_2017.jpg?fit=777%2C437&ssl=1","contentUrl":"https:\/\/i0.wp.com\/www.todoalfalfa.com.ar\/noticias\/wp-content\/uploads\/2017\/12\/experiencia_sunchales_2017.jpg?fit=777%2C437&ssl=1","width":777,"height":437},{"@type":"BreadcrumbList","@id":"https:\/\/www.todoalfalfa.com.ar\/noticias\/llega-experiencia-forrajera-2021-virtual-y-a-campo\/#breadcrumb","itemListElement":[{"@type":"ListItem","position":1,"name":"Principal","item":"https:\/\/www.todoalfalfa.com.ar\/noticias\/"},{"@type":"ListItem","position":2,"name":"Llega Experiencia Forrajera 2021, virtual y a campo"}]},{"@type":"WebSite","@id":"https:\/\/www.todoalfalfa.com.ar\/noticias\/#website","url":"https:\/\/www.todoalfalfa.com.ar\/noticias\/","name":"Todo Alfalfa","description":"Web informativa de la cadena de la alfalfa argentina","publisher":{"@id":"https:\/\/www.todoalfalfa.com.ar\/noticias\/#organization"},"potentialAction":[{"@type":"SearchAction","target":{"@type":"EntryPoint","urlTemplate":"https:\/\/www.todoalfalfa.com.ar\/noticias\/?s={search_term_string}"},"query-input":{"@type":"PropertyValueSpecification","valueRequired":true,"valueName":"search_term_string"}}],"inLanguage":"es"},{"@type":"Organization","@id":"https:\/\/www.todoalfalfa.com.ar\/noticias\/#organization","name":"Todo Alfalfa","url":"https:\/\/www.todoalfalfa.com.ar\/noticias\/","logo":{"@type":"ImageObject","inLanguage":"es","@id":"https:\/\/www.todoalfalfa.com.ar\/noticias\/#\/schema\/logo\/image\/","url":"https:\/\/www.todoalfalfa.com.ar\/noticias\/wp-content\/uploads\/2020\/09\/logo-todo-alfalfa-modificado.png","contentUrl":"https:\/\/www.todoalfalfa.com.ar\/noticias\/wp-content\/uploads\/2020\/09\/logo-todo-alfalfa-modificado.png","width":350,"height":100,"caption":"Todo Alfalfa"},"image":{"@id":"https:\/\/www.todoalfalfa.com.ar\/noticias\/#\/schema\/logo\/image\/"},"sameAs":["https:\/\/www.facebook.com\/todoalfalfa","https:\/\/www.instagram.com\/todoalfalfa","https:\/\/www.youtube.com\/@TodoAlfalfa","https:\/\/www.linkedin.com\/company\/todoalfalfa\/"]},{"@type":"Person","@id":"https:\/\/www.todoalfalfa.com.ar\/noticias\/#\/schema\/person\/4ee4bca9b9fa50c4f0fbaf7017fbf2ad","name":"Todo Alfalfa","image":{"@type":"ImageObject","inLanguage":"es","@id":"https:\/\/www.todoalfalfa.com.ar\/noticias\/#\/schema\/person\/image\/","url":"https:\/\/secure.gravatar.com\/avatar\/4d26a600a1380823a26c3f9cb74ada1a8ee4b482c0c3a616ab022b865c46be8f?s=96&d=mm&r=g","contentUrl":"https:\/\/secure.gravatar.com\/avatar\/4d26a600a1380823a26c3f9cb74ada1a8ee4b482c0c3a616ab022b865c46be8f?s=96&d=mm&r=g","caption":"Todo Alfalfa"},"sameAs":["http:\/\/www.todoalfalfa.com.ar"],"url":"https:\/\/www.todoalfalfa.com.ar\/noticias\/author\/todoalfalfa\/"}]}},"jetpack_featured_media_url":"https:\/\/i0.wp.com\/www.todoalfalfa.com.ar\/noticias\/wp-content\/uploads\/2017\/12\/experiencia_sunchales_2017.jpg?fit=777%2C437&ssl=1","wps_subtitle":"","jetpack_sharing_enabled":true,"_links":{"self":[{"href":"https:\/\/www.todoalfalfa.com.ar\/noticias\/wp-json\/wp\/v2\/posts\/43613","targetHints":{"allow":["GET"]}}],"collection":[{"href":"https:\/\/www.todoalfalfa.com.ar\/noticias\/wp-json\/wp\/v2\/posts"}],"about":[{"href":"https:\/\/www.todoalfalfa.com.ar\/noticias\/wp-json\/wp\/v2\/types\/post"}],"author":[{"embeddable":true,"href":"https:\/\/www.todoalfalfa.com.ar\/noticias\/wp-json\/wp\/v2\/users\/3"}],"replies":[{"embeddable":true,"href":"https:\/\/www.todoalfalfa.com.ar\/noticias\/wp-json\/wp\/v2\/comments?post=43613"}],"version-history":[{"count":0,"href":"https:\/\/www.todoalfalfa.com.ar\/noticias\/wp-json\/wp\/v2\/posts\/43613\/revisions"}],"wp:featuredmedia":[{"embeddable":true,"href":"https:\/\/www.todoalfalfa.com.ar\/noticias\/wp-json\/wp\/v2\/media\/1508"}],"wp:attachment":[{"href":"https:\/\/www.todoalfalfa.com.ar\/noticias\/wp-json\/wp\/v2\/media?parent=43613"}],"wp:term":[{"taxonomy":"category","embeddable":true,"href":"https:\/\/www.todoalfalfa.com.ar\/noticias\/wp-json\/wp\/v2\/categories?post=43613"},{"taxonomy":"post_tag","embeddable":true,"href":"https:\/\/www.todoalfalfa.com.ar\/noticias\/wp-json\/wp\/v2\/tags?post=43613"}],"curies":[{"name":"wp","href":"https:\/\/api.w.org\/{rel}","templated":true}]}}