{"id":43631,"date":"2021-05-17T16:42:16","date_gmt":"2021-05-17T19:42:16","guid":{"rendered":"https:\/\/www.todoalfalfa.com.ar\/?p=43631"},"modified":"2021-05-17T16:42:16","modified_gmt":"2021-05-17T19:42:16","slug":"en-mendoza-el-cultivo-de-forrajes-crece-impulsado-por-la-ganaderia","status":"publish","type":"post","link":"https:\/\/www.todoalfalfa.com.ar\/noticias\/en-mendoza-el-cultivo-de-forrajes-crece-impulsado-por-la-ganaderia\/","title":{"rendered":"En Mendoza, el cultivo de forrajes crece impulsado por la ganader\u00eda"},"content":{"rendered":"\n<p>En los \u00faltimos tiempos, el crecimiento de la ganader\u00eda y el aumento de precios ha impulsado la producci\u00f3n local de forraje. Se trata de cultivos como alfalfa, ma\u00edz, sorgo y verdeos invernales (avena, cebada, centeno), que se combinan para lograr una nutrici\u00f3n equilibrada del animal.<\/p>\n\n\n\n<p>Marcelo Montoya, presidente de Coprosamen y productor ganadero de Santa Rosa, explica que en su zona se produce alfalfa y que \u201cel cultivo ha ido creciendo en los \u00faltimos a\u00f1os, en toda la provincia\u201d. La principal dificultad es la escasez de agua y la necesidad de tecnificar el riego, de modo de usar un pivote y aplicar riego por aspersi\u00f3n.<\/p>\n\n\n\n<p>\u201cLa producci\u00f3n de forraje local se da sobre todo en alfalfa, que es lo que en la dieta cubre las fibras. Producirlo ac\u00e1 evita el costo de log\u00edstica porque cada vez es m\u00e1s caro traerlo desde otras provincias\u201d, se\u00f1ala Montoya. La producci\u00f3n dentro de la propia regi\u00f3n representa as\u00ed un alivio para varios productores, que ahorran en fletes.<\/p>\n\n\n\n<p>Dami\u00e1n Carb\u00f3, director de Ganader\u00eda de Mendoza, explica que Mendoza es competitiva produciendo alfalfa y picado de ma\u00edz en planta entera (no en grano). \u201cAlgunos producen forraje y no engordan ganado, sino que venden fardos. Las producciones de alfalfa son rentables en la provincia. El limitante es la falta de un sistema de riego en algunos lugares\u201d, coincide Carb\u00f3.<\/p>\n\n\n\n<p>El funcionario destaca que la ganader\u00eda bajo riego promueve la reconversi\u00f3n de fincas abandonadas. \u201cNo quita hect\u00e1reas a la agricultura , sino que usan fincas de tierras m\u00e1s marginales o con mucho riesgo clim\u00e1tico. Es un complemento a la econom\u00eda\u201d. Hay 17 proyectos en el marco de \u201cMendoza Activa Forraje\u201d, la mayor\u00eda ubicados en La Paz, General Alvear y San Rafael, con cultivos de ma\u00edz, alfalfa y pasto llor\u00f3n.<\/p>\n\n\n\n<p>Desde el Gobierno acompa\u00f1an con l\u00edneas especiales del Fondo para la Transformaci\u00f3n y el Crecimiento, y quieren repetir su inclusi\u00f3n en el programa Mendoza Activa (que da un reintegro del 40% a la inversi\u00f3n). En su nueva edici\u00f3n, se planea destinar $200 millones en concepto de Forrajes, para \u201campliar la oferta de materia prima mediante la compra de material de propagaci\u00f3n\u201d.<\/p>\n\n\n\n<p>A ese dinero se quiere sumar otros $500 millones para inversiones en Ganader\u00eda y tambi\u00e9n se plantean otros subprogramas m\u00e1s generales como $ 200millones en Eficiencia de riego y $400 millones en Maquinaria agr\u00edcola.<\/p>\n\n\n\n<p><strong>En el Sur provincial<\/strong><br>La alfalfa tiene varios cortes al a\u00f1o, y eso permite que, si se pierde una cosecha por granizo, se pueda aprovechar la siguiente. Este aspecto, m\u00e1s el crecimiento ganadero de la zona y los altos precios de los cereales, han impulsado su desarrollo en San Rafael y General Alvear.<\/p>\n\n\n\n<p>Dentro de la C\u00e1mara de Comercio de San Rafael, Lito Garc\u00eda Miras, integrante de la Espec\u00edfica de Ganader\u00eda, describe que hace 15 a\u00f1os, cuando muchos empezaron, no hab\u00eda un mercado de forraje, m\u00e1quinas sembradoras ni prestadores de servicios. A lo largo de los a\u00f1os, se ha profesionalizado el tema, incluyendo el cultivo de alfalfa y ma\u00edz.<\/p>\n\n\n\n<p>Si bien muchos cultivan para alimentar su propio ganado, Garc\u00eda Miras destaca algo: \u201cEste a\u00f1o muchos produjeron forraje sin producir hacienda, lo que ha generado un mercado de forraje. Es decir, gente que vende y que compra el forraje en la regi\u00f3n. Es muy importante para esta zona bajo riego\u201d.<\/p>\n\n\n\n<p>Adem\u00e1s, este sanrafaelino cree que se puede trabajar m\u00e1s en los mercados de futuro de cereales y de hacienda, y que el sector puede profesionalizarse a\u00fan m\u00e1s. \u201cNecesitamos una flexibilidad en las estructuras ganaderas adecuadas a los momentos que estamos viviendo en mercados muy vol\u00e1tiles. En estos momentos dif\u00edciles se hace imprescindible el subsidio de la ley 7.074\u201d, analiza Garc\u00eda Miras.<\/p>\n\n\n\n<p>Por su parte, Andr\u00e9s Vavrik, presidente de la C\u00e1mara de Comercio de General Alvear, considera que cada vez hay una mayor tendencia de generar forraje para poder satisfacer a los sistemas intensivos de producci\u00f3n de carne. \u201cEl a\u00f1o pasado, en el Sur provincial, se hizo alrededor de 500 ha de ma\u00edz. Es muy poco. Hay tierras aptas y a buen precio, pero la limitaci\u00f3n es el agua\u201d, se\u00f1ala este empresario ganadero.<\/p>\n\n\n\n<p>En opini\u00f3n de Vavrik, desde el Estado se han implementado buenos planes de fomento que permitieron un crecimiento, sobre todo de alfalfa. En espec\u00edfico sobre ma\u00edz, aclara que se produce como silo de ma\u00edz o picado, ya que se muele con la ca\u00f1a, la hoja y se guarda como silo: es parte de una dieta que aporta energ\u00eda, prote\u00ednas y fibra.<\/p>\n\n\n\n<p>\u201cHay que poner mucha cabeza a tener cr\u00e9ditos blandos para tecnificar el riego y crecer en la superficie preparada de estos cultivos que van a la par de la ganader\u00eda\u201d, se\u00f1al\u00f3 el empresario.<\/p>\n\n\n\n<p><strong>Ventajas y desventajas de la alfalfa<\/strong><br>Un estudio de la Direcci\u00f3n de Agricultura y Contingencias Clim\u00e1ticas de 2019 se\u00f1alaba que, en Mendoza, la alfalfa representaba el 4,1% del \u00e1rea cultivada y el 60% de la superficie de cultivos forrajeros. Los departamentos centrales eran General Alvear y San Rafael, seguidos por Lavalle. Si bien faltan datos actualizados, todos los consultados coincidieron en que el cultivo crece cada a\u00f1o.<\/p>\n\n\n\n<p>Algunas ventajas de la alfalfa: la rotaci\u00f3n con otros cultivos; tiene en promedio 5 cortes por temporada (puede llegar a 6-7 cortes); puede sobrellevar las heladas tard\u00edas y, si le afecta el granizo, se aprovechan los cortes posteriores. Adem\u00e1s, con un buen control de riego, no habr\u00eda problemas de enfermedades.<\/p>\n\n\n\n<p><em>Fuente: losandes.com.ar<\/em><\/p>\n<div class=\"todoalfalfa-final-de-la-nota\" id=\"todoalfalfa-2877504303\"><a href=\"https:\/\/www.whatsapp.com\/channel\/0029VbCBmFB9WtBxJsD3eC2i\" target=\"_blank\" aria-label=\"5\"><img src=\"https:\/\/i0.wp.com\/www.todoalfalfa.com.ar\/noticias\/wp-content\/uploads\/2026\/04\/5.gif?fit=728%2C90&#038;ssl=1\" alt=\"\"  width=\"728\" height=\"90\"   \/><\/a><\/div>","protected":false},"excerpt":{"rendered":"<p>Los precios de los cereales y la demanda ganadera impulsan el cultivo de alfalfa y ma\u00edz. Hay por lo menos 17 proyectos en marcha en la provincia. <\/p>\n","protected":false},"author":3,"featured_media":41214,"comment_status":"closed","ping_status":"open","sticky":false,"template":"","format":"standard","meta":{"jetpack_post_was_ever_published":false,"_jetpack_newsletter_access":"","_jetpack_dont_email_post_to_subs":false,"_jetpack_newsletter_tier_id":0,"_jetpack_memberships_contains_paywalled_content":false,"_jetpack_memberships_contains_paid_content":false,"footnotes":""},"categories":[2],"tags":[31,1073,168,54,24,101,1086],"class_list":["post-43631","post","type-post","status-publish","format-standard","has-post-thumbnail","hentry","category-generales","tag-alfalfa","tag-area","tag-crecimiento","tag-forrajes","tag-ganaderia","tag-mendoza","tag-proyectos"],"yoast_head":"<!-- This site is optimized with the Yoast SEO plugin v25.5 - https:\/\/yoast.com\/wordpress\/plugins\/seo\/ -->\n<title>En Mendoza, el cultivo de forrajes crece impulsado por la ganader\u00eda<\/title>\n<meta name=\"robots\" content=\"index, follow, max-snippet:-1, max-image-preview:large, max-video-preview:-1\" \/>\n<link rel=\"canonical\" href=\"https:\/\/www.todoalfalfa.com.ar\/noticias\/en-mendoza-el-cultivo-de-forrajes-crece-impulsado-por-la-ganaderia\/\" \/>\n<meta property=\"og:locale\" content=\"es_ES\" \/>\n<meta property=\"og:type\" content=\"article\" \/>\n<meta property=\"og:title\" content=\"En Mendoza, el cultivo de forrajes crece impulsado por la ganader\u00eda\" \/>\n<meta property=\"og:description\" content=\"Los precios de los cereales y la demanda ganadera impulsan el cultivo de alfalfa y ma\u00edz. Hay por lo menos 17 proyectos en marcha en la provincia.\" \/>\n<meta property=\"og:url\" content=\"https:\/\/www.todoalfalfa.com.ar\/noticias\/en-mendoza-el-cultivo-de-forrajes-crece-impulsado-por-la-ganaderia\/\" \/>\n<meta property=\"og:site_name\" content=\"Todo Alfalfa\" \/>\n<meta property=\"article:publisher\" content=\"https:\/\/www.facebook.com\/todoalfalfa\" \/>\n<meta property=\"article:published_time\" content=\"2021-05-17T19:42:16+00:00\" \/>\n<meta property=\"og:image\" content=\"https:\/\/www.todoalfalfa.com.ar\/noticias\/wp-content\/uploads\/2019\/08\/animales_pastando_alfalfa5.jpg\" \/>\n\t<meta property=\"og:image:width\" content=\"777\" \/>\n\t<meta property=\"og:image:height\" content=\"437\" \/>\n\t<meta property=\"og:image:type\" content=\"image\/jpeg\" \/>\n<meta name=\"author\" content=\"Todo Alfalfa\" \/>\n<meta name=\"twitter:card\" content=\"summary_large_image\" \/>\n<meta name=\"twitter:label1\" content=\"Escrito por\" \/>\n\t<meta name=\"twitter:data1\" content=\"Todo Alfalfa\" \/>\n\t<meta name=\"twitter:label2\" content=\"Tiempo de lectura\" \/>\n\t<meta name=\"twitter:data2\" content=\"4 minutos\" \/>\n<script type=\"application\/ld+json\" class=\"yoast-schema-graph\">{\"@context\":\"https:\/\/schema.org\",\"@graph\":[{\"@type\":\"NewsArticle\",\"@id\":\"https:\/\/www.todoalfalfa.com.ar\/noticias\/en-mendoza-el-cultivo-de-forrajes-crece-impulsado-por-la-ganaderia\/#article\",\"isPartOf\":{\"@id\":\"https:\/\/www.todoalfalfa.com.ar\/noticias\/en-mendoza-el-cultivo-de-forrajes-crece-impulsado-por-la-ganaderia\/\"},\"author\":{\"name\":\"Todo Alfalfa\",\"@id\":\"https:\/\/www.todoalfalfa.com.ar\/noticias\/#\/schema\/person\/4ee4bca9b9fa50c4f0fbaf7017fbf2ad\"},\"headline\":\"En Mendoza, el cultivo de forrajes crece impulsado por la ganader\u00eda\",\"datePublished\":\"2021-05-17T19:42:16+00:00\",\"mainEntityOfPage\":{\"@id\":\"https:\/\/www.todoalfalfa.com.ar\/noticias\/en-mendoza-el-cultivo-de-forrajes-crece-impulsado-por-la-ganaderia\/\"},\"wordCount\":971,\"publisher\":{\"@id\":\"https:\/\/www.todoalfalfa.com.ar\/noticias\/#organization\"},\"image\":{\"@id\":\"https:\/\/www.todoalfalfa.com.ar\/noticias\/en-mendoza-el-cultivo-de-forrajes-crece-impulsado-por-la-ganaderia\/#primaryimage\"},\"thumbnailUrl\":\"https:\/\/i0.wp.com\/www.todoalfalfa.com.ar\/noticias\/wp-content\/uploads\/2019\/08\/animales_pastando_alfalfa5.jpg?fit=777%2C437&ssl=1\",\"keywords\":[\"alfalfa\",\"\u00e1rea\",\"crecimiento\",\"forrajes\",\"Ganader\u00eda\",\"Mendoza\",\"proyectos\"],\"articleSection\":[\"Generales\"],\"inLanguage\":\"es\"},{\"@type\":[\"WebPage\",\"ItemPage\"],\"@id\":\"https:\/\/www.todoalfalfa.com.ar\/noticias\/en-mendoza-el-cultivo-de-forrajes-crece-impulsado-por-la-ganaderia\/\",\"url\":\"https:\/\/www.todoalfalfa.com.ar\/noticias\/en-mendoza-el-cultivo-de-forrajes-crece-impulsado-por-la-ganaderia\/\",\"name\":\"En Mendoza, el cultivo de forrajes crece impulsado por la ganader\u00eda\",\"isPartOf\":{\"@id\":\"https:\/\/www.todoalfalfa.com.ar\/noticias\/#website\"},\"primaryImageOfPage\":{\"@id\":\"https:\/\/www.todoalfalfa.com.ar\/noticias\/en-mendoza-el-cultivo-de-forrajes-crece-impulsado-por-la-ganaderia\/#primaryimage\"},\"image\":{\"@id\":\"https:\/\/www.todoalfalfa.com.ar\/noticias\/en-mendoza-el-cultivo-de-forrajes-crece-impulsado-por-la-ganaderia\/#primaryimage\"},\"thumbnailUrl\":\"https:\/\/i0.wp.com\/www.todoalfalfa.com.ar\/noticias\/wp-content\/uploads\/2019\/08\/animales_pastando_alfalfa5.jpg?fit=777%2C437&ssl=1\",\"datePublished\":\"2021-05-17T19:42:16+00:00\",\"breadcrumb\":{\"@id\":\"https:\/\/www.todoalfalfa.com.ar\/noticias\/en-mendoza-el-cultivo-de-forrajes-crece-impulsado-por-la-ganaderia\/#breadcrumb\"},\"inLanguage\":\"es\",\"potentialAction\":[{\"@type\":\"ReadAction\",\"target\":[\"https:\/\/www.todoalfalfa.com.ar\/noticias\/en-mendoza-el-cultivo-de-forrajes-crece-impulsado-por-la-ganaderia\/\"]}]},{\"@type\":\"ImageObject\",\"inLanguage\":\"es\",\"@id\":\"https:\/\/www.todoalfalfa.com.ar\/noticias\/en-mendoza-el-cultivo-de-forrajes-crece-impulsado-por-la-ganaderia\/#primaryimage\",\"url\":\"https:\/\/i0.wp.com\/www.todoalfalfa.com.ar\/noticias\/wp-content\/uploads\/2019\/08\/animales_pastando_alfalfa5.jpg?fit=777%2C437&ssl=1\",\"contentUrl\":\"https:\/\/i0.wp.com\/www.todoalfalfa.com.ar\/noticias\/wp-content\/uploads\/2019\/08\/animales_pastando_alfalfa5.jpg?fit=777%2C437&ssl=1\",\"width\":777,\"height\":437},{\"@type\":\"BreadcrumbList\",\"@id\":\"https:\/\/www.todoalfalfa.com.ar\/noticias\/en-mendoza-el-cultivo-de-forrajes-crece-impulsado-por-la-ganaderia\/#breadcrumb\",\"itemListElement\":[{\"@type\":\"ListItem\",\"position\":1,\"name\":\"Principal\",\"item\":\"https:\/\/www.todoalfalfa.com.ar\/noticias\/\"},{\"@type\":\"ListItem\",\"position\":2,\"name\":\"En Mendoza, el cultivo de forrajes crece impulsado por la ganader\u00eda\"}]},{\"@type\":\"WebSite\",\"@id\":\"https:\/\/www.todoalfalfa.com.ar\/noticias\/#website\",\"url\":\"https:\/\/www.todoalfalfa.com.ar\/noticias\/\",\"name\":\"Todo Alfalfa\",\"description\":\"Web informativa de la cadena de la alfalfa argentina\",\"publisher\":{\"@id\":\"https:\/\/www.todoalfalfa.com.ar\/noticias\/#organization\"},\"potentialAction\":[{\"@type\":\"SearchAction\",\"target\":{\"@type\":\"EntryPoint\",\"urlTemplate\":\"https:\/\/www.todoalfalfa.com.ar\/noticias\/?s={search_term_string}\"},\"query-input\":{\"@type\":\"PropertyValueSpecification\",\"valueRequired\":true,\"valueName\":\"search_term_string\"}}],\"inLanguage\":\"es\"},{\"@type\":\"Organization\",\"@id\":\"https:\/\/www.todoalfalfa.com.ar\/noticias\/#organization\",\"name\":\"Todo Alfalfa\",\"url\":\"https:\/\/www.todoalfalfa.com.ar\/noticias\/\",\"logo\":{\"@type\":\"ImageObject\",\"inLanguage\":\"es\",\"@id\":\"https:\/\/www.todoalfalfa.com.ar\/noticias\/#\/schema\/logo\/image\/\",\"url\":\"https:\/\/www.todoalfalfa.com.ar\/noticias\/wp-content\/uploads\/2020\/09\/logo-todo-alfalfa-modificado.png\",\"contentUrl\":\"https:\/\/www.todoalfalfa.com.ar\/noticias\/wp-content\/uploads\/2020\/09\/logo-todo-alfalfa-modificado.png\",\"width\":350,\"height\":100,\"caption\":\"Todo Alfalfa\"},\"image\":{\"@id\":\"https:\/\/www.todoalfalfa.com.ar\/noticias\/#\/schema\/logo\/image\/\"},\"sameAs\":[\"https:\/\/www.facebook.com\/todoalfalfa\",\"https:\/\/www.instagram.com\/todoalfalfa\",\"https:\/\/www.youtube.com\/@TodoAlfalfa\",\"https:\/\/www.linkedin.com\/company\/todoalfalfa\/\"]},{\"@type\":\"Person\",\"@id\":\"https:\/\/www.todoalfalfa.com.ar\/noticias\/#\/schema\/person\/4ee4bca9b9fa50c4f0fbaf7017fbf2ad\",\"name\":\"Todo Alfalfa\",\"image\":{\"@type\":\"ImageObject\",\"inLanguage\":\"es\",\"@id\":\"https:\/\/www.todoalfalfa.com.ar\/noticias\/#\/schema\/person\/image\/\",\"url\":\"https:\/\/secure.gravatar.com\/avatar\/4d26a600a1380823a26c3f9cb74ada1a8ee4b482c0c3a616ab022b865c46be8f?s=96&d=mm&r=g\",\"contentUrl\":\"https:\/\/secure.gravatar.com\/avatar\/4d26a600a1380823a26c3f9cb74ada1a8ee4b482c0c3a616ab022b865c46be8f?s=96&d=mm&r=g\",\"caption\":\"Todo Alfalfa\"},\"sameAs\":[\"http:\/\/www.todoalfalfa.com.ar\"],\"url\":\"https:\/\/www.todoalfalfa.com.ar\/noticias\/author\/todoalfalfa\/\"}]}<\/script>\n<!-- \/ Yoast SEO plugin. -->","yoast_head_json":{"title":"En Mendoza, el cultivo de forrajes crece impulsado por la ganader\u00eda","robots":{"index":"index","follow":"follow","max-snippet":"max-snippet:-1","max-image-preview":"max-image-preview:large","max-video-preview":"max-video-preview:-1"},"canonical":"https:\/\/www.todoalfalfa.com.ar\/noticias\/en-mendoza-el-cultivo-de-forrajes-crece-impulsado-por-la-ganaderia\/","og_locale":"es_ES","og_type":"article","og_title":"En Mendoza, el cultivo de forrajes crece impulsado por la ganader\u00eda","og_description":"Los precios de los cereales y la demanda ganadera impulsan el cultivo de alfalfa y ma\u00edz. Hay por lo menos 17 proyectos en marcha en la provincia.","og_url":"https:\/\/www.todoalfalfa.com.ar\/noticias\/en-mendoza-el-cultivo-de-forrajes-crece-impulsado-por-la-ganaderia\/","og_site_name":"Todo Alfalfa","article_publisher":"https:\/\/www.facebook.com\/todoalfalfa","article_published_time":"2021-05-17T19:42:16+00:00","og_image":[{"width":777,"height":437,"url":"https:\/\/www.todoalfalfa.com.ar\/noticias\/wp-content\/uploads\/2019\/08\/animales_pastando_alfalfa5.jpg","type":"image\/jpeg"}],"author":"Todo Alfalfa","twitter_card":"summary_large_image","twitter_misc":{"Escrito por":"Todo Alfalfa","Tiempo de lectura":"4 minutos"},"schema":{"@context":"https:\/\/schema.org","@graph":[{"@type":"NewsArticle","@id":"https:\/\/www.todoalfalfa.com.ar\/noticias\/en-mendoza-el-cultivo-de-forrajes-crece-impulsado-por-la-ganaderia\/#article","isPartOf":{"@id":"https:\/\/www.todoalfalfa.com.ar\/noticias\/en-mendoza-el-cultivo-de-forrajes-crece-impulsado-por-la-ganaderia\/"},"author":{"name":"Todo Alfalfa","@id":"https:\/\/www.todoalfalfa.com.ar\/noticias\/#\/schema\/person\/4ee4bca9b9fa50c4f0fbaf7017fbf2ad"},"headline":"En Mendoza, el cultivo de forrajes crece impulsado por la ganader\u00eda","datePublished":"2021-05-17T19:42:16+00:00","mainEntityOfPage":{"@id":"https:\/\/www.todoalfalfa.com.ar\/noticias\/en-mendoza-el-cultivo-de-forrajes-crece-impulsado-por-la-ganaderia\/"},"wordCount":971,"publisher":{"@id":"https:\/\/www.todoalfalfa.com.ar\/noticias\/#organization"},"image":{"@id":"https:\/\/www.todoalfalfa.com.ar\/noticias\/en-mendoza-el-cultivo-de-forrajes-crece-impulsado-por-la-ganaderia\/#primaryimage"},"thumbnailUrl":"https:\/\/i0.wp.com\/www.todoalfalfa.com.ar\/noticias\/wp-content\/uploads\/2019\/08\/animales_pastando_alfalfa5.jpg?fit=777%2C437&ssl=1","keywords":["alfalfa","\u00e1rea","crecimiento","forrajes","Ganader\u00eda","Mendoza","proyectos"],"articleSection":["Generales"],"inLanguage":"es"},{"@type":["WebPage","ItemPage"],"@id":"https:\/\/www.todoalfalfa.com.ar\/noticias\/en-mendoza-el-cultivo-de-forrajes-crece-impulsado-por-la-ganaderia\/","url":"https:\/\/www.todoalfalfa.com.ar\/noticias\/en-mendoza-el-cultivo-de-forrajes-crece-impulsado-por-la-ganaderia\/","name":"En Mendoza, el cultivo de forrajes crece impulsado por la ganader\u00eda","isPartOf":{"@id":"https:\/\/www.todoalfalfa.com.ar\/noticias\/#website"},"primaryImageOfPage":{"@id":"https:\/\/www.todoalfalfa.com.ar\/noticias\/en-mendoza-el-cultivo-de-forrajes-crece-impulsado-por-la-ganaderia\/#primaryimage"},"image":{"@id":"https:\/\/www.todoalfalfa.com.ar\/noticias\/en-mendoza-el-cultivo-de-forrajes-crece-impulsado-por-la-ganaderia\/#primaryimage"},"thumbnailUrl":"https:\/\/i0.wp.com\/www.todoalfalfa.com.ar\/noticias\/wp-content\/uploads\/2019\/08\/animales_pastando_alfalfa5.jpg?fit=777%2C437&ssl=1","datePublished":"2021-05-17T19:42:16+00:00","breadcrumb":{"@id":"https:\/\/www.todoalfalfa.com.ar\/noticias\/en-mendoza-el-cultivo-de-forrajes-crece-impulsado-por-la-ganaderia\/#breadcrumb"},"inLanguage":"es","potentialAction":[{"@type":"ReadAction","target":["https:\/\/www.todoalfalfa.com.ar\/noticias\/en-mendoza-el-cultivo-de-forrajes-crece-impulsado-por-la-ganaderia\/"]}]},{"@type":"ImageObject","inLanguage":"es","@id":"https:\/\/www.todoalfalfa.com.ar\/noticias\/en-mendoza-el-cultivo-de-forrajes-crece-impulsado-por-la-ganaderia\/#primaryimage","url":"https:\/\/i0.wp.com\/www.todoalfalfa.com.ar\/noticias\/wp-content\/uploads\/2019\/08\/animales_pastando_alfalfa5.jpg?fit=777%2C437&ssl=1","contentUrl":"https:\/\/i0.wp.com\/www.todoalfalfa.com.ar\/noticias\/wp-content\/uploads\/2019\/08\/animales_pastando_alfalfa5.jpg?fit=777%2C437&ssl=1","width":777,"height":437},{"@type":"BreadcrumbList","@id":"https:\/\/www.todoalfalfa.com.ar\/noticias\/en-mendoza-el-cultivo-de-forrajes-crece-impulsado-por-la-ganaderia\/#breadcrumb","itemListElement":[{"@type":"ListItem","position":1,"name":"Principal","item":"https:\/\/www.todoalfalfa.com.ar\/noticias\/"},{"@type":"ListItem","position":2,"name":"En Mendoza, el cultivo de forrajes crece impulsado por la ganader\u00eda"}]},{"@type":"WebSite","@id":"https:\/\/www.todoalfalfa.com.ar\/noticias\/#website","url":"https:\/\/www.todoalfalfa.com.ar\/noticias\/","name":"Todo Alfalfa","description":"Web informativa de la cadena de la alfalfa argentina","publisher":{"@id":"https:\/\/www.todoalfalfa.com.ar\/noticias\/#organization"},"potentialAction":[{"@type":"SearchAction","target":{"@type":"EntryPoint","urlTemplate":"https:\/\/www.todoalfalfa.com.ar\/noticias\/?s={search_term_string}"},"query-input":{"@type":"PropertyValueSpecification","valueRequired":true,"valueName":"search_term_string"}}],"inLanguage":"es"},{"@type":"Organization","@id":"https:\/\/www.todoalfalfa.com.ar\/noticias\/#organization","name":"Todo Alfalfa","url":"https:\/\/www.todoalfalfa.com.ar\/noticias\/","logo":{"@type":"ImageObject","inLanguage":"es","@id":"https:\/\/www.todoalfalfa.com.ar\/noticias\/#\/schema\/logo\/image\/","url":"https:\/\/www.todoalfalfa.com.ar\/noticias\/wp-content\/uploads\/2020\/09\/logo-todo-alfalfa-modificado.png","contentUrl":"https:\/\/www.todoalfalfa.com.ar\/noticias\/wp-content\/uploads\/2020\/09\/logo-todo-alfalfa-modificado.png","width":350,"height":100,"caption":"Todo Alfalfa"},"image":{"@id":"https:\/\/www.todoalfalfa.com.ar\/noticias\/#\/schema\/logo\/image\/"},"sameAs":["https:\/\/www.facebook.com\/todoalfalfa","https:\/\/www.instagram.com\/todoalfalfa","https:\/\/www.youtube.com\/@TodoAlfalfa","https:\/\/www.linkedin.com\/company\/todoalfalfa\/"]},{"@type":"Person","@id":"https:\/\/www.todoalfalfa.com.ar\/noticias\/#\/schema\/person\/4ee4bca9b9fa50c4f0fbaf7017fbf2ad","name":"Todo Alfalfa","image":{"@type":"ImageObject","inLanguage":"es","@id":"https:\/\/www.todoalfalfa.com.ar\/noticias\/#\/schema\/person\/image\/","url":"https:\/\/secure.gravatar.com\/avatar\/4d26a600a1380823a26c3f9cb74ada1a8ee4b482c0c3a616ab022b865c46be8f?s=96&d=mm&r=g","contentUrl":"https:\/\/secure.gravatar.com\/avatar\/4d26a600a1380823a26c3f9cb74ada1a8ee4b482c0c3a616ab022b865c46be8f?s=96&d=mm&r=g","caption":"Todo Alfalfa"},"sameAs":["http:\/\/www.todoalfalfa.com.ar"],"url":"https:\/\/www.todoalfalfa.com.ar\/noticias\/author\/todoalfalfa\/"}]}},"jetpack_featured_media_url":"https:\/\/i0.wp.com\/www.todoalfalfa.com.ar\/noticias\/wp-content\/uploads\/2019\/08\/animales_pastando_alfalfa5.jpg?fit=777%2C437&ssl=1","wps_subtitle":"","jetpack_sharing_enabled":true,"_links":{"self":[{"href":"https:\/\/www.todoalfalfa.com.ar\/noticias\/wp-json\/wp\/v2\/posts\/43631","targetHints":{"allow":["GET"]}}],"collection":[{"href":"https:\/\/www.todoalfalfa.com.ar\/noticias\/wp-json\/wp\/v2\/posts"}],"about":[{"href":"https:\/\/www.todoalfalfa.com.ar\/noticias\/wp-json\/wp\/v2\/types\/post"}],"author":[{"embeddable":true,"href":"https:\/\/www.todoalfalfa.com.ar\/noticias\/wp-json\/wp\/v2\/users\/3"}],"replies":[{"embeddable":true,"href":"https:\/\/www.todoalfalfa.com.ar\/noticias\/wp-json\/wp\/v2\/comments?post=43631"}],"version-history":[{"count":0,"href":"https:\/\/www.todoalfalfa.com.ar\/noticias\/wp-json\/wp\/v2\/posts\/43631\/revisions"}],"wp:featuredmedia":[{"embeddable":true,"href":"https:\/\/www.todoalfalfa.com.ar\/noticias\/wp-json\/wp\/v2\/media\/41214"}],"wp:attachment":[{"href":"https:\/\/www.todoalfalfa.com.ar\/noticias\/wp-json\/wp\/v2\/media?parent=43631"}],"wp:term":[{"taxonomy":"category","embeddable":true,"href":"https:\/\/www.todoalfalfa.com.ar\/noticias\/wp-json\/wp\/v2\/categories?post=43631"},{"taxonomy":"post_tag","embeddable":true,"href":"https:\/\/www.todoalfalfa.com.ar\/noticias\/wp-json\/wp\/v2\/tags?post=43631"}],"curies":[{"name":"wp","href":"https:\/\/api.w.org\/{rel}","templated":true}]}}