{"id":43744,"date":"2021-06-22T19:48:28","date_gmt":"2021-06-22T22:48:28","guid":{"rendered":"https:\/\/www.todoalfalfa.com.ar\/?p=43744"},"modified":"2021-06-23T08:27:27","modified_gmt":"2021-06-23T11:27:27","slug":"construiran-un-nodo-logistico-que-aumentar-un-66-las-exportaciones-a-medio-oriente","status":"publish","type":"post","link":"https:\/\/www.todoalfalfa.com.ar\/noticias\/construiran-un-nodo-logistico-que-aumentar-un-66-las-exportaciones-a-medio-oriente\/","title":{"rendered":"Construir\u00e1n un nodo log\u00edstico que aumentar\u00e1 un 66% las exportaciones a Medio Oriente"},"content":{"rendered":"\n<p>El Ministerio de Transporte de la Naci\u00f3n, liderado por Alexis Guerrera, avanz\u00f3 en el fortalecimiento de la relaci\u00f3n comercial entre la Argentina y Medio Oriente -Emiratos \u00c1rabes Unidos y Arabia Saudita-&nbsp;a trav\u00e9s de un contrato de carga y arrendamiento junto a la&nbsp;posterior construcci\u00f3n de un nodo log\u00edstico en la localidad de San Francisco (C\u00f3rdoba).<\/p>\n\n\n\n<p>El objetivo principal&nbsp;es fomentar las econom\u00edas regionales, conectar los diferentes modos de transporte, mejorar la cadena de valor de la productividad agroindustrial y aumentar la carga transportada en ferrocarril.&nbsp;La construcci\u00f3n del&nbsp;nodo log\u00edstico regional&nbsp;permitir\u00e1 aumentar m\u00e1s del 66% el volumen de carga transportada en ferrocarril (de las 37.500 toneladas anuales a un total de 62.500 toneladas).<\/p>\n\n\n\n<p>El l\u00edder de la cartera, por medio de&nbsp;la Secretar\u00eda de Planificaci\u00f3n de Transporte, a cargo de Gast\u00f3n Jaques;&nbsp;coordinaron con las diferentes \u00e1reas de Gobierno y la empresa privada Argentina GCC Business Platform S.A, el contrato de carga y arrendamiento en el que intervino el Presidente de Trenes Argentinos Cargas, Daniel Vispo, para facilitar los terrenos donde se construir\u00e1 dicho nodo, que adem\u00e1s lograr\u00e1 aumentar considerablemente el volumen de carga del ferrocarril y articular la funci\u00f3n del tren con el cami\u00f3n y el transporte mar\u00edtimo-fluvial.<\/p>\n\n\n\n<p>A partir de esta determinaci\u00f3n, desde&nbsp;el Ministerio de Transporte de la Naci\u00f3n se proponen afianzar el rol comercial que tiene la Argentina con Medio Oriente marcando diferentes objetivos que permitan impulsar la ampliaci\u00f3n de la frontera productiva, fortalecer las exportaciones de productos no tradicionales, incrementar la competitividad e incentivar la inversi\u00f3n privada en el pa\u00eds. Adem\u00e1s, en relaci\u00f3n a los beneficios&nbsp;directos para los productores locales y regionales, la decisi\u00f3n de arrendar los terrenos para la construcci\u00f3n impactar\u00e1 positivamente en cientos de comerciantes de los alrededores de la localidad, abarcando las provincias de Santa Fe, e involucrando a Chaco y Santiago del Estero.&nbsp;<\/p>\n\n\n\n<p>Cabe remarcar que la destacada medida en busca de consolidar una relaci\u00f3n comercial con Medio Oriente comenzada a fines del 2020, a trav\u00e9s de la firma de un convenio en Casa Rosada donde participaron autoridades del Ministerio de Transporte, el Ministerio de Relaciones Exteriores, Comercio Internacional y Culto, el Ministerio de Desarrollo Social, el Ministerio de Agricultura, Ganader\u00eda y Pesca y la Fundaci\u00f3n para la promoci\u00f3n de inversiones y comercio internacional. La idea era promocionar diferentes inversiones en sectores estrat\u00e9gicos para posicionar a la Argentina como proveedora de alimentos al exterior, puntualmente hacia Medio Oriente.<\/p>\n\n\n\n<p>Detalles del Nodo Log\u00edstico Regional&nbsp;<br>La construcci\u00f3n del&nbsp;nodo log\u00edstico regional&nbsp;permitir\u00e1 aumentar el volumen de carga transportada en ferrocarril, con el compromiso por parte de la empresa privada Argentina GCC Business Platform S.A, de una evoluci\u00f3n de carga de las 37.500 toneladas anuales a un total de 62.500 toneladas. Al mismo tiempo, el convenio busca acrecentar la participaci\u00f3n del ferrocarril en la matriz de cargas, generar nuevos puestos de trabajo y afianzar la articulaci\u00f3n multimodal de transporte.&nbsp;Tambi\u00e9n abarca la puesta en funcionamiento de las instalaciones y la consolidaci\u00f3n de un Polo Agroindustrial y Log\u00edstico en la estaci\u00f3n San Francisco por donde circula el ferrocarril Belgrano en el ramal CC.<\/p>\n\n\n\n<div class=\"wp-block-image\"><figure class=\"aligncenter size-large\"><img data-recalc-dims=\"1\" fetchpriority=\"high\" decoding=\"async\" width=\"777\" height=\"437\" src=\"https:\/\/i0.wp.com\/www.todoalfalfa.com.ar\/wp-content\/uploads\/2021\/06\/nodo-logistico-regional.jpg?resize=777%2C437&#038;ssl=1\" alt=\"\" class=\"wp-image-43745\" srcset=\"https:\/\/i0.wp.com\/www.todoalfalfa.com.ar\/noticias\/wp-content\/uploads\/2021\/06\/nodo-logistico-regional.jpg?w=777&amp;ssl=1 777w, https:\/\/i0.wp.com\/www.todoalfalfa.com.ar\/noticias\/wp-content\/uploads\/2021\/06\/nodo-logistico-regional.jpg?resize=300%2C169&amp;ssl=1 300w, https:\/\/i0.wp.com\/www.todoalfalfa.com.ar\/noticias\/wp-content\/uploads\/2021\/06\/nodo-logistico-regional.jpg?resize=768%2C432&amp;ssl=1 768w, https:\/\/i0.wp.com\/www.todoalfalfa.com.ar\/noticias\/wp-content\/uploads\/2021\/06\/nodo-logistico-regional.jpg?resize=180%2C101&amp;ssl=1 180w, https:\/\/i0.wp.com\/www.todoalfalfa.com.ar\/noticias\/wp-content\/uploads\/2021\/06\/nodo-logistico-regional.jpg?resize=260%2C146&amp;ssl=1 260w, https:\/\/i0.wp.com\/www.todoalfalfa.com.ar\/noticias\/wp-content\/uploads\/2021\/06\/nodo-logistico-regional.jpg?resize=373%2C210&amp;ssl=1 373w, https:\/\/i0.wp.com\/www.todoalfalfa.com.ar\/noticias\/wp-content\/uploads\/2021\/06\/nodo-logistico-regional.jpg?resize=120%2C67&amp;ssl=1 120w\" sizes=\"(max-width: 777px) 100vw, 777px\" \/><\/figure><\/div>\n\n\n\n<p>En un plazo de 6 meses, se realizar\u00e1n obras que contemplan una planta de procesamiento de productos dotada de una compresora, un dep\u00f3sito e instalaciones de consolidaci\u00f3n y acopio de productos. Estas instalaciones se construir\u00e1n en un predio de 23.000 metros cuadrados que Trenes Argentinos Cargas posee en mencionada estaci\u00f3n. Adem\u00e1s, se generar\u00e1 cerca de 60 puestos de trabajo, tanto directos como indirectos, de mano de obra nacional.<\/p>\n\n\n\n<p><em>Fuente: Eldestapeweb.com<\/em><\/p>\n<div class=\"todoalfalfa-final-de-la-nota\" id=\"todoalfalfa-1556681340\"><a href=\"https:\/\/www.whatsapp.com\/channel\/0029VbCBmFB9WtBxJsD3eC2i\" target=\"_blank\" aria-label=\"5\"><img src=\"https:\/\/i0.wp.com\/www.todoalfalfa.com.ar\/noticias\/wp-content\/uploads\/2026\/04\/5.gif?fit=728%2C90&#038;ssl=1\" alt=\"\"  width=\"728\" height=\"90\"   \/><\/a><\/div>","protected":false},"excerpt":{"rendered":"<p>Desde el ministerio de Transporte de la Naci\u00f3n avanzan en el fortalecimiento de la relaci\u00f3n comercial con Emiratos \u00c1rabes Unidos y Arabia Saudita. Buscan fomentar econom\u00edas regionales y mejorar la productividad.<\/p>\n","protected":false},"author":3,"featured_media":2268,"comment_status":"closed","ping_status":"open","sticky":false,"template":"","format":"standard","meta":{"jetpack_post_was_ever_published":false,"_jetpack_newsletter_access":"","_jetpack_dont_email_post_to_subs":false,"_jetpack_newsletter_tier_id":0,"_jetpack_memberships_contains_paywalled_content":false,"_jetpack_memberships_contains_paid_content":false,"footnotes":""},"categories":[2],"tags":[135,222,667,1110,324,1111,1112],"class_list":["post-43744","post","type-post","status-publish","format-standard","has-post-thumbnail","hentry","category-generales","tag-cordoba","tag-exportaciones","tag-medio-oriente","tag-nodo","tag-regional","tag-san-francisco","tag-transporte"],"yoast_head":"<!-- This site is optimized with the Yoast SEO plugin v25.5 - https:\/\/yoast.com\/wordpress\/plugins\/seo\/ -->\n<title>Construir\u00e1n un nodo log\u00edstico que aumentar\u00e1 un 66% las exportaciones a Medio Oriente<\/title>\n<meta name=\"robots\" content=\"index, follow, max-snippet:-1, max-image-preview:large, max-video-preview:-1\" \/>\n<link rel=\"canonical\" href=\"https:\/\/www.todoalfalfa.com.ar\/noticias\/construiran-un-nodo-logistico-que-aumentar-un-66-las-exportaciones-a-medio-oriente\/\" \/>\n<meta property=\"og:locale\" content=\"es_ES\" \/>\n<meta property=\"og:type\" content=\"article\" \/>\n<meta property=\"og:title\" content=\"Construir\u00e1n un nodo log\u00edstico que aumentar\u00e1 un 66% las exportaciones a Medio Oriente\" \/>\n<meta property=\"og:description\" content=\"Desde el ministerio de Transporte de la Naci\u00f3n avanzan en el fortalecimiento de la relaci\u00f3n comercial con Emiratos \u00c1rabes Unidos y Arabia Saudita. Buscan fomentar econom\u00edas regionales y mejorar la productividad.\" \/>\n<meta property=\"og:url\" content=\"https:\/\/www.todoalfalfa.com.ar\/noticias\/construiran-un-nodo-logistico-que-aumentar-un-66-las-exportaciones-a-medio-oriente\/\" \/>\n<meta property=\"og:site_name\" content=\"Todo Alfalfa\" \/>\n<meta property=\"article:publisher\" content=\"https:\/\/www.facebook.com\/todoalfalfa\" \/>\n<meta property=\"article:published_time\" content=\"2021-06-22T22:48:28+00:00\" \/>\n<meta property=\"article:modified_time\" content=\"2021-06-23T11:27:27+00:00\" \/>\n<meta property=\"og:image\" content=\"https:\/\/www.todoalfalfa.com.ar\/noticias\/wp-content\/uploads\/2018\/08\/tren_carga.jpg\" \/>\n\t<meta property=\"og:image:width\" content=\"777\" \/>\n\t<meta property=\"og:image:height\" content=\"437\" \/>\n\t<meta property=\"og:image:type\" content=\"image\/jpeg\" \/>\n<meta name=\"author\" content=\"Todo Alfalfa\" \/>\n<meta name=\"twitter:card\" content=\"summary_large_image\" \/>\n<meta name=\"twitter:label1\" content=\"Escrito por\" \/>\n\t<meta name=\"twitter:data1\" content=\"Todo Alfalfa\" \/>\n\t<meta name=\"twitter:label2\" content=\"Tiempo de lectura\" \/>\n\t<meta name=\"twitter:data2\" content=\"3 minutos\" \/>\n<script type=\"application\/ld+json\" class=\"yoast-schema-graph\">{\"@context\":\"https:\/\/schema.org\",\"@graph\":[{\"@type\":\"NewsArticle\",\"@id\":\"https:\/\/www.todoalfalfa.com.ar\/noticias\/construiran-un-nodo-logistico-que-aumentar-un-66-las-exportaciones-a-medio-oriente\/#article\",\"isPartOf\":{\"@id\":\"https:\/\/www.todoalfalfa.com.ar\/noticias\/construiran-un-nodo-logistico-que-aumentar-un-66-las-exportaciones-a-medio-oriente\/\"},\"author\":{\"name\":\"Todo Alfalfa\",\"@id\":\"https:\/\/www.todoalfalfa.com.ar\/noticias\/#\/schema\/person\/4ee4bca9b9fa50c4f0fbaf7017fbf2ad\"},\"headline\":\"Construir\u00e1n un nodo log\u00edstico que aumentar\u00e1 un 66% las exportaciones a Medio Oriente\",\"datePublished\":\"2021-06-22T22:48:28+00:00\",\"dateModified\":\"2021-06-23T11:27:27+00:00\",\"mainEntityOfPage\":{\"@id\":\"https:\/\/www.todoalfalfa.com.ar\/noticias\/construiran-un-nodo-logistico-que-aumentar-un-66-las-exportaciones-a-medio-oriente\/\"},\"wordCount\":653,\"publisher\":{\"@id\":\"https:\/\/www.todoalfalfa.com.ar\/noticias\/#organization\"},\"image\":{\"@id\":\"https:\/\/www.todoalfalfa.com.ar\/noticias\/construiran-un-nodo-logistico-que-aumentar-un-66-las-exportaciones-a-medio-oriente\/#primaryimage\"},\"thumbnailUrl\":\"https:\/\/i0.wp.com\/www.todoalfalfa.com.ar\/noticias\/wp-content\/uploads\/2018\/08\/tren_carga.jpg?fit=777%2C437&ssl=1\",\"keywords\":[\"C\u00f3rdoba\",\"exportaciones\",\"Medio Oriente\",\"nodo\",\"regional\",\"San Francisco\",\"transporte\"],\"articleSection\":[\"Generales\"],\"inLanguage\":\"es\"},{\"@type\":[\"WebPage\",\"ItemPage\"],\"@id\":\"https:\/\/www.todoalfalfa.com.ar\/noticias\/construiran-un-nodo-logistico-que-aumentar-un-66-las-exportaciones-a-medio-oriente\/\",\"url\":\"https:\/\/www.todoalfalfa.com.ar\/noticias\/construiran-un-nodo-logistico-que-aumentar-un-66-las-exportaciones-a-medio-oriente\/\",\"name\":\"Construir\u00e1n un nodo log\u00edstico que aumentar\u00e1 un 66% las exportaciones a Medio Oriente\",\"isPartOf\":{\"@id\":\"https:\/\/www.todoalfalfa.com.ar\/noticias\/#website\"},\"primaryImageOfPage\":{\"@id\":\"https:\/\/www.todoalfalfa.com.ar\/noticias\/construiran-un-nodo-logistico-que-aumentar-un-66-las-exportaciones-a-medio-oriente\/#primaryimage\"},\"image\":{\"@id\":\"https:\/\/www.todoalfalfa.com.ar\/noticias\/construiran-un-nodo-logistico-que-aumentar-un-66-las-exportaciones-a-medio-oriente\/#primaryimage\"},\"thumbnailUrl\":\"https:\/\/i0.wp.com\/www.todoalfalfa.com.ar\/noticias\/wp-content\/uploads\/2018\/08\/tren_carga.jpg?fit=777%2C437&ssl=1\",\"datePublished\":\"2021-06-22T22:48:28+00:00\",\"dateModified\":\"2021-06-23T11:27:27+00:00\",\"breadcrumb\":{\"@id\":\"https:\/\/www.todoalfalfa.com.ar\/noticias\/construiran-un-nodo-logistico-que-aumentar-un-66-las-exportaciones-a-medio-oriente\/#breadcrumb\"},\"inLanguage\":\"es\",\"potentialAction\":[{\"@type\":\"ReadAction\",\"target\":[\"https:\/\/www.todoalfalfa.com.ar\/noticias\/construiran-un-nodo-logistico-que-aumentar-un-66-las-exportaciones-a-medio-oriente\/\"]}]},{\"@type\":\"ImageObject\",\"inLanguage\":\"es\",\"@id\":\"https:\/\/www.todoalfalfa.com.ar\/noticias\/construiran-un-nodo-logistico-que-aumentar-un-66-las-exportaciones-a-medio-oriente\/#primaryimage\",\"url\":\"https:\/\/i0.wp.com\/www.todoalfalfa.com.ar\/noticias\/wp-content\/uploads\/2018\/08\/tren_carga.jpg?fit=777%2C437&ssl=1\",\"contentUrl\":\"https:\/\/i0.wp.com\/www.todoalfalfa.com.ar\/noticias\/wp-content\/uploads\/2018\/08\/tren_carga.jpg?fit=777%2C437&ssl=1\",\"width\":777,\"height\":437},{\"@type\":\"BreadcrumbList\",\"@id\":\"https:\/\/www.todoalfalfa.com.ar\/noticias\/construiran-un-nodo-logistico-que-aumentar-un-66-las-exportaciones-a-medio-oriente\/#breadcrumb\",\"itemListElement\":[{\"@type\":\"ListItem\",\"position\":1,\"name\":\"Principal\",\"item\":\"https:\/\/www.todoalfalfa.com.ar\/noticias\/\"},{\"@type\":\"ListItem\",\"position\":2,\"name\":\"Construir\u00e1n un nodo log\u00edstico que aumentar\u00e1 un 66% las exportaciones a Medio Oriente\"}]},{\"@type\":\"WebSite\",\"@id\":\"https:\/\/www.todoalfalfa.com.ar\/noticias\/#website\",\"url\":\"https:\/\/www.todoalfalfa.com.ar\/noticias\/\",\"name\":\"Todo Alfalfa\",\"description\":\"Web informativa de la cadena de la alfalfa argentina\",\"publisher\":{\"@id\":\"https:\/\/www.todoalfalfa.com.ar\/noticias\/#organization\"},\"potentialAction\":[{\"@type\":\"SearchAction\",\"target\":{\"@type\":\"EntryPoint\",\"urlTemplate\":\"https:\/\/www.todoalfalfa.com.ar\/noticias\/?s={search_term_string}\"},\"query-input\":{\"@type\":\"PropertyValueSpecification\",\"valueRequired\":true,\"valueName\":\"search_term_string\"}}],\"inLanguage\":\"es\"},{\"@type\":\"Organization\",\"@id\":\"https:\/\/www.todoalfalfa.com.ar\/noticias\/#organization\",\"name\":\"Todo Alfalfa\",\"url\":\"https:\/\/www.todoalfalfa.com.ar\/noticias\/\",\"logo\":{\"@type\":\"ImageObject\",\"inLanguage\":\"es\",\"@id\":\"https:\/\/www.todoalfalfa.com.ar\/noticias\/#\/schema\/logo\/image\/\",\"url\":\"https:\/\/www.todoalfalfa.com.ar\/noticias\/wp-content\/uploads\/2020\/09\/logo-todo-alfalfa-modificado.png\",\"contentUrl\":\"https:\/\/www.todoalfalfa.com.ar\/noticias\/wp-content\/uploads\/2020\/09\/logo-todo-alfalfa-modificado.png\",\"width\":350,\"height\":100,\"caption\":\"Todo Alfalfa\"},\"image\":{\"@id\":\"https:\/\/www.todoalfalfa.com.ar\/noticias\/#\/schema\/logo\/image\/\"},\"sameAs\":[\"https:\/\/www.facebook.com\/todoalfalfa\",\"https:\/\/www.instagram.com\/todoalfalfa\",\"https:\/\/www.youtube.com\/@TodoAlfalfa\",\"https:\/\/www.linkedin.com\/company\/todoalfalfa\/\"]},{\"@type\":\"Person\",\"@id\":\"https:\/\/www.todoalfalfa.com.ar\/noticias\/#\/schema\/person\/4ee4bca9b9fa50c4f0fbaf7017fbf2ad\",\"name\":\"Todo Alfalfa\",\"image\":{\"@type\":\"ImageObject\",\"inLanguage\":\"es\",\"@id\":\"https:\/\/www.todoalfalfa.com.ar\/noticias\/#\/schema\/person\/image\/\",\"url\":\"https:\/\/secure.gravatar.com\/avatar\/4d26a600a1380823a26c3f9cb74ada1a8ee4b482c0c3a616ab022b865c46be8f?s=96&d=mm&r=g\",\"contentUrl\":\"https:\/\/secure.gravatar.com\/avatar\/4d26a600a1380823a26c3f9cb74ada1a8ee4b482c0c3a616ab022b865c46be8f?s=96&d=mm&r=g\",\"caption\":\"Todo Alfalfa\"},\"sameAs\":[\"http:\/\/www.todoalfalfa.com.ar\"],\"url\":\"https:\/\/www.todoalfalfa.com.ar\/noticias\/author\/todoalfalfa\/\"}]}<\/script>\n<!-- \/ Yoast SEO plugin. -->","yoast_head_json":{"title":"Construir\u00e1n un nodo log\u00edstico que aumentar\u00e1 un 66% las exportaciones a Medio Oriente","robots":{"index":"index","follow":"follow","max-snippet":"max-snippet:-1","max-image-preview":"max-image-preview:large","max-video-preview":"max-video-preview:-1"},"canonical":"https:\/\/www.todoalfalfa.com.ar\/noticias\/construiran-un-nodo-logistico-que-aumentar-un-66-las-exportaciones-a-medio-oriente\/","og_locale":"es_ES","og_type":"article","og_title":"Construir\u00e1n un nodo log\u00edstico que aumentar\u00e1 un 66% las exportaciones a Medio Oriente","og_description":"Desde el ministerio de Transporte de la Naci\u00f3n avanzan en el fortalecimiento de la relaci\u00f3n comercial con Emiratos \u00c1rabes Unidos y Arabia Saudita. Buscan fomentar econom\u00edas regionales y mejorar la productividad.","og_url":"https:\/\/www.todoalfalfa.com.ar\/noticias\/construiran-un-nodo-logistico-que-aumentar-un-66-las-exportaciones-a-medio-oriente\/","og_site_name":"Todo Alfalfa","article_publisher":"https:\/\/www.facebook.com\/todoalfalfa","article_published_time":"2021-06-22T22:48:28+00:00","article_modified_time":"2021-06-23T11:27:27+00:00","og_image":[{"width":777,"height":437,"url":"https:\/\/www.todoalfalfa.com.ar\/noticias\/wp-content\/uploads\/2018\/08\/tren_carga.jpg","type":"image\/jpeg"}],"author":"Todo Alfalfa","twitter_card":"summary_large_image","twitter_misc":{"Escrito por":"Todo Alfalfa","Tiempo de lectura":"3 minutos"},"schema":{"@context":"https:\/\/schema.org","@graph":[{"@type":"NewsArticle","@id":"https:\/\/www.todoalfalfa.com.ar\/noticias\/construiran-un-nodo-logistico-que-aumentar-un-66-las-exportaciones-a-medio-oriente\/#article","isPartOf":{"@id":"https:\/\/www.todoalfalfa.com.ar\/noticias\/construiran-un-nodo-logistico-que-aumentar-un-66-las-exportaciones-a-medio-oriente\/"},"author":{"name":"Todo Alfalfa","@id":"https:\/\/www.todoalfalfa.com.ar\/noticias\/#\/schema\/person\/4ee4bca9b9fa50c4f0fbaf7017fbf2ad"},"headline":"Construir\u00e1n un nodo log\u00edstico que aumentar\u00e1 un 66% las exportaciones a Medio Oriente","datePublished":"2021-06-22T22:48:28+00:00","dateModified":"2021-06-23T11:27:27+00:00","mainEntityOfPage":{"@id":"https:\/\/www.todoalfalfa.com.ar\/noticias\/construiran-un-nodo-logistico-que-aumentar-un-66-las-exportaciones-a-medio-oriente\/"},"wordCount":653,"publisher":{"@id":"https:\/\/www.todoalfalfa.com.ar\/noticias\/#organization"},"image":{"@id":"https:\/\/www.todoalfalfa.com.ar\/noticias\/construiran-un-nodo-logistico-que-aumentar-un-66-las-exportaciones-a-medio-oriente\/#primaryimage"},"thumbnailUrl":"https:\/\/i0.wp.com\/www.todoalfalfa.com.ar\/noticias\/wp-content\/uploads\/2018\/08\/tren_carga.jpg?fit=777%2C437&ssl=1","keywords":["C\u00f3rdoba","exportaciones","Medio Oriente","nodo","regional","San Francisco","transporte"],"articleSection":["Generales"],"inLanguage":"es"},{"@type":["WebPage","ItemPage"],"@id":"https:\/\/www.todoalfalfa.com.ar\/noticias\/construiran-un-nodo-logistico-que-aumentar-un-66-las-exportaciones-a-medio-oriente\/","url":"https:\/\/www.todoalfalfa.com.ar\/noticias\/construiran-un-nodo-logistico-que-aumentar-un-66-las-exportaciones-a-medio-oriente\/","name":"Construir\u00e1n un nodo log\u00edstico que aumentar\u00e1 un 66% las exportaciones a Medio Oriente","isPartOf":{"@id":"https:\/\/www.todoalfalfa.com.ar\/noticias\/#website"},"primaryImageOfPage":{"@id":"https:\/\/www.todoalfalfa.com.ar\/noticias\/construiran-un-nodo-logistico-que-aumentar-un-66-las-exportaciones-a-medio-oriente\/#primaryimage"},"image":{"@id":"https:\/\/www.todoalfalfa.com.ar\/noticias\/construiran-un-nodo-logistico-que-aumentar-un-66-las-exportaciones-a-medio-oriente\/#primaryimage"},"thumbnailUrl":"https:\/\/i0.wp.com\/www.todoalfalfa.com.ar\/noticias\/wp-content\/uploads\/2018\/08\/tren_carga.jpg?fit=777%2C437&ssl=1","datePublished":"2021-06-22T22:48:28+00:00","dateModified":"2021-06-23T11:27:27+00:00","breadcrumb":{"@id":"https:\/\/www.todoalfalfa.com.ar\/noticias\/construiran-un-nodo-logistico-que-aumentar-un-66-las-exportaciones-a-medio-oriente\/#breadcrumb"},"inLanguage":"es","potentialAction":[{"@type":"ReadAction","target":["https:\/\/www.todoalfalfa.com.ar\/noticias\/construiran-un-nodo-logistico-que-aumentar-un-66-las-exportaciones-a-medio-oriente\/"]}]},{"@type":"ImageObject","inLanguage":"es","@id":"https:\/\/www.todoalfalfa.com.ar\/noticias\/construiran-un-nodo-logistico-que-aumentar-un-66-las-exportaciones-a-medio-oriente\/#primaryimage","url":"https:\/\/i0.wp.com\/www.todoalfalfa.com.ar\/noticias\/wp-content\/uploads\/2018\/08\/tren_carga.jpg?fit=777%2C437&ssl=1","contentUrl":"https:\/\/i0.wp.com\/www.todoalfalfa.com.ar\/noticias\/wp-content\/uploads\/2018\/08\/tren_carga.jpg?fit=777%2C437&ssl=1","width":777,"height":437},{"@type":"BreadcrumbList","@id":"https:\/\/www.todoalfalfa.com.ar\/noticias\/construiran-un-nodo-logistico-que-aumentar-un-66-las-exportaciones-a-medio-oriente\/#breadcrumb","itemListElement":[{"@type":"ListItem","position":1,"name":"Principal","item":"https:\/\/www.todoalfalfa.com.ar\/noticias\/"},{"@type":"ListItem","position":2,"name":"Construir\u00e1n un nodo log\u00edstico que aumentar\u00e1 un 66% las exportaciones a Medio Oriente"}]},{"@type":"WebSite","@id":"https:\/\/www.todoalfalfa.com.ar\/noticias\/#website","url":"https:\/\/www.todoalfalfa.com.ar\/noticias\/","name":"Todo Alfalfa","description":"Web informativa de la cadena de la alfalfa argentina","publisher":{"@id":"https:\/\/www.todoalfalfa.com.ar\/noticias\/#organization"},"potentialAction":[{"@type":"SearchAction","target":{"@type":"EntryPoint","urlTemplate":"https:\/\/www.todoalfalfa.com.ar\/noticias\/?s={search_term_string}"},"query-input":{"@type":"PropertyValueSpecification","valueRequired":true,"valueName":"search_term_string"}}],"inLanguage":"es"},{"@type":"Organization","@id":"https:\/\/www.todoalfalfa.com.ar\/noticias\/#organization","name":"Todo Alfalfa","url":"https:\/\/www.todoalfalfa.com.ar\/noticias\/","logo":{"@type":"ImageObject","inLanguage":"es","@id":"https:\/\/www.todoalfalfa.com.ar\/noticias\/#\/schema\/logo\/image\/","url":"https:\/\/www.todoalfalfa.com.ar\/noticias\/wp-content\/uploads\/2020\/09\/logo-todo-alfalfa-modificado.png","contentUrl":"https:\/\/www.todoalfalfa.com.ar\/noticias\/wp-content\/uploads\/2020\/09\/logo-todo-alfalfa-modificado.png","width":350,"height":100,"caption":"Todo Alfalfa"},"image":{"@id":"https:\/\/www.todoalfalfa.com.ar\/noticias\/#\/schema\/logo\/image\/"},"sameAs":["https:\/\/www.facebook.com\/todoalfalfa","https:\/\/www.instagram.com\/todoalfalfa","https:\/\/www.youtube.com\/@TodoAlfalfa","https:\/\/www.linkedin.com\/company\/todoalfalfa\/"]},{"@type":"Person","@id":"https:\/\/www.todoalfalfa.com.ar\/noticias\/#\/schema\/person\/4ee4bca9b9fa50c4f0fbaf7017fbf2ad","name":"Todo Alfalfa","image":{"@type":"ImageObject","inLanguage":"es","@id":"https:\/\/www.todoalfalfa.com.ar\/noticias\/#\/schema\/person\/image\/","url":"https:\/\/secure.gravatar.com\/avatar\/4d26a600a1380823a26c3f9cb74ada1a8ee4b482c0c3a616ab022b865c46be8f?s=96&d=mm&r=g","contentUrl":"https:\/\/secure.gravatar.com\/avatar\/4d26a600a1380823a26c3f9cb74ada1a8ee4b482c0c3a616ab022b865c46be8f?s=96&d=mm&r=g","caption":"Todo Alfalfa"},"sameAs":["http:\/\/www.todoalfalfa.com.ar"],"url":"https:\/\/www.todoalfalfa.com.ar\/noticias\/author\/todoalfalfa\/"}]}},"jetpack_featured_media_url":"https:\/\/i0.wp.com\/www.todoalfalfa.com.ar\/noticias\/wp-content\/uploads\/2018\/08\/tren_carga.jpg?fit=777%2C437&ssl=1","wps_subtitle":"","jetpack_sharing_enabled":true,"_links":{"self":[{"href":"https:\/\/www.todoalfalfa.com.ar\/noticias\/wp-json\/wp\/v2\/posts\/43744","targetHints":{"allow":["GET"]}}],"collection":[{"href":"https:\/\/www.todoalfalfa.com.ar\/noticias\/wp-json\/wp\/v2\/posts"}],"about":[{"href":"https:\/\/www.todoalfalfa.com.ar\/noticias\/wp-json\/wp\/v2\/types\/post"}],"author":[{"embeddable":true,"href":"https:\/\/www.todoalfalfa.com.ar\/noticias\/wp-json\/wp\/v2\/users\/3"}],"replies":[{"embeddable":true,"href":"https:\/\/www.todoalfalfa.com.ar\/noticias\/wp-json\/wp\/v2\/comments?post=43744"}],"version-history":[{"count":0,"href":"https:\/\/www.todoalfalfa.com.ar\/noticias\/wp-json\/wp\/v2\/posts\/43744\/revisions"}],"wp:featuredmedia":[{"embeddable":true,"href":"https:\/\/www.todoalfalfa.com.ar\/noticias\/wp-json\/wp\/v2\/media\/2268"}],"wp:attachment":[{"href":"https:\/\/www.todoalfalfa.com.ar\/noticias\/wp-json\/wp\/v2\/media?parent=43744"}],"wp:term":[{"taxonomy":"category","embeddable":true,"href":"https:\/\/www.todoalfalfa.com.ar\/noticias\/wp-json\/wp\/v2\/categories?post=43744"},{"taxonomy":"post_tag","embeddable":true,"href":"https:\/\/www.todoalfalfa.com.ar\/noticias\/wp-json\/wp\/v2\/tags?post=43744"}],"curies":[{"name":"wp","href":"https:\/\/api.w.org\/{rel}","templated":true}]}}