{"id":44102,"date":"2021-10-27T18:52:02","date_gmt":"2021-10-27T21:52:02","guid":{"rendered":"https:\/\/www.todoalfalfa.com.ar\/?p=44102"},"modified":"2021-10-27T18:52:03","modified_gmt":"2021-10-27T21:52:03","slug":"el-cultivo-de-alfalfa-en-el-centro-de-ecuador","status":"publish","type":"post","link":"https:\/\/www.todoalfalfa.com.ar\/noticias\/el-cultivo-de-alfalfa-en-el-centro-de-ecuador\/","title":{"rendered":"El cultivo de alfalfa en el centro de Ecuador"},"content":{"rendered":"\n<p>Carlos Santos, administrador de la Estaci\u00f3n Experimental Tunshi de la Escuela Superior Polit\u00e9cnica de Chimborazo realiz\u00f3 una entrevista televisiva en donde desgran\u00f3 los siguientes conceptos respecto al manejo y uso del cultivo de alfalfa en Ecuador:<\/p>\n\n\n\n<ul class=\"wp-block-list\"><li>La alfalfa es el alimento m\u00e1s barato que poseen las sierras de Ecuador, por tal raz\u00f3n la ganader\u00eda debe aprovecharla eficientemente para transformarla en leche.<\/li><\/ul>\n\n\n\n<ul class=\"wp-block-list\"><li>Pertenece a la familia de las leguminosas, es una planta perene. La ra\u00edz principal es pivotante, robusta y muy desarrollada, con numerosas ra\u00edces secundarias. Posee una corona que sobresale del terreno, de la cual emergen los brotes que dan lugar a los tallos. Los tallos son delgados y rectos para soportar el peso de las hojas y de las inflorescencias, adem\u00e1s son muy resistentes.<\/li><\/ul>\n\n\n\n<ul class=\"wp-block-list\"><li>Los m\u00e1rgenes de las hojas son lisos y con bordes ligeramente dentados. Su flor es de color p\u00farpura.<\/li><\/ul>\n\n\n\n<ul class=\"wp-block-list\"><li>La importancia del cultivo de alfalfa va desde su inter\u00e9s como fuente natural de prote\u00ednas, vitaminas, fibras y minerales. As\u00ed como su contribuci\u00f3n paisaj\u00edstica y su utilidad como cultivo conservacionista de la fauna. Adem\u00e1s de la importante reducci\u00f3n energ\u00e9tica que supone la fijaci\u00f3n simbi\u00f3tica de nitr\u00f3geno para el propio cultivo y los cultivos subsiguientes.<\/li><\/ul>\n\n\n\n<ul class=\"wp-block-list\"><li>Las principales labores culturales para el cultivo de alfalfa es tumbar el potrero viejo y si se puede hacer rotaci\u00f3n de cultivos es mucho mejor. Aqu\u00ed en Tunshi lo que hacemos es tumbar el potrero viejo y hacemos un cultivo de ma\u00edz para ensilar. Una vez que sal\u00eds de eso hacemos una mano de avena, para radicar a un pasto que no tiene buenas caracter\u00edsticas nutricionales. Una vez que pasamos 2 veces por otro cultivo establecemos la pastura definitiva que es a base de alfalfa principalmente. Esto demora unos 8 meses, y una vez establecido el nuevo pastizal fertilizamos.<\/li><\/ul>\n\n\n\n<div class=\"wp-block-image\"><figure class=\"aligncenter size-full\"><img data-recalc-dims=\"1\" fetchpriority=\"high\" decoding=\"async\" width=\"777\" height=\"437\" src=\"https:\/\/i0.wp.com\/www.todoalfalfa.com.ar\/wp-content\/uploads\/2021\/10\/ChimborazoCarlosSantos.jpg?resize=777%2C437\" alt=\"\" class=\"wp-image-44103\" srcset=\"https:\/\/i0.wp.com\/www.todoalfalfa.com.ar\/noticias\/wp-content\/uploads\/2021\/10\/ChimborazoCarlosSantos.jpg?w=777&amp;ssl=1 777w, https:\/\/i0.wp.com\/www.todoalfalfa.com.ar\/noticias\/wp-content\/uploads\/2021\/10\/ChimborazoCarlosSantos.jpg?resize=300%2C169&amp;ssl=1 300w, https:\/\/i0.wp.com\/www.todoalfalfa.com.ar\/noticias\/wp-content\/uploads\/2021\/10\/ChimborazoCarlosSantos.jpg?resize=768%2C432&amp;ssl=1 768w, https:\/\/i0.wp.com\/www.todoalfalfa.com.ar\/noticias\/wp-content\/uploads\/2021\/10\/ChimborazoCarlosSantos.jpg?resize=180%2C101&amp;ssl=1 180w, https:\/\/i0.wp.com\/www.todoalfalfa.com.ar\/noticias\/wp-content\/uploads\/2021\/10\/ChimborazoCarlosSantos.jpg?resize=260%2C146&amp;ssl=1 260w, https:\/\/i0.wp.com\/www.todoalfalfa.com.ar\/noticias\/wp-content\/uploads\/2021\/10\/ChimborazoCarlosSantos.jpg?resize=373%2C210&amp;ssl=1 373w, https:\/\/i0.wp.com\/www.todoalfalfa.com.ar\/noticias\/wp-content\/uploads\/2021\/10\/ChimborazoCarlosSantos.jpg?resize=120%2C67&amp;ssl=1 120w\" sizes=\"(max-width: 777px) 100vw, 777px\" \/><\/figure><\/div>\n\n\n\n<ul class=\"wp-block-list\"><li>Hacemos una fertilizaci\u00f3n org\u00e1nica con abono de ovinos y bovinos. Utilizamos en este caso ferti-forraje, que es rico en fosforo y potasio. No usamos nitrogenado porque la alfalfa absorbe o retiene del ambiente el nitr\u00f3geno.<\/li><\/ul>\n\n\n\n<ul class=\"wp-block-list\"><li>La alfalfa requiere de suelos profundos y bien drenados, aunque se cultiva en amplia variedad de suelos. Los suelos con menos de 60 cm. de profundidad no son muy aconsejables.<\/li><\/ul>\n\n\n\n<ul class=\"wp-block-list\"><li>Antes de la siembra es necesario conocer el terreno.<\/li><\/ul>\n\n\n\n<ul class=\"wp-block-list\"><li>Una vez establecido el primer pastizal a base de alfalfa le hacemos un corte. El primer corte con ovinos, porque los ovinos cortan el forraje y no lo arrancan. EL primer corte puede ser a m\u00e1quina o con ovinos. Nosotros usamos los ovinos para aprovechar que coman las malezas y dejan fertilizante.<\/li><\/ul>\n\n\n\n<ul class=\"wp-block-list\"><li>Las praderas a base de alfalfa son porque es la mejor pastura en cuanto a nutrientes.<\/li><\/ul>\n\n\n\n<ul class=\"wp-block-list\"><li>Tenemos muy buenas producciones en el sector: 15-18 toneladas por hect\u00e1reas, dependiendo de las lluvias.<\/li><\/ul>\n\n\n\n<ul class=\"wp-block-list\"><li>Si demoramos el inicio del pastoreo, empezando en la floraci\u00f3n o floraci\u00f3n avanzada predominaran m\u00e1s los tallos, que son de poca digestibilidad, y la planta perder\u00e1 su calidad nutricional.<\/li><\/ul>\n\n\n\n<ul class=\"wp-block-list\"><li>Siempre debemos encontrar un punto intermedio entre la calidad y la cantidad. Esto lo hallamos al inicio de la floraci\u00f3n, cuando la planta tiene un tallo suculento y una abundante cantidad de follaje.<\/li><\/ul>\n\n\n\n<ul class=\"wp-block-list\"><li>Otro tema de inter\u00e9s para los productores de alfalfa es sin duda lo relacionado al manejo de la reserva generada en los brotes basales. Esto significa que tanto la ra\u00edz como la corona de la alfalfa han acumulado suficiente cantidad de nutrientes para permitir un nuevo rebrote, y significa tambi\u00e9n que est\u00e1 lista para poder hacer un corte o un pastoreo.<\/li><\/ul>\n\n\n\n<ul class=\"wp-block-list\"><li>As\u00ed tendremos una primera etapa de extracci\u00f3n de reservas para el crecimiento y luego tendremos un excedente, mismo que se va acumulando tanto en la corona como en la ra\u00edz.<\/li><\/ul>\n\n\n\n<ul class=\"wp-block-list\"><li>Si interferimos en el periodo de reciclaje de reservas estaremos interfiriendo en el vigor de los pr\u00f3ximos rebrotes.<\/li><\/ul>\n\n\n\n<ul class=\"wp-block-list\"><li>La alfalfa tolera per\u00edodos de pastoreo intenso pero no frecuente. Requiere de un espacio de tiempo apropiado entre pastoreo y pastoreo para su recuperaci\u00f3n. Esto se relaciona con la \u00e9poca del a\u00f1o, el tipo de pastoreo, el sistema de manejo, la presencia de lluvias y de luz solar.<\/li><\/ul>\n\n\n\n<p><em>Fuente: transcripci\u00f3n de nota publicada en Youtube por Buho Films<\/em><\/p>\n<div class=\"todoalfalfa-final-de-la-nota\" id=\"todoalfalfa-2113345539\"><a href=\"https:\/\/www.whatsapp.com\/channel\/0029VbCBmFB9WtBxJsD3eC2i\" target=\"_blank\" aria-label=\"5\"><img src=\"https:\/\/i0.wp.com\/www.todoalfalfa.com.ar\/noticias\/wp-content\/uploads\/2026\/04\/5.gif?fit=728%2C90&#038;ssl=1\" alt=\"\"  width=\"728\" height=\"90\"   \/><\/a><\/div>","protected":false},"excerpt":{"rendered":"<p>En la producci\u00f3n animal, algo clave es la alimentaci\u00f3n. Para dar al animal una nutrici\u00f3n que cubra sus requerimientos es necesario establecer en la pradera una pastura que tenga un alto valor nutritivo, en este caso: la alfalfa. <\/p>\n","protected":false},"author":3,"featured_media":44104,"comment_status":"closed","ping_status":"open","sticky":false,"template":"","format":"standard","meta":{"jetpack_post_was_ever_published":false,"_jetpack_newsletter_access":"","_jetpack_dont_email_post_to_subs":false,"_jetpack_newsletter_tier_id":0,"_jetpack_memberships_contains_paywalled_content":false,"_jetpack_memberships_contains_paid_content":false,"footnotes":""},"categories":[2],"tags":[31,110,85,1211],"class_list":["post-44102","post","type-post","status-publish","format-standard","has-post-thumbnail","hentry","category-generales","tag-alfalfa","tag-centro","tag-cultivo","tag-ecuador"],"yoast_head":"<!-- This site is optimized with the Yoast SEO plugin v25.5 - https:\/\/yoast.com\/wordpress\/plugins\/seo\/ -->\n<title>El cultivo de alfalfa en el centro de Ecuador<\/title>\n<meta name=\"robots\" content=\"index, follow, max-snippet:-1, max-image-preview:large, max-video-preview:-1\" \/>\n<link rel=\"canonical\" href=\"https:\/\/www.todoalfalfa.com.ar\/noticias\/el-cultivo-de-alfalfa-en-el-centro-de-ecuador\/\" \/>\n<meta property=\"og:locale\" content=\"es_ES\" \/>\n<meta property=\"og:type\" content=\"article\" \/>\n<meta property=\"og:title\" content=\"El cultivo de alfalfa en el centro de Ecuador\" \/>\n<meta property=\"og:description\" content=\"En la producci\u00f3n animal, algo clave es la alimentaci\u00f3n. Para dar al animal una nutrici\u00f3n que cubra sus requerimientos es necesario establecer en la pradera una pastura que tenga un alto valor nutritivo, en este caso: la alfalfa.\" \/>\n<meta property=\"og:url\" content=\"https:\/\/www.todoalfalfa.com.ar\/noticias\/el-cultivo-de-alfalfa-en-el-centro-de-ecuador\/\" \/>\n<meta property=\"og:site_name\" content=\"Todo Alfalfa\" \/>\n<meta property=\"article:publisher\" content=\"https:\/\/www.facebook.com\/todoalfalfa\" \/>\n<meta property=\"article:published_time\" content=\"2021-10-27T21:52:02+00:00\" \/>\n<meta property=\"article:modified_time\" content=\"2021-10-27T21:52:03+00:00\" \/>\n<meta property=\"og:image\" content=\"https:\/\/www.todoalfalfa.com.ar\/noticias\/wp-content\/uploads\/2021\/10\/Chimborazoprincipal.jpg\" \/>\n\t<meta property=\"og:image:width\" content=\"777\" \/>\n\t<meta property=\"og:image:height\" content=\"437\" \/>\n\t<meta property=\"og:image:type\" content=\"image\/jpeg\" \/>\n<meta name=\"author\" content=\"Todo Alfalfa\" \/>\n<meta name=\"twitter:card\" content=\"summary_large_image\" \/>\n<meta name=\"twitter:label1\" content=\"Escrito por\" \/>\n\t<meta name=\"twitter:data1\" content=\"Todo Alfalfa\" \/>\n\t<meta name=\"twitter:label2\" content=\"Tiempo de lectura\" \/>\n\t<meta name=\"twitter:data2\" content=\"4 minutos\" \/>\n<script type=\"application\/ld+json\" class=\"yoast-schema-graph\">{\"@context\":\"https:\/\/schema.org\",\"@graph\":[{\"@type\":\"NewsArticle\",\"@id\":\"https:\/\/www.todoalfalfa.com.ar\/noticias\/el-cultivo-de-alfalfa-en-el-centro-de-ecuador\/#article\",\"isPartOf\":{\"@id\":\"https:\/\/www.todoalfalfa.com.ar\/noticias\/el-cultivo-de-alfalfa-en-el-centro-de-ecuador\/\"},\"author\":{\"name\":\"Todo Alfalfa\",\"@id\":\"https:\/\/www.todoalfalfa.com.ar\/noticias\/#\/schema\/person\/4ee4bca9b9fa50c4f0fbaf7017fbf2ad\"},\"headline\":\"El cultivo de alfalfa en el centro de Ecuador\",\"datePublished\":\"2021-10-27T21:52:02+00:00\",\"dateModified\":\"2021-10-27T21:52:03+00:00\",\"mainEntityOfPage\":{\"@id\":\"https:\/\/www.todoalfalfa.com.ar\/noticias\/el-cultivo-de-alfalfa-en-el-centro-de-ecuador\/\"},\"wordCount\":731,\"publisher\":{\"@id\":\"https:\/\/www.todoalfalfa.com.ar\/noticias\/#organization\"},\"image\":{\"@id\":\"https:\/\/www.todoalfalfa.com.ar\/noticias\/el-cultivo-de-alfalfa-en-el-centro-de-ecuador\/#primaryimage\"},\"thumbnailUrl\":\"https:\/\/i0.wp.com\/www.todoalfalfa.com.ar\/noticias\/wp-content\/uploads\/2021\/10\/Chimborazoprincipal.jpg?fit=777%2C437&ssl=1\",\"keywords\":[\"alfalfa\",\"centro\",\"cultivo\",\"Ecuador\"],\"articleSection\":[\"Generales\"],\"inLanguage\":\"es\"},{\"@type\":[\"WebPage\",\"ItemPage\"],\"@id\":\"https:\/\/www.todoalfalfa.com.ar\/noticias\/el-cultivo-de-alfalfa-en-el-centro-de-ecuador\/\",\"url\":\"https:\/\/www.todoalfalfa.com.ar\/noticias\/el-cultivo-de-alfalfa-en-el-centro-de-ecuador\/\",\"name\":\"El cultivo de alfalfa en el centro de Ecuador\",\"isPartOf\":{\"@id\":\"https:\/\/www.todoalfalfa.com.ar\/noticias\/#website\"},\"primaryImageOfPage\":{\"@id\":\"https:\/\/www.todoalfalfa.com.ar\/noticias\/el-cultivo-de-alfalfa-en-el-centro-de-ecuador\/#primaryimage\"},\"image\":{\"@id\":\"https:\/\/www.todoalfalfa.com.ar\/noticias\/el-cultivo-de-alfalfa-en-el-centro-de-ecuador\/#primaryimage\"},\"thumbnailUrl\":\"https:\/\/i0.wp.com\/www.todoalfalfa.com.ar\/noticias\/wp-content\/uploads\/2021\/10\/Chimborazoprincipal.jpg?fit=777%2C437&ssl=1\",\"datePublished\":\"2021-10-27T21:52:02+00:00\",\"dateModified\":\"2021-10-27T21:52:03+00:00\",\"breadcrumb\":{\"@id\":\"https:\/\/www.todoalfalfa.com.ar\/noticias\/el-cultivo-de-alfalfa-en-el-centro-de-ecuador\/#breadcrumb\"},\"inLanguage\":\"es\",\"potentialAction\":[{\"@type\":\"ReadAction\",\"target\":[\"https:\/\/www.todoalfalfa.com.ar\/noticias\/el-cultivo-de-alfalfa-en-el-centro-de-ecuador\/\"]}]},{\"@type\":\"ImageObject\",\"inLanguage\":\"es\",\"@id\":\"https:\/\/www.todoalfalfa.com.ar\/noticias\/el-cultivo-de-alfalfa-en-el-centro-de-ecuador\/#primaryimage\",\"url\":\"https:\/\/i0.wp.com\/www.todoalfalfa.com.ar\/noticias\/wp-content\/uploads\/2021\/10\/Chimborazoprincipal.jpg?fit=777%2C437&ssl=1\",\"contentUrl\":\"https:\/\/i0.wp.com\/www.todoalfalfa.com.ar\/noticias\/wp-content\/uploads\/2021\/10\/Chimborazoprincipal.jpg?fit=777%2C437&ssl=1\",\"width\":777,\"height\":437},{\"@type\":\"BreadcrumbList\",\"@id\":\"https:\/\/www.todoalfalfa.com.ar\/noticias\/el-cultivo-de-alfalfa-en-el-centro-de-ecuador\/#breadcrumb\",\"itemListElement\":[{\"@type\":\"ListItem\",\"position\":1,\"name\":\"Principal\",\"item\":\"https:\/\/www.todoalfalfa.com.ar\/noticias\/\"},{\"@type\":\"ListItem\",\"position\":2,\"name\":\"El cultivo de alfalfa en el centro de Ecuador\"}]},{\"@type\":\"WebSite\",\"@id\":\"https:\/\/www.todoalfalfa.com.ar\/noticias\/#website\",\"url\":\"https:\/\/www.todoalfalfa.com.ar\/noticias\/\",\"name\":\"Todo Alfalfa\",\"description\":\"Web informativa de la cadena de la alfalfa argentina\",\"publisher\":{\"@id\":\"https:\/\/www.todoalfalfa.com.ar\/noticias\/#organization\"},\"potentialAction\":[{\"@type\":\"SearchAction\",\"target\":{\"@type\":\"EntryPoint\",\"urlTemplate\":\"https:\/\/www.todoalfalfa.com.ar\/noticias\/?s={search_term_string}\"},\"query-input\":{\"@type\":\"PropertyValueSpecification\",\"valueRequired\":true,\"valueName\":\"search_term_string\"}}],\"inLanguage\":\"es\"},{\"@type\":\"Organization\",\"@id\":\"https:\/\/www.todoalfalfa.com.ar\/noticias\/#organization\",\"name\":\"Todo Alfalfa\",\"url\":\"https:\/\/www.todoalfalfa.com.ar\/noticias\/\",\"logo\":{\"@type\":\"ImageObject\",\"inLanguage\":\"es\",\"@id\":\"https:\/\/www.todoalfalfa.com.ar\/noticias\/#\/schema\/logo\/image\/\",\"url\":\"https:\/\/www.todoalfalfa.com.ar\/noticias\/wp-content\/uploads\/2020\/09\/logo-todo-alfalfa-modificado.png\",\"contentUrl\":\"https:\/\/www.todoalfalfa.com.ar\/noticias\/wp-content\/uploads\/2020\/09\/logo-todo-alfalfa-modificado.png\",\"width\":350,\"height\":100,\"caption\":\"Todo Alfalfa\"},\"image\":{\"@id\":\"https:\/\/www.todoalfalfa.com.ar\/noticias\/#\/schema\/logo\/image\/\"},\"sameAs\":[\"https:\/\/www.facebook.com\/todoalfalfa\",\"https:\/\/www.instagram.com\/todoalfalfa\",\"https:\/\/www.youtube.com\/@TodoAlfalfa\",\"https:\/\/www.linkedin.com\/company\/todoalfalfa\/\"]},{\"@type\":\"Person\",\"@id\":\"https:\/\/www.todoalfalfa.com.ar\/noticias\/#\/schema\/person\/4ee4bca9b9fa50c4f0fbaf7017fbf2ad\",\"name\":\"Todo Alfalfa\",\"image\":{\"@type\":\"ImageObject\",\"inLanguage\":\"es\",\"@id\":\"https:\/\/www.todoalfalfa.com.ar\/noticias\/#\/schema\/person\/image\/\",\"url\":\"https:\/\/secure.gravatar.com\/avatar\/4d26a600a1380823a26c3f9cb74ada1a8ee4b482c0c3a616ab022b865c46be8f?s=96&d=mm&r=g\",\"contentUrl\":\"https:\/\/secure.gravatar.com\/avatar\/4d26a600a1380823a26c3f9cb74ada1a8ee4b482c0c3a616ab022b865c46be8f?s=96&d=mm&r=g\",\"caption\":\"Todo Alfalfa\"},\"sameAs\":[\"http:\/\/www.todoalfalfa.com.ar\"],\"url\":\"https:\/\/www.todoalfalfa.com.ar\/noticias\/author\/todoalfalfa\/\"}]}<\/script>\n<!-- \/ Yoast SEO plugin. -->","yoast_head_json":{"title":"El cultivo de alfalfa en el centro de Ecuador","robots":{"index":"index","follow":"follow","max-snippet":"max-snippet:-1","max-image-preview":"max-image-preview:large","max-video-preview":"max-video-preview:-1"},"canonical":"https:\/\/www.todoalfalfa.com.ar\/noticias\/el-cultivo-de-alfalfa-en-el-centro-de-ecuador\/","og_locale":"es_ES","og_type":"article","og_title":"El cultivo de alfalfa en el centro de Ecuador","og_description":"En la producci\u00f3n animal, algo clave es la alimentaci\u00f3n. Para dar al animal una nutrici\u00f3n que cubra sus requerimientos es necesario establecer en la pradera una pastura que tenga un alto valor nutritivo, en este caso: la alfalfa.","og_url":"https:\/\/www.todoalfalfa.com.ar\/noticias\/el-cultivo-de-alfalfa-en-el-centro-de-ecuador\/","og_site_name":"Todo Alfalfa","article_publisher":"https:\/\/www.facebook.com\/todoalfalfa","article_published_time":"2021-10-27T21:52:02+00:00","article_modified_time":"2021-10-27T21:52:03+00:00","og_image":[{"width":777,"height":437,"url":"https:\/\/www.todoalfalfa.com.ar\/noticias\/wp-content\/uploads\/2021\/10\/Chimborazoprincipal.jpg","type":"image\/jpeg"}],"author":"Todo Alfalfa","twitter_card":"summary_large_image","twitter_misc":{"Escrito por":"Todo Alfalfa","Tiempo de lectura":"4 minutos"},"schema":{"@context":"https:\/\/schema.org","@graph":[{"@type":"NewsArticle","@id":"https:\/\/www.todoalfalfa.com.ar\/noticias\/el-cultivo-de-alfalfa-en-el-centro-de-ecuador\/#article","isPartOf":{"@id":"https:\/\/www.todoalfalfa.com.ar\/noticias\/el-cultivo-de-alfalfa-en-el-centro-de-ecuador\/"},"author":{"name":"Todo Alfalfa","@id":"https:\/\/www.todoalfalfa.com.ar\/noticias\/#\/schema\/person\/4ee4bca9b9fa50c4f0fbaf7017fbf2ad"},"headline":"El cultivo de alfalfa en el centro de Ecuador","datePublished":"2021-10-27T21:52:02+00:00","dateModified":"2021-10-27T21:52:03+00:00","mainEntityOfPage":{"@id":"https:\/\/www.todoalfalfa.com.ar\/noticias\/el-cultivo-de-alfalfa-en-el-centro-de-ecuador\/"},"wordCount":731,"publisher":{"@id":"https:\/\/www.todoalfalfa.com.ar\/noticias\/#organization"},"image":{"@id":"https:\/\/www.todoalfalfa.com.ar\/noticias\/el-cultivo-de-alfalfa-en-el-centro-de-ecuador\/#primaryimage"},"thumbnailUrl":"https:\/\/i0.wp.com\/www.todoalfalfa.com.ar\/noticias\/wp-content\/uploads\/2021\/10\/Chimborazoprincipal.jpg?fit=777%2C437&ssl=1","keywords":["alfalfa","centro","cultivo","Ecuador"],"articleSection":["Generales"],"inLanguage":"es"},{"@type":["WebPage","ItemPage"],"@id":"https:\/\/www.todoalfalfa.com.ar\/noticias\/el-cultivo-de-alfalfa-en-el-centro-de-ecuador\/","url":"https:\/\/www.todoalfalfa.com.ar\/noticias\/el-cultivo-de-alfalfa-en-el-centro-de-ecuador\/","name":"El cultivo de alfalfa en el centro de Ecuador","isPartOf":{"@id":"https:\/\/www.todoalfalfa.com.ar\/noticias\/#website"},"primaryImageOfPage":{"@id":"https:\/\/www.todoalfalfa.com.ar\/noticias\/el-cultivo-de-alfalfa-en-el-centro-de-ecuador\/#primaryimage"},"image":{"@id":"https:\/\/www.todoalfalfa.com.ar\/noticias\/el-cultivo-de-alfalfa-en-el-centro-de-ecuador\/#primaryimage"},"thumbnailUrl":"https:\/\/i0.wp.com\/www.todoalfalfa.com.ar\/noticias\/wp-content\/uploads\/2021\/10\/Chimborazoprincipal.jpg?fit=777%2C437&ssl=1","datePublished":"2021-10-27T21:52:02+00:00","dateModified":"2021-10-27T21:52:03+00:00","breadcrumb":{"@id":"https:\/\/www.todoalfalfa.com.ar\/noticias\/el-cultivo-de-alfalfa-en-el-centro-de-ecuador\/#breadcrumb"},"inLanguage":"es","potentialAction":[{"@type":"ReadAction","target":["https:\/\/www.todoalfalfa.com.ar\/noticias\/el-cultivo-de-alfalfa-en-el-centro-de-ecuador\/"]}]},{"@type":"ImageObject","inLanguage":"es","@id":"https:\/\/www.todoalfalfa.com.ar\/noticias\/el-cultivo-de-alfalfa-en-el-centro-de-ecuador\/#primaryimage","url":"https:\/\/i0.wp.com\/www.todoalfalfa.com.ar\/noticias\/wp-content\/uploads\/2021\/10\/Chimborazoprincipal.jpg?fit=777%2C437&ssl=1","contentUrl":"https:\/\/i0.wp.com\/www.todoalfalfa.com.ar\/noticias\/wp-content\/uploads\/2021\/10\/Chimborazoprincipal.jpg?fit=777%2C437&ssl=1","width":777,"height":437},{"@type":"BreadcrumbList","@id":"https:\/\/www.todoalfalfa.com.ar\/noticias\/el-cultivo-de-alfalfa-en-el-centro-de-ecuador\/#breadcrumb","itemListElement":[{"@type":"ListItem","position":1,"name":"Principal","item":"https:\/\/www.todoalfalfa.com.ar\/noticias\/"},{"@type":"ListItem","position":2,"name":"El cultivo de alfalfa en el centro de Ecuador"}]},{"@type":"WebSite","@id":"https:\/\/www.todoalfalfa.com.ar\/noticias\/#website","url":"https:\/\/www.todoalfalfa.com.ar\/noticias\/","name":"Todo Alfalfa","description":"Web informativa de la cadena de la alfalfa argentina","publisher":{"@id":"https:\/\/www.todoalfalfa.com.ar\/noticias\/#organization"},"potentialAction":[{"@type":"SearchAction","target":{"@type":"EntryPoint","urlTemplate":"https:\/\/www.todoalfalfa.com.ar\/noticias\/?s={search_term_string}"},"query-input":{"@type":"PropertyValueSpecification","valueRequired":true,"valueName":"search_term_string"}}],"inLanguage":"es"},{"@type":"Organization","@id":"https:\/\/www.todoalfalfa.com.ar\/noticias\/#organization","name":"Todo Alfalfa","url":"https:\/\/www.todoalfalfa.com.ar\/noticias\/","logo":{"@type":"ImageObject","inLanguage":"es","@id":"https:\/\/www.todoalfalfa.com.ar\/noticias\/#\/schema\/logo\/image\/","url":"https:\/\/www.todoalfalfa.com.ar\/noticias\/wp-content\/uploads\/2020\/09\/logo-todo-alfalfa-modificado.png","contentUrl":"https:\/\/www.todoalfalfa.com.ar\/noticias\/wp-content\/uploads\/2020\/09\/logo-todo-alfalfa-modificado.png","width":350,"height":100,"caption":"Todo Alfalfa"},"image":{"@id":"https:\/\/www.todoalfalfa.com.ar\/noticias\/#\/schema\/logo\/image\/"},"sameAs":["https:\/\/www.facebook.com\/todoalfalfa","https:\/\/www.instagram.com\/todoalfalfa","https:\/\/www.youtube.com\/@TodoAlfalfa","https:\/\/www.linkedin.com\/company\/todoalfalfa\/"]},{"@type":"Person","@id":"https:\/\/www.todoalfalfa.com.ar\/noticias\/#\/schema\/person\/4ee4bca9b9fa50c4f0fbaf7017fbf2ad","name":"Todo Alfalfa","image":{"@type":"ImageObject","inLanguage":"es","@id":"https:\/\/www.todoalfalfa.com.ar\/noticias\/#\/schema\/person\/image\/","url":"https:\/\/secure.gravatar.com\/avatar\/4d26a600a1380823a26c3f9cb74ada1a8ee4b482c0c3a616ab022b865c46be8f?s=96&d=mm&r=g","contentUrl":"https:\/\/secure.gravatar.com\/avatar\/4d26a600a1380823a26c3f9cb74ada1a8ee4b482c0c3a616ab022b865c46be8f?s=96&d=mm&r=g","caption":"Todo Alfalfa"},"sameAs":["http:\/\/www.todoalfalfa.com.ar"],"url":"https:\/\/www.todoalfalfa.com.ar\/noticias\/author\/todoalfalfa\/"}]}},"jetpack_featured_media_url":"https:\/\/i0.wp.com\/www.todoalfalfa.com.ar\/noticias\/wp-content\/uploads\/2021\/10\/Chimborazoprincipal.jpg?fit=777%2C437&ssl=1","wps_subtitle":"","jetpack_sharing_enabled":true,"_links":{"self":[{"href":"https:\/\/www.todoalfalfa.com.ar\/noticias\/wp-json\/wp\/v2\/posts\/44102","targetHints":{"allow":["GET"]}}],"collection":[{"href":"https:\/\/www.todoalfalfa.com.ar\/noticias\/wp-json\/wp\/v2\/posts"}],"about":[{"href":"https:\/\/www.todoalfalfa.com.ar\/noticias\/wp-json\/wp\/v2\/types\/post"}],"author":[{"embeddable":true,"href":"https:\/\/www.todoalfalfa.com.ar\/noticias\/wp-json\/wp\/v2\/users\/3"}],"replies":[{"embeddable":true,"href":"https:\/\/www.todoalfalfa.com.ar\/noticias\/wp-json\/wp\/v2\/comments?post=44102"}],"version-history":[{"count":0,"href":"https:\/\/www.todoalfalfa.com.ar\/noticias\/wp-json\/wp\/v2\/posts\/44102\/revisions"}],"wp:featuredmedia":[{"embeddable":true,"href":"https:\/\/www.todoalfalfa.com.ar\/noticias\/wp-json\/wp\/v2\/media\/44104"}],"wp:attachment":[{"href":"https:\/\/www.todoalfalfa.com.ar\/noticias\/wp-json\/wp\/v2\/media?parent=44102"}],"wp:term":[{"taxonomy":"category","embeddable":true,"href":"https:\/\/www.todoalfalfa.com.ar\/noticias\/wp-json\/wp\/v2\/categories?post=44102"},{"taxonomy":"post_tag","embeddable":true,"href":"https:\/\/www.todoalfalfa.com.ar\/noticias\/wp-json\/wp\/v2\/tags?post=44102"}],"curies":[{"name":"wp","href":"https:\/\/api.w.org\/{rel}","templated":true}]}}