{"id":44310,"date":"2022-01-06T17:21:14","date_gmt":"2022-01-06T20:21:14","guid":{"rendered":"http:\/\/www.todoalfalfa.com.ar\/?p=44310"},"modified":"2022-01-06T17:21:15","modified_gmt":"2022-01-06T20:21:15","slug":"santiago-del-estero-exporta-a-china-mas-de-680-toneladas-de-fardos-de-alfalfa","status":"publish","type":"post","link":"https:\/\/www.todoalfalfa.com.ar\/noticias\/santiago-del-estero-exporta-a-china-mas-de-680-toneladas-de-fardos-de-alfalfa\/","title":{"rendered":"Santiago del Estero exporta a China m\u00e1s de 680 toneladas de fardos de alfalfa"},"content":{"rendered":"\n<p>El Senasa certific\u00f3 la primera exportaci\u00f3n hacia la Rep\u00fablica Popular China de fardos de alfalfa deshidratada producida en Santiago del Estero. Se trata de 685 toneladas de fardos de alfalfa deshidratada, y que ser\u00e1n descargados en los puertos chinos de Huangpu, 135 toneladas; Qingdao, 240 toneladas; Dalian, 210 toneladas y Xingang, 100 toneladas.<\/p>\n\n\n\n<p>Siguiendo los requerimientos fitosanitarios acordados con China, agentes del \u00e1rea de Protecci\u00f3n Vegetal de la Oficina del Senasa de Santiago del Estero tomaron muestras a la alfalfa y las remitieron al Laboratorio del organismo en Mart\u00ednez donde se efectuaron 11 an\u00e1lisis que determinaron que la partida enviada est\u00e1 libre de insectos, microorganismos y de malezas.<\/p>\n\n\n\n<p>Se trata de un producto cuya exportaci\u00f3n ha ido creciendo en los \u00faltimos a\u00f1os y, en este caso, es la primera vez que se env\u00eda desde la provincia de Santiago del Estero.<\/p>\n\n\n\n<p>\u201cEl inicio de la exportaci\u00f3n de alfalfa a China desde Santiago del Estero es una excelente oportunidad para que la Provincia pueda ampliar la superficie sembrada del producto\u201d, estim\u00f3 el director del Centro Regional NOA Sur del Senasa, Jos\u00e9 Luque.<\/p>\n\n\n\n<p>En Santiago del Estero actualmente hay entre 30 y 35 mil hect\u00e1reas sembradas de alfalfa y el Centro Regional Noa Sur del Senasa trabaja junto al Ministerio de Producci\u00f3n de la Provincia y el INTA para asegurar la sanidad y calidad de esta hierba utilizada com\u00fanmente como alimento para el ganado.<\/p>\n\n\n\n<p>En esta Provincia se cultiva alfalfa en la zona de riego. La siembra se realiza en los meses de abril y mayo y, a partir de la primavera, se hacen 6 cortes de cosecha. La duraci\u00f3n del cultivo se extiende entre 3 y 5 a\u00f1os.<\/p>\n\n\n\n<p><strong>Mercados<\/strong><br>Durante el 2021 se exportaron a distintos mercados 70.918 toneladas de fardos de alfalfa. Entre los principales destinos de este producto figuran Arabia Saudita, 52.671 toneladas y Emiratos \u00c1rabes Unidos, 16.314 toneladas.<\/p>\n\n\n\n<p>Durante el a\u00f1o pasado tambi\u00e9n se registraron exportaciones de alfalfa a: Brasil, Qatar, Paraguay, Estados Unidos e Indonesia, entre otros pa\u00edses.<\/p>\n<div class=\"todoalfalfa-final-de-la-nota\" id=\"todoalfalfa-1125804411\"><a href=\"https:\/\/www.whatsapp.com\/channel\/0029VbCBmFB9WtBxJsD3eC2i\" target=\"_blank\" aria-label=\"5\"><img src=\"https:\/\/i0.wp.com\/www.todoalfalfa.com.ar\/noticias\/wp-content\/uploads\/2026\/04\/5.gif?fit=728%2C90&#038;ssl=1\" alt=\"\"  width=\"728\" height=\"90\"   \/><\/a><\/div>","protected":false},"excerpt":{"rendered":"<p>Procedente de un establecimiento ubicado en la provincia, se embarcaron fardos de alfalfa deshidratada en 22 contenedores, desde el puerto de Buenos Aires y que ser\u00e1n descargados en diferentes puertos del gigante asi\u00e1tico.<\/p>\n","protected":false},"author":3,"featured_media":41342,"comment_status":"closed","ping_status":"open","sticky":false,"template":"","format":"standard","meta":{"jetpack_post_was_ever_published":false,"_jetpack_newsletter_access":"","_jetpack_dont_email_post_to_subs":false,"_jetpack_newsletter_tier_id":0,"_jetpack_memberships_contains_paywalled_content":false,"_jetpack_memberships_contains_paid_content":false,"footnotes":""},"categories":[2],"tags":[31,1268,1267,236,30,1167],"class_list":["post-44310","post","type-post","status-publish","format-standard","has-post-thumbnail","hentry","category-generales","tag-alfalfa","tag-china","tag-deshidratados","tag-exportacion","tag-fardos","tag-santiago-del-estero-2"],"yoast_head":"<!-- This site is optimized with the Yoast SEO plugin v25.5 - https:\/\/yoast.com\/wordpress\/plugins\/seo\/ -->\n<title>Santiago del Estero exporta a China m\u00e1s de 680 toneladas de fardos de alfalfa<\/title>\n<meta name=\"robots\" content=\"index, follow, max-snippet:-1, max-image-preview:large, max-video-preview:-1\" \/>\n<link rel=\"canonical\" href=\"https:\/\/www.todoalfalfa.com.ar\/noticias\/santiago-del-estero-exporta-a-china-mas-de-680-toneladas-de-fardos-de-alfalfa\/\" \/>\n<meta property=\"og:locale\" content=\"es_ES\" \/>\n<meta property=\"og:type\" content=\"article\" \/>\n<meta property=\"og:title\" content=\"Santiago del Estero exporta a China m\u00e1s de 680 toneladas de fardos de alfalfa\" \/>\n<meta property=\"og:description\" content=\"Procedente de un establecimiento ubicado en la provincia, se embarcaron fardos de alfalfa deshidratada en 22 contenedores, desde el puerto de Buenos Aires y que ser\u00e1n descargados en diferentes puertos del gigante asi\u00e1tico.\" \/>\n<meta property=\"og:url\" content=\"https:\/\/www.todoalfalfa.com.ar\/noticias\/santiago-del-estero-exporta-a-china-mas-de-680-toneladas-de-fardos-de-alfalfa\/\" \/>\n<meta property=\"og:site_name\" content=\"Todo Alfalfa\" \/>\n<meta property=\"article:publisher\" content=\"https:\/\/www.facebook.com\/todoalfalfa\" \/>\n<meta property=\"article:published_time\" content=\"2022-01-06T20:21:14+00:00\" \/>\n<meta property=\"article:modified_time\" content=\"2022-01-06T20:21:15+00:00\" \/>\n<meta property=\"og:image\" content=\"https:\/\/www.todoalfalfa.com.ar\/noticias\/wp-content\/uploads\/2019\/10\/megafardos_alfalfa.jpg\" \/>\n\t<meta property=\"og:image:width\" content=\"777\" \/>\n\t<meta property=\"og:image:height\" content=\"437\" \/>\n\t<meta property=\"og:image:type\" content=\"image\/jpeg\" \/>\n<meta name=\"author\" content=\"Todo Alfalfa\" \/>\n<meta name=\"twitter:card\" content=\"summary_large_image\" \/>\n<meta name=\"twitter:label1\" content=\"Escrito por\" \/>\n\t<meta name=\"twitter:data1\" content=\"Todo Alfalfa\" \/>\n\t<meta name=\"twitter:label2\" content=\"Tiempo de lectura\" \/>\n\t<meta name=\"twitter:data2\" content=\"2 minutos\" \/>\n<script type=\"application\/ld+json\" class=\"yoast-schema-graph\">{\"@context\":\"https:\/\/schema.org\",\"@graph\":[{\"@type\":\"NewsArticle\",\"@id\":\"https:\/\/www.todoalfalfa.com.ar\/noticias\/santiago-del-estero-exporta-a-china-mas-de-680-toneladas-de-fardos-de-alfalfa\/#article\",\"isPartOf\":{\"@id\":\"https:\/\/www.todoalfalfa.com.ar\/noticias\/santiago-del-estero-exporta-a-china-mas-de-680-toneladas-de-fardos-de-alfalfa\/\"},\"author\":{\"name\":\"Todo Alfalfa\",\"@id\":\"https:\/\/www.todoalfalfa.com.ar\/noticias\/#\/schema\/person\/4ee4bca9b9fa50c4f0fbaf7017fbf2ad\"},\"headline\":\"Santiago del Estero exporta a China m\u00e1s de 680 toneladas de fardos de alfalfa\",\"datePublished\":\"2022-01-06T20:21:14+00:00\",\"dateModified\":\"2022-01-06T20:21:15+00:00\",\"mainEntityOfPage\":{\"@id\":\"https:\/\/www.todoalfalfa.com.ar\/noticias\/santiago-del-estero-exporta-a-china-mas-de-680-toneladas-de-fardos-de-alfalfa\/\"},\"wordCount\":347,\"publisher\":{\"@id\":\"https:\/\/www.todoalfalfa.com.ar\/noticias\/#organization\"},\"image\":{\"@id\":\"https:\/\/www.todoalfalfa.com.ar\/noticias\/santiago-del-estero-exporta-a-china-mas-de-680-toneladas-de-fardos-de-alfalfa\/#primaryimage\"},\"thumbnailUrl\":\"https:\/\/i0.wp.com\/www.todoalfalfa.com.ar\/noticias\/wp-content\/uploads\/2019\/10\/megafardos_alfalfa.jpg?fit=777%2C437&ssl=1\",\"keywords\":[\"alfalfa\",\"China\",\"deshidratados\",\"exportaci\u00f3n\",\"fardos\",\"Santiago-del-Estero\"],\"articleSection\":[\"Generales\"],\"inLanguage\":\"es\"},{\"@type\":[\"WebPage\",\"ItemPage\"],\"@id\":\"https:\/\/www.todoalfalfa.com.ar\/noticias\/santiago-del-estero-exporta-a-china-mas-de-680-toneladas-de-fardos-de-alfalfa\/\",\"url\":\"https:\/\/www.todoalfalfa.com.ar\/noticias\/santiago-del-estero-exporta-a-china-mas-de-680-toneladas-de-fardos-de-alfalfa\/\",\"name\":\"Santiago del Estero exporta a China m\u00e1s de 680 toneladas de fardos de alfalfa\",\"isPartOf\":{\"@id\":\"https:\/\/www.todoalfalfa.com.ar\/noticias\/#website\"},\"primaryImageOfPage\":{\"@id\":\"https:\/\/www.todoalfalfa.com.ar\/noticias\/santiago-del-estero-exporta-a-china-mas-de-680-toneladas-de-fardos-de-alfalfa\/#primaryimage\"},\"image\":{\"@id\":\"https:\/\/www.todoalfalfa.com.ar\/noticias\/santiago-del-estero-exporta-a-china-mas-de-680-toneladas-de-fardos-de-alfalfa\/#primaryimage\"},\"thumbnailUrl\":\"https:\/\/i0.wp.com\/www.todoalfalfa.com.ar\/noticias\/wp-content\/uploads\/2019\/10\/megafardos_alfalfa.jpg?fit=777%2C437&ssl=1\",\"datePublished\":\"2022-01-06T20:21:14+00:00\",\"dateModified\":\"2022-01-06T20:21:15+00:00\",\"breadcrumb\":{\"@id\":\"https:\/\/www.todoalfalfa.com.ar\/noticias\/santiago-del-estero-exporta-a-china-mas-de-680-toneladas-de-fardos-de-alfalfa\/#breadcrumb\"},\"inLanguage\":\"es\",\"potentialAction\":[{\"@type\":\"ReadAction\",\"target\":[\"https:\/\/www.todoalfalfa.com.ar\/noticias\/santiago-del-estero-exporta-a-china-mas-de-680-toneladas-de-fardos-de-alfalfa\/\"]}]},{\"@type\":\"ImageObject\",\"inLanguage\":\"es\",\"@id\":\"https:\/\/www.todoalfalfa.com.ar\/noticias\/santiago-del-estero-exporta-a-china-mas-de-680-toneladas-de-fardos-de-alfalfa\/#primaryimage\",\"url\":\"https:\/\/i0.wp.com\/www.todoalfalfa.com.ar\/noticias\/wp-content\/uploads\/2019\/10\/megafardos_alfalfa.jpg?fit=777%2C437&ssl=1\",\"contentUrl\":\"https:\/\/i0.wp.com\/www.todoalfalfa.com.ar\/noticias\/wp-content\/uploads\/2019\/10\/megafardos_alfalfa.jpg?fit=777%2C437&ssl=1\",\"width\":777,\"height\":437},{\"@type\":\"BreadcrumbList\",\"@id\":\"https:\/\/www.todoalfalfa.com.ar\/noticias\/santiago-del-estero-exporta-a-china-mas-de-680-toneladas-de-fardos-de-alfalfa\/#breadcrumb\",\"itemListElement\":[{\"@type\":\"ListItem\",\"position\":1,\"name\":\"Principal\",\"item\":\"https:\/\/www.todoalfalfa.com.ar\/noticias\/\"},{\"@type\":\"ListItem\",\"position\":2,\"name\":\"Santiago del Estero exporta a China m\u00e1s de 680 toneladas de fardos de alfalfa\"}]},{\"@type\":\"WebSite\",\"@id\":\"https:\/\/www.todoalfalfa.com.ar\/noticias\/#website\",\"url\":\"https:\/\/www.todoalfalfa.com.ar\/noticias\/\",\"name\":\"Todo Alfalfa\",\"description\":\"Web informativa de la cadena de la alfalfa argentina\",\"publisher\":{\"@id\":\"https:\/\/www.todoalfalfa.com.ar\/noticias\/#organization\"},\"potentialAction\":[{\"@type\":\"SearchAction\",\"target\":{\"@type\":\"EntryPoint\",\"urlTemplate\":\"https:\/\/www.todoalfalfa.com.ar\/noticias\/?s={search_term_string}\"},\"query-input\":{\"@type\":\"PropertyValueSpecification\",\"valueRequired\":true,\"valueName\":\"search_term_string\"}}],\"inLanguage\":\"es\"},{\"@type\":\"Organization\",\"@id\":\"https:\/\/www.todoalfalfa.com.ar\/noticias\/#organization\",\"name\":\"Todo Alfalfa\",\"url\":\"https:\/\/www.todoalfalfa.com.ar\/noticias\/\",\"logo\":{\"@type\":\"ImageObject\",\"inLanguage\":\"es\",\"@id\":\"https:\/\/www.todoalfalfa.com.ar\/noticias\/#\/schema\/logo\/image\/\",\"url\":\"https:\/\/www.todoalfalfa.com.ar\/noticias\/wp-content\/uploads\/2020\/09\/logo-todo-alfalfa-modificado.png\",\"contentUrl\":\"https:\/\/www.todoalfalfa.com.ar\/noticias\/wp-content\/uploads\/2020\/09\/logo-todo-alfalfa-modificado.png\",\"width\":350,\"height\":100,\"caption\":\"Todo Alfalfa\"},\"image\":{\"@id\":\"https:\/\/www.todoalfalfa.com.ar\/noticias\/#\/schema\/logo\/image\/\"},\"sameAs\":[\"https:\/\/www.facebook.com\/todoalfalfa\",\"https:\/\/www.instagram.com\/todoalfalfa\",\"https:\/\/www.youtube.com\/@TodoAlfalfa\",\"https:\/\/www.linkedin.com\/company\/todoalfalfa\/\"]},{\"@type\":\"Person\",\"@id\":\"https:\/\/www.todoalfalfa.com.ar\/noticias\/#\/schema\/person\/4ee4bca9b9fa50c4f0fbaf7017fbf2ad\",\"name\":\"Todo Alfalfa\",\"image\":{\"@type\":\"ImageObject\",\"inLanguage\":\"es\",\"@id\":\"https:\/\/www.todoalfalfa.com.ar\/noticias\/#\/schema\/person\/image\/\",\"url\":\"https:\/\/secure.gravatar.com\/avatar\/4d26a600a1380823a26c3f9cb74ada1a8ee4b482c0c3a616ab022b865c46be8f?s=96&d=mm&r=g\",\"contentUrl\":\"https:\/\/secure.gravatar.com\/avatar\/4d26a600a1380823a26c3f9cb74ada1a8ee4b482c0c3a616ab022b865c46be8f?s=96&d=mm&r=g\",\"caption\":\"Todo Alfalfa\"},\"sameAs\":[\"http:\/\/www.todoalfalfa.com.ar\"],\"url\":\"https:\/\/www.todoalfalfa.com.ar\/noticias\/author\/todoalfalfa\/\"}]}<\/script>\n<!-- \/ Yoast SEO plugin. -->","yoast_head_json":{"title":"Santiago del Estero exporta a China m\u00e1s de 680 toneladas de fardos de alfalfa","robots":{"index":"index","follow":"follow","max-snippet":"max-snippet:-1","max-image-preview":"max-image-preview:large","max-video-preview":"max-video-preview:-1"},"canonical":"https:\/\/www.todoalfalfa.com.ar\/noticias\/santiago-del-estero-exporta-a-china-mas-de-680-toneladas-de-fardos-de-alfalfa\/","og_locale":"es_ES","og_type":"article","og_title":"Santiago del Estero exporta a China m\u00e1s de 680 toneladas de fardos de alfalfa","og_description":"Procedente de un establecimiento ubicado en la provincia, se embarcaron fardos de alfalfa deshidratada en 22 contenedores, desde el puerto de Buenos Aires y que ser\u00e1n descargados en diferentes puertos del gigante asi\u00e1tico.","og_url":"https:\/\/www.todoalfalfa.com.ar\/noticias\/santiago-del-estero-exporta-a-china-mas-de-680-toneladas-de-fardos-de-alfalfa\/","og_site_name":"Todo Alfalfa","article_publisher":"https:\/\/www.facebook.com\/todoalfalfa","article_published_time":"2022-01-06T20:21:14+00:00","article_modified_time":"2022-01-06T20:21:15+00:00","og_image":[{"width":777,"height":437,"url":"https:\/\/www.todoalfalfa.com.ar\/noticias\/wp-content\/uploads\/2019\/10\/megafardos_alfalfa.jpg","type":"image\/jpeg"}],"author":"Todo Alfalfa","twitter_card":"summary_large_image","twitter_misc":{"Escrito por":"Todo Alfalfa","Tiempo de lectura":"2 minutos"},"schema":{"@context":"https:\/\/schema.org","@graph":[{"@type":"NewsArticle","@id":"https:\/\/www.todoalfalfa.com.ar\/noticias\/santiago-del-estero-exporta-a-china-mas-de-680-toneladas-de-fardos-de-alfalfa\/#article","isPartOf":{"@id":"https:\/\/www.todoalfalfa.com.ar\/noticias\/santiago-del-estero-exporta-a-china-mas-de-680-toneladas-de-fardos-de-alfalfa\/"},"author":{"name":"Todo Alfalfa","@id":"https:\/\/www.todoalfalfa.com.ar\/noticias\/#\/schema\/person\/4ee4bca9b9fa50c4f0fbaf7017fbf2ad"},"headline":"Santiago del Estero exporta a China m\u00e1s de 680 toneladas de fardos de alfalfa","datePublished":"2022-01-06T20:21:14+00:00","dateModified":"2022-01-06T20:21:15+00:00","mainEntityOfPage":{"@id":"https:\/\/www.todoalfalfa.com.ar\/noticias\/santiago-del-estero-exporta-a-china-mas-de-680-toneladas-de-fardos-de-alfalfa\/"},"wordCount":347,"publisher":{"@id":"https:\/\/www.todoalfalfa.com.ar\/noticias\/#organization"},"image":{"@id":"https:\/\/www.todoalfalfa.com.ar\/noticias\/santiago-del-estero-exporta-a-china-mas-de-680-toneladas-de-fardos-de-alfalfa\/#primaryimage"},"thumbnailUrl":"https:\/\/i0.wp.com\/www.todoalfalfa.com.ar\/noticias\/wp-content\/uploads\/2019\/10\/megafardos_alfalfa.jpg?fit=777%2C437&ssl=1","keywords":["alfalfa","China","deshidratados","exportaci\u00f3n","fardos","Santiago-del-Estero"],"articleSection":["Generales"],"inLanguage":"es"},{"@type":["WebPage","ItemPage"],"@id":"https:\/\/www.todoalfalfa.com.ar\/noticias\/santiago-del-estero-exporta-a-china-mas-de-680-toneladas-de-fardos-de-alfalfa\/","url":"https:\/\/www.todoalfalfa.com.ar\/noticias\/santiago-del-estero-exporta-a-china-mas-de-680-toneladas-de-fardos-de-alfalfa\/","name":"Santiago del Estero exporta a China m\u00e1s de 680 toneladas de fardos de alfalfa","isPartOf":{"@id":"https:\/\/www.todoalfalfa.com.ar\/noticias\/#website"},"primaryImageOfPage":{"@id":"https:\/\/www.todoalfalfa.com.ar\/noticias\/santiago-del-estero-exporta-a-china-mas-de-680-toneladas-de-fardos-de-alfalfa\/#primaryimage"},"image":{"@id":"https:\/\/www.todoalfalfa.com.ar\/noticias\/santiago-del-estero-exporta-a-china-mas-de-680-toneladas-de-fardos-de-alfalfa\/#primaryimage"},"thumbnailUrl":"https:\/\/i0.wp.com\/www.todoalfalfa.com.ar\/noticias\/wp-content\/uploads\/2019\/10\/megafardos_alfalfa.jpg?fit=777%2C437&ssl=1","datePublished":"2022-01-06T20:21:14+00:00","dateModified":"2022-01-06T20:21:15+00:00","breadcrumb":{"@id":"https:\/\/www.todoalfalfa.com.ar\/noticias\/santiago-del-estero-exporta-a-china-mas-de-680-toneladas-de-fardos-de-alfalfa\/#breadcrumb"},"inLanguage":"es","potentialAction":[{"@type":"ReadAction","target":["https:\/\/www.todoalfalfa.com.ar\/noticias\/santiago-del-estero-exporta-a-china-mas-de-680-toneladas-de-fardos-de-alfalfa\/"]}]},{"@type":"ImageObject","inLanguage":"es","@id":"https:\/\/www.todoalfalfa.com.ar\/noticias\/santiago-del-estero-exporta-a-china-mas-de-680-toneladas-de-fardos-de-alfalfa\/#primaryimage","url":"https:\/\/i0.wp.com\/www.todoalfalfa.com.ar\/noticias\/wp-content\/uploads\/2019\/10\/megafardos_alfalfa.jpg?fit=777%2C437&ssl=1","contentUrl":"https:\/\/i0.wp.com\/www.todoalfalfa.com.ar\/noticias\/wp-content\/uploads\/2019\/10\/megafardos_alfalfa.jpg?fit=777%2C437&ssl=1","width":777,"height":437},{"@type":"BreadcrumbList","@id":"https:\/\/www.todoalfalfa.com.ar\/noticias\/santiago-del-estero-exporta-a-china-mas-de-680-toneladas-de-fardos-de-alfalfa\/#breadcrumb","itemListElement":[{"@type":"ListItem","position":1,"name":"Principal","item":"https:\/\/www.todoalfalfa.com.ar\/noticias\/"},{"@type":"ListItem","position":2,"name":"Santiago del Estero exporta a China m\u00e1s de 680 toneladas de fardos de alfalfa"}]},{"@type":"WebSite","@id":"https:\/\/www.todoalfalfa.com.ar\/noticias\/#website","url":"https:\/\/www.todoalfalfa.com.ar\/noticias\/","name":"Todo Alfalfa","description":"Web informativa de la cadena de la alfalfa argentina","publisher":{"@id":"https:\/\/www.todoalfalfa.com.ar\/noticias\/#organization"},"potentialAction":[{"@type":"SearchAction","target":{"@type":"EntryPoint","urlTemplate":"https:\/\/www.todoalfalfa.com.ar\/noticias\/?s={search_term_string}"},"query-input":{"@type":"PropertyValueSpecification","valueRequired":true,"valueName":"search_term_string"}}],"inLanguage":"es"},{"@type":"Organization","@id":"https:\/\/www.todoalfalfa.com.ar\/noticias\/#organization","name":"Todo Alfalfa","url":"https:\/\/www.todoalfalfa.com.ar\/noticias\/","logo":{"@type":"ImageObject","inLanguage":"es","@id":"https:\/\/www.todoalfalfa.com.ar\/noticias\/#\/schema\/logo\/image\/","url":"https:\/\/www.todoalfalfa.com.ar\/noticias\/wp-content\/uploads\/2020\/09\/logo-todo-alfalfa-modificado.png","contentUrl":"https:\/\/www.todoalfalfa.com.ar\/noticias\/wp-content\/uploads\/2020\/09\/logo-todo-alfalfa-modificado.png","width":350,"height":100,"caption":"Todo Alfalfa"},"image":{"@id":"https:\/\/www.todoalfalfa.com.ar\/noticias\/#\/schema\/logo\/image\/"},"sameAs":["https:\/\/www.facebook.com\/todoalfalfa","https:\/\/www.instagram.com\/todoalfalfa","https:\/\/www.youtube.com\/@TodoAlfalfa","https:\/\/www.linkedin.com\/company\/todoalfalfa\/"]},{"@type":"Person","@id":"https:\/\/www.todoalfalfa.com.ar\/noticias\/#\/schema\/person\/4ee4bca9b9fa50c4f0fbaf7017fbf2ad","name":"Todo Alfalfa","image":{"@type":"ImageObject","inLanguage":"es","@id":"https:\/\/www.todoalfalfa.com.ar\/noticias\/#\/schema\/person\/image\/","url":"https:\/\/secure.gravatar.com\/avatar\/4d26a600a1380823a26c3f9cb74ada1a8ee4b482c0c3a616ab022b865c46be8f?s=96&d=mm&r=g","contentUrl":"https:\/\/secure.gravatar.com\/avatar\/4d26a600a1380823a26c3f9cb74ada1a8ee4b482c0c3a616ab022b865c46be8f?s=96&d=mm&r=g","caption":"Todo Alfalfa"},"sameAs":["http:\/\/www.todoalfalfa.com.ar"],"url":"https:\/\/www.todoalfalfa.com.ar\/noticias\/author\/todoalfalfa\/"}]}},"jetpack_featured_media_url":"https:\/\/i0.wp.com\/www.todoalfalfa.com.ar\/noticias\/wp-content\/uploads\/2019\/10\/megafardos_alfalfa.jpg?fit=777%2C437&ssl=1","wps_subtitle":"","jetpack_sharing_enabled":true,"_links":{"self":[{"href":"https:\/\/www.todoalfalfa.com.ar\/noticias\/wp-json\/wp\/v2\/posts\/44310","targetHints":{"allow":["GET"]}}],"collection":[{"href":"https:\/\/www.todoalfalfa.com.ar\/noticias\/wp-json\/wp\/v2\/posts"}],"about":[{"href":"https:\/\/www.todoalfalfa.com.ar\/noticias\/wp-json\/wp\/v2\/types\/post"}],"author":[{"embeddable":true,"href":"https:\/\/www.todoalfalfa.com.ar\/noticias\/wp-json\/wp\/v2\/users\/3"}],"replies":[{"embeddable":true,"href":"https:\/\/www.todoalfalfa.com.ar\/noticias\/wp-json\/wp\/v2\/comments?post=44310"}],"version-history":[{"count":0,"href":"https:\/\/www.todoalfalfa.com.ar\/noticias\/wp-json\/wp\/v2\/posts\/44310\/revisions"}],"wp:featuredmedia":[{"embeddable":true,"href":"https:\/\/www.todoalfalfa.com.ar\/noticias\/wp-json\/wp\/v2\/media\/41342"}],"wp:attachment":[{"href":"https:\/\/www.todoalfalfa.com.ar\/noticias\/wp-json\/wp\/v2\/media?parent=44310"}],"wp:term":[{"taxonomy":"category","embeddable":true,"href":"https:\/\/www.todoalfalfa.com.ar\/noticias\/wp-json\/wp\/v2\/categories?post=44310"},{"taxonomy":"post_tag","embeddable":true,"href":"https:\/\/www.todoalfalfa.com.ar\/noticias\/wp-json\/wp\/v2\/tags?post=44310"}],"curies":[{"name":"wp","href":"https:\/\/api.w.org\/{rel}","templated":true}]}}