{"id":44410,"date":"2022-02-23T17:26:00","date_gmt":"2022-02-23T20:26:00","guid":{"rendered":"https:\/\/www.todoalfalfa.com.ar\/?p=44410"},"modified":"2022-02-23T17:28:18","modified_gmt":"2022-02-23T20:28:18","slug":"envian-megafardos-pampeanos-a-corrientes","status":"publish","type":"post","link":"https:\/\/www.todoalfalfa.com.ar\/noticias\/envian-megafardos-pampeanos-a-corrientes\/","title":{"rendered":"Env\u00edan megafardos pampeanos a Corrientes"},"content":{"rendered":"\n<p>Con esta firma hace siete u ocho a\u00f1os que vienen trabajando para comercializar en el mercado interno y externo con unas 5000 hect\u00e1reas dedicadas a este cultivo, cont\u00f3 a RD.<\/p>\n\n\n\n<p>\u201cNos reunimos y uno de los productores plante\u00f3 ayer la posibilidad de dar una mano, de forma urgente, enviando fibra a Corrientes\u201d, explic\u00f3. Esta ser\u00eda la primera vez que se plantean el env\u00edo de megafardos de esta manera y la idea tuvo muy buena repercusi\u00f3n. Mar\u00edn est\u00e1 organizando la carga y los camiones y el ingeniero Grazioli de Casilda se encarga de la log\u00edstica y la relaci\u00f3n con las rurales de Mercedes y Santo Tom\u00e9 y tambi\u00e9n con el INTA de esa localidad, public\u00f3 el portal ruralaldia.com.<\/p>\n\n\n\n<p>Mar\u00edn dijo que calculan en esta primera etapa el env\u00edo de unos 10 equipos, o sea que es el equivalente a 200 toneladas. Y hasta el mediod\u00eda de hoy ya se hab\u00edan confirmado cerca de seis camiones. En Jes\u00fas Mar\u00eda se hizo la primera carga en la ma\u00f1ana, se estaba organizando en Ingeniero Luiggi esta tarde y para ma\u00f1ana en Tres Algarrobos. Todo este movimiento implica tr\u00e1mites para el transporte, documentaci\u00f3n, organizar la carga, y tener todo listo a tiempo.<\/p>\n\n\n\n<div class=\"wp-block-image\"><figure class=\"aligncenter size-full\"><img data-recalc-dims=\"1\" fetchpriority=\"high\" decoding=\"async\" width=\"1024\" height=\"576\" src=\"https:\/\/i0.wp.com\/www.todoalfalfa.com.ar\/wp-content\/uploads\/2022\/02\/camion-megafardos-lapampa-2.jpeg?resize=1024%2C576&#038;ssl=1\" alt=\"\" class=\"wp-image-44411\" srcset=\"https:\/\/i0.wp.com\/www.todoalfalfa.com.ar\/noticias\/wp-content\/uploads\/2022\/02\/camion-megafardos-lapampa-2.jpeg?w=1024&amp;ssl=1 1024w, https:\/\/i0.wp.com\/www.todoalfalfa.com.ar\/noticias\/wp-content\/uploads\/2022\/02\/camion-megafardos-lapampa-2.jpeg?resize=300%2C169&amp;ssl=1 300w, https:\/\/i0.wp.com\/www.todoalfalfa.com.ar\/noticias\/wp-content\/uploads\/2022\/02\/camion-megafardos-lapampa-2.jpeg?resize=768%2C432&amp;ssl=1 768w, https:\/\/i0.wp.com\/www.todoalfalfa.com.ar\/noticias\/wp-content\/uploads\/2022\/02\/camion-megafardos-lapampa-2.jpeg?resize=777%2C437&amp;ssl=1 777w, https:\/\/i0.wp.com\/www.todoalfalfa.com.ar\/noticias\/wp-content\/uploads\/2022\/02\/camion-megafardos-lapampa-2.jpeg?resize=180%2C101&amp;ssl=1 180w, https:\/\/i0.wp.com\/www.todoalfalfa.com.ar\/noticias\/wp-content\/uploads\/2022\/02\/camion-megafardos-lapampa-2.jpeg?resize=260%2C146&amp;ssl=1 260w, https:\/\/i0.wp.com\/www.todoalfalfa.com.ar\/noticias\/wp-content\/uploads\/2022\/02\/camion-megafardos-lapampa-2.jpeg?resize=373%2C210&amp;ssl=1 373w, https:\/\/i0.wp.com\/www.todoalfalfa.com.ar\/noticias\/wp-content\/uploads\/2022\/02\/camion-megafardos-lapampa-2.jpeg?resize=120%2C67&amp;ssl=1 120w\" sizes=\"(max-width: 1000px) 100vw, 1000px\" \/><figcaption>Carga de megafardos en Ing. Luiggi, con destino a Saladas, Corrientes<\/figcaption><\/figure><\/div>\n\n\n\n<p>En cuanto al panorama en Corrientes, la situaci\u00f3n es cambiante. \u201cAyer el presidente de la rural de Mercedes nos dec\u00eda que su campo no se hab\u00eda incendiado y esta ma\u00f1ana nos dijo que se le prendi\u00f3 fuego. Todo var\u00eda y m\u00e1s all\u00e1 de todos los problemas la hacienda necesita comer. Estamos consiguiendo fardos, rollos y fibra que es lo que nos dicen que se necesita\u201d, dijo a este portal.<\/p>\n\n\n\n<p>Se est\u00e1 organizando todo a trav\u00e9s de instituciones que van a recibir los camiones y van a distribuir los fardos considerando la necesidad y la ubicaci\u00f3n de los productores.<\/p>\n\n\n\n<p>Quienes est\u00e9n interesados en participar y ayudar pueden comunicarse al 2302- 606500, o contactarse con Megafardos de La Pampa.<br>Por otra parte, quienes puedan donar y\/o enviar concentrados, tambi\u00e9n ser\u00e1n muy bien recibidos por los ganaderos correntinos, ya que hay animales muy desmejorados que requieren de aportes especiales para una r\u00e1pida recuperaci\u00f3n.<\/p>\n<div class=\"todoalfalfa-final-de-la-nota\" id=\"todoalfalfa-864708454\"><a href=\"https:\/\/www.whatsapp.com\/channel\/0029VbCBmFB9WtBxJsD3eC2i\" target=\"_blank\" aria-label=\"5\"><img src=\"https:\/\/i0.wp.com\/www.todoalfalfa.com.ar\/noticias\/wp-content\/uploads\/2026\/04\/5.gif?fit=728%2C90&#038;ssl=1\" alt=\"\"  width=\"728\" height=\"90\"   \/><\/a><\/div>","protected":false},"excerpt":{"rendered":"<p>Jos\u00e9 Manuel Mar\u00edn, de la empresa Megafardos de La Pampa, organiza una movida solidaria con un grupo de productores dedicados a la alfalfa en esta provincia, Buenos Aires, San Luis, C\u00f3rdoba y R\u00edo Negro.<\/p>\n","protected":false},"author":3,"featured_media":44414,"comment_status":"closed","ping_status":"open","sticky":false,"template":"","format":"standard","meta":{"jetpack_post_was_ever_published":false,"_jetpack_newsletter_access":"","_jetpack_dont_email_post_to_subs":false,"_jetpack_newsletter_tier_id":0,"_jetpack_memberships_contains_paywalled_content":false,"_jetpack_memberships_contains_paid_content":false,"footnotes":""},"categories":[2],"tags":[1281,1280,1101,586,159],"class_list":["post-44410","post","type-post","status-publish","format-standard","has-post-thumbnail","hentry","category-generales","tag-corrientes","tag-donacion","tag-ganaderos","tag-la-pampa","tag-megafardos"],"yoast_head":"<!-- This site is optimized with the Yoast SEO plugin v25.5 - https:\/\/yoast.com\/wordpress\/plugins\/seo\/ -->\n<title>Env\u00edan megafardos pampeanos a Corrientes<\/title>\n<meta name=\"robots\" content=\"index, follow, max-snippet:-1, max-image-preview:large, max-video-preview:-1\" \/>\n<link rel=\"canonical\" href=\"https:\/\/www.todoalfalfa.com.ar\/noticias\/envian-megafardos-pampeanos-a-corrientes\/\" \/>\n<meta property=\"og:locale\" content=\"es_ES\" \/>\n<meta property=\"og:type\" content=\"article\" \/>\n<meta property=\"og:title\" content=\"Env\u00edan megafardos pampeanos a Corrientes\" \/>\n<meta property=\"og:description\" content=\"Jos\u00e9 Manuel Mar\u00edn, de la empresa Megafardos de La Pampa, organiza una movida solidaria con un grupo de productores dedicados a la alfalfa en esta provincia, Buenos Aires, San Luis, C\u00f3rdoba y R\u00edo Negro.\" \/>\n<meta property=\"og:url\" content=\"https:\/\/www.todoalfalfa.com.ar\/noticias\/envian-megafardos-pampeanos-a-corrientes\/\" \/>\n<meta property=\"og:site_name\" content=\"Todo Alfalfa\" \/>\n<meta property=\"article:publisher\" content=\"https:\/\/www.facebook.com\/todoalfalfa\" \/>\n<meta property=\"article:published_time\" content=\"2022-02-23T20:26:00+00:00\" \/>\n<meta property=\"article:modified_time\" content=\"2022-02-23T20:28:18+00:00\" \/>\n<meta property=\"og:image\" content=\"https:\/\/www.todoalfalfa.com.ar\/noticias\/wp-content\/uploads\/2022\/02\/camion-megafardos-lapampa-1.jpg\" \/>\n\t<meta property=\"og:image:width\" content=\"1024\" \/>\n\t<meta property=\"og:image:height\" content=\"576\" \/>\n\t<meta property=\"og:image:type\" content=\"image\/jpeg\" \/>\n<meta name=\"author\" content=\"Todo Alfalfa\" \/>\n<meta name=\"twitter:card\" content=\"summary_large_image\" \/>\n<meta name=\"twitter:label1\" content=\"Escrito por\" \/>\n\t<meta name=\"twitter:data1\" content=\"Todo Alfalfa\" \/>\n\t<meta name=\"twitter:label2\" content=\"Tiempo de lectura\" \/>\n\t<meta name=\"twitter:data2\" content=\"2 minutos\" \/>\n<script type=\"application\/ld+json\" class=\"yoast-schema-graph\">{\"@context\":\"https:\/\/schema.org\",\"@graph\":[{\"@type\":\"NewsArticle\",\"@id\":\"https:\/\/www.todoalfalfa.com.ar\/noticias\/envian-megafardos-pampeanos-a-corrientes\/#article\",\"isPartOf\":{\"@id\":\"https:\/\/www.todoalfalfa.com.ar\/noticias\/envian-megafardos-pampeanos-a-corrientes\/\"},\"author\":{\"name\":\"Todo Alfalfa\",\"@id\":\"https:\/\/www.todoalfalfa.com.ar\/noticias\/#\/schema\/person\/4ee4bca9b9fa50c4f0fbaf7017fbf2ad\"},\"headline\":\"Env\u00edan megafardos pampeanos a Corrientes\",\"datePublished\":\"2022-02-23T20:26:00+00:00\",\"dateModified\":\"2022-02-23T20:28:18+00:00\",\"mainEntityOfPage\":{\"@id\":\"https:\/\/www.todoalfalfa.com.ar\/noticias\/envian-megafardos-pampeanos-a-corrientes\/\"},\"wordCount\":394,\"publisher\":{\"@id\":\"https:\/\/www.todoalfalfa.com.ar\/noticias\/#organization\"},\"image\":{\"@id\":\"https:\/\/www.todoalfalfa.com.ar\/noticias\/envian-megafardos-pampeanos-a-corrientes\/#primaryimage\"},\"thumbnailUrl\":\"https:\/\/i0.wp.com\/www.todoalfalfa.com.ar\/noticias\/wp-content\/uploads\/2022\/02\/camion-megafardos-lapampa-1.jpg?fit=1024%2C576&ssl=1\",\"keywords\":[\"Corrientes\",\"donaci\u00f3n\",\"ganaderos\",\"La Pampa\",\"megafardos\"],\"articleSection\":[\"Generales\"],\"inLanguage\":\"es\"},{\"@type\":[\"WebPage\",\"ItemPage\"],\"@id\":\"https:\/\/www.todoalfalfa.com.ar\/noticias\/envian-megafardos-pampeanos-a-corrientes\/\",\"url\":\"https:\/\/www.todoalfalfa.com.ar\/noticias\/envian-megafardos-pampeanos-a-corrientes\/\",\"name\":\"Env\u00edan megafardos pampeanos a Corrientes\",\"isPartOf\":{\"@id\":\"https:\/\/www.todoalfalfa.com.ar\/noticias\/#website\"},\"primaryImageOfPage\":{\"@id\":\"https:\/\/www.todoalfalfa.com.ar\/noticias\/envian-megafardos-pampeanos-a-corrientes\/#primaryimage\"},\"image\":{\"@id\":\"https:\/\/www.todoalfalfa.com.ar\/noticias\/envian-megafardos-pampeanos-a-corrientes\/#primaryimage\"},\"thumbnailUrl\":\"https:\/\/i0.wp.com\/www.todoalfalfa.com.ar\/noticias\/wp-content\/uploads\/2022\/02\/camion-megafardos-lapampa-1.jpg?fit=1024%2C576&ssl=1\",\"datePublished\":\"2022-02-23T20:26:00+00:00\",\"dateModified\":\"2022-02-23T20:28:18+00:00\",\"breadcrumb\":{\"@id\":\"https:\/\/www.todoalfalfa.com.ar\/noticias\/envian-megafardos-pampeanos-a-corrientes\/#breadcrumb\"},\"inLanguage\":\"es\",\"potentialAction\":[{\"@type\":\"ReadAction\",\"target\":[\"https:\/\/www.todoalfalfa.com.ar\/noticias\/envian-megafardos-pampeanos-a-corrientes\/\"]}]},{\"@type\":\"ImageObject\",\"inLanguage\":\"es\",\"@id\":\"https:\/\/www.todoalfalfa.com.ar\/noticias\/envian-megafardos-pampeanos-a-corrientes\/#primaryimage\",\"url\":\"https:\/\/i0.wp.com\/www.todoalfalfa.com.ar\/noticias\/wp-content\/uploads\/2022\/02\/camion-megafardos-lapampa-1.jpg?fit=1024%2C576&ssl=1\",\"contentUrl\":\"https:\/\/i0.wp.com\/www.todoalfalfa.com.ar\/noticias\/wp-content\/uploads\/2022\/02\/camion-megafardos-lapampa-1.jpg?fit=1024%2C576&ssl=1\",\"width\":1024,\"height\":576},{\"@type\":\"BreadcrumbList\",\"@id\":\"https:\/\/www.todoalfalfa.com.ar\/noticias\/envian-megafardos-pampeanos-a-corrientes\/#breadcrumb\",\"itemListElement\":[{\"@type\":\"ListItem\",\"position\":1,\"name\":\"Principal\",\"item\":\"https:\/\/www.todoalfalfa.com.ar\/noticias\/\"},{\"@type\":\"ListItem\",\"position\":2,\"name\":\"Env\u00edan megafardos pampeanos a Corrientes\"}]},{\"@type\":\"WebSite\",\"@id\":\"https:\/\/www.todoalfalfa.com.ar\/noticias\/#website\",\"url\":\"https:\/\/www.todoalfalfa.com.ar\/noticias\/\",\"name\":\"Todo Alfalfa\",\"description\":\"Web informativa de la cadena de la alfalfa argentina\",\"publisher\":{\"@id\":\"https:\/\/www.todoalfalfa.com.ar\/noticias\/#organization\"},\"potentialAction\":[{\"@type\":\"SearchAction\",\"target\":{\"@type\":\"EntryPoint\",\"urlTemplate\":\"https:\/\/www.todoalfalfa.com.ar\/noticias\/?s={search_term_string}\"},\"query-input\":{\"@type\":\"PropertyValueSpecification\",\"valueRequired\":true,\"valueName\":\"search_term_string\"}}],\"inLanguage\":\"es\"},{\"@type\":\"Organization\",\"@id\":\"https:\/\/www.todoalfalfa.com.ar\/noticias\/#organization\",\"name\":\"Todo Alfalfa\",\"url\":\"https:\/\/www.todoalfalfa.com.ar\/noticias\/\",\"logo\":{\"@type\":\"ImageObject\",\"inLanguage\":\"es\",\"@id\":\"https:\/\/www.todoalfalfa.com.ar\/noticias\/#\/schema\/logo\/image\/\",\"url\":\"https:\/\/www.todoalfalfa.com.ar\/noticias\/wp-content\/uploads\/2020\/09\/logo-todo-alfalfa-modificado.png\",\"contentUrl\":\"https:\/\/www.todoalfalfa.com.ar\/noticias\/wp-content\/uploads\/2020\/09\/logo-todo-alfalfa-modificado.png\",\"width\":350,\"height\":100,\"caption\":\"Todo Alfalfa\"},\"image\":{\"@id\":\"https:\/\/www.todoalfalfa.com.ar\/noticias\/#\/schema\/logo\/image\/\"},\"sameAs\":[\"https:\/\/www.facebook.com\/todoalfalfa\",\"https:\/\/www.instagram.com\/todoalfalfa\",\"https:\/\/www.youtube.com\/@TodoAlfalfa\",\"https:\/\/www.linkedin.com\/company\/todoalfalfa\/\"]},{\"@type\":\"Person\",\"@id\":\"https:\/\/www.todoalfalfa.com.ar\/noticias\/#\/schema\/person\/4ee4bca9b9fa50c4f0fbaf7017fbf2ad\",\"name\":\"Todo Alfalfa\",\"image\":{\"@type\":\"ImageObject\",\"inLanguage\":\"es\",\"@id\":\"https:\/\/www.todoalfalfa.com.ar\/noticias\/#\/schema\/person\/image\/\",\"url\":\"https:\/\/secure.gravatar.com\/avatar\/4d26a600a1380823a26c3f9cb74ada1a8ee4b482c0c3a616ab022b865c46be8f?s=96&d=mm&r=g\",\"contentUrl\":\"https:\/\/secure.gravatar.com\/avatar\/4d26a600a1380823a26c3f9cb74ada1a8ee4b482c0c3a616ab022b865c46be8f?s=96&d=mm&r=g\",\"caption\":\"Todo Alfalfa\"},\"sameAs\":[\"http:\/\/www.todoalfalfa.com.ar\"],\"url\":\"https:\/\/www.todoalfalfa.com.ar\/noticias\/author\/todoalfalfa\/\"}]}<\/script>\n<!-- \/ Yoast SEO plugin. -->","yoast_head_json":{"title":"Env\u00edan megafardos pampeanos a Corrientes","robots":{"index":"index","follow":"follow","max-snippet":"max-snippet:-1","max-image-preview":"max-image-preview:large","max-video-preview":"max-video-preview:-1"},"canonical":"https:\/\/www.todoalfalfa.com.ar\/noticias\/envian-megafardos-pampeanos-a-corrientes\/","og_locale":"es_ES","og_type":"article","og_title":"Env\u00edan megafardos pampeanos a Corrientes","og_description":"Jos\u00e9 Manuel Mar\u00edn, de la empresa Megafardos de La Pampa, organiza una movida solidaria con un grupo de productores dedicados a la alfalfa en esta provincia, Buenos Aires, San Luis, C\u00f3rdoba y R\u00edo Negro.","og_url":"https:\/\/www.todoalfalfa.com.ar\/noticias\/envian-megafardos-pampeanos-a-corrientes\/","og_site_name":"Todo Alfalfa","article_publisher":"https:\/\/www.facebook.com\/todoalfalfa","article_published_time":"2022-02-23T20:26:00+00:00","article_modified_time":"2022-02-23T20:28:18+00:00","og_image":[{"width":1024,"height":576,"url":"https:\/\/www.todoalfalfa.com.ar\/noticias\/wp-content\/uploads\/2022\/02\/camion-megafardos-lapampa-1.jpg","type":"image\/jpeg"}],"author":"Todo Alfalfa","twitter_card":"summary_large_image","twitter_misc":{"Escrito por":"Todo Alfalfa","Tiempo de lectura":"2 minutos"},"schema":{"@context":"https:\/\/schema.org","@graph":[{"@type":"NewsArticle","@id":"https:\/\/www.todoalfalfa.com.ar\/noticias\/envian-megafardos-pampeanos-a-corrientes\/#article","isPartOf":{"@id":"https:\/\/www.todoalfalfa.com.ar\/noticias\/envian-megafardos-pampeanos-a-corrientes\/"},"author":{"name":"Todo Alfalfa","@id":"https:\/\/www.todoalfalfa.com.ar\/noticias\/#\/schema\/person\/4ee4bca9b9fa50c4f0fbaf7017fbf2ad"},"headline":"Env\u00edan megafardos pampeanos a Corrientes","datePublished":"2022-02-23T20:26:00+00:00","dateModified":"2022-02-23T20:28:18+00:00","mainEntityOfPage":{"@id":"https:\/\/www.todoalfalfa.com.ar\/noticias\/envian-megafardos-pampeanos-a-corrientes\/"},"wordCount":394,"publisher":{"@id":"https:\/\/www.todoalfalfa.com.ar\/noticias\/#organization"},"image":{"@id":"https:\/\/www.todoalfalfa.com.ar\/noticias\/envian-megafardos-pampeanos-a-corrientes\/#primaryimage"},"thumbnailUrl":"https:\/\/i0.wp.com\/www.todoalfalfa.com.ar\/noticias\/wp-content\/uploads\/2022\/02\/camion-megafardos-lapampa-1.jpg?fit=1024%2C576&ssl=1","keywords":["Corrientes","donaci\u00f3n","ganaderos","La Pampa","megafardos"],"articleSection":["Generales"],"inLanguage":"es"},{"@type":["WebPage","ItemPage"],"@id":"https:\/\/www.todoalfalfa.com.ar\/noticias\/envian-megafardos-pampeanos-a-corrientes\/","url":"https:\/\/www.todoalfalfa.com.ar\/noticias\/envian-megafardos-pampeanos-a-corrientes\/","name":"Env\u00edan megafardos pampeanos a Corrientes","isPartOf":{"@id":"https:\/\/www.todoalfalfa.com.ar\/noticias\/#website"},"primaryImageOfPage":{"@id":"https:\/\/www.todoalfalfa.com.ar\/noticias\/envian-megafardos-pampeanos-a-corrientes\/#primaryimage"},"image":{"@id":"https:\/\/www.todoalfalfa.com.ar\/noticias\/envian-megafardos-pampeanos-a-corrientes\/#primaryimage"},"thumbnailUrl":"https:\/\/i0.wp.com\/www.todoalfalfa.com.ar\/noticias\/wp-content\/uploads\/2022\/02\/camion-megafardos-lapampa-1.jpg?fit=1024%2C576&ssl=1","datePublished":"2022-02-23T20:26:00+00:00","dateModified":"2022-02-23T20:28:18+00:00","breadcrumb":{"@id":"https:\/\/www.todoalfalfa.com.ar\/noticias\/envian-megafardos-pampeanos-a-corrientes\/#breadcrumb"},"inLanguage":"es","potentialAction":[{"@type":"ReadAction","target":["https:\/\/www.todoalfalfa.com.ar\/noticias\/envian-megafardos-pampeanos-a-corrientes\/"]}]},{"@type":"ImageObject","inLanguage":"es","@id":"https:\/\/www.todoalfalfa.com.ar\/noticias\/envian-megafardos-pampeanos-a-corrientes\/#primaryimage","url":"https:\/\/i0.wp.com\/www.todoalfalfa.com.ar\/noticias\/wp-content\/uploads\/2022\/02\/camion-megafardos-lapampa-1.jpg?fit=1024%2C576&ssl=1","contentUrl":"https:\/\/i0.wp.com\/www.todoalfalfa.com.ar\/noticias\/wp-content\/uploads\/2022\/02\/camion-megafardos-lapampa-1.jpg?fit=1024%2C576&ssl=1","width":1024,"height":576},{"@type":"BreadcrumbList","@id":"https:\/\/www.todoalfalfa.com.ar\/noticias\/envian-megafardos-pampeanos-a-corrientes\/#breadcrumb","itemListElement":[{"@type":"ListItem","position":1,"name":"Principal","item":"https:\/\/www.todoalfalfa.com.ar\/noticias\/"},{"@type":"ListItem","position":2,"name":"Env\u00edan megafardos pampeanos a Corrientes"}]},{"@type":"WebSite","@id":"https:\/\/www.todoalfalfa.com.ar\/noticias\/#website","url":"https:\/\/www.todoalfalfa.com.ar\/noticias\/","name":"Todo Alfalfa","description":"Web informativa de la cadena de la alfalfa argentina","publisher":{"@id":"https:\/\/www.todoalfalfa.com.ar\/noticias\/#organization"},"potentialAction":[{"@type":"SearchAction","target":{"@type":"EntryPoint","urlTemplate":"https:\/\/www.todoalfalfa.com.ar\/noticias\/?s={search_term_string}"},"query-input":{"@type":"PropertyValueSpecification","valueRequired":true,"valueName":"search_term_string"}}],"inLanguage":"es"},{"@type":"Organization","@id":"https:\/\/www.todoalfalfa.com.ar\/noticias\/#organization","name":"Todo Alfalfa","url":"https:\/\/www.todoalfalfa.com.ar\/noticias\/","logo":{"@type":"ImageObject","inLanguage":"es","@id":"https:\/\/www.todoalfalfa.com.ar\/noticias\/#\/schema\/logo\/image\/","url":"https:\/\/www.todoalfalfa.com.ar\/noticias\/wp-content\/uploads\/2020\/09\/logo-todo-alfalfa-modificado.png","contentUrl":"https:\/\/www.todoalfalfa.com.ar\/noticias\/wp-content\/uploads\/2020\/09\/logo-todo-alfalfa-modificado.png","width":350,"height":100,"caption":"Todo Alfalfa"},"image":{"@id":"https:\/\/www.todoalfalfa.com.ar\/noticias\/#\/schema\/logo\/image\/"},"sameAs":["https:\/\/www.facebook.com\/todoalfalfa","https:\/\/www.instagram.com\/todoalfalfa","https:\/\/www.youtube.com\/@TodoAlfalfa","https:\/\/www.linkedin.com\/company\/todoalfalfa\/"]},{"@type":"Person","@id":"https:\/\/www.todoalfalfa.com.ar\/noticias\/#\/schema\/person\/4ee4bca9b9fa50c4f0fbaf7017fbf2ad","name":"Todo Alfalfa","image":{"@type":"ImageObject","inLanguage":"es","@id":"https:\/\/www.todoalfalfa.com.ar\/noticias\/#\/schema\/person\/image\/","url":"https:\/\/secure.gravatar.com\/avatar\/4d26a600a1380823a26c3f9cb74ada1a8ee4b482c0c3a616ab022b865c46be8f?s=96&d=mm&r=g","contentUrl":"https:\/\/secure.gravatar.com\/avatar\/4d26a600a1380823a26c3f9cb74ada1a8ee4b482c0c3a616ab022b865c46be8f?s=96&d=mm&r=g","caption":"Todo Alfalfa"},"sameAs":["http:\/\/www.todoalfalfa.com.ar"],"url":"https:\/\/www.todoalfalfa.com.ar\/noticias\/author\/todoalfalfa\/"}]}},"jetpack_featured_media_url":"https:\/\/i0.wp.com\/www.todoalfalfa.com.ar\/noticias\/wp-content\/uploads\/2022\/02\/camion-megafardos-lapampa-1.jpg?fit=1024%2C576&ssl=1","wps_subtitle":"","jetpack_sharing_enabled":true,"_links":{"self":[{"href":"https:\/\/www.todoalfalfa.com.ar\/noticias\/wp-json\/wp\/v2\/posts\/44410","targetHints":{"allow":["GET"]}}],"collection":[{"href":"https:\/\/www.todoalfalfa.com.ar\/noticias\/wp-json\/wp\/v2\/posts"}],"about":[{"href":"https:\/\/www.todoalfalfa.com.ar\/noticias\/wp-json\/wp\/v2\/types\/post"}],"author":[{"embeddable":true,"href":"https:\/\/www.todoalfalfa.com.ar\/noticias\/wp-json\/wp\/v2\/users\/3"}],"replies":[{"embeddable":true,"href":"https:\/\/www.todoalfalfa.com.ar\/noticias\/wp-json\/wp\/v2\/comments?post=44410"}],"version-history":[{"count":0,"href":"https:\/\/www.todoalfalfa.com.ar\/noticias\/wp-json\/wp\/v2\/posts\/44410\/revisions"}],"wp:featuredmedia":[{"embeddable":true,"href":"https:\/\/www.todoalfalfa.com.ar\/noticias\/wp-json\/wp\/v2\/media\/44414"}],"wp:attachment":[{"href":"https:\/\/www.todoalfalfa.com.ar\/noticias\/wp-json\/wp\/v2\/media?parent=44410"}],"wp:term":[{"taxonomy":"category","embeddable":true,"href":"https:\/\/www.todoalfalfa.com.ar\/noticias\/wp-json\/wp\/v2\/categories?post=44410"},{"taxonomy":"post_tag","embeddable":true,"href":"https:\/\/www.todoalfalfa.com.ar\/noticias\/wp-json\/wp\/v2\/tags?post=44410"}],"curies":[{"name":"wp","href":"https:\/\/api.w.org\/{rel}","templated":true}]}}